{"id":157639,"date":"2026-08-20T08:10:00","date_gmt":"2026-08-20T11:10:00","guid":{"rendered":"https:\/\/www.fatosefotosnews.com.br\/?p=157639"},"modified":"2026-08-19T22:50:03","modified_gmt":"2026-08-20T01:50:03","slug":"dolar-cai-para-r-517-apos-anuncio-de-recompra-de-titulos-nos-eua","status":"publish","type":"post","link":"https:\/\/www.fatosefotosnews.com.br\/?p=157639","title":{"rendered":"D\u00f3lar cai para R$ 5,17 ap\u00f3s an\u00fancio de recompra de t\u00edtulos nos EUA"},"content":{"rendered":"\n<p class=\"wp-block-paragraph\">Valter Campanato\/Ag\u00eancia Brasil<\/p>\n\n\n\n<p class=\"wp-block-paragraph\"><\/p>\n\n\n\n<p class=\"wp-block-paragraph\">A futura interven\u00e7\u00e3o do governo estadunidense no mercado de t\u00edtulos p\u00fablicos do pa\u00eds trouxe al\u00edvio global.&nbsp;<strong>O d\u00f3lar fechou em forte queda, e a bolsa avan\u00e7ou quase 1%.<\/strong><img decoding=\"async\" src=\"https:\/\/agenciabrasil.ebc.com.br\/ebc.png?id=1700131&amp;o=node\"><img decoding=\"async\" src=\"https:\/\/agenciabrasil.ebc.com.br\/ebc.gif?id=1700131&amp;o=node\"><\/p>\n\n\n\n<p class=\"wp-block-paragraph\">Os mercados foram beneficiados pelo an\u00fancio do Tesouro dos Estados Unidos de que pretende ampliar as opera\u00e7\u00f5es de recompra de t\u00edtulos de longo prazo, movimento que reduziu a press\u00e3o sobre os juros dos Treasuries (t\u00edtulos do Tesouro estadunidense) e aumentou o apetite global por ativos de risco.<\/p>\n\n\n\n<h2 class=\"wp-block-heading\">Principais n\u00fameros<\/h2>\n\n\n\n<ul class=\"wp-block-list\">\n<li>D\u00f3lar \u00e0 vista: R$ 5,177<\/li>\n\n\n\n<li>Varia\u00e7\u00e3o do d\u00f3lar: -0,86%<\/li>\n\n\n\n<li>Ibovespa: 167.830,27 pontos (+0,9%)<\/li>\n\n\n\n<li>Varia\u00e7\u00e3o do Ibovespa: +0,9%<\/li>\n<\/ul>\n\n\n\n<h2 class=\"wp-block-heading\">C\u00e2mbio<\/h2>\n\n\n\n<p class=\"wp-block-paragraph\">A moeda estadunidense recuou 0,86% no mercado \u00e0 vista e encerrou o preg\u00e3o pela primeira vez abaixo de R$ 5,20 ap\u00f3s tr\u00eas sess\u00f5es. Durante a manh\u00e3, por volta das 10h30, chegou a R$ 5,15.<\/p>\n\n\n\n<p class=\"wp-block-paragraph\">Na v\u00e9spera, o d\u00f3lar comercial tinha fechado a R$ 5,22, no maior valor desde 30 de mar\u00e7o, quando tinha encerrado a R$ 5,24. Apesar da queda no preg\u00e3o, o d\u00f3lar ainda acumula alta de 1,83% na semana e de 2,09% em agosto. Em julho, a moeda havia registrado queda de 1,79%.<\/p>\n\n\n\n<p class=\"wp-block-paragraph\"><strong>O movimento acompanhou a desvaloriza\u00e7\u00e3o do d\u00f3lar no exterior depois que o Tesouro dos Estados Unidos anunciou que poder\u00e1 dobrar o volume de algumas opera\u00e7\u00f5es de recompra de t\u00edtulos com vencimentos entre 10 e 30 anos.<\/strong><\/p>\n\n\n\n<p class=\"wp-block-paragraph\">As opera\u00e7\u00f5es, previstas entre 9 de setembro e 4 de novembro, ter\u00e3o volume de pelo menos US$ 4 bilh\u00f5es por opera\u00e7\u00e3o, ante US$ 2 bilh\u00f5es anteriormente.<\/p>\n\n\n\n<p class=\"wp-block-paragraph\">A medida ajudou a aliviar a press\u00e3o sobre o mercado de renda fixa dos Estados Unidos e de outros pa\u00edses desenvolvidos. Com a redu\u00e7\u00e3o dos rendimentos dos Treasuries de longo prazo, parte dos recursos globais passou a buscar ativos considerados mais arriscados, incluindo mercados emergentes.<\/p>\n\n\n\n<p class=\"wp-block-paragraph\">O \u00edndice DXY, que mede o desempenho do d\u00f3lar diante de uma cesta de seis moedas fortes, recuava 0,87% no fim da tarde, aos 98,793 pontos.<\/p>\n\n\n\n<h2 class=\"wp-block-heading\">Ibovespa reage<\/h2>\n\n\n\n<p class=\"wp-block-paragraph\"><strong>O Ibovespa avan\u00e7ou 0,90%, aos 167.830,27 pontos, interrompendo uma sequ\u00eancia de 11 preg\u00f5es consecutivos de queda, a mais longa desde 2023.<\/strong><\/p>\n\n\n\n<p class=\"wp-block-paragraph\">O \u00edndice chegou a superar os 170 mil pontos durante o dia, atingindo m\u00e1xima de 170.340,60 pontos, mas perdeu for\u00e7a ao longo da sess\u00e3o. A m\u00ednima foi de 166.334,73 pontos.<\/p>\n\n\n\n<p class=\"wp-block-paragraph\"><strong>A alta foi sustentada principalmente por a\u00e7\u00f5es de grande peso no \u00edndice, incluindo petroleiras, mineradoras e empresas do setor banc\u00e1rio.<\/strong><\/p>\n\n\n\n<p class=\"wp-block-paragraph\">Nos 11 preg\u00f5es anteriores, o Ibovespa havia acumulado perda de 6,55%.<\/p>\n\n\n\n<p class=\"wp-block-paragraph\">O movimento desta quarta-feira acompanhou a melhora dos mercados internacionais ap\u00f3s o an\u00fancio do Tesouro estadunidense. A expectativa de maior demanda por t\u00edtulos de longo prazo ajudou a reduzir os rendimentos dos pap\u00e9is e favoreceu o fluxo para ativos de maior risco.<\/p>\n\n\n\n<h2 class=\"wp-block-heading\">Ata do Fed<\/h2>\n\n\n\n<p class=\"wp-block-paragraph\">A ata da reuni\u00e3o de julho do Federal Reserve (Fed, Banco Central dos Estados Unidos) tamb\u00e9m esteve no radar dos investidores, mas teve impacto limitado sobre o comportamento do d\u00f3lar.<\/p>\n\n\n\n<p class=\"wp-block-paragraph\">O documento mostrou preocupa\u00e7\u00e3o dos dirigentes do banco central estadunidense com a infla\u00e7\u00e3o. Segundo a ata, v\u00e1rios integrantes do Comit\u00ea Federal de Mercado Aberto (Fomc) estavam dispostos a elevar os juros, mas muitos consideravam necess\u00e1rio um aumento caso a infla\u00e7\u00e3o n\u00e3o convergisse para a meta de 2%.<\/p>\n\n\n\n<p class=\"wp-block-paragraph\">A divulga\u00e7\u00e3o ocorreu em um ambiente de maior al\u00edvio nos mercados de t\u00edtulos, ap\u00f3s o an\u00fancio do Tesouro dos EUA.<\/p>\n\n\n\n<h2 class=\"wp-block-heading\">Press\u00e3o continua<\/h2>\n\n\n\n<p class=\"wp-block-paragraph\"><strong>Apesar da recupera\u00e7\u00e3o, o mercado acion\u00e1rio brasileiro continua sob influ\u00eancia de fatores dom\u00e9sticos, como o n\u00edvel elevado dos juros e as expectativas relacionadas ao cen\u00e1rio eleitoral.<\/strong><\/p>\n\n\n\n<p class=\"wp-block-paragraph\">A sa\u00edda de capital estrangeiro tamb\u00e9m permanece no radar. At\u00e9 17 de agosto, o saldo de investimentos estrangeiros na bolsa brasileira estava negativo em R$ 18,6 bilh\u00f5es.<\/p>\n\n\n\n<p class=\"wp-block-paragraph\">A combina\u00e7\u00e3o entre o cen\u00e1rio internacional e as condi\u00e7\u00f5es dom\u00e9sticas mant\u00e9m o mercado brasileiro sujeito a oscila\u00e7\u00f5es. Nesta quarta, por\u00e9m, o al\u00edvio nos t\u00edtulos p\u00fablicos dos Estados Unidos e a maior disposi\u00e7\u00e3o global para assumir risco favoreceram o real e as a\u00e7\u00f5es brasileiras.<\/p>\n\n\n\n<p class=\"wp-block-paragraph\"><em>* com informa\u00e7\u00f5es da Reuters<\/em><\/p>\n","protected":false},"excerpt":{"rendered":"<p>Valter Campanato\/Ag\u00eancia Brasil A futura interven\u00e7\u00e3o do governo estadunidense no mercado de t\u00edtulos p\u00fablicos do pa\u00eds trouxe al\u00edvio global.&nbsp;O d\u00f3lar fechou em forte queda, e a bolsa avan\u00e7ou quase 1%. Os mercados foram beneficiados pelo an\u00fancio do Tesouro dos Estados Unidos de que pretende ampliar as opera\u00e7\u00f5es de recompra de t\u00edtulos de longo prazo, movimento [&hellip;]<\/p>\n","protected":false},"author":12,"featured_media":157621,"comment_status":"closed","ping_status":"open","sticky":false,"template":"","format":"standard","meta":{"_acf_changed":false,"_angie_page":false,"_monsterinsights_skip_tracking":false,"_themeisle_gutenberg_block_has_review":false,"page_builder":"","footnotes":"","jetpack_publicize_message":"","jetpack_publicize_feature_enabled":true,"jetpack_social_post_already_shared":true,"jetpack_social_options":{"image_generator_settings":{"template":"highway","default_image_id":0,"font":"","enabled":false},"version":2}},"categories":[24958],"tags":[6062,842,29251,6220],"class_list":["post-157639","post","type-post","status-publish","format-standard","has-post-thumbnail","hentry","category-economia","tag-anuncio","tag-dolar","tag-recompra","tag-titulos"],"acf":[],"nelio_content":{"autoShareEndMode":"never","automationSources":{"useCustomSentences":false,"customSentences":[]},"efiAlt":"","efiUrl":"","followers":[12],"highlights":[],"isAutoShareEnabled":true,"networkImageIds":[],"permalinkQueryArgs":[],"series":[],"suggestedReferences":[]},"yoast_head":"<!-- This site is optimized with the Yoast SEO plugin v28.3 - https:\/\/yoast.com\/product\/yoast-seo-wordpress\/ -->\n<title>D\u00f3lar cai para R$ 5,17 ap\u00f3s an\u00fancio de recompra de t\u00edtulos nos EUA - Fatos e Fotos News<\/title>\n<meta name=\"robots\" content=\"index, follow, max-snippet:-1, max-image-preview:large, max-video-preview:-1\" \/>\n<link rel=\"canonical\" href=\"https:\/\/www.fatosefotosnews.com.br\/?p=157639\" \/>\n<meta property=\"og:locale\" content=\"pt_BR\" \/>\n<meta property=\"og:type\" content=\"article\" \/>\n<meta property=\"og:title\" content=\"D\u00f3lar cai para R$ 5,17 ap\u00f3s an\u00fancio de recompra de t\u00edtulos nos EUA - Fatos e Fotos News\" \/>\n<meta property=\"og:description\" content=\"Valter Campanato\/Ag\u00eancia Brasil A futura interven\u00e7\u00e3o do governo estadunidense no mercado de t\u00edtulos p\u00fablicos do pa\u00eds trouxe al\u00edvio global.&nbsp;O d\u00f3lar fechou em forte queda, e a bolsa avan\u00e7ou quase 1%. Os mercados foram beneficiados pelo an\u00fancio do Tesouro dos Estados Unidos de que pretende ampliar as opera\u00e7\u00f5es de recompra de t\u00edtulos de longo prazo, movimento [&hellip;]\" \/>\n<meta property=\"og:url\" content=\"https:\/\/www.fatosefotosnews.com.br\/?p=157639\" \/>\n<meta property=\"og:site_name\" content=\"Fatos e Fotos News\" \/>\n<meta property=\"article:published_time\" content=\"2026-08-20T11:10:00+00:00\" \/>\n<meta property=\"og:image\" content=\"https:\/\/www.fatosefotosnews.com.br\/wp-content\/uploads\/2026\/08\/dolar_moeda_0803221211.webp\" \/>\n\t<meta property=\"og:image:width\" content=\"1170\" \/>\n\t<meta property=\"og:image:height\" content=\"700\" \/>\n\t<meta property=\"og:image:type\" content=\"image\/webp\" \/>\n<meta name=\"author\" content=\"Mirela Portugal\" \/>\n<meta name=\"twitter:card\" content=\"summary_large_image\" \/>\n<meta name=\"twitter:label1\" content=\"Escrito por\" \/>\n\t<meta name=\"twitter:data1\" content=\"Mirela Portugal\" \/>\n\t<meta name=\"twitter:label2\" content=\"Est. tempo de leitura\" \/>\n\t<meta name=\"twitter:data2\" content=\"5 minutos\" \/>\n<script type=\"application\/ld+json\" class=\"yoast-schema-graph\">{\"@context\":\"https:\\\/\\\/schema.org\",\"@graph\":[{\"@type\":\"Article\",\"@id\":\"https:\\\/\\\/www.fatosefotosnews.com.br\\\/?p=157639#article\",\"isPartOf\":{\"@id\":\"https:\\\/\\\/www.fatosefotosnews.com.br\\\/?p=157639\"},\"author\":{\"name\":\"Mirela Portugal\",\"@id\":\"https:\\\/\\\/www.fatosefotosnews.com.br\\\/#\\\/schema\\\/person\\\/17b18da658f5277ed99382206a85602f\"},\"headline\":\"D\u00f3lar cai para R$ 5,17 ap\u00f3s an\u00fancio de recompra de t\u00edtulos nos EUA\",\"datePublished\":\"2026-08-20T11:10:00+00:00\",\"mainEntityOfPage\":{\"@id\":\"https:\\\/\\\/www.fatosefotosnews.com.br\\\/?p=157639\"},\"wordCount\":718,\"publisher\":{\"@id\":\"https:\\\/\\\/www.fatosefotosnews.com.br\\\/#organization\"},\"image\":{\"@id\":\"https:\\\/\\\/www.fatosefotosnews.com.br\\\/?p=157639#primaryimage\"},\"thumbnailUrl\":\"https:\\\/\\\/www.fatosefotosnews.com.br\\\/wp-content\\\/uploads\\\/2026\\\/08\\\/dolar_moeda_0803221211.webp\",\"keywords\":[\"anuncio\",\"dolar\",\"recompra\",\"titulos\"],\"articleSection\":[\"Economia\"],\"inLanguage\":\"pt-BR\"},{\"@type\":\"WebPage\",\"@id\":\"https:\\\/\\\/www.fatosefotosnews.com.br\\\/?p=157639\",\"url\":\"https:\\\/\\\/www.fatosefotosnews.com.br\\\/?p=157639\",\"name\":\"D\u00f3lar cai para R$ 5,17 ap\u00f3s an\u00fancio de recompra de t\u00edtulos nos EUA - Fatos e Fotos News\",\"isPartOf\":{\"@id\":\"https:\\\/\\\/www.fatosefotosnews.com.br\\\/#website\"},\"primaryImageOfPage\":{\"@id\":\"https:\\\/\\\/www.fatosefotosnews.com.br\\\/?p=157639#primaryimage\"},\"image\":{\"@id\":\"https:\\\/\\\/www.fatosefotosnews.com.br\\\/?p=157639#primaryimage\"},\"thumbnailUrl\":\"https:\\\/\\\/www.fatosefotosnews.com.br\\\/wp-content\\\/uploads\\\/2026\\\/08\\\/dolar_moeda_0803221211.webp\",\"datePublished\":\"2026-08-20T11:10:00+00:00\",\"breadcrumb\":{\"@id\":\"https:\\\/\\\/www.fatosefotosnews.com.br\\\/?p=157639#breadcrumb\"},\"inLanguage\":\"pt-BR\",\"potentialAction\":[{\"@type\":\"ReadAction\",\"target\":[\"https:\\\/\\\/www.fatosefotosnews.com.br\\\/?p=157639\"]}]},{\"@type\":\"ImageObject\",\"inLanguage\":\"pt-BR\",\"@id\":\"https:\\\/\\\/www.fatosefotosnews.com.br\\\/?p=157639#primaryimage\",\"url\":\"https:\\\/\\\/www.fatosefotosnews.com.br\\\/wp-content\\\/uploads\\\/2026\\\/08\\\/dolar_moeda_0803221211.webp\",\"contentUrl\":\"https:\\\/\\\/www.fatosefotosnews.com.br\\\/wp-content\\\/uploads\\\/2026\\\/08\\\/dolar_moeda_0803221211.webp\",\"width\":1170,\"height\":700},{\"@type\":\"BreadcrumbList\",\"@id\":\"https:\\\/\\\/www.fatosefotosnews.com.br\\\/?p=157639#breadcrumb\",\"itemListElement\":[{\"@type\":\"ListItem\",\"position\":1,\"name\":\"In\u00edcio\",\"item\":\"https:\\\/\\\/www.fatosefotosnews.com.br\\\/\"},{\"@type\":\"ListItem\",\"position\":2,\"name\":\"D\u00f3lar cai para R$ 5,17 ap\u00f3s an\u00fancio de recompra de t\u00edtulos nos EUA\"}]},{\"@type\":\"WebSite\",\"@id\":\"https:\\\/\\\/www.fatosefotosnews.com.br\\\/#website\",\"url\":\"https:\\\/\\\/www.fatosefotosnews.com.br\\\/\",\"name\":\"Fatos e Fotos News\",\"description\":\"Um site de noticial verdadeira e confi\u00e1veis.\",\"publisher\":{\"@id\":\"https:\\\/\\\/www.fatosefotosnews.com.br\\\/#organization\"},\"potentialAction\":[{\"@type\":\"SearchAction\",\"target\":{\"@type\":\"EntryPoint\",\"urlTemplate\":\"https:\\\/\\\/www.fatosefotosnews.com.br\\\/?s={search_term_string}\"},\"query-input\":{\"@type\":\"PropertyValueSpecification\",\"valueRequired\":true,\"valueName\":\"search_term_string\"}}],\"inLanguage\":\"pt-BR\"},{\"@type\":\"Organization\",\"@id\":\"https:\\\/\\\/www.fatosefotosnews.com.br\\\/#organization\",\"name\":\"Fatos e Fotos News\",\"url\":\"https:\\\/\\\/www.fatosefotosnews.com.br\\\/\",\"logo\":{\"@type\":\"ImageObject\",\"inLanguage\":\"pt-BR\",\"@id\":\"https:\\\/\\\/www.fatosefotosnews.com.br\\\/#\\\/schema\\\/logo\\\/image\\\/\",\"url\":\"https:\\\/\\\/www.fatosefotosnews.com.br\\\/wp-content\\\/uploads\\\/2023\\\/02\\\/Fatos-e-Fotos-news-logo.png\",\"contentUrl\":\"https:\\\/\\\/www.fatosefotosnews.com.br\\\/wp-content\\\/uploads\\\/2023\\\/02\\\/Fatos-e-Fotos-news-logo.png\",\"width\":300,\"height\":58,\"caption\":\"Fatos e Fotos News\"},\"image\":{\"@id\":\"https:\\\/\\\/www.fatosefotosnews.com.br\\\/#\\\/schema\\\/logo\\\/image\\\/\"}},{\"@type\":\"Person\",\"@id\":\"https:\\\/\\\/www.fatosefotosnews.com.br\\\/#\\\/schema\\\/person\\\/17b18da658f5277ed99382206a85602f\",\"name\":\"Mirela Portugal\",\"image\":{\"@type\":\"ImageObject\",\"inLanguage\":\"pt-BR\",\"@id\":\"https:\\\/\\\/secure.gravatar.com\\\/avatar\\\/2f92fb43fda38d1a46cf4a155e1c2951193d91d9bed3df97fce720eeb9595d08?s=96&d=mm&r=g\",\"url\":\"https:\\\/\\\/secure.gravatar.com\\\/avatar\\\/2f92fb43fda38d1a46cf4a155e1c2951193d91d9bed3df97fce720eeb9595d08?s=96&d=mm&r=g\",\"contentUrl\":\"https:\\\/\\\/secure.gravatar.com\\\/avatar\\\/2f92fb43fda38d1a46cf4a155e1c2951193d91d9bed3df97fce720eeb9595d08?s=96&d=mm&r=g\",\"caption\":\"Mirela Portugal\"},\"sameAs\":[\"http:\\\/\\\/fatosefotosnews.com.br\"],\"url\":\"https:\\\/\\\/www.fatosefotosnews.com.br\\\/?author=12\"}]}<\/script>\n<!-- \/ Yoast SEO plugin. -->","yoast_head_json":{"title":"D\u00f3lar cai para R$ 5,17 ap\u00f3s an\u00fancio de recompra de t\u00edtulos nos EUA - Fatos e Fotos News","robots":{"index":"index","follow":"follow","max-snippet":"max-snippet:-1","max-image-preview":"max-image-preview:large","max-video-preview":"max-video-preview:-1"},"canonical":"https:\/\/www.fatosefotosnews.com.br\/?p=157639","og_locale":"pt_BR","og_type":"article","og_title":"D\u00f3lar cai para R$ 5,17 ap\u00f3s an\u00fancio de recompra de t\u00edtulos nos EUA - Fatos e Fotos News","og_description":"Valter Campanato\/Ag\u00eancia Brasil A futura interven\u00e7\u00e3o do governo estadunidense no mercado de t\u00edtulos p\u00fablicos do pa\u00eds trouxe al\u00edvio global.&nbsp;O d\u00f3lar fechou em forte queda, e a bolsa avan\u00e7ou quase 1%. Os mercados foram beneficiados pelo an\u00fancio do Tesouro dos Estados Unidos de que pretende ampliar as opera\u00e7\u00f5es de recompra de t\u00edtulos de longo prazo, movimento [&hellip;]","og_url":"https:\/\/www.fatosefotosnews.com.br\/?p=157639","og_site_name":"Fatos e Fotos News","article_published_time":"2026-08-20T11:10:00+00:00","og_image":[{"width":1170,"height":700,"url":"https:\/\/www.fatosefotosnews.com.br\/wp-content\/uploads\/2026\/08\/dolar_moeda_0803221211.webp","type":"image\/webp"}],"author":"Mirela Portugal","twitter_card":"summary_large_image","twitter_misc":{"Escrito por":"Mirela Portugal","Est. tempo de leitura":"5 minutos"},"schema":{"@context":"https:\/\/schema.org","@graph":[{"@type":"Article","@id":"https:\/\/www.fatosefotosnews.com.br\/?p=157639#article","isPartOf":{"@id":"https:\/\/www.fatosefotosnews.com.br\/?p=157639"},"author":{"name":"Mirela Portugal","@id":"https:\/\/www.fatosefotosnews.com.br\/#\/schema\/person\/17b18da658f5277ed99382206a85602f"},"headline":"D\u00f3lar cai para R$ 5,17 ap\u00f3s an\u00fancio de recompra de t\u00edtulos nos EUA","datePublished":"2026-08-20T11:10:00+00:00","mainEntityOfPage":{"@id":"https:\/\/www.fatosefotosnews.com.br\/?p=157639"},"wordCount":718,"publisher":{"@id":"https:\/\/www.fatosefotosnews.com.br\/#organization"},"image":{"@id":"https:\/\/www.fatosefotosnews.com.br\/?p=157639#primaryimage"},"thumbnailUrl":"https:\/\/www.fatosefotosnews.com.br\/wp-content\/uploads\/2026\/08\/dolar_moeda_0803221211.webp","keywords":["anuncio","dolar","recompra","titulos"],"articleSection":["Economia"],"inLanguage":"pt-BR"},{"@type":"WebPage","@id":"https:\/\/www.fatosefotosnews.com.br\/?p=157639","url":"https:\/\/www.fatosefotosnews.com.br\/?p=157639","name":"D\u00f3lar cai para R$ 5,17 ap\u00f3s an\u00fancio de recompra de t\u00edtulos nos EUA - Fatos e Fotos News","isPartOf":{"@id":"https:\/\/www.fatosefotosnews.com.br\/#website"},"primaryImageOfPage":{"@id":"https:\/\/www.fatosefotosnews.com.br\/?p=157639#primaryimage"},"image":{"@id":"https:\/\/www.fatosefotosnews.com.br\/?p=157639#primaryimage"},"thumbnailUrl":"https:\/\/www.fatosefotosnews.com.br\/wp-content\/uploads\/2026\/08\/dolar_moeda_0803221211.webp","datePublished":"2026-08-20T11:10:00+00:00","breadcrumb":{"@id":"https:\/\/www.fatosefotosnews.com.br\/?p=157639#breadcrumb"},"inLanguage":"pt-BR","potentialAction":[{"@type":"ReadAction","target":["https:\/\/www.fatosefotosnews.com.br\/?p=157639"]}]},{"@type":"ImageObject","inLanguage":"pt-BR","@id":"https:\/\/www.fatosefotosnews.com.br\/?p=157639#primaryimage","url":"https:\/\/www.fatosefotosnews.com.br\/wp-content\/uploads\/2026\/08\/dolar_moeda_0803221211.webp","contentUrl":"https:\/\/www.fatosefotosnews.com.br\/wp-content\/uploads\/2026\/08\/dolar_moeda_0803221211.webp","width":1170,"height":700},{"@type":"BreadcrumbList","@id":"https:\/\/www.fatosefotosnews.com.br\/?p=157639#breadcrumb","itemListElement":[{"@type":"ListItem","position":1,"name":"In\u00edcio","item":"https:\/\/www.fatosefotosnews.com.br\/"},{"@type":"ListItem","position":2,"name":"D\u00f3lar cai para R$ 5,17 ap\u00f3s an\u00fancio de recompra de t\u00edtulos nos EUA"}]},{"@type":"WebSite","@id":"https:\/\/www.fatosefotosnews.com.br\/#website","url":"https:\/\/www.fatosefotosnews.com.br\/","name":"Fatos e Fotos News","description":"Um site de noticial verdadeira e confi\u00e1veis.","publisher":{"@id":"https:\/\/www.fatosefotosnews.com.br\/#organization"},"potentialAction":[{"@type":"SearchAction","target":{"@type":"EntryPoint","urlTemplate":"https:\/\/www.fatosefotosnews.com.br\/?s={search_term_string}"},"query-input":{"@type":"PropertyValueSpecification","valueRequired":true,"valueName":"search_term_string"}}],"inLanguage":"pt-BR"},{"@type":"Organization","@id":"https:\/\/www.fatosefotosnews.com.br\/#organization","name":"Fatos e Fotos News","url":"https:\/\/www.fatosefotosnews.com.br\/","logo":{"@type":"ImageObject","inLanguage":"pt-BR","@id":"https:\/\/www.fatosefotosnews.com.br\/#\/schema\/logo\/image\/","url":"https:\/\/www.fatosefotosnews.com.br\/wp-content\/uploads\/2023\/02\/Fatos-e-Fotos-news-logo.png","contentUrl":"https:\/\/www.fatosefotosnews.com.br\/wp-content\/uploads\/2023\/02\/Fatos-e-Fotos-news-logo.png","width":300,"height":58,"caption":"Fatos e Fotos News"},"image":{"@id":"https:\/\/www.fatosefotosnews.com.br\/#\/schema\/logo\/image\/"}},{"@type":"Person","@id":"https:\/\/www.fatosefotosnews.com.br\/#\/schema\/person\/17b18da658f5277ed99382206a85602f","name":"Mirela Portugal","image":{"@type":"ImageObject","inLanguage":"pt-BR","@id":"https:\/\/secure.gravatar.com\/avatar\/2f92fb43fda38d1a46cf4a155e1c2951193d91d9bed3df97fce720eeb9595d08?s=96&d=mm&r=g","url":"https:\/\/secure.gravatar.com\/avatar\/2f92fb43fda38d1a46cf4a155e1c2951193d91d9bed3df97fce720eeb9595d08?s=96&d=mm&r=g","contentUrl":"https:\/\/secure.gravatar.com\/avatar\/2f92fb43fda38d1a46cf4a155e1c2951193d91d9bed3df97fce720eeb9595d08?s=96&d=mm&r=g","caption":"Mirela Portugal"},"sameAs":["http:\/\/fatosefotosnews.com.br"],"url":"https:\/\/www.fatosefotosnews.com.br\/?author=12"}]}},"jetpack_publicize_connections":[],"blog_post_layout_featured_media_urls":{"thumbnail":["https:\/\/www.fatosefotosnews.com.br\/wp-content\/uploads\/2026\/08\/dolar_moeda_0803221211-150x150.webp",150,150,true],"full":["https:\/\/www.fatosefotosnews.com.br\/wp-content\/uploads\/2026\/08\/dolar_moeda_0803221211.webp",1170,700,false]},"categories_names":{"24958":{"name":"Economia","link":"https:\/\/www.fatosefotosnews.com.br\/?cat=24958"}},"tags_names":{"6062":{"name":"anuncio","link":"https:\/\/www.fatosefotosnews.com.br\/?tag=anuncio"},"842":{"name":"dolar","link":"https:\/\/www.fatosefotosnews.com.br\/?tag=dolar"},"29251":{"name":"recompra","link":"https:\/\/www.fatosefotosnews.com.br\/?tag=recompra"},"6220":{"name":"titulos","link":"https:\/\/www.fatosefotosnews.com.br\/?tag=titulos"}},"comments_number":"0","wpmagazine_modules_lite_featured_media_urls":{"thumbnail":["https:\/\/www.fatosefotosnews.com.br\/wp-content\/uploads\/2026\/08\/dolar_moeda_0803221211-150x150.webp",150,150,true],"cvmm-medium":["https:\/\/www.fatosefotosnews.com.br\/wp-content\/uploads\/2026\/08\/dolar_moeda_0803221211-300x300.webp",300,300,true],"cvmm-medium-plus":["https:\/\/www.fatosefotosnews.com.br\/wp-content\/uploads\/2026\/08\/dolar_moeda_0803221211-305x207.webp",305,207,true],"cvmm-portrait":["https:\/\/www.fatosefotosnews.com.br\/wp-content\/uploads\/2026\/08\/dolar_moeda_0803221211-400x600.webp",400,600,true],"cvmm-medium-square":["https:\/\/www.fatosefotosnews.com.br\/wp-content\/uploads\/2026\/08\/dolar_moeda_0803221211-600x600.webp",600,600,true],"cvmm-large":["https:\/\/www.fatosefotosnews.com.br\/wp-content\/uploads\/2026\/08\/dolar_moeda_0803221211-1024x700.webp",1024,700,true],"cvmm-small":["https:\/\/www.fatosefotosnews.com.br\/wp-content\/uploads\/2026\/08\/dolar_moeda_0803221211-130x95.webp",130,95,true],"full":["https:\/\/www.fatosefotosnews.com.br\/wp-content\/uploads\/2026\/08\/dolar_moeda_0803221211.webp",1170,700,false]},"_links":{"self":[{"href":"https:\/\/www.fatosefotosnews.com.br\/index.php?rest_route=\/wp\/v2\/posts\/157639","targetHints":{"allow":["GET"]}}],"collection":[{"href":"https:\/\/www.fatosefotosnews.com.br\/index.php?rest_route=\/wp\/v2\/posts"}],"about":[{"href":"https:\/\/www.fatosefotosnews.com.br\/index.php?rest_route=\/wp\/v2\/types\/post"}],"author":[{"embeddable":true,"href":"https:\/\/www.fatosefotosnews.com.br\/index.php?rest_route=\/wp\/v2\/users\/12"}],"replies":[{"embeddable":true,"href":"https:\/\/www.fatosefotosnews.com.br\/index.php?rest_route=%2Fwp%2Fv2%2Fcomments&post=157639"}],"version-history":[{"count":1,"href":"https:\/\/www.fatosefotosnews.com.br\/index.php?rest_route=\/wp\/v2\/posts\/157639\/revisions"}],"predecessor-version":[{"id":157640,"href":"https:\/\/www.fatosefotosnews.com.br\/index.php?rest_route=\/wp\/v2\/posts\/157639\/revisions\/157640"}],"wp:featuredmedia":[{"embeddable":true,"href":"https:\/\/www.fatosefotosnews.com.br\/index.php?rest_route=\/wp\/v2\/media\/157621"}],"wp:attachment":[{"href":"https:\/\/www.fatosefotosnews.com.br\/index.php?rest_route=%2Fwp%2Fv2%2Fmedia&parent=157639"}],"wp:term":[{"taxonomy":"category","embeddable":true,"href":"https:\/\/www.fatosefotosnews.com.br\/index.php?rest_route=%2Fwp%2Fv2%2Fcategories&post=157639"},{"taxonomy":"post_tag","embeddable":true,"href":"https:\/\/www.fatosefotosnews.com.br\/index.php?rest_route=%2Fwp%2Fv2%2Ftags&post=157639"}],"curies":[{"name":"wp","href":"https:\/\/api.w.org\/{rel}","templated":true}]}}