{"id":157650,"date":"2026-08-21T11:00:00","date_gmt":"2026-08-21T14:00:00","guid":{"rendered":"https:\/\/www.fatosefotosnews.com.br\/?p=157650"},"modified":"2026-08-21T11:03:58","modified_gmt":"2026-08-21T14:03:58","slug":"confira-a-agenda-dos-candidatos-a-presidencia-nesta-sexta-feira","status":"publish","type":"post","link":"https:\/\/www.fatosefotosnews.com.br\/?p=157650","title":{"rendered":"Confira a agenda dos candidatos \u00e0 Presid\u00eancia nesta sexta-feira"},"content":{"rendered":"\n<p class=\"wp-block-paragraph\">Foto: Arte EBC<\/p>\n\n\n\n<p class=\"wp-block-paragraph\"><\/p>\n\n\n\n<p class=\"wp-block-paragraph\">A agenda dos candidatos \u00e0 Presid\u00eancia da Rep\u00fablica nesta sexta-feira (21) inclui debates, atos de campanha, entrevistas \u00e0 imprensa e encontros com representantes de diferentes setores da sociedade.<img decoding=\"async\" src=\"https:\/\/agenciabrasil.ebc.com.br\/ebc.png?id=1700242&amp;o=node\"><img decoding=\"async\" src=\"https:\/\/agenciabrasil.ebc.com.br\/ebc.gif?id=1700242&amp;o=node\"><\/p>\n\n\n\n<p class=\"wp-block-paragraph\">Os presidenci\u00e1veis tamb\u00e9m participam de atividades em S\u00e3o Paulo (SP), Belo Horizonte (MG), Congonhas (MG), Ara\u00e7atuba (SP) e Rio de Janeiro (RJ), al\u00e9m de reuni\u00f5es internas e compromissos partid\u00e1rios.<\/p>\n\n\n\n<p class=\"wp-block-paragraph\"><strong>Confira a agenda dos presidenci\u00e1veis nesta sexta-feira (21):<\/strong><\/p>\n\n\n\n<p class=\"wp-block-paragraph\"><strong>Augusto Cury (Avante)<\/strong><br>Das 9h \u00e0s 11h30 &#8211; Participa de&nbsp;debate promovido pela Associa\u00e7\u00e3o Nacional de Magistrados Evang\u00e9licos (Anamel), no Audit\u00f3rio Ruy Barbosa, do Instituto Presbiteriano Mackenzie, em S\u00e3o Paulo. O evento re\u00fane autoridades do Judici\u00e1rio, representantes de institui\u00e7\u00f5es jur\u00eddicas e acad\u00eamicos para discutir o tema&nbsp;<em>Justi\u00e7a Servidora: Di\u00e1logo, Inclus\u00e3o e Pacifica\u00e7\u00e3o Social<\/em>.<\/p>\n\n\n\n<p class=\"wp-block-paragraph\"><strong>Clariana Bar\u00e3o (DC)<\/strong><br>19h &#8211; Participa de panfletagem na Pra\u00e7a Marechal Rondon, em Cuiab\u00e1.<\/p>\n\n\n\n<p class=\"wp-block-paragraph\"><strong>Edmilson Costa (PCB)<\/strong><br>21h &#8211; Vai ao&nbsp;encontro do deputado federal Glauber Braga com jovens, no Rio de Janeiro.<\/p>\n\n\n\n<p class=\"wp-block-paragraph\"><strong>Hertz Dias (PSTU)<\/strong><br>Passa o dia em Congonhas (MG), onde participa de entrevistas \u00e0 imprensa local, reuni\u00e3o com representantes de entidades sindicais e encontro com apoiadores no Sindicato Metabase Inconfidentes.<\/p>\n\n\n\n<p class=\"wp-block-paragraph\"><strong>Luiz In\u00e1cio Lula da Silva (PT)<\/strong><br>19h&nbsp;&#8211; Participa&nbsp;de ato de campanha na Pra\u00e7a da Esta\u00e7\u00e3o, no centro de Belo Horizonte (MG).<\/p>\n\n\n\n<p class=\"wp-block-paragraph\"><strong>Renan Santos (Miss\u00e3o)<\/strong><br>Cumpre agenda p\u00fablica em Macei\u00f3, onde participa de atividade na Favela do Munda\u00fa pela manh\u00e3. No fim do dia, em S\u00e3o Paulo, participa de panfletagem&nbsp;com apoiadores no Mackenzie.<\/p>\n\n\n\n<p class=\"wp-block-paragraph\"><strong>Romeu Zema (Novo)<\/strong><br>Participa de a\u00e7\u00e3o na Rua 25 de Mar\u00e7o, no centro de S\u00e3o Paulo, para falar sobre as dificuldades enfrentadas pelos empreendedores.<\/p>\n\n\n\n<p class=\"wp-block-paragraph\"><strong>Ronaldo Caiado (PSD)<\/strong><br>Cumpre agenda em Ara\u00e7atuba (SP). \u00c0s 16h30, concede entrevista coletiva no Sindicato Rural da Alta Noroeste (Siran). \u00c0s 17h, participa de encontro com empres\u00e1rios do agroneg\u00f3cio.<\/p>\n\n\n\n<p class=\"wp-block-paragraph\"><strong>Rui Costa (PCO)<\/strong><br>Tem reuni\u00f5es internas pela manh\u00e3. \u00c0s 17h, concede entrevista para o Poder360 e, mais tarde, \u00e0 Folha de S.Paulo.<\/p>\n\n\n\n<p class=\"wp-block-paragraph\"><strong>Samara Martins (UP)<\/strong><br>11h30 &#8211; Vai a debate com estudantes na Universidade Federal de Minas Gerais (UFMG). \u00c0s 15h, participa de ato pelo Dia Nacional da Moradia, na Pra\u00e7a 7. \u00c0s 18h, tem encontro com a juventude na Ocupa\u00e7\u00e3o Maria do Arraial, seguido de caminhada pelo centro da cidade.<\/p>\n\n\n\n<p class=\"wp-block-paragraph\"><strong>Wilson Grassi (Democrata)<\/strong><br>Retorna a S\u00e3o Paulo ap\u00f3s cumprir compromissos de campanha em Salvador. Ao meio-dia, almo\u00e7a com membros do Partido Democrata. \u00c0s 15h, participa de reuni\u00e3o com a equipe de marketing da campanha e de sess\u00e3o de fotos.<\/p>\n\n\n\n<p class=\"wp-block-paragraph\">O candidato Fl\u00e1vio Bolsonaro (PL) n\u00e3o divulgou compromissos p\u00fablicos oficiais at\u00e9 o momento desta publica\u00e7\u00e3o.&nbsp;<\/p>\n\n\n\n<p class=\"wp-block-paragraph\">Ap\u00f3s decis\u00e3o do Tribunal Superior Eleitoral (TSE), o candidato Pablo Mar\u00e7al (PRTB)&nbsp;<a href=\"http:\/\/https\/\/agenciabrasil.ebc.com.br\/justica\/noticia\/2026-08\/tse-proibe-pablo-marcal-de-fazer-campanha-e-ir-debates\" target=\"_blank\" rel=\"noopener\">est\u00e1 proibido de fazer campanha eleitoral<\/a>, comparecer a debates e participar do hor\u00e1rio eleitoral no r\u00e1dio e na TV.<\/p>\n","protected":false},"excerpt":{"rendered":"<p>Foto: Arte EBC A agenda dos candidatos \u00e0 Presid\u00eancia da Rep\u00fablica nesta sexta-feira (21) inclui debates, atos de campanha, entrevistas \u00e0 imprensa e encontros com representantes de diferentes setores da sociedade. Os presidenci\u00e1veis tamb\u00e9m participam de atividades em S\u00e3o Paulo (SP), Belo Horizonte (MG), Congonhas (MG), Ara\u00e7atuba (SP) e Rio de Janeiro (RJ), al\u00e9m de [&hellip;]<\/p>\n","protected":false},"author":12,"featured_media":157653,"comment_status":"closed","ping_status":"open","sticky":false,"template":"","format":"standard","meta":{"_acf_changed":false,"_angie_page":false,"_monsterinsights_skip_tracking":false,"_themeisle_gutenberg_block_has_review":false,"page_builder":"","footnotes":"","jetpack_publicize_message":"","jetpack_publicize_feature_enabled":true,"jetpack_social_post_already_shared":true,"jetpack_social_options":{"image_generator_settings":{"template":"highway","default_image_id":0,"font":"","enabled":false},"version":2}},"categories":[167],"tags":[3962,4930,397,518,516,479,517],"class_list":["post-157650","post","type-post","status-publish","format-standard","has-post-thumbnail","hentry","category-geral","tag-agenda","tag-candidatos","tag-confira","tag-feira","tag-nesta","tag-presidencia","tag-sexta"],"acf":[],"nelio_content":{"autoShareEndMode":"never","automationSources":{"useCustomSentences":false,"customSentences":[]},"efiAlt":"","efiUrl":"","followers":[12],"highlights":[],"isAutoShareEnabled":true,"networkImageIds":[],"permalinkQueryArgs":[],"series":[],"suggestedReferences":[]},"yoast_head":"<!-- This site is optimized with the Yoast SEO plugin v28.3 - https:\/\/yoast.com\/product\/yoast-seo-wordpress\/ -->\n<title>Confira a agenda dos candidatos \u00e0 Presid\u00eancia nesta sexta-feira - Fatos e Fotos News<\/title>\n<meta name=\"robots\" content=\"index, follow, max-snippet:-1, max-image-preview:large, max-video-preview:-1\" \/>\n<link rel=\"canonical\" href=\"https:\/\/www.fatosefotosnews.com.br\/?p=157650\" \/>\n<meta property=\"og:locale\" content=\"pt_BR\" \/>\n<meta property=\"og:type\" content=\"article\" \/>\n<meta property=\"og:title\" content=\"Confira a agenda dos candidatos \u00e0 Presid\u00eancia nesta sexta-feira - Fatos e Fotos News\" \/>\n<meta property=\"og:description\" content=\"Foto: Arte EBC A agenda dos candidatos \u00e0 Presid\u00eancia da Rep\u00fablica nesta sexta-feira (21) inclui debates, atos de campanha, entrevistas \u00e0 imprensa e encontros com representantes de diferentes setores da sociedade. Os presidenci\u00e1veis tamb\u00e9m participam de atividades em S\u00e3o Paulo (SP), Belo Horizonte (MG), Congonhas (MG), Ara\u00e7atuba (SP) e Rio de Janeiro (RJ), al\u00e9m de [&hellip;]\" \/>\n<meta property=\"og:url\" content=\"https:\/\/www.fatosefotosnews.com.br\/?p=157650\" \/>\n<meta property=\"og:site_name\" content=\"Fatos e Fotos News\" \/>\n<meta property=\"article:published_time\" content=\"2026-08-21T14:00:00+00:00\" \/>\n<meta property=\"article:modified_time\" content=\"2026-08-21T14:03:58+00:00\" \/>\n<meta property=\"og:image\" content=\"https:\/\/www.fatosefotosnews.com.br\/wp-content\/uploads\/2026\/08\/banner_agenda_-_1170x700.webp\" \/>\n\t<meta property=\"og:image:width\" content=\"1170\" \/>\n\t<meta property=\"og:image:height\" content=\"700\" \/>\n\t<meta property=\"og:image:type\" content=\"image\/webp\" \/>\n<meta name=\"author\" content=\"Mirela Portugal\" \/>\n<meta name=\"twitter:card\" content=\"summary_large_image\" \/>\n<meta name=\"twitter:label1\" content=\"Escrito por\" \/>\n\t<meta name=\"twitter:data1\" content=\"Mirela Portugal\" \/>\n\t<meta name=\"twitter:label2\" content=\"Est. tempo de leitura\" \/>\n\t<meta name=\"twitter:data2\" content=\"4 minutos\" \/>\n<script type=\"application\/ld+json\" class=\"yoast-schema-graph\">{\"@context\":\"https:\\\/\\\/schema.org\",\"@graph\":[{\"@type\":\"Article\",\"@id\":\"https:\\\/\\\/www.fatosefotosnews.com.br\\\/?p=157650#article\",\"isPartOf\":{\"@id\":\"https:\\\/\\\/www.fatosefotosnews.com.br\\\/?p=157650\"},\"author\":{\"name\":\"Mirela Portugal\",\"@id\":\"https:\\\/\\\/www.fatosefotosnews.com.br\\\/#\\\/schema\\\/person\\\/17b18da658f5277ed99382206a85602f\"},\"headline\":\"Confira a agenda dos candidatos \u00e0 Presid\u00eancia nesta sexta-feira\",\"datePublished\":\"2026-08-21T14:00:00+00:00\",\"dateModified\":\"2026-08-21T14:03:58+00:00\",\"mainEntityOfPage\":{\"@id\":\"https:\\\/\\\/www.fatosefotosnews.com.br\\\/?p=157650\"},\"wordCount\":513,\"publisher\":{\"@id\":\"https:\\\/\\\/www.fatosefotosnews.com.br\\\/#organization\"},\"image\":{\"@id\":\"https:\\\/\\\/www.fatosefotosnews.com.br\\\/?p=157650#primaryimage\"},\"thumbnailUrl\":\"https:\\\/\\\/www.fatosefotosnews.com.br\\\/wp-content\\\/uploads\\\/2026\\\/08\\\/banner_agenda_-_1170x700.webp\",\"keywords\":[\"agenda\",\"candidatos\",\"confira\",\"feira\",\"nesta\",\"presidencia\",\"sexta\"],\"articleSection\":[\"Geral\"],\"inLanguage\":\"pt-BR\"},{\"@type\":\"WebPage\",\"@id\":\"https:\\\/\\\/www.fatosefotosnews.com.br\\\/?p=157650\",\"url\":\"https:\\\/\\\/www.fatosefotosnews.com.br\\\/?p=157650\",\"name\":\"Confira a agenda dos candidatos \u00e0 Presid\u00eancia nesta sexta-feira - Fatos e Fotos News\",\"isPartOf\":{\"@id\":\"https:\\\/\\\/www.fatosefotosnews.com.br\\\/#website\"},\"primaryImageOfPage\":{\"@id\":\"https:\\\/\\\/www.fatosefotosnews.com.br\\\/?p=157650#primaryimage\"},\"image\":{\"@id\":\"https:\\\/\\\/www.fatosefotosnews.com.br\\\/?p=157650#primaryimage\"},\"thumbnailUrl\":\"https:\\\/\\\/www.fatosefotosnews.com.br\\\/wp-content\\\/uploads\\\/2026\\\/08\\\/banner_agenda_-_1170x700.webp\",\"datePublished\":\"2026-08-21T14:00:00+00:00\",\"dateModified\":\"2026-08-21T14:03:58+00:00\",\"breadcrumb\":{\"@id\":\"https:\\\/\\\/www.fatosefotosnews.com.br\\\/?p=157650#breadcrumb\"},\"inLanguage\":\"pt-BR\",\"potentialAction\":[{\"@type\":\"ReadAction\",\"target\":[\"https:\\\/\\\/www.fatosefotosnews.com.br\\\/?p=157650\"]}]},{\"@type\":\"ImageObject\",\"inLanguage\":\"pt-BR\",\"@id\":\"https:\\\/\\\/www.fatosefotosnews.com.br\\\/?p=157650#primaryimage\",\"url\":\"https:\\\/\\\/www.fatosefotosnews.com.br\\\/wp-content\\\/uploads\\\/2026\\\/08\\\/banner_agenda_-_1170x700.webp\",\"contentUrl\":\"https:\\\/\\\/www.fatosefotosnews.com.br\\\/wp-content\\\/uploads\\\/2026\\\/08\\\/banner_agenda_-_1170x700.webp\",\"width\":1170,\"height\":700},{\"@type\":\"BreadcrumbList\",\"@id\":\"https:\\\/\\\/www.fatosefotosnews.com.br\\\/?p=157650#breadcrumb\",\"itemListElement\":[{\"@type\":\"ListItem\",\"position\":1,\"name\":\"In\u00edcio\",\"item\":\"https:\\\/\\\/www.fatosefotosnews.com.br\\\/\"},{\"@type\":\"ListItem\",\"position\":2,\"name\":\"Confira a agenda dos candidatos \u00e0 Presid\u00eancia nesta sexta-feira\"}]},{\"@type\":\"WebSite\",\"@id\":\"https:\\\/\\\/www.fatosefotosnews.com.br\\\/#website\",\"url\":\"https:\\\/\\\/www.fatosefotosnews.com.br\\\/\",\"name\":\"Fatos e Fotos News\",\"description\":\"Um site de noticial verdadeira e confi\u00e1veis.\",\"publisher\":{\"@id\":\"https:\\\/\\\/www.fatosefotosnews.com.br\\\/#organization\"},\"potentialAction\":[{\"@type\":\"SearchAction\",\"target\":{\"@type\":\"EntryPoint\",\"urlTemplate\":\"https:\\\/\\\/www.fatosefotosnews.com.br\\\/?s={search_term_string}\"},\"query-input\":{\"@type\":\"PropertyValueSpecification\",\"valueRequired\":true,\"valueName\":\"search_term_string\"}}],\"inLanguage\":\"pt-BR\"},{\"@type\":\"Organization\",\"@id\":\"https:\\\/\\\/www.fatosefotosnews.com.br\\\/#organization\",\"name\":\"Fatos e Fotos News\",\"url\":\"https:\\\/\\\/www.fatosefotosnews.com.br\\\/\",\"logo\":{\"@type\":\"ImageObject\",\"inLanguage\":\"pt-BR\",\"@id\":\"https:\\\/\\\/www.fatosefotosnews.com.br\\\/#\\\/schema\\\/logo\\\/image\\\/\",\"url\":\"https:\\\/\\\/www.fatosefotosnews.com.br\\\/wp-content\\\/uploads\\\/2023\\\/02\\\/Fatos-e-Fotos-news-logo.png\",\"contentUrl\":\"https:\\\/\\\/www.fatosefotosnews.com.br\\\/wp-content\\\/uploads\\\/2023\\\/02\\\/Fatos-e-Fotos-news-logo.png\",\"width\":300,\"height\":58,\"caption\":\"Fatos e Fotos News\"},\"image\":{\"@id\":\"https:\\\/\\\/www.fatosefotosnews.com.br\\\/#\\\/schema\\\/logo\\\/image\\\/\"}},{\"@type\":\"Person\",\"@id\":\"https:\\\/\\\/www.fatosefotosnews.com.br\\\/#\\\/schema\\\/person\\\/17b18da658f5277ed99382206a85602f\",\"name\":\"Mirela Portugal\",\"image\":{\"@type\":\"ImageObject\",\"inLanguage\":\"pt-BR\",\"@id\":\"https:\\\/\\\/secure.gravatar.com\\\/avatar\\\/2f92fb43fda38d1a46cf4a155e1c2951193d91d9bed3df97fce720eeb9595d08?s=96&d=mm&r=g\",\"url\":\"https:\\\/\\\/secure.gravatar.com\\\/avatar\\\/2f92fb43fda38d1a46cf4a155e1c2951193d91d9bed3df97fce720eeb9595d08?s=96&d=mm&r=g\",\"contentUrl\":\"https:\\\/\\\/secure.gravatar.com\\\/avatar\\\/2f92fb43fda38d1a46cf4a155e1c2951193d91d9bed3df97fce720eeb9595d08?s=96&d=mm&r=g\",\"caption\":\"Mirela Portugal\"},\"sameAs\":[\"http:\\\/\\\/fatosefotosnews.com.br\"],\"url\":\"https:\\\/\\\/www.fatosefotosnews.com.br\\\/?author=12\"}]}<\/script>\n<!-- \/ Yoast SEO plugin. -->","yoast_head_json":{"title":"Confira a agenda dos candidatos \u00e0 Presid\u00eancia nesta sexta-feira - Fatos e Fotos News","robots":{"index":"index","follow":"follow","max-snippet":"max-snippet:-1","max-image-preview":"max-image-preview:large","max-video-preview":"max-video-preview:-1"},"canonical":"https:\/\/www.fatosefotosnews.com.br\/?p=157650","og_locale":"pt_BR","og_type":"article","og_title":"Confira a agenda dos candidatos \u00e0 Presid\u00eancia nesta sexta-feira - Fatos e Fotos News","og_description":"Foto: Arte EBC A agenda dos candidatos \u00e0 Presid\u00eancia da Rep\u00fablica nesta sexta-feira (21) inclui debates, atos de campanha, entrevistas \u00e0 imprensa e encontros com representantes de diferentes setores da sociedade. Os presidenci\u00e1veis tamb\u00e9m participam de atividades em S\u00e3o Paulo (SP), Belo Horizonte (MG), Congonhas (MG), Ara\u00e7atuba (SP) e Rio de Janeiro (RJ), al\u00e9m de [&hellip;]","og_url":"https:\/\/www.fatosefotosnews.com.br\/?p=157650","og_site_name":"Fatos e Fotos News","article_published_time":"2026-08-21T14:00:00+00:00","article_modified_time":"2026-08-21T14:03:58+00:00","og_image":[{"width":1170,"height":700,"url":"https:\/\/www.fatosefotosnews.com.br\/wp-content\/uploads\/2026\/08\/banner_agenda_-_1170x700.webp","type":"image\/webp"}],"author":"Mirela Portugal","twitter_card":"summary_large_image","twitter_misc":{"Escrito por":"Mirela Portugal","Est. tempo de leitura":"4 minutos"},"schema":{"@context":"https:\/\/schema.org","@graph":[{"@type":"Article","@id":"https:\/\/www.fatosefotosnews.com.br\/?p=157650#article","isPartOf":{"@id":"https:\/\/www.fatosefotosnews.com.br\/?p=157650"},"author":{"name":"Mirela Portugal","@id":"https:\/\/www.fatosefotosnews.com.br\/#\/schema\/person\/17b18da658f5277ed99382206a85602f"},"headline":"Confira a agenda dos candidatos \u00e0 Presid\u00eancia nesta sexta-feira","datePublished":"2026-08-21T14:00:00+00:00","dateModified":"2026-08-21T14:03:58+00:00","mainEntityOfPage":{"@id":"https:\/\/www.fatosefotosnews.com.br\/?p=157650"},"wordCount":513,"publisher":{"@id":"https:\/\/www.fatosefotosnews.com.br\/#organization"},"image":{"@id":"https:\/\/www.fatosefotosnews.com.br\/?p=157650#primaryimage"},"thumbnailUrl":"https:\/\/www.fatosefotosnews.com.br\/wp-content\/uploads\/2026\/08\/banner_agenda_-_1170x700.webp","keywords":["agenda","candidatos","confira","feira","nesta","presidencia","sexta"],"articleSection":["Geral"],"inLanguage":"pt-BR"},{"@type":"WebPage","@id":"https:\/\/www.fatosefotosnews.com.br\/?p=157650","url":"https:\/\/www.fatosefotosnews.com.br\/?p=157650","name":"Confira a agenda dos candidatos \u00e0 Presid\u00eancia nesta sexta-feira - Fatos e Fotos News","isPartOf":{"@id":"https:\/\/www.fatosefotosnews.com.br\/#website"},"primaryImageOfPage":{"@id":"https:\/\/www.fatosefotosnews.com.br\/?p=157650#primaryimage"},"image":{"@id":"https:\/\/www.fatosefotosnews.com.br\/?p=157650#primaryimage"},"thumbnailUrl":"https:\/\/www.fatosefotosnews.com.br\/wp-content\/uploads\/2026\/08\/banner_agenda_-_1170x700.webp","datePublished":"2026-08-21T14:00:00+00:00","dateModified":"2026-08-21T14:03:58+00:00","breadcrumb":{"@id":"https:\/\/www.fatosefotosnews.com.br\/?p=157650#breadcrumb"},"inLanguage":"pt-BR","potentialAction":[{"@type":"ReadAction","target":["https:\/\/www.fatosefotosnews.com.br\/?p=157650"]}]},{"@type":"ImageObject","inLanguage":"pt-BR","@id":"https:\/\/www.fatosefotosnews.com.br\/?p=157650#primaryimage","url":"https:\/\/www.fatosefotosnews.com.br\/wp-content\/uploads\/2026\/08\/banner_agenda_-_1170x700.webp","contentUrl":"https:\/\/www.fatosefotosnews.com.br\/wp-content\/uploads\/2026\/08\/banner_agenda_-_1170x700.webp","width":1170,"height":700},{"@type":"BreadcrumbList","@id":"https:\/\/www.fatosefotosnews.com.br\/?p=157650#breadcrumb","itemListElement":[{"@type":"ListItem","position":1,"name":"In\u00edcio","item":"https:\/\/www.fatosefotosnews.com.br\/"},{"@type":"ListItem","position":2,"name":"Confira a agenda dos candidatos \u00e0 Presid\u00eancia nesta sexta-feira"}]},{"@type":"WebSite","@id":"https:\/\/www.fatosefotosnews.com.br\/#website","url":"https:\/\/www.fatosefotosnews.com.br\/","name":"Fatos e Fotos News","description":"Um site de noticial verdadeira e confi\u00e1veis.","publisher":{"@id":"https:\/\/www.fatosefotosnews.com.br\/#organization"},"potentialAction":[{"@type":"SearchAction","target":{"@type":"EntryPoint","urlTemplate":"https:\/\/www.fatosefotosnews.com.br\/?s={search_term_string}"},"query-input":{"@type":"PropertyValueSpecification","valueRequired":true,"valueName":"search_term_string"}}],"inLanguage":"pt-BR"},{"@type":"Organization","@id":"https:\/\/www.fatosefotosnews.com.br\/#organization","name":"Fatos e Fotos News","url":"https:\/\/www.fatosefotosnews.com.br\/","logo":{"@type":"ImageObject","inLanguage":"pt-BR","@id":"https:\/\/www.fatosefotosnews.com.br\/#\/schema\/logo\/image\/","url":"https:\/\/www.fatosefotosnews.com.br\/wp-content\/uploads\/2023\/02\/Fatos-e-Fotos-news-logo.png","contentUrl":"https:\/\/www.fatosefotosnews.com.br\/wp-content\/uploads\/2023\/02\/Fatos-e-Fotos-news-logo.png","width":300,"height":58,"caption":"Fatos e Fotos News"},"image":{"@id":"https:\/\/www.fatosefotosnews.com.br\/#\/schema\/logo\/image\/"}},{"@type":"Person","@id":"https:\/\/www.fatosefotosnews.com.br\/#\/schema\/person\/17b18da658f5277ed99382206a85602f","name":"Mirela Portugal","image":{"@type":"ImageObject","inLanguage":"pt-BR","@id":"https:\/\/secure.gravatar.com\/avatar\/2f92fb43fda38d1a46cf4a155e1c2951193d91d9bed3df97fce720eeb9595d08?s=96&d=mm&r=g","url":"https:\/\/secure.gravatar.com\/avatar\/2f92fb43fda38d1a46cf4a155e1c2951193d91d9bed3df97fce720eeb9595d08?s=96&d=mm&r=g","contentUrl":"https:\/\/secure.gravatar.com\/avatar\/2f92fb43fda38d1a46cf4a155e1c2951193d91d9bed3df97fce720eeb9595d08?s=96&d=mm&r=g","caption":"Mirela Portugal"},"sameAs":["http:\/\/fatosefotosnews.com.br"],"url":"https:\/\/www.fatosefotosnews.com.br\/?author=12"}]}},"jetpack_publicize_connections":[],"blog_post_layout_featured_media_urls":{"thumbnail":["https:\/\/www.fatosefotosnews.com.br\/wp-content\/uploads\/2026\/08\/banner_agenda_-_1170x700-150x150.webp",150,150,true],"full":["https:\/\/www.fatosefotosnews.com.br\/wp-content\/uploads\/2026\/08\/banner_agenda_-_1170x700.webp",1170,700,false]},"categories_names":{"167":{"name":"Geral","link":"https:\/\/www.fatosefotosnews.com.br\/?cat=167"}},"tags_names":{"3962":{"name":"agenda","link":"https:\/\/www.fatosefotosnews.com.br\/?tag=agenda"},"4930":{"name":"candidatos","link":"https:\/\/www.fatosefotosnews.com.br\/?tag=candidatos"},"397":{"name":"confira","link":"https:\/\/www.fatosefotosnews.com.br\/?tag=confira"},"518":{"name":"feira","link":"https:\/\/www.fatosefotosnews.com.br\/?tag=feira"},"516":{"name":"nesta","link":"https:\/\/www.fatosefotosnews.com.br\/?tag=nesta"},"479":{"name":"presidencia","link":"https:\/\/www.fatosefotosnews.com.br\/?tag=presidencia"},"517":{"name":"sexta","link":"https:\/\/www.fatosefotosnews.com.br\/?tag=sexta"}},"comments_number":"0","wpmagazine_modules_lite_featured_media_urls":{"thumbnail":["https:\/\/www.fatosefotosnews.com.br\/wp-content\/uploads\/2026\/08\/banner_agenda_-_1170x700-150x150.webp",150,150,true],"cvmm-medium":["https:\/\/www.fatosefotosnews.com.br\/wp-content\/uploads\/2026\/08\/banner_agenda_-_1170x700-300x300.webp",300,300,true],"cvmm-medium-plus":["https:\/\/www.fatosefotosnews.com.br\/wp-content\/uploads\/2026\/08\/banner_agenda_-_1170x700-305x207.webp",305,207,true],"cvmm-portrait":["https:\/\/www.fatosefotosnews.com.br\/wp-content\/uploads\/2026\/08\/banner_agenda_-_1170x700-400x600.webp",400,600,true],"cvmm-medium-square":["https:\/\/www.fatosefotosnews.com.br\/wp-content\/uploads\/2026\/08\/banner_agenda_-_1170x700-600x600.webp",600,600,true],"cvmm-large":["https:\/\/www.fatosefotosnews.com.br\/wp-content\/uploads\/2026\/08\/banner_agenda_-_1170x700-1024x700.webp",1024,700,true],"cvmm-small":["https:\/\/www.fatosefotosnews.com.br\/wp-content\/uploads\/2026\/08\/banner_agenda_-_1170x700-130x95.webp",130,95,true],"full":["https:\/\/www.fatosefotosnews.com.br\/wp-content\/uploads\/2026\/08\/banner_agenda_-_1170x700.webp",1170,700,false]},"_links":{"self":[{"href":"https:\/\/www.fatosefotosnews.com.br\/index.php?rest_route=\/wp\/v2\/posts\/157650","targetHints":{"allow":["GET"]}}],"collection":[{"href":"https:\/\/www.fatosefotosnews.com.br\/index.php?rest_route=\/wp\/v2\/posts"}],"about":[{"href":"https:\/\/www.fatosefotosnews.com.br\/index.php?rest_route=\/wp\/v2\/types\/post"}],"author":[{"embeddable":true,"href":"https:\/\/www.fatosefotosnews.com.br\/index.php?rest_route=\/wp\/v2\/users\/12"}],"replies":[{"embeddable":true,"href":"https:\/\/www.fatosefotosnews.com.br\/index.php?rest_route=%2Fwp%2Fv2%2Fcomments&post=157650"}],"version-history":[{"count":1,"href":"https:\/\/www.fatosefotosnews.com.br\/index.php?rest_route=\/wp\/v2\/posts\/157650\/revisions"}],"predecessor-version":[{"id":157654,"href":"https:\/\/www.fatosefotosnews.com.br\/index.php?rest_route=\/wp\/v2\/posts\/157650\/revisions\/157654"}],"wp:featuredmedia":[{"embeddable":true,"href":"https:\/\/www.fatosefotosnews.com.br\/index.php?rest_route=\/wp\/v2\/media\/157653"}],"wp:attachment":[{"href":"https:\/\/www.fatosefotosnews.com.br\/index.php?rest_route=%2Fwp%2Fv2%2Fmedia&parent=157650"}],"wp:term":[{"taxonomy":"category","embeddable":true,"href":"https:\/\/www.fatosefotosnews.com.br\/index.php?rest_route=%2Fwp%2Fv2%2Fcategories&post=157650"},{"taxonomy":"post_tag","embeddable":true,"href":"https:\/\/www.fatosefotosnews.com.br\/index.php?rest_route=%2Fwp%2Fv2%2Ftags&post=157650"}],"curies":[{"name":"wp","href":"https:\/\/api.w.org\/{rel}","templated":true}]}}