{"id":157666,"date":"2026-08-21T11:13:25","date_gmt":"2026-08-21T14:13:25","guid":{"rendered":"https:\/\/www.fatosefotosnews.com.br\/?p=157666"},"modified":"2026-08-21T11:13:32","modified_gmt":"2026-08-21T14:13:32","slug":"homem-e-condenado-a-24-anos-de-prisao-por-morte-de-mulher-trans","status":"publish","type":"post","link":"https:\/\/www.fatosefotosnews.com.br\/?p=157666","title":{"rendered":"Homem \u00e9 condenado a 24 anos de pris\u00e3o por morte de mulher trans"},"content":{"rendered":"\n<p class=\"wp-block-paragraph\">Foto: Diego Carvalho\/TJ-RJ<\/p>\n\n\n\n<p class=\"wp-block-paragraph\"><\/p>\n\n\n\n<p class=\"wp-block-paragraph\"><strong>O Conselho de Senten\u00e7a do<a href=\"https:\/\/www.tjrj.jus.br\/institucional\/secretarias-gerais\/sglog\/manual-da-direcao-do-forum\/organizacao-predial\/eventos\/tribunal-do-juri\" target=\"_blank\" rel=\"noopener\">&nbsp;2\u00b0 Tribunal do J\u00fari da Capital do Rio de Janeiro<\/a>&nbsp;condenou Vitor Teodoro Cossich a 24 anos de reclus\u00e3o pelo homic\u00eddio de B\u00e1rbara Vergetti Martins de Souza, mulher trans, de 34 anos.&nbsp;<\/strong><img decoding=\"async\" src=\"https:\/\/agenciabrasil.ebc.com.br\/ebc.png?id=1700261&amp;o=node\"><img decoding=\"async\" src=\"https:\/\/agenciabrasil.ebc.com.br\/ebc.gif?id=1700261&amp;o=node\"><\/p>\n\n\n\n<p class=\"wp-block-paragraph\">O motivo decorreu de desentendimento financeiro entre os envolvidos. A condena\u00e7\u00e3o dessa quinta-feira (20) tem a agravante de ser por motivo torpe e meio cruel.<\/p>\n\n\n\n<p class=\"wp-block-paragraph\">O condenado tamb\u00e9m ter\u00e1 de pagar indeniza\u00e7\u00e3o no valor de R$ 30 mil aos familiares da v\u00edtima a t\u00edtulo de repara\u00e7\u00e3o por danos morais. &nbsp;O julgamento foi presidido pelo juiz Renan de Freitas Ongaratto.<\/p>\n\n\n\n<p class=\"wp-block-paragraph\"><strong>O crime ocorreu&nbsp;na madrugada de 30 de outubro de 2024,&nbsp;na casa de Vitor.<\/strong><\/p>\n\n\n\n<p class=\"wp-block-paragraph\">De acordo com a den\u00fancia, ele&nbsp;agrediu e estrangulou B\u00e1rbara, ent\u00e3o estudante de Ci\u00eancias Sociais na Universidade Federal Fluminense at\u00e9 a morte, ap\u00f3s desentendimento sobre&nbsp;pagamento ap\u00f3s rela\u00e7\u00e3o sexual.&nbsp;<\/p>\n\n\n\n<p class=\"wp-block-paragraph\">Para conter e matar a v\u00edtima, ele usou arma de fogo falsa, um fio e um pano.<\/p>\n","protected":false},"excerpt":{"rendered":"<p>Foto: Diego Carvalho\/TJ-RJ O Conselho de Senten\u00e7a do&nbsp;2\u00b0 Tribunal do J\u00fari da Capital do Rio de Janeiro&nbsp;condenou Vitor Teodoro Cossich a 24 anos de reclus\u00e3o pelo homic\u00eddio de B\u00e1rbara Vergetti Martins de Souza, mulher trans, de 34 anos.&nbsp; O motivo decorreu de desentendimento financeiro entre os envolvidos. A condena\u00e7\u00e3o dessa quinta-feira (20) tem a agravante [&hellip;]<\/p>\n","protected":false},"author":12,"featured_media":157660,"comment_status":"closed","ping_status":"open","sticky":false,"template":"","format":"standard","meta":{"_acf_changed":false,"_angie_page":false,"_monsterinsights_skip_tracking":false,"_themeisle_gutenberg_block_has_review":false,"page_builder":"","footnotes":"","jetpack_publicize_message":"","jetpack_publicize_feature_enabled":true,"jetpack_social_post_already_shared":true,"jetpack_social_options":{"image_generator_settings":{"template":"highway","default_image_id":0,"font":"","enabled":false},"version":2}},"categories":[24885,25486],"tags":[5543,1572,835,234,8991],"class_list":["post-157666","post","type-post","status-publish","format-standard","has-post-thumbnail","hentry","category-justica","category-violencia","tag-condenado","tag-homem","tag-morte","tag-mulher","tag-trans"],"acf":[],"nelio_content":{"autoShareEndMode":"never","automationSources":{"useCustomSentences":false,"customSentences":[]},"efiAlt":"","efiUrl":"","followers":[12],"highlights":[],"isAutoShareEnabled":true,"networkImageIds":[],"permalinkQueryArgs":[],"series":[],"suggestedReferences":[]},"yoast_head":"<!-- This site is optimized with the Yoast SEO plugin v28.3 - https:\/\/yoast.com\/product\/yoast-seo-wordpress\/ -->\n<title>Homem \u00e9 condenado a 24 anos de pris\u00e3o por morte de mulher trans - Fatos e Fotos News<\/title>\n<meta name=\"robots\" content=\"index, follow, max-snippet:-1, max-image-preview:large, max-video-preview:-1\" \/>\n<link rel=\"canonical\" href=\"https:\/\/www.fatosefotosnews.com.br\/?p=157666\" \/>\n<meta property=\"og:locale\" content=\"pt_BR\" \/>\n<meta property=\"og:type\" content=\"article\" \/>\n<meta property=\"og:title\" content=\"Homem \u00e9 condenado a 24 anos de pris\u00e3o por morte de mulher trans - Fatos e Fotos News\" \/>\n<meta property=\"og:description\" content=\"Foto: Diego Carvalho\/TJ-RJ O Conselho de Senten\u00e7a do&nbsp;2\u00b0 Tribunal do J\u00fari da Capital do Rio de Janeiro&nbsp;condenou Vitor Teodoro Cossich a 24 anos de reclus\u00e3o pelo homic\u00eddio de B\u00e1rbara Vergetti Martins de Souza, mulher trans, de 34 anos.&nbsp; O motivo decorreu de desentendimento financeiro entre os envolvidos. A condena\u00e7\u00e3o dessa quinta-feira (20) tem a agravante [&hellip;]\" \/>\n<meta property=\"og:url\" content=\"https:\/\/www.fatosefotosnews.com.br\/?p=157666\" \/>\n<meta property=\"og:site_name\" content=\"Fatos e Fotos News\" \/>\n<meta property=\"article:published_time\" content=\"2026-08-21T14:13:25+00:00\" \/>\n<meta property=\"article:modified_time\" content=\"2026-08-21T14:13:32+00:00\" \/>\n<meta property=\"og:image\" content=\"https:\/\/www.fatosefotosnews.com.br\/wp-content\/uploads\/2026\/08\/tj-rj-6-1-1.webp\" \/>\n\t<meta property=\"og:image:width\" content=\"1170\" \/>\n\t<meta property=\"og:image:height\" content=\"700\" \/>\n\t<meta property=\"og:image:type\" content=\"image\/webp\" \/>\n<meta name=\"author\" content=\"Mirela Portugal\" \/>\n<meta name=\"twitter:card\" content=\"summary_large_image\" \/>\n<meta name=\"twitter:label1\" content=\"Escrito por\" \/>\n\t<meta name=\"twitter:data1\" content=\"Mirela Portugal\" \/>\n\t<meta name=\"twitter:label2\" content=\"Est. tempo de leitura\" \/>\n\t<meta name=\"twitter:data2\" content=\"2 minutos\" \/>\n<script type=\"application\/ld+json\" class=\"yoast-schema-graph\">{\"@context\":\"https:\\\/\\\/schema.org\",\"@graph\":[{\"@type\":\"Article\",\"@id\":\"https:\\\/\\\/www.fatosefotosnews.com.br\\\/?p=157666#article\",\"isPartOf\":{\"@id\":\"https:\\\/\\\/www.fatosefotosnews.com.br\\\/?p=157666\"},\"author\":{\"name\":\"Mirela Portugal\",\"@id\":\"https:\\\/\\\/www.fatosefotosnews.com.br\\\/#\\\/schema\\\/person\\\/17b18da658f5277ed99382206a85602f\"},\"headline\":\"Homem \u00e9 condenado a 24 anos de pris\u00e3o por morte de mulher trans\",\"datePublished\":\"2026-08-21T14:13:25+00:00\",\"dateModified\":\"2026-08-21T14:13:32+00:00\",\"mainEntityOfPage\":{\"@id\":\"https:\\\/\\\/www.fatosefotosnews.com.br\\\/?p=157666\"},\"wordCount\":194,\"publisher\":{\"@id\":\"https:\\\/\\\/www.fatosefotosnews.com.br\\\/#organization\"},\"image\":{\"@id\":\"https:\\\/\\\/www.fatosefotosnews.com.br\\\/?p=157666#primaryimage\"},\"thumbnailUrl\":\"https:\\\/\\\/www.fatosefotosnews.com.br\\\/wp-content\\\/uploads\\\/2026\\\/08\\\/tj-rj-6-1-1.webp\",\"keywords\":[\"condenado\",\"homem\",\"morte\",\"Mulher\",\"trans\"],\"articleSection\":[\"Justi\u00e7a\",\"Viol\u00eancia\"],\"inLanguage\":\"pt-BR\"},{\"@type\":\"WebPage\",\"@id\":\"https:\\\/\\\/www.fatosefotosnews.com.br\\\/?p=157666\",\"url\":\"https:\\\/\\\/www.fatosefotosnews.com.br\\\/?p=157666\",\"name\":\"Homem \u00e9 condenado a 24 anos de pris\u00e3o por morte de mulher trans - Fatos e Fotos News\",\"isPartOf\":{\"@id\":\"https:\\\/\\\/www.fatosefotosnews.com.br\\\/#website\"},\"primaryImageOfPage\":{\"@id\":\"https:\\\/\\\/www.fatosefotosnews.com.br\\\/?p=157666#primaryimage\"},\"image\":{\"@id\":\"https:\\\/\\\/www.fatosefotosnews.com.br\\\/?p=157666#primaryimage\"},\"thumbnailUrl\":\"https:\\\/\\\/www.fatosefotosnews.com.br\\\/wp-content\\\/uploads\\\/2026\\\/08\\\/tj-rj-6-1-1.webp\",\"datePublished\":\"2026-08-21T14:13:25+00:00\",\"dateModified\":\"2026-08-21T14:13:32+00:00\",\"breadcrumb\":{\"@id\":\"https:\\\/\\\/www.fatosefotosnews.com.br\\\/?p=157666#breadcrumb\"},\"inLanguage\":\"pt-BR\",\"potentialAction\":[{\"@type\":\"ReadAction\",\"target\":[\"https:\\\/\\\/www.fatosefotosnews.com.br\\\/?p=157666\"]}]},{\"@type\":\"ImageObject\",\"inLanguage\":\"pt-BR\",\"@id\":\"https:\\\/\\\/www.fatosefotosnews.com.br\\\/?p=157666#primaryimage\",\"url\":\"https:\\\/\\\/www.fatosefotosnews.com.br\\\/wp-content\\\/uploads\\\/2026\\\/08\\\/tj-rj-6-1-1.webp\",\"contentUrl\":\"https:\\\/\\\/www.fatosefotosnews.com.br\\\/wp-content\\\/uploads\\\/2026\\\/08\\\/tj-rj-6-1-1.webp\",\"width\":1170,\"height\":700},{\"@type\":\"BreadcrumbList\",\"@id\":\"https:\\\/\\\/www.fatosefotosnews.com.br\\\/?p=157666#breadcrumb\",\"itemListElement\":[{\"@type\":\"ListItem\",\"position\":1,\"name\":\"In\u00edcio\",\"item\":\"https:\\\/\\\/www.fatosefotosnews.com.br\\\/\"},{\"@type\":\"ListItem\",\"position\":2,\"name\":\"Homem \u00e9 condenado a 24 anos de pris\u00e3o por morte de mulher trans\"}]},{\"@type\":\"WebSite\",\"@id\":\"https:\\\/\\\/www.fatosefotosnews.com.br\\\/#website\",\"url\":\"https:\\\/\\\/www.fatosefotosnews.com.br\\\/\",\"name\":\"Fatos e Fotos News\",\"description\":\"Um site de noticial verdadeira e confi\u00e1veis.\",\"publisher\":{\"@id\":\"https:\\\/\\\/www.fatosefotosnews.com.br\\\/#organization\"},\"potentialAction\":[{\"@type\":\"SearchAction\",\"target\":{\"@type\":\"EntryPoint\",\"urlTemplate\":\"https:\\\/\\\/www.fatosefotosnews.com.br\\\/?s={search_term_string}\"},\"query-input\":{\"@type\":\"PropertyValueSpecification\",\"valueRequired\":true,\"valueName\":\"search_term_string\"}}],\"inLanguage\":\"pt-BR\"},{\"@type\":\"Organization\",\"@id\":\"https:\\\/\\\/www.fatosefotosnews.com.br\\\/#organization\",\"name\":\"Fatos e Fotos News\",\"url\":\"https:\\\/\\\/www.fatosefotosnews.com.br\\\/\",\"logo\":{\"@type\":\"ImageObject\",\"inLanguage\":\"pt-BR\",\"@id\":\"https:\\\/\\\/www.fatosefotosnews.com.br\\\/#\\\/schema\\\/logo\\\/image\\\/\",\"url\":\"https:\\\/\\\/www.fatosefotosnews.com.br\\\/wp-content\\\/uploads\\\/2023\\\/02\\\/Fatos-e-Fotos-news-logo.png\",\"contentUrl\":\"https:\\\/\\\/www.fatosefotosnews.com.br\\\/wp-content\\\/uploads\\\/2023\\\/02\\\/Fatos-e-Fotos-news-logo.png\",\"width\":300,\"height\":58,\"caption\":\"Fatos e Fotos News\"},\"image\":{\"@id\":\"https:\\\/\\\/www.fatosefotosnews.com.br\\\/#\\\/schema\\\/logo\\\/image\\\/\"}},{\"@type\":\"Person\",\"@id\":\"https:\\\/\\\/www.fatosefotosnews.com.br\\\/#\\\/schema\\\/person\\\/17b18da658f5277ed99382206a85602f\",\"name\":\"Mirela Portugal\",\"image\":{\"@type\":\"ImageObject\",\"inLanguage\":\"pt-BR\",\"@id\":\"https:\\\/\\\/secure.gravatar.com\\\/avatar\\\/2f92fb43fda38d1a46cf4a155e1c2951193d91d9bed3df97fce720eeb9595d08?s=96&d=mm&r=g\",\"url\":\"https:\\\/\\\/secure.gravatar.com\\\/avatar\\\/2f92fb43fda38d1a46cf4a155e1c2951193d91d9bed3df97fce720eeb9595d08?s=96&d=mm&r=g\",\"contentUrl\":\"https:\\\/\\\/secure.gravatar.com\\\/avatar\\\/2f92fb43fda38d1a46cf4a155e1c2951193d91d9bed3df97fce720eeb9595d08?s=96&d=mm&r=g\",\"caption\":\"Mirela Portugal\"},\"sameAs\":[\"http:\\\/\\\/fatosefotosnews.com.br\"],\"url\":\"https:\\\/\\\/www.fatosefotosnews.com.br\\\/?author=12\"}]}<\/script>\n<!-- \/ Yoast SEO plugin. -->","yoast_head_json":{"title":"Homem \u00e9 condenado a 24 anos de pris\u00e3o por morte de mulher trans - Fatos e Fotos News","robots":{"index":"index","follow":"follow","max-snippet":"max-snippet:-1","max-image-preview":"max-image-preview:large","max-video-preview":"max-video-preview:-1"},"canonical":"https:\/\/www.fatosefotosnews.com.br\/?p=157666","og_locale":"pt_BR","og_type":"article","og_title":"Homem \u00e9 condenado a 24 anos de pris\u00e3o por morte de mulher trans - Fatos e Fotos News","og_description":"Foto: Diego Carvalho\/TJ-RJ O Conselho de Senten\u00e7a do&nbsp;2\u00b0 Tribunal do J\u00fari da Capital do Rio de Janeiro&nbsp;condenou Vitor Teodoro Cossich a 24 anos de reclus\u00e3o pelo homic\u00eddio de B\u00e1rbara Vergetti Martins de Souza, mulher trans, de 34 anos.&nbsp; O motivo decorreu de desentendimento financeiro entre os envolvidos. A condena\u00e7\u00e3o dessa quinta-feira (20) tem a agravante [&hellip;]","og_url":"https:\/\/www.fatosefotosnews.com.br\/?p=157666","og_site_name":"Fatos e Fotos News","article_published_time":"2026-08-21T14:13:25+00:00","article_modified_time":"2026-08-21T14:13:32+00:00","og_image":[{"width":1170,"height":700,"url":"https:\/\/www.fatosefotosnews.com.br\/wp-content\/uploads\/2026\/08\/tj-rj-6-1-1.webp","type":"image\/webp"}],"author":"Mirela Portugal","twitter_card":"summary_large_image","twitter_misc":{"Escrito por":"Mirela Portugal","Est. tempo de leitura":"2 minutos"},"schema":{"@context":"https:\/\/schema.org","@graph":[{"@type":"Article","@id":"https:\/\/www.fatosefotosnews.com.br\/?p=157666#article","isPartOf":{"@id":"https:\/\/www.fatosefotosnews.com.br\/?p=157666"},"author":{"name":"Mirela Portugal","@id":"https:\/\/www.fatosefotosnews.com.br\/#\/schema\/person\/17b18da658f5277ed99382206a85602f"},"headline":"Homem \u00e9 condenado a 24 anos de pris\u00e3o por morte de mulher trans","datePublished":"2026-08-21T14:13:25+00:00","dateModified":"2026-08-21T14:13:32+00:00","mainEntityOfPage":{"@id":"https:\/\/www.fatosefotosnews.com.br\/?p=157666"},"wordCount":194,"publisher":{"@id":"https:\/\/www.fatosefotosnews.com.br\/#organization"},"image":{"@id":"https:\/\/www.fatosefotosnews.com.br\/?p=157666#primaryimage"},"thumbnailUrl":"https:\/\/www.fatosefotosnews.com.br\/wp-content\/uploads\/2026\/08\/tj-rj-6-1-1.webp","keywords":["condenado","homem","morte","Mulher","trans"],"articleSection":["Justi\u00e7a","Viol\u00eancia"],"inLanguage":"pt-BR"},{"@type":"WebPage","@id":"https:\/\/www.fatosefotosnews.com.br\/?p=157666","url":"https:\/\/www.fatosefotosnews.com.br\/?p=157666","name":"Homem \u00e9 condenado a 24 anos de pris\u00e3o por morte de mulher trans - Fatos e Fotos News","isPartOf":{"@id":"https:\/\/www.fatosefotosnews.com.br\/#website"},"primaryImageOfPage":{"@id":"https:\/\/www.fatosefotosnews.com.br\/?p=157666#primaryimage"},"image":{"@id":"https:\/\/www.fatosefotosnews.com.br\/?p=157666#primaryimage"},"thumbnailUrl":"https:\/\/www.fatosefotosnews.com.br\/wp-content\/uploads\/2026\/08\/tj-rj-6-1-1.webp","datePublished":"2026-08-21T14:13:25+00:00","dateModified":"2026-08-21T14:13:32+00:00","breadcrumb":{"@id":"https:\/\/www.fatosefotosnews.com.br\/?p=157666#breadcrumb"},"inLanguage":"pt-BR","potentialAction":[{"@type":"ReadAction","target":["https:\/\/www.fatosefotosnews.com.br\/?p=157666"]}]},{"@type":"ImageObject","inLanguage":"pt-BR","@id":"https:\/\/www.fatosefotosnews.com.br\/?p=157666#primaryimage","url":"https:\/\/www.fatosefotosnews.com.br\/wp-content\/uploads\/2026\/08\/tj-rj-6-1-1.webp","contentUrl":"https:\/\/www.fatosefotosnews.com.br\/wp-content\/uploads\/2026\/08\/tj-rj-6-1-1.webp","width":1170,"height":700},{"@type":"BreadcrumbList","@id":"https:\/\/www.fatosefotosnews.com.br\/?p=157666#breadcrumb","itemListElement":[{"@type":"ListItem","position":1,"name":"In\u00edcio","item":"https:\/\/www.fatosefotosnews.com.br\/"},{"@type":"ListItem","position":2,"name":"Homem \u00e9 condenado a 24 anos de pris\u00e3o por morte de mulher trans"}]},{"@type":"WebSite","@id":"https:\/\/www.fatosefotosnews.com.br\/#website","url":"https:\/\/www.fatosefotosnews.com.br\/","name":"Fatos e Fotos News","description":"Um site de noticial verdadeira e confi\u00e1veis.","publisher":{"@id":"https:\/\/www.fatosefotosnews.com.br\/#organization"},"potentialAction":[{"@type":"SearchAction","target":{"@type":"EntryPoint","urlTemplate":"https:\/\/www.fatosefotosnews.com.br\/?s={search_term_string}"},"query-input":{"@type":"PropertyValueSpecification","valueRequired":true,"valueName":"search_term_string"}}],"inLanguage":"pt-BR"},{"@type":"Organization","@id":"https:\/\/www.fatosefotosnews.com.br\/#organization","name":"Fatos e Fotos News","url":"https:\/\/www.fatosefotosnews.com.br\/","logo":{"@type":"ImageObject","inLanguage":"pt-BR","@id":"https:\/\/www.fatosefotosnews.com.br\/#\/schema\/logo\/image\/","url":"https:\/\/www.fatosefotosnews.com.br\/wp-content\/uploads\/2023\/02\/Fatos-e-Fotos-news-logo.png","contentUrl":"https:\/\/www.fatosefotosnews.com.br\/wp-content\/uploads\/2023\/02\/Fatos-e-Fotos-news-logo.png","width":300,"height":58,"caption":"Fatos e Fotos News"},"image":{"@id":"https:\/\/www.fatosefotosnews.com.br\/#\/schema\/logo\/image\/"}},{"@type":"Person","@id":"https:\/\/www.fatosefotosnews.com.br\/#\/schema\/person\/17b18da658f5277ed99382206a85602f","name":"Mirela Portugal","image":{"@type":"ImageObject","inLanguage":"pt-BR","@id":"https:\/\/secure.gravatar.com\/avatar\/2f92fb43fda38d1a46cf4a155e1c2951193d91d9bed3df97fce720eeb9595d08?s=96&d=mm&r=g","url":"https:\/\/secure.gravatar.com\/avatar\/2f92fb43fda38d1a46cf4a155e1c2951193d91d9bed3df97fce720eeb9595d08?s=96&d=mm&r=g","contentUrl":"https:\/\/secure.gravatar.com\/avatar\/2f92fb43fda38d1a46cf4a155e1c2951193d91d9bed3df97fce720eeb9595d08?s=96&d=mm&r=g","caption":"Mirela Portugal"},"sameAs":["http:\/\/fatosefotosnews.com.br"],"url":"https:\/\/www.fatosefotosnews.com.br\/?author=12"}]}},"jetpack_publicize_connections":[],"blog_post_layout_featured_media_urls":{"thumbnail":["https:\/\/www.fatosefotosnews.com.br\/wp-content\/uploads\/2026\/08\/tj-rj-6-1-1-150x150.webp",150,150,true],"full":["https:\/\/www.fatosefotosnews.com.br\/wp-content\/uploads\/2026\/08\/tj-rj-6-1-1.webp",1170,700,false]},"categories_names":{"24885":{"name":"Justi\u00e7a","link":"https:\/\/www.fatosefotosnews.com.br\/?cat=24885"},"25486":{"name":"Viol\u00eancia","link":"https:\/\/www.fatosefotosnews.com.br\/?cat=25486"}},"tags_names":{"5543":{"name":"condenado","link":"https:\/\/www.fatosefotosnews.com.br\/?tag=condenado"},"1572":{"name":"homem","link":"https:\/\/www.fatosefotosnews.com.br\/?tag=homem"},"835":{"name":"morte","link":"https:\/\/www.fatosefotosnews.com.br\/?tag=morte"},"234":{"name":"Mulher","link":"https:\/\/www.fatosefotosnews.com.br\/?tag=mulher"},"8991":{"name":"trans","link":"https:\/\/www.fatosefotosnews.com.br\/?tag=trans"}},"comments_number":"0","wpmagazine_modules_lite_featured_media_urls":{"thumbnail":["https:\/\/www.fatosefotosnews.com.br\/wp-content\/uploads\/2026\/08\/tj-rj-6-1-1-150x150.webp",150,150,true],"cvmm-medium":["https:\/\/www.fatosefotosnews.com.br\/wp-content\/uploads\/2026\/08\/tj-rj-6-1-1-300x300.webp",300,300,true],"cvmm-medium-plus":["https:\/\/www.fatosefotosnews.com.br\/wp-content\/uploads\/2026\/08\/tj-rj-6-1-1-305x207.webp",305,207,true],"cvmm-portrait":["https:\/\/www.fatosefotosnews.com.br\/wp-content\/uploads\/2026\/08\/tj-rj-6-1-1-400x600.webp",400,600,true],"cvmm-medium-square":["https:\/\/www.fatosefotosnews.com.br\/wp-content\/uploads\/2026\/08\/tj-rj-6-1-1-600x600.webp",600,600,true],"cvmm-large":["https:\/\/www.fatosefotosnews.com.br\/wp-content\/uploads\/2026\/08\/tj-rj-6-1-1-1024x700.webp",1024,700,true],"cvmm-small":["https:\/\/www.fatosefotosnews.com.br\/wp-content\/uploads\/2026\/08\/tj-rj-6-1-1-130x95.webp",130,95,true],"full":["https:\/\/www.fatosefotosnews.com.br\/wp-content\/uploads\/2026\/08\/tj-rj-6-1-1.webp",1170,700,false]},"_links":{"self":[{"href":"https:\/\/www.fatosefotosnews.com.br\/index.php?rest_route=\/wp\/v2\/posts\/157666","targetHints":{"allow":["GET"]}}],"collection":[{"href":"https:\/\/www.fatosefotosnews.com.br\/index.php?rest_route=\/wp\/v2\/posts"}],"about":[{"href":"https:\/\/www.fatosefotosnews.com.br\/index.php?rest_route=\/wp\/v2\/types\/post"}],"author":[{"embeddable":true,"href":"https:\/\/www.fatosefotosnews.com.br\/index.php?rest_route=\/wp\/v2\/users\/12"}],"replies":[{"embeddable":true,"href":"https:\/\/www.fatosefotosnews.com.br\/index.php?rest_route=%2Fwp%2Fv2%2Fcomments&post=157666"}],"version-history":[{"count":1,"href":"https:\/\/www.fatosefotosnews.com.br\/index.php?rest_route=\/wp\/v2\/posts\/157666\/revisions"}],"predecessor-version":[{"id":157667,"href":"https:\/\/www.fatosefotosnews.com.br\/index.php?rest_route=\/wp\/v2\/posts\/157666\/revisions\/157667"}],"wp:featuredmedia":[{"embeddable":true,"href":"https:\/\/www.fatosefotosnews.com.br\/index.php?rest_route=\/wp\/v2\/media\/157660"}],"wp:attachment":[{"href":"https:\/\/www.fatosefotosnews.com.br\/index.php?rest_route=%2Fwp%2Fv2%2Fmedia&parent=157666"}],"wp:term":[{"taxonomy":"category","embeddable":true,"href":"https:\/\/www.fatosefotosnews.com.br\/index.php?rest_route=%2Fwp%2Fv2%2Fcategories&post=157666"},{"taxonomy":"post_tag","embeddable":true,"href":"https:\/\/www.fatosefotosnews.com.br\/index.php?rest_route=%2Fwp%2Fv2%2Ftags&post=157666"}],"curies":[{"name":"wp","href":"https:\/\/api.w.org\/{rel}","templated":true}]}}