{"id":157673,"date":"2026-08-21T14:15:00","date_gmt":"2026-08-21T17:15:00","guid":{"rendered":"https:\/\/www.fatosefotosnews.com.br\/?p=157673"},"modified":"2026-08-21T14:09:58","modified_gmt":"2026-08-21T17:09:58","slug":"capital-paulista-vacinou-1-milhao-de-pessoas-contra-o-sarampo","status":"publish","type":"post","link":"https:\/\/www.fatosefotosnews.com.br\/?p=157673","title":{"rendered":"Capital paulista vacinou 1 milh\u00e3o de pessoas contra o sarampo"},"content":{"rendered":"\n<p class=\"wp-block-paragraph\">Foto: &nbsp;Paulo Pinto\/Agencia Brasil<\/p>\n\n\n\n<p class=\"wp-block-paragraph\"><\/p>\n\n\n\n<p class=\"wp-block-paragraph\"><strong>A cidade de S\u00e3o Paulo aplicou 1.045.758 doses da vacina de sarampo desde o dia 3 de agosto, in\u00edcio da campanha de multivacina\u00e7\u00e3o. A capital \u00e9 a cidade com mais casos de sarampo no pa\u00eds este ano, 20 dos 24 casos confirmados.<\/strong><img decoding=\"async\" src=\"https:\/\/agenciabrasil.ebc.com.br\/ebc.png?id=1700248&amp;o=node\"><img decoding=\"async\" src=\"https:\/\/agenciabrasil.ebc.com.br\/ebc.gif?id=1700248&amp;o=node\"><\/p>\n\n\n\n<p class=\"wp-block-paragraph\">O primeiro caso na capital, confirmado em fevereiro, foi importado da Bol\u00edvia. A confirma\u00e7\u00e3o do segundo ocorreu&nbsp;em mar\u00e7o, importado da Guatemala. Os demais foram registrados em junho e julho, nos distritos de Vila Medeiros (oito), Vila Maria (dois), Cap\u00e3o Redondo (um), \u00c1gua Rasa (quatro), Sapopemba (dois) e Jabaquara (um).<\/p>\n\n\n\n<p class=\"wp-block-paragraph\">Embora sem novos casos confirmados desde o \u00faltimo dia 7,&nbsp;<strong>a cidade investiga 472 poss\u00edveis ocorr\u00eancias.&nbsp;<\/strong>Todas as pessoas de 6 meses a 59 anos devem receber uma nova dose da vacina contra o sarampo, independentemente do n\u00famero de doses recebidas anteriormente ou da situa\u00e7\u00e3o vacinal registrada.<\/p>\n\n\n\n<p class=\"wp-block-paragraph\">Para as crian\u00e7as com menos de 1 ano,&nbsp;\u00e9 ainda mais importante, pois a vacina\u00e7\u00e3o normal para sarampo ocorre apenas ap\u00f3s o primeiro ano. Dez dos 20 casos confirmados atingiram esse grupo.&nbsp;A chamada dose zero contra o sarampo segue dispon\u00edvel para crian\u00e7as de 6 a 11 meses de idade.<\/p>\n\n\n\n<p class=\"wp-block-paragraph\"><strong>A campanha de multivacina\u00e7\u00e3o segue at\u00e9 1\u00ba de setembro.<\/strong>&nbsp;As&nbsp;vacinas est\u00e3o dispon\u00edveis nas 483 unidades b\u00e1sicas de sa\u00fade (UBSs) da cidade, de segunda a sexta-feira, das 7h \u00e0s 19h, e aos s\u00e1bados nas assist\u00eancias m\u00e9dicas ambulatoriais (AMAs\/UBSs Integradas), no mesmo hor\u00e1rio. A unidade mais pr\u00f3xima pode ser consultada na&nbsp;<a href=\"https:\/\/buscasaude.prefeitura.sp.gov.br\/\" target=\"_blank\" rel=\"noopener\">plataforma Busca Sa\u00fade<\/a>.<\/p>\n","protected":false},"excerpt":{"rendered":"<p>Foto: &nbsp;Paulo Pinto\/Agencia Brasil A cidade de S\u00e3o Paulo aplicou 1.045.758 doses da vacina de sarampo desde o dia 3 de agosto, in\u00edcio da campanha de multivacina\u00e7\u00e3o. A capital \u00e9 a cidade com mais casos de sarampo no pa\u00eds este ano, 20 dos 24 casos confirmados. O primeiro caso na capital, confirmado em fevereiro, foi [&hellip;]<\/p>\n","protected":false},"author":12,"featured_media":157669,"comment_status":"closed","ping_status":"open","sticky":false,"template":"","format":"standard","meta":{"_acf_changed":false,"_angie_page":false,"_monsterinsights_skip_tracking":false,"_themeisle_gutenberg_block_has_review":false,"page_builder":"","footnotes":"","jetpack_publicize_message":"","jetpack_publicize_feature_enabled":true,"jetpack_social_post_already_shared":true,"jetpack_social_options":{"image_generator_settings":{"template":"highway","default_image_id":0,"font":"","enabled":false},"version":2}},"categories":[25310,24857],"tags":[852,473,1390,567,8570,12165],"class_list":["post-157673","post","type-post","status-publish","format-standard","has-post-thumbnail","hentry","category-sao-paulo","category-saude","tag-capital","tag-contra","tag-paulista","tag-pessoas","tag-sarampo","tag-vacinou"],"acf":[],"nelio_content":{"autoShareEndMode":"never","automationSources":{"useCustomSentences":false,"customSentences":[]},"efiAlt":"","efiUrl":"","followers":[12],"highlights":[],"isAutoShareEnabled":true,"networkImageIds":[],"permalinkQueryArgs":[],"series":[],"suggestedReferences":[]},"yoast_head":"<!-- This site is optimized with the Yoast SEO plugin v28.3 - https:\/\/yoast.com\/product\/yoast-seo-wordpress\/ -->\n<title>Capital paulista vacinou 1 milh\u00e3o de pessoas contra o sarampo - Fatos e Fotos News<\/title>\n<meta name=\"robots\" content=\"index, follow, max-snippet:-1, max-image-preview:large, max-video-preview:-1\" \/>\n<link rel=\"canonical\" href=\"https:\/\/www.fatosefotosnews.com.br\/?p=157673\" \/>\n<meta property=\"og:locale\" content=\"pt_BR\" \/>\n<meta property=\"og:type\" content=\"article\" \/>\n<meta property=\"og:title\" content=\"Capital paulista vacinou 1 milh\u00e3o de pessoas contra o sarampo - Fatos e Fotos News\" \/>\n<meta property=\"og:description\" content=\"Foto: &nbsp;Paulo Pinto\/Agencia Brasil A cidade de S\u00e3o Paulo aplicou 1.045.758 doses da vacina de sarampo desde o dia 3 de agosto, in\u00edcio da campanha de multivacina\u00e7\u00e3o. A capital \u00e9 a cidade com mais casos de sarampo no pa\u00eds este ano, 20 dos 24 casos confirmados. O primeiro caso na capital, confirmado em fevereiro, foi [&hellip;]\" \/>\n<meta property=\"og:url\" content=\"https:\/\/www.fatosefotosnews.com.br\/?p=157673\" \/>\n<meta property=\"og:site_name\" content=\"Fatos e Fotos News\" \/>\n<meta property=\"article:published_time\" content=\"2026-08-21T17:15:00+00:00\" \/>\n<meta property=\"og:image\" content=\"https:\/\/www.fatosefotosnews.com.br\/wp-content\/uploads\/2026\/08\/int1308.webp\" \/>\n\t<meta property=\"og:image:width\" content=\"1170\" \/>\n\t<meta property=\"og:image:height\" content=\"700\" \/>\n\t<meta property=\"og:image:type\" content=\"image\/webp\" \/>\n<meta name=\"author\" content=\"Mirela Portugal\" \/>\n<meta name=\"twitter:card\" content=\"summary_large_image\" \/>\n<meta name=\"twitter:label1\" content=\"Escrito por\" \/>\n\t<meta name=\"twitter:data1\" content=\"Mirela Portugal\" \/>\n\t<meta name=\"twitter:label2\" content=\"Est. tempo de leitura\" \/>\n\t<meta name=\"twitter:data2\" content=\"2 minutos\" \/>\n<script type=\"application\/ld+json\" class=\"yoast-schema-graph\">{\"@context\":\"https:\\\/\\\/schema.org\",\"@graph\":[{\"@type\":\"Article\",\"@id\":\"https:\\\/\\\/www.fatosefotosnews.com.br\\\/?p=157673#article\",\"isPartOf\":{\"@id\":\"https:\\\/\\\/www.fatosefotosnews.com.br\\\/?p=157673\"},\"author\":{\"name\":\"Mirela Portugal\",\"@id\":\"https:\\\/\\\/www.fatosefotosnews.com.br\\\/#\\\/schema\\\/person\\\/17b18da658f5277ed99382206a85602f\"},\"headline\":\"Capital paulista vacinou 1 milh\u00e3o de pessoas contra o sarampo\",\"datePublished\":\"2026-08-21T17:15:00+00:00\",\"mainEntityOfPage\":{\"@id\":\"https:\\\/\\\/www.fatosefotosnews.com.br\\\/?p=157673\"},\"wordCount\":279,\"publisher\":{\"@id\":\"https:\\\/\\\/www.fatosefotosnews.com.br\\\/#organization\"},\"image\":{\"@id\":\"https:\\\/\\\/www.fatosefotosnews.com.br\\\/?p=157673#primaryimage\"},\"thumbnailUrl\":\"https:\\\/\\\/www.fatosefotosnews.com.br\\\/wp-content\\\/uploads\\\/2026\\\/08\\\/int1308.webp\",\"keywords\":[\"capital\",\"contra\",\"paulista\",\"pessoas\",\"sarampo\",\"vacinou\"],\"articleSection\":[\"S\u00e3o Paulo\",\"Sa\u00fade\"],\"inLanguage\":\"pt-BR\"},{\"@type\":\"WebPage\",\"@id\":\"https:\\\/\\\/www.fatosefotosnews.com.br\\\/?p=157673\",\"url\":\"https:\\\/\\\/www.fatosefotosnews.com.br\\\/?p=157673\",\"name\":\"Capital paulista vacinou 1 milh\u00e3o de pessoas contra o sarampo - Fatos e Fotos News\",\"isPartOf\":{\"@id\":\"https:\\\/\\\/www.fatosefotosnews.com.br\\\/#website\"},\"primaryImageOfPage\":{\"@id\":\"https:\\\/\\\/www.fatosefotosnews.com.br\\\/?p=157673#primaryimage\"},\"image\":{\"@id\":\"https:\\\/\\\/www.fatosefotosnews.com.br\\\/?p=157673#primaryimage\"},\"thumbnailUrl\":\"https:\\\/\\\/www.fatosefotosnews.com.br\\\/wp-content\\\/uploads\\\/2026\\\/08\\\/int1308.webp\",\"datePublished\":\"2026-08-21T17:15:00+00:00\",\"breadcrumb\":{\"@id\":\"https:\\\/\\\/www.fatosefotosnews.com.br\\\/?p=157673#breadcrumb\"},\"inLanguage\":\"pt-BR\",\"potentialAction\":[{\"@type\":\"ReadAction\",\"target\":[\"https:\\\/\\\/www.fatosefotosnews.com.br\\\/?p=157673\"]}]},{\"@type\":\"ImageObject\",\"inLanguage\":\"pt-BR\",\"@id\":\"https:\\\/\\\/www.fatosefotosnews.com.br\\\/?p=157673#primaryimage\",\"url\":\"https:\\\/\\\/www.fatosefotosnews.com.br\\\/wp-content\\\/uploads\\\/2026\\\/08\\\/int1308.webp\",\"contentUrl\":\"https:\\\/\\\/www.fatosefotosnews.com.br\\\/wp-content\\\/uploads\\\/2026\\\/08\\\/int1308.webp\",\"width\":1170,\"height\":700},{\"@type\":\"BreadcrumbList\",\"@id\":\"https:\\\/\\\/www.fatosefotosnews.com.br\\\/?p=157673#breadcrumb\",\"itemListElement\":[{\"@type\":\"ListItem\",\"position\":1,\"name\":\"In\u00edcio\",\"item\":\"https:\\\/\\\/www.fatosefotosnews.com.br\\\/\"},{\"@type\":\"ListItem\",\"position\":2,\"name\":\"Capital paulista vacinou 1 milh\u00e3o de pessoas contra o sarampo\"}]},{\"@type\":\"WebSite\",\"@id\":\"https:\\\/\\\/www.fatosefotosnews.com.br\\\/#website\",\"url\":\"https:\\\/\\\/www.fatosefotosnews.com.br\\\/\",\"name\":\"Fatos e Fotos News\",\"description\":\"Um site de noticial verdadeira e confi\u00e1veis.\",\"publisher\":{\"@id\":\"https:\\\/\\\/www.fatosefotosnews.com.br\\\/#organization\"},\"potentialAction\":[{\"@type\":\"SearchAction\",\"target\":{\"@type\":\"EntryPoint\",\"urlTemplate\":\"https:\\\/\\\/www.fatosefotosnews.com.br\\\/?s={search_term_string}\"},\"query-input\":{\"@type\":\"PropertyValueSpecification\",\"valueRequired\":true,\"valueName\":\"search_term_string\"}}],\"inLanguage\":\"pt-BR\"},{\"@type\":\"Organization\",\"@id\":\"https:\\\/\\\/www.fatosefotosnews.com.br\\\/#organization\",\"name\":\"Fatos e Fotos News\",\"url\":\"https:\\\/\\\/www.fatosefotosnews.com.br\\\/\",\"logo\":{\"@type\":\"ImageObject\",\"inLanguage\":\"pt-BR\",\"@id\":\"https:\\\/\\\/www.fatosefotosnews.com.br\\\/#\\\/schema\\\/logo\\\/image\\\/\",\"url\":\"https:\\\/\\\/www.fatosefotosnews.com.br\\\/wp-content\\\/uploads\\\/2023\\\/02\\\/Fatos-e-Fotos-news-logo.png\",\"contentUrl\":\"https:\\\/\\\/www.fatosefotosnews.com.br\\\/wp-content\\\/uploads\\\/2023\\\/02\\\/Fatos-e-Fotos-news-logo.png\",\"width\":300,\"height\":58,\"caption\":\"Fatos e Fotos News\"},\"image\":{\"@id\":\"https:\\\/\\\/www.fatosefotosnews.com.br\\\/#\\\/schema\\\/logo\\\/image\\\/\"}},{\"@type\":\"Person\",\"@id\":\"https:\\\/\\\/www.fatosefotosnews.com.br\\\/#\\\/schema\\\/person\\\/17b18da658f5277ed99382206a85602f\",\"name\":\"Mirela Portugal\",\"image\":{\"@type\":\"ImageObject\",\"inLanguage\":\"pt-BR\",\"@id\":\"https:\\\/\\\/secure.gravatar.com\\\/avatar\\\/2f92fb43fda38d1a46cf4a155e1c2951193d91d9bed3df97fce720eeb9595d08?s=96&d=mm&r=g\",\"url\":\"https:\\\/\\\/secure.gravatar.com\\\/avatar\\\/2f92fb43fda38d1a46cf4a155e1c2951193d91d9bed3df97fce720eeb9595d08?s=96&d=mm&r=g\",\"contentUrl\":\"https:\\\/\\\/secure.gravatar.com\\\/avatar\\\/2f92fb43fda38d1a46cf4a155e1c2951193d91d9bed3df97fce720eeb9595d08?s=96&d=mm&r=g\",\"caption\":\"Mirela Portugal\"},\"sameAs\":[\"http:\\\/\\\/fatosefotosnews.com.br\"],\"url\":\"https:\\\/\\\/www.fatosefotosnews.com.br\\\/?author=12\"}]}<\/script>\n<!-- \/ Yoast SEO plugin. -->","yoast_head_json":{"title":"Capital paulista vacinou 1 milh\u00e3o de pessoas contra o sarampo - Fatos e Fotos News","robots":{"index":"index","follow":"follow","max-snippet":"max-snippet:-1","max-image-preview":"max-image-preview:large","max-video-preview":"max-video-preview:-1"},"canonical":"https:\/\/www.fatosefotosnews.com.br\/?p=157673","og_locale":"pt_BR","og_type":"article","og_title":"Capital paulista vacinou 1 milh\u00e3o de pessoas contra o sarampo - Fatos e Fotos News","og_description":"Foto: &nbsp;Paulo Pinto\/Agencia Brasil A cidade de S\u00e3o Paulo aplicou 1.045.758 doses da vacina de sarampo desde o dia 3 de agosto, in\u00edcio da campanha de multivacina\u00e7\u00e3o. A capital \u00e9 a cidade com mais casos de sarampo no pa\u00eds este ano, 20 dos 24 casos confirmados. O primeiro caso na capital, confirmado em fevereiro, foi [&hellip;]","og_url":"https:\/\/www.fatosefotosnews.com.br\/?p=157673","og_site_name":"Fatos e Fotos News","article_published_time":"2026-08-21T17:15:00+00:00","og_image":[{"width":1170,"height":700,"url":"https:\/\/www.fatosefotosnews.com.br\/wp-content\/uploads\/2026\/08\/int1308.webp","type":"image\/webp"}],"author":"Mirela Portugal","twitter_card":"summary_large_image","twitter_misc":{"Escrito por":"Mirela Portugal","Est. tempo de leitura":"2 minutos"},"schema":{"@context":"https:\/\/schema.org","@graph":[{"@type":"Article","@id":"https:\/\/www.fatosefotosnews.com.br\/?p=157673#article","isPartOf":{"@id":"https:\/\/www.fatosefotosnews.com.br\/?p=157673"},"author":{"name":"Mirela Portugal","@id":"https:\/\/www.fatosefotosnews.com.br\/#\/schema\/person\/17b18da658f5277ed99382206a85602f"},"headline":"Capital paulista vacinou 1 milh\u00e3o de pessoas contra o sarampo","datePublished":"2026-08-21T17:15:00+00:00","mainEntityOfPage":{"@id":"https:\/\/www.fatosefotosnews.com.br\/?p=157673"},"wordCount":279,"publisher":{"@id":"https:\/\/www.fatosefotosnews.com.br\/#organization"},"image":{"@id":"https:\/\/www.fatosefotosnews.com.br\/?p=157673#primaryimage"},"thumbnailUrl":"https:\/\/www.fatosefotosnews.com.br\/wp-content\/uploads\/2026\/08\/int1308.webp","keywords":["capital","contra","paulista","pessoas","sarampo","vacinou"],"articleSection":["S\u00e3o Paulo","Sa\u00fade"],"inLanguage":"pt-BR"},{"@type":"WebPage","@id":"https:\/\/www.fatosefotosnews.com.br\/?p=157673","url":"https:\/\/www.fatosefotosnews.com.br\/?p=157673","name":"Capital paulista vacinou 1 milh\u00e3o de pessoas contra o sarampo - Fatos e Fotos News","isPartOf":{"@id":"https:\/\/www.fatosefotosnews.com.br\/#website"},"primaryImageOfPage":{"@id":"https:\/\/www.fatosefotosnews.com.br\/?p=157673#primaryimage"},"image":{"@id":"https:\/\/www.fatosefotosnews.com.br\/?p=157673#primaryimage"},"thumbnailUrl":"https:\/\/www.fatosefotosnews.com.br\/wp-content\/uploads\/2026\/08\/int1308.webp","datePublished":"2026-08-21T17:15:00+00:00","breadcrumb":{"@id":"https:\/\/www.fatosefotosnews.com.br\/?p=157673#breadcrumb"},"inLanguage":"pt-BR","potentialAction":[{"@type":"ReadAction","target":["https:\/\/www.fatosefotosnews.com.br\/?p=157673"]}]},{"@type":"ImageObject","inLanguage":"pt-BR","@id":"https:\/\/www.fatosefotosnews.com.br\/?p=157673#primaryimage","url":"https:\/\/www.fatosefotosnews.com.br\/wp-content\/uploads\/2026\/08\/int1308.webp","contentUrl":"https:\/\/www.fatosefotosnews.com.br\/wp-content\/uploads\/2026\/08\/int1308.webp","width":1170,"height":700},{"@type":"BreadcrumbList","@id":"https:\/\/www.fatosefotosnews.com.br\/?p=157673#breadcrumb","itemListElement":[{"@type":"ListItem","position":1,"name":"In\u00edcio","item":"https:\/\/www.fatosefotosnews.com.br\/"},{"@type":"ListItem","position":2,"name":"Capital paulista vacinou 1 milh\u00e3o de pessoas contra o sarampo"}]},{"@type":"WebSite","@id":"https:\/\/www.fatosefotosnews.com.br\/#website","url":"https:\/\/www.fatosefotosnews.com.br\/","name":"Fatos e Fotos News","description":"Um site de noticial verdadeira e confi\u00e1veis.","publisher":{"@id":"https:\/\/www.fatosefotosnews.com.br\/#organization"},"potentialAction":[{"@type":"SearchAction","target":{"@type":"EntryPoint","urlTemplate":"https:\/\/www.fatosefotosnews.com.br\/?s={search_term_string}"},"query-input":{"@type":"PropertyValueSpecification","valueRequired":true,"valueName":"search_term_string"}}],"inLanguage":"pt-BR"},{"@type":"Organization","@id":"https:\/\/www.fatosefotosnews.com.br\/#organization","name":"Fatos e Fotos News","url":"https:\/\/www.fatosefotosnews.com.br\/","logo":{"@type":"ImageObject","inLanguage":"pt-BR","@id":"https:\/\/www.fatosefotosnews.com.br\/#\/schema\/logo\/image\/","url":"https:\/\/www.fatosefotosnews.com.br\/wp-content\/uploads\/2023\/02\/Fatos-e-Fotos-news-logo.png","contentUrl":"https:\/\/www.fatosefotosnews.com.br\/wp-content\/uploads\/2023\/02\/Fatos-e-Fotos-news-logo.png","width":300,"height":58,"caption":"Fatos e Fotos News"},"image":{"@id":"https:\/\/www.fatosefotosnews.com.br\/#\/schema\/logo\/image\/"}},{"@type":"Person","@id":"https:\/\/www.fatosefotosnews.com.br\/#\/schema\/person\/17b18da658f5277ed99382206a85602f","name":"Mirela Portugal","image":{"@type":"ImageObject","inLanguage":"pt-BR","@id":"https:\/\/secure.gravatar.com\/avatar\/2f92fb43fda38d1a46cf4a155e1c2951193d91d9bed3df97fce720eeb9595d08?s=96&d=mm&r=g","url":"https:\/\/secure.gravatar.com\/avatar\/2f92fb43fda38d1a46cf4a155e1c2951193d91d9bed3df97fce720eeb9595d08?s=96&d=mm&r=g","contentUrl":"https:\/\/secure.gravatar.com\/avatar\/2f92fb43fda38d1a46cf4a155e1c2951193d91d9bed3df97fce720eeb9595d08?s=96&d=mm&r=g","caption":"Mirela Portugal"},"sameAs":["http:\/\/fatosefotosnews.com.br"],"url":"https:\/\/www.fatosefotosnews.com.br\/?author=12"}]}},"jetpack_publicize_connections":[],"blog_post_layout_featured_media_urls":{"thumbnail":["https:\/\/www.fatosefotosnews.com.br\/wp-content\/uploads\/2026\/08\/int1308-150x150.webp",150,150,true],"full":["https:\/\/www.fatosefotosnews.com.br\/wp-content\/uploads\/2026\/08\/int1308.webp",1170,700,false]},"categories_names":{"25310":{"name":"S\u00e3o Paulo","link":"https:\/\/www.fatosefotosnews.com.br\/?cat=25310"},"24857":{"name":"Sa\u00fade","link":"https:\/\/www.fatosefotosnews.com.br\/?cat=24857"}},"tags_names":{"852":{"name":"capital","link":"https:\/\/www.fatosefotosnews.com.br\/?tag=capital"},"473":{"name":"contra","link":"https:\/\/www.fatosefotosnews.com.br\/?tag=contra"},"1390":{"name":"paulista","link":"https:\/\/www.fatosefotosnews.com.br\/?tag=paulista"},"567":{"name":"pessoas","link":"https:\/\/www.fatosefotosnews.com.br\/?tag=pessoas"},"8570":{"name":"sarampo","link":"https:\/\/www.fatosefotosnews.com.br\/?tag=sarampo"},"12165":{"name":"vacinou","link":"https:\/\/www.fatosefotosnews.com.br\/?tag=vacinou"}},"comments_number":"0","wpmagazine_modules_lite_featured_media_urls":{"thumbnail":["https:\/\/www.fatosefotosnews.com.br\/wp-content\/uploads\/2026\/08\/int1308-150x150.webp",150,150,true],"cvmm-medium":["https:\/\/www.fatosefotosnews.com.br\/wp-content\/uploads\/2026\/08\/int1308-300x300.webp",300,300,true],"cvmm-medium-plus":["https:\/\/www.fatosefotosnews.com.br\/wp-content\/uploads\/2026\/08\/int1308-305x207.webp",305,207,true],"cvmm-portrait":["https:\/\/www.fatosefotosnews.com.br\/wp-content\/uploads\/2026\/08\/int1308-400x600.webp",400,600,true],"cvmm-medium-square":["https:\/\/www.fatosefotosnews.com.br\/wp-content\/uploads\/2026\/08\/int1308-600x600.webp",600,600,true],"cvmm-large":["https:\/\/www.fatosefotosnews.com.br\/wp-content\/uploads\/2026\/08\/int1308-1024x700.webp",1024,700,true],"cvmm-small":["https:\/\/www.fatosefotosnews.com.br\/wp-content\/uploads\/2026\/08\/int1308-130x95.webp",130,95,true],"full":["https:\/\/www.fatosefotosnews.com.br\/wp-content\/uploads\/2026\/08\/int1308.webp",1170,700,false]},"_links":{"self":[{"href":"https:\/\/www.fatosefotosnews.com.br\/index.php?rest_route=\/wp\/v2\/posts\/157673","targetHints":{"allow":["GET"]}}],"collection":[{"href":"https:\/\/www.fatosefotosnews.com.br\/index.php?rest_route=\/wp\/v2\/posts"}],"about":[{"href":"https:\/\/www.fatosefotosnews.com.br\/index.php?rest_route=\/wp\/v2\/types\/post"}],"author":[{"embeddable":true,"href":"https:\/\/www.fatosefotosnews.com.br\/index.php?rest_route=\/wp\/v2\/users\/12"}],"replies":[{"embeddable":true,"href":"https:\/\/www.fatosefotosnews.com.br\/index.php?rest_route=%2Fwp%2Fv2%2Fcomments&post=157673"}],"version-history":[{"count":1,"href":"https:\/\/www.fatosefotosnews.com.br\/index.php?rest_route=\/wp\/v2\/posts\/157673\/revisions"}],"predecessor-version":[{"id":157674,"href":"https:\/\/www.fatosefotosnews.com.br\/index.php?rest_route=\/wp\/v2\/posts\/157673\/revisions\/157674"}],"wp:featuredmedia":[{"embeddable":true,"href":"https:\/\/www.fatosefotosnews.com.br\/index.php?rest_route=\/wp\/v2\/media\/157669"}],"wp:attachment":[{"href":"https:\/\/www.fatosefotosnews.com.br\/index.php?rest_route=%2Fwp%2Fv2%2Fmedia&parent=157673"}],"wp:term":[{"taxonomy":"category","embeddable":true,"href":"https:\/\/www.fatosefotosnews.com.br\/index.php?rest_route=%2Fwp%2Fv2%2Fcategories&post=157673"},{"taxonomy":"post_tag","embeddable":true,"href":"https:\/\/www.fatosefotosnews.com.br\/index.php?rest_route=%2Fwp%2Fv2%2Ftags&post=157673"}],"curies":[{"name":"wp","href":"https:\/\/api.w.org\/{rel}","templated":true}]}}