{"id":157706,"date":"2026-08-22T07:03:00","date_gmt":"2026-08-22T10:03:00","guid":{"rendered":"https:\/\/www.fatosefotosnews.com.br\/?p=157706"},"modified":"2026-08-21T21:05:12","modified_gmt":"2026-08-22T00:05:12","slug":"moraes-determina-cassacao-da-aposentadoria-de-ex-diretor-da-prf","status":"publish","type":"post","link":"https:\/\/www.fatosefotosnews.com.br\/?p=157706","title":{"rendered":"Moraes determina cassa\u00e7\u00e3o da aposentadoria de ex-diretor da PRF"},"content":{"rendered":"\n<p class=\"wp-block-paragraph\">Foto: Lula Marques\/ Ag\u00eancia Brasil<\/p>\n\n\n\n<p class=\"wp-block-paragraph\"><\/p>\n\n\n\n<p class=\"wp-block-paragraph\"><strong>O ministro Alexandre de Moraes, do Supremo Tribunal Federal (STF), determinou nesta sexta-feira (21) a cassa\u00e7\u00e3o da aposentadoria do ex-diretor da Pol\u00edcia Rodovi\u00e1ria Federal (PRF) Silvinei Vasques.<\/strong><img decoding=\"async\" src=\"https:\/\/agenciabrasil.ebc.com.br\/ebc.png?id=1700354&amp;o=node\"><img decoding=\"async\" src=\"https:\/\/agenciabrasil.ebc.com.br\/ebc.gif?id=1700354&amp;o=node\"><\/p>\n\n\n\n<p class=\"wp-block-paragraph\">No ano passado, Silvinei foi&nbsp;<a href=\"https:\/\/agenciabrasil.ebc.com.br\/justica\/noticia\/2025-12\/reus-do-nucleo-2-da-trama-golpista-recebem-penas-entre-8-e-26-anos\" target=\"_blank\" rel=\"noopener\">condenado pelo Supremo a 24 anos e seis&nbsp;meses de pris\u00e3o<\/a>&nbsp;em um dos processos da trama golpista ocorrida no governo Jair Bolsonaro.<\/p>\n\n\n\n<p class=\"wp-block-paragraph\">Al\u00e9m do tempo de pris\u00e3o a cumprir, o ex-diretor foi condenado \u00e0&nbsp;perda do cargo em fun\u00e7\u00e3o da condena\u00e7\u00e3o. Contudo, em 2022, antes da decis\u00e3o do STF, Silvinei conseguiu&nbsp;<a href=\"https:\/\/agenciabrasil.ebc.com.br\/geral\/noticia\/2022-12\/prf-concede-aposentadoria-ex-diretor-silvinei-vasques\" target=\"_blank\" rel=\"noopener\">se aposentar aos 47 anos<\/a>.<\/p>\n\n\n\n<p class=\"wp-block-paragraph\">Na decis\u00e3o,&nbsp;<strong>Moraes disse que o entendimento do Supremo sobre a perda de cargo p\u00fablico em fun\u00e7\u00e3o de condena\u00e7\u00e3o criminal alcan\u00e7a os inativos, ou seja, acarreta a cassa\u00e7\u00e3o da aposentadoria.<\/strong><\/p>\n\n\n\n<p class=\"wp-block-paragraph\">\u201cDiante de todo o exposto, nos termos do art. 21 do RISTF, remeta-se o ac\u00f3rd\u00e3o dos embargos de declara\u00e7\u00e3o \u00e0 Advocacia Geral da Uni\u00e3o, determinado o imediato cumprimento da san\u00e7\u00e3o de perda do cargo p\u00fablico imposta a Silvinei Vasques, mediante a cassa\u00e7\u00e3o de sua aposentadoria no cargo de policial rodovi\u00e1rio federal&#8221;, decidiu.<\/p>\n\n\n\n<p class=\"wp-block-paragraph\">Conforme a acusa\u00e7\u00e3o feita pela Procuradoria-Geral da Rep\u00fablica (PGR), Silvinei atuou para barrar o deslocamento de eleitores do presidente Luiz In\u00e1cio Lula da Silva, no segundo turno das elei\u00e7\u00f5es de 2022, por meio de<em>&nbsp;blitze&nbsp;<\/em>em rodovias do Nordeste.<\/p>\n\n\n\n<p class=\"wp-block-paragraph\">Durante o julgamento do caso, a defesa de Silvinei negou a atua\u00e7\u00e3o do ex-diretor para barrar o deslocamento de eleitores e disse que ele foi alvo de uma &#8220;tempestade midi\u00e1tica&#8221; e de not\u00edcias falsas nas redes sociais.<\/p>\n","protected":false},"excerpt":{"rendered":"<p>Foto: Lula Marques\/ Ag\u00eancia Brasil O ministro Alexandre de Moraes, do Supremo Tribunal Federal (STF), determinou nesta sexta-feira (21) a cassa\u00e7\u00e3o da aposentadoria do ex-diretor da Pol\u00edcia Rodovi\u00e1ria Federal (PRF) Silvinei Vasques. No ano passado, Silvinei foi&nbsp;condenado pelo Supremo a 24 anos e seis&nbsp;meses de pris\u00e3o&nbsp;em um dos processos da trama golpista ocorrida no governo [&hellip;]<\/p>\n","protected":false},"author":12,"featured_media":157702,"comment_status":"closed","ping_status":"open","sticky":false,"template":"","format":"standard","meta":{"_acf_changed":false,"_angie_page":false,"_monsterinsights_skip_tracking":false,"_themeisle_gutenberg_block_has_review":false,"page_builder":"","footnotes":"","jetpack_publicize_message":"","jetpack_publicize_feature_enabled":true,"jetpack_social_post_already_shared":true,"jetpack_social_options":{"image_generator_settings":{"template":"highway","default_image_id":0,"font":"","enabled":false},"version":2}},"categories":[24885],"tags":[4991,3225,1958,1237,1023],"class_list":["post-157706","post","type-post","status-publish","format-standard","has-post-thumbnail","hentry","category-justica","tag-aposentadoria","tag-cassa","tag-determina","tag-diretor","tag-moraes"],"acf":[],"nelio_content":{"autoShareEndMode":"never","automationSources":{"useCustomSentences":false,"customSentences":[]},"efiAlt":"","efiUrl":"","followers":[12],"highlights":[],"isAutoShareEnabled":true,"networkImageIds":[],"permalinkQueryArgs":[],"series":[],"suggestedReferences":[]},"yoast_head":"<!-- This site is optimized with the Yoast SEO plugin v28.3 - https:\/\/yoast.com\/product\/yoast-seo-wordpress\/ -->\n<title>Moraes determina cassa\u00e7\u00e3o da aposentadoria de ex-diretor da PRF - Fatos e Fotos News<\/title>\n<meta name=\"robots\" content=\"index, follow, max-snippet:-1, max-image-preview:large, max-video-preview:-1\" \/>\n<link rel=\"canonical\" href=\"https:\/\/www.fatosefotosnews.com.br\/?p=157706\" \/>\n<meta property=\"og:locale\" content=\"pt_BR\" \/>\n<meta property=\"og:type\" content=\"article\" \/>\n<meta property=\"og:title\" content=\"Moraes determina cassa\u00e7\u00e3o da aposentadoria de ex-diretor da PRF - Fatos e Fotos News\" \/>\n<meta property=\"og:description\" content=\"Foto: Lula Marques\/ Ag\u00eancia Brasil O ministro Alexandre de Moraes, do Supremo Tribunal Federal (STF), determinou nesta sexta-feira (21) a cassa\u00e7\u00e3o da aposentadoria do ex-diretor da Pol\u00edcia Rodovi\u00e1ria Federal (PRF) Silvinei Vasques. No ano passado, Silvinei foi&nbsp;condenado pelo Supremo a 24 anos e seis&nbsp;meses de pris\u00e3o&nbsp;em um dos processos da trama golpista ocorrida no governo [&hellip;]\" \/>\n<meta property=\"og:url\" content=\"https:\/\/www.fatosefotosnews.com.br\/?p=157706\" \/>\n<meta property=\"og:site_name\" content=\"Fatos e Fotos News\" \/>\n<meta property=\"article:published_time\" content=\"2026-08-22T10:03:00+00:00\" \/>\n<meta property=\"og:image\" content=\"https:\/\/www.fatosefotosnews.com.br\/wp-content\/uploads\/2026\/08\/lula9054-16_0.webp\" \/>\n\t<meta property=\"og:image:width\" content=\"1170\" \/>\n\t<meta property=\"og:image:height\" content=\"700\" \/>\n\t<meta property=\"og:image:type\" content=\"image\/webp\" \/>\n<meta name=\"author\" content=\"Mirela Portugal\" \/>\n<meta name=\"twitter:card\" content=\"summary_large_image\" \/>\n<meta name=\"twitter:label1\" content=\"Escrito por\" \/>\n\t<meta name=\"twitter:data1\" content=\"Mirela Portugal\" \/>\n\t<meta name=\"twitter:label2\" content=\"Est. tempo de leitura\" \/>\n\t<meta name=\"twitter:data2\" content=\"2 minutos\" \/>\n<script type=\"application\/ld+json\" class=\"yoast-schema-graph\">{\"@context\":\"https:\\\/\\\/schema.org\",\"@graph\":[{\"@type\":\"Article\",\"@id\":\"https:\\\/\\\/www.fatosefotosnews.com.br\\\/?p=157706#article\",\"isPartOf\":{\"@id\":\"https:\\\/\\\/www.fatosefotosnews.com.br\\\/?p=157706\"},\"author\":{\"name\":\"Mirela Portugal\",\"@id\":\"https:\\\/\\\/www.fatosefotosnews.com.br\\\/#\\\/schema\\\/person\\\/17b18da658f5277ed99382206a85602f\"},\"headline\":\"Moraes determina cassa\u00e7\u00e3o da aposentadoria de ex-diretor da PRF\",\"datePublished\":\"2026-08-22T10:03:00+00:00\",\"mainEntityOfPage\":{\"@id\":\"https:\\\/\\\/www.fatosefotosnews.com.br\\\/?p=157706\"},\"wordCount\":293,\"publisher\":{\"@id\":\"https:\\\/\\\/www.fatosefotosnews.com.br\\\/#organization\"},\"image\":{\"@id\":\"https:\\\/\\\/www.fatosefotosnews.com.br\\\/?p=157706#primaryimage\"},\"thumbnailUrl\":\"https:\\\/\\\/www.fatosefotosnews.com.br\\\/wp-content\\\/uploads\\\/2026\\\/08\\\/lula9054-16_0.webp\",\"keywords\":[\"aposentadoria\",\"cassa\",\"determina\",\"diretor\",\"moraes\"],\"articleSection\":[\"Justi\u00e7a\"],\"inLanguage\":\"pt-BR\"},{\"@type\":\"WebPage\",\"@id\":\"https:\\\/\\\/www.fatosefotosnews.com.br\\\/?p=157706\",\"url\":\"https:\\\/\\\/www.fatosefotosnews.com.br\\\/?p=157706\",\"name\":\"Moraes determina cassa\u00e7\u00e3o da aposentadoria de ex-diretor da PRF - Fatos e Fotos News\",\"isPartOf\":{\"@id\":\"https:\\\/\\\/www.fatosefotosnews.com.br\\\/#website\"},\"primaryImageOfPage\":{\"@id\":\"https:\\\/\\\/www.fatosefotosnews.com.br\\\/?p=157706#primaryimage\"},\"image\":{\"@id\":\"https:\\\/\\\/www.fatosefotosnews.com.br\\\/?p=157706#primaryimage\"},\"thumbnailUrl\":\"https:\\\/\\\/www.fatosefotosnews.com.br\\\/wp-content\\\/uploads\\\/2026\\\/08\\\/lula9054-16_0.webp\",\"datePublished\":\"2026-08-22T10:03:00+00:00\",\"breadcrumb\":{\"@id\":\"https:\\\/\\\/www.fatosefotosnews.com.br\\\/?p=157706#breadcrumb\"},\"inLanguage\":\"pt-BR\",\"potentialAction\":[{\"@type\":\"ReadAction\",\"target\":[\"https:\\\/\\\/www.fatosefotosnews.com.br\\\/?p=157706\"]}]},{\"@type\":\"ImageObject\",\"inLanguage\":\"pt-BR\",\"@id\":\"https:\\\/\\\/www.fatosefotosnews.com.br\\\/?p=157706#primaryimage\",\"url\":\"https:\\\/\\\/www.fatosefotosnews.com.br\\\/wp-content\\\/uploads\\\/2026\\\/08\\\/lula9054-16_0.webp\",\"contentUrl\":\"https:\\\/\\\/www.fatosefotosnews.com.br\\\/wp-content\\\/uploads\\\/2026\\\/08\\\/lula9054-16_0.webp\",\"width\":1170,\"height\":700},{\"@type\":\"BreadcrumbList\",\"@id\":\"https:\\\/\\\/www.fatosefotosnews.com.br\\\/?p=157706#breadcrumb\",\"itemListElement\":[{\"@type\":\"ListItem\",\"position\":1,\"name\":\"In\u00edcio\",\"item\":\"https:\\\/\\\/www.fatosefotosnews.com.br\\\/\"},{\"@type\":\"ListItem\",\"position\":2,\"name\":\"Moraes determina cassa\u00e7\u00e3o da aposentadoria de ex-diretor da PRF\"}]},{\"@type\":\"WebSite\",\"@id\":\"https:\\\/\\\/www.fatosefotosnews.com.br\\\/#website\",\"url\":\"https:\\\/\\\/www.fatosefotosnews.com.br\\\/\",\"name\":\"Fatos e Fotos News\",\"description\":\"Um site de noticial verdadeira e confi\u00e1veis.\",\"publisher\":{\"@id\":\"https:\\\/\\\/www.fatosefotosnews.com.br\\\/#organization\"},\"potentialAction\":[{\"@type\":\"SearchAction\",\"target\":{\"@type\":\"EntryPoint\",\"urlTemplate\":\"https:\\\/\\\/www.fatosefotosnews.com.br\\\/?s={search_term_string}\"},\"query-input\":{\"@type\":\"PropertyValueSpecification\",\"valueRequired\":true,\"valueName\":\"search_term_string\"}}],\"inLanguage\":\"pt-BR\"},{\"@type\":\"Organization\",\"@id\":\"https:\\\/\\\/www.fatosefotosnews.com.br\\\/#organization\",\"name\":\"Fatos e Fotos News\",\"url\":\"https:\\\/\\\/www.fatosefotosnews.com.br\\\/\",\"logo\":{\"@type\":\"ImageObject\",\"inLanguage\":\"pt-BR\",\"@id\":\"https:\\\/\\\/www.fatosefotosnews.com.br\\\/#\\\/schema\\\/logo\\\/image\\\/\",\"url\":\"https:\\\/\\\/www.fatosefotosnews.com.br\\\/wp-content\\\/uploads\\\/2023\\\/02\\\/Fatos-e-Fotos-news-logo.png\",\"contentUrl\":\"https:\\\/\\\/www.fatosefotosnews.com.br\\\/wp-content\\\/uploads\\\/2023\\\/02\\\/Fatos-e-Fotos-news-logo.png\",\"width\":300,\"height\":58,\"caption\":\"Fatos e Fotos News\"},\"image\":{\"@id\":\"https:\\\/\\\/www.fatosefotosnews.com.br\\\/#\\\/schema\\\/logo\\\/image\\\/\"}},{\"@type\":\"Person\",\"@id\":\"https:\\\/\\\/www.fatosefotosnews.com.br\\\/#\\\/schema\\\/person\\\/17b18da658f5277ed99382206a85602f\",\"name\":\"Mirela Portugal\",\"image\":{\"@type\":\"ImageObject\",\"inLanguage\":\"pt-BR\",\"@id\":\"https:\\\/\\\/secure.gravatar.com\\\/avatar\\\/2f92fb43fda38d1a46cf4a155e1c2951193d91d9bed3df97fce720eeb9595d08?s=96&d=mm&r=g\",\"url\":\"https:\\\/\\\/secure.gravatar.com\\\/avatar\\\/2f92fb43fda38d1a46cf4a155e1c2951193d91d9bed3df97fce720eeb9595d08?s=96&d=mm&r=g\",\"contentUrl\":\"https:\\\/\\\/secure.gravatar.com\\\/avatar\\\/2f92fb43fda38d1a46cf4a155e1c2951193d91d9bed3df97fce720eeb9595d08?s=96&d=mm&r=g\",\"caption\":\"Mirela Portugal\"},\"sameAs\":[\"http:\\\/\\\/fatosefotosnews.com.br\"],\"url\":\"https:\\\/\\\/www.fatosefotosnews.com.br\\\/?author=12\"}]}<\/script>\n<!-- \/ Yoast SEO plugin. -->","yoast_head_json":{"title":"Moraes determina cassa\u00e7\u00e3o da aposentadoria de ex-diretor da PRF - Fatos e Fotos News","robots":{"index":"index","follow":"follow","max-snippet":"max-snippet:-1","max-image-preview":"max-image-preview:large","max-video-preview":"max-video-preview:-1"},"canonical":"https:\/\/www.fatosefotosnews.com.br\/?p=157706","og_locale":"pt_BR","og_type":"article","og_title":"Moraes determina cassa\u00e7\u00e3o da aposentadoria de ex-diretor da PRF - Fatos e Fotos News","og_description":"Foto: Lula Marques\/ Ag\u00eancia Brasil O ministro Alexandre de Moraes, do Supremo Tribunal Federal (STF), determinou nesta sexta-feira (21) a cassa\u00e7\u00e3o da aposentadoria do ex-diretor da Pol\u00edcia Rodovi\u00e1ria Federal (PRF) Silvinei Vasques. No ano passado, Silvinei foi&nbsp;condenado pelo Supremo a 24 anos e seis&nbsp;meses de pris\u00e3o&nbsp;em um dos processos da trama golpista ocorrida no governo [&hellip;]","og_url":"https:\/\/www.fatosefotosnews.com.br\/?p=157706","og_site_name":"Fatos e Fotos News","article_published_time":"2026-08-22T10:03:00+00:00","og_image":[{"width":1170,"height":700,"url":"https:\/\/www.fatosefotosnews.com.br\/wp-content\/uploads\/2026\/08\/lula9054-16_0.webp","type":"image\/webp"}],"author":"Mirela Portugal","twitter_card":"summary_large_image","twitter_misc":{"Escrito por":"Mirela Portugal","Est. tempo de leitura":"2 minutos"},"schema":{"@context":"https:\/\/schema.org","@graph":[{"@type":"Article","@id":"https:\/\/www.fatosefotosnews.com.br\/?p=157706#article","isPartOf":{"@id":"https:\/\/www.fatosefotosnews.com.br\/?p=157706"},"author":{"name":"Mirela Portugal","@id":"https:\/\/www.fatosefotosnews.com.br\/#\/schema\/person\/17b18da658f5277ed99382206a85602f"},"headline":"Moraes determina cassa\u00e7\u00e3o da aposentadoria de ex-diretor da PRF","datePublished":"2026-08-22T10:03:00+00:00","mainEntityOfPage":{"@id":"https:\/\/www.fatosefotosnews.com.br\/?p=157706"},"wordCount":293,"publisher":{"@id":"https:\/\/www.fatosefotosnews.com.br\/#organization"},"image":{"@id":"https:\/\/www.fatosefotosnews.com.br\/?p=157706#primaryimage"},"thumbnailUrl":"https:\/\/www.fatosefotosnews.com.br\/wp-content\/uploads\/2026\/08\/lula9054-16_0.webp","keywords":["aposentadoria","cassa","determina","diretor","moraes"],"articleSection":["Justi\u00e7a"],"inLanguage":"pt-BR"},{"@type":"WebPage","@id":"https:\/\/www.fatosefotosnews.com.br\/?p=157706","url":"https:\/\/www.fatosefotosnews.com.br\/?p=157706","name":"Moraes determina cassa\u00e7\u00e3o da aposentadoria de ex-diretor da PRF - Fatos e Fotos News","isPartOf":{"@id":"https:\/\/www.fatosefotosnews.com.br\/#website"},"primaryImageOfPage":{"@id":"https:\/\/www.fatosefotosnews.com.br\/?p=157706#primaryimage"},"image":{"@id":"https:\/\/www.fatosefotosnews.com.br\/?p=157706#primaryimage"},"thumbnailUrl":"https:\/\/www.fatosefotosnews.com.br\/wp-content\/uploads\/2026\/08\/lula9054-16_0.webp","datePublished":"2026-08-22T10:03:00+00:00","breadcrumb":{"@id":"https:\/\/www.fatosefotosnews.com.br\/?p=157706#breadcrumb"},"inLanguage":"pt-BR","potentialAction":[{"@type":"ReadAction","target":["https:\/\/www.fatosefotosnews.com.br\/?p=157706"]}]},{"@type":"ImageObject","inLanguage":"pt-BR","@id":"https:\/\/www.fatosefotosnews.com.br\/?p=157706#primaryimage","url":"https:\/\/www.fatosefotosnews.com.br\/wp-content\/uploads\/2026\/08\/lula9054-16_0.webp","contentUrl":"https:\/\/www.fatosefotosnews.com.br\/wp-content\/uploads\/2026\/08\/lula9054-16_0.webp","width":1170,"height":700},{"@type":"BreadcrumbList","@id":"https:\/\/www.fatosefotosnews.com.br\/?p=157706#breadcrumb","itemListElement":[{"@type":"ListItem","position":1,"name":"In\u00edcio","item":"https:\/\/www.fatosefotosnews.com.br\/"},{"@type":"ListItem","position":2,"name":"Moraes determina cassa\u00e7\u00e3o da aposentadoria de ex-diretor da PRF"}]},{"@type":"WebSite","@id":"https:\/\/www.fatosefotosnews.com.br\/#website","url":"https:\/\/www.fatosefotosnews.com.br\/","name":"Fatos e Fotos News","description":"Um site de noticial verdadeira e confi\u00e1veis.","publisher":{"@id":"https:\/\/www.fatosefotosnews.com.br\/#organization"},"potentialAction":[{"@type":"SearchAction","target":{"@type":"EntryPoint","urlTemplate":"https:\/\/www.fatosefotosnews.com.br\/?s={search_term_string}"},"query-input":{"@type":"PropertyValueSpecification","valueRequired":true,"valueName":"search_term_string"}}],"inLanguage":"pt-BR"},{"@type":"Organization","@id":"https:\/\/www.fatosefotosnews.com.br\/#organization","name":"Fatos e Fotos News","url":"https:\/\/www.fatosefotosnews.com.br\/","logo":{"@type":"ImageObject","inLanguage":"pt-BR","@id":"https:\/\/www.fatosefotosnews.com.br\/#\/schema\/logo\/image\/","url":"https:\/\/www.fatosefotosnews.com.br\/wp-content\/uploads\/2023\/02\/Fatos-e-Fotos-news-logo.png","contentUrl":"https:\/\/www.fatosefotosnews.com.br\/wp-content\/uploads\/2023\/02\/Fatos-e-Fotos-news-logo.png","width":300,"height":58,"caption":"Fatos e Fotos News"},"image":{"@id":"https:\/\/www.fatosefotosnews.com.br\/#\/schema\/logo\/image\/"}},{"@type":"Person","@id":"https:\/\/www.fatosefotosnews.com.br\/#\/schema\/person\/17b18da658f5277ed99382206a85602f","name":"Mirela Portugal","image":{"@type":"ImageObject","inLanguage":"pt-BR","@id":"https:\/\/secure.gravatar.com\/avatar\/2f92fb43fda38d1a46cf4a155e1c2951193d91d9bed3df97fce720eeb9595d08?s=96&d=mm&r=g","url":"https:\/\/secure.gravatar.com\/avatar\/2f92fb43fda38d1a46cf4a155e1c2951193d91d9bed3df97fce720eeb9595d08?s=96&d=mm&r=g","contentUrl":"https:\/\/secure.gravatar.com\/avatar\/2f92fb43fda38d1a46cf4a155e1c2951193d91d9bed3df97fce720eeb9595d08?s=96&d=mm&r=g","caption":"Mirela Portugal"},"sameAs":["http:\/\/fatosefotosnews.com.br"],"url":"https:\/\/www.fatosefotosnews.com.br\/?author=12"}]}},"jetpack_publicize_connections":[],"blog_post_layout_featured_media_urls":{"thumbnail":["https:\/\/www.fatosefotosnews.com.br\/wp-content\/uploads\/2026\/08\/lula9054-16_0-150x150.webp",150,150,true],"full":["https:\/\/www.fatosefotosnews.com.br\/wp-content\/uploads\/2026\/08\/lula9054-16_0.webp",1170,700,false]},"categories_names":{"24885":{"name":"Justi\u00e7a","link":"https:\/\/www.fatosefotosnews.com.br\/?cat=24885"}},"tags_names":{"4991":{"name":"aposentadoria","link":"https:\/\/www.fatosefotosnews.com.br\/?tag=aposentadoria"},"3225":{"name":"cassa","link":"https:\/\/www.fatosefotosnews.com.br\/?tag=cassa"},"1958":{"name":"determina","link":"https:\/\/www.fatosefotosnews.com.br\/?tag=determina"},"1237":{"name":"diretor","link":"https:\/\/www.fatosefotosnews.com.br\/?tag=diretor"},"1023":{"name":"moraes","link":"https:\/\/www.fatosefotosnews.com.br\/?tag=moraes"}},"comments_number":"0","wpmagazine_modules_lite_featured_media_urls":{"thumbnail":["https:\/\/www.fatosefotosnews.com.br\/wp-content\/uploads\/2026\/08\/lula9054-16_0-150x150.webp",150,150,true],"cvmm-medium":["https:\/\/www.fatosefotosnews.com.br\/wp-content\/uploads\/2026\/08\/lula9054-16_0-300x300.webp",300,300,true],"cvmm-medium-plus":["https:\/\/www.fatosefotosnews.com.br\/wp-content\/uploads\/2026\/08\/lula9054-16_0-305x207.webp",305,207,true],"cvmm-portrait":["https:\/\/www.fatosefotosnews.com.br\/wp-content\/uploads\/2026\/08\/lula9054-16_0-400x600.webp",400,600,true],"cvmm-medium-square":["https:\/\/www.fatosefotosnews.com.br\/wp-content\/uploads\/2026\/08\/lula9054-16_0-600x600.webp",600,600,true],"cvmm-large":["https:\/\/www.fatosefotosnews.com.br\/wp-content\/uploads\/2026\/08\/lula9054-16_0-1024x700.webp",1024,700,true],"cvmm-small":["https:\/\/www.fatosefotosnews.com.br\/wp-content\/uploads\/2026\/08\/lula9054-16_0-130x95.webp",130,95,true],"full":["https:\/\/www.fatosefotosnews.com.br\/wp-content\/uploads\/2026\/08\/lula9054-16_0.webp",1170,700,false]},"_links":{"self":[{"href":"https:\/\/www.fatosefotosnews.com.br\/index.php?rest_route=\/wp\/v2\/posts\/157706","targetHints":{"allow":["GET"]}}],"collection":[{"href":"https:\/\/www.fatosefotosnews.com.br\/index.php?rest_route=\/wp\/v2\/posts"}],"about":[{"href":"https:\/\/www.fatosefotosnews.com.br\/index.php?rest_route=\/wp\/v2\/types\/post"}],"author":[{"embeddable":true,"href":"https:\/\/www.fatosefotosnews.com.br\/index.php?rest_route=\/wp\/v2\/users\/12"}],"replies":[{"embeddable":true,"href":"https:\/\/www.fatosefotosnews.com.br\/index.php?rest_route=%2Fwp%2Fv2%2Fcomments&post=157706"}],"version-history":[{"count":1,"href":"https:\/\/www.fatosefotosnews.com.br\/index.php?rest_route=\/wp\/v2\/posts\/157706\/revisions"}],"predecessor-version":[{"id":157707,"href":"https:\/\/www.fatosefotosnews.com.br\/index.php?rest_route=\/wp\/v2\/posts\/157706\/revisions\/157707"}],"wp:featuredmedia":[{"embeddable":true,"href":"https:\/\/www.fatosefotosnews.com.br\/index.php?rest_route=\/wp\/v2\/media\/157702"}],"wp:attachment":[{"href":"https:\/\/www.fatosefotosnews.com.br\/index.php?rest_route=%2Fwp%2Fv2%2Fmedia&parent=157706"}],"wp:term":[{"taxonomy":"category","embeddable":true,"href":"https:\/\/www.fatosefotosnews.com.br\/index.php?rest_route=%2Fwp%2Fv2%2Fcategories&post=157706"},{"taxonomy":"post_tag","embeddable":true,"href":"https:\/\/www.fatosefotosnews.com.br\/index.php?rest_route=%2Fwp%2Fv2%2Ftags&post=157706"}],"curies":[{"name":"wp","href":"https:\/\/api.w.org\/{rel}","templated":true}]}}