{"id":157732,"date":"2026-08-23T09:35:16","date_gmt":"2026-08-23T12:35:16","guid":{"rendered":"https:\/\/www.fatosefotosnews.com.br\/?p=157732"},"modified":"2026-08-23T09:35:16","modified_gmt":"2026-08-23T12:35:16","slug":"veja-como-foi-o-sabado-22-dos-candidatos-a-presidente","status":"publish","type":"post","link":"https:\/\/www.fatosefotosnews.com.br\/?p=157732","title":{"rendered":"Veja como foi o s\u00e1bado (22) dos candidatos a presidente"},"content":{"rendered":"<p>Foto: Ricardo Stuckert\/PT e Vittor Sales\/PL<\/p>\n<div id=\"block-tts-block-tts\" class=\"block block-tts\">\n<div class=\"content\">\n<div id=\"tts-container\" class=\"container-audio rel-position\">\n<div class=\"title abs-position\"><\/div>\n<\/div>\n<\/div>\n<\/div>\n<div class=\"conteudo-noticia\">\n<p>A agenda dos candidatos \u00e0 Presid\u00eancia da Rep\u00fablica neste s\u00e1bado (22) teve como destaque os compromissos de campanha de Luiz In\u00e1cio Lula da Silva e Fl\u00e1vio Bolsonaro no Rio de Janeiro. Os dois candidatos participaram de atos na capital fluminense, realizados simultaneamente, e apresentaram propostas principalmente nas \u00e1reas de seguran\u00e7a p\u00fablica, educa\u00e7\u00e3o e desenvolvimento econ\u00f4mico.<img decoding=\"async\" src=\"https:\/\/agenciabrasil.ebc.com.br\/ebc.png?id=1700411&amp;o=node\" \/><img decoding=\"async\" src=\"https:\/\/agenciabrasil.ebc.com.br\/ebc.gif?id=1700411&amp;o=node\" \/><\/p>\n<p>Os demais presidenci\u00e1veis tiveram compromissos em diferentes estados, com agendas que inclu\u00edram caminhadas, panfletagens, entrevistas e encontros com eleitores.<\/p>\n<p><strong>&gt;&gt; Veja como foi o dia dos presidenci\u00e1veis:<\/strong><\/p>\n<p><strong>Luiz In\u00e1cio Lula da Silva (PT)<\/strong><\/p>\n<p>Postulante ao quarto mandato, o presidente Luiz In\u00e1cio Lula da Silva cumpriu agenda de campanha no Rio de Janeiro. Ele realizou o primeiro com\u00edcio de sua campanha na capital fluminense, no Est\u00e1dio Prolet\u00e1rio Mo\u00e7a Bonita, em Bangu, na Zona Oeste.<\/p>\n<p>Lula defendeu as candidaturas regionais da sua alian\u00e7a como uma oportunidade para tirar o Rio de Janeiro das p\u00e1ginas policiais e impulsionar o desenvolvimento do estado. O presidente tamb\u00e9m elegeu a educa\u00e7\u00e3o como tema de destaque na sua fala. Prometeu aumentar a oferta de escolas em tempo integral e criar novos institutos federais.<\/p>\n<p>\u201cE quando algu\u00e9m disser para voc\u00eas: &#8216;mas custa caro fazer educa\u00e7\u00e3o&#8217;, voc\u00eas precisam responder, \u2018e quanto custa n\u00e3o fazer?\u2019. Ou a gente investe em educa\u00e7\u00e3o hoje ou vai ter que investir em cadeias amanh\u00e3. Eu sei que o sonho de cada m\u00e3e, de cada pai \u00e9 deixar uma profiss\u00e3o para os filhos\u201d.<\/p>\n<p>Lula tamb\u00e9m comentou a rela\u00e7\u00e3o com outros pa\u00edses. Disse que est\u00e1 disposto a negociar em quest\u00f5es como a explora\u00e7\u00e3o de terras raras, mas que seu pa\u00eds de prefer\u00eancia \u00e9 o Brasil e que os interesses nacionais ser\u00e3o priorizados. Disse tamb\u00e9m que pretende investir mais no aparato de defesa nacional, para a prote\u00e7\u00e3o das fronteiras e para impor respeito em momentos de diverg\u00eancia.<\/p>\n<p>O tema da seguran\u00e7a p\u00fablica tamb\u00e9m foi citado. \u201cVamos tirar os bandidos dos territ\u00f3rios do Rio de Janeiro e devolver o territ\u00f3rio para o povo. N\u00e3o vamos fazer pirotecnia, matar 100 ou 200, mas vamos prender\u201d.<\/p>\n<p><strong>Fl\u00e1vio Bolsonaro (PL)<\/strong><\/p>\n<p>O candidato Fl\u00e1vio Bolsonaro tamb\u00e9m cumpriu agenda de campanha no Rio de Janeiro. Ele participou de um ato no Maracan\u00e3zinho, na Zona Norte da capital. O evento marcou o lan\u00e7amento conjunto de candidaturas do PL no estado.<\/p>\n<p>Ele concentrou o discurso na seguran\u00e7a p\u00fablica e afirmou que o avan\u00e7o do crime organizado no Rio de Janeiro e no pa\u00eds exige medidas mais duras de combate \u00e0 criminalidade.<\/p>\n<p>Fl\u00e1vio Bolsonaro prometeu enquadrar PCC, Comando Vermelho e mil\u00edcias como organiza\u00e7\u00f5es terroristas; e defendeu o endurecimento das penas, a redu\u00e7\u00e3o da maioridade penal para 14 anos em casos de estupro e a castra\u00e7\u00e3o qu\u00edmica para estupradores.<\/p>\n<p>\u201cO bandido vai ser tirado de circula\u00e7\u00e3o em p\u00e9 ou deitado porque quem tem que andar sem medo na rua somos n\u00f3s que as ruas s\u00e3o nossas\u201d, discursou.<\/p>\n<p>Ele disse que pretende manter programas de transfer\u00eancia de renda, desde que associados \u00e0 qualifica\u00e7\u00e3o profissional, \u00e0 expans\u00e3o do ensino t\u00e9cnico e ao incentivo ao empreendedorismo por meio de um programa voltado \u00e0 cria\u00e7\u00e3o de pequenas empresas.<\/p>\n<p><strong>Ronaldo Caiado (PSD)\u00a0<\/strong><\/p>\n<p>O candidato Ronaldo Caiado participou de eventos em Ara\u00e7atuba e em Campinas. Em meio \u00e0 campanha, conversou com jornalistas. O candidato afirmou que o Brasil precisa ampliar os investimentos em log\u00edstica para reduzir custos e aumentar a competitividade da economia, especialmente do agroneg\u00f3cio.<\/p>\n<p>Na \u00e1rea de seguran\u00e7a p\u00fablica, o candidato prop\u00f4s classificar as fac\u00e7\u00f5es criminosas como organiza\u00e7\u00f5es terroristas, construir 40 pres\u00eddios de seguran\u00e7a m\u00e1xima e ampliar o uso de intelig\u00eancia artificial no combate ao crime. Defendeu tamb\u00e9m a\u00e7\u00f5es conjuntas com pa\u00edses vizinhos para enfrentar o narcotr\u00e1fico, o contrabando de armas e a lavagem de dinheiro.<\/p>\n<p>Caiado foi questionado diretamente sobre ser ou n\u00e3o favor\u00e1vel \u00e0 redu\u00e7\u00e3o da jornada e ao fim da escala 6&#215;1. Sua resposta foi curta e objetiva: &#8220;sim, sou a favor.&#8221; Ele, no entanto, n\u00e3o detalhou como pretende implementar a mudan\u00e7a, nem apresentou proposta espec\u00edfica sobre carga hor\u00e1ria ou modelo de transi\u00e7\u00e3o.<\/p>\n<p><strong>Augusto Cury (Avante)\u00a0<\/strong><\/p>\n<p>O candidato Augusto Cury (Avante) passou o dia em S\u00e3o Paulo (SP). Ele participou, como convidado, do 2\u00ba Congresso de RH do Sul e Sudeste do Par\u00e1. \u00c0 tarde, ele gravou conte\u00fados de campanha e fez prepara\u00e7\u00e3o para o primeiro debate presidencial.<\/p>\n<p>\u00c0 noite, programou visita \u00e0 tradicional Festa de Nossa Senhora de Achiropita, no bairro do Bixiga.<\/p>\n<p><strong>Romeu Zema (Novo)\u00a0<\/strong><\/p>\n<p>O candidato Romeu Zema (Novo) esteve na Pra\u00e7a Dom Orione, em Bela Vista (MG), onde conversou com aposentados e pensionistas. Perguntado sobre a proposta que teria para a Previd\u00eancia, ele defendeu a cria\u00e7\u00e3o do contrato de trabalho por hora trabalhada para, segundo ele, ampliar a formaliza\u00e7\u00e3o e aumentar a arrecada\u00e7\u00e3o previdenci\u00e1ria.<\/p>\n<p>\u201cTalvez vamos ter de aumentar o tempo de contribui\u00e7\u00e3o de quem est\u00e1 chegando no mercado de trabalho\u201d, disse ele ao defender que a reforma previdenci\u00e1ria seja implementada de forma gradual.<\/p>\n<p>Ele reiterou o posicionamento contr\u00e1rio \u00e0s apostas on-line (bets). Disse ser totalmente contr\u00e1rio \u00e0s plataformas de apostas, que definiu como &#8220;coca\u00edna digital&#8221;, e afirmou que pretende acabar com essa atividade caso seja eleito presidente.<\/p>\n<p><strong>Renan Santos (Miss\u00e3o)<\/strong><\/p>\n<p>O candidato Renan Santos (Miss\u00e3o) lan\u00e7ou, neste s\u00e1bado (22), no Jardim Panorama, em S\u00e3o Paulo, o que a campanha chamou de \u201cmarco da desfaveliza\u00e7\u00e3o\u201d.<\/p>\n<p>Ele defendeu um programa nacional de urbaniza\u00e7\u00e3o de favelas, com constru\u00e7\u00e3o de edif\u00edcios residenciais, infraestrutura e abertura das regi\u00f5es para novos empreendimentos. Segundo o candidato, a verticaliza\u00e7\u00e3o permitiria garantir moradia aos atuais residentes e, ao mesmo tempo, reorganizar urbanisticamente essas regi\u00f5es, inclusive com participa\u00e7\u00e3o privada na implanta\u00e7\u00e3o de novos bairros, servi\u00e7os e hot\u00e9is.<\/p>\n<p>Renan defendeu a cria\u00e7\u00e3o de regras para proibir invas\u00f5es de terrenos p\u00fablicos e privados e criticou movimentos que, segundo ele, utilizam fam\u00edlias como \u201cmassa de manobra\u201d em ocupa\u00e7\u00f5es.<\/p>\n<p><strong>Edmilson Costa (PCB)\u00a0<\/strong><\/p>\n<p>O candidato participou de reuni\u00e3o da Internacional Antifascista, na Casa da Am\u00e9rica Latina, no Rio de Janeiro (RJ).<\/p>\n<p>&#8220;N\u00f3s defendemos a necessidade da forma\u00e7\u00e3o de uma frente antiimperialista, com a participa\u00e7\u00e3o do movimento sindical, popular da juventude para se contrapor a ofensiva do imperialismo em nosso pa\u00eds e que esse movimento coloque tamb\u00e9m na ordem do dia a pauta dos trabalhadores. Esse processo deve se materializar na constru\u00e7\u00e3o dos Comit\u00eas Populares nos bairros, nos locais de trabalho e estudo, de forma a que o movimento ganhei um car\u00e1ter de massa&#8221;, afirmou.<\/p>\n<p><strong>Hertz Dias (PSTU)\u00a0<\/strong><\/p>\n<p>O candidato Hertz Dias teve agenda na capital paulista e na regi\u00e3o do ABC. Em meio a caminhadas e panfletagens, fez discursos em defesa da moradia popular e criticou a especula\u00e7\u00e3o imobili\u00e1ria. \u00a0\u201cS\u00e3o Paulo expressa uma das maiores contradi\u00e7\u00f5es do pa\u00eds. De um lado, im\u00f3veis vazios e grandes empreendimentos voltados ao lucro. De outro, milh\u00f5es de trabalhadores vivendo em condi\u00e7\u00f5es prec\u00e1rias, pagando alugu\u00e9is abusivos ou enfrentando enormes dificuldades para conquistar uma moradia digna\u201d, declarou.<\/p>\n<p>Como proposta, defendeu a implementa\u00e7\u00e3o de um amplo plano nacional de obras p\u00fablicas voltado \u00e0 constru\u00e7\u00e3o de moradias populares, escolas, hospitais, creches, obras de saneamento e outros equipamentos urbanos.<\/p>\n<p><strong>Clariana Bar\u00e3o (DC)<\/strong><\/p>\n<p>A candidata Clariana Bar\u00e3o\u00a0concedeu algumas entrevistas a ve\u00edculos jornal\u00edsticos. Ela defendeu a substitui\u00e7\u00e3o gradual da escala 6&#215;1 pela 5&#215;2, argumentando que a mudan\u00e7a pode melhorar a qualidade de vida dos trabalhadores.<\/p>\n<p>Ela ponderou que a transi\u00e7\u00e3o deve ser planejada e adaptada \u00e0s diferentes realidades de setores como com\u00e9rcio, sa\u00fade, ind\u00fastria e tecnologia, sem redu\u00e7\u00e3o salarial, aumento da precariza\u00e7\u00e3o ou perda de empregos. \u201cA pergunta n\u00e3o deve ser apenas se somos a favor ou contra a escala 6&#215;1, mas como garantir mais qualidade de vida sem comprometer o crescimento econ\u00f4mico\u201d, disse.<\/p>\n<p><strong>Wilson Grassi (Democrata)\u00a0<\/strong><\/p>\n<p>O candidato do Partido Democrata, Wilson Grassi, teve duas reuni\u00f5es neste s\u00e1bado com as equipes de coordena\u00e7\u00e3o e de marketing da campanha.<\/p>\n<p>Ap\u00f3s decis\u00e3o do Tribunal Superior Eleitoral (TSE), o candidato<strong>\u00a0Pablo Mar\u00e7al (PRTB)<\/strong>\u00a0est\u00e1 proibido de fazer campanha eleitoral, comparecer a debates e participar do hor\u00e1rio eleitoral no r\u00e1dio e na TV.<\/p>\n<p>A equipe de reportagem da\u00a0<strong>Ag\u00eancia Brasil\u00a0<\/strong>entrou em contato com as equipes dos candidatos\u00a0<strong>Rui Costa (PCO)<\/strong>\u00a0e<strong>\u00a0Samara Martins<\/strong>\u00a0(Unidade Popular) mas n\u00e3o obteve retorno at\u00e9 o fechamento desta mat\u00e9ria.<\/p>\n<\/div>\n","protected":false},"excerpt":{"rendered":"<p>Foto: Ricardo Stuckert\/PT e Vittor Sales\/PL A agenda dos candidatos \u00e0 Presid\u00eancia da Rep\u00fablica neste s\u00e1bado (22) teve como destaque os compromissos de campanha de Luiz In\u00e1cio Lula da Silva e Fl\u00e1vio Bolsonaro no Rio de Janeiro. Os dois candidatos participaram de atos na capital fluminense, realizados simultaneamente, e apresentaram propostas principalmente nas \u00e1reas de [&hellip;]<\/p>\n","protected":false},"author":12,"featured_media":157740,"comment_status":"closed","ping_status":"open","sticky":false,"template":"","format":"standard","meta":{"_acf_changed":false,"_angie_page":false,"_monsterinsights_skip_tracking":false,"_themeisle_gutenberg_block_has_review":false,"page_builder":"","footnotes":"","jetpack_publicize_message":"","jetpack_publicize_feature_enabled":true,"jetpack_social_post_already_shared":true,"jetpack_social_options":{"image_generator_settings":{"template":"highway","default_image_id":0,"font":"","enabled":false},"version":2}},"categories":[29246],"tags":[4930,453,903],"class_list":["post-157732","post","type-post","status-publish","format-standard","has-post-thumbnail","hentry","category-eleicoes-2026","tag-candidatos","tag-presidente","tag-sabado"],"acf":[],"nelio_content":{"autoShareEndMode":"never","automationSources":{"useCustomSentences":false,"customSentences":[]},"efiAlt":"","efiUrl":"","followers":[12],"highlights":[],"isAutoShareEnabled":true,"networkImageIds":[],"permalinkQueryArgs":[],"series":[],"suggestedReferences":[]},"yoast_head":"<!-- This site is optimized with the Yoast SEO plugin v28.3 - https:\/\/yoast.com\/product\/yoast-seo-wordpress\/ -->\n<title>Veja como foi o s\u00e1bado (22) dos candidatos a presidente - Fatos e Fotos News<\/title>\n<meta name=\"robots\" content=\"index, follow, max-snippet:-1, max-image-preview:large, max-video-preview:-1\" \/>\n<link rel=\"canonical\" href=\"https:\/\/www.fatosefotosnews.com.br\/?p=157732\" \/>\n<meta property=\"og:locale\" content=\"pt_BR\" \/>\n<meta property=\"og:type\" content=\"article\" \/>\n<meta property=\"og:title\" content=\"Veja como foi o s\u00e1bado (22) dos candidatos a presidente - Fatos e Fotos News\" \/>\n<meta property=\"og:description\" content=\"Foto: Ricardo Stuckert\/PT e Vittor Sales\/PL A agenda dos candidatos \u00e0 Presid\u00eancia da Rep\u00fablica neste s\u00e1bado (22) teve como destaque os compromissos de campanha de Luiz In\u00e1cio Lula da Silva e Fl\u00e1vio Bolsonaro no Rio de Janeiro. Os dois candidatos participaram de atos na capital fluminense, realizados simultaneamente, e apresentaram propostas principalmente nas \u00e1reas de [&hellip;]\" \/>\n<meta property=\"og:url\" content=\"https:\/\/www.fatosefotosnews.com.br\/?p=157732\" \/>\n<meta property=\"og:site_name\" content=\"Fatos e Fotos News\" \/>\n<meta property=\"article:published_time\" content=\"2026-08-23T12:35:16+00:00\" \/>\n<meta property=\"og:image\" content=\"https:\/\/www.fatosefotosnews.com.br\/wp-content\/uploads\/2026\/08\/montagem_lula_e_flavio.webp\" \/>\n\t<meta property=\"og:image:width\" content=\"1170\" \/>\n\t<meta property=\"og:image:height\" content=\"700\" \/>\n\t<meta property=\"og:image:type\" content=\"image\/webp\" \/>\n<meta name=\"author\" content=\"Mirela Portugal\" \/>\n<meta name=\"twitter:card\" content=\"summary_large_image\" \/>\n<meta name=\"twitter:label1\" content=\"Escrito por\" \/>\n\t<meta name=\"twitter:data1\" content=\"Mirela Portugal\" \/>\n\t<meta name=\"twitter:label2\" content=\"Est. tempo de leitura\" \/>\n\t<meta name=\"twitter:data2\" content=\"8 minutos\" \/>\n<script type=\"application\/ld+json\" class=\"yoast-schema-graph\">{\"@context\":\"https:\\\/\\\/schema.org\",\"@graph\":[{\"@type\":\"Article\",\"@id\":\"https:\\\/\\\/www.fatosefotosnews.com.br\\\/?p=157732#article\",\"isPartOf\":{\"@id\":\"https:\\\/\\\/www.fatosefotosnews.com.br\\\/?p=157732\"},\"author\":{\"name\":\"Mirela Portugal\",\"@id\":\"https:\\\/\\\/www.fatosefotosnews.com.br\\\/#\\\/schema\\\/person\\\/17b18da658f5277ed99382206a85602f\"},\"headline\":\"Veja como foi o s\u00e1bado (22) dos candidatos a presidente\",\"datePublished\":\"2026-08-23T12:35:16+00:00\",\"mainEntityOfPage\":{\"@id\":\"https:\\\/\\\/www.fatosefotosnews.com.br\\\/?p=157732\"},\"wordCount\":1496,\"publisher\":{\"@id\":\"https:\\\/\\\/www.fatosefotosnews.com.br\\\/#organization\"},\"image\":{\"@id\":\"https:\\\/\\\/www.fatosefotosnews.com.br\\\/?p=157732#primaryimage\"},\"thumbnailUrl\":\"https:\\\/\\\/www.fatosefotosnews.com.br\\\/wp-content\\\/uploads\\\/2026\\\/08\\\/montagem_lula_e_flavio.webp\",\"keywords\":[\"candidatos\",\"presidente\",\"sabado\"],\"articleSection\":[\"Elei\u00e7\u00f5es 2026\"],\"inLanguage\":\"pt-BR\"},{\"@type\":\"WebPage\",\"@id\":\"https:\\\/\\\/www.fatosefotosnews.com.br\\\/?p=157732\",\"url\":\"https:\\\/\\\/www.fatosefotosnews.com.br\\\/?p=157732\",\"name\":\"Veja como foi o s\u00e1bado (22) dos candidatos a presidente - Fatos e Fotos News\",\"isPartOf\":{\"@id\":\"https:\\\/\\\/www.fatosefotosnews.com.br\\\/#website\"},\"primaryImageOfPage\":{\"@id\":\"https:\\\/\\\/www.fatosefotosnews.com.br\\\/?p=157732#primaryimage\"},\"image\":{\"@id\":\"https:\\\/\\\/www.fatosefotosnews.com.br\\\/?p=157732#primaryimage\"},\"thumbnailUrl\":\"https:\\\/\\\/www.fatosefotosnews.com.br\\\/wp-content\\\/uploads\\\/2026\\\/08\\\/montagem_lula_e_flavio.webp\",\"datePublished\":\"2026-08-23T12:35:16+00:00\",\"breadcrumb\":{\"@id\":\"https:\\\/\\\/www.fatosefotosnews.com.br\\\/?p=157732#breadcrumb\"},\"inLanguage\":\"pt-BR\",\"potentialAction\":[{\"@type\":\"ReadAction\",\"target\":[\"https:\\\/\\\/www.fatosefotosnews.com.br\\\/?p=157732\"]}]},{\"@type\":\"ImageObject\",\"inLanguage\":\"pt-BR\",\"@id\":\"https:\\\/\\\/www.fatosefotosnews.com.br\\\/?p=157732#primaryimage\",\"url\":\"https:\\\/\\\/www.fatosefotosnews.com.br\\\/wp-content\\\/uploads\\\/2026\\\/08\\\/montagem_lula_e_flavio.webp\",\"contentUrl\":\"https:\\\/\\\/www.fatosefotosnews.com.br\\\/wp-content\\\/uploads\\\/2026\\\/08\\\/montagem_lula_e_flavio.webp\",\"width\":1170,\"height\":700},{\"@type\":\"BreadcrumbList\",\"@id\":\"https:\\\/\\\/www.fatosefotosnews.com.br\\\/?p=157732#breadcrumb\",\"itemListElement\":[{\"@type\":\"ListItem\",\"position\":1,\"name\":\"In\u00edcio\",\"item\":\"https:\\\/\\\/www.fatosefotosnews.com.br\\\/\"},{\"@type\":\"ListItem\",\"position\":2,\"name\":\"Veja como foi o s\u00e1bado (22) dos candidatos a presidente\"}]},{\"@type\":\"WebSite\",\"@id\":\"https:\\\/\\\/www.fatosefotosnews.com.br\\\/#website\",\"url\":\"https:\\\/\\\/www.fatosefotosnews.com.br\\\/\",\"name\":\"Fatos e Fotos News\",\"description\":\"Um site de noticial verdadeira e confi\u00e1veis.\",\"publisher\":{\"@id\":\"https:\\\/\\\/www.fatosefotosnews.com.br\\\/#organization\"},\"potentialAction\":[{\"@type\":\"SearchAction\",\"target\":{\"@type\":\"EntryPoint\",\"urlTemplate\":\"https:\\\/\\\/www.fatosefotosnews.com.br\\\/?s={search_term_string}\"},\"query-input\":{\"@type\":\"PropertyValueSpecification\",\"valueRequired\":true,\"valueName\":\"search_term_string\"}}],\"inLanguage\":\"pt-BR\"},{\"@type\":\"Organization\",\"@id\":\"https:\\\/\\\/www.fatosefotosnews.com.br\\\/#organization\",\"name\":\"Fatos e Fotos News\",\"url\":\"https:\\\/\\\/www.fatosefotosnews.com.br\\\/\",\"logo\":{\"@type\":\"ImageObject\",\"inLanguage\":\"pt-BR\",\"@id\":\"https:\\\/\\\/www.fatosefotosnews.com.br\\\/#\\\/schema\\\/logo\\\/image\\\/\",\"url\":\"https:\\\/\\\/www.fatosefotosnews.com.br\\\/wp-content\\\/uploads\\\/2023\\\/02\\\/Fatos-e-Fotos-news-logo.png\",\"contentUrl\":\"https:\\\/\\\/www.fatosefotosnews.com.br\\\/wp-content\\\/uploads\\\/2023\\\/02\\\/Fatos-e-Fotos-news-logo.png\",\"width\":300,\"height\":58,\"caption\":\"Fatos e Fotos News\"},\"image\":{\"@id\":\"https:\\\/\\\/www.fatosefotosnews.com.br\\\/#\\\/schema\\\/logo\\\/image\\\/\"}},{\"@type\":\"Person\",\"@id\":\"https:\\\/\\\/www.fatosefotosnews.com.br\\\/#\\\/schema\\\/person\\\/17b18da658f5277ed99382206a85602f\",\"name\":\"Mirela Portugal\",\"image\":{\"@type\":\"ImageObject\",\"inLanguage\":\"pt-BR\",\"@id\":\"https:\\\/\\\/secure.gravatar.com\\\/avatar\\\/2f92fb43fda38d1a46cf4a155e1c2951193d91d9bed3df97fce720eeb9595d08?s=96&d=mm&r=g\",\"url\":\"https:\\\/\\\/secure.gravatar.com\\\/avatar\\\/2f92fb43fda38d1a46cf4a155e1c2951193d91d9bed3df97fce720eeb9595d08?s=96&d=mm&r=g\",\"contentUrl\":\"https:\\\/\\\/secure.gravatar.com\\\/avatar\\\/2f92fb43fda38d1a46cf4a155e1c2951193d91d9bed3df97fce720eeb9595d08?s=96&d=mm&r=g\",\"caption\":\"Mirela Portugal\"},\"sameAs\":[\"http:\\\/\\\/fatosefotosnews.com.br\"],\"url\":\"https:\\\/\\\/www.fatosefotosnews.com.br\\\/?author=12\"}]}<\/script>\n<!-- \/ Yoast SEO plugin. -->","yoast_head_json":{"title":"Veja como foi o s\u00e1bado (22) dos candidatos a presidente - Fatos e Fotos News","robots":{"index":"index","follow":"follow","max-snippet":"max-snippet:-1","max-image-preview":"max-image-preview:large","max-video-preview":"max-video-preview:-1"},"canonical":"https:\/\/www.fatosefotosnews.com.br\/?p=157732","og_locale":"pt_BR","og_type":"article","og_title":"Veja como foi o s\u00e1bado (22) dos candidatos a presidente - Fatos e Fotos News","og_description":"Foto: Ricardo Stuckert\/PT e Vittor Sales\/PL A agenda dos candidatos \u00e0 Presid\u00eancia da Rep\u00fablica neste s\u00e1bado (22) teve como destaque os compromissos de campanha de Luiz In\u00e1cio Lula da Silva e Fl\u00e1vio Bolsonaro no Rio de Janeiro. Os dois candidatos participaram de atos na capital fluminense, realizados simultaneamente, e apresentaram propostas principalmente nas \u00e1reas de [&hellip;]","og_url":"https:\/\/www.fatosefotosnews.com.br\/?p=157732","og_site_name":"Fatos e Fotos News","article_published_time":"2026-08-23T12:35:16+00:00","og_image":[{"width":1170,"height":700,"url":"https:\/\/www.fatosefotosnews.com.br\/wp-content\/uploads\/2026\/08\/montagem_lula_e_flavio.webp","type":"image\/webp"}],"author":"Mirela Portugal","twitter_card":"summary_large_image","twitter_misc":{"Escrito por":"Mirela Portugal","Est. tempo de leitura":"8 minutos"},"schema":{"@context":"https:\/\/schema.org","@graph":[{"@type":"Article","@id":"https:\/\/www.fatosefotosnews.com.br\/?p=157732#article","isPartOf":{"@id":"https:\/\/www.fatosefotosnews.com.br\/?p=157732"},"author":{"name":"Mirela Portugal","@id":"https:\/\/www.fatosefotosnews.com.br\/#\/schema\/person\/17b18da658f5277ed99382206a85602f"},"headline":"Veja como foi o s\u00e1bado (22) dos candidatos a presidente","datePublished":"2026-08-23T12:35:16+00:00","mainEntityOfPage":{"@id":"https:\/\/www.fatosefotosnews.com.br\/?p=157732"},"wordCount":1496,"publisher":{"@id":"https:\/\/www.fatosefotosnews.com.br\/#organization"},"image":{"@id":"https:\/\/www.fatosefotosnews.com.br\/?p=157732#primaryimage"},"thumbnailUrl":"https:\/\/www.fatosefotosnews.com.br\/wp-content\/uploads\/2026\/08\/montagem_lula_e_flavio.webp","keywords":["candidatos","presidente","sabado"],"articleSection":["Elei\u00e7\u00f5es 2026"],"inLanguage":"pt-BR"},{"@type":"WebPage","@id":"https:\/\/www.fatosefotosnews.com.br\/?p=157732","url":"https:\/\/www.fatosefotosnews.com.br\/?p=157732","name":"Veja como foi o s\u00e1bado (22) dos candidatos a presidente - Fatos e Fotos News","isPartOf":{"@id":"https:\/\/www.fatosefotosnews.com.br\/#website"},"primaryImageOfPage":{"@id":"https:\/\/www.fatosefotosnews.com.br\/?p=157732#primaryimage"},"image":{"@id":"https:\/\/www.fatosefotosnews.com.br\/?p=157732#primaryimage"},"thumbnailUrl":"https:\/\/www.fatosefotosnews.com.br\/wp-content\/uploads\/2026\/08\/montagem_lula_e_flavio.webp","datePublished":"2026-08-23T12:35:16+00:00","breadcrumb":{"@id":"https:\/\/www.fatosefotosnews.com.br\/?p=157732#breadcrumb"},"inLanguage":"pt-BR","potentialAction":[{"@type":"ReadAction","target":["https:\/\/www.fatosefotosnews.com.br\/?p=157732"]}]},{"@type":"ImageObject","inLanguage":"pt-BR","@id":"https:\/\/www.fatosefotosnews.com.br\/?p=157732#primaryimage","url":"https:\/\/www.fatosefotosnews.com.br\/wp-content\/uploads\/2026\/08\/montagem_lula_e_flavio.webp","contentUrl":"https:\/\/www.fatosefotosnews.com.br\/wp-content\/uploads\/2026\/08\/montagem_lula_e_flavio.webp","width":1170,"height":700},{"@type":"BreadcrumbList","@id":"https:\/\/www.fatosefotosnews.com.br\/?p=157732#breadcrumb","itemListElement":[{"@type":"ListItem","position":1,"name":"In\u00edcio","item":"https:\/\/www.fatosefotosnews.com.br\/"},{"@type":"ListItem","position":2,"name":"Veja como foi o s\u00e1bado (22) dos candidatos a presidente"}]},{"@type":"WebSite","@id":"https:\/\/www.fatosefotosnews.com.br\/#website","url":"https:\/\/www.fatosefotosnews.com.br\/","name":"Fatos e Fotos News","description":"Um site de noticial verdadeira e confi\u00e1veis.","publisher":{"@id":"https:\/\/www.fatosefotosnews.com.br\/#organization"},"potentialAction":[{"@type":"SearchAction","target":{"@type":"EntryPoint","urlTemplate":"https:\/\/www.fatosefotosnews.com.br\/?s={search_term_string}"},"query-input":{"@type":"PropertyValueSpecification","valueRequired":true,"valueName":"search_term_string"}}],"inLanguage":"pt-BR"},{"@type":"Organization","@id":"https:\/\/www.fatosefotosnews.com.br\/#organization","name":"Fatos e Fotos News","url":"https:\/\/www.fatosefotosnews.com.br\/","logo":{"@type":"ImageObject","inLanguage":"pt-BR","@id":"https:\/\/www.fatosefotosnews.com.br\/#\/schema\/logo\/image\/","url":"https:\/\/www.fatosefotosnews.com.br\/wp-content\/uploads\/2023\/02\/Fatos-e-Fotos-news-logo.png","contentUrl":"https:\/\/www.fatosefotosnews.com.br\/wp-content\/uploads\/2023\/02\/Fatos-e-Fotos-news-logo.png","width":300,"height":58,"caption":"Fatos e Fotos News"},"image":{"@id":"https:\/\/www.fatosefotosnews.com.br\/#\/schema\/logo\/image\/"}},{"@type":"Person","@id":"https:\/\/www.fatosefotosnews.com.br\/#\/schema\/person\/17b18da658f5277ed99382206a85602f","name":"Mirela Portugal","image":{"@type":"ImageObject","inLanguage":"pt-BR","@id":"https:\/\/secure.gravatar.com\/avatar\/2f92fb43fda38d1a46cf4a155e1c2951193d91d9bed3df97fce720eeb9595d08?s=96&d=mm&r=g","url":"https:\/\/secure.gravatar.com\/avatar\/2f92fb43fda38d1a46cf4a155e1c2951193d91d9bed3df97fce720eeb9595d08?s=96&d=mm&r=g","contentUrl":"https:\/\/secure.gravatar.com\/avatar\/2f92fb43fda38d1a46cf4a155e1c2951193d91d9bed3df97fce720eeb9595d08?s=96&d=mm&r=g","caption":"Mirela Portugal"},"sameAs":["http:\/\/fatosefotosnews.com.br"],"url":"https:\/\/www.fatosefotosnews.com.br\/?author=12"}]}},"jetpack_publicize_connections":[],"blog_post_layout_featured_media_urls":{"thumbnail":["https:\/\/www.fatosefotosnews.com.br\/wp-content\/uploads\/2026\/08\/montagem_lula_e_flavio-150x150.webp",150,150,true],"full":["https:\/\/www.fatosefotosnews.com.br\/wp-content\/uploads\/2026\/08\/montagem_lula_e_flavio.webp",1170,700,false]},"categories_names":{"29246":{"name":"Elei\u00e7\u00f5es 2026","link":"https:\/\/www.fatosefotosnews.com.br\/?cat=29246"}},"tags_names":{"4930":{"name":"candidatos","link":"https:\/\/www.fatosefotosnews.com.br\/?tag=candidatos"},"453":{"name":"presidente","link":"https:\/\/www.fatosefotosnews.com.br\/?tag=presidente"},"903":{"name":"sabado","link":"https:\/\/www.fatosefotosnews.com.br\/?tag=sabado"}},"comments_number":"0","wpmagazine_modules_lite_featured_media_urls":{"thumbnail":["https:\/\/www.fatosefotosnews.com.br\/wp-content\/uploads\/2026\/08\/montagem_lula_e_flavio-150x150.webp",150,150,true],"cvmm-medium":["https:\/\/www.fatosefotosnews.com.br\/wp-content\/uploads\/2026\/08\/montagem_lula_e_flavio-300x300.webp",300,300,true],"cvmm-medium-plus":["https:\/\/www.fatosefotosnews.com.br\/wp-content\/uploads\/2026\/08\/montagem_lula_e_flavio-305x207.webp",305,207,true],"cvmm-portrait":["https:\/\/www.fatosefotosnews.com.br\/wp-content\/uploads\/2026\/08\/montagem_lula_e_flavio-400x600.webp",400,600,true],"cvmm-medium-square":["https:\/\/www.fatosefotosnews.com.br\/wp-content\/uploads\/2026\/08\/montagem_lula_e_flavio-600x600.webp",600,600,true],"cvmm-large":["https:\/\/www.fatosefotosnews.com.br\/wp-content\/uploads\/2026\/08\/montagem_lula_e_flavio-1024x700.webp",1024,700,true],"cvmm-small":["https:\/\/www.fatosefotosnews.com.br\/wp-content\/uploads\/2026\/08\/montagem_lula_e_flavio-130x95.webp",130,95,true],"full":["https:\/\/www.fatosefotosnews.com.br\/wp-content\/uploads\/2026\/08\/montagem_lula_e_flavio.webp",1170,700,false]},"_links":{"self":[{"href":"https:\/\/www.fatosefotosnews.com.br\/index.php?rest_route=\/wp\/v2\/posts\/157732","targetHints":{"allow":["GET"]}}],"collection":[{"href":"https:\/\/www.fatosefotosnews.com.br\/index.php?rest_route=\/wp\/v2\/posts"}],"about":[{"href":"https:\/\/www.fatosefotosnews.com.br\/index.php?rest_route=\/wp\/v2\/types\/post"}],"author":[{"embeddable":true,"href":"https:\/\/www.fatosefotosnews.com.br\/index.php?rest_route=\/wp\/v2\/users\/12"}],"replies":[{"embeddable":true,"href":"https:\/\/www.fatosefotosnews.com.br\/index.php?rest_route=%2Fwp%2Fv2%2Fcomments&post=157732"}],"version-history":[{"count":1,"href":"https:\/\/www.fatosefotosnews.com.br\/index.php?rest_route=\/wp\/v2\/posts\/157732\/revisions"}],"predecessor-version":[{"id":157741,"href":"https:\/\/www.fatosefotosnews.com.br\/index.php?rest_route=\/wp\/v2\/posts\/157732\/revisions\/157741"}],"wp:featuredmedia":[{"embeddable":true,"href":"https:\/\/www.fatosefotosnews.com.br\/index.php?rest_route=\/wp\/v2\/media\/157740"}],"wp:attachment":[{"href":"https:\/\/www.fatosefotosnews.com.br\/index.php?rest_route=%2Fwp%2Fv2%2Fmedia&parent=157732"}],"wp:term":[{"taxonomy":"category","embeddable":true,"href":"https:\/\/www.fatosefotosnews.com.br\/index.php?rest_route=%2Fwp%2Fv2%2Fcategories&post=157732"},{"taxonomy":"post_tag","embeddable":true,"href":"https:\/\/www.fatosefotosnews.com.br\/index.php?rest_route=%2Fwp%2Fv2%2Ftags&post=157732"}],"curies":[{"name":"wp","href":"https:\/\/api.w.org\/{rel}","templated":true}]}}