{"id":157744,"date":"2026-08-23T09:55:31","date_gmt":"2026-08-23T12:55:31","guid":{"rendered":"https:\/\/www.fatosefotosnews.com.br\/?p=157744"},"modified":"2026-08-23T09:39:56","modified_gmt":"2026-08-23T12:39:56","slug":"fluminense-vira-sobre-o-remo-e-se-mantem-firme-no-g-4-do-brasileirao","status":"publish","type":"post","link":"https:\/\/www.fatosefotosnews.com.br\/?p=157744","title":{"rendered":"Fluminense vira sobre o Remo e se mant\u00e9m firme no G-4 do Brasileir\u00e3o"},"content":{"rendered":"<p>Foto: Marcelo Gon\u00e7alves\/Fluminense F.C<\/p>\n<div id=\"block-tts-block-tts\" class=\"block block-tts\">\n<div class=\"content\">\n<div id=\"tts-container\" class=\"container-audio rel-position\">\n<div class=\"title abs-position\"><\/div>\n<\/div>\n<\/div>\n<\/div>\n<div class=\"conteudo-noticia\">\n<p>H\u00e1 nove dias, o Fluminense demitia o t\u00e9cnico argentino Luis Zubeld\u00eda em meio a uma crise de resultados, com oito partidas sem vit\u00f3ria e uma elimina\u00e7\u00e3o na Copa do Brasil. Agora comandado interinamente pelo auxiliar fixo Marc\u00e3o, o Tricolor parece outro time.\u00a0<strong>Neste s\u00e1bado (22), diante de pouco mais de 30 mil pessoas, derrotou o Remo por 2 a 1, de virada, no Maracan\u00e3, chegando a tr\u00eas jogos sem perder, com uma classifica\u00e7\u00e3o \u00e0s quartas de final da Libertadores no meio do caminho<\/strong>. No Brasileir\u00e3o, o clube das Laranjeiras mant\u00e9m a quarta posi\u00e7\u00e3o, agora com 41 pontos. J\u00e1 o Remo, com 23, amarga mais uma rodada na zona de rebaixamento.<img decoding=\"async\" src=\"https:\/\/agenciabrasil.ebc.com.br\/ebc.png?id=1700410&amp;o=node\" \/><img decoding=\"async\" src=\"https:\/\/agenciabrasil.ebc.com.br\/ebc.gif?id=1700410&amp;o=node\" \/><\/p>\n<p>O primeiro tempo foi de dom\u00ednio da posse pelo Fluminense, mas maior efetividade da equipe paraense. Os visitantes abriram o placar aos 31 minutos, quando Marcelinho foi at\u00e9 a linha de fundo pela direita e cruzou para Jaj\u00e1, livre por tr\u00e1s da marca\u00e7\u00e3o tricolor, completar de primeira para as redes.<\/p>\n<p>O Fluminense n\u00e3o se desesperou e, ap\u00f3s a volta dos vesti\u00e1rios, pressionou o advers\u00e1rio at\u00e9 empatar.<\/p>\n<p>Aos 20 minutos do segundo tempo, Soteldo cruzou da esquerda e Hulk cabeceou. A bola bateu no travess\u00e3o, quicou fora do gol mas pegou um efeito que a fez pular para dentro da meta defendida por Marcelo Rangel.<\/p>\n<p>Aos 37 minutos veio a virada. Ap\u00f3s cobran\u00e7a curta de escanteio pela direita, Riquelme Felipe cruzou na cabe\u00e7a do colombiano Serna, que havia entrado no lugar de Canobbio. O forte desvio dele venceu o goleiro advers\u00e1rio para dar o triunfo ao Tricolor.<\/p>\n<p><strong>Na pr\u00f3xima rodada, o Fluminense visita o Athletico Paranaense, em Curitiba, no domingo (30). J\u00e1 o Remo recebe o Coritiba no dia seguinte.<\/strong><\/p>\n<\/div>\n","protected":false},"excerpt":{"rendered":"<p>Foto: Marcelo Gon\u00e7alves\/Fluminense F.C H\u00e1 nove dias, o Fluminense demitia o t\u00e9cnico argentino Luis Zubeld\u00eda em meio a uma crise de resultados, com oito partidas sem vit\u00f3ria e uma elimina\u00e7\u00e3o na Copa do Brasil. Agora comandado interinamente pelo auxiliar fixo Marc\u00e3o, o Tricolor parece outro time.\u00a0Neste s\u00e1bado (22), diante de pouco mais de 30 mil [&hellip;]<\/p>\n","protected":false},"author":12,"featured_media":157738,"comment_status":"closed","ping_status":"open","sticky":false,"template":"","format":"standard","meta":{"_acf_changed":false,"_angie_page":false,"_monsterinsights_skip_tracking":false,"_themeisle_gutenberg_block_has_review":false,"page_builder":"","footnotes":"","jetpack_publicize_message":"","jetpack_publicize_feature_enabled":true,"jetpack_social_post_already_shared":true,"jetpack_social_options":{"image_generator_settings":{"template":"highway","default_image_id":0,"font":"","enabled":false},"version":2}},"categories":[5,167],"tags":[444,6443,3520,694,587],"class_list":["post-157744","post","type-post","status-publish","format-standard","has-post-thumbnail","hentry","category-esporte","category-geral","tag-brasileir","tag-firme","tag-fluminense","tag-mantem","tag-sobre"],"acf":[],"nelio_content":{"autoShareEndMode":"never","automationSources":{"useCustomSentences":false,"customSentences":[]},"efiAlt":"","efiUrl":"","followers":[12],"highlights":[],"isAutoShareEnabled":true,"networkImageIds":[],"permalinkQueryArgs":[],"series":[],"suggestedReferences":[]},"yoast_head":"<!-- This site is optimized with the Yoast SEO plugin v28.3 - https:\/\/yoast.com\/product\/yoast-seo-wordpress\/ -->\n<title>Fluminense vira sobre o Remo e se mant\u00e9m firme no G-4 do Brasileir\u00e3o - Fatos e Fotos News<\/title>\n<meta name=\"robots\" content=\"index, follow, max-snippet:-1, max-image-preview:large, max-video-preview:-1\" \/>\n<link rel=\"canonical\" href=\"https:\/\/www.fatosefotosnews.com.br\/?p=157744\" \/>\n<meta property=\"og:locale\" content=\"pt_BR\" \/>\n<meta property=\"og:type\" content=\"article\" \/>\n<meta property=\"og:title\" content=\"Fluminense vira sobre o Remo e se mant\u00e9m firme no G-4 do Brasileir\u00e3o - Fatos e Fotos News\" \/>\n<meta property=\"og:description\" content=\"Foto: Marcelo Gon\u00e7alves\/Fluminense F.C H\u00e1 nove dias, o Fluminense demitia o t\u00e9cnico argentino Luis Zubeld\u00eda em meio a uma crise de resultados, com oito partidas sem vit\u00f3ria e uma elimina\u00e7\u00e3o na Copa do Brasil. Agora comandado interinamente pelo auxiliar fixo Marc\u00e3o, o Tricolor parece outro time.\u00a0Neste s\u00e1bado (22), diante de pouco mais de 30 mil [&hellip;]\" \/>\n<meta property=\"og:url\" content=\"https:\/\/www.fatosefotosnews.com.br\/?p=157744\" \/>\n<meta property=\"og:site_name\" content=\"Fatos e Fotos News\" \/>\n<meta property=\"article:published_time\" content=\"2026-08-23T12:55:31+00:00\" \/>\n<meta property=\"og:image\" content=\"https:\/\/www.fatosefotosnews.com.br\/wp-content\/uploads\/2026\/08\/fluminense_vira_sobre_o_remo_e_se_mantem_firme_no_g-4_do_brasileirao.webp\" \/>\n\t<meta property=\"og:image:width\" content=\"1170\" \/>\n\t<meta property=\"og:image:height\" content=\"700\" \/>\n\t<meta property=\"og:image:type\" content=\"image\/webp\" \/>\n<meta name=\"author\" content=\"Mirela Portugal\" \/>\n<meta name=\"twitter:card\" content=\"summary_large_image\" \/>\n<meta name=\"twitter:label1\" content=\"Escrito por\" \/>\n\t<meta name=\"twitter:data1\" content=\"Mirela Portugal\" \/>\n\t<meta name=\"twitter:label2\" content=\"Est. tempo de leitura\" \/>\n\t<meta name=\"twitter:data2\" content=\"3 minutos\" \/>\n<script type=\"application\/ld+json\" class=\"yoast-schema-graph\">{\"@context\":\"https:\\\/\\\/schema.org\",\"@graph\":[{\"@type\":\"Article\",\"@id\":\"https:\\\/\\\/www.fatosefotosnews.com.br\\\/?p=157744#article\",\"isPartOf\":{\"@id\":\"https:\\\/\\\/www.fatosefotosnews.com.br\\\/?p=157744\"},\"author\":{\"name\":\"Mirela Portugal\",\"@id\":\"https:\\\/\\\/www.fatosefotosnews.com.br\\\/#\\\/schema\\\/person\\\/17b18da658f5277ed99382206a85602f\"},\"headline\":\"Fluminense vira sobre o Remo e se mant\u00e9m firme no G-4 do Brasileir\u00e3o\",\"datePublished\":\"2026-08-23T12:55:31+00:00\",\"mainEntityOfPage\":{\"@id\":\"https:\\\/\\\/www.fatosefotosnews.com.br\\\/?p=157744\"},\"wordCount\":315,\"publisher\":{\"@id\":\"https:\\\/\\\/www.fatosefotosnews.com.br\\\/#organization\"},\"image\":{\"@id\":\"https:\\\/\\\/www.fatosefotosnews.com.br\\\/?p=157744#primaryimage\"},\"thumbnailUrl\":\"https:\\\/\\\/www.fatosefotosnews.com.br\\\/wp-content\\\/uploads\\\/2026\\\/08\\\/fluminense_vira_sobre_o_remo_e_se_mantem_firme_no_g-4_do_brasileirao.webp\",\"keywords\":[\"brasileir\",\"firme\",\"fluminense\",\"mantem\",\"sobre\"],\"articleSection\":[\"Esporte\",\"Geral\"],\"inLanguage\":\"pt-BR\"},{\"@type\":\"WebPage\",\"@id\":\"https:\\\/\\\/www.fatosefotosnews.com.br\\\/?p=157744\",\"url\":\"https:\\\/\\\/www.fatosefotosnews.com.br\\\/?p=157744\",\"name\":\"Fluminense vira sobre o Remo e se mant\u00e9m firme no G-4 do Brasileir\u00e3o - Fatos e Fotos News\",\"isPartOf\":{\"@id\":\"https:\\\/\\\/www.fatosefotosnews.com.br\\\/#website\"},\"primaryImageOfPage\":{\"@id\":\"https:\\\/\\\/www.fatosefotosnews.com.br\\\/?p=157744#primaryimage\"},\"image\":{\"@id\":\"https:\\\/\\\/www.fatosefotosnews.com.br\\\/?p=157744#primaryimage\"},\"thumbnailUrl\":\"https:\\\/\\\/www.fatosefotosnews.com.br\\\/wp-content\\\/uploads\\\/2026\\\/08\\\/fluminense_vira_sobre_o_remo_e_se_mantem_firme_no_g-4_do_brasileirao.webp\",\"datePublished\":\"2026-08-23T12:55:31+00:00\",\"breadcrumb\":{\"@id\":\"https:\\\/\\\/www.fatosefotosnews.com.br\\\/?p=157744#breadcrumb\"},\"inLanguage\":\"pt-BR\",\"potentialAction\":[{\"@type\":\"ReadAction\",\"target\":[\"https:\\\/\\\/www.fatosefotosnews.com.br\\\/?p=157744\"]}]},{\"@type\":\"ImageObject\",\"inLanguage\":\"pt-BR\",\"@id\":\"https:\\\/\\\/www.fatosefotosnews.com.br\\\/?p=157744#primaryimage\",\"url\":\"https:\\\/\\\/www.fatosefotosnews.com.br\\\/wp-content\\\/uploads\\\/2026\\\/08\\\/fluminense_vira_sobre_o_remo_e_se_mantem_firme_no_g-4_do_brasileirao.webp\",\"contentUrl\":\"https:\\\/\\\/www.fatosefotosnews.com.br\\\/wp-content\\\/uploads\\\/2026\\\/08\\\/fluminense_vira_sobre_o_remo_e_se_mantem_firme_no_g-4_do_brasileirao.webp\",\"width\":1170,\"height\":700},{\"@type\":\"BreadcrumbList\",\"@id\":\"https:\\\/\\\/www.fatosefotosnews.com.br\\\/?p=157744#breadcrumb\",\"itemListElement\":[{\"@type\":\"ListItem\",\"position\":1,\"name\":\"In\u00edcio\",\"item\":\"https:\\\/\\\/www.fatosefotosnews.com.br\\\/\"},{\"@type\":\"ListItem\",\"position\":2,\"name\":\"Fluminense vira sobre o Remo e se mant\u00e9m firme no G-4 do Brasileir\u00e3o\"}]},{\"@type\":\"WebSite\",\"@id\":\"https:\\\/\\\/www.fatosefotosnews.com.br\\\/#website\",\"url\":\"https:\\\/\\\/www.fatosefotosnews.com.br\\\/\",\"name\":\"Fatos e Fotos News\",\"description\":\"Um site de noticial verdadeira e confi\u00e1veis.\",\"publisher\":{\"@id\":\"https:\\\/\\\/www.fatosefotosnews.com.br\\\/#organization\"},\"potentialAction\":[{\"@type\":\"SearchAction\",\"target\":{\"@type\":\"EntryPoint\",\"urlTemplate\":\"https:\\\/\\\/www.fatosefotosnews.com.br\\\/?s={search_term_string}\"},\"query-input\":{\"@type\":\"PropertyValueSpecification\",\"valueRequired\":true,\"valueName\":\"search_term_string\"}}],\"inLanguage\":\"pt-BR\"},{\"@type\":\"Organization\",\"@id\":\"https:\\\/\\\/www.fatosefotosnews.com.br\\\/#organization\",\"name\":\"Fatos e Fotos News\",\"url\":\"https:\\\/\\\/www.fatosefotosnews.com.br\\\/\",\"logo\":{\"@type\":\"ImageObject\",\"inLanguage\":\"pt-BR\",\"@id\":\"https:\\\/\\\/www.fatosefotosnews.com.br\\\/#\\\/schema\\\/logo\\\/image\\\/\",\"url\":\"https:\\\/\\\/www.fatosefotosnews.com.br\\\/wp-content\\\/uploads\\\/2023\\\/02\\\/Fatos-e-Fotos-news-logo.png\",\"contentUrl\":\"https:\\\/\\\/www.fatosefotosnews.com.br\\\/wp-content\\\/uploads\\\/2023\\\/02\\\/Fatos-e-Fotos-news-logo.png\",\"width\":300,\"height\":58,\"caption\":\"Fatos e Fotos News\"},\"image\":{\"@id\":\"https:\\\/\\\/www.fatosefotosnews.com.br\\\/#\\\/schema\\\/logo\\\/image\\\/\"}},{\"@type\":\"Person\",\"@id\":\"https:\\\/\\\/www.fatosefotosnews.com.br\\\/#\\\/schema\\\/person\\\/17b18da658f5277ed99382206a85602f\",\"name\":\"Mirela Portugal\",\"image\":{\"@type\":\"ImageObject\",\"inLanguage\":\"pt-BR\",\"@id\":\"https:\\\/\\\/secure.gravatar.com\\\/avatar\\\/2f92fb43fda38d1a46cf4a155e1c2951193d91d9bed3df97fce720eeb9595d08?s=96&d=mm&r=g\",\"url\":\"https:\\\/\\\/secure.gravatar.com\\\/avatar\\\/2f92fb43fda38d1a46cf4a155e1c2951193d91d9bed3df97fce720eeb9595d08?s=96&d=mm&r=g\",\"contentUrl\":\"https:\\\/\\\/secure.gravatar.com\\\/avatar\\\/2f92fb43fda38d1a46cf4a155e1c2951193d91d9bed3df97fce720eeb9595d08?s=96&d=mm&r=g\",\"caption\":\"Mirela Portugal\"},\"sameAs\":[\"http:\\\/\\\/fatosefotosnews.com.br\"],\"url\":\"https:\\\/\\\/www.fatosefotosnews.com.br\\\/?author=12\"}]}<\/script>\n<!-- \/ Yoast SEO plugin. -->","yoast_head_json":{"title":"Fluminense vira sobre o Remo e se mant\u00e9m firme no G-4 do Brasileir\u00e3o - Fatos e Fotos News","robots":{"index":"index","follow":"follow","max-snippet":"max-snippet:-1","max-image-preview":"max-image-preview:large","max-video-preview":"max-video-preview:-1"},"canonical":"https:\/\/www.fatosefotosnews.com.br\/?p=157744","og_locale":"pt_BR","og_type":"article","og_title":"Fluminense vira sobre o Remo e se mant\u00e9m firme no G-4 do Brasileir\u00e3o - Fatos e Fotos News","og_description":"Foto: Marcelo Gon\u00e7alves\/Fluminense F.C H\u00e1 nove dias, o Fluminense demitia o t\u00e9cnico argentino Luis Zubeld\u00eda em meio a uma crise de resultados, com oito partidas sem vit\u00f3ria e uma elimina\u00e7\u00e3o na Copa do Brasil. Agora comandado interinamente pelo auxiliar fixo Marc\u00e3o, o Tricolor parece outro time.\u00a0Neste s\u00e1bado (22), diante de pouco mais de 30 mil [&hellip;]","og_url":"https:\/\/www.fatosefotosnews.com.br\/?p=157744","og_site_name":"Fatos e Fotos News","article_published_time":"2026-08-23T12:55:31+00:00","og_image":[{"width":1170,"height":700,"url":"https:\/\/www.fatosefotosnews.com.br\/wp-content\/uploads\/2026\/08\/fluminense_vira_sobre_o_remo_e_se_mantem_firme_no_g-4_do_brasileirao.webp","type":"image\/webp"}],"author":"Mirela Portugal","twitter_card":"summary_large_image","twitter_misc":{"Escrito por":"Mirela Portugal","Est. tempo de leitura":"3 minutos"},"schema":{"@context":"https:\/\/schema.org","@graph":[{"@type":"Article","@id":"https:\/\/www.fatosefotosnews.com.br\/?p=157744#article","isPartOf":{"@id":"https:\/\/www.fatosefotosnews.com.br\/?p=157744"},"author":{"name":"Mirela Portugal","@id":"https:\/\/www.fatosefotosnews.com.br\/#\/schema\/person\/17b18da658f5277ed99382206a85602f"},"headline":"Fluminense vira sobre o Remo e se mant\u00e9m firme no G-4 do Brasileir\u00e3o","datePublished":"2026-08-23T12:55:31+00:00","mainEntityOfPage":{"@id":"https:\/\/www.fatosefotosnews.com.br\/?p=157744"},"wordCount":315,"publisher":{"@id":"https:\/\/www.fatosefotosnews.com.br\/#organization"},"image":{"@id":"https:\/\/www.fatosefotosnews.com.br\/?p=157744#primaryimage"},"thumbnailUrl":"https:\/\/www.fatosefotosnews.com.br\/wp-content\/uploads\/2026\/08\/fluminense_vira_sobre_o_remo_e_se_mantem_firme_no_g-4_do_brasileirao.webp","keywords":["brasileir","firme","fluminense","mantem","sobre"],"articleSection":["Esporte","Geral"],"inLanguage":"pt-BR"},{"@type":"WebPage","@id":"https:\/\/www.fatosefotosnews.com.br\/?p=157744","url":"https:\/\/www.fatosefotosnews.com.br\/?p=157744","name":"Fluminense vira sobre o Remo e se mant\u00e9m firme no G-4 do Brasileir\u00e3o - Fatos e Fotos News","isPartOf":{"@id":"https:\/\/www.fatosefotosnews.com.br\/#website"},"primaryImageOfPage":{"@id":"https:\/\/www.fatosefotosnews.com.br\/?p=157744#primaryimage"},"image":{"@id":"https:\/\/www.fatosefotosnews.com.br\/?p=157744#primaryimage"},"thumbnailUrl":"https:\/\/www.fatosefotosnews.com.br\/wp-content\/uploads\/2026\/08\/fluminense_vira_sobre_o_remo_e_se_mantem_firme_no_g-4_do_brasileirao.webp","datePublished":"2026-08-23T12:55:31+00:00","breadcrumb":{"@id":"https:\/\/www.fatosefotosnews.com.br\/?p=157744#breadcrumb"},"inLanguage":"pt-BR","potentialAction":[{"@type":"ReadAction","target":["https:\/\/www.fatosefotosnews.com.br\/?p=157744"]}]},{"@type":"ImageObject","inLanguage":"pt-BR","@id":"https:\/\/www.fatosefotosnews.com.br\/?p=157744#primaryimage","url":"https:\/\/www.fatosefotosnews.com.br\/wp-content\/uploads\/2026\/08\/fluminense_vira_sobre_o_remo_e_se_mantem_firme_no_g-4_do_brasileirao.webp","contentUrl":"https:\/\/www.fatosefotosnews.com.br\/wp-content\/uploads\/2026\/08\/fluminense_vira_sobre_o_remo_e_se_mantem_firme_no_g-4_do_brasileirao.webp","width":1170,"height":700},{"@type":"BreadcrumbList","@id":"https:\/\/www.fatosefotosnews.com.br\/?p=157744#breadcrumb","itemListElement":[{"@type":"ListItem","position":1,"name":"In\u00edcio","item":"https:\/\/www.fatosefotosnews.com.br\/"},{"@type":"ListItem","position":2,"name":"Fluminense vira sobre o Remo e se mant\u00e9m firme no G-4 do Brasileir\u00e3o"}]},{"@type":"WebSite","@id":"https:\/\/www.fatosefotosnews.com.br\/#website","url":"https:\/\/www.fatosefotosnews.com.br\/","name":"Fatos e Fotos News","description":"Um site de noticial verdadeira e confi\u00e1veis.","publisher":{"@id":"https:\/\/www.fatosefotosnews.com.br\/#organization"},"potentialAction":[{"@type":"SearchAction","target":{"@type":"EntryPoint","urlTemplate":"https:\/\/www.fatosefotosnews.com.br\/?s={search_term_string}"},"query-input":{"@type":"PropertyValueSpecification","valueRequired":true,"valueName":"search_term_string"}}],"inLanguage":"pt-BR"},{"@type":"Organization","@id":"https:\/\/www.fatosefotosnews.com.br\/#organization","name":"Fatos e Fotos News","url":"https:\/\/www.fatosefotosnews.com.br\/","logo":{"@type":"ImageObject","inLanguage":"pt-BR","@id":"https:\/\/www.fatosefotosnews.com.br\/#\/schema\/logo\/image\/","url":"https:\/\/www.fatosefotosnews.com.br\/wp-content\/uploads\/2023\/02\/Fatos-e-Fotos-news-logo.png","contentUrl":"https:\/\/www.fatosefotosnews.com.br\/wp-content\/uploads\/2023\/02\/Fatos-e-Fotos-news-logo.png","width":300,"height":58,"caption":"Fatos e Fotos News"},"image":{"@id":"https:\/\/www.fatosefotosnews.com.br\/#\/schema\/logo\/image\/"}},{"@type":"Person","@id":"https:\/\/www.fatosefotosnews.com.br\/#\/schema\/person\/17b18da658f5277ed99382206a85602f","name":"Mirela Portugal","image":{"@type":"ImageObject","inLanguage":"pt-BR","@id":"https:\/\/secure.gravatar.com\/avatar\/2f92fb43fda38d1a46cf4a155e1c2951193d91d9bed3df97fce720eeb9595d08?s=96&d=mm&r=g","url":"https:\/\/secure.gravatar.com\/avatar\/2f92fb43fda38d1a46cf4a155e1c2951193d91d9bed3df97fce720eeb9595d08?s=96&d=mm&r=g","contentUrl":"https:\/\/secure.gravatar.com\/avatar\/2f92fb43fda38d1a46cf4a155e1c2951193d91d9bed3df97fce720eeb9595d08?s=96&d=mm&r=g","caption":"Mirela Portugal"},"sameAs":["http:\/\/fatosefotosnews.com.br"],"url":"https:\/\/www.fatosefotosnews.com.br\/?author=12"}]}},"jetpack_publicize_connections":[],"blog_post_layout_featured_media_urls":{"thumbnail":["https:\/\/www.fatosefotosnews.com.br\/wp-content\/uploads\/2026\/08\/fluminense_vira_sobre_o_remo_e_se_mantem_firme_no_g-4_do_brasileirao-150x150.webp",150,150,true],"full":["https:\/\/www.fatosefotosnews.com.br\/wp-content\/uploads\/2026\/08\/fluminense_vira_sobre_o_remo_e_se_mantem_firme_no_g-4_do_brasileirao.webp",1170,700,false]},"categories_names":{"5":{"name":"Esporte","link":"https:\/\/www.fatosefotosnews.com.br\/?cat=5"},"167":{"name":"Geral","link":"https:\/\/www.fatosefotosnews.com.br\/?cat=167"}},"tags_names":{"444":{"name":"brasileir","link":"https:\/\/www.fatosefotosnews.com.br\/?tag=brasileir"},"6443":{"name":"firme","link":"https:\/\/www.fatosefotosnews.com.br\/?tag=firme"},"3520":{"name":"fluminense","link":"https:\/\/www.fatosefotosnews.com.br\/?tag=fluminense"},"694":{"name":"mantem","link":"https:\/\/www.fatosefotosnews.com.br\/?tag=mantem"},"587":{"name":"sobre","link":"https:\/\/www.fatosefotosnews.com.br\/?tag=sobre"}},"comments_number":"0","wpmagazine_modules_lite_featured_media_urls":{"thumbnail":["https:\/\/www.fatosefotosnews.com.br\/wp-content\/uploads\/2026\/08\/fluminense_vira_sobre_o_remo_e_se_mantem_firme_no_g-4_do_brasileirao-150x150.webp",150,150,true],"cvmm-medium":["https:\/\/www.fatosefotosnews.com.br\/wp-content\/uploads\/2026\/08\/fluminense_vira_sobre_o_remo_e_se_mantem_firme_no_g-4_do_brasileirao-300x300.webp",300,300,true],"cvmm-medium-plus":["https:\/\/www.fatosefotosnews.com.br\/wp-content\/uploads\/2026\/08\/fluminense_vira_sobre_o_remo_e_se_mantem_firme_no_g-4_do_brasileirao-305x207.webp",305,207,true],"cvmm-portrait":["https:\/\/www.fatosefotosnews.com.br\/wp-content\/uploads\/2026\/08\/fluminense_vira_sobre_o_remo_e_se_mantem_firme_no_g-4_do_brasileirao-400x600.webp",400,600,true],"cvmm-medium-square":["https:\/\/www.fatosefotosnews.com.br\/wp-content\/uploads\/2026\/08\/fluminense_vira_sobre_o_remo_e_se_mantem_firme_no_g-4_do_brasileirao-600x600.webp",600,600,true],"cvmm-large":["https:\/\/www.fatosefotosnews.com.br\/wp-content\/uploads\/2026\/08\/fluminense_vira_sobre_o_remo_e_se_mantem_firme_no_g-4_do_brasileirao-1024x700.webp",1024,700,true],"cvmm-small":["https:\/\/www.fatosefotosnews.com.br\/wp-content\/uploads\/2026\/08\/fluminense_vira_sobre_o_remo_e_se_mantem_firme_no_g-4_do_brasileirao-130x95.webp",130,95,true],"full":["https:\/\/www.fatosefotosnews.com.br\/wp-content\/uploads\/2026\/08\/fluminense_vira_sobre_o_remo_e_se_mantem_firme_no_g-4_do_brasileirao.webp",1170,700,false]},"_links":{"self":[{"href":"https:\/\/www.fatosefotosnews.com.br\/index.php?rest_route=\/wp\/v2\/posts\/157744","targetHints":{"allow":["GET"]}}],"collection":[{"href":"https:\/\/www.fatosefotosnews.com.br\/index.php?rest_route=\/wp\/v2\/posts"}],"about":[{"href":"https:\/\/www.fatosefotosnews.com.br\/index.php?rest_route=\/wp\/v2\/types\/post"}],"author":[{"embeddable":true,"href":"https:\/\/www.fatosefotosnews.com.br\/index.php?rest_route=\/wp\/v2\/users\/12"}],"replies":[{"embeddable":true,"href":"https:\/\/www.fatosefotosnews.com.br\/index.php?rest_route=%2Fwp%2Fv2%2Fcomments&post=157744"}],"version-history":[{"count":1,"href":"https:\/\/www.fatosefotosnews.com.br\/index.php?rest_route=\/wp\/v2\/posts\/157744\/revisions"}],"predecessor-version":[{"id":157745,"href":"https:\/\/www.fatosefotosnews.com.br\/index.php?rest_route=\/wp\/v2\/posts\/157744\/revisions\/157745"}],"wp:featuredmedia":[{"embeddable":true,"href":"https:\/\/www.fatosefotosnews.com.br\/index.php?rest_route=\/wp\/v2\/media\/157738"}],"wp:attachment":[{"href":"https:\/\/www.fatosefotosnews.com.br\/index.php?rest_route=%2Fwp%2Fv2%2Fmedia&parent=157744"}],"wp:term":[{"taxonomy":"category","embeddable":true,"href":"https:\/\/www.fatosefotosnews.com.br\/index.php?rest_route=%2Fwp%2Fv2%2Fcategories&post=157744"},{"taxonomy":"post_tag","embeddable":true,"href":"https:\/\/www.fatosefotosnews.com.br\/index.php?rest_route=%2Fwp%2Fv2%2Ftags&post=157744"}],"curies":[{"name":"wp","href":"https:\/\/api.w.org\/{rel}","templated":true}]}}