{"id":157749,"date":"2026-08-23T10:20:06","date_gmt":"2026-08-23T13:20:06","guid":{"rendered":"https:\/\/www.fatosefotosnews.com.br\/?p=157749"},"modified":"2026-08-23T09:45:06","modified_gmt":"2026-08-23T12:45:06","slug":"morre-veterinaria-atacada-por-cachorro-no-canil-do-senado-federal","status":"publish","type":"post","link":"https:\/\/www.fatosefotosnews.com.br\/?p=157749","title":{"rendered":"Morre veterin\u00e1ria atacada por cachorro no canil do Senado Federal"},"content":{"rendered":"<p>Foto: Ag\u00eancia Senado<\/p>\n<div id=\"block-tts-block-tts\" class=\"block block-tts\">\n<div class=\"content\">\n<div id=\"tts-container\" class=\"container-audio rel-position\">\n<div class=\"title abs-position\"><\/div>\n<\/div>\n<\/div>\n<\/div>\n<div class=\"conteudo-noticia\">\n<p>A veterin\u00e1ria Vit\u00f3ria Valle de Oliveira Pinha, de 36 anos, morreu, neste s\u00e1bado (22), quatro dias depois de ser atacada por um cachorro pastor-belga no canil do Senado Federal, em Bras\u00edlia (DF). A informa\u00e7\u00e3o foi confirmada no final da manh\u00e3, em nota, pela assessoria de comunica\u00e7\u00e3o da Casa Legislativa.\u00a0<img decoding=\"async\" src=\"https:\/\/agenciabrasil.ebc.com.br\/ebc.png?id=1700401&amp;o=node\" \/><img decoding=\"async\" src=\"https:\/\/agenciabrasil.ebc.com.br\/ebc.gif?id=1700401&amp;o=node\" \/><\/p>\n<p>Ela estava internada na unidade de terapia intensiva do Hospital de Base.<\/p>\n<blockquote><p>\u201cO Senado Federal lamenta o falecimento de Vit\u00f3ria Valle de Oliveira Pinha, que atuava como tratadora de animais no Servi\u00e7o de Cinotecnia da Casa\u201d, diz a nota.<\/p><\/blockquote>\n<p>O comunicado acrescenta que Vit\u00f3ria foi estagi\u00e1ria no Senado entre os anos de 2022 e 2024.<\/p>\n<p>Ela retornou \u00e0 institui\u00e7\u00e3o como profissional terceirizada na presta\u00e7\u00e3o do servi\u00e7o de cuidado dos animais.<strong>\u00a0O Senado manifestou solidariedade \u00e0 fam\u00edlia, amigos e colegas de trabalho de Vit\u00f3ria, e destacou que ela ser\u00e1 lembrada pela \u201cdedica\u00e7\u00e3o com que sempre desempenhou suas atividades\u201d.<\/strong><\/p>\n<h2>Ataque ocorreu na ter\u00e7a<\/h2>\n<p>Na \u00faltima ter\u00e7a (18), Vit\u00f3ria foi mordida no pesco\u00e7o por um pastor-belga e sofreu uma parada cardiorrespirat\u00f3ria com o ataque. Na ocasi\u00e3o, ela foi socorrida por colegas, que acionaram o Corpo de Bombeiros. A veterin\u00e1ria foi submetida a uma cirurgia de emerg\u00eancia.<\/p>\n<p>Segundo o site do Senado, o servi\u00e7o de Cinotecnia tem a finalidade de treinar as equipes da Pol\u00edcia Legislativa, com o aux\u00edlio de c\u00e3es especializados, para as \u201catividades de patrulha e policiamento, detec\u00e7\u00e3o de subst\u00e2ncias il\u00edcitas, explosivos e armas de fogo, interven\u00e7\u00e3o em dist\u00farbios civis, suporte em busca e apreens\u00e3o e outras medidas\u201d.<\/p>\n<p>O Sindicato dos Servidores do Poder Legislativo Federal e do Tribunal de Contas da Uni\u00e3o (Sindilegis) manifestou profundo pesar ap\u00f3s a confirma\u00e7\u00e3o da morte da veterin\u00e1ria durante o exerc\u00edcio de suas atividades profissionais.<\/p>\n<blockquote><p>\u201cNeste momento de dor, o Sindilegis expressa solidariedade \u00e0 fam\u00edlia, aos amigos e aos colegas de trabalho e coloca-se \u00e0 disposi\u00e7\u00e3o da fam\u00edlia\u201d.<\/p><\/blockquote>\n<\/div>\n","protected":false},"excerpt":{"rendered":"<p>Foto: Ag\u00eancia Senado A veterin\u00e1ria Vit\u00f3ria Valle de Oliveira Pinha, de 36 anos, morreu, neste s\u00e1bado (22), quatro dias depois de ser atacada por um cachorro pastor-belga no canil do Senado Federal, em Bras\u00edlia (DF). A informa\u00e7\u00e3o foi confirmada no final da manh\u00e3, em nota, pela assessoria de comunica\u00e7\u00e3o da Casa Legislativa.\u00a0 Ela estava internada [&hellip;]<\/p>\n","protected":false},"author":12,"featured_media":157736,"comment_status":"closed","ping_status":"open","sticky":false,"template":"","format":"standard","meta":{"_acf_changed":false,"_angie_page":false,"_monsterinsights_skip_tracking":false,"_themeisle_gutenberg_block_has_review":false,"page_builder":"","footnotes":"","jetpack_publicize_message":"","jetpack_publicize_feature_enabled":true,"jetpack_social_post_already_shared":true,"jetpack_social_options":{"image_generator_settings":{"template":"highway","default_image_id":0,"font":"","enabled":false},"version":2}},"categories":[167],"tags":[3757,11463,20729,1246,401,190,18561],"class_list":["post-157749","post","type-post","status-publish","format-standard","has-post-thumbnail","hentry","category-geral","tag-atacada","tag-cachorro","tag-canil","tag-federal","tag-morre","tag-senado","tag-veterinaria"],"acf":[],"nelio_content":{"autoShareEndMode":"never","automationSources":{"useCustomSentences":false,"customSentences":[]},"efiAlt":"","efiUrl":"","followers":[12],"highlights":[],"isAutoShareEnabled":true,"networkImageIds":[],"permalinkQueryArgs":[],"series":[],"suggestedReferences":[]},"yoast_head":"<!-- This site is optimized with the Yoast SEO plugin v28.3 - https:\/\/yoast.com\/product\/yoast-seo-wordpress\/ -->\n<title>Morre veterin\u00e1ria atacada por cachorro no canil do Senado Federal - Fatos e Fotos News<\/title>\n<meta name=\"robots\" content=\"index, follow, max-snippet:-1, max-image-preview:large, max-video-preview:-1\" \/>\n<link rel=\"canonical\" href=\"https:\/\/www.fatosefotosnews.com.br\/?p=157749\" \/>\n<meta property=\"og:locale\" content=\"pt_BR\" \/>\n<meta property=\"og:type\" content=\"article\" \/>\n<meta property=\"og:title\" content=\"Morre veterin\u00e1ria atacada por cachorro no canil do Senado Federal - Fatos e Fotos News\" \/>\n<meta property=\"og:description\" content=\"Foto: Ag\u00eancia Senado A veterin\u00e1ria Vit\u00f3ria Valle de Oliveira Pinha, de 36 anos, morreu, neste s\u00e1bado (22), quatro dias depois de ser atacada por um cachorro pastor-belga no canil do Senado Federal, em Bras\u00edlia (DF). A informa\u00e7\u00e3o foi confirmada no final da manh\u00e3, em nota, pela assessoria de comunica\u00e7\u00e3o da Casa Legislativa.\u00a0 Ela estava internada [&hellip;]\" \/>\n<meta property=\"og:url\" content=\"https:\/\/www.fatosefotosnews.com.br\/?p=157749\" \/>\n<meta property=\"og:site_name\" content=\"Fatos e Fotos News\" \/>\n<meta property=\"article:published_time\" content=\"2026-08-23T13:20:06+00:00\" \/>\n<meta property=\"og:image\" content=\"https:\/\/www.fatosefotosnews.com.br\/wp-content\/uploads\/2026\/08\/vitoria_valle_de_oliveira.webp\" \/>\n\t<meta property=\"og:image:width\" content=\"1170\" \/>\n\t<meta property=\"og:image:height\" content=\"700\" \/>\n\t<meta property=\"og:image:type\" content=\"image\/webp\" \/>\n<meta name=\"author\" content=\"Mirela Portugal\" \/>\n<meta name=\"twitter:card\" content=\"summary_large_image\" \/>\n<meta name=\"twitter:label1\" content=\"Escrito por\" \/>\n\t<meta name=\"twitter:data1\" content=\"Mirela Portugal\" \/>\n\t<meta name=\"twitter:label2\" content=\"Est. tempo de leitura\" \/>\n\t<meta name=\"twitter:data2\" content=\"3 minutos\" \/>\n<script type=\"application\/ld+json\" class=\"yoast-schema-graph\">{\"@context\":\"https:\\\/\\\/schema.org\",\"@graph\":[{\"@type\":\"Article\",\"@id\":\"https:\\\/\\\/www.fatosefotosnews.com.br\\\/?p=157749#article\",\"isPartOf\":{\"@id\":\"https:\\\/\\\/www.fatosefotosnews.com.br\\\/?p=157749\"},\"author\":{\"name\":\"Mirela Portugal\",\"@id\":\"https:\\\/\\\/www.fatosefotosnews.com.br\\\/#\\\/schema\\\/person\\\/17b18da658f5277ed99382206a85602f\"},\"headline\":\"Morre veterin\u00e1ria atacada por cachorro no canil do Senado Federal\",\"datePublished\":\"2026-08-23T13:20:06+00:00\",\"mainEntityOfPage\":{\"@id\":\"https:\\\/\\\/www.fatosefotosnews.com.br\\\/?p=157749\"},\"wordCount\":349,\"publisher\":{\"@id\":\"https:\\\/\\\/www.fatosefotosnews.com.br\\\/#organization\"},\"image\":{\"@id\":\"https:\\\/\\\/www.fatosefotosnews.com.br\\\/?p=157749#primaryimage\"},\"thumbnailUrl\":\"https:\\\/\\\/www.fatosefotosnews.com.br\\\/wp-content\\\/uploads\\\/2026\\\/08\\\/vitoria_valle_de_oliveira.webp\",\"keywords\":[\"atacada\",\"cachorro\",\"canil\",\"federal\",\"morre\",\"Senado\",\"veterinaria\"],\"articleSection\":[\"Geral\"],\"inLanguage\":\"pt-BR\"},{\"@type\":\"WebPage\",\"@id\":\"https:\\\/\\\/www.fatosefotosnews.com.br\\\/?p=157749\",\"url\":\"https:\\\/\\\/www.fatosefotosnews.com.br\\\/?p=157749\",\"name\":\"Morre veterin\u00e1ria atacada por cachorro no canil do Senado Federal - Fatos e Fotos News\",\"isPartOf\":{\"@id\":\"https:\\\/\\\/www.fatosefotosnews.com.br\\\/#website\"},\"primaryImageOfPage\":{\"@id\":\"https:\\\/\\\/www.fatosefotosnews.com.br\\\/?p=157749#primaryimage\"},\"image\":{\"@id\":\"https:\\\/\\\/www.fatosefotosnews.com.br\\\/?p=157749#primaryimage\"},\"thumbnailUrl\":\"https:\\\/\\\/www.fatosefotosnews.com.br\\\/wp-content\\\/uploads\\\/2026\\\/08\\\/vitoria_valle_de_oliveira.webp\",\"datePublished\":\"2026-08-23T13:20:06+00:00\",\"breadcrumb\":{\"@id\":\"https:\\\/\\\/www.fatosefotosnews.com.br\\\/?p=157749#breadcrumb\"},\"inLanguage\":\"pt-BR\",\"potentialAction\":[{\"@type\":\"ReadAction\",\"target\":[\"https:\\\/\\\/www.fatosefotosnews.com.br\\\/?p=157749\"]}]},{\"@type\":\"ImageObject\",\"inLanguage\":\"pt-BR\",\"@id\":\"https:\\\/\\\/www.fatosefotosnews.com.br\\\/?p=157749#primaryimage\",\"url\":\"https:\\\/\\\/www.fatosefotosnews.com.br\\\/wp-content\\\/uploads\\\/2026\\\/08\\\/vitoria_valle_de_oliveira.webp\",\"contentUrl\":\"https:\\\/\\\/www.fatosefotosnews.com.br\\\/wp-content\\\/uploads\\\/2026\\\/08\\\/vitoria_valle_de_oliveira.webp\",\"width\":1170,\"height\":700},{\"@type\":\"BreadcrumbList\",\"@id\":\"https:\\\/\\\/www.fatosefotosnews.com.br\\\/?p=157749#breadcrumb\",\"itemListElement\":[{\"@type\":\"ListItem\",\"position\":1,\"name\":\"In\u00edcio\",\"item\":\"https:\\\/\\\/www.fatosefotosnews.com.br\\\/\"},{\"@type\":\"ListItem\",\"position\":2,\"name\":\"Morre veterin\u00e1ria atacada por cachorro no canil do Senado Federal\"}]},{\"@type\":\"WebSite\",\"@id\":\"https:\\\/\\\/www.fatosefotosnews.com.br\\\/#website\",\"url\":\"https:\\\/\\\/www.fatosefotosnews.com.br\\\/\",\"name\":\"Fatos e Fotos News\",\"description\":\"Um site de noticial verdadeira e confi\u00e1veis.\",\"publisher\":{\"@id\":\"https:\\\/\\\/www.fatosefotosnews.com.br\\\/#organization\"},\"potentialAction\":[{\"@type\":\"SearchAction\",\"target\":{\"@type\":\"EntryPoint\",\"urlTemplate\":\"https:\\\/\\\/www.fatosefotosnews.com.br\\\/?s={search_term_string}\"},\"query-input\":{\"@type\":\"PropertyValueSpecification\",\"valueRequired\":true,\"valueName\":\"search_term_string\"}}],\"inLanguage\":\"pt-BR\"},{\"@type\":\"Organization\",\"@id\":\"https:\\\/\\\/www.fatosefotosnews.com.br\\\/#organization\",\"name\":\"Fatos e Fotos News\",\"url\":\"https:\\\/\\\/www.fatosefotosnews.com.br\\\/\",\"logo\":{\"@type\":\"ImageObject\",\"inLanguage\":\"pt-BR\",\"@id\":\"https:\\\/\\\/www.fatosefotosnews.com.br\\\/#\\\/schema\\\/logo\\\/image\\\/\",\"url\":\"https:\\\/\\\/www.fatosefotosnews.com.br\\\/wp-content\\\/uploads\\\/2023\\\/02\\\/Fatos-e-Fotos-news-logo.png\",\"contentUrl\":\"https:\\\/\\\/www.fatosefotosnews.com.br\\\/wp-content\\\/uploads\\\/2023\\\/02\\\/Fatos-e-Fotos-news-logo.png\",\"width\":300,\"height\":58,\"caption\":\"Fatos e Fotos News\"},\"image\":{\"@id\":\"https:\\\/\\\/www.fatosefotosnews.com.br\\\/#\\\/schema\\\/logo\\\/image\\\/\"}},{\"@type\":\"Person\",\"@id\":\"https:\\\/\\\/www.fatosefotosnews.com.br\\\/#\\\/schema\\\/person\\\/17b18da658f5277ed99382206a85602f\",\"name\":\"Mirela Portugal\",\"image\":{\"@type\":\"ImageObject\",\"inLanguage\":\"pt-BR\",\"@id\":\"https:\\\/\\\/secure.gravatar.com\\\/avatar\\\/2f92fb43fda38d1a46cf4a155e1c2951193d91d9bed3df97fce720eeb9595d08?s=96&d=mm&r=g\",\"url\":\"https:\\\/\\\/secure.gravatar.com\\\/avatar\\\/2f92fb43fda38d1a46cf4a155e1c2951193d91d9bed3df97fce720eeb9595d08?s=96&d=mm&r=g\",\"contentUrl\":\"https:\\\/\\\/secure.gravatar.com\\\/avatar\\\/2f92fb43fda38d1a46cf4a155e1c2951193d91d9bed3df97fce720eeb9595d08?s=96&d=mm&r=g\",\"caption\":\"Mirela Portugal\"},\"sameAs\":[\"http:\\\/\\\/fatosefotosnews.com.br\"],\"url\":\"https:\\\/\\\/www.fatosefotosnews.com.br\\\/?author=12\"}]}<\/script>\n<!-- \/ Yoast SEO plugin. -->","yoast_head_json":{"title":"Morre veterin\u00e1ria atacada por cachorro no canil do Senado Federal - Fatos e Fotos News","robots":{"index":"index","follow":"follow","max-snippet":"max-snippet:-1","max-image-preview":"max-image-preview:large","max-video-preview":"max-video-preview:-1"},"canonical":"https:\/\/www.fatosefotosnews.com.br\/?p=157749","og_locale":"pt_BR","og_type":"article","og_title":"Morre veterin\u00e1ria atacada por cachorro no canil do Senado Federal - Fatos e Fotos News","og_description":"Foto: Ag\u00eancia Senado A veterin\u00e1ria Vit\u00f3ria Valle de Oliveira Pinha, de 36 anos, morreu, neste s\u00e1bado (22), quatro dias depois de ser atacada por um cachorro pastor-belga no canil do Senado Federal, em Bras\u00edlia (DF). A informa\u00e7\u00e3o foi confirmada no final da manh\u00e3, em nota, pela assessoria de comunica\u00e7\u00e3o da Casa Legislativa.\u00a0 Ela estava internada [&hellip;]","og_url":"https:\/\/www.fatosefotosnews.com.br\/?p=157749","og_site_name":"Fatos e Fotos News","article_published_time":"2026-08-23T13:20:06+00:00","og_image":[{"width":1170,"height":700,"url":"https:\/\/www.fatosefotosnews.com.br\/wp-content\/uploads\/2026\/08\/vitoria_valle_de_oliveira.webp","type":"image\/webp"}],"author":"Mirela Portugal","twitter_card":"summary_large_image","twitter_misc":{"Escrito por":"Mirela Portugal","Est. tempo de leitura":"3 minutos"},"schema":{"@context":"https:\/\/schema.org","@graph":[{"@type":"Article","@id":"https:\/\/www.fatosefotosnews.com.br\/?p=157749#article","isPartOf":{"@id":"https:\/\/www.fatosefotosnews.com.br\/?p=157749"},"author":{"name":"Mirela Portugal","@id":"https:\/\/www.fatosefotosnews.com.br\/#\/schema\/person\/17b18da658f5277ed99382206a85602f"},"headline":"Morre veterin\u00e1ria atacada por cachorro no canil do Senado Federal","datePublished":"2026-08-23T13:20:06+00:00","mainEntityOfPage":{"@id":"https:\/\/www.fatosefotosnews.com.br\/?p=157749"},"wordCount":349,"publisher":{"@id":"https:\/\/www.fatosefotosnews.com.br\/#organization"},"image":{"@id":"https:\/\/www.fatosefotosnews.com.br\/?p=157749#primaryimage"},"thumbnailUrl":"https:\/\/www.fatosefotosnews.com.br\/wp-content\/uploads\/2026\/08\/vitoria_valle_de_oliveira.webp","keywords":["atacada","cachorro","canil","federal","morre","Senado","veterinaria"],"articleSection":["Geral"],"inLanguage":"pt-BR"},{"@type":"WebPage","@id":"https:\/\/www.fatosefotosnews.com.br\/?p=157749","url":"https:\/\/www.fatosefotosnews.com.br\/?p=157749","name":"Morre veterin\u00e1ria atacada por cachorro no canil do Senado Federal - Fatos e Fotos News","isPartOf":{"@id":"https:\/\/www.fatosefotosnews.com.br\/#website"},"primaryImageOfPage":{"@id":"https:\/\/www.fatosefotosnews.com.br\/?p=157749#primaryimage"},"image":{"@id":"https:\/\/www.fatosefotosnews.com.br\/?p=157749#primaryimage"},"thumbnailUrl":"https:\/\/www.fatosefotosnews.com.br\/wp-content\/uploads\/2026\/08\/vitoria_valle_de_oliveira.webp","datePublished":"2026-08-23T13:20:06+00:00","breadcrumb":{"@id":"https:\/\/www.fatosefotosnews.com.br\/?p=157749#breadcrumb"},"inLanguage":"pt-BR","potentialAction":[{"@type":"ReadAction","target":["https:\/\/www.fatosefotosnews.com.br\/?p=157749"]}]},{"@type":"ImageObject","inLanguage":"pt-BR","@id":"https:\/\/www.fatosefotosnews.com.br\/?p=157749#primaryimage","url":"https:\/\/www.fatosefotosnews.com.br\/wp-content\/uploads\/2026\/08\/vitoria_valle_de_oliveira.webp","contentUrl":"https:\/\/www.fatosefotosnews.com.br\/wp-content\/uploads\/2026\/08\/vitoria_valle_de_oliveira.webp","width":1170,"height":700},{"@type":"BreadcrumbList","@id":"https:\/\/www.fatosefotosnews.com.br\/?p=157749#breadcrumb","itemListElement":[{"@type":"ListItem","position":1,"name":"In\u00edcio","item":"https:\/\/www.fatosefotosnews.com.br\/"},{"@type":"ListItem","position":2,"name":"Morre veterin\u00e1ria atacada por cachorro no canil do Senado Federal"}]},{"@type":"WebSite","@id":"https:\/\/www.fatosefotosnews.com.br\/#website","url":"https:\/\/www.fatosefotosnews.com.br\/","name":"Fatos e Fotos News","description":"Um site de noticial verdadeira e confi\u00e1veis.","publisher":{"@id":"https:\/\/www.fatosefotosnews.com.br\/#organization"},"potentialAction":[{"@type":"SearchAction","target":{"@type":"EntryPoint","urlTemplate":"https:\/\/www.fatosefotosnews.com.br\/?s={search_term_string}"},"query-input":{"@type":"PropertyValueSpecification","valueRequired":true,"valueName":"search_term_string"}}],"inLanguage":"pt-BR"},{"@type":"Organization","@id":"https:\/\/www.fatosefotosnews.com.br\/#organization","name":"Fatos e Fotos News","url":"https:\/\/www.fatosefotosnews.com.br\/","logo":{"@type":"ImageObject","inLanguage":"pt-BR","@id":"https:\/\/www.fatosefotosnews.com.br\/#\/schema\/logo\/image\/","url":"https:\/\/www.fatosefotosnews.com.br\/wp-content\/uploads\/2023\/02\/Fatos-e-Fotos-news-logo.png","contentUrl":"https:\/\/www.fatosefotosnews.com.br\/wp-content\/uploads\/2023\/02\/Fatos-e-Fotos-news-logo.png","width":300,"height":58,"caption":"Fatos e Fotos News"},"image":{"@id":"https:\/\/www.fatosefotosnews.com.br\/#\/schema\/logo\/image\/"}},{"@type":"Person","@id":"https:\/\/www.fatosefotosnews.com.br\/#\/schema\/person\/17b18da658f5277ed99382206a85602f","name":"Mirela Portugal","image":{"@type":"ImageObject","inLanguage":"pt-BR","@id":"https:\/\/secure.gravatar.com\/avatar\/2f92fb43fda38d1a46cf4a155e1c2951193d91d9bed3df97fce720eeb9595d08?s=96&d=mm&r=g","url":"https:\/\/secure.gravatar.com\/avatar\/2f92fb43fda38d1a46cf4a155e1c2951193d91d9bed3df97fce720eeb9595d08?s=96&d=mm&r=g","contentUrl":"https:\/\/secure.gravatar.com\/avatar\/2f92fb43fda38d1a46cf4a155e1c2951193d91d9bed3df97fce720eeb9595d08?s=96&d=mm&r=g","caption":"Mirela Portugal"},"sameAs":["http:\/\/fatosefotosnews.com.br"],"url":"https:\/\/www.fatosefotosnews.com.br\/?author=12"}]}},"jetpack_publicize_connections":[],"blog_post_layout_featured_media_urls":{"thumbnail":["https:\/\/www.fatosefotosnews.com.br\/wp-content\/uploads\/2026\/08\/vitoria_valle_de_oliveira-150x150.webp",150,150,true],"full":["https:\/\/www.fatosefotosnews.com.br\/wp-content\/uploads\/2026\/08\/vitoria_valle_de_oliveira.webp",1170,700,false]},"categories_names":{"167":{"name":"Geral","link":"https:\/\/www.fatosefotosnews.com.br\/?cat=167"}},"tags_names":{"3757":{"name":"atacada","link":"https:\/\/www.fatosefotosnews.com.br\/?tag=atacada"},"11463":{"name":"cachorro","link":"https:\/\/www.fatosefotosnews.com.br\/?tag=cachorro"},"20729":{"name":"canil","link":"https:\/\/www.fatosefotosnews.com.br\/?tag=canil"},"1246":{"name":"federal","link":"https:\/\/www.fatosefotosnews.com.br\/?tag=federal"},"401":{"name":"morre","link":"https:\/\/www.fatosefotosnews.com.br\/?tag=morre"},"190":{"name":"Senado","link":"https:\/\/www.fatosefotosnews.com.br\/?tag=senado"},"18561":{"name":"veterinaria","link":"https:\/\/www.fatosefotosnews.com.br\/?tag=veterinaria"}},"comments_number":"0","wpmagazine_modules_lite_featured_media_urls":{"thumbnail":["https:\/\/www.fatosefotosnews.com.br\/wp-content\/uploads\/2026\/08\/vitoria_valle_de_oliveira-150x150.webp",150,150,true],"cvmm-medium":["https:\/\/www.fatosefotosnews.com.br\/wp-content\/uploads\/2026\/08\/vitoria_valle_de_oliveira-300x300.webp",300,300,true],"cvmm-medium-plus":["https:\/\/www.fatosefotosnews.com.br\/wp-content\/uploads\/2026\/08\/vitoria_valle_de_oliveira-305x207.webp",305,207,true],"cvmm-portrait":["https:\/\/www.fatosefotosnews.com.br\/wp-content\/uploads\/2026\/08\/vitoria_valle_de_oliveira-400x600.webp",400,600,true],"cvmm-medium-square":["https:\/\/www.fatosefotosnews.com.br\/wp-content\/uploads\/2026\/08\/vitoria_valle_de_oliveira-600x600.webp",600,600,true],"cvmm-large":["https:\/\/www.fatosefotosnews.com.br\/wp-content\/uploads\/2026\/08\/vitoria_valle_de_oliveira-1024x700.webp",1024,700,true],"cvmm-small":["https:\/\/www.fatosefotosnews.com.br\/wp-content\/uploads\/2026\/08\/vitoria_valle_de_oliveira-130x95.webp",130,95,true],"full":["https:\/\/www.fatosefotosnews.com.br\/wp-content\/uploads\/2026\/08\/vitoria_valle_de_oliveira.webp",1170,700,false]},"_links":{"self":[{"href":"https:\/\/www.fatosefotosnews.com.br\/index.php?rest_route=\/wp\/v2\/posts\/157749","targetHints":{"allow":["GET"]}}],"collection":[{"href":"https:\/\/www.fatosefotosnews.com.br\/index.php?rest_route=\/wp\/v2\/posts"}],"about":[{"href":"https:\/\/www.fatosefotosnews.com.br\/index.php?rest_route=\/wp\/v2\/types\/post"}],"author":[{"embeddable":true,"href":"https:\/\/www.fatosefotosnews.com.br\/index.php?rest_route=\/wp\/v2\/users\/12"}],"replies":[{"embeddable":true,"href":"https:\/\/www.fatosefotosnews.com.br\/index.php?rest_route=%2Fwp%2Fv2%2Fcomments&post=157749"}],"version-history":[{"count":1,"href":"https:\/\/www.fatosefotosnews.com.br\/index.php?rest_route=\/wp\/v2\/posts\/157749\/revisions"}],"predecessor-version":[{"id":157750,"href":"https:\/\/www.fatosefotosnews.com.br\/index.php?rest_route=\/wp\/v2\/posts\/157749\/revisions\/157750"}],"wp:featuredmedia":[{"embeddable":true,"href":"https:\/\/www.fatosefotosnews.com.br\/index.php?rest_route=\/wp\/v2\/media\/157736"}],"wp:attachment":[{"href":"https:\/\/www.fatosefotosnews.com.br\/index.php?rest_route=%2Fwp%2Fv2%2Fmedia&parent=157749"}],"wp:term":[{"taxonomy":"category","embeddable":true,"href":"https:\/\/www.fatosefotosnews.com.br\/index.php?rest_route=%2Fwp%2Fv2%2Fcategories&post=157749"},{"taxonomy":"post_tag","embeddable":true,"href":"https:\/\/www.fatosefotosnews.com.br\/index.php?rest_route=%2Fwp%2Fv2%2Ftags&post=157749"}],"curies":[{"name":"wp","href":"https:\/\/api.w.org\/{rel}","templated":true}]}}