{"id":157758,"date":"2026-08-23T09:58:19","date_gmt":"2026-08-23T12:58:19","guid":{"rendered":"https:\/\/www.fatosefotosnews.com.br\/?p=157758"},"modified":"2026-08-23T09:58:19","modified_gmt":"2026-08-23T12:58:19","slug":"festival-de-inverno-bahia-abre-sua-20a-edicao-com-noite-historica-em-vitoria-da-conquista","status":"publish","type":"post","link":"https:\/\/www.fatosefotosnews.com.br\/?p=157758","title":{"rendered":"Festival de Inverno Bahia abre sua 20\u00aa edi\u00e7\u00e3o com noite hist\u00f3rica em Vit\u00f3ria da Conquista"},"content":{"rendered":"<p><em>Z\u00e9 Ramalho, Projeto Dominguinho e Henry Freitas emocionam multid\u00e3o na abertura da 20\u00aa edi\u00e7\u00e3o, enquanto palco alternativo celebra talentos locais<\/em><\/p>\n<p>Foto:Laecio Lacerda<\/p>\n<p>A sexta-feira, 21 de agosto, marcou a abertura de mais uma edi\u00e7\u00e3o do Festival de Inverno Bahia (FIB), um dos maiores eventos musicais do interior do Nordeste. O Parque de Exposi\u00e7\u00f5es Teopompo de Almeida, em Vit\u00f3ria da Conquista, recebeu milhares de pessoas para a primeira noite da festa, que celebra a marca de vinte edi\u00e7\u00f5es com uma programa\u00e7\u00e3o que atravessa gera\u00e7\u00f5es, ritmos e estilos da m\u00fasica brasileira. Casa cheia, anima\u00e7\u00e3o do in\u00edcio ao fim e uma atmosfera de celebra\u00e7\u00e3o refor\u00e7aram a for\u00e7a do festival como um dos principais eventos culturais do inverno baiano.<\/p>\n<p><strong>Z\u00e9 Ramalho abre a noite com repert\u00f3rio hist\u00f3rico<\/strong><\/p>\n<p>Um dos nomes mais aguardados da abertura, Z\u00e9 Ramalho subiu ao palco do FIB pela primeira vez em sua trajet\u00f3ria de mais de cinco d\u00e9cadas dedicadas \u00e0 m\u00fasica brasileira. O cantor e compositor paraibano, s\u00edmbolo da fus\u00e3o entre rock, MPB e a tradi\u00e7\u00e3o nordestina, emocionou a plateia com cl\u00e1ssicos que atravessam gera\u00e7\u00f5es. Sua apresenta\u00e7\u00e3o levou ao festival o peso de uma carreira s\u00f3lida e reconhecida nacionalmente, dando in\u00edcio \u00e0 programa\u00e7\u00e3o com um repert\u00f3rio marcado por sucessos que permanecem na mem\u00f3ria do p\u00fablico.<\/p>\n<p><img fetchpriority=\"high\" decoding=\"async\" class=\"alignnone size-medium wp-image-157761\" src=\"https:\/\/www.fatosefotosnews.com.br\/wp-content\/uploads\/2026\/08\/Captura-de-tela-2026-08-23-095333-300x196.png\" alt=\"\" width=\"300\" height=\"196\" srcset=\"https:\/\/www.fatosefotosnews.com.br\/wp-content\/uploads\/2026\/08\/Captura-de-tela-2026-08-23-095333-300x196.png 300w, https:\/\/www.fatosefotosnews.com.br\/wp-content\/uploads\/2026\/08\/Captura-de-tela-2026-08-23-095333-1024x670.png 1024w, https:\/\/www.fatosefotosnews.com.br\/wp-content\/uploads\/2026\/08\/Captura-de-tela-2026-08-23-095333-768x502.png 768w, https:\/\/www.fatosefotosnews.com.br\/wp-content\/uploads\/2026\/08\/Captura-de-tela-2026-08-23-095333-870x570.png 870w, https:\/\/www.fatosefotosnews.com.br\/wp-content\/uploads\/2026\/08\/Captura-de-tela-2026-08-23-095333.png 1092w\" sizes=\"(max-width: 300px) 100vw, 300px\" \/><\/p>\n<p><strong>Projeto Dominguinho: o encontro entre Jo\u00e3o Gomes, Mestrinho e Jota P\u00ea<\/strong><\/p>\n<p>Na sequ\u00eancia, um dos momentos mais marcantes da noite ficou por conta do Projeto Dominguinho, forma\u00e7\u00e3o que re\u00fane Jo\u00e3o Gomes, Mestrinho e Jota P\u00ea em uma homenagem ao saudoso sanfoneiro Dominguinhos. O trabalho, reconhecido com um Grammy Latino na categoria de ra\u00edzes em l\u00edngua portuguesa, levou ao palco principal uma mistura de talento, tradi\u00e7\u00e3o e renova\u00e7\u00e3o do forr\u00f3 p\u00e9-de-serra. A energia de Jo\u00e3o Gomes, a virtuose da sanfona de Mestrinho e a experi\u00eancia de Jota P\u00ea formaram um encontro especial, com aplausos e coro da plateia a cada can\u00e7\u00e3o.<\/p>\n<p><img decoding=\"async\" class=\"wp-image-157760 alignnone\" src=\"https:\/\/www.fatosefotosnews.com.br\/wp-content\/uploads\/2026\/08\/Captura-de-tela-2026-08-23-095317-300x197.png\" alt=\"\" width=\"359\" height=\"236\" srcset=\"https:\/\/www.fatosefotosnews.com.br\/wp-content\/uploads\/2026\/08\/Captura-de-tela-2026-08-23-095317-300x197.png 300w, https:\/\/www.fatosefotosnews.com.br\/wp-content\/uploads\/2026\/08\/Captura-de-tela-2026-08-23-095317-1024x671.png 1024w, https:\/\/www.fatosefotosnews.com.br\/wp-content\/uploads\/2026\/08\/Captura-de-tela-2026-08-23-095317-768x503.png 768w, https:\/\/www.fatosefotosnews.com.br\/wp-content\/uploads\/2026\/08\/Captura-de-tela-2026-08-23-095317-870x570.png 870w, https:\/\/www.fatosefotosnews.com.br\/wp-content\/uploads\/2026\/08\/Captura-de-tela-2026-08-23-095317.png 1099w\" sizes=\"(max-width: 359px) 100vw, 359px\" \/><\/p>\n<p><strong>Henry Freitas encerra a noite com forr\u00f3 e <\/strong><strong>piseiro<\/strong><\/p>\n<p>Fechando a programa\u00e7\u00e3o do palco principal, Henry Freitas fez sua estreia no FIB com um repert\u00f3rio voltado aos sucessos que v\u00eam consolidando seu nome no cen\u00e1rio do forr\u00f3 e do piseiro. O cantor pernambucano apresentou hits como \u201cTem Caf\u00e9\u201d, \u201cTando\u201d e \u201cIm\u00e3 de Problema\u201d, garantindo uma reta final de muita anima\u00e7\u00e3o e fazendo a plateia cantar junto at\u00e9 o \u00faltimo minuto.<\/p>\n<p><img decoding=\"async\" class=\" wp-image-157762 alignnone\" src=\"https:\/\/www.fatosefotosnews.com.br\/wp-content\/uploads\/2026\/08\/Captura-de-tela-2026-08-23-095349-300x193.png\" alt=\"\" width=\"356\" height=\"229\" srcset=\"https:\/\/www.fatosefotosnews.com.br\/wp-content\/uploads\/2026\/08\/Captura-de-tela-2026-08-23-095349-300x193.png 300w, https:\/\/www.fatosefotosnews.com.br\/wp-content\/uploads\/2026\/08\/Captura-de-tela-2026-08-23-095349-1024x658.png 1024w, https:\/\/www.fatosefotosnews.com.br\/wp-content\/uploads\/2026\/08\/Captura-de-tela-2026-08-23-095349-768x494.png 768w, https:\/\/www.fatosefotosnews.com.br\/wp-content\/uploads\/2026\/08\/Captura-de-tela-2026-08-23-095349.png 1080w\" sizes=\"(max-width: 356px) 100vw, 356px\" \/><\/p>\n<p><strong>P<\/strong><strong>al<\/strong><strong>co altern<\/strong><strong>ativo valoriza a cena musical de Vit\u00f3ria d<\/strong><strong>a Conqu<\/strong><strong>ista<\/strong><\/p>\n<p>Enquanto o palco principal recebia grandes nomes nacionais, a Vila O Botic\u00e1rio, espa\u00e7o dedicado a artistas locais e regionais, tamb\u00e9m movimentou a programa\u00e7\u00e3o com uma sele\u00e7\u00e3o diversificada de atra\u00e7\u00f5es. Passaram pelo espa\u00e7o na primeira noite Camila Maria, Nay Caldas, Robertinha e Sympathy Stones, representando estilos que v\u00e3o do samba e arrocha ao brega, vaquejada e rock.<\/p>\n<p>O palco alternativo refor\u00e7ou a proposta do festival de unir grandes atra\u00e7\u00f5es nacionais \u00e0 valoriza\u00e7\u00e3o da produ\u00e7\u00e3o art\u00edstica conquistense, dando visibilidade a talentos da regi\u00e3o e ampliando o espa\u00e7o para a cena musical local dentro da programa\u00e7\u00e3o de uma das principais festas do calend\u00e1rio baiano.<\/p>\n<p>&nbsp;<\/p>\n","protected":false},"excerpt":{"rendered":"<p>Z\u00e9 Ramalho, Projeto Dominguinho e Henry Freitas emocionam multid\u00e3o na abertura da 20\u00aa edi\u00e7\u00e3o, enquanto palco alternativo celebra talentos locais Foto:Laecio Lacerda A sexta-feira, 21 de agosto, marcou a abertura de mais uma edi\u00e7\u00e3o do Festival de Inverno Bahia (FIB), um dos maiores eventos musicais do interior do Nordeste. O Parque de Exposi\u00e7\u00f5es Teopompo de [&hellip;]<\/p>\n","protected":false},"author":12,"featured_media":157759,"comment_status":"closed","ping_status":"open","sticky":false,"template":"","format":"standard","meta":{"_acf_changed":false,"_angie_page":false,"_monsterinsights_skip_tracking":false,"_themeisle_gutenberg_block_has_review":false,"page_builder":"","footnotes":"","jetpack_publicize_message":"","jetpack_publicize_feature_enabled":true,"jetpack_social_post_already_shared":true,"jetpack_social_options":{"image_generator_settings":{"template":"highway","default_image_id":0,"font":"","enabled":false},"version":2}},"categories":[25308],"tags":[242,1620,2351,2359,9201,1502,1557],"class_list":["post-157758","post","type-post","status-publish","format-standard","has-post-thumbnail","hentry","category-bahia","tag-bahia","tag-conquista","tag-festival","tag-historica","tag-inverno","tag-noite","tag-vitoria"],"acf":[],"nelio_content":{"autoShareEndMode":"never","automationSources":{"useCustomSentences":false,"customSentences":[]},"efiAlt":"","efiUrl":"","followers":[12],"highlights":[],"isAutoShareEnabled":true,"networkImageIds":[],"permalinkQueryArgs":[],"series":[],"suggestedReferences":[]},"yoast_head":"<!-- This site is optimized with the Yoast SEO plugin v28.3 - https:\/\/yoast.com\/product\/yoast-seo-wordpress\/ -->\n<title>Festival de Inverno Bahia abre sua 20\u00aa edi\u00e7\u00e3o com noite hist\u00f3rica em Vit\u00f3ria da Conquista - Fatos e Fotos News<\/title>\n<meta name=\"robots\" content=\"index, follow, max-snippet:-1, max-image-preview:large, max-video-preview:-1\" \/>\n<link rel=\"canonical\" href=\"https:\/\/www.fatosefotosnews.com.br\/?p=157758\" \/>\n<meta property=\"og:locale\" content=\"pt_BR\" \/>\n<meta property=\"og:type\" content=\"article\" \/>\n<meta property=\"og:title\" content=\"Festival de Inverno Bahia abre sua 20\u00aa edi\u00e7\u00e3o com noite hist\u00f3rica em Vit\u00f3ria da Conquista - Fatos e Fotos News\" \/>\n<meta property=\"og:description\" content=\"Z\u00e9 Ramalho, Projeto Dominguinho e Henry Freitas emocionam multid\u00e3o na abertura da 20\u00aa edi\u00e7\u00e3o, enquanto palco alternativo celebra talentos locais Foto:Laecio Lacerda A sexta-feira, 21 de agosto, marcou a abertura de mais uma edi\u00e7\u00e3o do Festival de Inverno Bahia (FIB), um dos maiores eventos musicais do interior do Nordeste. O Parque de Exposi\u00e7\u00f5es Teopompo de [&hellip;]\" \/>\n<meta property=\"og:url\" content=\"https:\/\/www.fatosefotosnews.com.br\/?p=157758\" \/>\n<meta property=\"og:site_name\" content=\"Fatos e Fotos News\" \/>\n<meta property=\"article:published_time\" content=\"2026-08-23T12:58:19+00:00\" \/>\n<meta property=\"og:image\" content=\"https:\/\/www.fatosefotosnews.com.br\/wp-content\/uploads\/2026\/08\/Captura-de-tela-2026-08-23-095034.png\" \/>\n\t<meta property=\"og:image:width\" content=\"903\" \/>\n\t<meta property=\"og:image:height\" content=\"590\" \/>\n\t<meta property=\"og:image:type\" content=\"image\/png\" \/>\n<meta name=\"author\" content=\"Mirela Portugal\" \/>\n<meta name=\"twitter:card\" content=\"summary_large_image\" \/>\n<meta name=\"twitter:label1\" content=\"Escrito por\" \/>\n\t<meta name=\"twitter:data1\" content=\"Mirela Portugal\" \/>\n\t<meta name=\"twitter:label2\" content=\"Est. tempo de leitura\" \/>\n\t<meta name=\"twitter:data2\" content=\"4 minutos\" \/>\n<script type=\"application\/ld+json\" class=\"yoast-schema-graph\">{\"@context\":\"https:\\\/\\\/schema.org\",\"@graph\":[{\"@type\":\"Article\",\"@id\":\"https:\\\/\\\/www.fatosefotosnews.com.br\\\/?p=157758#article\",\"isPartOf\":{\"@id\":\"https:\\\/\\\/www.fatosefotosnews.com.br\\\/?p=157758\"},\"author\":{\"name\":\"Mirela Portugal\",\"@id\":\"https:\\\/\\\/www.fatosefotosnews.com.br\\\/#\\\/schema\\\/person\\\/17b18da658f5277ed99382206a85602f\"},\"headline\":\"Festival de Inverno Bahia abre sua 20\u00aa edi\u00e7\u00e3o com noite hist\u00f3rica em Vit\u00f3ria da Conquista\",\"datePublished\":\"2026-08-23T12:58:19+00:00\",\"mainEntityOfPage\":{\"@id\":\"https:\\\/\\\/www.fatosefotosnews.com.br\\\/?p=157758\"},\"wordCount\":572,\"publisher\":{\"@id\":\"https:\\\/\\\/www.fatosefotosnews.com.br\\\/#organization\"},\"image\":{\"@id\":\"https:\\\/\\\/www.fatosefotosnews.com.br\\\/?p=157758#primaryimage\"},\"thumbnailUrl\":\"https:\\\/\\\/www.fatosefotosnews.com.br\\\/wp-content\\\/uploads\\\/2026\\\/08\\\/Captura-de-tela-2026-08-23-095034.png\",\"keywords\":[\"Bahia\",\"conquista\",\"festival\",\"historica\",\"inverno\",\"noite\",\"vitoria\"],\"articleSection\":[\"Bahia\"],\"inLanguage\":\"pt-BR\"},{\"@type\":\"WebPage\",\"@id\":\"https:\\\/\\\/www.fatosefotosnews.com.br\\\/?p=157758\",\"url\":\"https:\\\/\\\/www.fatosefotosnews.com.br\\\/?p=157758\",\"name\":\"Festival de Inverno Bahia abre sua 20\u00aa edi\u00e7\u00e3o com noite hist\u00f3rica em Vit\u00f3ria da Conquista - Fatos e Fotos News\",\"isPartOf\":{\"@id\":\"https:\\\/\\\/www.fatosefotosnews.com.br\\\/#website\"},\"primaryImageOfPage\":{\"@id\":\"https:\\\/\\\/www.fatosefotosnews.com.br\\\/?p=157758#primaryimage\"},\"image\":{\"@id\":\"https:\\\/\\\/www.fatosefotosnews.com.br\\\/?p=157758#primaryimage\"},\"thumbnailUrl\":\"https:\\\/\\\/www.fatosefotosnews.com.br\\\/wp-content\\\/uploads\\\/2026\\\/08\\\/Captura-de-tela-2026-08-23-095034.png\",\"datePublished\":\"2026-08-23T12:58:19+00:00\",\"breadcrumb\":{\"@id\":\"https:\\\/\\\/www.fatosefotosnews.com.br\\\/?p=157758#breadcrumb\"},\"inLanguage\":\"pt-BR\",\"potentialAction\":[{\"@type\":\"ReadAction\",\"target\":[\"https:\\\/\\\/www.fatosefotosnews.com.br\\\/?p=157758\"]}]},{\"@type\":\"ImageObject\",\"inLanguage\":\"pt-BR\",\"@id\":\"https:\\\/\\\/www.fatosefotosnews.com.br\\\/?p=157758#primaryimage\",\"url\":\"https:\\\/\\\/www.fatosefotosnews.com.br\\\/wp-content\\\/uploads\\\/2026\\\/08\\\/Captura-de-tela-2026-08-23-095034.png\",\"contentUrl\":\"https:\\\/\\\/www.fatosefotosnews.com.br\\\/wp-content\\\/uploads\\\/2026\\\/08\\\/Captura-de-tela-2026-08-23-095034.png\",\"width\":903,\"height\":590},{\"@type\":\"BreadcrumbList\",\"@id\":\"https:\\\/\\\/www.fatosefotosnews.com.br\\\/?p=157758#breadcrumb\",\"itemListElement\":[{\"@type\":\"ListItem\",\"position\":1,\"name\":\"In\u00edcio\",\"item\":\"https:\\\/\\\/www.fatosefotosnews.com.br\\\/\"},{\"@type\":\"ListItem\",\"position\":2,\"name\":\"Festival de Inverno Bahia abre sua 20\u00aa edi\u00e7\u00e3o com noite hist\u00f3rica em Vit\u00f3ria da Conquista\"}]},{\"@type\":\"WebSite\",\"@id\":\"https:\\\/\\\/www.fatosefotosnews.com.br\\\/#website\",\"url\":\"https:\\\/\\\/www.fatosefotosnews.com.br\\\/\",\"name\":\"Fatos e Fotos News\",\"description\":\"Um site de noticial verdadeira e confi\u00e1veis.\",\"publisher\":{\"@id\":\"https:\\\/\\\/www.fatosefotosnews.com.br\\\/#organization\"},\"potentialAction\":[{\"@type\":\"SearchAction\",\"target\":{\"@type\":\"EntryPoint\",\"urlTemplate\":\"https:\\\/\\\/www.fatosefotosnews.com.br\\\/?s={search_term_string}\"},\"query-input\":{\"@type\":\"PropertyValueSpecification\",\"valueRequired\":true,\"valueName\":\"search_term_string\"}}],\"inLanguage\":\"pt-BR\"},{\"@type\":\"Organization\",\"@id\":\"https:\\\/\\\/www.fatosefotosnews.com.br\\\/#organization\",\"name\":\"Fatos e Fotos News\",\"url\":\"https:\\\/\\\/www.fatosefotosnews.com.br\\\/\",\"logo\":{\"@type\":\"ImageObject\",\"inLanguage\":\"pt-BR\",\"@id\":\"https:\\\/\\\/www.fatosefotosnews.com.br\\\/#\\\/schema\\\/logo\\\/image\\\/\",\"url\":\"https:\\\/\\\/www.fatosefotosnews.com.br\\\/wp-content\\\/uploads\\\/2023\\\/02\\\/Fatos-e-Fotos-news-logo.png\",\"contentUrl\":\"https:\\\/\\\/www.fatosefotosnews.com.br\\\/wp-content\\\/uploads\\\/2023\\\/02\\\/Fatos-e-Fotos-news-logo.png\",\"width\":300,\"height\":58,\"caption\":\"Fatos e Fotos News\"},\"image\":{\"@id\":\"https:\\\/\\\/www.fatosefotosnews.com.br\\\/#\\\/schema\\\/logo\\\/image\\\/\"}},{\"@type\":\"Person\",\"@id\":\"https:\\\/\\\/www.fatosefotosnews.com.br\\\/#\\\/schema\\\/person\\\/17b18da658f5277ed99382206a85602f\",\"name\":\"Mirela Portugal\",\"image\":{\"@type\":\"ImageObject\",\"inLanguage\":\"pt-BR\",\"@id\":\"https:\\\/\\\/secure.gravatar.com\\\/avatar\\\/2f92fb43fda38d1a46cf4a155e1c2951193d91d9bed3df97fce720eeb9595d08?s=96&d=mm&r=g\",\"url\":\"https:\\\/\\\/secure.gravatar.com\\\/avatar\\\/2f92fb43fda38d1a46cf4a155e1c2951193d91d9bed3df97fce720eeb9595d08?s=96&d=mm&r=g\",\"contentUrl\":\"https:\\\/\\\/secure.gravatar.com\\\/avatar\\\/2f92fb43fda38d1a46cf4a155e1c2951193d91d9bed3df97fce720eeb9595d08?s=96&d=mm&r=g\",\"caption\":\"Mirela Portugal\"},\"sameAs\":[\"http:\\\/\\\/fatosefotosnews.com.br\"],\"url\":\"https:\\\/\\\/www.fatosefotosnews.com.br\\\/?author=12\"}]}<\/script>\n<!-- \/ Yoast SEO plugin. -->","yoast_head_json":{"title":"Festival de Inverno Bahia abre sua 20\u00aa edi\u00e7\u00e3o com noite hist\u00f3rica em Vit\u00f3ria da Conquista - Fatos e Fotos News","robots":{"index":"index","follow":"follow","max-snippet":"max-snippet:-1","max-image-preview":"max-image-preview:large","max-video-preview":"max-video-preview:-1"},"canonical":"https:\/\/www.fatosefotosnews.com.br\/?p=157758","og_locale":"pt_BR","og_type":"article","og_title":"Festival de Inverno Bahia abre sua 20\u00aa edi\u00e7\u00e3o com noite hist\u00f3rica em Vit\u00f3ria da Conquista - Fatos e Fotos News","og_description":"Z\u00e9 Ramalho, Projeto Dominguinho e Henry Freitas emocionam multid\u00e3o na abertura da 20\u00aa edi\u00e7\u00e3o, enquanto palco alternativo celebra talentos locais Foto:Laecio Lacerda A sexta-feira, 21 de agosto, marcou a abertura de mais uma edi\u00e7\u00e3o do Festival de Inverno Bahia (FIB), um dos maiores eventos musicais do interior do Nordeste. O Parque de Exposi\u00e7\u00f5es Teopompo de [&hellip;]","og_url":"https:\/\/www.fatosefotosnews.com.br\/?p=157758","og_site_name":"Fatos e Fotos News","article_published_time":"2026-08-23T12:58:19+00:00","og_image":[{"width":903,"height":590,"url":"https:\/\/www.fatosefotosnews.com.br\/wp-content\/uploads\/2026\/08\/Captura-de-tela-2026-08-23-095034.png","type":"image\/png"}],"author":"Mirela Portugal","twitter_card":"summary_large_image","twitter_misc":{"Escrito por":"Mirela Portugal","Est. tempo de leitura":"4 minutos"},"schema":{"@context":"https:\/\/schema.org","@graph":[{"@type":"Article","@id":"https:\/\/www.fatosefotosnews.com.br\/?p=157758#article","isPartOf":{"@id":"https:\/\/www.fatosefotosnews.com.br\/?p=157758"},"author":{"name":"Mirela Portugal","@id":"https:\/\/www.fatosefotosnews.com.br\/#\/schema\/person\/17b18da658f5277ed99382206a85602f"},"headline":"Festival de Inverno Bahia abre sua 20\u00aa edi\u00e7\u00e3o com noite hist\u00f3rica em Vit\u00f3ria da Conquista","datePublished":"2026-08-23T12:58:19+00:00","mainEntityOfPage":{"@id":"https:\/\/www.fatosefotosnews.com.br\/?p=157758"},"wordCount":572,"publisher":{"@id":"https:\/\/www.fatosefotosnews.com.br\/#organization"},"image":{"@id":"https:\/\/www.fatosefotosnews.com.br\/?p=157758#primaryimage"},"thumbnailUrl":"https:\/\/www.fatosefotosnews.com.br\/wp-content\/uploads\/2026\/08\/Captura-de-tela-2026-08-23-095034.png","keywords":["Bahia","conquista","festival","historica","inverno","noite","vitoria"],"articleSection":["Bahia"],"inLanguage":"pt-BR"},{"@type":"WebPage","@id":"https:\/\/www.fatosefotosnews.com.br\/?p=157758","url":"https:\/\/www.fatosefotosnews.com.br\/?p=157758","name":"Festival de Inverno Bahia abre sua 20\u00aa edi\u00e7\u00e3o com noite hist\u00f3rica em Vit\u00f3ria da Conquista - Fatos e Fotos News","isPartOf":{"@id":"https:\/\/www.fatosefotosnews.com.br\/#website"},"primaryImageOfPage":{"@id":"https:\/\/www.fatosefotosnews.com.br\/?p=157758#primaryimage"},"image":{"@id":"https:\/\/www.fatosefotosnews.com.br\/?p=157758#primaryimage"},"thumbnailUrl":"https:\/\/www.fatosefotosnews.com.br\/wp-content\/uploads\/2026\/08\/Captura-de-tela-2026-08-23-095034.png","datePublished":"2026-08-23T12:58:19+00:00","breadcrumb":{"@id":"https:\/\/www.fatosefotosnews.com.br\/?p=157758#breadcrumb"},"inLanguage":"pt-BR","potentialAction":[{"@type":"ReadAction","target":["https:\/\/www.fatosefotosnews.com.br\/?p=157758"]}]},{"@type":"ImageObject","inLanguage":"pt-BR","@id":"https:\/\/www.fatosefotosnews.com.br\/?p=157758#primaryimage","url":"https:\/\/www.fatosefotosnews.com.br\/wp-content\/uploads\/2026\/08\/Captura-de-tela-2026-08-23-095034.png","contentUrl":"https:\/\/www.fatosefotosnews.com.br\/wp-content\/uploads\/2026\/08\/Captura-de-tela-2026-08-23-095034.png","width":903,"height":590},{"@type":"BreadcrumbList","@id":"https:\/\/www.fatosefotosnews.com.br\/?p=157758#breadcrumb","itemListElement":[{"@type":"ListItem","position":1,"name":"In\u00edcio","item":"https:\/\/www.fatosefotosnews.com.br\/"},{"@type":"ListItem","position":2,"name":"Festival de Inverno Bahia abre sua 20\u00aa edi\u00e7\u00e3o com noite hist\u00f3rica em Vit\u00f3ria da Conquista"}]},{"@type":"WebSite","@id":"https:\/\/www.fatosefotosnews.com.br\/#website","url":"https:\/\/www.fatosefotosnews.com.br\/","name":"Fatos e Fotos News","description":"Um site de noticial verdadeira e confi\u00e1veis.","publisher":{"@id":"https:\/\/www.fatosefotosnews.com.br\/#organization"},"potentialAction":[{"@type":"SearchAction","target":{"@type":"EntryPoint","urlTemplate":"https:\/\/www.fatosefotosnews.com.br\/?s={search_term_string}"},"query-input":{"@type":"PropertyValueSpecification","valueRequired":true,"valueName":"search_term_string"}}],"inLanguage":"pt-BR"},{"@type":"Organization","@id":"https:\/\/www.fatosefotosnews.com.br\/#organization","name":"Fatos e Fotos News","url":"https:\/\/www.fatosefotosnews.com.br\/","logo":{"@type":"ImageObject","inLanguage":"pt-BR","@id":"https:\/\/www.fatosefotosnews.com.br\/#\/schema\/logo\/image\/","url":"https:\/\/www.fatosefotosnews.com.br\/wp-content\/uploads\/2023\/02\/Fatos-e-Fotos-news-logo.png","contentUrl":"https:\/\/www.fatosefotosnews.com.br\/wp-content\/uploads\/2023\/02\/Fatos-e-Fotos-news-logo.png","width":300,"height":58,"caption":"Fatos e Fotos News"},"image":{"@id":"https:\/\/www.fatosefotosnews.com.br\/#\/schema\/logo\/image\/"}},{"@type":"Person","@id":"https:\/\/www.fatosefotosnews.com.br\/#\/schema\/person\/17b18da658f5277ed99382206a85602f","name":"Mirela Portugal","image":{"@type":"ImageObject","inLanguage":"pt-BR","@id":"https:\/\/secure.gravatar.com\/avatar\/2f92fb43fda38d1a46cf4a155e1c2951193d91d9bed3df97fce720eeb9595d08?s=96&d=mm&r=g","url":"https:\/\/secure.gravatar.com\/avatar\/2f92fb43fda38d1a46cf4a155e1c2951193d91d9bed3df97fce720eeb9595d08?s=96&d=mm&r=g","contentUrl":"https:\/\/secure.gravatar.com\/avatar\/2f92fb43fda38d1a46cf4a155e1c2951193d91d9bed3df97fce720eeb9595d08?s=96&d=mm&r=g","caption":"Mirela Portugal"},"sameAs":["http:\/\/fatosefotosnews.com.br"],"url":"https:\/\/www.fatosefotosnews.com.br\/?author=12"}]}},"jetpack_publicize_connections":[],"blog_post_layout_featured_media_urls":{"thumbnail":["https:\/\/www.fatosefotosnews.com.br\/wp-content\/uploads\/2026\/08\/Captura-de-tela-2026-08-23-095034-150x150.png",150,150,true],"full":["https:\/\/www.fatosefotosnews.com.br\/wp-content\/uploads\/2026\/08\/Captura-de-tela-2026-08-23-095034.png",903,590,false]},"categories_names":{"25308":{"name":"Bahia","link":"https:\/\/www.fatosefotosnews.com.br\/?cat=25308"}},"tags_names":{"242":{"name":"Bahia","link":"https:\/\/www.fatosefotosnews.com.br\/?tag=bahia"},"1620":{"name":"conquista","link":"https:\/\/www.fatosefotosnews.com.br\/?tag=conquista"},"2351":{"name":"festival","link":"https:\/\/www.fatosefotosnews.com.br\/?tag=festival"},"2359":{"name":"historica","link":"https:\/\/www.fatosefotosnews.com.br\/?tag=historica"},"9201":{"name":"inverno","link":"https:\/\/www.fatosefotosnews.com.br\/?tag=inverno"},"1502":{"name":"noite","link":"https:\/\/www.fatosefotosnews.com.br\/?tag=noite"},"1557":{"name":"vitoria","link":"https:\/\/www.fatosefotosnews.com.br\/?tag=vitoria"}},"comments_number":"0","wpmagazine_modules_lite_featured_media_urls":{"thumbnail":["https:\/\/www.fatosefotosnews.com.br\/wp-content\/uploads\/2026\/08\/Captura-de-tela-2026-08-23-095034-150x150.png",150,150,true],"cvmm-medium":["https:\/\/www.fatosefotosnews.com.br\/wp-content\/uploads\/2026\/08\/Captura-de-tela-2026-08-23-095034-300x300.png",300,300,true],"cvmm-medium-plus":["https:\/\/www.fatosefotosnews.com.br\/wp-content\/uploads\/2026\/08\/Captura-de-tela-2026-08-23-095034-305x207.png",305,207,true],"cvmm-portrait":["https:\/\/www.fatosefotosnews.com.br\/wp-content\/uploads\/2026\/08\/Captura-de-tela-2026-08-23-095034-400x590.png",400,590,true],"cvmm-medium-square":["https:\/\/www.fatosefotosnews.com.br\/wp-content\/uploads\/2026\/08\/Captura-de-tela-2026-08-23-095034-600x590.png",600,590,true],"cvmm-large":["https:\/\/www.fatosefotosnews.com.br\/wp-content\/uploads\/2026\/08\/Captura-de-tela-2026-08-23-095034.png",903,590,false],"cvmm-small":["https:\/\/www.fatosefotosnews.com.br\/wp-content\/uploads\/2026\/08\/Captura-de-tela-2026-08-23-095034-130x95.png",130,95,true],"full":["https:\/\/www.fatosefotosnews.com.br\/wp-content\/uploads\/2026\/08\/Captura-de-tela-2026-08-23-095034.png",903,590,false]},"_links":{"self":[{"href":"https:\/\/www.fatosefotosnews.com.br\/index.php?rest_route=\/wp\/v2\/posts\/157758","targetHints":{"allow":["GET"]}}],"collection":[{"href":"https:\/\/www.fatosefotosnews.com.br\/index.php?rest_route=\/wp\/v2\/posts"}],"about":[{"href":"https:\/\/www.fatosefotosnews.com.br\/index.php?rest_route=\/wp\/v2\/types\/post"}],"author":[{"embeddable":true,"href":"https:\/\/www.fatosefotosnews.com.br\/index.php?rest_route=\/wp\/v2\/users\/12"}],"replies":[{"embeddable":true,"href":"https:\/\/www.fatosefotosnews.com.br\/index.php?rest_route=%2Fwp%2Fv2%2Fcomments&post=157758"}],"version-history":[{"count":1,"href":"https:\/\/www.fatosefotosnews.com.br\/index.php?rest_route=\/wp\/v2\/posts\/157758\/revisions"}],"predecessor-version":[{"id":157763,"href":"https:\/\/www.fatosefotosnews.com.br\/index.php?rest_route=\/wp\/v2\/posts\/157758\/revisions\/157763"}],"wp:featuredmedia":[{"embeddable":true,"href":"https:\/\/www.fatosefotosnews.com.br\/index.php?rest_route=\/wp\/v2\/media\/157759"}],"wp:attachment":[{"href":"https:\/\/www.fatosefotosnews.com.br\/index.php?rest_route=%2Fwp%2Fv2%2Fmedia&parent=157758"}],"wp:term":[{"taxonomy":"category","embeddable":true,"href":"https:\/\/www.fatosefotosnews.com.br\/index.php?rest_route=%2Fwp%2Fv2%2Fcategories&post=157758"},{"taxonomy":"post_tag","embeddable":true,"href":"https:\/\/www.fatosefotosnews.com.br\/index.php?rest_route=%2Fwp%2Fv2%2Ftags&post=157758"}],"curies":[{"name":"wp","href":"https:\/\/api.w.org\/{rel}","templated":true}]}}