{"id":157784,"date":"2026-08-24T06:45:36","date_gmt":"2026-08-24T09:45:36","guid":{"rendered":"https:\/\/www.fatosefotosnews.com.br\/?p=157784"},"modified":"2026-08-23T19:46:38","modified_gmt":"2026-08-23T22:46:38","slug":"jovens-eleitores-quilombolas-defendem-voto-em-defesa-de-ideais","status":"publish","type":"post","link":"https:\/\/www.fatosefotosnews.com.br\/?p=157784","title":{"rendered":"Jovens eleitores quilombolas defendem voto em defesa de ideais"},"content":{"rendered":"<p>Foto: Acervo da fam\u00edlia<\/p>\n<div id=\"block-tts-block-tts\" class=\"block block-tts\">\n<div class=\"content\">\n<div id=\"tts-container\" class=\"container-audio rel-position\">\n<div class=\"title abs-position\"><\/div>\n<\/div>\n<\/div>\n<\/div>\n<div class=\"conteudo-noticia\">\n<p>No pr\u00f3ximo dia 4 de outubro, o agricultor Joaquim Moreira, de 87 anos, pessoa mais velha da comunidade quilombola de Antinha de Baixo, em Santo Ant\u00f4nio do Descoberto (GO), far\u00e1 o caminho at\u00e9 a escola em que vai votar em uma companhia especial.\u00a0<img decoding=\"async\" src=\"https:\/\/agenciabrasil.ebc.com.br\/ebc.png?id=1700366&amp;o=node\" \/><img decoding=\"async\" src=\"https:\/\/agenciabrasil.ebc.com.br\/ebc.gif?id=1700366&amp;o=node\" \/><\/p>\n<p>Ele estar\u00e1 com a neta, a estudante Thauany Silva, de 16 anos, que ter\u00e1 a primeira experi\u00eancia na urna. Ambos est\u00e3o muito ansiosos pela data e com os t\u00edtulos bem guardados em suas carteiras. \u201cSempre votei e vou votar de novo\u201d, diz\u00a0o agricultor.<\/p>\n<div class=\"dnd-widget-wrapper context-cheio_8colunas type-image\">\n<div class=\"dnd-atom-rendered\"><img decoding=\"async\" title=\"Foto: acervo da fam\u00edlia\" src=\"https:\/\/imagens.ebc.com.br\/UC5Y0d2QVOnNPhDFGkGNM-LmjPQ=\/754x0\/smart\/https:\/\/agenciabrasil.ebc.com.br\/sites\/default\/files\/thumbnails\/image\/2026\/08\/21\/thauany_votara_pela_primeira_vez.jpeg?itok=9jUth4Q-\" alt=\"Thauany tem 16 anos e votar\u00e1 pela primeira vez. Foto: acervo da fam\u00edlia\" \/><\/div>\n<div class=\"dnd-caption-wrapper\">\n<div class=\"meta\">Thauany tem 16 anos e votar\u00e1 pela primeira vez.\u00a0<strong>Foto: acervo da fam\u00edlia<\/strong><\/div>\n<\/div>\n<\/div>\n<p>Thauany ficou t\u00e3o empolgada com o primeiro voto que, assim que completou 16 anos em abril, foi com a m\u00e3e, Mayara, at\u00e9 o centro da cidade para fazer valer os direitos de cidad\u00e3.<\/p>\n<h2>Dobro de eleitores<\/h2>\n<p><strong>Nas elei\u00e7\u00f5es de 2026, o n\u00famero de eleitores que se identificaram como quilombolas praticamente dobrou em rela\u00e7\u00e3o ao pleito de 2024, segundo os n\u00fameros divulgados pelo Tribunal Superior Eleitoral. Eram 95.409 pessoas nas elei\u00e7\u00f5es municipais e subiu para para 188.371 em 2026. Em Goi\u00e1s, onde a fam\u00edlia deles vota, o n\u00famero de quilombolas eleitores subiu de 3.625 para 5.394<\/strong><\/p>\n<p>Mayara Silva, de 36, m\u00e3e de Thauany, afirma que ensina aos filhos que \u00e9 necess\u00e1rio acompanhar as decis\u00f5es pol\u00edticas porque interferem diariamente no dia a dia da sua comunidade. \u201cN\u00e3o tem como fechar os olhos para o fato que tudo \u00e9 pol\u00edtica\u201d, diz.<\/p>\n<p>A adolescente ficou muito feliz quando recebeu o t\u00edtulo provis\u00f3rio de eleitora em m\u00e3os.\u00a0 \u201cQuando a gente vota, estamos cuidando do futuro de todos n\u00f3s, n\u00e9?\u201d, argumenta.<\/p>\n<h2>&#8220;At\u00e9 o ar que a gente respira&#8221;<\/h2>\n<p>O sentimento de querer participar do dia importante da democracia tamb\u00e9m encanta a universit\u00e1ria de direito Franciele Silva, de 27 anos. Ela, que \u00e9 nascida e criada na comunidade de Rio dos Macacos, em Sim\u00f5es Filho (BA), explica que tem o t\u00edtulo de eleitor desde os 18 anos.<\/p>\n<p>\u201cEu tinha muita curiosidade sobre como era votar. At\u00e9 o ar que a gente respira tem a ver com pol\u00edtica. Minha m\u00e3e sempre me ensinou a lutar pelos meus direitos e da minha comunidade\u201d, enfatiza. Franciele, desde que come\u00e7ou a estudar direito na Universidade Federal da Bahia (UFBA), passou a trazer ainda mais informa\u00e7\u00f5es para a comunidade sobre caminhos para a defesa do seu territ\u00f3rio. \u201cVotar \u00e9 fundamental\u201d.<\/p>\n<div class=\"dnd-widget-wrapper context-cheio_8colunas type-image\">\n<div class=\"dnd-atom-rendered\"><img decoding=\"async\" title=\"Foto: Acervo de fam\u00edlia\" src=\"https:\/\/imagens.ebc.com.br\/h96fqcsvf4IL2kiRFEqI9GI6cYk=\/754x0\/smart\/https:\/\/agenciabrasil.ebc.com.br\/sites\/default\/files\/thumbnails\/image\/2026\/08\/21\/franciely_vive_na_comunidade_de_rio_dos_macacos._foto_acervo_pessoal.jpeg?itok=zpt77LBy\" alt=\"Franciele Silva vive na comunidade de Rio dos Macacos. Foto: acervo de fam\u00edlia\" \/><\/div>\n<div class=\"dnd-caption-wrapper\">\n<div class=\"meta\">Franciele Silva vive na comunidade de Rio dos Macacos.\u00a0<strong>Foto: Acervo de fam\u00edlia<\/strong><\/div>\n<\/div>\n<\/div>\n<p><strong>Inclusive, no Nordeste, h\u00e1 maior quantidade de quilombolas eleitores do pa\u00eds. Em 2024, eram 51.633 pessoas e, em 2026, ser\u00e3o 95.901. Segundo o TSE, a regi\u00e3o tem mais da metade do eleitorado quilombola do pa\u00eds.<\/strong><\/p>\n<h2>Mais visibilidade<\/h2>\n<p><strong>O crescimento do eleitorado nas comunidades tradicionais tem rela\u00e7\u00e3o com a amplia\u00e7\u00e3o da visibilidade e da conscientiza\u00e7\u00e3o pol\u00edtica nos territ\u00f3rios, segundo avalia a professora Bia Nunes.<\/strong>\u00a0Ela \u00e9 pesquisadora da Coordena\u00e7\u00e3o Nacional de Articula\u00e7\u00e3o das Comunidades Negras Rurais Quilombolas (Conaq).<\/p>\n<p>\u201cN\u00f3s temos levado as nossas pautas a diferentes espa\u00e7os e encontramos parcerias.\u201d Ela diz que, o engajamento de eleitores quilombolas ocorre a partir de conscientiza\u00e7\u00e3o e letramento sobre o papel que os quilombolas realizam pela natureza como guardi\u00f5es da floresta. \u201cEntender, por exemplo, a import\u00e2ncia que os territ\u00f3rios t\u00eam para a biodiversidade. \u00c9 o trabalho que os quilombolas sempre fizeram e fazem\u201d, acrescenta.<\/p>\n<div class=\"dnd-widget-wrapper context-cheio_8colunas type-image\">\n<div class=\"dnd-atom-rendered\"><img decoding=\"async\" title=\"foto: arquivo pessoal\" src=\"https:\/\/imagens.ebc.com.br\/0q2dfZ_7zHzT_0XadcNdCF4dSDE=\/754x0\/smart\/https:\/\/agenciabrasil.ebc.com.br\/sites\/default\/files\/thumbnails\/image\/2026\/08\/21\/bia_nunes_-_divulgacao.jpeg?itok=PRLrg12u\" alt=\"Bia Nunes, da Conaq, diz que \u00e9 fundamental engajar os jovens. Foto: Arquivo pessoal\" \/><\/div>\n<div class=\"dnd-caption-wrapper\">\n<div class=\"meta\">Bia Nunes, da Conaq, diz que \u00e9 fundamental engajar os jovens.\u00a0<strong>Foto: arquivo pessoal<\/strong><\/div>\n<\/div>\n<\/div>\n<p>Bia Nunes diz que a reivindica\u00e7\u00e3o de pol\u00edticas p\u00fablicas leva em conta o papel que as comunidades t\u00eam para a coletividade. \u201cAs pessoas come\u00e7am a dimensionar esse trabalho e a entender a import\u00e2ncia do voto e de escolher os representantes\u201d.<\/p>\n<p>A representante da entidade ressalta ainda que a popula\u00e7\u00e3o quilombola tem entendido que deve exigir dos governantes comprometimento com a prote\u00e7\u00e3o das pessoas e avan\u00e7o das titula\u00e7\u00f5es de territ\u00f3rios quilombolas pelo pa\u00eds. Para isso, o engajamento dos mais jovens torna-se um caminho essencial.<\/p>\n<p>Bia Nunes defende mais campanhas por parte do Estado brasileiro para o est\u00edmulo de eleitores e candidatos quilombolas. Inclusive, ainda h\u00e1 um contexto de vulnerabilidade, formado por press\u00f5es e amea\u00e7as de viol\u00eancias. \u201cEu mesmo sou uma pessoa que estou no programa de prote\u00e7\u00e3o porque, no ano de 2020, eu sofri uma amea\u00e7a contra a minha vida (quando era candidata)\u201d.<\/p>\n<h2>Consci\u00eancia pol\u00edtica<\/h2>\n<p>A conscientiza\u00e7\u00e3o pol\u00edtica da comunidade quilombola tem diferentes caminhos, como explica o educador de alfabetiza\u00e7\u00e3o financeira Rafael Costa, de 32 anos, da comunidade Mesquita, da Cidade Ocidental (GO). Ele avalia que h\u00e1 um crescimento de interesse por temas temas relacionados \u00e0 participa\u00e7\u00e3o e \u00e0 representatividade pol\u00edtica.<\/p>\n<p>\u201cQuanto mais as pessoas se informam, mais pesquisam, estudam e passam a ter mais no\u00e7\u00e3o da necessidade de pol\u00edticas p\u00fablicas, por exemplo\u201d, contextualiza.<\/p>\n<div class=\"dnd-widget-wrapper context-cheio_8colunas type-image\">\n<div class=\"dnd-atom-rendered\"><img decoding=\"async\" title=\"Foto: Acervo pessoal\" src=\"https:\/\/imagens.ebc.com.br\/sBs6v49mMrWtvi7M2a5YcFVyvOs=\/754x0\/smart\/https:\/\/agenciabrasil.ebc.com.br\/sites\/default\/files\/thumbnails\/image\/2026\/08\/21\/rafael_e_educador_financeiro._divulgacao.jpeg?itok=0PRpm0lr\" alt=\" Rafael \u00e9 educador financeiro. Foto: Acervo pessoal\" \/><\/div>\n<div class=\"dnd-caption-wrapper\">\n<div class=\"meta\">Rafael \u00e9 educador financeiro.\u00a0<strong>Foto: Acervo pessoal<\/strong><\/div>\n<\/div>\n<\/div>\n<p>Rafael Costa avalia que as comunidades, que cresceram com esp\u00edrito de coopera\u00e7\u00e3o e altru\u00edsmo, precisam estar atentas para evitar\u00a0golpes financeiros e desinforma\u00e7\u00e3o. &#8220;A partir do momento que se conscientizam sobre seu modo de vida e de produ\u00e7\u00e3o, come\u00e7am tamb\u00e9m a desenvolver maior consci\u00eancia pol\u00edtica&#8221;, argumenta.<\/p>\n<p>H\u00e1, segundo o educador financeiro, engajamento e politiza\u00e7\u00e3o dos jovens adultos sobre participa\u00e7\u00e3o pol\u00edtica para se defender da desinforma\u00e7\u00e3o que amea\u00e7a territ\u00f3rios.\u00a0 \u201cA comunidade est\u00e1 cada vez mais se fortalecendo politicamente\u201d.<\/p>\n<\/div>\n","protected":false},"excerpt":{"rendered":"<p>Foto: Acervo da fam\u00edlia No pr\u00f3ximo dia 4 de outubro, o agricultor Joaquim Moreira, de 87 anos, pessoa mais velha da comunidade quilombola de Antinha de Baixo, em Santo Ant\u00f4nio do Descoberto (GO), far\u00e1 o caminho at\u00e9 a escola em que vai votar em uma companhia especial.\u00a0 Ele estar\u00e1 com a neta, a estudante Thauany [&hellip;]<\/p>\n","protected":false},"author":12,"featured_media":157782,"comment_status":"closed","ping_status":"open","sticky":false,"template":"","format":"standard","meta":{"_acf_changed":false,"_angie_page":false,"_monsterinsights_skip_tracking":false,"_themeisle_gutenberg_block_has_review":false,"page_builder":"","footnotes":"","jetpack_publicize_message":"","jetpack_publicize_feature_enabled":true,"jetpack_social_post_already_shared":true,"jetpack_social_options":{"image_generator_settings":{"template":"highway","default_image_id":0,"font":"","enabled":false},"version":2}},"categories":[25236,167],"tags":[3377,722,3511,2148,2449,5052],"class_list":["post-157784","post","type-post","status-publish","format-standard","has-post-thumbnail","hentry","category-direitos-humanos","category-geral","tag-defendem","tag-defesa","tag-eleitores","tag-ideais","tag-jovens","tag-quilombolas"],"acf":[],"nelio_content":{"autoShareEndMode":"never","automationSources":{"useCustomSentences":false,"customSentences":[]},"efiAlt":"","efiUrl":"","followers":[12],"highlights":[],"isAutoShareEnabled":true,"networkImageIds":[],"permalinkQueryArgs":[],"series":[],"suggestedReferences":[]},"yoast_head":"<!-- This site is optimized with the Yoast SEO plugin v28.3 - https:\/\/yoast.com\/product\/yoast-seo-wordpress\/ -->\n<title>Jovens eleitores quilombolas defendem voto em defesa de ideais - Fatos e Fotos News<\/title>\n<meta name=\"robots\" content=\"index, follow, max-snippet:-1, max-image-preview:large, max-video-preview:-1\" \/>\n<link rel=\"canonical\" href=\"https:\/\/www.fatosefotosnews.com.br\/?p=157784\" \/>\n<meta property=\"og:locale\" content=\"pt_BR\" \/>\n<meta property=\"og:type\" content=\"article\" \/>\n<meta property=\"og:title\" content=\"Jovens eleitores quilombolas defendem voto em defesa de ideais - Fatos e Fotos News\" \/>\n<meta property=\"og:description\" content=\"Foto: Acervo da fam\u00edlia No pr\u00f3ximo dia 4 de outubro, o agricultor Joaquim Moreira, de 87 anos, pessoa mais velha da comunidade quilombola de Antinha de Baixo, em Santo Ant\u00f4nio do Descoberto (GO), far\u00e1 o caminho at\u00e9 a escola em que vai votar em uma companhia especial.\u00a0 Ele estar\u00e1 com a neta, a estudante Thauany [&hellip;]\" \/>\n<meta property=\"og:url\" content=\"https:\/\/www.fatosefotosnews.com.br\/?p=157784\" \/>\n<meta property=\"og:site_name\" content=\"Fatos e Fotos News\" \/>\n<meta property=\"article:published_time\" content=\"2026-08-24T09:45:36+00:00\" \/>\n<meta property=\"og:image\" content=\"https:\/\/www.fatosefotosnews.com.br\/wp-content\/uploads\/2026\/08\/thauany_e_o_avo_vao_votar_no_dia_4.webp\" \/>\n\t<meta property=\"og:image:width\" content=\"1170\" \/>\n\t<meta property=\"og:image:height\" content=\"700\" \/>\n\t<meta property=\"og:image:type\" content=\"image\/webp\" \/>\n<meta name=\"author\" content=\"Mirela Portugal\" \/>\n<meta name=\"twitter:card\" content=\"summary_large_image\" \/>\n<meta name=\"twitter:label1\" content=\"Escrito por\" \/>\n\t<meta name=\"twitter:data1\" content=\"Mirela Portugal\" \/>\n\t<meta name=\"twitter:label2\" content=\"Est. tempo de leitura\" \/>\n\t<meta name=\"twitter:data2\" content=\"7 minutos\" \/>\n<script type=\"application\/ld+json\" class=\"yoast-schema-graph\">{\"@context\":\"https:\\\/\\\/schema.org\",\"@graph\":[{\"@type\":\"Article\",\"@id\":\"https:\\\/\\\/www.fatosefotosnews.com.br\\\/?p=157784#article\",\"isPartOf\":{\"@id\":\"https:\\\/\\\/www.fatosefotosnews.com.br\\\/?p=157784\"},\"author\":{\"name\":\"Mirela Portugal\",\"@id\":\"https:\\\/\\\/www.fatosefotosnews.com.br\\\/#\\\/schema\\\/person\\\/17b18da658f5277ed99382206a85602f\"},\"headline\":\"Jovens eleitores quilombolas defendem voto em defesa de ideais\",\"datePublished\":\"2026-08-24T09:45:36+00:00\",\"mainEntityOfPage\":{\"@id\":\"https:\\\/\\\/www.fatosefotosnews.com.br\\\/?p=157784\"},\"wordCount\":932,\"publisher\":{\"@id\":\"https:\\\/\\\/www.fatosefotosnews.com.br\\\/#organization\"},\"image\":{\"@id\":\"https:\\\/\\\/www.fatosefotosnews.com.br\\\/?p=157784#primaryimage\"},\"thumbnailUrl\":\"https:\\\/\\\/www.fatosefotosnews.com.br\\\/wp-content\\\/uploads\\\/2026\\\/08\\\/thauany_e_o_avo_vao_votar_no_dia_4.webp\",\"keywords\":[\"defendem\",\"defesa\",\"eleitores\",\"ideais\",\"jovens\",\"quilombolas\"],\"articleSection\":[\"Direitos Humanos\",\"Geral\"],\"inLanguage\":\"pt-BR\"},{\"@type\":\"WebPage\",\"@id\":\"https:\\\/\\\/www.fatosefotosnews.com.br\\\/?p=157784\",\"url\":\"https:\\\/\\\/www.fatosefotosnews.com.br\\\/?p=157784\",\"name\":\"Jovens eleitores quilombolas defendem voto em defesa de ideais - Fatos e Fotos News\",\"isPartOf\":{\"@id\":\"https:\\\/\\\/www.fatosefotosnews.com.br\\\/#website\"},\"primaryImageOfPage\":{\"@id\":\"https:\\\/\\\/www.fatosefotosnews.com.br\\\/?p=157784#primaryimage\"},\"image\":{\"@id\":\"https:\\\/\\\/www.fatosefotosnews.com.br\\\/?p=157784#primaryimage\"},\"thumbnailUrl\":\"https:\\\/\\\/www.fatosefotosnews.com.br\\\/wp-content\\\/uploads\\\/2026\\\/08\\\/thauany_e_o_avo_vao_votar_no_dia_4.webp\",\"datePublished\":\"2026-08-24T09:45:36+00:00\",\"breadcrumb\":{\"@id\":\"https:\\\/\\\/www.fatosefotosnews.com.br\\\/?p=157784#breadcrumb\"},\"inLanguage\":\"pt-BR\",\"potentialAction\":[{\"@type\":\"ReadAction\",\"target\":[\"https:\\\/\\\/www.fatosefotosnews.com.br\\\/?p=157784\"]}]},{\"@type\":\"ImageObject\",\"inLanguage\":\"pt-BR\",\"@id\":\"https:\\\/\\\/www.fatosefotosnews.com.br\\\/?p=157784#primaryimage\",\"url\":\"https:\\\/\\\/www.fatosefotosnews.com.br\\\/wp-content\\\/uploads\\\/2026\\\/08\\\/thauany_e_o_avo_vao_votar_no_dia_4.webp\",\"contentUrl\":\"https:\\\/\\\/www.fatosefotosnews.com.br\\\/wp-content\\\/uploads\\\/2026\\\/08\\\/thauany_e_o_avo_vao_votar_no_dia_4.webp\",\"width\":1170,\"height\":700},{\"@type\":\"BreadcrumbList\",\"@id\":\"https:\\\/\\\/www.fatosefotosnews.com.br\\\/?p=157784#breadcrumb\",\"itemListElement\":[{\"@type\":\"ListItem\",\"position\":1,\"name\":\"In\u00edcio\",\"item\":\"https:\\\/\\\/www.fatosefotosnews.com.br\\\/\"},{\"@type\":\"ListItem\",\"position\":2,\"name\":\"Jovens eleitores quilombolas defendem voto em defesa de ideais\"}]},{\"@type\":\"WebSite\",\"@id\":\"https:\\\/\\\/www.fatosefotosnews.com.br\\\/#website\",\"url\":\"https:\\\/\\\/www.fatosefotosnews.com.br\\\/\",\"name\":\"Fatos e Fotos News\",\"description\":\"Um site de noticial verdadeira e confi\u00e1veis.\",\"publisher\":{\"@id\":\"https:\\\/\\\/www.fatosefotosnews.com.br\\\/#organization\"},\"potentialAction\":[{\"@type\":\"SearchAction\",\"target\":{\"@type\":\"EntryPoint\",\"urlTemplate\":\"https:\\\/\\\/www.fatosefotosnews.com.br\\\/?s={search_term_string}\"},\"query-input\":{\"@type\":\"PropertyValueSpecification\",\"valueRequired\":true,\"valueName\":\"search_term_string\"}}],\"inLanguage\":\"pt-BR\"},{\"@type\":\"Organization\",\"@id\":\"https:\\\/\\\/www.fatosefotosnews.com.br\\\/#organization\",\"name\":\"Fatos e Fotos News\",\"url\":\"https:\\\/\\\/www.fatosefotosnews.com.br\\\/\",\"logo\":{\"@type\":\"ImageObject\",\"inLanguage\":\"pt-BR\",\"@id\":\"https:\\\/\\\/www.fatosefotosnews.com.br\\\/#\\\/schema\\\/logo\\\/image\\\/\",\"url\":\"https:\\\/\\\/www.fatosefotosnews.com.br\\\/wp-content\\\/uploads\\\/2023\\\/02\\\/Fatos-e-Fotos-news-logo.png\",\"contentUrl\":\"https:\\\/\\\/www.fatosefotosnews.com.br\\\/wp-content\\\/uploads\\\/2023\\\/02\\\/Fatos-e-Fotos-news-logo.png\",\"width\":300,\"height\":58,\"caption\":\"Fatos e Fotos News\"},\"image\":{\"@id\":\"https:\\\/\\\/www.fatosefotosnews.com.br\\\/#\\\/schema\\\/logo\\\/image\\\/\"}},{\"@type\":\"Person\",\"@id\":\"https:\\\/\\\/www.fatosefotosnews.com.br\\\/#\\\/schema\\\/person\\\/17b18da658f5277ed99382206a85602f\",\"name\":\"Mirela Portugal\",\"image\":{\"@type\":\"ImageObject\",\"inLanguage\":\"pt-BR\",\"@id\":\"https:\\\/\\\/secure.gravatar.com\\\/avatar\\\/2f92fb43fda38d1a46cf4a155e1c2951193d91d9bed3df97fce720eeb9595d08?s=96&d=mm&r=g\",\"url\":\"https:\\\/\\\/secure.gravatar.com\\\/avatar\\\/2f92fb43fda38d1a46cf4a155e1c2951193d91d9bed3df97fce720eeb9595d08?s=96&d=mm&r=g\",\"contentUrl\":\"https:\\\/\\\/secure.gravatar.com\\\/avatar\\\/2f92fb43fda38d1a46cf4a155e1c2951193d91d9bed3df97fce720eeb9595d08?s=96&d=mm&r=g\",\"caption\":\"Mirela Portugal\"},\"sameAs\":[\"http:\\\/\\\/fatosefotosnews.com.br\"],\"url\":\"https:\\\/\\\/www.fatosefotosnews.com.br\\\/?author=12\"}]}<\/script>\n<!-- \/ Yoast SEO plugin. -->","yoast_head_json":{"title":"Jovens eleitores quilombolas defendem voto em defesa de ideais - Fatos e Fotos News","robots":{"index":"index","follow":"follow","max-snippet":"max-snippet:-1","max-image-preview":"max-image-preview:large","max-video-preview":"max-video-preview:-1"},"canonical":"https:\/\/www.fatosefotosnews.com.br\/?p=157784","og_locale":"pt_BR","og_type":"article","og_title":"Jovens eleitores quilombolas defendem voto em defesa de ideais - Fatos e Fotos News","og_description":"Foto: Acervo da fam\u00edlia No pr\u00f3ximo dia 4 de outubro, o agricultor Joaquim Moreira, de 87 anos, pessoa mais velha da comunidade quilombola de Antinha de Baixo, em Santo Ant\u00f4nio do Descoberto (GO), far\u00e1 o caminho at\u00e9 a escola em que vai votar em uma companhia especial.\u00a0 Ele estar\u00e1 com a neta, a estudante Thauany [&hellip;]","og_url":"https:\/\/www.fatosefotosnews.com.br\/?p=157784","og_site_name":"Fatos e Fotos News","article_published_time":"2026-08-24T09:45:36+00:00","og_image":[{"width":1170,"height":700,"url":"https:\/\/www.fatosefotosnews.com.br\/wp-content\/uploads\/2026\/08\/thauany_e_o_avo_vao_votar_no_dia_4.webp","type":"image\/webp"}],"author":"Mirela Portugal","twitter_card":"summary_large_image","twitter_misc":{"Escrito por":"Mirela Portugal","Est. tempo de leitura":"7 minutos"},"schema":{"@context":"https:\/\/schema.org","@graph":[{"@type":"Article","@id":"https:\/\/www.fatosefotosnews.com.br\/?p=157784#article","isPartOf":{"@id":"https:\/\/www.fatosefotosnews.com.br\/?p=157784"},"author":{"name":"Mirela Portugal","@id":"https:\/\/www.fatosefotosnews.com.br\/#\/schema\/person\/17b18da658f5277ed99382206a85602f"},"headline":"Jovens eleitores quilombolas defendem voto em defesa de ideais","datePublished":"2026-08-24T09:45:36+00:00","mainEntityOfPage":{"@id":"https:\/\/www.fatosefotosnews.com.br\/?p=157784"},"wordCount":932,"publisher":{"@id":"https:\/\/www.fatosefotosnews.com.br\/#organization"},"image":{"@id":"https:\/\/www.fatosefotosnews.com.br\/?p=157784#primaryimage"},"thumbnailUrl":"https:\/\/www.fatosefotosnews.com.br\/wp-content\/uploads\/2026\/08\/thauany_e_o_avo_vao_votar_no_dia_4.webp","keywords":["defendem","defesa","eleitores","ideais","jovens","quilombolas"],"articleSection":["Direitos Humanos","Geral"],"inLanguage":"pt-BR"},{"@type":"WebPage","@id":"https:\/\/www.fatosefotosnews.com.br\/?p=157784","url":"https:\/\/www.fatosefotosnews.com.br\/?p=157784","name":"Jovens eleitores quilombolas defendem voto em defesa de ideais - Fatos e Fotos News","isPartOf":{"@id":"https:\/\/www.fatosefotosnews.com.br\/#website"},"primaryImageOfPage":{"@id":"https:\/\/www.fatosefotosnews.com.br\/?p=157784#primaryimage"},"image":{"@id":"https:\/\/www.fatosefotosnews.com.br\/?p=157784#primaryimage"},"thumbnailUrl":"https:\/\/www.fatosefotosnews.com.br\/wp-content\/uploads\/2026\/08\/thauany_e_o_avo_vao_votar_no_dia_4.webp","datePublished":"2026-08-24T09:45:36+00:00","breadcrumb":{"@id":"https:\/\/www.fatosefotosnews.com.br\/?p=157784#breadcrumb"},"inLanguage":"pt-BR","potentialAction":[{"@type":"ReadAction","target":["https:\/\/www.fatosefotosnews.com.br\/?p=157784"]}]},{"@type":"ImageObject","inLanguage":"pt-BR","@id":"https:\/\/www.fatosefotosnews.com.br\/?p=157784#primaryimage","url":"https:\/\/www.fatosefotosnews.com.br\/wp-content\/uploads\/2026\/08\/thauany_e_o_avo_vao_votar_no_dia_4.webp","contentUrl":"https:\/\/www.fatosefotosnews.com.br\/wp-content\/uploads\/2026\/08\/thauany_e_o_avo_vao_votar_no_dia_4.webp","width":1170,"height":700},{"@type":"BreadcrumbList","@id":"https:\/\/www.fatosefotosnews.com.br\/?p=157784#breadcrumb","itemListElement":[{"@type":"ListItem","position":1,"name":"In\u00edcio","item":"https:\/\/www.fatosefotosnews.com.br\/"},{"@type":"ListItem","position":2,"name":"Jovens eleitores quilombolas defendem voto em defesa de ideais"}]},{"@type":"WebSite","@id":"https:\/\/www.fatosefotosnews.com.br\/#website","url":"https:\/\/www.fatosefotosnews.com.br\/","name":"Fatos e Fotos News","description":"Um site de noticial verdadeira e confi\u00e1veis.","publisher":{"@id":"https:\/\/www.fatosefotosnews.com.br\/#organization"},"potentialAction":[{"@type":"SearchAction","target":{"@type":"EntryPoint","urlTemplate":"https:\/\/www.fatosefotosnews.com.br\/?s={search_term_string}"},"query-input":{"@type":"PropertyValueSpecification","valueRequired":true,"valueName":"search_term_string"}}],"inLanguage":"pt-BR"},{"@type":"Organization","@id":"https:\/\/www.fatosefotosnews.com.br\/#organization","name":"Fatos e Fotos News","url":"https:\/\/www.fatosefotosnews.com.br\/","logo":{"@type":"ImageObject","inLanguage":"pt-BR","@id":"https:\/\/www.fatosefotosnews.com.br\/#\/schema\/logo\/image\/","url":"https:\/\/www.fatosefotosnews.com.br\/wp-content\/uploads\/2023\/02\/Fatos-e-Fotos-news-logo.png","contentUrl":"https:\/\/www.fatosefotosnews.com.br\/wp-content\/uploads\/2023\/02\/Fatos-e-Fotos-news-logo.png","width":300,"height":58,"caption":"Fatos e Fotos News"},"image":{"@id":"https:\/\/www.fatosefotosnews.com.br\/#\/schema\/logo\/image\/"}},{"@type":"Person","@id":"https:\/\/www.fatosefotosnews.com.br\/#\/schema\/person\/17b18da658f5277ed99382206a85602f","name":"Mirela Portugal","image":{"@type":"ImageObject","inLanguage":"pt-BR","@id":"https:\/\/secure.gravatar.com\/avatar\/2f92fb43fda38d1a46cf4a155e1c2951193d91d9bed3df97fce720eeb9595d08?s=96&d=mm&r=g","url":"https:\/\/secure.gravatar.com\/avatar\/2f92fb43fda38d1a46cf4a155e1c2951193d91d9bed3df97fce720eeb9595d08?s=96&d=mm&r=g","contentUrl":"https:\/\/secure.gravatar.com\/avatar\/2f92fb43fda38d1a46cf4a155e1c2951193d91d9bed3df97fce720eeb9595d08?s=96&d=mm&r=g","caption":"Mirela Portugal"},"sameAs":["http:\/\/fatosefotosnews.com.br"],"url":"https:\/\/www.fatosefotosnews.com.br\/?author=12"}]}},"jetpack_publicize_connections":[],"blog_post_layout_featured_media_urls":{"thumbnail":["https:\/\/www.fatosefotosnews.com.br\/wp-content\/uploads\/2026\/08\/thauany_e_o_avo_vao_votar_no_dia_4-150x150.webp",150,150,true],"full":["https:\/\/www.fatosefotosnews.com.br\/wp-content\/uploads\/2026\/08\/thauany_e_o_avo_vao_votar_no_dia_4.webp",1170,700,false]},"categories_names":{"25236":{"name":"Direitos Humanos","link":"https:\/\/www.fatosefotosnews.com.br\/?cat=25236"},"167":{"name":"Geral","link":"https:\/\/www.fatosefotosnews.com.br\/?cat=167"}},"tags_names":{"3377":{"name":"defendem","link":"https:\/\/www.fatosefotosnews.com.br\/?tag=defendem"},"722":{"name":"defesa","link":"https:\/\/www.fatosefotosnews.com.br\/?tag=defesa"},"3511":{"name":"eleitores","link":"https:\/\/www.fatosefotosnews.com.br\/?tag=eleitores"},"2148":{"name":"ideais","link":"https:\/\/www.fatosefotosnews.com.br\/?tag=ideais"},"2449":{"name":"jovens","link":"https:\/\/www.fatosefotosnews.com.br\/?tag=jovens"},"5052":{"name":"quilombolas","link":"https:\/\/www.fatosefotosnews.com.br\/?tag=quilombolas"}},"comments_number":"0","wpmagazine_modules_lite_featured_media_urls":{"thumbnail":["https:\/\/www.fatosefotosnews.com.br\/wp-content\/uploads\/2026\/08\/thauany_e_o_avo_vao_votar_no_dia_4-150x150.webp",150,150,true],"cvmm-medium":["https:\/\/www.fatosefotosnews.com.br\/wp-content\/uploads\/2026\/08\/thauany_e_o_avo_vao_votar_no_dia_4-300x300.webp",300,300,true],"cvmm-medium-plus":["https:\/\/www.fatosefotosnews.com.br\/wp-content\/uploads\/2026\/08\/thauany_e_o_avo_vao_votar_no_dia_4-305x207.webp",305,207,true],"cvmm-portrait":["https:\/\/www.fatosefotosnews.com.br\/wp-content\/uploads\/2026\/08\/thauany_e_o_avo_vao_votar_no_dia_4-400x600.webp",400,600,true],"cvmm-medium-square":["https:\/\/www.fatosefotosnews.com.br\/wp-content\/uploads\/2026\/08\/thauany_e_o_avo_vao_votar_no_dia_4-600x600.webp",600,600,true],"cvmm-large":["https:\/\/www.fatosefotosnews.com.br\/wp-content\/uploads\/2026\/08\/thauany_e_o_avo_vao_votar_no_dia_4-1024x700.webp",1024,700,true],"cvmm-small":["https:\/\/www.fatosefotosnews.com.br\/wp-content\/uploads\/2026\/08\/thauany_e_o_avo_vao_votar_no_dia_4-130x95.webp",130,95,true],"full":["https:\/\/www.fatosefotosnews.com.br\/wp-content\/uploads\/2026\/08\/thauany_e_o_avo_vao_votar_no_dia_4.webp",1170,700,false]},"_links":{"self":[{"href":"https:\/\/www.fatosefotosnews.com.br\/index.php?rest_route=\/wp\/v2\/posts\/157784","targetHints":{"allow":["GET"]}}],"collection":[{"href":"https:\/\/www.fatosefotosnews.com.br\/index.php?rest_route=\/wp\/v2\/posts"}],"about":[{"href":"https:\/\/www.fatosefotosnews.com.br\/index.php?rest_route=\/wp\/v2\/types\/post"}],"author":[{"embeddable":true,"href":"https:\/\/www.fatosefotosnews.com.br\/index.php?rest_route=\/wp\/v2\/users\/12"}],"replies":[{"embeddable":true,"href":"https:\/\/www.fatosefotosnews.com.br\/index.php?rest_route=%2Fwp%2Fv2%2Fcomments&post=157784"}],"version-history":[{"count":1,"href":"https:\/\/www.fatosefotosnews.com.br\/index.php?rest_route=\/wp\/v2\/posts\/157784\/revisions"}],"predecessor-version":[{"id":157785,"href":"https:\/\/www.fatosefotosnews.com.br\/index.php?rest_route=\/wp\/v2\/posts\/157784\/revisions\/157785"}],"wp:featuredmedia":[{"embeddable":true,"href":"https:\/\/www.fatosefotosnews.com.br\/index.php?rest_route=\/wp\/v2\/media\/157782"}],"wp:attachment":[{"href":"https:\/\/www.fatosefotosnews.com.br\/index.php?rest_route=%2Fwp%2Fv2%2Fmedia&parent=157784"}],"wp:term":[{"taxonomy":"category","embeddable":true,"href":"https:\/\/www.fatosefotosnews.com.br\/index.php?rest_route=%2Fwp%2Fv2%2Fcategories&post=157784"},{"taxonomy":"post_tag","embeddable":true,"href":"https:\/\/www.fatosefotosnews.com.br\/index.php?rest_route=%2Fwp%2Fv2%2Ftags&post=157784"}],"curies":[{"name":"wp","href":"https:\/\/api.w.org\/{rel}","templated":true}]}}