{"id":157786,"date":"2026-08-24T07:00:57","date_gmt":"2026-08-24T10:00:57","guid":{"rendered":"https:\/\/www.fatosefotosnews.com.br\/?p=157786"},"modified":"2026-08-23T19:50:20","modified_gmt":"2026-08-23T22:50:20","slug":"ons-suspende-geracao-excedente-de-energia-pela-segunda-vez-no-ano","status":"publish","type":"post","link":"https:\/\/www.fatosefotosnews.com.br\/?p=157786","title":{"rendered":"ONS suspende gera\u00e7\u00e3o excedente de energia pela segunda vez no ano"},"content":{"rendered":"<p>Foto: Marcello Casal jr\/Ag\u00eancia Brasil<\/p>\n<div id=\"block-tts-block-tts\" class=\"block block-tts\">\n<div class=\"content\">\n<div id=\"tts-container\" class=\"container-audio rel-position\">\n<div class=\"title abs-position\"><\/div>\n<\/div>\n<\/div>\n<\/div>\n<div class=\"conteudo-noticia\">\n<p><strong>Pela segunda vez no ano, o Operador Nacional do Sistema El\u00e9trico (ONS)<a href=\"https:\/\/www.ons.org.br\/paginas\/noticias\/details.aspx?i=13152\">\u00a0acionou o plano emergencial<\/a>\u00a0para reduzir a gera\u00e7\u00e3o de energia diante do excesso de oferta no Sistema Interligado Nacional (SIN).<\/strong><img decoding=\"async\" src=\"https:\/\/agenciabrasil.ebc.com.br\/ebc.png?id=1700415&amp;o=node\" \/><img decoding=\"async\" src=\"https:\/\/agenciabrasil.ebc.com.br\/ebc.gif?id=1700415&amp;o=node\" \/><\/p>\n<p>A medida ocorre das 11h \u00e0s 13h30 deste domingo (23), sem impacto para o consumidor, afetando apenas as distribuidoras.\u00a0<strong>O objetivo \u00e9 preservar a seguran\u00e7a do sistema diante da expectativa de menor consumo no fim de semana.<\/strong><\/p>\n<p>O plano prev\u00ea a restri\u00e7\u00e3o da gera\u00e7\u00e3o de usinas Tipo 3, conectadas \u00e0s redes de distribui\u00e7\u00e3o. O grupo inclui pequenas centrais hidrel\u00e9tricas (PCHs), usinas a biomassa e empreendimentos e\u00f3licos e solares de menor porte.<\/p>\n<p>O ONS tamb\u00e9m adotou medidas complementares para reduzir a gera\u00e7\u00e3o de usinas sob seu controle direto.<\/p>\n<h2>Medida ocorreu em junho<\/h2>\n<p><strong>O primeiro acionamento de 2026 ocorreu em 7 de junho, no feriado prolongado de Corpus Christi.\u00a0<\/strong>Na ocasi\u00e3o, o ONS solicitou o gerenciamento de 1 mil megawatts (MW) das 10h \u00e0s 14h.<\/p>\n<p>O plano emergencial foi aprovado pela Ag\u00eancia Nacional de Energia El\u00e9trica (Aneel) em 2025, diante do avan\u00e7o da gera\u00e7\u00e3o distribu\u00edda, principalmente da energia solar.<\/p>\n<p>Em agosto de 2025, no dia dos pais, o excesso de energia quase provocou uma sobrecarga no sistema. Naquela data, a gera\u00e7\u00e3o distribu\u00edda chegou a representar 37,6% da demanda nacional.<\/p>\n<p>Para equilibrar o sistema e evitar um blecaute que poderia atingir v\u00e1rios estados, o ONS reduziu a produ\u00e7\u00e3o de hidrel\u00e9tricas e termel\u00e9tricas. O operador cortou 98,5% da gera\u00e7\u00e3o e\u00f3lica e solar centralizada.<\/p>\n<h2>ONS prepara corte autom\u00e1tico<\/h2>\n<p><strong>Diante do crescimento da gera\u00e7\u00e3o solar, o ONS anunciou, na \u00faltima quinta-feira (20) que est\u00e1 preparando um sistema para desligar automaticamente parte da gera\u00e7\u00e3o distribu\u00edda em situa\u00e7\u00f5es cr\u00edticas.<\/strong><\/p>\n<p>Chamado de Esquema Regional de Al\u00edvio de Gera\u00e7\u00e3o (Erag), o sistema autom\u00e1tico prev\u00ea at\u00e9 3 gigawatts (GW) de corte, divididos em tr\u00eas est\u00e1gios de 1 GW. O mecanismo seria acionado somente depois de esgotadas as demais alternativas de controle.<\/p>\n<p>Segundo a ONS, um projeto-piloto dever\u00e1 ser realizado at\u00e9 o fim de 2026 em uma distribuidora. Se os testes forem bem-sucedidos, a implementa\u00e7\u00e3o poder\u00e1 avan\u00e7ar em 2027.<\/p>\n<p>A gera\u00e7\u00e3o distribu\u00edda, que re\u00fane micro e minigera\u00e7\u00e3o, soma cerca de 50 GW de capacidade instalada no pa\u00eds. Para o ONS, o crescimento dessas fontes aumenta a complexidade da opera\u00e7\u00e3o porque parte da energia produzida n\u00e3o pode ser observada ou controlada diretamente pelo operador.<\/p>\n<h2>Distribuidoras executam cortes<\/h2>\n<p><strong>A Associa\u00e7\u00e3o Brasileira de Distribuidores de Energia El\u00e9trica (Abradee) informou que as distribuidoras seguir\u00e3o as orienta\u00e7\u00f5es do ONS para executar o plano anunciado para este domingo.<\/strong><\/p>\n<p>Em nota, a entidade pediu procedimentos mais detalhados para definir os cortes. Segundo a Abradee, crit\u00e9rios claros s\u00e3o necess\u00e1rios para dar seguran\u00e7a operacional e jur\u00eddica aos geradores.<\/p>\n<\/div>\n","protected":false},"excerpt":{"rendered":"<p>Foto: Marcello Casal jr\/Ag\u00eancia Brasil Pela segunda vez no ano, o Operador Nacional do Sistema El\u00e9trico (ONS)\u00a0acionou o plano emergencial\u00a0para reduzir a gera\u00e7\u00e3o de energia diante do excesso de oferta no Sistema Interligado Nacional (SIN). A medida ocorre das 11h \u00e0s 13h30 deste domingo (23), sem impacto para o consumidor, afetando apenas as distribuidoras.\u00a0O objetivo [&hellip;]<\/p>\n","protected":false},"author":12,"featured_media":157781,"comment_status":"closed","ping_status":"open","sticky":false,"template":"","format":"standard","meta":{"_acf_changed":false,"_angie_page":false,"_monsterinsights_skip_tracking":false,"_themeisle_gutenberg_block_has_review":false,"page_builder":"","footnotes":"","jetpack_publicize_message":"","jetpack_publicize_feature_enabled":true,"jetpack_social_post_already_shared":true,"jetpack_social_options":{"image_generator_settings":{"template":"highway","default_image_id":0,"font":"","enabled":false},"version":2}},"categories":[24958,167],"tags":[1628,29253,630,2096],"class_list":["post-157786","post","type-post","status-publish","format-standard","has-post-thumbnail","hentry","category-economia","category-geral","tag-energia","tag-excedente","tag-segunda","tag-suspende"],"acf":[],"nelio_content":{"autoShareEndMode":"never","automationSources":{"useCustomSentences":false,"customSentences":[]},"efiAlt":"","efiUrl":"","followers":[12],"highlights":[],"isAutoShareEnabled":true,"networkImageIds":[],"permalinkQueryArgs":[],"series":[],"suggestedReferences":[]},"yoast_head":"<!-- This site is optimized with the Yoast SEO plugin v28.3 - https:\/\/yoast.com\/product\/yoast-seo-wordpress\/ -->\n<title>ONS suspende gera\u00e7\u00e3o excedente de energia pela segunda vez no ano - Fatos e Fotos News<\/title>\n<meta name=\"robots\" content=\"index, follow, max-snippet:-1, max-image-preview:large, max-video-preview:-1\" \/>\n<link rel=\"canonical\" href=\"https:\/\/www.fatosefotosnews.com.br\/?p=157786\" \/>\n<meta property=\"og:locale\" content=\"pt_BR\" \/>\n<meta property=\"og:type\" content=\"article\" \/>\n<meta property=\"og:title\" content=\"ONS suspende gera\u00e7\u00e3o excedente de energia pela segunda vez no ano - Fatos e Fotos News\" \/>\n<meta property=\"og:description\" content=\"Foto: Marcello Casal jr\/Ag\u00eancia Brasil Pela segunda vez no ano, o Operador Nacional do Sistema El\u00e9trico (ONS)\u00a0acionou o plano emergencial\u00a0para reduzir a gera\u00e7\u00e3o de energia diante do excesso de oferta no Sistema Interligado Nacional (SIN). A medida ocorre das 11h \u00e0s 13h30 deste domingo (23), sem impacto para o consumidor, afetando apenas as distribuidoras.\u00a0O objetivo [&hellip;]\" \/>\n<meta property=\"og:url\" content=\"https:\/\/www.fatosefotosnews.com.br\/?p=157786\" \/>\n<meta property=\"og:site_name\" content=\"Fatos e Fotos News\" \/>\n<meta property=\"article:published_time\" content=\"2026-08-24T10:00:57+00:00\" \/>\n<meta property=\"og:image\" content=\"https:\/\/www.fatosefotosnews.com.br\/wp-content\/uploads\/2026\/08\/agencia_brasil170912_mca7686.jpg\" \/>\n\t<meta property=\"og:image:width\" content=\"1170\" \/>\n\t<meta property=\"og:image:height\" content=\"700\" \/>\n\t<meta property=\"og:image:type\" content=\"image\/jpeg\" \/>\n<meta name=\"author\" content=\"Mirela Portugal\" \/>\n<meta name=\"twitter:card\" content=\"summary_large_image\" \/>\n<meta name=\"twitter:label1\" content=\"Escrito por\" \/>\n\t<meta name=\"twitter:data1\" content=\"Mirela Portugal\" \/>\n\t<meta name=\"twitter:label2\" content=\"Est. tempo de leitura\" \/>\n\t<meta name=\"twitter:data2\" content=\"4 minutos\" \/>\n<script type=\"application\/ld+json\" class=\"yoast-schema-graph\">{\"@context\":\"https:\\\/\\\/schema.org\",\"@graph\":[{\"@type\":\"Article\",\"@id\":\"https:\\\/\\\/www.fatosefotosnews.com.br\\\/?p=157786#article\",\"isPartOf\":{\"@id\":\"https:\\\/\\\/www.fatosefotosnews.com.br\\\/?p=157786\"},\"author\":{\"name\":\"Mirela Portugal\",\"@id\":\"https:\\\/\\\/www.fatosefotosnews.com.br\\\/#\\\/schema\\\/person\\\/17b18da658f5277ed99382206a85602f\"},\"headline\":\"ONS suspende gera\u00e7\u00e3o excedente de energia pela segunda vez no ano\",\"datePublished\":\"2026-08-24T10:00:57+00:00\",\"mainEntityOfPage\":{\"@id\":\"https:\\\/\\\/www.fatosefotosnews.com.br\\\/?p=157786\"},\"wordCount\":495,\"publisher\":{\"@id\":\"https:\\\/\\\/www.fatosefotosnews.com.br\\\/#organization\"},\"image\":{\"@id\":\"https:\\\/\\\/www.fatosefotosnews.com.br\\\/?p=157786#primaryimage\"},\"thumbnailUrl\":\"https:\\\/\\\/www.fatosefotosnews.com.br\\\/wp-content\\\/uploads\\\/2026\\\/08\\\/agencia_brasil170912_mca7686.jpg\",\"keywords\":[\"energia\",\"excedente\",\"segunda\",\"suspende\"],\"articleSection\":[\"Economia\",\"Geral\"],\"inLanguage\":\"pt-BR\"},{\"@type\":\"WebPage\",\"@id\":\"https:\\\/\\\/www.fatosefotosnews.com.br\\\/?p=157786\",\"url\":\"https:\\\/\\\/www.fatosefotosnews.com.br\\\/?p=157786\",\"name\":\"ONS suspende gera\u00e7\u00e3o excedente de energia pela segunda vez no ano - Fatos e Fotos News\",\"isPartOf\":{\"@id\":\"https:\\\/\\\/www.fatosefotosnews.com.br\\\/#website\"},\"primaryImageOfPage\":{\"@id\":\"https:\\\/\\\/www.fatosefotosnews.com.br\\\/?p=157786#primaryimage\"},\"image\":{\"@id\":\"https:\\\/\\\/www.fatosefotosnews.com.br\\\/?p=157786#primaryimage\"},\"thumbnailUrl\":\"https:\\\/\\\/www.fatosefotosnews.com.br\\\/wp-content\\\/uploads\\\/2026\\\/08\\\/agencia_brasil170912_mca7686.jpg\",\"datePublished\":\"2026-08-24T10:00:57+00:00\",\"breadcrumb\":{\"@id\":\"https:\\\/\\\/www.fatosefotosnews.com.br\\\/?p=157786#breadcrumb\"},\"inLanguage\":\"pt-BR\",\"potentialAction\":[{\"@type\":\"ReadAction\",\"target\":[\"https:\\\/\\\/www.fatosefotosnews.com.br\\\/?p=157786\"]}]},{\"@type\":\"ImageObject\",\"inLanguage\":\"pt-BR\",\"@id\":\"https:\\\/\\\/www.fatosefotosnews.com.br\\\/?p=157786#primaryimage\",\"url\":\"https:\\\/\\\/www.fatosefotosnews.com.br\\\/wp-content\\\/uploads\\\/2026\\\/08\\\/agencia_brasil170912_mca7686.jpg\",\"contentUrl\":\"https:\\\/\\\/www.fatosefotosnews.com.br\\\/wp-content\\\/uploads\\\/2026\\\/08\\\/agencia_brasil170912_mca7686.jpg\",\"width\":1170,\"height\":700},{\"@type\":\"BreadcrumbList\",\"@id\":\"https:\\\/\\\/www.fatosefotosnews.com.br\\\/?p=157786#breadcrumb\",\"itemListElement\":[{\"@type\":\"ListItem\",\"position\":1,\"name\":\"In\u00edcio\",\"item\":\"https:\\\/\\\/www.fatosefotosnews.com.br\\\/\"},{\"@type\":\"ListItem\",\"position\":2,\"name\":\"ONS suspende gera\u00e7\u00e3o excedente de energia pela segunda vez no ano\"}]},{\"@type\":\"WebSite\",\"@id\":\"https:\\\/\\\/www.fatosefotosnews.com.br\\\/#website\",\"url\":\"https:\\\/\\\/www.fatosefotosnews.com.br\\\/\",\"name\":\"Fatos e Fotos News\",\"description\":\"Um site de noticial verdadeira e confi\u00e1veis.\",\"publisher\":{\"@id\":\"https:\\\/\\\/www.fatosefotosnews.com.br\\\/#organization\"},\"potentialAction\":[{\"@type\":\"SearchAction\",\"target\":{\"@type\":\"EntryPoint\",\"urlTemplate\":\"https:\\\/\\\/www.fatosefotosnews.com.br\\\/?s={search_term_string}\"},\"query-input\":{\"@type\":\"PropertyValueSpecification\",\"valueRequired\":true,\"valueName\":\"search_term_string\"}}],\"inLanguage\":\"pt-BR\"},{\"@type\":\"Organization\",\"@id\":\"https:\\\/\\\/www.fatosefotosnews.com.br\\\/#organization\",\"name\":\"Fatos e Fotos News\",\"url\":\"https:\\\/\\\/www.fatosefotosnews.com.br\\\/\",\"logo\":{\"@type\":\"ImageObject\",\"inLanguage\":\"pt-BR\",\"@id\":\"https:\\\/\\\/www.fatosefotosnews.com.br\\\/#\\\/schema\\\/logo\\\/image\\\/\",\"url\":\"https:\\\/\\\/www.fatosefotosnews.com.br\\\/wp-content\\\/uploads\\\/2023\\\/02\\\/Fatos-e-Fotos-news-logo.png\",\"contentUrl\":\"https:\\\/\\\/www.fatosefotosnews.com.br\\\/wp-content\\\/uploads\\\/2023\\\/02\\\/Fatos-e-Fotos-news-logo.png\",\"width\":300,\"height\":58,\"caption\":\"Fatos e Fotos News\"},\"image\":{\"@id\":\"https:\\\/\\\/www.fatosefotosnews.com.br\\\/#\\\/schema\\\/logo\\\/image\\\/\"}},{\"@type\":\"Person\",\"@id\":\"https:\\\/\\\/www.fatosefotosnews.com.br\\\/#\\\/schema\\\/person\\\/17b18da658f5277ed99382206a85602f\",\"name\":\"Mirela Portugal\",\"image\":{\"@type\":\"ImageObject\",\"inLanguage\":\"pt-BR\",\"@id\":\"https:\\\/\\\/secure.gravatar.com\\\/avatar\\\/2f92fb43fda38d1a46cf4a155e1c2951193d91d9bed3df97fce720eeb9595d08?s=96&d=mm&r=g\",\"url\":\"https:\\\/\\\/secure.gravatar.com\\\/avatar\\\/2f92fb43fda38d1a46cf4a155e1c2951193d91d9bed3df97fce720eeb9595d08?s=96&d=mm&r=g\",\"contentUrl\":\"https:\\\/\\\/secure.gravatar.com\\\/avatar\\\/2f92fb43fda38d1a46cf4a155e1c2951193d91d9bed3df97fce720eeb9595d08?s=96&d=mm&r=g\",\"caption\":\"Mirela Portugal\"},\"sameAs\":[\"http:\\\/\\\/fatosefotosnews.com.br\"],\"url\":\"https:\\\/\\\/www.fatosefotosnews.com.br\\\/?author=12\"}]}<\/script>\n<!-- \/ Yoast SEO plugin. -->","yoast_head_json":{"title":"ONS suspende gera\u00e7\u00e3o excedente de energia pela segunda vez no ano - Fatos e Fotos News","robots":{"index":"index","follow":"follow","max-snippet":"max-snippet:-1","max-image-preview":"max-image-preview:large","max-video-preview":"max-video-preview:-1"},"canonical":"https:\/\/www.fatosefotosnews.com.br\/?p=157786","og_locale":"pt_BR","og_type":"article","og_title":"ONS suspende gera\u00e7\u00e3o excedente de energia pela segunda vez no ano - Fatos e Fotos News","og_description":"Foto: Marcello Casal jr\/Ag\u00eancia Brasil Pela segunda vez no ano, o Operador Nacional do Sistema El\u00e9trico (ONS)\u00a0acionou o plano emergencial\u00a0para reduzir a gera\u00e7\u00e3o de energia diante do excesso de oferta no Sistema Interligado Nacional (SIN). A medida ocorre das 11h \u00e0s 13h30 deste domingo (23), sem impacto para o consumidor, afetando apenas as distribuidoras.\u00a0O objetivo [&hellip;]","og_url":"https:\/\/www.fatosefotosnews.com.br\/?p=157786","og_site_name":"Fatos e Fotos News","article_published_time":"2026-08-24T10:00:57+00:00","og_image":[{"width":1170,"height":700,"url":"https:\/\/www.fatosefotosnews.com.br\/wp-content\/uploads\/2026\/08\/agencia_brasil170912_mca7686.jpg","type":"image\/jpeg"}],"author":"Mirela Portugal","twitter_card":"summary_large_image","twitter_misc":{"Escrito por":"Mirela Portugal","Est. tempo de leitura":"4 minutos"},"schema":{"@context":"https:\/\/schema.org","@graph":[{"@type":"Article","@id":"https:\/\/www.fatosefotosnews.com.br\/?p=157786#article","isPartOf":{"@id":"https:\/\/www.fatosefotosnews.com.br\/?p=157786"},"author":{"name":"Mirela Portugal","@id":"https:\/\/www.fatosefotosnews.com.br\/#\/schema\/person\/17b18da658f5277ed99382206a85602f"},"headline":"ONS suspende gera\u00e7\u00e3o excedente de energia pela segunda vez no ano","datePublished":"2026-08-24T10:00:57+00:00","mainEntityOfPage":{"@id":"https:\/\/www.fatosefotosnews.com.br\/?p=157786"},"wordCount":495,"publisher":{"@id":"https:\/\/www.fatosefotosnews.com.br\/#organization"},"image":{"@id":"https:\/\/www.fatosefotosnews.com.br\/?p=157786#primaryimage"},"thumbnailUrl":"https:\/\/www.fatosefotosnews.com.br\/wp-content\/uploads\/2026\/08\/agencia_brasil170912_mca7686.jpg","keywords":["energia","excedente","segunda","suspende"],"articleSection":["Economia","Geral"],"inLanguage":"pt-BR"},{"@type":"WebPage","@id":"https:\/\/www.fatosefotosnews.com.br\/?p=157786","url":"https:\/\/www.fatosefotosnews.com.br\/?p=157786","name":"ONS suspende gera\u00e7\u00e3o excedente de energia pela segunda vez no ano - Fatos e Fotos News","isPartOf":{"@id":"https:\/\/www.fatosefotosnews.com.br\/#website"},"primaryImageOfPage":{"@id":"https:\/\/www.fatosefotosnews.com.br\/?p=157786#primaryimage"},"image":{"@id":"https:\/\/www.fatosefotosnews.com.br\/?p=157786#primaryimage"},"thumbnailUrl":"https:\/\/www.fatosefotosnews.com.br\/wp-content\/uploads\/2026\/08\/agencia_brasil170912_mca7686.jpg","datePublished":"2026-08-24T10:00:57+00:00","breadcrumb":{"@id":"https:\/\/www.fatosefotosnews.com.br\/?p=157786#breadcrumb"},"inLanguage":"pt-BR","potentialAction":[{"@type":"ReadAction","target":["https:\/\/www.fatosefotosnews.com.br\/?p=157786"]}]},{"@type":"ImageObject","inLanguage":"pt-BR","@id":"https:\/\/www.fatosefotosnews.com.br\/?p=157786#primaryimage","url":"https:\/\/www.fatosefotosnews.com.br\/wp-content\/uploads\/2026\/08\/agencia_brasil170912_mca7686.jpg","contentUrl":"https:\/\/www.fatosefotosnews.com.br\/wp-content\/uploads\/2026\/08\/agencia_brasil170912_mca7686.jpg","width":1170,"height":700},{"@type":"BreadcrumbList","@id":"https:\/\/www.fatosefotosnews.com.br\/?p=157786#breadcrumb","itemListElement":[{"@type":"ListItem","position":1,"name":"In\u00edcio","item":"https:\/\/www.fatosefotosnews.com.br\/"},{"@type":"ListItem","position":2,"name":"ONS suspende gera\u00e7\u00e3o excedente de energia pela segunda vez no ano"}]},{"@type":"WebSite","@id":"https:\/\/www.fatosefotosnews.com.br\/#website","url":"https:\/\/www.fatosefotosnews.com.br\/","name":"Fatos e Fotos News","description":"Um site de noticial verdadeira e confi\u00e1veis.","publisher":{"@id":"https:\/\/www.fatosefotosnews.com.br\/#organization"},"potentialAction":[{"@type":"SearchAction","target":{"@type":"EntryPoint","urlTemplate":"https:\/\/www.fatosefotosnews.com.br\/?s={search_term_string}"},"query-input":{"@type":"PropertyValueSpecification","valueRequired":true,"valueName":"search_term_string"}}],"inLanguage":"pt-BR"},{"@type":"Organization","@id":"https:\/\/www.fatosefotosnews.com.br\/#organization","name":"Fatos e Fotos News","url":"https:\/\/www.fatosefotosnews.com.br\/","logo":{"@type":"ImageObject","inLanguage":"pt-BR","@id":"https:\/\/www.fatosefotosnews.com.br\/#\/schema\/logo\/image\/","url":"https:\/\/www.fatosefotosnews.com.br\/wp-content\/uploads\/2023\/02\/Fatos-e-Fotos-news-logo.png","contentUrl":"https:\/\/www.fatosefotosnews.com.br\/wp-content\/uploads\/2023\/02\/Fatos-e-Fotos-news-logo.png","width":300,"height":58,"caption":"Fatos e Fotos News"},"image":{"@id":"https:\/\/www.fatosefotosnews.com.br\/#\/schema\/logo\/image\/"}},{"@type":"Person","@id":"https:\/\/www.fatosefotosnews.com.br\/#\/schema\/person\/17b18da658f5277ed99382206a85602f","name":"Mirela Portugal","image":{"@type":"ImageObject","inLanguage":"pt-BR","@id":"https:\/\/secure.gravatar.com\/avatar\/2f92fb43fda38d1a46cf4a155e1c2951193d91d9bed3df97fce720eeb9595d08?s=96&d=mm&r=g","url":"https:\/\/secure.gravatar.com\/avatar\/2f92fb43fda38d1a46cf4a155e1c2951193d91d9bed3df97fce720eeb9595d08?s=96&d=mm&r=g","contentUrl":"https:\/\/secure.gravatar.com\/avatar\/2f92fb43fda38d1a46cf4a155e1c2951193d91d9bed3df97fce720eeb9595d08?s=96&d=mm&r=g","caption":"Mirela Portugal"},"sameAs":["http:\/\/fatosefotosnews.com.br"],"url":"https:\/\/www.fatosefotosnews.com.br\/?author=12"}]}},"jetpack_publicize_connections":[],"blog_post_layout_featured_media_urls":{"thumbnail":["https:\/\/www.fatosefotosnews.com.br\/wp-content\/uploads\/2026\/08\/agencia_brasil170912_mca7686-150x150.jpg",150,150,true],"full":["https:\/\/www.fatosefotosnews.com.br\/wp-content\/uploads\/2026\/08\/agencia_brasil170912_mca7686.jpg",1170,700,false]},"categories_names":{"24958":{"name":"Economia","link":"https:\/\/www.fatosefotosnews.com.br\/?cat=24958"},"167":{"name":"Geral","link":"https:\/\/www.fatosefotosnews.com.br\/?cat=167"}},"tags_names":{"1628":{"name":"energia","link":"https:\/\/www.fatosefotosnews.com.br\/?tag=energia"},"29253":{"name":"excedente","link":"https:\/\/www.fatosefotosnews.com.br\/?tag=excedente"},"630":{"name":"segunda","link":"https:\/\/www.fatosefotosnews.com.br\/?tag=segunda"},"2096":{"name":"suspende","link":"https:\/\/www.fatosefotosnews.com.br\/?tag=suspende"}},"comments_number":"0","wpmagazine_modules_lite_featured_media_urls":{"thumbnail":["https:\/\/www.fatosefotosnews.com.br\/wp-content\/uploads\/2026\/08\/agencia_brasil170912_mca7686-150x150.jpg",150,150,true],"cvmm-medium":["https:\/\/www.fatosefotosnews.com.br\/wp-content\/uploads\/2026\/08\/agencia_brasil170912_mca7686-300x300.jpg",300,300,true],"cvmm-medium-plus":["https:\/\/www.fatosefotosnews.com.br\/wp-content\/uploads\/2026\/08\/agencia_brasil170912_mca7686-305x207.jpg",305,207,true],"cvmm-portrait":["https:\/\/www.fatosefotosnews.com.br\/wp-content\/uploads\/2026\/08\/agencia_brasil170912_mca7686-400x600.jpg",400,600,true],"cvmm-medium-square":["https:\/\/www.fatosefotosnews.com.br\/wp-content\/uploads\/2026\/08\/agencia_brasil170912_mca7686-600x600.jpg",600,600,true],"cvmm-large":["https:\/\/www.fatosefotosnews.com.br\/wp-content\/uploads\/2026\/08\/agencia_brasil170912_mca7686-1024x700.jpg",1024,700,true],"cvmm-small":["https:\/\/www.fatosefotosnews.com.br\/wp-content\/uploads\/2026\/08\/agencia_brasil170912_mca7686-130x95.jpg",130,95,true],"full":["https:\/\/www.fatosefotosnews.com.br\/wp-content\/uploads\/2026\/08\/agencia_brasil170912_mca7686.jpg",1170,700,false]},"_links":{"self":[{"href":"https:\/\/www.fatosefotosnews.com.br\/index.php?rest_route=\/wp\/v2\/posts\/157786","targetHints":{"allow":["GET"]}}],"collection":[{"href":"https:\/\/www.fatosefotosnews.com.br\/index.php?rest_route=\/wp\/v2\/posts"}],"about":[{"href":"https:\/\/www.fatosefotosnews.com.br\/index.php?rest_route=\/wp\/v2\/types\/post"}],"author":[{"embeddable":true,"href":"https:\/\/www.fatosefotosnews.com.br\/index.php?rest_route=\/wp\/v2\/users\/12"}],"replies":[{"embeddable":true,"href":"https:\/\/www.fatosefotosnews.com.br\/index.php?rest_route=%2Fwp%2Fv2%2Fcomments&post=157786"}],"version-history":[{"count":1,"href":"https:\/\/www.fatosefotosnews.com.br\/index.php?rest_route=\/wp\/v2\/posts\/157786\/revisions"}],"predecessor-version":[{"id":157787,"href":"https:\/\/www.fatosefotosnews.com.br\/index.php?rest_route=\/wp\/v2\/posts\/157786\/revisions\/157787"}],"wp:featuredmedia":[{"embeddable":true,"href":"https:\/\/www.fatosefotosnews.com.br\/index.php?rest_route=\/wp\/v2\/media\/157781"}],"wp:attachment":[{"href":"https:\/\/www.fatosefotosnews.com.br\/index.php?rest_route=%2Fwp%2Fv2%2Fmedia&parent=157786"}],"wp:term":[{"taxonomy":"category","embeddable":true,"href":"https:\/\/www.fatosefotosnews.com.br\/index.php?rest_route=%2Fwp%2Fv2%2Fcategories&post=157786"},{"taxonomy":"post_tag","embeddable":true,"href":"https:\/\/www.fatosefotosnews.com.br\/index.php?rest_route=%2Fwp%2Fv2%2Ftags&post=157786"}],"curies":[{"name":"wp","href":"https:\/\/api.w.org\/{rel}","templated":true}]}}