{"id":157794,"date":"2026-08-24T07:55:22","date_gmt":"2026-08-24T10:55:22","guid":{"rendered":"https:\/\/www.fatosefotosnews.com.br\/?p=157794"},"modified":"2026-08-23T19:56:30","modified_gmt":"2026-08-23T22:56:30","slug":"opcao-pelo-simples-nacional-para-2027-e-antecipada-para-setembro","status":"publish","type":"post","link":"https:\/\/www.fatosefotosnews.com.br\/?p=157794","title":{"rendered":"Op\u00e7\u00e3o pelo Simples Nacional para 2027 \u00e9 antecipada para setembro"},"content":{"rendered":"<p>Foto: Marcello Casal JrAg\u00eancia Brasil<\/p>\n<div id=\"block-tts-block-tts\" class=\"block block-tts\">\n<div class=\"content\">\n<div id=\"tts-container\" class=\"container-audio rel-position\">\n<div class=\"title abs-position\"><\/div>\n<\/div>\n<\/div>\n<\/div>\n<div class=\"conteudo-noticia\">\n<p><strong>As micro e pequenas empresas devem estar atentas. Com as novas regras estabelecidas pelo Comit\u00ea Gestor do Simples Nacional (CGSN), o calend\u00e1rio de ades\u00e3o ao Simples Nacional foi antecipado em quatro meses.<\/strong><img decoding=\"async\" src=\"https:\/\/agenciabrasil.ebc.com.br\/ebc.png?id=1700123&amp;o=node\" \/><img decoding=\"async\" src=\"https:\/\/agenciabrasil.ebc.com.br\/ebc.gif?id=1700123&amp;o=node\" \/><\/p>\n<p>As empresas que desejarem ingressar no regime em 2027 dever\u00e3o fazer o pedido de 1\u00ba a 30 de setembro de 2026. At\u00e9 ent\u00e3o, a op\u00e7\u00e3o pelo Simples era realizada em janeiro de cada ano.<\/p>\n<p>A altera\u00e7\u00e3o foi regulamentada por\u00a0<a href=\"https:\/\/normasinternet2.receita.fazenda.gov.br\/#\/consulta\/externa\/150653\" target=\"_blank\" rel=\"noopener\">resolu\u00e7\u00e3o<\/a>\u00a0do\u00a0Comit\u00ea Gestor do Simples Nacional\u00a0(CGSN), editada em abril. As normas incorporaram ao regime simplificado o Imposto sobre Bens e Servi\u00e7os (IBS) e a Contribui\u00e7\u00e3o sobre Bens e Servi\u00e7os (CBS), tributos criados pela reforma tribut\u00e1ria sobre o consumo.<\/p>\n<h2>O que muda<\/h2>\n<p><strong>A nova regra vale para empresas que ainda n\u00e3o s\u00e3o optantes pelo Simples Nacional e querem utilizar o regime a partir de janeiro de 2027.<\/strong><\/p>\n<p>Os principais prazos s\u00e3o:<\/p>\n<ul>\n<li>1\u00ba a 30 de setembro de 2026: per\u00edodo para solicitar a op\u00e7\u00e3o pelo Simples Nacional para 2027;<\/li>\n<li>1\u00ba de janeiro de 2027: in\u00edcio dos efeitos da op\u00e7\u00e3o;<\/li>\n<li>at\u00e9 30 de novembro de 2026: prazo para desistir da op\u00e7\u00e3o feita em setembro;<\/li>\n<li>1\u00ba a 31 de mar\u00e7o de 2027: nova oportunidade para escolher o recolhimento do IBS e da CBS pelo regime regular, com efeitos no segundo semestre.<\/li>\n<\/ul>\n<p>Criada por causa da transi\u00e7\u00e3o para o novo sistema tribut\u00e1rio, a altera\u00e7\u00e3o busca dar mais previsibilidade \u00e0s empresas antes do in\u00edcio do ano-calend\u00e1rio.<\/p>\n<h2>IBS e CBS<\/h2>\n<p><strong>Outra mudan\u00e7a envolve a forma de recolhimento do IBS e da CBS. A empresa poder\u00e1 permanecer no Simples Nacional e, simultaneamente, optar pelo recolhimento desses dois tributos pelo regime regular.<\/strong><\/p>\n<p>Para o primeiro semestre de 2027, a escolha dever\u00e1 ser feita em setembro de 2026 e ter\u00e1 validade de janeiro a junho.<\/p>\n<p><strong>Quem n\u00e3o fizer a op\u00e7\u00e3o pelo regime regular nesse per\u00edodo permanecer\u00e1, no primeiro semestre, com IBS e CBS dentro da sistem\u00e1tica do Simples.<\/strong><\/p>\n<p>A decis\u00e3o poder\u00e1 ser revista em mar\u00e7o de 2027, com efeitos para o segundo semestre.<\/p>\n<p>A escolha pode ter impacto especialmente para empresas que vendem para outras empresas, devido \u00e0 possibilidade de gera\u00e7\u00e3o e aproveitamento de cr\u00e9ditos tribut\u00e1rios.<\/p>\n<p><strong>Por isso, a avalia\u00e7\u00e3o do regime n\u00e3o deve considerar apenas a al\u00edquota. Tamb\u00e9m entram na an\u00e1lise fatores como:<\/strong><\/p>\n<ul>\n<li>perfil dos clientes;<\/li>\n<li>cadeia de fornecedores;<\/li>\n<li>possibilidade de gera\u00e7\u00e3o e aproveitamento de cr\u00e9ditos;<\/li>\n<li>forma\u00e7\u00e3o de pre\u00e7os;<\/li>\n<li>impacto dos novos tributos no fluxo financeiro.<\/li>\n<\/ul>\n<h2>Empresas j\u00e1 optantes<\/h2>\n<p><strong>Quem j\u00e1 est\u00e1 no Simples Nacional, em regra, n\u00e3o precisa solicitar novamente a perman\u00eancia no regime.<\/strong><\/p>\n<p>Ainda assim, \u00e9 recomendado verificar a situa\u00e7\u00e3o fiscal da empresa durante setembro de 2026 para identificar eventuais pend\u00eancias ou exclus\u00f5es para 2027.<\/p>\n<p><strong>As empresas que permanecerem no Simples e n\u00e3o quiserem recolher IBS e CBS pelo regime regular n\u00e3o precisar\u00e3o fazer uma nova op\u00e7\u00e3o.<\/strong><\/p>\n<p>Quem quiser retirar esses dois tributos da sistem\u00e1tica do Simples dever\u00e1 formalizar a escolha dentro do prazo estabelecido.<\/p>\n<h2>Abertura no fim do ano<\/h2>\n<p><strong>As empresas abertas entre 1\u00ba de outubro e 31 de dezembro de 2026 ter\u00e3o uma regra espec\u00edfica.<\/strong><\/p>\n<p>Nesse caso, a op\u00e7\u00e3o pelo Simples Nacional feita no momento da inscri\u00e7\u00e3o do CNPJ produzir\u00e1 efeitos tanto para o per\u00edodo restante de 2026 quanto para todo o ano de 2027.<\/p>\n<p>A escolha relacionada ao IBS e \u00e0 CBS pelo regime regular tamb\u00e9m poder\u00e1 ser feita na abertura da empresa, com efeitos a partir de janeiro de 2027.<\/p>\n<p>Se o empres\u00e1rio n\u00e3o quiser permanecer no Simples em 2027, poder\u00e1 solicitar a exclus\u00e3o por op\u00e7\u00e3o at\u00e9 o \u00faltimo dia de 2026.<\/p>\n<h2>Prazo para desistir<\/h2>\n<p><strong>A antecipa\u00e7\u00e3o da op\u00e7\u00e3o tamb\u00e9m criou uma possibilidade de desist\u00eancia.<\/strong><\/p>\n<p>Quem fizer o pedido em setembro poder\u00e1 cancelar a solicita\u00e7\u00e3o at\u00e9 30 de novembro de 2026.<\/p>\n<p>O cancelamento, por\u00e9m, ser\u00e1 irretrat\u00e1vel. Isso significa que, depois de desistir, a empresa n\u00e3o poder\u00e1 fazer uma nova op\u00e7\u00e3o para produzir efeitos em 2027.<\/p>\n<p>A antecipa\u00e7\u00e3o tamb\u00e9m permite que eventuais pend\u00eancias sejam identificadas antes do in\u00edcio do ano. Em caso de indeferimento por problemas que possam ser regularizados, a empresa ter\u00e1 prazo para corrigir a situa\u00e7\u00e3o.<\/p>\n<h2>Regra do MEI<\/h2>\n<p>A mudan\u00e7a n\u00e3o altera o calend\u00e1rio de op\u00e7\u00e3o pelo Simei, sistema aplic\u00e1vel ao Microempreendedor Individual (MEI).<\/p>\n<p>Para o MEI, a op\u00e7\u00e3o pelo Simei continua sendo realizada em janeiro de cada ano, at\u00e9 o \u00faltimo dia \u00fatil do m\u00eas.<\/p>\n<p>Dessa forma, a antecipa\u00e7\u00e3o para setembro n\u00e3o deve ser confundida com as regras espec\u00edficas aplic\u00e1veis aos microempreendedores individuais.<\/p>\n<h2>NFS-e nacional<\/h2>\n<p><strong>Outra mudan\u00e7a anunciada pelo CGSN envolve a emiss\u00e3o da Nota Fiscal de Servi\u00e7o eletr\u00f4nica (NFS-e) no emissor nacional.<\/strong><\/p>\n<p>A obrigatoriedade para empresas optantes pelo Simples Nacional foi adiada de 1\u00ba de setembro para 1\u00ba de novembro de 2026.<\/p>\n<p>O adiamento busca dar mais tempo para munic\u00edpios e empresas realizarem adapta\u00e7\u00f5es tecnol\u00f3gicas e operacionais.<\/p>\n<p>Entre as provid\u00eancias recomendadas est\u00e3o:<\/p>\n<ul>\n<li>testar a emiss\u00e3o das notas;<\/li>\n<li>verificar a integra\u00e7\u00e3o com sistemas de gest\u00e3o;<\/li>\n<li>conferir a parametriza\u00e7\u00e3o dos dados fiscais;<\/li>\n<li>preparar os procedimentos internos antes do in\u00edcio da obrigatoriedade.<\/li>\n<\/ul>\n<h2>Informa\u00e7\u00f5es socioecon\u00f4micas<\/h2>\n<p><strong>A regulamenta\u00e7\u00e3o tamb\u00e9m altera a forma de presta\u00e7\u00e3o de informa\u00e7\u00f5es fiscais e socioecon\u00f4micas.<\/strong><\/p>\n<p>A Declara\u00e7\u00e3o de Informa\u00e7\u00f5es Socioecon\u00f4micas e Fiscais (Defis) deixar\u00e1 de ser apresentada como declara\u00e7\u00e3o separada. As informa\u00e7\u00f5es passar\u00e3o a ser incorporadas ao Programa Gerador do Documento de Arrecada\u00e7\u00e3o do Simples Nacional \u2013 Declarat\u00f3rio (PGDAS-D), com entrega anual de janeiro a mar\u00e7o.<\/p>\n<p>A mudan\u00e7a faz parte da adapta\u00e7\u00e3o do Simples Nacional ao novo modelo tribut\u00e1rio.<\/p>\n<h2>Planejamento para 2027<\/h2>\n<p><strong>Com setembro concentrando decis\u00f5es relevantes para o pr\u00f3ximo ano, especialistas recomendam que empresas e contadores antecipem a an\u00e1lise tribut\u00e1ria.<\/strong><\/p>\n<p>A escolha entre manter IBS e CBS no Simples ou recolh\u00ea-los pelo regime regular pode produzir efeitos diferentes dependendo do setor, dos fornecedores e do perfil dos clientes.<\/p>\n<p>Por isso, antes de formalizar a op\u00e7\u00e3o, a recomenda\u00e7\u00e3o \u00e9 que a micro e pequena empresa simule os dois cen\u00e1rios, al\u00e9m de revisar os sistemas, a emiss\u00e3o de notas fiscais e planejar o caixa para 2027.<\/p>\n<\/div>\n","protected":false},"excerpt":{"rendered":"<p>Foto: Marcello Casal JrAg\u00eancia Brasil As micro e pequenas empresas devem estar atentas. Com as novas regras estabelecidas pelo Comit\u00ea Gestor do Simples Nacional (CGSN), o calend\u00e1rio de ades\u00e3o ao Simples Nacional foi antecipado em quatro meses. As empresas que desejarem ingressar no regime em 2027 dever\u00e3o fazer o pedido de 1\u00ba a 30 de [&hellip;]<\/p>\n","protected":false},"author":12,"featured_media":157777,"comment_status":"closed","ping_status":"open","sticky":false,"template":"","format":"standard","meta":{"_acf_changed":false,"_angie_page":false,"_monsterinsights_skip_tracking":false,"_themeisle_gutenberg_block_has_review":false,"page_builder":"","footnotes":"","jetpack_publicize_message":"","jetpack_publicize_feature_enabled":true,"jetpack_social_post_already_shared":true,"jetpack_social_options":{"image_generator_settings":{"template":"highway","default_image_id":0,"font":"","enabled":false},"version":2}},"categories":[167],"tags":[1674,1212,6308,5786],"class_list":["post-157794","post","type-post","status-publish","format-standard","has-post-thumbnail","hentry","category-geral","tag-antecipada","tag-nacional","tag-setembro","tag-simples"],"acf":[],"nelio_content":{"autoShareEndMode":"never","automationSources":{"useCustomSentences":false,"customSentences":[]},"efiAlt":"","efiUrl":"","followers":[12],"highlights":[],"isAutoShareEnabled":true,"networkImageIds":[],"permalinkQueryArgs":[],"series":[],"suggestedReferences":[]},"yoast_head":"<!-- This site is optimized with the Yoast SEO plugin v28.3 - https:\/\/yoast.com\/product\/yoast-seo-wordpress\/ -->\n<title>Op\u00e7\u00e3o pelo Simples Nacional para 2027 \u00e9 antecipada para setembro - Fatos e Fotos News<\/title>\n<meta name=\"robots\" content=\"index, follow, max-snippet:-1, max-image-preview:large, max-video-preview:-1\" \/>\n<link rel=\"canonical\" href=\"https:\/\/www.fatosefotosnews.com.br\/?p=157794\" \/>\n<meta property=\"og:locale\" content=\"pt_BR\" \/>\n<meta property=\"og:type\" content=\"article\" \/>\n<meta property=\"og:title\" content=\"Op\u00e7\u00e3o pelo Simples Nacional para 2027 \u00e9 antecipada para setembro - Fatos e Fotos News\" \/>\n<meta property=\"og:description\" content=\"Foto: Marcello Casal JrAg\u00eancia Brasil As micro e pequenas empresas devem estar atentas. Com as novas regras estabelecidas pelo Comit\u00ea Gestor do Simples Nacional (CGSN), o calend\u00e1rio de ades\u00e3o ao Simples Nacional foi antecipado em quatro meses. As empresas que desejarem ingressar no regime em 2027 dever\u00e3o fazer o pedido de 1\u00ba a 30 de [&hellip;]\" \/>\n<meta property=\"og:url\" content=\"https:\/\/www.fatosefotosnews.com.br\/?p=157794\" \/>\n<meta property=\"og:site_name\" content=\"Fatos e Fotos News\" \/>\n<meta property=\"article:published_time\" content=\"2026-08-24T10:55:22+00:00\" \/>\n<meta property=\"og:image\" content=\"https:\/\/www.fatosefotosnews.com.br\/wp-content\/uploads\/2026\/08\/simples_nacional_2101220209.webp\" \/>\n\t<meta property=\"og:image:width\" content=\"1170\" \/>\n\t<meta property=\"og:image:height\" content=\"700\" \/>\n\t<meta property=\"og:image:type\" content=\"image\/webp\" \/>\n<meta name=\"author\" content=\"Mirela Portugal\" \/>\n<meta name=\"twitter:card\" content=\"summary_large_image\" \/>\n<meta name=\"twitter:label1\" content=\"Escrito por\" \/>\n\t<meta name=\"twitter:data1\" content=\"Mirela Portugal\" \/>\n\t<meta name=\"twitter:label2\" content=\"Est. tempo de leitura\" \/>\n\t<meta name=\"twitter:data2\" content=\"6 minutos\" \/>\n<script type=\"application\/ld+json\" class=\"yoast-schema-graph\">{\"@context\":\"https:\\\/\\\/schema.org\",\"@graph\":[{\"@type\":\"Article\",\"@id\":\"https:\\\/\\\/www.fatosefotosnews.com.br\\\/?p=157794#article\",\"isPartOf\":{\"@id\":\"https:\\\/\\\/www.fatosefotosnews.com.br\\\/?p=157794\"},\"author\":{\"name\":\"Mirela Portugal\",\"@id\":\"https:\\\/\\\/www.fatosefotosnews.com.br\\\/#\\\/schema\\\/person\\\/17b18da658f5277ed99382206a85602f\"},\"headline\":\"Op\u00e7\u00e3o pelo Simples Nacional para 2027 \u00e9 antecipada para setembro\",\"datePublished\":\"2026-08-24T10:55:22+00:00\",\"mainEntityOfPage\":{\"@id\":\"https:\\\/\\\/www.fatosefotosnews.com.br\\\/?p=157794\"},\"wordCount\":1063,\"publisher\":{\"@id\":\"https:\\\/\\\/www.fatosefotosnews.com.br\\\/#organization\"},\"image\":{\"@id\":\"https:\\\/\\\/www.fatosefotosnews.com.br\\\/?p=157794#primaryimage\"},\"thumbnailUrl\":\"https:\\\/\\\/www.fatosefotosnews.com.br\\\/wp-content\\\/uploads\\\/2026\\\/08\\\/simples_nacional_2101220209.webp\",\"keywords\":[\"antecipada\",\"nacional\",\"setembro\",\"simples\"],\"articleSection\":[\"Geral\"],\"inLanguage\":\"pt-BR\"},{\"@type\":\"WebPage\",\"@id\":\"https:\\\/\\\/www.fatosefotosnews.com.br\\\/?p=157794\",\"url\":\"https:\\\/\\\/www.fatosefotosnews.com.br\\\/?p=157794\",\"name\":\"Op\u00e7\u00e3o pelo Simples Nacional para 2027 \u00e9 antecipada para setembro - Fatos e Fotos News\",\"isPartOf\":{\"@id\":\"https:\\\/\\\/www.fatosefotosnews.com.br\\\/#website\"},\"primaryImageOfPage\":{\"@id\":\"https:\\\/\\\/www.fatosefotosnews.com.br\\\/?p=157794#primaryimage\"},\"image\":{\"@id\":\"https:\\\/\\\/www.fatosefotosnews.com.br\\\/?p=157794#primaryimage\"},\"thumbnailUrl\":\"https:\\\/\\\/www.fatosefotosnews.com.br\\\/wp-content\\\/uploads\\\/2026\\\/08\\\/simples_nacional_2101220209.webp\",\"datePublished\":\"2026-08-24T10:55:22+00:00\",\"breadcrumb\":{\"@id\":\"https:\\\/\\\/www.fatosefotosnews.com.br\\\/?p=157794#breadcrumb\"},\"inLanguage\":\"pt-BR\",\"potentialAction\":[{\"@type\":\"ReadAction\",\"target\":[\"https:\\\/\\\/www.fatosefotosnews.com.br\\\/?p=157794\"]}]},{\"@type\":\"ImageObject\",\"inLanguage\":\"pt-BR\",\"@id\":\"https:\\\/\\\/www.fatosefotosnews.com.br\\\/?p=157794#primaryimage\",\"url\":\"https:\\\/\\\/www.fatosefotosnews.com.br\\\/wp-content\\\/uploads\\\/2026\\\/08\\\/simples_nacional_2101220209.webp\",\"contentUrl\":\"https:\\\/\\\/www.fatosefotosnews.com.br\\\/wp-content\\\/uploads\\\/2026\\\/08\\\/simples_nacional_2101220209.webp\",\"width\":1170,\"height\":700},{\"@type\":\"BreadcrumbList\",\"@id\":\"https:\\\/\\\/www.fatosefotosnews.com.br\\\/?p=157794#breadcrumb\",\"itemListElement\":[{\"@type\":\"ListItem\",\"position\":1,\"name\":\"In\u00edcio\",\"item\":\"https:\\\/\\\/www.fatosefotosnews.com.br\\\/\"},{\"@type\":\"ListItem\",\"position\":2,\"name\":\"Op\u00e7\u00e3o pelo Simples Nacional para 2027 \u00e9 antecipada para setembro\"}]},{\"@type\":\"WebSite\",\"@id\":\"https:\\\/\\\/www.fatosefotosnews.com.br\\\/#website\",\"url\":\"https:\\\/\\\/www.fatosefotosnews.com.br\\\/\",\"name\":\"Fatos e Fotos News\",\"description\":\"Um site de noticial verdadeira e confi\u00e1veis.\",\"publisher\":{\"@id\":\"https:\\\/\\\/www.fatosefotosnews.com.br\\\/#organization\"},\"potentialAction\":[{\"@type\":\"SearchAction\",\"target\":{\"@type\":\"EntryPoint\",\"urlTemplate\":\"https:\\\/\\\/www.fatosefotosnews.com.br\\\/?s={search_term_string}\"},\"query-input\":{\"@type\":\"PropertyValueSpecification\",\"valueRequired\":true,\"valueName\":\"search_term_string\"}}],\"inLanguage\":\"pt-BR\"},{\"@type\":\"Organization\",\"@id\":\"https:\\\/\\\/www.fatosefotosnews.com.br\\\/#organization\",\"name\":\"Fatos e Fotos News\",\"url\":\"https:\\\/\\\/www.fatosefotosnews.com.br\\\/\",\"logo\":{\"@type\":\"ImageObject\",\"inLanguage\":\"pt-BR\",\"@id\":\"https:\\\/\\\/www.fatosefotosnews.com.br\\\/#\\\/schema\\\/logo\\\/image\\\/\",\"url\":\"https:\\\/\\\/www.fatosefotosnews.com.br\\\/wp-content\\\/uploads\\\/2023\\\/02\\\/Fatos-e-Fotos-news-logo.png\",\"contentUrl\":\"https:\\\/\\\/www.fatosefotosnews.com.br\\\/wp-content\\\/uploads\\\/2023\\\/02\\\/Fatos-e-Fotos-news-logo.png\",\"width\":300,\"height\":58,\"caption\":\"Fatos e Fotos News\"},\"image\":{\"@id\":\"https:\\\/\\\/www.fatosefotosnews.com.br\\\/#\\\/schema\\\/logo\\\/image\\\/\"}},{\"@type\":\"Person\",\"@id\":\"https:\\\/\\\/www.fatosefotosnews.com.br\\\/#\\\/schema\\\/person\\\/17b18da658f5277ed99382206a85602f\",\"name\":\"Mirela Portugal\",\"image\":{\"@type\":\"ImageObject\",\"inLanguage\":\"pt-BR\",\"@id\":\"https:\\\/\\\/secure.gravatar.com\\\/avatar\\\/2f92fb43fda38d1a46cf4a155e1c2951193d91d9bed3df97fce720eeb9595d08?s=96&d=mm&r=g\",\"url\":\"https:\\\/\\\/secure.gravatar.com\\\/avatar\\\/2f92fb43fda38d1a46cf4a155e1c2951193d91d9bed3df97fce720eeb9595d08?s=96&d=mm&r=g\",\"contentUrl\":\"https:\\\/\\\/secure.gravatar.com\\\/avatar\\\/2f92fb43fda38d1a46cf4a155e1c2951193d91d9bed3df97fce720eeb9595d08?s=96&d=mm&r=g\",\"caption\":\"Mirela Portugal\"},\"sameAs\":[\"http:\\\/\\\/fatosefotosnews.com.br\"],\"url\":\"https:\\\/\\\/www.fatosefotosnews.com.br\\\/?author=12\"}]}<\/script>\n<!-- \/ Yoast SEO plugin. -->","yoast_head_json":{"title":"Op\u00e7\u00e3o pelo Simples Nacional para 2027 \u00e9 antecipada para setembro - Fatos e Fotos News","robots":{"index":"index","follow":"follow","max-snippet":"max-snippet:-1","max-image-preview":"max-image-preview:large","max-video-preview":"max-video-preview:-1"},"canonical":"https:\/\/www.fatosefotosnews.com.br\/?p=157794","og_locale":"pt_BR","og_type":"article","og_title":"Op\u00e7\u00e3o pelo Simples Nacional para 2027 \u00e9 antecipada para setembro - Fatos e Fotos News","og_description":"Foto: Marcello Casal JrAg\u00eancia Brasil As micro e pequenas empresas devem estar atentas. Com as novas regras estabelecidas pelo Comit\u00ea Gestor do Simples Nacional (CGSN), o calend\u00e1rio de ades\u00e3o ao Simples Nacional foi antecipado em quatro meses. As empresas que desejarem ingressar no regime em 2027 dever\u00e3o fazer o pedido de 1\u00ba a 30 de [&hellip;]","og_url":"https:\/\/www.fatosefotosnews.com.br\/?p=157794","og_site_name":"Fatos e Fotos News","article_published_time":"2026-08-24T10:55:22+00:00","og_image":[{"width":1170,"height":700,"url":"https:\/\/www.fatosefotosnews.com.br\/wp-content\/uploads\/2026\/08\/simples_nacional_2101220209.webp","type":"image\/webp"}],"author":"Mirela Portugal","twitter_card":"summary_large_image","twitter_misc":{"Escrito por":"Mirela Portugal","Est. tempo de leitura":"6 minutos"},"schema":{"@context":"https:\/\/schema.org","@graph":[{"@type":"Article","@id":"https:\/\/www.fatosefotosnews.com.br\/?p=157794#article","isPartOf":{"@id":"https:\/\/www.fatosefotosnews.com.br\/?p=157794"},"author":{"name":"Mirela Portugal","@id":"https:\/\/www.fatosefotosnews.com.br\/#\/schema\/person\/17b18da658f5277ed99382206a85602f"},"headline":"Op\u00e7\u00e3o pelo Simples Nacional para 2027 \u00e9 antecipada para setembro","datePublished":"2026-08-24T10:55:22+00:00","mainEntityOfPage":{"@id":"https:\/\/www.fatosefotosnews.com.br\/?p=157794"},"wordCount":1063,"publisher":{"@id":"https:\/\/www.fatosefotosnews.com.br\/#organization"},"image":{"@id":"https:\/\/www.fatosefotosnews.com.br\/?p=157794#primaryimage"},"thumbnailUrl":"https:\/\/www.fatosefotosnews.com.br\/wp-content\/uploads\/2026\/08\/simples_nacional_2101220209.webp","keywords":["antecipada","nacional","setembro","simples"],"articleSection":["Geral"],"inLanguage":"pt-BR"},{"@type":"WebPage","@id":"https:\/\/www.fatosefotosnews.com.br\/?p=157794","url":"https:\/\/www.fatosefotosnews.com.br\/?p=157794","name":"Op\u00e7\u00e3o pelo Simples Nacional para 2027 \u00e9 antecipada para setembro - Fatos e Fotos News","isPartOf":{"@id":"https:\/\/www.fatosefotosnews.com.br\/#website"},"primaryImageOfPage":{"@id":"https:\/\/www.fatosefotosnews.com.br\/?p=157794#primaryimage"},"image":{"@id":"https:\/\/www.fatosefotosnews.com.br\/?p=157794#primaryimage"},"thumbnailUrl":"https:\/\/www.fatosefotosnews.com.br\/wp-content\/uploads\/2026\/08\/simples_nacional_2101220209.webp","datePublished":"2026-08-24T10:55:22+00:00","breadcrumb":{"@id":"https:\/\/www.fatosefotosnews.com.br\/?p=157794#breadcrumb"},"inLanguage":"pt-BR","potentialAction":[{"@type":"ReadAction","target":["https:\/\/www.fatosefotosnews.com.br\/?p=157794"]}]},{"@type":"ImageObject","inLanguage":"pt-BR","@id":"https:\/\/www.fatosefotosnews.com.br\/?p=157794#primaryimage","url":"https:\/\/www.fatosefotosnews.com.br\/wp-content\/uploads\/2026\/08\/simples_nacional_2101220209.webp","contentUrl":"https:\/\/www.fatosefotosnews.com.br\/wp-content\/uploads\/2026\/08\/simples_nacional_2101220209.webp","width":1170,"height":700},{"@type":"BreadcrumbList","@id":"https:\/\/www.fatosefotosnews.com.br\/?p=157794#breadcrumb","itemListElement":[{"@type":"ListItem","position":1,"name":"In\u00edcio","item":"https:\/\/www.fatosefotosnews.com.br\/"},{"@type":"ListItem","position":2,"name":"Op\u00e7\u00e3o pelo Simples Nacional para 2027 \u00e9 antecipada para setembro"}]},{"@type":"WebSite","@id":"https:\/\/www.fatosefotosnews.com.br\/#website","url":"https:\/\/www.fatosefotosnews.com.br\/","name":"Fatos e Fotos News","description":"Um site de noticial verdadeira e confi\u00e1veis.","publisher":{"@id":"https:\/\/www.fatosefotosnews.com.br\/#organization"},"potentialAction":[{"@type":"SearchAction","target":{"@type":"EntryPoint","urlTemplate":"https:\/\/www.fatosefotosnews.com.br\/?s={search_term_string}"},"query-input":{"@type":"PropertyValueSpecification","valueRequired":true,"valueName":"search_term_string"}}],"inLanguage":"pt-BR"},{"@type":"Organization","@id":"https:\/\/www.fatosefotosnews.com.br\/#organization","name":"Fatos e Fotos News","url":"https:\/\/www.fatosefotosnews.com.br\/","logo":{"@type":"ImageObject","inLanguage":"pt-BR","@id":"https:\/\/www.fatosefotosnews.com.br\/#\/schema\/logo\/image\/","url":"https:\/\/www.fatosefotosnews.com.br\/wp-content\/uploads\/2023\/02\/Fatos-e-Fotos-news-logo.png","contentUrl":"https:\/\/www.fatosefotosnews.com.br\/wp-content\/uploads\/2023\/02\/Fatos-e-Fotos-news-logo.png","width":300,"height":58,"caption":"Fatos e Fotos News"},"image":{"@id":"https:\/\/www.fatosefotosnews.com.br\/#\/schema\/logo\/image\/"}},{"@type":"Person","@id":"https:\/\/www.fatosefotosnews.com.br\/#\/schema\/person\/17b18da658f5277ed99382206a85602f","name":"Mirela Portugal","image":{"@type":"ImageObject","inLanguage":"pt-BR","@id":"https:\/\/secure.gravatar.com\/avatar\/2f92fb43fda38d1a46cf4a155e1c2951193d91d9bed3df97fce720eeb9595d08?s=96&d=mm&r=g","url":"https:\/\/secure.gravatar.com\/avatar\/2f92fb43fda38d1a46cf4a155e1c2951193d91d9bed3df97fce720eeb9595d08?s=96&d=mm&r=g","contentUrl":"https:\/\/secure.gravatar.com\/avatar\/2f92fb43fda38d1a46cf4a155e1c2951193d91d9bed3df97fce720eeb9595d08?s=96&d=mm&r=g","caption":"Mirela Portugal"},"sameAs":["http:\/\/fatosefotosnews.com.br"],"url":"https:\/\/www.fatosefotosnews.com.br\/?author=12"}]}},"jetpack_publicize_connections":[],"blog_post_layout_featured_media_urls":{"thumbnail":["https:\/\/www.fatosefotosnews.com.br\/wp-content\/uploads\/2026\/08\/simples_nacional_2101220209-150x150.webp",150,150,true],"full":["https:\/\/www.fatosefotosnews.com.br\/wp-content\/uploads\/2026\/08\/simples_nacional_2101220209.webp",1170,700,false]},"categories_names":{"167":{"name":"Geral","link":"https:\/\/www.fatosefotosnews.com.br\/?cat=167"}},"tags_names":{"1674":{"name":"antecipada","link":"https:\/\/www.fatosefotosnews.com.br\/?tag=antecipada"},"1212":{"name":"nacional","link":"https:\/\/www.fatosefotosnews.com.br\/?tag=nacional"},"6308":{"name":"setembro","link":"https:\/\/www.fatosefotosnews.com.br\/?tag=setembro"},"5786":{"name":"simples","link":"https:\/\/www.fatosefotosnews.com.br\/?tag=simples"}},"comments_number":"0","wpmagazine_modules_lite_featured_media_urls":{"thumbnail":["https:\/\/www.fatosefotosnews.com.br\/wp-content\/uploads\/2026\/08\/simples_nacional_2101220209-150x150.webp",150,150,true],"cvmm-medium":["https:\/\/www.fatosefotosnews.com.br\/wp-content\/uploads\/2026\/08\/simples_nacional_2101220209-300x300.webp",300,300,true],"cvmm-medium-plus":["https:\/\/www.fatosefotosnews.com.br\/wp-content\/uploads\/2026\/08\/simples_nacional_2101220209-305x207.webp",305,207,true],"cvmm-portrait":["https:\/\/www.fatosefotosnews.com.br\/wp-content\/uploads\/2026\/08\/simples_nacional_2101220209-400x600.webp",400,600,true],"cvmm-medium-square":["https:\/\/www.fatosefotosnews.com.br\/wp-content\/uploads\/2026\/08\/simples_nacional_2101220209-600x600.webp",600,600,true],"cvmm-large":["https:\/\/www.fatosefotosnews.com.br\/wp-content\/uploads\/2026\/08\/simples_nacional_2101220209-1024x700.webp",1024,700,true],"cvmm-small":["https:\/\/www.fatosefotosnews.com.br\/wp-content\/uploads\/2026\/08\/simples_nacional_2101220209-130x95.webp",130,95,true],"full":["https:\/\/www.fatosefotosnews.com.br\/wp-content\/uploads\/2026\/08\/simples_nacional_2101220209.webp",1170,700,false]},"_links":{"self":[{"href":"https:\/\/www.fatosefotosnews.com.br\/index.php?rest_route=\/wp\/v2\/posts\/157794","targetHints":{"allow":["GET"]}}],"collection":[{"href":"https:\/\/www.fatosefotosnews.com.br\/index.php?rest_route=\/wp\/v2\/posts"}],"about":[{"href":"https:\/\/www.fatosefotosnews.com.br\/index.php?rest_route=\/wp\/v2\/types\/post"}],"author":[{"embeddable":true,"href":"https:\/\/www.fatosefotosnews.com.br\/index.php?rest_route=\/wp\/v2\/users\/12"}],"replies":[{"embeddable":true,"href":"https:\/\/www.fatosefotosnews.com.br\/index.php?rest_route=%2Fwp%2Fv2%2Fcomments&post=157794"}],"version-history":[{"count":1,"href":"https:\/\/www.fatosefotosnews.com.br\/index.php?rest_route=\/wp\/v2\/posts\/157794\/revisions"}],"predecessor-version":[{"id":157795,"href":"https:\/\/www.fatosefotosnews.com.br\/index.php?rest_route=\/wp\/v2\/posts\/157794\/revisions\/157795"}],"wp:featuredmedia":[{"embeddable":true,"href":"https:\/\/www.fatosefotosnews.com.br\/index.php?rest_route=\/wp\/v2\/media\/157777"}],"wp:attachment":[{"href":"https:\/\/www.fatosefotosnews.com.br\/index.php?rest_route=%2Fwp%2Fv2%2Fmedia&parent=157794"}],"wp:term":[{"taxonomy":"category","embeddable":true,"href":"https:\/\/www.fatosefotosnews.com.br\/index.php?rest_route=%2Fwp%2Fv2%2Fcategories&post=157794"},{"taxonomy":"post_tag","embeddable":true,"href":"https:\/\/www.fatosefotosnews.com.br\/index.php?rest_route=%2Fwp%2Fv2%2Ftags&post=157794"}],"curies":[{"name":"wp","href":"https:\/\/api.w.org\/{rel}","templated":true}]}}