{"id":157802,"date":"2026-08-24T08:45:07","date_gmt":"2026-08-24T11:45:07","guid":{"rendered":"https:\/\/www.fatosefotosnews.com.br\/?p=157802"},"modified":"2026-08-23T20:02:22","modified_gmt":"2026-08-23T23:02:22","slug":"povos-katxuyana-e-kahyana-contam-retomada-de-territorio-pela-arte","status":"publish","type":"post","link":"https:\/\/www.fatosefotosnews.com.br\/?p=157802","title":{"rendered":"Povos Katxuyana e Kahyana contam retomada de territ\u00f3rio pela arte"},"content":{"rendered":"<p>Foto: Woltaire Masaki\/Divulga\u00e7\u00e3o<\/p>\n<div id=\"block-tts-block-tts\" class=\"block block-tts\">\n<div class=\"content\">\n<div id=\"tts-container\" class=\"container-audio rel-position\">\n<div class=\"title abs-position\"><\/div>\n<\/div>\n<\/div>\n<\/div>\n<div class=\"conteudo-noticia\">\n<p><strong>A\u00a0hist\u00f3ria de retomada dos territ\u00f3rios pelos povos ind\u00edgenas Katxuyana e Kahyana estar\u00e1 em exposi\u00e7\u00e3o a partir do dia 25 deste m\u00eas no Parque Zoobot\u00e2nico do Museu Paraense Em\u00edlio Goeldi, em Bel\u00e9m. A mostra\u00a0<em>Katxar kum neero | Nossos lugares verdadeiros<\/em>\u00a0re\u00fane fotografias, relatos e artefatos produzidos pelos povos desde 1960.<\/strong><img decoding=\"async\" src=\"https:\/\/agenciabrasil.ebc.com.br\/ebc.png?id=1700289&amp;o=node\" \/><img decoding=\"async\" src=\"https:\/\/agenciabrasil.ebc.com.br\/ebc.gif?id=1700289&amp;o=node\" \/><\/p>\n<p>S\u00e3o mem\u00f3rias e patrim\u00f4nios dispersados pelo tempo quando parte dos ind\u00edgenas foram separados e isolados ap\u00f3s serem impedidos de permanecer em seu territ\u00f3rio tradicional.<\/p>\n<div class=\"dnd-widget-wrapper context-medio_4colunas type-image atom-align-left\">\n<div class=\"dnd-atom-rendered\"><img decoding=\"async\" title=\"Woltaire Masaki\/Divulga\u00e7\u00e3o\" src=\"https:\/\/imagens.ebc.com.br\/8VCbsGltPNTiAynQRrZgJ4rPM80=\/365x0\/smart\/https:\/\/agenciabrasil.ebc.com.br\/sites\/default\/files\/thumbnails\/image\/2026\/08\/21\/txamatxama_estara_no_centro_da_exposicao_foto_woltaire_masaki_mpeg.jpg?itok=_ZMywBzF\" alt=\"Bras\u00edlia (DF), 21\/08\/2026 - Txamatxama estar\u00e1 no centro da exposi\u00e7\u00e3o. Foto: Woltaire Masaki\/Divulga\u00e7\u00e3o\" \/><\/div>\n<div class=\"dnd-caption-wrapper\">\n<h6 class=\"meta\">Txamatxama estar\u00e1 no centro da exposi\u00e7\u00e3o.\u00a0<strong>Woltaire Masaki\/Divulga\u00e7\u00e3o<\/strong><\/h6>\n<\/div>\n<\/div>\n<blockquote><p>\u201c\u00c9 uma oportunidade de compartilhar\u00a0nossas hist\u00f3rias de resist\u00eancia e resili\u00eancia diante de um processo marcado pela viol\u00eancia e pela tentativa de apagamento de nossa\u00a0exist\u00eancia\u201d, diz Angela Kaxuyana, lideran\u00e7a ind\u00edgena da Associa\u00e7\u00e3o Ind\u00edgena Kaxuyana, Tunayana e Kahyana (Aikatuk).<\/p><\/blockquote>\n<p>Os Katxuyana e Kahyana, junto com outros 16 povos, alguns isolados, sempre habitaram a regi\u00e3o localizada no oeste do Par\u00e1, divisa com o Amazonas.\u00a0<strong>Na d\u00e9cada de 1960, foram removidos de seus territ\u00f3rios pelo regime militar em processos de coloniza\u00e7\u00e3o da Amaz\u00f4nia.<\/strong><\/p>\n<div class=\"dnd-widget-wrapper context-medio_4colunas type-image atom-align-right\">\n<div class=\"dnd-atom-rendered\"><img decoding=\"async\" title=\"Woltaire Masaki\/Divulga\u00e7\u00e3o\" src=\"https:\/\/imagens.ebc.com.br\/m5uU753E1O9WfJmx4PkJSoT9QU0=\/365x0\/smart\/https:\/\/agenciabrasil.ebc.com.br\/sites\/default\/files\/thumbnails\/image\/2026\/08\/21\/angela_kaxuyana_preparando_detalhes_da_exposicao_foto_woltaire_masaki_mpeg.jpeg?itok=vUojhysz\" alt=\"Bras\u00edlia (DF), 21\/08\/2026 - Angela Kaxuyana preparando detalhes da exposi\u00e7\u00e3o Foto: Woltaire Masaki\/Divulga\u00e7\u00e3o\" \/><\/div>\n<div class=\"dnd-caption-wrapper\">\n<h6 class=\"meta\">Museu Goeldi recebe exposi\u00e7\u00e3o sobre as retomadas dos povos ind\u00edgenas Katxuyana e Kahyana, por Woltaire Masaki\/Divulga\u00e7\u00e3o<\/h6>\n<\/div>\n<\/div>\n<p>Sem nunca perder a conex\u00e3o com o lugar de pertencimento, os povos resistiram at\u00e9 em 2008, quando a Funda\u00e7\u00e3o Nacional dos Povos Ind\u00edgenas (Funai) inicia o processo de demarca\u00e7\u00e3o da Terra Ind\u00edgena Kaxuyana\u2011Tunayana, um territ\u00f3rio de 2 milh\u00f5es de hectares que abrange os munic\u00edpios de Faro e Oriximin\u00e1 (PA) e Nhamund\u00e1 (AM).<\/p>\n<p><strong>O processo foi finalizado somente em 2025, quando um\u00a0<a href=\"https:\/\/www.planalto.gov.br\/ccivil_03\/_ato2023-2026\/2025\/decreto\/d12720.htm\" target=\"_blank\" rel=\"noopener\">decreto<\/a>\u00a0reconheceu a homologa\u00e7\u00e3o, \u00faltima etapa do processo de devolu\u00e7\u00e3o do territ\u00f3rio aos ind\u00edgenas.<\/strong><\/p>\n<h2>Curadoria<\/h2>\n<p>A manuten\u00e7\u00e3o dos v\u00ednculos com a terra, os rios, os antepassados e seus modos de existir at\u00e9 o momento da retomada dos territ\u00f3rios, tamb\u00e9m est\u00e3o presentes nas obras escolhidas por uma curadoria compartilhada com o Instituto de Pesquisa e Forma\u00e7\u00e3o Ind\u00edgena (Iep\u00e9) e o Museu Paraense Em\u00edlio Goeldi.<\/p>\n<blockquote><p>\u201cNa exposi\u00e7\u00e3o, teremos pe\u00e7as dos Katxuyanas e dos Kahyanas, que s\u00e3o contempor\u00e2neas, que eles fazem e utilizam atualmente, e vamos ter pe\u00e7as que pertencem \u00e0 Cole\u00e7\u00e3o Etnogr\u00e1fica do Museu Goeldi, coletadas pelo pesquisador Prot\u00e1sio Frikel na d\u00e9cada de 1960\u201d, detalha L\u00facia van Velthem, muse\u00f3loga e pesquisadora do Museu Em\u00edlio Goeldi.<\/p><\/blockquote>\n<p>Um dos elementos de destaque da exposi\u00e7\u00e3o \u00e9 o txamatxama, um artefato plum\u00e1rio usado para diplomacia entre povos e comunica\u00e7\u00e3o com outros seres vivos. \u00c9 considerado de grande import\u00e2ncia cosmol\u00f3gica e sociopol\u00edtica pelos povos Katxuyana e Kahyana.<\/p>\n<p><strong>A exposi\u00e7\u00e3o fica aberta at\u00e9 o dia 30 de abril de 2027, de quarta a domingo, de 9h \u00e0s 16 h, no Centro de Exposi\u00e7\u00f5es Eduardo Galv\u00e3o, localizado dentro do Parque Zoobot\u00e2nico do Museu Paraense Em\u00edlio Goeldi.<\/strong><\/p>\n<\/div>\n","protected":false},"excerpt":{"rendered":"<p>Foto: Woltaire Masaki\/Divulga\u00e7\u00e3o A\u00a0hist\u00f3ria de retomada dos territ\u00f3rios pelos povos ind\u00edgenas Katxuyana e Kahyana estar\u00e1 em exposi\u00e7\u00e3o a partir do dia 25 deste m\u00eas no Parque Zoobot\u00e2nico do Museu Paraense Em\u00edlio Goeldi, em Bel\u00e9m. A mostra\u00a0Katxar kum neero | Nossos lugares verdadeiros\u00a0re\u00fane fotografias, relatos e artefatos produzidos pelos povos desde 1960. S\u00e3o mem\u00f3rias e patrim\u00f4nios [&hellip;]<\/p>\n","protected":false},"author":12,"featured_media":157774,"comment_status":"closed","ping_status":"open","sticky":false,"template":"","format":"standard","meta":{"_acf_changed":false,"_angie_page":false,"_monsterinsights_skip_tracking":false,"_themeisle_gutenberg_block_has_review":false,"page_builder":"","footnotes":"","jetpack_publicize_message":"","jetpack_publicize_feature_enabled":true,"jetpack_social_post_already_shared":true,"jetpack_social_options":{"image_generator_settings":{"template":"highway","default_image_id":0,"font":"","enabled":false},"version":2}},"categories":[4265,167],"tags":[3859,29256,29255,2287,841,5886],"class_list":["post-157802","post","type-post","status-publish","format-standard","has-post-thumbnail","hentry","category-cultura","category-geral","tag-contam","tag-kahyana","tag-katxuyana","tag-povos","tag-retomada","tag-territorio"],"acf":[],"nelio_content":{"autoShareEndMode":"never","automationSources":{"useCustomSentences":false,"customSentences":[]},"efiAlt":"","efiUrl":"","followers":[12],"highlights":[],"isAutoShareEnabled":true,"networkImageIds":[],"permalinkQueryArgs":[],"series":[],"suggestedReferences":[]},"yoast_head":"<!-- This site is optimized with the Yoast SEO plugin v28.3 - https:\/\/yoast.com\/product\/yoast-seo-wordpress\/ -->\n<title>Povos Katxuyana e Kahyana contam retomada de territ\u00f3rio pela arte - Fatos e Fotos News<\/title>\n<meta name=\"robots\" content=\"index, follow, max-snippet:-1, max-image-preview:large, max-video-preview:-1\" \/>\n<link rel=\"canonical\" href=\"https:\/\/www.fatosefotosnews.com.br\/?p=157802\" \/>\n<meta property=\"og:locale\" content=\"pt_BR\" \/>\n<meta property=\"og:type\" content=\"article\" \/>\n<meta property=\"og:title\" content=\"Povos Katxuyana e Kahyana contam retomada de territ\u00f3rio pela arte - Fatos e Fotos News\" \/>\n<meta property=\"og:description\" content=\"Foto: Woltaire Masaki\/Divulga\u00e7\u00e3o A\u00a0hist\u00f3ria de retomada dos territ\u00f3rios pelos povos ind\u00edgenas Katxuyana e Kahyana estar\u00e1 em exposi\u00e7\u00e3o a partir do dia 25 deste m\u00eas no Parque Zoobot\u00e2nico do Museu Paraense Em\u00edlio Goeldi, em Bel\u00e9m. A mostra\u00a0Katxar kum neero | Nossos lugares verdadeiros\u00a0re\u00fane fotografias, relatos e artefatos produzidos pelos povos desde 1960. S\u00e3o mem\u00f3rias e patrim\u00f4nios [&hellip;]\" \/>\n<meta property=\"og:url\" content=\"https:\/\/www.fatosefotosnews.com.br\/?p=157802\" \/>\n<meta property=\"og:site_name\" content=\"Fatos e Fotos News\" \/>\n<meta property=\"article:published_time\" content=\"2026-08-24T11:45:07+00:00\" \/>\n<meta property=\"og:image\" content=\"https:\/\/www.fatosefotosnews.com.br\/wp-content\/uploads\/2026\/08\/exposicao_esta_sendo_montada_no_centro_de_exposicoes_eduardo_galvao_foto_woltaire_masaki_-_mpeg.webp\" \/>\n\t<meta property=\"og:image:width\" content=\"1170\" \/>\n\t<meta property=\"og:image:height\" content=\"700\" \/>\n\t<meta property=\"og:image:type\" content=\"image\/webp\" \/>\n<meta name=\"author\" content=\"Mirela Portugal\" \/>\n<meta name=\"twitter:card\" content=\"summary_large_image\" \/>\n<meta name=\"twitter:label1\" content=\"Escrito por\" \/>\n\t<meta name=\"twitter:data1\" content=\"Mirela Portugal\" \/>\n\t<meta name=\"twitter:label2\" content=\"Est. tempo de leitura\" \/>\n\t<meta name=\"twitter:data2\" content=\"3 minutos\" \/>\n<script type=\"application\/ld+json\" class=\"yoast-schema-graph\">{\"@context\":\"https:\\\/\\\/schema.org\",\"@graph\":[{\"@type\":\"Article\",\"@id\":\"https:\\\/\\\/www.fatosefotosnews.com.br\\\/?p=157802#article\",\"isPartOf\":{\"@id\":\"https:\\\/\\\/www.fatosefotosnews.com.br\\\/?p=157802\"},\"author\":{\"name\":\"Mirela Portugal\",\"@id\":\"https:\\\/\\\/www.fatosefotosnews.com.br\\\/#\\\/schema\\\/person\\\/17b18da658f5277ed99382206a85602f\"},\"headline\":\"Povos Katxuyana e Kahyana contam retomada de territ\u00f3rio pela arte\",\"datePublished\":\"2026-08-24T11:45:07+00:00\",\"mainEntityOfPage\":{\"@id\":\"https:\\\/\\\/www.fatosefotosnews.com.br\\\/?p=157802\"},\"wordCount\":508,\"publisher\":{\"@id\":\"https:\\\/\\\/www.fatosefotosnews.com.br\\\/#organization\"},\"image\":{\"@id\":\"https:\\\/\\\/www.fatosefotosnews.com.br\\\/?p=157802#primaryimage\"},\"thumbnailUrl\":\"https:\\\/\\\/www.fatosefotosnews.com.br\\\/wp-content\\\/uploads\\\/2026\\\/08\\\/exposicao_esta_sendo_montada_no_centro_de_exposicoes_eduardo_galvao_foto_woltaire_masaki_-_mpeg.webp\",\"keywords\":[\"contam\",\"kahyana\",\"katxuyana\",\"povos\",\"retomada\",\"territorio\"],\"articleSection\":[\"Cultura\",\"Geral\"],\"inLanguage\":\"pt-BR\"},{\"@type\":\"WebPage\",\"@id\":\"https:\\\/\\\/www.fatosefotosnews.com.br\\\/?p=157802\",\"url\":\"https:\\\/\\\/www.fatosefotosnews.com.br\\\/?p=157802\",\"name\":\"Povos Katxuyana e Kahyana contam retomada de territ\u00f3rio pela arte - Fatos e Fotos News\",\"isPartOf\":{\"@id\":\"https:\\\/\\\/www.fatosefotosnews.com.br\\\/#website\"},\"primaryImageOfPage\":{\"@id\":\"https:\\\/\\\/www.fatosefotosnews.com.br\\\/?p=157802#primaryimage\"},\"image\":{\"@id\":\"https:\\\/\\\/www.fatosefotosnews.com.br\\\/?p=157802#primaryimage\"},\"thumbnailUrl\":\"https:\\\/\\\/www.fatosefotosnews.com.br\\\/wp-content\\\/uploads\\\/2026\\\/08\\\/exposicao_esta_sendo_montada_no_centro_de_exposicoes_eduardo_galvao_foto_woltaire_masaki_-_mpeg.webp\",\"datePublished\":\"2026-08-24T11:45:07+00:00\",\"breadcrumb\":{\"@id\":\"https:\\\/\\\/www.fatosefotosnews.com.br\\\/?p=157802#breadcrumb\"},\"inLanguage\":\"pt-BR\",\"potentialAction\":[{\"@type\":\"ReadAction\",\"target\":[\"https:\\\/\\\/www.fatosefotosnews.com.br\\\/?p=157802\"]}]},{\"@type\":\"ImageObject\",\"inLanguage\":\"pt-BR\",\"@id\":\"https:\\\/\\\/www.fatosefotosnews.com.br\\\/?p=157802#primaryimage\",\"url\":\"https:\\\/\\\/www.fatosefotosnews.com.br\\\/wp-content\\\/uploads\\\/2026\\\/08\\\/exposicao_esta_sendo_montada_no_centro_de_exposicoes_eduardo_galvao_foto_woltaire_masaki_-_mpeg.webp\",\"contentUrl\":\"https:\\\/\\\/www.fatosefotosnews.com.br\\\/wp-content\\\/uploads\\\/2026\\\/08\\\/exposicao_esta_sendo_montada_no_centro_de_exposicoes_eduardo_galvao_foto_woltaire_masaki_-_mpeg.webp\",\"width\":1170,\"height\":700},{\"@type\":\"BreadcrumbList\",\"@id\":\"https:\\\/\\\/www.fatosefotosnews.com.br\\\/?p=157802#breadcrumb\",\"itemListElement\":[{\"@type\":\"ListItem\",\"position\":1,\"name\":\"In\u00edcio\",\"item\":\"https:\\\/\\\/www.fatosefotosnews.com.br\\\/\"},{\"@type\":\"ListItem\",\"position\":2,\"name\":\"Povos Katxuyana e Kahyana contam retomada de territ\u00f3rio pela arte\"}]},{\"@type\":\"WebSite\",\"@id\":\"https:\\\/\\\/www.fatosefotosnews.com.br\\\/#website\",\"url\":\"https:\\\/\\\/www.fatosefotosnews.com.br\\\/\",\"name\":\"Fatos e Fotos News\",\"description\":\"Um site de noticial verdadeira e confi\u00e1veis.\",\"publisher\":{\"@id\":\"https:\\\/\\\/www.fatosefotosnews.com.br\\\/#organization\"},\"potentialAction\":[{\"@type\":\"SearchAction\",\"target\":{\"@type\":\"EntryPoint\",\"urlTemplate\":\"https:\\\/\\\/www.fatosefotosnews.com.br\\\/?s={search_term_string}\"},\"query-input\":{\"@type\":\"PropertyValueSpecification\",\"valueRequired\":true,\"valueName\":\"search_term_string\"}}],\"inLanguage\":\"pt-BR\"},{\"@type\":\"Organization\",\"@id\":\"https:\\\/\\\/www.fatosefotosnews.com.br\\\/#organization\",\"name\":\"Fatos e Fotos News\",\"url\":\"https:\\\/\\\/www.fatosefotosnews.com.br\\\/\",\"logo\":{\"@type\":\"ImageObject\",\"inLanguage\":\"pt-BR\",\"@id\":\"https:\\\/\\\/www.fatosefotosnews.com.br\\\/#\\\/schema\\\/logo\\\/image\\\/\",\"url\":\"https:\\\/\\\/www.fatosefotosnews.com.br\\\/wp-content\\\/uploads\\\/2023\\\/02\\\/Fatos-e-Fotos-news-logo.png\",\"contentUrl\":\"https:\\\/\\\/www.fatosefotosnews.com.br\\\/wp-content\\\/uploads\\\/2023\\\/02\\\/Fatos-e-Fotos-news-logo.png\",\"width\":300,\"height\":58,\"caption\":\"Fatos e Fotos News\"},\"image\":{\"@id\":\"https:\\\/\\\/www.fatosefotosnews.com.br\\\/#\\\/schema\\\/logo\\\/image\\\/\"}},{\"@type\":\"Person\",\"@id\":\"https:\\\/\\\/www.fatosefotosnews.com.br\\\/#\\\/schema\\\/person\\\/17b18da658f5277ed99382206a85602f\",\"name\":\"Mirela Portugal\",\"image\":{\"@type\":\"ImageObject\",\"inLanguage\":\"pt-BR\",\"@id\":\"https:\\\/\\\/secure.gravatar.com\\\/avatar\\\/2f92fb43fda38d1a46cf4a155e1c2951193d91d9bed3df97fce720eeb9595d08?s=96&d=mm&r=g\",\"url\":\"https:\\\/\\\/secure.gravatar.com\\\/avatar\\\/2f92fb43fda38d1a46cf4a155e1c2951193d91d9bed3df97fce720eeb9595d08?s=96&d=mm&r=g\",\"contentUrl\":\"https:\\\/\\\/secure.gravatar.com\\\/avatar\\\/2f92fb43fda38d1a46cf4a155e1c2951193d91d9bed3df97fce720eeb9595d08?s=96&d=mm&r=g\",\"caption\":\"Mirela Portugal\"},\"sameAs\":[\"http:\\\/\\\/fatosefotosnews.com.br\"],\"url\":\"https:\\\/\\\/www.fatosefotosnews.com.br\\\/?author=12\"}]}<\/script>\n<!-- \/ Yoast SEO plugin. -->","yoast_head_json":{"title":"Povos Katxuyana e Kahyana contam retomada de territ\u00f3rio pela arte - Fatos e Fotos News","robots":{"index":"index","follow":"follow","max-snippet":"max-snippet:-1","max-image-preview":"max-image-preview:large","max-video-preview":"max-video-preview:-1"},"canonical":"https:\/\/www.fatosefotosnews.com.br\/?p=157802","og_locale":"pt_BR","og_type":"article","og_title":"Povos Katxuyana e Kahyana contam retomada de territ\u00f3rio pela arte - Fatos e Fotos News","og_description":"Foto: Woltaire Masaki\/Divulga\u00e7\u00e3o A\u00a0hist\u00f3ria de retomada dos territ\u00f3rios pelos povos ind\u00edgenas Katxuyana e Kahyana estar\u00e1 em exposi\u00e7\u00e3o a partir do dia 25 deste m\u00eas no Parque Zoobot\u00e2nico do Museu Paraense Em\u00edlio Goeldi, em Bel\u00e9m. A mostra\u00a0Katxar kum neero | Nossos lugares verdadeiros\u00a0re\u00fane fotografias, relatos e artefatos produzidos pelos povos desde 1960. S\u00e3o mem\u00f3rias e patrim\u00f4nios [&hellip;]","og_url":"https:\/\/www.fatosefotosnews.com.br\/?p=157802","og_site_name":"Fatos e Fotos News","article_published_time":"2026-08-24T11:45:07+00:00","og_image":[{"width":1170,"height":700,"url":"https:\/\/www.fatosefotosnews.com.br\/wp-content\/uploads\/2026\/08\/exposicao_esta_sendo_montada_no_centro_de_exposicoes_eduardo_galvao_foto_woltaire_masaki_-_mpeg.webp","type":"image\/webp"}],"author":"Mirela Portugal","twitter_card":"summary_large_image","twitter_misc":{"Escrito por":"Mirela Portugal","Est. tempo de leitura":"3 minutos"},"schema":{"@context":"https:\/\/schema.org","@graph":[{"@type":"Article","@id":"https:\/\/www.fatosefotosnews.com.br\/?p=157802#article","isPartOf":{"@id":"https:\/\/www.fatosefotosnews.com.br\/?p=157802"},"author":{"name":"Mirela Portugal","@id":"https:\/\/www.fatosefotosnews.com.br\/#\/schema\/person\/17b18da658f5277ed99382206a85602f"},"headline":"Povos Katxuyana e Kahyana contam retomada de territ\u00f3rio pela arte","datePublished":"2026-08-24T11:45:07+00:00","mainEntityOfPage":{"@id":"https:\/\/www.fatosefotosnews.com.br\/?p=157802"},"wordCount":508,"publisher":{"@id":"https:\/\/www.fatosefotosnews.com.br\/#organization"},"image":{"@id":"https:\/\/www.fatosefotosnews.com.br\/?p=157802#primaryimage"},"thumbnailUrl":"https:\/\/www.fatosefotosnews.com.br\/wp-content\/uploads\/2026\/08\/exposicao_esta_sendo_montada_no_centro_de_exposicoes_eduardo_galvao_foto_woltaire_masaki_-_mpeg.webp","keywords":["contam","kahyana","katxuyana","povos","retomada","territorio"],"articleSection":["Cultura","Geral"],"inLanguage":"pt-BR"},{"@type":"WebPage","@id":"https:\/\/www.fatosefotosnews.com.br\/?p=157802","url":"https:\/\/www.fatosefotosnews.com.br\/?p=157802","name":"Povos Katxuyana e Kahyana contam retomada de territ\u00f3rio pela arte - Fatos e Fotos News","isPartOf":{"@id":"https:\/\/www.fatosefotosnews.com.br\/#website"},"primaryImageOfPage":{"@id":"https:\/\/www.fatosefotosnews.com.br\/?p=157802#primaryimage"},"image":{"@id":"https:\/\/www.fatosefotosnews.com.br\/?p=157802#primaryimage"},"thumbnailUrl":"https:\/\/www.fatosefotosnews.com.br\/wp-content\/uploads\/2026\/08\/exposicao_esta_sendo_montada_no_centro_de_exposicoes_eduardo_galvao_foto_woltaire_masaki_-_mpeg.webp","datePublished":"2026-08-24T11:45:07+00:00","breadcrumb":{"@id":"https:\/\/www.fatosefotosnews.com.br\/?p=157802#breadcrumb"},"inLanguage":"pt-BR","potentialAction":[{"@type":"ReadAction","target":["https:\/\/www.fatosefotosnews.com.br\/?p=157802"]}]},{"@type":"ImageObject","inLanguage":"pt-BR","@id":"https:\/\/www.fatosefotosnews.com.br\/?p=157802#primaryimage","url":"https:\/\/www.fatosefotosnews.com.br\/wp-content\/uploads\/2026\/08\/exposicao_esta_sendo_montada_no_centro_de_exposicoes_eduardo_galvao_foto_woltaire_masaki_-_mpeg.webp","contentUrl":"https:\/\/www.fatosefotosnews.com.br\/wp-content\/uploads\/2026\/08\/exposicao_esta_sendo_montada_no_centro_de_exposicoes_eduardo_galvao_foto_woltaire_masaki_-_mpeg.webp","width":1170,"height":700},{"@type":"BreadcrumbList","@id":"https:\/\/www.fatosefotosnews.com.br\/?p=157802#breadcrumb","itemListElement":[{"@type":"ListItem","position":1,"name":"In\u00edcio","item":"https:\/\/www.fatosefotosnews.com.br\/"},{"@type":"ListItem","position":2,"name":"Povos Katxuyana e Kahyana contam retomada de territ\u00f3rio pela arte"}]},{"@type":"WebSite","@id":"https:\/\/www.fatosefotosnews.com.br\/#website","url":"https:\/\/www.fatosefotosnews.com.br\/","name":"Fatos e Fotos News","description":"Um site de noticial verdadeira e confi\u00e1veis.","publisher":{"@id":"https:\/\/www.fatosefotosnews.com.br\/#organization"},"potentialAction":[{"@type":"SearchAction","target":{"@type":"EntryPoint","urlTemplate":"https:\/\/www.fatosefotosnews.com.br\/?s={search_term_string}"},"query-input":{"@type":"PropertyValueSpecification","valueRequired":true,"valueName":"search_term_string"}}],"inLanguage":"pt-BR"},{"@type":"Organization","@id":"https:\/\/www.fatosefotosnews.com.br\/#organization","name":"Fatos e Fotos News","url":"https:\/\/www.fatosefotosnews.com.br\/","logo":{"@type":"ImageObject","inLanguage":"pt-BR","@id":"https:\/\/www.fatosefotosnews.com.br\/#\/schema\/logo\/image\/","url":"https:\/\/www.fatosefotosnews.com.br\/wp-content\/uploads\/2023\/02\/Fatos-e-Fotos-news-logo.png","contentUrl":"https:\/\/www.fatosefotosnews.com.br\/wp-content\/uploads\/2023\/02\/Fatos-e-Fotos-news-logo.png","width":300,"height":58,"caption":"Fatos e Fotos News"},"image":{"@id":"https:\/\/www.fatosefotosnews.com.br\/#\/schema\/logo\/image\/"}},{"@type":"Person","@id":"https:\/\/www.fatosefotosnews.com.br\/#\/schema\/person\/17b18da658f5277ed99382206a85602f","name":"Mirela Portugal","image":{"@type":"ImageObject","inLanguage":"pt-BR","@id":"https:\/\/secure.gravatar.com\/avatar\/2f92fb43fda38d1a46cf4a155e1c2951193d91d9bed3df97fce720eeb9595d08?s=96&d=mm&r=g","url":"https:\/\/secure.gravatar.com\/avatar\/2f92fb43fda38d1a46cf4a155e1c2951193d91d9bed3df97fce720eeb9595d08?s=96&d=mm&r=g","contentUrl":"https:\/\/secure.gravatar.com\/avatar\/2f92fb43fda38d1a46cf4a155e1c2951193d91d9bed3df97fce720eeb9595d08?s=96&d=mm&r=g","caption":"Mirela Portugal"},"sameAs":["http:\/\/fatosefotosnews.com.br"],"url":"https:\/\/www.fatosefotosnews.com.br\/?author=12"}]}},"jetpack_publicize_connections":[],"blog_post_layout_featured_media_urls":{"thumbnail":["https:\/\/www.fatosefotosnews.com.br\/wp-content\/uploads\/2026\/08\/exposicao_esta_sendo_montada_no_centro_de_exposicoes_eduardo_galvao_foto_woltaire_masaki_-_mpeg-150x150.webp",150,150,true],"full":["https:\/\/www.fatosefotosnews.com.br\/wp-content\/uploads\/2026\/08\/exposicao_esta_sendo_montada_no_centro_de_exposicoes_eduardo_galvao_foto_woltaire_masaki_-_mpeg.webp",1170,700,false]},"categories_names":{"4265":{"name":"Cultura","link":"https:\/\/www.fatosefotosnews.com.br\/?cat=4265"},"167":{"name":"Geral","link":"https:\/\/www.fatosefotosnews.com.br\/?cat=167"}},"tags_names":{"3859":{"name":"contam","link":"https:\/\/www.fatosefotosnews.com.br\/?tag=contam"},"29256":{"name":"kahyana","link":"https:\/\/www.fatosefotosnews.com.br\/?tag=kahyana"},"29255":{"name":"katxuyana","link":"https:\/\/www.fatosefotosnews.com.br\/?tag=katxuyana"},"2287":{"name":"povos","link":"https:\/\/www.fatosefotosnews.com.br\/?tag=povos"},"841":{"name":"retomada","link":"https:\/\/www.fatosefotosnews.com.br\/?tag=retomada"},"5886":{"name":"territorio","link":"https:\/\/www.fatosefotosnews.com.br\/?tag=territorio"}},"comments_number":"0","wpmagazine_modules_lite_featured_media_urls":{"thumbnail":["https:\/\/www.fatosefotosnews.com.br\/wp-content\/uploads\/2026\/08\/exposicao_esta_sendo_montada_no_centro_de_exposicoes_eduardo_galvao_foto_woltaire_masaki_-_mpeg-150x150.webp",150,150,true],"cvmm-medium":["https:\/\/www.fatosefotosnews.com.br\/wp-content\/uploads\/2026\/08\/exposicao_esta_sendo_montada_no_centro_de_exposicoes_eduardo_galvao_foto_woltaire_masaki_-_mpeg-300x300.webp",300,300,true],"cvmm-medium-plus":["https:\/\/www.fatosefotosnews.com.br\/wp-content\/uploads\/2026\/08\/exposicao_esta_sendo_montada_no_centro_de_exposicoes_eduardo_galvao_foto_woltaire_masaki_-_mpeg-305x207.webp",305,207,true],"cvmm-portrait":["https:\/\/www.fatosefotosnews.com.br\/wp-content\/uploads\/2026\/08\/exposicao_esta_sendo_montada_no_centro_de_exposicoes_eduardo_galvao_foto_woltaire_masaki_-_mpeg-400x600.webp",400,600,true],"cvmm-medium-square":["https:\/\/www.fatosefotosnews.com.br\/wp-content\/uploads\/2026\/08\/exposicao_esta_sendo_montada_no_centro_de_exposicoes_eduardo_galvao_foto_woltaire_masaki_-_mpeg-600x600.webp",600,600,true],"cvmm-large":["https:\/\/www.fatosefotosnews.com.br\/wp-content\/uploads\/2026\/08\/exposicao_esta_sendo_montada_no_centro_de_exposicoes_eduardo_galvao_foto_woltaire_masaki_-_mpeg-1024x700.webp",1024,700,true],"cvmm-small":["https:\/\/www.fatosefotosnews.com.br\/wp-content\/uploads\/2026\/08\/exposicao_esta_sendo_montada_no_centro_de_exposicoes_eduardo_galvao_foto_woltaire_masaki_-_mpeg-130x95.webp",130,95,true],"full":["https:\/\/www.fatosefotosnews.com.br\/wp-content\/uploads\/2026\/08\/exposicao_esta_sendo_montada_no_centro_de_exposicoes_eduardo_galvao_foto_woltaire_masaki_-_mpeg.webp",1170,700,false]},"_links":{"self":[{"href":"https:\/\/www.fatosefotosnews.com.br\/index.php?rest_route=\/wp\/v2\/posts\/157802","targetHints":{"allow":["GET"]}}],"collection":[{"href":"https:\/\/www.fatosefotosnews.com.br\/index.php?rest_route=\/wp\/v2\/posts"}],"about":[{"href":"https:\/\/www.fatosefotosnews.com.br\/index.php?rest_route=\/wp\/v2\/types\/post"}],"author":[{"embeddable":true,"href":"https:\/\/www.fatosefotosnews.com.br\/index.php?rest_route=\/wp\/v2\/users\/12"}],"replies":[{"embeddable":true,"href":"https:\/\/www.fatosefotosnews.com.br\/index.php?rest_route=%2Fwp%2Fv2%2Fcomments&post=157802"}],"version-history":[{"count":2,"href":"https:\/\/www.fatosefotosnews.com.br\/index.php?rest_route=\/wp\/v2\/posts\/157802\/revisions"}],"predecessor-version":[{"id":157804,"href":"https:\/\/www.fatosefotosnews.com.br\/index.php?rest_route=\/wp\/v2\/posts\/157802\/revisions\/157804"}],"wp:featuredmedia":[{"embeddable":true,"href":"https:\/\/www.fatosefotosnews.com.br\/index.php?rest_route=\/wp\/v2\/media\/157774"}],"wp:attachment":[{"href":"https:\/\/www.fatosefotosnews.com.br\/index.php?rest_route=%2Fwp%2Fv2%2Fmedia&parent=157802"}],"wp:term":[{"taxonomy":"category","embeddable":true,"href":"https:\/\/www.fatosefotosnews.com.br\/index.php?rest_route=%2Fwp%2Fv2%2Fcategories&post=157802"},{"taxonomy":"post_tag","embeddable":true,"href":"https:\/\/www.fatosefotosnews.com.br\/index.php?rest_route=%2Fwp%2Fv2%2Ftags&post=157802"}],"curies":[{"name":"wp","href":"https:\/\/api.w.org\/{rel}","templated":true}]}}