{"id":157807,"date":"2026-08-24T09:15:40","date_gmt":"2026-08-24T12:15:40","guid":{"rendered":"https:\/\/www.fatosefotosnews.com.br\/?p=157807"},"modified":"2026-08-23T20:11:04","modified_gmt":"2026-08-23T23:11:04","slug":"justica-mantem-prisao-de-segurancas-investigados-por-morte-de-ciclista","status":"publish","type":"post","link":"https:\/\/www.fatosefotosnews.com.br\/?p=157807","title":{"rendered":"Justi\u00e7a mant\u00e9m pris\u00e3o de seguran\u00e7as investigados por morte de ciclista"},"content":{"rendered":"<p>Foto:\u00a0 Frame Camera de seguran\u00e7a<\/p>\n<div class=\"conteudo-noticia\">\n<p><strong>A Justi\u00e7a do Rio manteve a pris\u00e3o tempor\u00e1ria dos seguran\u00e7as Davi Santos Machado e Jorge Luiz Machado Dias, investigados pela morte\u00a0<a href=\"http:\/\/agenciabrasil.ebc.com.br\/justica\/noticia\/2026-08\/segurancas-de-rua-sao-presos-por-agredir-ciclista-ate-morte-no-rio\">por espancamento de Cl\u00e1udio Rafael Landeiro<\/a>\u00a0no dia 11 de agosto, em Copacabana. Ele foi confundido com um ladr\u00e3o de bicicleta.<\/strong><img decoding=\"async\" src=\"https:\/\/agenciabrasil.ebc.com.br\/ebc.png?id=1700412&amp;o=node\" \/><img decoding=\"async\" src=\"https:\/\/agenciabrasil.ebc.com.br\/ebc.gif?id=1700412&amp;o=node\" \/><\/p>\n<p><strong>Na audi\u00eancia de cust\u00f3dia, neste s\u00e1bado (22), o juiz Rafael de Almeida Rezende considerou que os\u00a0<a href=\"http:\/\/agenciabrasil.ebc.com.br\/direitos-humanos\/noticia\/2026-08\/quatro-envolvidos-na-morte-de-ciclista-espancado-no-rj-estao-presos\">mandados de pris\u00e3o<\/a>\u00a0foram regularmente expedidos e permanecem dentro do prazo de validade.<\/strong>\u00a0De acordo com o magistrado, \u201cn\u00e3o h\u00e1 not\u00edcia de altera\u00e7\u00e3o das decis\u00f5es que determinaram as pris\u00f5es e permanecem v\u00e1lidos os fundamentos que levaram \u00e0 decreta\u00e7\u00e3o das pris\u00f5es tempor\u00e1rias\u201d.<\/p>\n<p>Na decis\u00e3o, o juiz escreveu ainda que \u201ceventuais pedidos da defesa dever\u00e3o ser apresentados ao ju\u00edzo natural respons\u00e1vel pelo caso\u201d.<\/p>\n<p>No caso de Davi Santos Machado, o seguran\u00e7a que estava com um porrete na m\u00e3o, a defesa tamb\u00e9m pediu o sigilo de seus dados sens\u00edveis. O pedido foi indeferido pelo juiz, que \u201cconsiderou que n\u00e3o constavam dados sens\u00edveis nos autos e destacou que o pr\u00f3prio custodiado n\u00e3o soube informar seu endere\u00e7o e telefone atuais\u201d.<\/p>\n<p><strong>Cl\u00e1udio Rafael Landeiro Moreira, 37 anos, foi espancado at\u00e9 a morte na Rua Felipe de Oliveira, em Copacabana, ap\u00f3s ter sa\u00eddo de casa, em Botafogo, \u00e0s 22h30, para um passeio de bicicleta, como fazia habitualmente.\u00a0<\/strong><\/p>\n<p>Al\u00e9m dos dois seguran\u00e7as, tamb\u00e9m participaram do espancamento os entregadores por aplicativo Felipe Eduardo dos Santos Silva e Ailton Jos\u00e9 da Silva. Os dois tamb\u00e9m est\u00e3o presos e ser\u00e3o levados a audi\u00eancia de cust\u00f3dia neste domingo (23).<\/p>\n<p>Est\u00e1 sendo investigado ainda pela pol\u00edcia, um quinto homem, que aparece nas imagens das c\u00e2meras de seguran\u00e7a, desferindo um chute na cabe\u00e7a da v\u00edtima. Este ainda n\u00e3o foi identificado e est\u00e1 foragido.<\/p>\n<\/div>\n","protected":false},"excerpt":{"rendered":"<p>Foto:\u00a0 Frame Camera de seguran\u00e7a A Justi\u00e7a do Rio manteve a pris\u00e3o tempor\u00e1ria dos seguran\u00e7as Davi Santos Machado e Jorge Luiz Machado Dias, investigados pela morte\u00a0por espancamento de Cl\u00e1udio Rafael Landeiro\u00a0no dia 11 de agosto, em Copacabana. Ele foi confundido com um ladr\u00e3o de bicicleta. Na audi\u00eancia de cust\u00f3dia, neste s\u00e1bado (22), o juiz Rafael [&hellip;]<\/p>\n","protected":false},"author":12,"featured_media":157771,"comment_status":"closed","ping_status":"open","sticky":false,"template":"","format":"standard","meta":{"_acf_changed":false,"_angie_page":false,"_monsterinsights_skip_tracking":false,"_themeisle_gutenberg_block_has_review":false,"page_builder":"","footnotes":"","jetpack_publicize_message":"","jetpack_publicize_feature_enabled":true,"jetpack_social_post_already_shared":true,"jetpack_social_options":{"image_generator_settings":{"template":"highway","default_image_id":0,"font":"","enabled":false},"version":2}},"categories":[167,24885],"tags":[18009,7450,1513,694,835,912],"class_list":["post-157807","post","type-post","status-publish","format-standard","has-post-thumbnail","hentry","category-geral","category-justica","tag-ciclista","tag-investigados","tag-justi","tag-mantem","tag-morte","tag-seguran"],"acf":[],"nelio_content":{"autoShareEndMode":"never","automationSources":{"useCustomSentences":false,"customSentences":[]},"efiAlt":"","efiUrl":"","followers":[12],"highlights":[],"isAutoShareEnabled":true,"networkImageIds":[],"permalinkQueryArgs":[],"series":[],"suggestedReferences":[]},"yoast_head":"<!-- This site is optimized with the Yoast SEO plugin v28.3 - https:\/\/yoast.com\/product\/yoast-seo-wordpress\/ -->\n<title>Justi\u00e7a mant\u00e9m pris\u00e3o de seguran\u00e7as investigados por morte de ciclista - Fatos e Fotos News<\/title>\n<meta name=\"robots\" content=\"index, follow, max-snippet:-1, max-image-preview:large, max-video-preview:-1\" \/>\n<link rel=\"canonical\" href=\"https:\/\/www.fatosefotosnews.com.br\/?p=157807\" \/>\n<meta property=\"og:locale\" content=\"pt_BR\" \/>\n<meta property=\"og:type\" content=\"article\" \/>\n<meta property=\"og:title\" content=\"Justi\u00e7a mant\u00e9m pris\u00e3o de seguran\u00e7as investigados por morte de ciclista - Fatos e Fotos News\" \/>\n<meta property=\"og:description\" content=\"Foto:\u00a0 Frame Camera de seguran\u00e7a A Justi\u00e7a do Rio manteve a pris\u00e3o tempor\u00e1ria dos seguran\u00e7as Davi Santos Machado e Jorge Luiz Machado Dias, investigados pela morte\u00a0por espancamento de Cl\u00e1udio Rafael Landeiro\u00a0no dia 11 de agosto, em Copacabana. Ele foi confundido com um ladr\u00e3o de bicicleta. Na audi\u00eancia de cust\u00f3dia, neste s\u00e1bado (22), o juiz Rafael [&hellip;]\" \/>\n<meta property=\"og:url\" content=\"https:\/\/www.fatosefotosnews.com.br\/?p=157807\" \/>\n<meta property=\"og:site_name\" content=\"Fatos e Fotos News\" \/>\n<meta property=\"article:published_time\" content=\"2026-08-24T12:15:40+00:00\" \/>\n<meta property=\"og:image\" content=\"https:\/\/www.fatosefotosnews.com.br\/wp-content\/uploads\/2026\/08\/segurancas_de_rua_sao_presos_por_agredir_ciclista_ate_a_morte_no_rio-1.webp\" \/>\n\t<meta property=\"og:image:width\" content=\"1170\" \/>\n\t<meta property=\"og:image:height\" content=\"700\" \/>\n\t<meta property=\"og:image:type\" content=\"image\/webp\" \/>\n<meta name=\"author\" content=\"Mirela Portugal\" \/>\n<meta name=\"twitter:card\" content=\"summary_large_image\" \/>\n<meta name=\"twitter:label1\" content=\"Escrito por\" \/>\n\t<meta name=\"twitter:data1\" content=\"Mirela Portugal\" \/>\n\t<meta name=\"twitter:label2\" content=\"Est. tempo de leitura\" \/>\n\t<meta name=\"twitter:data2\" content=\"3 minutos\" \/>\n<script type=\"application\/ld+json\" class=\"yoast-schema-graph\">{\"@context\":\"https:\\\/\\\/schema.org\",\"@graph\":[{\"@type\":\"Article\",\"@id\":\"https:\\\/\\\/www.fatosefotosnews.com.br\\\/?p=157807#article\",\"isPartOf\":{\"@id\":\"https:\\\/\\\/www.fatosefotosnews.com.br\\\/?p=157807\"},\"author\":{\"name\":\"Mirela Portugal\",\"@id\":\"https:\\\/\\\/www.fatosefotosnews.com.br\\\/#\\\/schema\\\/person\\\/17b18da658f5277ed99382206a85602f\"},\"headline\":\"Justi\u00e7a mant\u00e9m pris\u00e3o de seguran\u00e7as investigados por morte de ciclista\",\"datePublished\":\"2026-08-24T12:15:40+00:00\",\"mainEntityOfPage\":{\"@id\":\"https:\\\/\\\/www.fatosefotosnews.com.br\\\/?p=157807\"},\"wordCount\":341,\"publisher\":{\"@id\":\"https:\\\/\\\/www.fatosefotosnews.com.br\\\/#organization\"},\"image\":{\"@id\":\"https:\\\/\\\/www.fatosefotosnews.com.br\\\/?p=157807#primaryimage\"},\"thumbnailUrl\":\"https:\\\/\\\/www.fatosefotosnews.com.br\\\/wp-content\\\/uploads\\\/2026\\\/08\\\/segurancas_de_rua_sao_presos_por_agredir_ciclista_ate_a_morte_no_rio-1.webp\",\"keywords\":[\"ciclista\",\"investigados\",\"justi\",\"mantem\",\"morte\",\"seguran\"],\"articleSection\":[\"Geral\",\"Justi\u00e7a\"],\"inLanguage\":\"pt-BR\"},{\"@type\":\"WebPage\",\"@id\":\"https:\\\/\\\/www.fatosefotosnews.com.br\\\/?p=157807\",\"url\":\"https:\\\/\\\/www.fatosefotosnews.com.br\\\/?p=157807\",\"name\":\"Justi\u00e7a mant\u00e9m pris\u00e3o de seguran\u00e7as investigados por morte de ciclista - Fatos e Fotos News\",\"isPartOf\":{\"@id\":\"https:\\\/\\\/www.fatosefotosnews.com.br\\\/#website\"},\"primaryImageOfPage\":{\"@id\":\"https:\\\/\\\/www.fatosefotosnews.com.br\\\/?p=157807#primaryimage\"},\"image\":{\"@id\":\"https:\\\/\\\/www.fatosefotosnews.com.br\\\/?p=157807#primaryimage\"},\"thumbnailUrl\":\"https:\\\/\\\/www.fatosefotosnews.com.br\\\/wp-content\\\/uploads\\\/2026\\\/08\\\/segurancas_de_rua_sao_presos_por_agredir_ciclista_ate_a_morte_no_rio-1.webp\",\"datePublished\":\"2026-08-24T12:15:40+00:00\",\"breadcrumb\":{\"@id\":\"https:\\\/\\\/www.fatosefotosnews.com.br\\\/?p=157807#breadcrumb\"},\"inLanguage\":\"pt-BR\",\"potentialAction\":[{\"@type\":\"ReadAction\",\"target\":[\"https:\\\/\\\/www.fatosefotosnews.com.br\\\/?p=157807\"]}]},{\"@type\":\"ImageObject\",\"inLanguage\":\"pt-BR\",\"@id\":\"https:\\\/\\\/www.fatosefotosnews.com.br\\\/?p=157807#primaryimage\",\"url\":\"https:\\\/\\\/www.fatosefotosnews.com.br\\\/wp-content\\\/uploads\\\/2026\\\/08\\\/segurancas_de_rua_sao_presos_por_agredir_ciclista_ate_a_morte_no_rio-1.webp\",\"contentUrl\":\"https:\\\/\\\/www.fatosefotosnews.com.br\\\/wp-content\\\/uploads\\\/2026\\\/08\\\/segurancas_de_rua_sao_presos_por_agredir_ciclista_ate_a_morte_no_rio-1.webp\",\"width\":1170,\"height\":700},{\"@type\":\"BreadcrumbList\",\"@id\":\"https:\\\/\\\/www.fatosefotosnews.com.br\\\/?p=157807#breadcrumb\",\"itemListElement\":[{\"@type\":\"ListItem\",\"position\":1,\"name\":\"In\u00edcio\",\"item\":\"https:\\\/\\\/www.fatosefotosnews.com.br\\\/\"},{\"@type\":\"ListItem\",\"position\":2,\"name\":\"Justi\u00e7a mant\u00e9m pris\u00e3o de seguran\u00e7as investigados por morte de ciclista\"}]},{\"@type\":\"WebSite\",\"@id\":\"https:\\\/\\\/www.fatosefotosnews.com.br\\\/#website\",\"url\":\"https:\\\/\\\/www.fatosefotosnews.com.br\\\/\",\"name\":\"Fatos e Fotos News\",\"description\":\"Um site de noticial verdadeira e confi\u00e1veis.\",\"publisher\":{\"@id\":\"https:\\\/\\\/www.fatosefotosnews.com.br\\\/#organization\"},\"potentialAction\":[{\"@type\":\"SearchAction\",\"target\":{\"@type\":\"EntryPoint\",\"urlTemplate\":\"https:\\\/\\\/www.fatosefotosnews.com.br\\\/?s={search_term_string}\"},\"query-input\":{\"@type\":\"PropertyValueSpecification\",\"valueRequired\":true,\"valueName\":\"search_term_string\"}}],\"inLanguage\":\"pt-BR\"},{\"@type\":\"Organization\",\"@id\":\"https:\\\/\\\/www.fatosefotosnews.com.br\\\/#organization\",\"name\":\"Fatos e Fotos News\",\"url\":\"https:\\\/\\\/www.fatosefotosnews.com.br\\\/\",\"logo\":{\"@type\":\"ImageObject\",\"inLanguage\":\"pt-BR\",\"@id\":\"https:\\\/\\\/www.fatosefotosnews.com.br\\\/#\\\/schema\\\/logo\\\/image\\\/\",\"url\":\"https:\\\/\\\/www.fatosefotosnews.com.br\\\/wp-content\\\/uploads\\\/2023\\\/02\\\/Fatos-e-Fotos-news-logo.png\",\"contentUrl\":\"https:\\\/\\\/www.fatosefotosnews.com.br\\\/wp-content\\\/uploads\\\/2023\\\/02\\\/Fatos-e-Fotos-news-logo.png\",\"width\":300,\"height\":58,\"caption\":\"Fatos e Fotos News\"},\"image\":{\"@id\":\"https:\\\/\\\/www.fatosefotosnews.com.br\\\/#\\\/schema\\\/logo\\\/image\\\/\"}},{\"@type\":\"Person\",\"@id\":\"https:\\\/\\\/www.fatosefotosnews.com.br\\\/#\\\/schema\\\/person\\\/17b18da658f5277ed99382206a85602f\",\"name\":\"Mirela Portugal\",\"image\":{\"@type\":\"ImageObject\",\"inLanguage\":\"pt-BR\",\"@id\":\"https:\\\/\\\/secure.gravatar.com\\\/avatar\\\/2f92fb43fda38d1a46cf4a155e1c2951193d91d9bed3df97fce720eeb9595d08?s=96&d=mm&r=g\",\"url\":\"https:\\\/\\\/secure.gravatar.com\\\/avatar\\\/2f92fb43fda38d1a46cf4a155e1c2951193d91d9bed3df97fce720eeb9595d08?s=96&d=mm&r=g\",\"contentUrl\":\"https:\\\/\\\/secure.gravatar.com\\\/avatar\\\/2f92fb43fda38d1a46cf4a155e1c2951193d91d9bed3df97fce720eeb9595d08?s=96&d=mm&r=g\",\"caption\":\"Mirela Portugal\"},\"sameAs\":[\"http:\\\/\\\/fatosefotosnews.com.br\"],\"url\":\"https:\\\/\\\/www.fatosefotosnews.com.br\\\/?author=12\"}]}<\/script>\n<!-- \/ Yoast SEO plugin. -->","yoast_head_json":{"title":"Justi\u00e7a mant\u00e9m pris\u00e3o de seguran\u00e7as investigados por morte de ciclista - Fatos e Fotos News","robots":{"index":"index","follow":"follow","max-snippet":"max-snippet:-1","max-image-preview":"max-image-preview:large","max-video-preview":"max-video-preview:-1"},"canonical":"https:\/\/www.fatosefotosnews.com.br\/?p=157807","og_locale":"pt_BR","og_type":"article","og_title":"Justi\u00e7a mant\u00e9m pris\u00e3o de seguran\u00e7as investigados por morte de ciclista - Fatos e Fotos News","og_description":"Foto:\u00a0 Frame Camera de seguran\u00e7a A Justi\u00e7a do Rio manteve a pris\u00e3o tempor\u00e1ria dos seguran\u00e7as Davi Santos Machado e Jorge Luiz Machado Dias, investigados pela morte\u00a0por espancamento de Cl\u00e1udio Rafael Landeiro\u00a0no dia 11 de agosto, em Copacabana. Ele foi confundido com um ladr\u00e3o de bicicleta. Na audi\u00eancia de cust\u00f3dia, neste s\u00e1bado (22), o juiz Rafael [&hellip;]","og_url":"https:\/\/www.fatosefotosnews.com.br\/?p=157807","og_site_name":"Fatos e Fotos News","article_published_time":"2026-08-24T12:15:40+00:00","og_image":[{"width":1170,"height":700,"url":"https:\/\/www.fatosefotosnews.com.br\/wp-content\/uploads\/2026\/08\/segurancas_de_rua_sao_presos_por_agredir_ciclista_ate_a_morte_no_rio-1.webp","type":"image\/webp"}],"author":"Mirela Portugal","twitter_card":"summary_large_image","twitter_misc":{"Escrito por":"Mirela Portugal","Est. tempo de leitura":"3 minutos"},"schema":{"@context":"https:\/\/schema.org","@graph":[{"@type":"Article","@id":"https:\/\/www.fatosefotosnews.com.br\/?p=157807#article","isPartOf":{"@id":"https:\/\/www.fatosefotosnews.com.br\/?p=157807"},"author":{"name":"Mirela Portugal","@id":"https:\/\/www.fatosefotosnews.com.br\/#\/schema\/person\/17b18da658f5277ed99382206a85602f"},"headline":"Justi\u00e7a mant\u00e9m pris\u00e3o de seguran\u00e7as investigados por morte de ciclista","datePublished":"2026-08-24T12:15:40+00:00","mainEntityOfPage":{"@id":"https:\/\/www.fatosefotosnews.com.br\/?p=157807"},"wordCount":341,"publisher":{"@id":"https:\/\/www.fatosefotosnews.com.br\/#organization"},"image":{"@id":"https:\/\/www.fatosefotosnews.com.br\/?p=157807#primaryimage"},"thumbnailUrl":"https:\/\/www.fatosefotosnews.com.br\/wp-content\/uploads\/2026\/08\/segurancas_de_rua_sao_presos_por_agredir_ciclista_ate_a_morte_no_rio-1.webp","keywords":["ciclista","investigados","justi","mantem","morte","seguran"],"articleSection":["Geral","Justi\u00e7a"],"inLanguage":"pt-BR"},{"@type":"WebPage","@id":"https:\/\/www.fatosefotosnews.com.br\/?p=157807","url":"https:\/\/www.fatosefotosnews.com.br\/?p=157807","name":"Justi\u00e7a mant\u00e9m pris\u00e3o de seguran\u00e7as investigados por morte de ciclista - Fatos e Fotos News","isPartOf":{"@id":"https:\/\/www.fatosefotosnews.com.br\/#website"},"primaryImageOfPage":{"@id":"https:\/\/www.fatosefotosnews.com.br\/?p=157807#primaryimage"},"image":{"@id":"https:\/\/www.fatosefotosnews.com.br\/?p=157807#primaryimage"},"thumbnailUrl":"https:\/\/www.fatosefotosnews.com.br\/wp-content\/uploads\/2026\/08\/segurancas_de_rua_sao_presos_por_agredir_ciclista_ate_a_morte_no_rio-1.webp","datePublished":"2026-08-24T12:15:40+00:00","breadcrumb":{"@id":"https:\/\/www.fatosefotosnews.com.br\/?p=157807#breadcrumb"},"inLanguage":"pt-BR","potentialAction":[{"@type":"ReadAction","target":["https:\/\/www.fatosefotosnews.com.br\/?p=157807"]}]},{"@type":"ImageObject","inLanguage":"pt-BR","@id":"https:\/\/www.fatosefotosnews.com.br\/?p=157807#primaryimage","url":"https:\/\/www.fatosefotosnews.com.br\/wp-content\/uploads\/2026\/08\/segurancas_de_rua_sao_presos_por_agredir_ciclista_ate_a_morte_no_rio-1.webp","contentUrl":"https:\/\/www.fatosefotosnews.com.br\/wp-content\/uploads\/2026\/08\/segurancas_de_rua_sao_presos_por_agredir_ciclista_ate_a_morte_no_rio-1.webp","width":1170,"height":700},{"@type":"BreadcrumbList","@id":"https:\/\/www.fatosefotosnews.com.br\/?p=157807#breadcrumb","itemListElement":[{"@type":"ListItem","position":1,"name":"In\u00edcio","item":"https:\/\/www.fatosefotosnews.com.br\/"},{"@type":"ListItem","position":2,"name":"Justi\u00e7a mant\u00e9m pris\u00e3o de seguran\u00e7as investigados por morte de ciclista"}]},{"@type":"WebSite","@id":"https:\/\/www.fatosefotosnews.com.br\/#website","url":"https:\/\/www.fatosefotosnews.com.br\/","name":"Fatos e Fotos News","description":"Um site de noticial verdadeira e confi\u00e1veis.","publisher":{"@id":"https:\/\/www.fatosefotosnews.com.br\/#organization"},"potentialAction":[{"@type":"SearchAction","target":{"@type":"EntryPoint","urlTemplate":"https:\/\/www.fatosefotosnews.com.br\/?s={search_term_string}"},"query-input":{"@type":"PropertyValueSpecification","valueRequired":true,"valueName":"search_term_string"}}],"inLanguage":"pt-BR"},{"@type":"Organization","@id":"https:\/\/www.fatosefotosnews.com.br\/#organization","name":"Fatos e Fotos News","url":"https:\/\/www.fatosefotosnews.com.br\/","logo":{"@type":"ImageObject","inLanguage":"pt-BR","@id":"https:\/\/www.fatosefotosnews.com.br\/#\/schema\/logo\/image\/","url":"https:\/\/www.fatosefotosnews.com.br\/wp-content\/uploads\/2023\/02\/Fatos-e-Fotos-news-logo.png","contentUrl":"https:\/\/www.fatosefotosnews.com.br\/wp-content\/uploads\/2023\/02\/Fatos-e-Fotos-news-logo.png","width":300,"height":58,"caption":"Fatos e Fotos News"},"image":{"@id":"https:\/\/www.fatosefotosnews.com.br\/#\/schema\/logo\/image\/"}},{"@type":"Person","@id":"https:\/\/www.fatosefotosnews.com.br\/#\/schema\/person\/17b18da658f5277ed99382206a85602f","name":"Mirela Portugal","image":{"@type":"ImageObject","inLanguage":"pt-BR","@id":"https:\/\/secure.gravatar.com\/avatar\/2f92fb43fda38d1a46cf4a155e1c2951193d91d9bed3df97fce720eeb9595d08?s=96&d=mm&r=g","url":"https:\/\/secure.gravatar.com\/avatar\/2f92fb43fda38d1a46cf4a155e1c2951193d91d9bed3df97fce720eeb9595d08?s=96&d=mm&r=g","contentUrl":"https:\/\/secure.gravatar.com\/avatar\/2f92fb43fda38d1a46cf4a155e1c2951193d91d9bed3df97fce720eeb9595d08?s=96&d=mm&r=g","caption":"Mirela Portugal"},"sameAs":["http:\/\/fatosefotosnews.com.br"],"url":"https:\/\/www.fatosefotosnews.com.br\/?author=12"}]}},"jetpack_publicize_connections":[],"blog_post_layout_featured_media_urls":{"thumbnail":["https:\/\/www.fatosefotosnews.com.br\/wp-content\/uploads\/2026\/08\/segurancas_de_rua_sao_presos_por_agredir_ciclista_ate_a_morte_no_rio-1-150x150.webp",150,150,true],"full":["https:\/\/www.fatosefotosnews.com.br\/wp-content\/uploads\/2026\/08\/segurancas_de_rua_sao_presos_por_agredir_ciclista_ate_a_morte_no_rio-1.webp",1170,700,false]},"categories_names":{"167":{"name":"Geral","link":"https:\/\/www.fatosefotosnews.com.br\/?cat=167"},"24885":{"name":"Justi\u00e7a","link":"https:\/\/www.fatosefotosnews.com.br\/?cat=24885"}},"tags_names":{"18009":{"name":"ciclista","link":"https:\/\/www.fatosefotosnews.com.br\/?tag=ciclista"},"7450":{"name":"investigados","link":"https:\/\/www.fatosefotosnews.com.br\/?tag=investigados"},"1513":{"name":"justi","link":"https:\/\/www.fatosefotosnews.com.br\/?tag=justi"},"694":{"name":"mantem","link":"https:\/\/www.fatosefotosnews.com.br\/?tag=mantem"},"835":{"name":"morte","link":"https:\/\/www.fatosefotosnews.com.br\/?tag=morte"},"912":{"name":"seguran","link":"https:\/\/www.fatosefotosnews.com.br\/?tag=seguran"}},"comments_number":"0","wpmagazine_modules_lite_featured_media_urls":{"thumbnail":["https:\/\/www.fatosefotosnews.com.br\/wp-content\/uploads\/2026\/08\/segurancas_de_rua_sao_presos_por_agredir_ciclista_ate_a_morte_no_rio-1-150x150.webp",150,150,true],"cvmm-medium":["https:\/\/www.fatosefotosnews.com.br\/wp-content\/uploads\/2026\/08\/segurancas_de_rua_sao_presos_por_agredir_ciclista_ate_a_morte_no_rio-1-300x300.webp",300,300,true],"cvmm-medium-plus":["https:\/\/www.fatosefotosnews.com.br\/wp-content\/uploads\/2026\/08\/segurancas_de_rua_sao_presos_por_agredir_ciclista_ate_a_morte_no_rio-1-305x207.webp",305,207,true],"cvmm-portrait":["https:\/\/www.fatosefotosnews.com.br\/wp-content\/uploads\/2026\/08\/segurancas_de_rua_sao_presos_por_agredir_ciclista_ate_a_morte_no_rio-1-400x600.webp",400,600,true],"cvmm-medium-square":["https:\/\/www.fatosefotosnews.com.br\/wp-content\/uploads\/2026\/08\/segurancas_de_rua_sao_presos_por_agredir_ciclista_ate_a_morte_no_rio-1-600x600.webp",600,600,true],"cvmm-large":["https:\/\/www.fatosefotosnews.com.br\/wp-content\/uploads\/2026\/08\/segurancas_de_rua_sao_presos_por_agredir_ciclista_ate_a_morte_no_rio-1-1024x700.webp",1024,700,true],"cvmm-small":["https:\/\/www.fatosefotosnews.com.br\/wp-content\/uploads\/2026\/08\/segurancas_de_rua_sao_presos_por_agredir_ciclista_ate_a_morte_no_rio-1-130x95.webp",130,95,true],"full":["https:\/\/www.fatosefotosnews.com.br\/wp-content\/uploads\/2026\/08\/segurancas_de_rua_sao_presos_por_agredir_ciclista_ate_a_morte_no_rio-1.webp",1170,700,false]},"_links":{"self":[{"href":"https:\/\/www.fatosefotosnews.com.br\/index.php?rest_route=\/wp\/v2\/posts\/157807","targetHints":{"allow":["GET"]}}],"collection":[{"href":"https:\/\/www.fatosefotosnews.com.br\/index.php?rest_route=\/wp\/v2\/posts"}],"about":[{"href":"https:\/\/www.fatosefotosnews.com.br\/index.php?rest_route=\/wp\/v2\/types\/post"}],"author":[{"embeddable":true,"href":"https:\/\/www.fatosefotosnews.com.br\/index.php?rest_route=\/wp\/v2\/users\/12"}],"replies":[{"embeddable":true,"href":"https:\/\/www.fatosefotosnews.com.br\/index.php?rest_route=%2Fwp%2Fv2%2Fcomments&post=157807"}],"version-history":[{"count":1,"href":"https:\/\/www.fatosefotosnews.com.br\/index.php?rest_route=\/wp\/v2\/posts\/157807\/revisions"}],"predecessor-version":[{"id":157808,"href":"https:\/\/www.fatosefotosnews.com.br\/index.php?rest_route=\/wp\/v2\/posts\/157807\/revisions\/157808"}],"wp:featuredmedia":[{"embeddable":true,"href":"https:\/\/www.fatosefotosnews.com.br\/index.php?rest_route=\/wp\/v2\/media\/157771"}],"wp:attachment":[{"href":"https:\/\/www.fatosefotosnews.com.br\/index.php?rest_route=%2Fwp%2Fv2%2Fmedia&parent=157807"}],"wp:term":[{"taxonomy":"category","embeddable":true,"href":"https:\/\/www.fatosefotosnews.com.br\/index.php?rest_route=%2Fwp%2Fv2%2Fcategories&post=157807"},{"taxonomy":"post_tag","embeddable":true,"href":"https:\/\/www.fatosefotosnews.com.br\/index.php?rest_route=%2Fwp%2Fv2%2Ftags&post=157807"}],"curies":[{"name":"wp","href":"https:\/\/api.w.org\/{rel}","templated":true}]}}