{"id":157824,"date":"2026-08-25T06:15:46","date_gmt":"2026-08-25T09:15:46","guid":{"rendered":"https:\/\/www.fatosefotosnews.com.br\/?p=157824"},"modified":"2026-08-24T21:16:33","modified_gmt":"2026-08-25T00:16:33","slug":"sbpc-convida-candidatos-a-governador-a-se-comprometerem-com-a-ciencia","status":"publish","type":"post","link":"https:\/\/www.fatosefotosnews.com.br\/?p=157824","title":{"rendered":"SBPC convida candidatos a governador a se comprometerem com a ci\u00eancia"},"content":{"rendered":"<p>Foto: Valter Campanato\/Ag\u00eancia Brasil<\/p>\n<div id=\"block-tts-block-tts\" class=\"block block-tts\">\n<div class=\"content\">\n<div id=\"tts-container\" class=\"container-audio rel-position\">\n<div class=\"title abs-position\"><\/div>\n<\/div>\n<\/div>\n<\/div>\n<div class=\"conteudo-noticia\">\n<p>A Sociedade Brasileira para o Progresso da Ci\u00eancia (SBPC) convida candidatos a governador a assumir compromissos com a Ci\u00eancia, Tecnologia e Inova\u00e7\u00e3o (CT&amp;I) nas elei\u00e7\u00f5es de 2026. A iniciativa faz parte do Observat\u00f3rio das Elei\u00e7\u00f5es 2026, que re\u00fane propostas da comunidade cient\u00edfica para orientar o debate sobre o desenvolvimento dos estados.<img decoding=\"async\" src=\"https:\/\/agenciabrasil.ebc.com.br\/ebc.png?id=1700514&amp;o=node\" \/><img decoding=\"async\" src=\"https:\/\/agenciabrasil.ebc.com.br\/ebc.gif?id=1700514&amp;o=node\" \/><\/p>\n<p>\u201cQual ser\u00e1 o lugar da ci\u00eancia no seu projeto de governo?\u201d, questiona a presidente da SBPC, Francilene Garcia. Segundo ela, os estados j\u00e1 contam com universidades, institutos de pesquisa, pesquisadores, infraestrutura cient\u00edfica e jovens talentos capazes de produzir conhecimento, inova\u00e7\u00e3o e solu\u00e7\u00f5es.<\/p>\n<p>\u201cO desafio do pr\u00f3ximo governo ser\u00e1 saber mobilizar essa capacidade para gerar desenvolvimento, oportunidades e qualidade de vida\u201d, afirma.<\/p>\n<p>O Observat\u00f3rio das Elei\u00e7\u00f5es 2026 apresenta o caderno\u00a0<em>Vozes da Ci\u00eancia \u2013 O Brasil que Queremos<\/em>, que re\u00fane 117 propostas da comunidade cient\u00edfica, distribu\u00eddas em sete eixos tem\u00e1ticos:<\/p>\n<ul>\n<li>Ci\u00eancia, Tecnologia e Inova\u00e7\u00e3o como Projeto de Na\u00e7\u00e3o;<\/li>\n<li>Soberania Nacional; Sustentabilidade, Clima, Biodiversidade e Seguran\u00e7a Alimentar;<\/li>\n<li>Democracia e Seguran\u00e7a P\u00fablica; Equidade, Diversidade e Justi\u00e7a Social;<\/li>\n<li>Educa\u00e7\u00e3o, Forma\u00e7\u00e3o e Universidade;<\/li>\n<li>Sa\u00fade P\u00fablica, Sa\u00fade Mental e Vigil\u00e2ncia.<\/li>\n<\/ul>\n<h2>Compromissos<\/h2>\n<p>O Observat\u00f3rio funciona como uma via de m\u00e3o dupla. Candidatos a deputado estadual, deputado federal, senador, governador e presidente s\u00e3o convidados a assinar um Termo de Compromisso em Defesa da Ci\u00eancia, da Democracia e da Soberania Nacional.<\/p>\n<p>A sociedade pode acompanhar as ades\u00f5es, divulgadas por cargo e estado, conhecer as propostas elaboradas pela comunidade cient\u00edfica e lev\u00e1-las ao debate eleitoral.<\/p>\n<p>\u201cA quest\u00e3o n\u00e3o \u00e9 apenas o quanto o candidato pretende investir em ci\u00eancia, mas como pretende transformar conhecimento em capacidade de enfrentar os desafios do estado\u201d, diz Garcia.<\/p>\n<p>Entre os compromissos assumidos est\u00e3o tratar a ci\u00eancia como pol\u00edtica de Estado, com financiamento p\u00fablico previs\u00edvel e de longo prazo; fundamentar decis\u00f5es em evid\u00eancias e ouvir a comunidade cient\u00edfica em temas t\u00e9cnicos; defender a autonomia das universidades e institutos p\u00fablicos e a liberdade de pesquisa; proteger a democracia, suas institui\u00e7\u00f5es e a Constitui\u00e7\u00e3o de 1988; e assumir posi\u00e7\u00e3o p\u00fablica sobre as propostas do caderno\u00a0<em>Vozes da Ci\u00eancia \u2013 O Brasil que Queremos<\/em>\u00a0relacionadas ao mandato pretendido.<\/p>\n<p>Atualmente, mais de 60 candidatos de diferentes esferas pol\u00edticas j\u00e1 aderiram \u00e0 iniciativa. A participa\u00e7\u00e3o ocorre por meio da assinatura do Termo de Compromisso.<\/p>\n<\/div>\n","protected":false},"excerpt":{"rendered":"<p>Foto: Valter Campanato\/Ag\u00eancia Brasil A Sociedade Brasileira para o Progresso da Ci\u00eancia (SBPC) convida candidatos a governador a assumir compromissos com a Ci\u00eancia, Tecnologia e Inova\u00e7\u00e3o (CT&amp;I) nas elei\u00e7\u00f5es de 2026. A iniciativa faz parte do Observat\u00f3rio das Elei\u00e7\u00f5es 2026, que re\u00fane propostas da comunidade cient\u00edfica para orientar o debate sobre o desenvolvimento dos estados. [&hellip;]<\/p>\n","protected":false},"author":12,"featured_media":157822,"comment_status":"closed","ping_status":"open","sticky":false,"template":"","format":"standard","meta":{"_acf_changed":false,"_angie_page":false,"_monsterinsights_skip_tracking":false,"_themeisle_gutenberg_block_has_review":false,"page_builder":"","footnotes":"","jetpack_publicize_message":"","jetpack_publicize_feature_enabled":true,"jetpack_social_post_already_shared":true,"jetpack_social_options":{"image_generator_settings":{"template":"highway","default_image_id":0,"font":"","enabled":false},"version":2}},"categories":[2],"tags":[4930,4319,29257,4303,1342],"class_list":["post-157824","post","type-post","status-publish","format-standard","has-post-thumbnail","hentry","category-politica","tag-candidatos","tag-ciencia","tag-comprometerem","tag-convida","tag-governador"],"acf":[],"nelio_content":{"autoShareEndMode":"never","automationSources":{"useCustomSentences":false,"customSentences":[]},"efiAlt":"","efiUrl":"","followers":[12],"highlights":[],"isAutoShareEnabled":true,"networkImageIds":[],"permalinkQueryArgs":[],"series":[],"suggestedReferences":[]},"yoast_head":"<!-- This site is optimized with the Yoast SEO plugin v28.3 - https:\/\/yoast.com\/product\/yoast-seo-wordpress\/ -->\n<title>SBPC convida candidatos a governador a se comprometerem com a ci\u00eancia - Fatos e Fotos News<\/title>\n<meta name=\"robots\" content=\"index, follow, max-snippet:-1, max-image-preview:large, max-video-preview:-1\" \/>\n<link rel=\"canonical\" href=\"https:\/\/www.fatosefotosnews.com.br\/?p=157824\" \/>\n<meta property=\"og:locale\" content=\"pt_BR\" \/>\n<meta property=\"og:type\" content=\"article\" \/>\n<meta property=\"og:title\" content=\"SBPC convida candidatos a governador a se comprometerem com a ci\u00eancia - Fatos e Fotos News\" \/>\n<meta property=\"og:description\" content=\"Foto: Valter Campanato\/Ag\u00eancia Brasil A Sociedade Brasileira para o Progresso da Ci\u00eancia (SBPC) convida candidatos a governador a assumir compromissos com a Ci\u00eancia, Tecnologia e Inova\u00e7\u00e3o (CT&amp;I) nas elei\u00e7\u00f5es de 2026. A iniciativa faz parte do Observat\u00f3rio das Elei\u00e7\u00f5es 2026, que re\u00fane propostas da comunidade cient\u00edfica para orientar o debate sobre o desenvolvimento dos estados. [&hellip;]\" \/>\n<meta property=\"og:url\" content=\"https:\/\/www.fatosefotosnews.com.br\/?p=157824\" \/>\n<meta property=\"og:site_name\" content=\"Fatos e Fotos News\" \/>\n<meta property=\"article:published_time\" content=\"2026-08-25T09:15:46+00:00\" \/>\n<meta property=\"og:image\" content=\"https:\/\/www.fatosefotosnews.com.br\/wp-content\/uploads\/2026\/08\/0d7a4285_0.webp\" \/>\n\t<meta property=\"og:image:width\" content=\"1170\" \/>\n\t<meta property=\"og:image:height\" content=\"700\" \/>\n\t<meta property=\"og:image:type\" content=\"image\/webp\" \/>\n<meta name=\"author\" content=\"Mirela Portugal\" \/>\n<meta name=\"twitter:card\" content=\"summary_large_image\" \/>\n<meta name=\"twitter:label1\" content=\"Escrito por\" \/>\n\t<meta name=\"twitter:data1\" content=\"Mirela Portugal\" \/>\n\t<meta name=\"twitter:label2\" content=\"Est. tempo de leitura\" \/>\n\t<meta name=\"twitter:data2\" content=\"3 minutos\" \/>\n<script type=\"application\/ld+json\" class=\"yoast-schema-graph\">{\"@context\":\"https:\\\/\\\/schema.org\",\"@graph\":[{\"@type\":\"Article\",\"@id\":\"https:\\\/\\\/www.fatosefotosnews.com.br\\\/?p=157824#article\",\"isPartOf\":{\"@id\":\"https:\\\/\\\/www.fatosefotosnews.com.br\\\/?p=157824\"},\"author\":{\"name\":\"Mirela Portugal\",\"@id\":\"https:\\\/\\\/www.fatosefotosnews.com.br\\\/#\\\/schema\\\/person\\\/17b18da658f5277ed99382206a85602f\"},\"headline\":\"SBPC convida candidatos a governador a se comprometerem com a ci\u00eancia\",\"datePublished\":\"2026-08-25T09:15:46+00:00\",\"mainEntityOfPage\":{\"@id\":\"https:\\\/\\\/www.fatosefotosnews.com.br\\\/?p=157824\"},\"wordCount\":434,\"publisher\":{\"@id\":\"https:\\\/\\\/www.fatosefotosnews.com.br\\\/#organization\"},\"image\":{\"@id\":\"https:\\\/\\\/www.fatosefotosnews.com.br\\\/?p=157824#primaryimage\"},\"thumbnailUrl\":\"https:\\\/\\\/www.fatosefotosnews.com.br\\\/wp-content\\\/uploads\\\/2026\\\/08\\\/0d7a4285_0.webp\",\"keywords\":[\"candidatos\",\"ciencia\",\"comprometerem\",\"convida\",\"governador\"],\"articleSection\":[\"Pol\u00edtica\"],\"inLanguage\":\"pt-BR\"},{\"@type\":\"WebPage\",\"@id\":\"https:\\\/\\\/www.fatosefotosnews.com.br\\\/?p=157824\",\"url\":\"https:\\\/\\\/www.fatosefotosnews.com.br\\\/?p=157824\",\"name\":\"SBPC convida candidatos a governador a se comprometerem com a ci\u00eancia - Fatos e Fotos News\",\"isPartOf\":{\"@id\":\"https:\\\/\\\/www.fatosefotosnews.com.br\\\/#website\"},\"primaryImageOfPage\":{\"@id\":\"https:\\\/\\\/www.fatosefotosnews.com.br\\\/?p=157824#primaryimage\"},\"image\":{\"@id\":\"https:\\\/\\\/www.fatosefotosnews.com.br\\\/?p=157824#primaryimage\"},\"thumbnailUrl\":\"https:\\\/\\\/www.fatosefotosnews.com.br\\\/wp-content\\\/uploads\\\/2026\\\/08\\\/0d7a4285_0.webp\",\"datePublished\":\"2026-08-25T09:15:46+00:00\",\"breadcrumb\":{\"@id\":\"https:\\\/\\\/www.fatosefotosnews.com.br\\\/?p=157824#breadcrumb\"},\"inLanguage\":\"pt-BR\",\"potentialAction\":[{\"@type\":\"ReadAction\",\"target\":[\"https:\\\/\\\/www.fatosefotosnews.com.br\\\/?p=157824\"]}]},{\"@type\":\"ImageObject\",\"inLanguage\":\"pt-BR\",\"@id\":\"https:\\\/\\\/www.fatosefotosnews.com.br\\\/?p=157824#primaryimage\",\"url\":\"https:\\\/\\\/www.fatosefotosnews.com.br\\\/wp-content\\\/uploads\\\/2026\\\/08\\\/0d7a4285_0.webp\",\"contentUrl\":\"https:\\\/\\\/www.fatosefotosnews.com.br\\\/wp-content\\\/uploads\\\/2026\\\/08\\\/0d7a4285_0.webp\",\"width\":1170,\"height\":700},{\"@type\":\"BreadcrumbList\",\"@id\":\"https:\\\/\\\/www.fatosefotosnews.com.br\\\/?p=157824#breadcrumb\",\"itemListElement\":[{\"@type\":\"ListItem\",\"position\":1,\"name\":\"In\u00edcio\",\"item\":\"https:\\\/\\\/www.fatosefotosnews.com.br\\\/\"},{\"@type\":\"ListItem\",\"position\":2,\"name\":\"SBPC convida candidatos a governador a se comprometerem com a ci\u00eancia\"}]},{\"@type\":\"WebSite\",\"@id\":\"https:\\\/\\\/www.fatosefotosnews.com.br\\\/#website\",\"url\":\"https:\\\/\\\/www.fatosefotosnews.com.br\\\/\",\"name\":\"Fatos e Fotos News\",\"description\":\"Um site de noticial verdadeira e confi\u00e1veis.\",\"publisher\":{\"@id\":\"https:\\\/\\\/www.fatosefotosnews.com.br\\\/#organization\"},\"potentialAction\":[{\"@type\":\"SearchAction\",\"target\":{\"@type\":\"EntryPoint\",\"urlTemplate\":\"https:\\\/\\\/www.fatosefotosnews.com.br\\\/?s={search_term_string}\"},\"query-input\":{\"@type\":\"PropertyValueSpecification\",\"valueRequired\":true,\"valueName\":\"search_term_string\"}}],\"inLanguage\":\"pt-BR\"},{\"@type\":\"Organization\",\"@id\":\"https:\\\/\\\/www.fatosefotosnews.com.br\\\/#organization\",\"name\":\"Fatos e Fotos News\",\"url\":\"https:\\\/\\\/www.fatosefotosnews.com.br\\\/\",\"logo\":{\"@type\":\"ImageObject\",\"inLanguage\":\"pt-BR\",\"@id\":\"https:\\\/\\\/www.fatosefotosnews.com.br\\\/#\\\/schema\\\/logo\\\/image\\\/\",\"url\":\"https:\\\/\\\/www.fatosefotosnews.com.br\\\/wp-content\\\/uploads\\\/2023\\\/02\\\/Fatos-e-Fotos-news-logo.png\",\"contentUrl\":\"https:\\\/\\\/www.fatosefotosnews.com.br\\\/wp-content\\\/uploads\\\/2023\\\/02\\\/Fatos-e-Fotos-news-logo.png\",\"width\":300,\"height\":58,\"caption\":\"Fatos e Fotos News\"},\"image\":{\"@id\":\"https:\\\/\\\/www.fatosefotosnews.com.br\\\/#\\\/schema\\\/logo\\\/image\\\/\"}},{\"@type\":\"Person\",\"@id\":\"https:\\\/\\\/www.fatosefotosnews.com.br\\\/#\\\/schema\\\/person\\\/17b18da658f5277ed99382206a85602f\",\"name\":\"Mirela Portugal\",\"image\":{\"@type\":\"ImageObject\",\"inLanguage\":\"pt-BR\",\"@id\":\"https:\\\/\\\/secure.gravatar.com\\\/avatar\\\/2f92fb43fda38d1a46cf4a155e1c2951193d91d9bed3df97fce720eeb9595d08?s=96&d=mm&r=g\",\"url\":\"https:\\\/\\\/secure.gravatar.com\\\/avatar\\\/2f92fb43fda38d1a46cf4a155e1c2951193d91d9bed3df97fce720eeb9595d08?s=96&d=mm&r=g\",\"contentUrl\":\"https:\\\/\\\/secure.gravatar.com\\\/avatar\\\/2f92fb43fda38d1a46cf4a155e1c2951193d91d9bed3df97fce720eeb9595d08?s=96&d=mm&r=g\",\"caption\":\"Mirela Portugal\"},\"sameAs\":[\"http:\\\/\\\/fatosefotosnews.com.br\"],\"url\":\"https:\\\/\\\/www.fatosefotosnews.com.br\\\/?author=12\"}]}<\/script>\n<!-- \/ Yoast SEO plugin. -->","yoast_head_json":{"title":"SBPC convida candidatos a governador a se comprometerem com a ci\u00eancia - Fatos e Fotos News","robots":{"index":"index","follow":"follow","max-snippet":"max-snippet:-1","max-image-preview":"max-image-preview:large","max-video-preview":"max-video-preview:-1"},"canonical":"https:\/\/www.fatosefotosnews.com.br\/?p=157824","og_locale":"pt_BR","og_type":"article","og_title":"SBPC convida candidatos a governador a se comprometerem com a ci\u00eancia - Fatos e Fotos News","og_description":"Foto: Valter Campanato\/Ag\u00eancia Brasil A Sociedade Brasileira para o Progresso da Ci\u00eancia (SBPC) convida candidatos a governador a assumir compromissos com a Ci\u00eancia, Tecnologia e Inova\u00e7\u00e3o (CT&amp;I) nas elei\u00e7\u00f5es de 2026. A iniciativa faz parte do Observat\u00f3rio das Elei\u00e7\u00f5es 2026, que re\u00fane propostas da comunidade cient\u00edfica para orientar o debate sobre o desenvolvimento dos estados. [&hellip;]","og_url":"https:\/\/www.fatosefotosnews.com.br\/?p=157824","og_site_name":"Fatos e Fotos News","article_published_time":"2026-08-25T09:15:46+00:00","og_image":[{"width":1170,"height":700,"url":"https:\/\/www.fatosefotosnews.com.br\/wp-content\/uploads\/2026\/08\/0d7a4285_0.webp","type":"image\/webp"}],"author":"Mirela Portugal","twitter_card":"summary_large_image","twitter_misc":{"Escrito por":"Mirela Portugal","Est. tempo de leitura":"3 minutos"},"schema":{"@context":"https:\/\/schema.org","@graph":[{"@type":"Article","@id":"https:\/\/www.fatosefotosnews.com.br\/?p=157824#article","isPartOf":{"@id":"https:\/\/www.fatosefotosnews.com.br\/?p=157824"},"author":{"name":"Mirela Portugal","@id":"https:\/\/www.fatosefotosnews.com.br\/#\/schema\/person\/17b18da658f5277ed99382206a85602f"},"headline":"SBPC convida candidatos a governador a se comprometerem com a ci\u00eancia","datePublished":"2026-08-25T09:15:46+00:00","mainEntityOfPage":{"@id":"https:\/\/www.fatosefotosnews.com.br\/?p=157824"},"wordCount":434,"publisher":{"@id":"https:\/\/www.fatosefotosnews.com.br\/#organization"},"image":{"@id":"https:\/\/www.fatosefotosnews.com.br\/?p=157824#primaryimage"},"thumbnailUrl":"https:\/\/www.fatosefotosnews.com.br\/wp-content\/uploads\/2026\/08\/0d7a4285_0.webp","keywords":["candidatos","ciencia","comprometerem","convida","governador"],"articleSection":["Pol\u00edtica"],"inLanguage":"pt-BR"},{"@type":"WebPage","@id":"https:\/\/www.fatosefotosnews.com.br\/?p=157824","url":"https:\/\/www.fatosefotosnews.com.br\/?p=157824","name":"SBPC convida candidatos a governador a se comprometerem com a ci\u00eancia - Fatos e Fotos News","isPartOf":{"@id":"https:\/\/www.fatosefotosnews.com.br\/#website"},"primaryImageOfPage":{"@id":"https:\/\/www.fatosefotosnews.com.br\/?p=157824#primaryimage"},"image":{"@id":"https:\/\/www.fatosefotosnews.com.br\/?p=157824#primaryimage"},"thumbnailUrl":"https:\/\/www.fatosefotosnews.com.br\/wp-content\/uploads\/2026\/08\/0d7a4285_0.webp","datePublished":"2026-08-25T09:15:46+00:00","breadcrumb":{"@id":"https:\/\/www.fatosefotosnews.com.br\/?p=157824#breadcrumb"},"inLanguage":"pt-BR","potentialAction":[{"@type":"ReadAction","target":["https:\/\/www.fatosefotosnews.com.br\/?p=157824"]}]},{"@type":"ImageObject","inLanguage":"pt-BR","@id":"https:\/\/www.fatosefotosnews.com.br\/?p=157824#primaryimage","url":"https:\/\/www.fatosefotosnews.com.br\/wp-content\/uploads\/2026\/08\/0d7a4285_0.webp","contentUrl":"https:\/\/www.fatosefotosnews.com.br\/wp-content\/uploads\/2026\/08\/0d7a4285_0.webp","width":1170,"height":700},{"@type":"BreadcrumbList","@id":"https:\/\/www.fatosefotosnews.com.br\/?p=157824#breadcrumb","itemListElement":[{"@type":"ListItem","position":1,"name":"In\u00edcio","item":"https:\/\/www.fatosefotosnews.com.br\/"},{"@type":"ListItem","position":2,"name":"SBPC convida candidatos a governador a se comprometerem com a ci\u00eancia"}]},{"@type":"WebSite","@id":"https:\/\/www.fatosefotosnews.com.br\/#website","url":"https:\/\/www.fatosefotosnews.com.br\/","name":"Fatos e Fotos News","description":"Um site de noticial verdadeira e confi\u00e1veis.","publisher":{"@id":"https:\/\/www.fatosefotosnews.com.br\/#organization"},"potentialAction":[{"@type":"SearchAction","target":{"@type":"EntryPoint","urlTemplate":"https:\/\/www.fatosefotosnews.com.br\/?s={search_term_string}"},"query-input":{"@type":"PropertyValueSpecification","valueRequired":true,"valueName":"search_term_string"}}],"inLanguage":"pt-BR"},{"@type":"Organization","@id":"https:\/\/www.fatosefotosnews.com.br\/#organization","name":"Fatos e Fotos News","url":"https:\/\/www.fatosefotosnews.com.br\/","logo":{"@type":"ImageObject","inLanguage":"pt-BR","@id":"https:\/\/www.fatosefotosnews.com.br\/#\/schema\/logo\/image\/","url":"https:\/\/www.fatosefotosnews.com.br\/wp-content\/uploads\/2023\/02\/Fatos-e-Fotos-news-logo.png","contentUrl":"https:\/\/www.fatosefotosnews.com.br\/wp-content\/uploads\/2023\/02\/Fatos-e-Fotos-news-logo.png","width":300,"height":58,"caption":"Fatos e Fotos News"},"image":{"@id":"https:\/\/www.fatosefotosnews.com.br\/#\/schema\/logo\/image\/"}},{"@type":"Person","@id":"https:\/\/www.fatosefotosnews.com.br\/#\/schema\/person\/17b18da658f5277ed99382206a85602f","name":"Mirela Portugal","image":{"@type":"ImageObject","inLanguage":"pt-BR","@id":"https:\/\/secure.gravatar.com\/avatar\/2f92fb43fda38d1a46cf4a155e1c2951193d91d9bed3df97fce720eeb9595d08?s=96&d=mm&r=g","url":"https:\/\/secure.gravatar.com\/avatar\/2f92fb43fda38d1a46cf4a155e1c2951193d91d9bed3df97fce720eeb9595d08?s=96&d=mm&r=g","contentUrl":"https:\/\/secure.gravatar.com\/avatar\/2f92fb43fda38d1a46cf4a155e1c2951193d91d9bed3df97fce720eeb9595d08?s=96&d=mm&r=g","caption":"Mirela Portugal"},"sameAs":["http:\/\/fatosefotosnews.com.br"],"url":"https:\/\/www.fatosefotosnews.com.br\/?author=12"}]}},"jetpack_publicize_connections":[],"blog_post_layout_featured_media_urls":{"thumbnail":["https:\/\/www.fatosefotosnews.com.br\/wp-content\/uploads\/2026\/08\/0d7a4285_0-150x150.webp",150,150,true],"full":["https:\/\/www.fatosefotosnews.com.br\/wp-content\/uploads\/2026\/08\/0d7a4285_0.webp",1170,700,false]},"categories_names":{"2":{"name":"Pol\u00edtica","link":"https:\/\/www.fatosefotosnews.com.br\/?cat=2"}},"tags_names":{"4930":{"name":"candidatos","link":"https:\/\/www.fatosefotosnews.com.br\/?tag=candidatos"},"4319":{"name":"ciencia","link":"https:\/\/www.fatosefotosnews.com.br\/?tag=ciencia"},"29257":{"name":"comprometerem","link":"https:\/\/www.fatosefotosnews.com.br\/?tag=comprometerem"},"4303":{"name":"convida","link":"https:\/\/www.fatosefotosnews.com.br\/?tag=convida"},"1342":{"name":"governador","link":"https:\/\/www.fatosefotosnews.com.br\/?tag=governador"}},"comments_number":"0","wpmagazine_modules_lite_featured_media_urls":{"thumbnail":["https:\/\/www.fatosefotosnews.com.br\/wp-content\/uploads\/2026\/08\/0d7a4285_0-150x150.webp",150,150,true],"cvmm-medium":["https:\/\/www.fatosefotosnews.com.br\/wp-content\/uploads\/2026\/08\/0d7a4285_0-300x300.webp",300,300,true],"cvmm-medium-plus":["https:\/\/www.fatosefotosnews.com.br\/wp-content\/uploads\/2026\/08\/0d7a4285_0-305x207.webp",305,207,true],"cvmm-portrait":["https:\/\/www.fatosefotosnews.com.br\/wp-content\/uploads\/2026\/08\/0d7a4285_0-400x600.webp",400,600,true],"cvmm-medium-square":["https:\/\/www.fatosefotosnews.com.br\/wp-content\/uploads\/2026\/08\/0d7a4285_0-600x600.webp",600,600,true],"cvmm-large":["https:\/\/www.fatosefotosnews.com.br\/wp-content\/uploads\/2026\/08\/0d7a4285_0-1024x700.webp",1024,700,true],"cvmm-small":["https:\/\/www.fatosefotosnews.com.br\/wp-content\/uploads\/2026\/08\/0d7a4285_0-130x95.webp",130,95,true],"full":["https:\/\/www.fatosefotosnews.com.br\/wp-content\/uploads\/2026\/08\/0d7a4285_0.webp",1170,700,false]},"_links":{"self":[{"href":"https:\/\/www.fatosefotosnews.com.br\/index.php?rest_route=\/wp\/v2\/posts\/157824","targetHints":{"allow":["GET"]}}],"collection":[{"href":"https:\/\/www.fatosefotosnews.com.br\/index.php?rest_route=\/wp\/v2\/posts"}],"about":[{"href":"https:\/\/www.fatosefotosnews.com.br\/index.php?rest_route=\/wp\/v2\/types\/post"}],"author":[{"embeddable":true,"href":"https:\/\/www.fatosefotosnews.com.br\/index.php?rest_route=\/wp\/v2\/users\/12"}],"replies":[{"embeddable":true,"href":"https:\/\/www.fatosefotosnews.com.br\/index.php?rest_route=%2Fwp%2Fv2%2Fcomments&post=157824"}],"version-history":[{"count":1,"href":"https:\/\/www.fatosefotosnews.com.br\/index.php?rest_route=\/wp\/v2\/posts\/157824\/revisions"}],"predecessor-version":[{"id":157825,"href":"https:\/\/www.fatosefotosnews.com.br\/index.php?rest_route=\/wp\/v2\/posts\/157824\/revisions\/157825"}],"wp:featuredmedia":[{"embeddable":true,"href":"https:\/\/www.fatosefotosnews.com.br\/index.php?rest_route=\/wp\/v2\/media\/157822"}],"wp:attachment":[{"href":"https:\/\/www.fatosefotosnews.com.br\/index.php?rest_route=%2Fwp%2Fv2%2Fmedia&parent=157824"}],"wp:term":[{"taxonomy":"category","embeddable":true,"href":"https:\/\/www.fatosefotosnews.com.br\/index.php?rest_route=%2Fwp%2Fv2%2Fcategories&post=157824"},{"taxonomy":"post_tag","embeddable":true,"href":"https:\/\/www.fatosefotosnews.com.br\/index.php?rest_route=%2Fwp%2Fv2%2Ftags&post=157824"}],"curies":[{"name":"wp","href":"https:\/\/api.w.org\/{rel}","templated":true}]}}