{"id":157830,"date":"2026-08-25T07:00:45","date_gmt":"2026-08-25T10:00:45","guid":{"rendered":"https:\/\/www.fatosefotosnews.com.br\/?p=157830"},"modified":"2026-08-24T21:20:48","modified_gmt":"2026-08-25T00:20:48","slug":"medidas-protetivas-para-mulheres-crescem-43-no-estado-do-rio","status":"publish","type":"post","link":"https:\/\/www.fatosefotosnews.com.br\/?p=157830","title":{"rendered":"Medidas protetivas para mulheres crescem 43% no estado do Rio"},"content":{"rendered":"<p>Foto: Marcelo Camargo\/Ag\u00eancia Brasil<\/p>\n<div id=\"block-tts-block-tts\" class=\"block block-tts\">\n<div class=\"content\">\n<div id=\"tts-container\" class=\"container-audio rel-position\">\n<div class=\"title abs-position\"><\/div>\n<\/div>\n<\/div>\n<\/div>\n<div class=\"conteudo-noticia\">\n<p>A Justi\u00e7a do Rio de Janeiro ampliou, em 2026, a atua\u00e7\u00e3o no enfrentamento \u00e0 viol\u00eancia contra a mulher.\u00a0<strong>Dados do Observat\u00f3rio Judicial de Viol\u00eancia contra a Mulher do Tribunal de Justi\u00e7a do Rio de Janeiro (TJRJ) apontam que, entre janeiro e julho deste ano, os magistrados concederam 57.498 medidas protetivas de urg\u00eancia em todo o estado, contra 40.201 no mesmo per\u00edodo do ano passado, um aumento de 43%.<\/strong><img decoding=\"async\" src=\"https:\/\/agenciabrasil.ebc.com.br\/ebc.png?id=1700504&amp;o=node\" \/><img decoding=\"async\" src=\"https:\/\/agenciabrasil.ebc.com.br\/ebc.gif?id=1700504&amp;o=node\" \/><\/p>\n<p><strong>As pris\u00f5es de agressores tamb\u00e9m registraram crescimento: foram entre janeiro e agosto de 2026, contra 1.780 nos primeiros oito meses de 2025<\/strong>.<\/p>\n<p>Os dados, atualizados at\u00e9 20 de agosto, mostram ainda que o Judici\u00e1rio fluminense realizou 12.508 audi\u00eancias e proferiu 48.506 senten\u00e7as.<\/p>\n<p>O Judici\u00e1rio fluminense atua em um cen\u00e1rio de aumento dos registros de viol\u00eancia dom\u00e9stica no estado. Entre janeiro e julho, foram distribu\u00eddos 59.834 novos processos relacionados \u00e0 viol\u00eancia contra a mulher, cerca de 10 mil a mais que no mesmo per\u00edodo de 2025, quando foram registrados 49.711 casos. Do total de novos processos deste ano, 49,3% est\u00e3o relacionados \u00e0 viol\u00eancia f\u00edsica.<\/p>\n<p>Somente nos primeiros 20 dias de agosto, foram iniciados 4.468 processos na \u00e1rea de viol\u00eancia de g\u00eanero.\u00a0<strong>No primeiro semestre, foram registrados 70 novos casos de feminic\u00eddio no estado<\/strong>.<\/p>\n<h2>Acolhimento<\/h2>\n<p>O TJRJ mant\u00e9m iniciativas destinadas a ampliar o acesso das mulheres \u00e0 Justi\u00e7a e oferecer acolhimento especializado \u00e0s v\u00edtimas de viol\u00eancia. Entre janeiro e julho de 2026, a Sala Lil\u00e1s, espa\u00e7o destinado ao atendimento humanizado de mulheres v\u00edtimas de viol\u00eancia dom\u00e9stica f\u00edsica e sexual, instalada no Instituto M\u00e9dico Legal (IML), realizou 3.166 atendimentos. A medida busca proporcionar um ambiente reservado e acolhedor, contribuindo para reduzir a exposi\u00e7\u00e3o e a revitimiza\u00e7\u00e3o durante o atendimento.<\/p>\n<h2>Maria da Penha Virtual<\/h2>\n<p>O Judici\u00e1rio criou tamb\u00e9m o aplicativo Maria da Penha Virtual, que permite \u00e0s mulheres em situa\u00e7\u00e3o de viol\u00eancia solicitar medidas protetivas de urg\u00eancia pela internet, sem a necessidade de comparecimento presencial ao f\u00f3rum.<\/p>\n<p>At\u00e9 20 de agosto de 2026, a plataforma recebeu 3.788 pedidos de medidas protetivas, facilitando o acesso \u00e0 Justi\u00e7a e oferecendo uma alternativa mais \u00e1gil e segura para mulheres que necessitam de prote\u00e7\u00e3o.<\/p>\n<\/div>\n","protected":false},"excerpt":{"rendered":"<p>Foto: Marcelo Camargo\/Ag\u00eancia Brasil A Justi\u00e7a do Rio de Janeiro ampliou, em 2026, a atua\u00e7\u00e3o no enfrentamento \u00e0 viol\u00eancia contra a mulher.\u00a0Dados do Observat\u00f3rio Judicial de Viol\u00eancia contra a Mulher do Tribunal de Justi\u00e7a do Rio de Janeiro (TJRJ) apontam que, entre janeiro e julho deste ano, os magistrados concederam 57.498 medidas protetivas de urg\u00eancia [&hellip;]<\/p>\n","protected":false},"author":12,"featured_media":157820,"comment_status":"closed","ping_status":"open","sticky":false,"template":"","format":"standard","meta":{"_acf_changed":false,"_angie_page":false,"_monsterinsights_skip_tracking":false,"_themeisle_gutenberg_block_has_review":false,"page_builder":"","footnotes":"","jetpack_publicize_message":"","jetpack_publicize_feature_enabled":true,"jetpack_social_post_already_shared":true,"jetpack_social_options":{"image_generator_settings":{"template":"highway","default_image_id":0,"font":"","enabled":false},"version":2}},"categories":[167,25486],"tags":[2694,973,1130,887,29258],"class_list":["post-157830","post","type-post","status-publish","format-standard","has-post-thumbnail","hentry","category-geral","category-violencia","tag-crescem","tag-estado","tag-medidas","tag-mulheres","tag-protetivas"],"acf":[],"nelio_content":{"autoShareEndMode":"never","automationSources":{"useCustomSentences":false,"customSentences":[]},"efiAlt":"","efiUrl":"","followers":[12],"highlights":[],"isAutoShareEnabled":true,"networkImageIds":[],"permalinkQueryArgs":[],"series":[],"suggestedReferences":[]},"yoast_head":"<!-- This site is optimized with the Yoast SEO plugin v28.3 - https:\/\/yoast.com\/product\/yoast-seo-wordpress\/ -->\n<title>Medidas protetivas para mulheres crescem 43% no estado do Rio - Fatos e Fotos News<\/title>\n<meta name=\"robots\" content=\"index, follow, max-snippet:-1, max-image-preview:large, max-video-preview:-1\" \/>\n<link rel=\"canonical\" href=\"https:\/\/www.fatosefotosnews.com.br\/?p=157830\" \/>\n<meta property=\"og:locale\" content=\"pt_BR\" \/>\n<meta property=\"og:type\" content=\"article\" \/>\n<meta property=\"og:title\" content=\"Medidas protetivas para mulheres crescem 43% no estado do Rio - Fatos e Fotos News\" \/>\n<meta property=\"og:description\" content=\"Foto: Marcelo Camargo\/Ag\u00eancia Brasil A Justi\u00e7a do Rio de Janeiro ampliou, em 2026, a atua\u00e7\u00e3o no enfrentamento \u00e0 viol\u00eancia contra a mulher.\u00a0Dados do Observat\u00f3rio Judicial de Viol\u00eancia contra a Mulher do Tribunal de Justi\u00e7a do Rio de Janeiro (TJRJ) apontam que, entre janeiro e julho deste ano, os magistrados concederam 57.498 medidas protetivas de urg\u00eancia [&hellip;]\" \/>\n<meta property=\"og:url\" content=\"https:\/\/www.fatosefotosnews.com.br\/?p=157830\" \/>\n<meta property=\"og:site_name\" content=\"Fatos e Fotos News\" \/>\n<meta property=\"article:published_time\" content=\"2026-08-25T10:00:45+00:00\" \/>\n<meta property=\"og:image\" content=\"https:\/\/www.fatosefotosnews.com.br\/wp-content\/uploads\/2026\/08\/mcm_5729_0-1.webp\" \/>\n\t<meta property=\"og:image:width\" content=\"1170\" \/>\n\t<meta property=\"og:image:height\" content=\"700\" \/>\n\t<meta property=\"og:image:type\" content=\"image\/webp\" \/>\n<meta name=\"author\" content=\"Mirela Portugal\" \/>\n<meta name=\"twitter:card\" content=\"summary_large_image\" \/>\n<meta name=\"twitter:label1\" content=\"Escrito por\" \/>\n\t<meta name=\"twitter:data1\" content=\"Mirela Portugal\" \/>\n\t<meta name=\"twitter:label2\" content=\"Est. tempo de leitura\" \/>\n\t<meta name=\"twitter:data2\" content=\"3 minutos\" \/>\n<script type=\"application\/ld+json\" class=\"yoast-schema-graph\">{\"@context\":\"https:\\\/\\\/schema.org\",\"@graph\":[{\"@type\":\"Article\",\"@id\":\"https:\\\/\\\/www.fatosefotosnews.com.br\\\/?p=157830#article\",\"isPartOf\":{\"@id\":\"https:\\\/\\\/www.fatosefotosnews.com.br\\\/?p=157830\"},\"author\":{\"name\":\"Mirela Portugal\",\"@id\":\"https:\\\/\\\/www.fatosefotosnews.com.br\\\/#\\\/schema\\\/person\\\/17b18da658f5277ed99382206a85602f\"},\"headline\":\"Medidas protetivas para mulheres crescem 43% no estado do Rio\",\"datePublished\":\"2026-08-25T10:00:45+00:00\",\"mainEntityOfPage\":{\"@id\":\"https:\\\/\\\/www.fatosefotosnews.com.br\\\/?p=157830\"},\"wordCount\":378,\"publisher\":{\"@id\":\"https:\\\/\\\/www.fatosefotosnews.com.br\\\/#organization\"},\"image\":{\"@id\":\"https:\\\/\\\/www.fatosefotosnews.com.br\\\/?p=157830#primaryimage\"},\"thumbnailUrl\":\"https:\\\/\\\/www.fatosefotosnews.com.br\\\/wp-content\\\/uploads\\\/2026\\\/08\\\/mcm_5729_0-1.webp\",\"keywords\":[\"crescem\",\"estado\",\"medidas\",\"mulheres\",\"protetivas\"],\"articleSection\":[\"Geral\",\"Viol\u00eancia\"],\"inLanguage\":\"pt-BR\"},{\"@type\":\"WebPage\",\"@id\":\"https:\\\/\\\/www.fatosefotosnews.com.br\\\/?p=157830\",\"url\":\"https:\\\/\\\/www.fatosefotosnews.com.br\\\/?p=157830\",\"name\":\"Medidas protetivas para mulheres crescem 43% no estado do Rio - Fatos e Fotos News\",\"isPartOf\":{\"@id\":\"https:\\\/\\\/www.fatosefotosnews.com.br\\\/#website\"},\"primaryImageOfPage\":{\"@id\":\"https:\\\/\\\/www.fatosefotosnews.com.br\\\/?p=157830#primaryimage\"},\"image\":{\"@id\":\"https:\\\/\\\/www.fatosefotosnews.com.br\\\/?p=157830#primaryimage\"},\"thumbnailUrl\":\"https:\\\/\\\/www.fatosefotosnews.com.br\\\/wp-content\\\/uploads\\\/2026\\\/08\\\/mcm_5729_0-1.webp\",\"datePublished\":\"2026-08-25T10:00:45+00:00\",\"breadcrumb\":{\"@id\":\"https:\\\/\\\/www.fatosefotosnews.com.br\\\/?p=157830#breadcrumb\"},\"inLanguage\":\"pt-BR\",\"potentialAction\":[{\"@type\":\"ReadAction\",\"target\":[\"https:\\\/\\\/www.fatosefotosnews.com.br\\\/?p=157830\"]}]},{\"@type\":\"ImageObject\",\"inLanguage\":\"pt-BR\",\"@id\":\"https:\\\/\\\/www.fatosefotosnews.com.br\\\/?p=157830#primaryimage\",\"url\":\"https:\\\/\\\/www.fatosefotosnews.com.br\\\/wp-content\\\/uploads\\\/2026\\\/08\\\/mcm_5729_0-1.webp\",\"contentUrl\":\"https:\\\/\\\/www.fatosefotosnews.com.br\\\/wp-content\\\/uploads\\\/2026\\\/08\\\/mcm_5729_0-1.webp\",\"width\":1170,\"height\":700},{\"@type\":\"BreadcrumbList\",\"@id\":\"https:\\\/\\\/www.fatosefotosnews.com.br\\\/?p=157830#breadcrumb\",\"itemListElement\":[{\"@type\":\"ListItem\",\"position\":1,\"name\":\"In\u00edcio\",\"item\":\"https:\\\/\\\/www.fatosefotosnews.com.br\\\/\"},{\"@type\":\"ListItem\",\"position\":2,\"name\":\"Medidas protetivas para mulheres crescem 43% no estado do Rio\"}]},{\"@type\":\"WebSite\",\"@id\":\"https:\\\/\\\/www.fatosefotosnews.com.br\\\/#website\",\"url\":\"https:\\\/\\\/www.fatosefotosnews.com.br\\\/\",\"name\":\"Fatos e Fotos News\",\"description\":\"Um site de noticial verdadeira e confi\u00e1veis.\",\"publisher\":{\"@id\":\"https:\\\/\\\/www.fatosefotosnews.com.br\\\/#organization\"},\"potentialAction\":[{\"@type\":\"SearchAction\",\"target\":{\"@type\":\"EntryPoint\",\"urlTemplate\":\"https:\\\/\\\/www.fatosefotosnews.com.br\\\/?s={search_term_string}\"},\"query-input\":{\"@type\":\"PropertyValueSpecification\",\"valueRequired\":true,\"valueName\":\"search_term_string\"}}],\"inLanguage\":\"pt-BR\"},{\"@type\":\"Organization\",\"@id\":\"https:\\\/\\\/www.fatosefotosnews.com.br\\\/#organization\",\"name\":\"Fatos e Fotos News\",\"url\":\"https:\\\/\\\/www.fatosefotosnews.com.br\\\/\",\"logo\":{\"@type\":\"ImageObject\",\"inLanguage\":\"pt-BR\",\"@id\":\"https:\\\/\\\/www.fatosefotosnews.com.br\\\/#\\\/schema\\\/logo\\\/image\\\/\",\"url\":\"https:\\\/\\\/www.fatosefotosnews.com.br\\\/wp-content\\\/uploads\\\/2023\\\/02\\\/Fatos-e-Fotos-news-logo.png\",\"contentUrl\":\"https:\\\/\\\/www.fatosefotosnews.com.br\\\/wp-content\\\/uploads\\\/2023\\\/02\\\/Fatos-e-Fotos-news-logo.png\",\"width\":300,\"height\":58,\"caption\":\"Fatos e Fotos News\"},\"image\":{\"@id\":\"https:\\\/\\\/www.fatosefotosnews.com.br\\\/#\\\/schema\\\/logo\\\/image\\\/\"}},{\"@type\":\"Person\",\"@id\":\"https:\\\/\\\/www.fatosefotosnews.com.br\\\/#\\\/schema\\\/person\\\/17b18da658f5277ed99382206a85602f\",\"name\":\"Mirela Portugal\",\"image\":{\"@type\":\"ImageObject\",\"inLanguage\":\"pt-BR\",\"@id\":\"https:\\\/\\\/secure.gravatar.com\\\/avatar\\\/2f92fb43fda38d1a46cf4a155e1c2951193d91d9bed3df97fce720eeb9595d08?s=96&d=mm&r=g\",\"url\":\"https:\\\/\\\/secure.gravatar.com\\\/avatar\\\/2f92fb43fda38d1a46cf4a155e1c2951193d91d9bed3df97fce720eeb9595d08?s=96&d=mm&r=g\",\"contentUrl\":\"https:\\\/\\\/secure.gravatar.com\\\/avatar\\\/2f92fb43fda38d1a46cf4a155e1c2951193d91d9bed3df97fce720eeb9595d08?s=96&d=mm&r=g\",\"caption\":\"Mirela Portugal\"},\"sameAs\":[\"http:\\\/\\\/fatosefotosnews.com.br\"],\"url\":\"https:\\\/\\\/www.fatosefotosnews.com.br\\\/?author=12\"}]}<\/script>\n<!-- \/ Yoast SEO plugin. -->","yoast_head_json":{"title":"Medidas protetivas para mulheres crescem 43% no estado do Rio - Fatos e Fotos News","robots":{"index":"index","follow":"follow","max-snippet":"max-snippet:-1","max-image-preview":"max-image-preview:large","max-video-preview":"max-video-preview:-1"},"canonical":"https:\/\/www.fatosefotosnews.com.br\/?p=157830","og_locale":"pt_BR","og_type":"article","og_title":"Medidas protetivas para mulheres crescem 43% no estado do Rio - Fatos e Fotos News","og_description":"Foto: Marcelo Camargo\/Ag\u00eancia Brasil A Justi\u00e7a do Rio de Janeiro ampliou, em 2026, a atua\u00e7\u00e3o no enfrentamento \u00e0 viol\u00eancia contra a mulher.\u00a0Dados do Observat\u00f3rio Judicial de Viol\u00eancia contra a Mulher do Tribunal de Justi\u00e7a do Rio de Janeiro (TJRJ) apontam que, entre janeiro e julho deste ano, os magistrados concederam 57.498 medidas protetivas de urg\u00eancia [&hellip;]","og_url":"https:\/\/www.fatosefotosnews.com.br\/?p=157830","og_site_name":"Fatos e Fotos News","article_published_time":"2026-08-25T10:00:45+00:00","og_image":[{"width":1170,"height":700,"url":"https:\/\/www.fatosefotosnews.com.br\/wp-content\/uploads\/2026\/08\/mcm_5729_0-1.webp","type":"image\/webp"}],"author":"Mirela Portugal","twitter_card":"summary_large_image","twitter_misc":{"Escrito por":"Mirela Portugal","Est. tempo de leitura":"3 minutos"},"schema":{"@context":"https:\/\/schema.org","@graph":[{"@type":"Article","@id":"https:\/\/www.fatosefotosnews.com.br\/?p=157830#article","isPartOf":{"@id":"https:\/\/www.fatosefotosnews.com.br\/?p=157830"},"author":{"name":"Mirela Portugal","@id":"https:\/\/www.fatosefotosnews.com.br\/#\/schema\/person\/17b18da658f5277ed99382206a85602f"},"headline":"Medidas protetivas para mulheres crescem 43% no estado do Rio","datePublished":"2026-08-25T10:00:45+00:00","mainEntityOfPage":{"@id":"https:\/\/www.fatosefotosnews.com.br\/?p=157830"},"wordCount":378,"publisher":{"@id":"https:\/\/www.fatosefotosnews.com.br\/#organization"},"image":{"@id":"https:\/\/www.fatosefotosnews.com.br\/?p=157830#primaryimage"},"thumbnailUrl":"https:\/\/www.fatosefotosnews.com.br\/wp-content\/uploads\/2026\/08\/mcm_5729_0-1.webp","keywords":["crescem","estado","medidas","mulheres","protetivas"],"articleSection":["Geral","Viol\u00eancia"],"inLanguage":"pt-BR"},{"@type":"WebPage","@id":"https:\/\/www.fatosefotosnews.com.br\/?p=157830","url":"https:\/\/www.fatosefotosnews.com.br\/?p=157830","name":"Medidas protetivas para mulheres crescem 43% no estado do Rio - Fatos e Fotos News","isPartOf":{"@id":"https:\/\/www.fatosefotosnews.com.br\/#website"},"primaryImageOfPage":{"@id":"https:\/\/www.fatosefotosnews.com.br\/?p=157830#primaryimage"},"image":{"@id":"https:\/\/www.fatosefotosnews.com.br\/?p=157830#primaryimage"},"thumbnailUrl":"https:\/\/www.fatosefotosnews.com.br\/wp-content\/uploads\/2026\/08\/mcm_5729_0-1.webp","datePublished":"2026-08-25T10:00:45+00:00","breadcrumb":{"@id":"https:\/\/www.fatosefotosnews.com.br\/?p=157830#breadcrumb"},"inLanguage":"pt-BR","potentialAction":[{"@type":"ReadAction","target":["https:\/\/www.fatosefotosnews.com.br\/?p=157830"]}]},{"@type":"ImageObject","inLanguage":"pt-BR","@id":"https:\/\/www.fatosefotosnews.com.br\/?p=157830#primaryimage","url":"https:\/\/www.fatosefotosnews.com.br\/wp-content\/uploads\/2026\/08\/mcm_5729_0-1.webp","contentUrl":"https:\/\/www.fatosefotosnews.com.br\/wp-content\/uploads\/2026\/08\/mcm_5729_0-1.webp","width":1170,"height":700},{"@type":"BreadcrumbList","@id":"https:\/\/www.fatosefotosnews.com.br\/?p=157830#breadcrumb","itemListElement":[{"@type":"ListItem","position":1,"name":"In\u00edcio","item":"https:\/\/www.fatosefotosnews.com.br\/"},{"@type":"ListItem","position":2,"name":"Medidas protetivas para mulheres crescem 43% no estado do Rio"}]},{"@type":"WebSite","@id":"https:\/\/www.fatosefotosnews.com.br\/#website","url":"https:\/\/www.fatosefotosnews.com.br\/","name":"Fatos e Fotos News","description":"Um site de noticial verdadeira e confi\u00e1veis.","publisher":{"@id":"https:\/\/www.fatosefotosnews.com.br\/#organization"},"potentialAction":[{"@type":"SearchAction","target":{"@type":"EntryPoint","urlTemplate":"https:\/\/www.fatosefotosnews.com.br\/?s={search_term_string}"},"query-input":{"@type":"PropertyValueSpecification","valueRequired":true,"valueName":"search_term_string"}}],"inLanguage":"pt-BR"},{"@type":"Organization","@id":"https:\/\/www.fatosefotosnews.com.br\/#organization","name":"Fatos e Fotos News","url":"https:\/\/www.fatosefotosnews.com.br\/","logo":{"@type":"ImageObject","inLanguage":"pt-BR","@id":"https:\/\/www.fatosefotosnews.com.br\/#\/schema\/logo\/image\/","url":"https:\/\/www.fatosefotosnews.com.br\/wp-content\/uploads\/2023\/02\/Fatos-e-Fotos-news-logo.png","contentUrl":"https:\/\/www.fatosefotosnews.com.br\/wp-content\/uploads\/2023\/02\/Fatos-e-Fotos-news-logo.png","width":300,"height":58,"caption":"Fatos e Fotos News"},"image":{"@id":"https:\/\/www.fatosefotosnews.com.br\/#\/schema\/logo\/image\/"}},{"@type":"Person","@id":"https:\/\/www.fatosefotosnews.com.br\/#\/schema\/person\/17b18da658f5277ed99382206a85602f","name":"Mirela Portugal","image":{"@type":"ImageObject","inLanguage":"pt-BR","@id":"https:\/\/secure.gravatar.com\/avatar\/2f92fb43fda38d1a46cf4a155e1c2951193d91d9bed3df97fce720eeb9595d08?s=96&d=mm&r=g","url":"https:\/\/secure.gravatar.com\/avatar\/2f92fb43fda38d1a46cf4a155e1c2951193d91d9bed3df97fce720eeb9595d08?s=96&d=mm&r=g","contentUrl":"https:\/\/secure.gravatar.com\/avatar\/2f92fb43fda38d1a46cf4a155e1c2951193d91d9bed3df97fce720eeb9595d08?s=96&d=mm&r=g","caption":"Mirela Portugal"},"sameAs":["http:\/\/fatosefotosnews.com.br"],"url":"https:\/\/www.fatosefotosnews.com.br\/?author=12"}]}},"jetpack_publicize_connections":[],"blog_post_layout_featured_media_urls":{"thumbnail":["https:\/\/www.fatosefotosnews.com.br\/wp-content\/uploads\/2026\/08\/mcm_5729_0-1-150x150.webp",150,150,true],"full":["https:\/\/www.fatosefotosnews.com.br\/wp-content\/uploads\/2026\/08\/mcm_5729_0-1.webp",1170,700,false]},"categories_names":{"167":{"name":"Geral","link":"https:\/\/www.fatosefotosnews.com.br\/?cat=167"},"25486":{"name":"Viol\u00eancia","link":"https:\/\/www.fatosefotosnews.com.br\/?cat=25486"}},"tags_names":{"2694":{"name":"crescem","link":"https:\/\/www.fatosefotosnews.com.br\/?tag=crescem"},"973":{"name":"estado","link":"https:\/\/www.fatosefotosnews.com.br\/?tag=estado"},"1130":{"name":"medidas","link":"https:\/\/www.fatosefotosnews.com.br\/?tag=medidas"},"887":{"name":"mulheres","link":"https:\/\/www.fatosefotosnews.com.br\/?tag=mulheres"},"29258":{"name":"protetivas","link":"https:\/\/www.fatosefotosnews.com.br\/?tag=protetivas"}},"comments_number":"0","wpmagazine_modules_lite_featured_media_urls":{"thumbnail":["https:\/\/www.fatosefotosnews.com.br\/wp-content\/uploads\/2026\/08\/mcm_5729_0-1-150x150.webp",150,150,true],"cvmm-medium":["https:\/\/www.fatosefotosnews.com.br\/wp-content\/uploads\/2026\/08\/mcm_5729_0-1-300x300.webp",300,300,true],"cvmm-medium-plus":["https:\/\/www.fatosefotosnews.com.br\/wp-content\/uploads\/2026\/08\/mcm_5729_0-1-305x207.webp",305,207,true],"cvmm-portrait":["https:\/\/www.fatosefotosnews.com.br\/wp-content\/uploads\/2026\/08\/mcm_5729_0-1-400x600.webp",400,600,true],"cvmm-medium-square":["https:\/\/www.fatosefotosnews.com.br\/wp-content\/uploads\/2026\/08\/mcm_5729_0-1-600x600.webp",600,600,true],"cvmm-large":["https:\/\/www.fatosefotosnews.com.br\/wp-content\/uploads\/2026\/08\/mcm_5729_0-1-1024x700.webp",1024,700,true],"cvmm-small":["https:\/\/www.fatosefotosnews.com.br\/wp-content\/uploads\/2026\/08\/mcm_5729_0-1-130x95.webp",130,95,true],"full":["https:\/\/www.fatosefotosnews.com.br\/wp-content\/uploads\/2026\/08\/mcm_5729_0-1.webp",1170,700,false]},"_links":{"self":[{"href":"https:\/\/www.fatosefotosnews.com.br\/index.php?rest_route=\/wp\/v2\/posts\/157830","targetHints":{"allow":["GET"]}}],"collection":[{"href":"https:\/\/www.fatosefotosnews.com.br\/index.php?rest_route=\/wp\/v2\/posts"}],"about":[{"href":"https:\/\/www.fatosefotosnews.com.br\/index.php?rest_route=\/wp\/v2\/types\/post"}],"author":[{"embeddable":true,"href":"https:\/\/www.fatosefotosnews.com.br\/index.php?rest_route=\/wp\/v2\/users\/12"}],"replies":[{"embeddable":true,"href":"https:\/\/www.fatosefotosnews.com.br\/index.php?rest_route=%2Fwp%2Fv2%2Fcomments&post=157830"}],"version-history":[{"count":1,"href":"https:\/\/www.fatosefotosnews.com.br\/index.php?rest_route=\/wp\/v2\/posts\/157830\/revisions"}],"predecessor-version":[{"id":157831,"href":"https:\/\/www.fatosefotosnews.com.br\/index.php?rest_route=\/wp\/v2\/posts\/157830\/revisions\/157831"}],"wp:featuredmedia":[{"embeddable":true,"href":"https:\/\/www.fatosefotosnews.com.br\/index.php?rest_route=\/wp\/v2\/media\/157820"}],"wp:attachment":[{"href":"https:\/\/www.fatosefotosnews.com.br\/index.php?rest_route=%2Fwp%2Fv2%2Fmedia&parent=157830"}],"wp:term":[{"taxonomy":"category","embeddable":true,"href":"https:\/\/www.fatosefotosnews.com.br\/index.php?rest_route=%2Fwp%2Fv2%2Fcategories&post=157830"},{"taxonomy":"post_tag","embeddable":true,"href":"https:\/\/www.fatosefotosnews.com.br\/index.php?rest_route=%2Fwp%2Fv2%2Ftags&post=157830"}],"curies":[{"name":"wp","href":"https:\/\/api.w.org\/{rel}","templated":true}]}}