{"id":157836,"date":"2026-08-25T07:45:07","date_gmt":"2026-08-25T10:45:07","guid":{"rendered":"https:\/\/www.fatosefotosnews.com.br\/?p=157836"},"modified":"2026-08-24T21:26:07","modified_gmt":"2026-08-25T00:26:07","slug":"mobilizacao-nacional-coleta-dna-de-parentes-de-desaparecidos","status":"publish","type":"post","link":"https:\/\/www.fatosefotosnews.com.br\/?p=157836","title":{"rendered":"Mobiliza\u00e7\u00e3o nacional coleta DNA de parentes de desaparecidos"},"content":{"rendered":"<p>Foto: Paulo Pinto\/Ag\u00eancia Brasil<\/p>\n<div id=\"block-tts-block-tts\" class=\"block block-tts\">\n<div class=\"content\">\n<div id=\"tts-container\" class=\"container-audio rel-position\">\n<div class=\"title abs-position\"><\/div>\n<\/div>\n<\/div>\n<\/div>\n<div class=\"conteudo-noticia\">\n<p>O Minist\u00e9rio da Justi\u00e7a e Seguran\u00e7a P\u00fablica e os institutos de per\u00edcia federal e estaduais iniciaram, nesta segunda-feira (24), a quarta Mobiliza\u00e7\u00e3o Nacional de Coleta de DNA de Familiares de Pessoas Desaparecidas.<img decoding=\"async\" src=\"https:\/\/agenciabrasil.ebc.com.br\/ebc.png?id=1700490&amp;o=node\" \/><img decoding=\"async\" src=\"https:\/\/agenciabrasil.ebc.com.br\/ebc.gif?id=1700490&amp;o=node\" \/><\/p>\n<p><strong>A campanha busca incentivar os parentes de pessoas desaparecidas a doarem amostras de material gen\u00e9tico (DNA) que possa ajudar na identifica\u00e7\u00e3o e localiza\u00e7\u00e3o de pessoas declaradas desaparecidas<\/strong>. Quem j\u00e1 doou o material anteriormente n\u00e3o precisa repetir o procedimento.<\/p>\n<p>A mobiliza\u00e7\u00e3o se estender\u00e1 at\u00e9 a pr\u00f3xima sexta-feira (28)\u00a0<a href=\"https:\/\/www.gov.br\/mj\/pt-br\/acesso-a-informacao\/acoes-e-programas\/mobilizacao-nacional\/coleta-de-dna-de-familiares-de-pessoas-desaparecidas-1\/\" target=\"_blank\" rel=\"noopener\">em 342 postos de coleta em todas as unidades da federa\u00e7\u00e3o<\/a>\u00a0\u2013 inclusive no pr\u00f3prio Pal\u00e1cio da Justi\u00e7a, edif\u00edcio-sede do minist\u00e9rio, em Bras\u00edlia (DF).<\/p>\n<p>Apesar disso,\u00a0<strong>a\u00a0doa\u00e7\u00e3o pode ser feita a qualquer momento, em laborat\u00f3rios ou institutos de per\u00edcia aptos a coletarem o material gen\u00e9tico, e independentemente do tempo que a pessoa procurada estiver sumida<\/strong>.<\/p>\n<p>Os interessados devem se dirigir a um dos postos de coleta portando seu documento de identifica\u00e7\u00e3o e, se poss\u00edvel, uma c\u00f3pia do Boletim de Ocorr\u00eancia (BO) do desaparecimento, ou informa\u00e7\u00f5es a respeito deste (n\u00famero do registro; delegacia, estado de registro etc).<\/p>\n<h2>Quem pode doar?<\/h2>\n<p>O Minist\u00e9rio da Justi\u00e7a e Seguran\u00e7a P\u00fablica recomenda que a doa\u00e7\u00e3o seja feita por parentes de primeiro grau da pessoa desaparecida. De prefer\u00eancia, na seguinte ordem: pai ou m\u00e3e biol\u00f3gicos; filhos biol\u00f3gicos e o outro genitor, e, por fim, irm\u00e3os biol\u00f3gicos \u2013 filhos do mesmo pai e da mesma m\u00e3e.<\/p>\n<p>Crian\u00e7as tamb\u00e9m podem doar material gen\u00e9tico, desde acompanhadas pelo respons\u00e1vel legal. A doa\u00e7\u00e3o pode ser feita em qualquer ponto de coleta oficial, independentemente da regi\u00e3o onde a pessoa tenha desaparecido.<\/p>\n<p><strong>O procedimento \u00e9 simples, podendo ser feito de duas formas: passando um cotonete no interior da boca do doador ou colhendo uma gota de seu sangue, tirada de seu dedo<\/strong>.<\/p>\n<p>O material gen\u00e9tico coletado s\u00f3 pode ser usado com o prop\u00f3sito de identificar pessoas desaparecidas. O DNA dos familiares \u00e9 comparado com o de pessoas n\u00e3o identificadas (vivas ou falecidas) cadastrado nos bancos de DNA. Se o resultado apontar o parentesco, peritos elaborar\u00e3o um laudo oficial que ser\u00e1 encaminhado \u00e0 delegacia respons\u00e1vel pelo caso, cuja equipe entrar\u00e1 em contato com a fam\u00edlia.<\/p>\n<\/div>\n","protected":false},"excerpt":{"rendered":"<p>Foto: Paulo Pinto\/Ag\u00eancia Brasil O Minist\u00e9rio da Justi\u00e7a e Seguran\u00e7a P\u00fablica e os institutos de per\u00edcia federal e estaduais iniciaram, nesta segunda-feira (24), a quarta Mobiliza\u00e7\u00e3o Nacional de Coleta de DNA de Familiares de Pessoas Desaparecidas. A campanha busca incentivar os parentes de pessoas desaparecidas a doarem amostras de material gen\u00e9tico (DNA) que possa ajudar [&hellip;]<\/p>\n","protected":false},"author":12,"featured_media":157814,"comment_status":"closed","ping_status":"open","sticky":false,"template":"","format":"standard","meta":{"_acf_changed":false,"_angie_page":false,"_monsterinsights_skip_tracking":false,"_themeisle_gutenberg_block_has_review":false,"page_builder":"","footnotes":"","jetpack_publicize_message":"","jetpack_publicize_feature_enabled":true,"jetpack_social_post_already_shared":true,"jetpack_social_options":{"image_generator_settings":{"template":"highway","default_image_id":0,"font":"","enabled":false},"version":2}},"categories":[167],"tags":[2944,1321,7229,1212,15324],"class_list":["post-157836","post","type-post","status-publish","format-standard","has-post-thumbnail","hentry","category-geral","tag-coleta","tag-desaparecidos","tag-mobiliza","tag-nacional","tag-parentes"],"acf":[],"nelio_content":{"autoShareEndMode":"never","automationSources":{"useCustomSentences":false,"customSentences":[]},"efiAlt":"","efiUrl":"","followers":[12],"highlights":[],"isAutoShareEnabled":true,"networkImageIds":[],"permalinkQueryArgs":[],"series":[],"suggestedReferences":[]},"yoast_head":"<!-- This site is optimized with the Yoast SEO plugin v28.3 - https:\/\/yoast.com\/product\/yoast-seo-wordpress\/ -->\n<title>Mobiliza\u00e7\u00e3o nacional coleta DNA de parentes de desaparecidos - Fatos e Fotos News<\/title>\n<meta name=\"robots\" content=\"index, follow, max-snippet:-1, max-image-preview:large, max-video-preview:-1\" \/>\n<link rel=\"canonical\" href=\"https:\/\/www.fatosefotosnews.com.br\/?p=157836\" \/>\n<meta property=\"og:locale\" content=\"pt_BR\" \/>\n<meta property=\"og:type\" content=\"article\" \/>\n<meta property=\"og:title\" content=\"Mobiliza\u00e7\u00e3o nacional coleta DNA de parentes de desaparecidos - Fatos e Fotos News\" \/>\n<meta property=\"og:description\" content=\"Foto: Paulo Pinto\/Ag\u00eancia Brasil O Minist\u00e9rio da Justi\u00e7a e Seguran\u00e7a P\u00fablica e os institutos de per\u00edcia federal e estaduais iniciaram, nesta segunda-feira (24), a quarta Mobiliza\u00e7\u00e3o Nacional de Coleta de DNA de Familiares de Pessoas Desaparecidas. A campanha busca incentivar os parentes de pessoas desaparecidas a doarem amostras de material gen\u00e9tico (DNA) que possa ajudar [&hellip;]\" \/>\n<meta property=\"og:url\" content=\"https:\/\/www.fatosefotosnews.com.br\/?p=157836\" \/>\n<meta property=\"og:site_name\" content=\"Fatos e Fotos News\" \/>\n<meta property=\"article:published_time\" content=\"2026-08-25T10:45:07+00:00\" \/>\n<meta property=\"og:image\" content=\"https:\/\/www.fatosefotosnews.com.br\/wp-content\/uploads\/2026\/08\/pint3245.webp\" \/>\n\t<meta property=\"og:image:width\" content=\"1170\" \/>\n\t<meta property=\"og:image:height\" content=\"700\" \/>\n\t<meta property=\"og:image:type\" content=\"image\/webp\" \/>\n<meta name=\"author\" content=\"Mirela Portugal\" \/>\n<meta name=\"twitter:card\" content=\"summary_large_image\" \/>\n<meta name=\"twitter:label1\" content=\"Escrito por\" \/>\n\t<meta name=\"twitter:data1\" content=\"Mirela Portugal\" \/>\n\t<meta name=\"twitter:label2\" content=\"Est. tempo de leitura\" \/>\n\t<meta name=\"twitter:data2\" content=\"3 minutos\" \/>\n<script type=\"application\/ld+json\" class=\"yoast-schema-graph\">{\"@context\":\"https:\\\/\\\/schema.org\",\"@graph\":[{\"@type\":\"Article\",\"@id\":\"https:\\\/\\\/www.fatosefotosnews.com.br\\\/?p=157836#article\",\"isPartOf\":{\"@id\":\"https:\\\/\\\/www.fatosefotosnews.com.br\\\/?p=157836\"},\"author\":{\"name\":\"Mirela Portugal\",\"@id\":\"https:\\\/\\\/www.fatosefotosnews.com.br\\\/#\\\/schema\\\/person\\\/17b18da658f5277ed99382206a85602f\"},\"headline\":\"Mobiliza\u00e7\u00e3o nacional coleta DNA de parentes de desaparecidos\",\"datePublished\":\"2026-08-25T10:45:07+00:00\",\"mainEntityOfPage\":{\"@id\":\"https:\\\/\\\/www.fatosefotosnews.com.br\\\/?p=157836\"},\"wordCount\":411,\"publisher\":{\"@id\":\"https:\\\/\\\/www.fatosefotosnews.com.br\\\/#organization\"},\"image\":{\"@id\":\"https:\\\/\\\/www.fatosefotosnews.com.br\\\/?p=157836#primaryimage\"},\"thumbnailUrl\":\"https:\\\/\\\/www.fatosefotosnews.com.br\\\/wp-content\\\/uploads\\\/2026\\\/08\\\/pint3245.webp\",\"keywords\":[\"coleta\",\"desaparecidos\",\"mobiliza\",\"nacional\",\"parentes\"],\"articleSection\":[\"Geral\"],\"inLanguage\":\"pt-BR\"},{\"@type\":\"WebPage\",\"@id\":\"https:\\\/\\\/www.fatosefotosnews.com.br\\\/?p=157836\",\"url\":\"https:\\\/\\\/www.fatosefotosnews.com.br\\\/?p=157836\",\"name\":\"Mobiliza\u00e7\u00e3o nacional coleta DNA de parentes de desaparecidos - Fatos e Fotos News\",\"isPartOf\":{\"@id\":\"https:\\\/\\\/www.fatosefotosnews.com.br\\\/#website\"},\"primaryImageOfPage\":{\"@id\":\"https:\\\/\\\/www.fatosefotosnews.com.br\\\/?p=157836#primaryimage\"},\"image\":{\"@id\":\"https:\\\/\\\/www.fatosefotosnews.com.br\\\/?p=157836#primaryimage\"},\"thumbnailUrl\":\"https:\\\/\\\/www.fatosefotosnews.com.br\\\/wp-content\\\/uploads\\\/2026\\\/08\\\/pint3245.webp\",\"datePublished\":\"2026-08-25T10:45:07+00:00\",\"breadcrumb\":{\"@id\":\"https:\\\/\\\/www.fatosefotosnews.com.br\\\/?p=157836#breadcrumb\"},\"inLanguage\":\"pt-BR\",\"potentialAction\":[{\"@type\":\"ReadAction\",\"target\":[\"https:\\\/\\\/www.fatosefotosnews.com.br\\\/?p=157836\"]}]},{\"@type\":\"ImageObject\",\"inLanguage\":\"pt-BR\",\"@id\":\"https:\\\/\\\/www.fatosefotosnews.com.br\\\/?p=157836#primaryimage\",\"url\":\"https:\\\/\\\/www.fatosefotosnews.com.br\\\/wp-content\\\/uploads\\\/2026\\\/08\\\/pint3245.webp\",\"contentUrl\":\"https:\\\/\\\/www.fatosefotosnews.com.br\\\/wp-content\\\/uploads\\\/2026\\\/08\\\/pint3245.webp\",\"width\":1170,\"height\":700},{\"@type\":\"BreadcrumbList\",\"@id\":\"https:\\\/\\\/www.fatosefotosnews.com.br\\\/?p=157836#breadcrumb\",\"itemListElement\":[{\"@type\":\"ListItem\",\"position\":1,\"name\":\"In\u00edcio\",\"item\":\"https:\\\/\\\/www.fatosefotosnews.com.br\\\/\"},{\"@type\":\"ListItem\",\"position\":2,\"name\":\"Mobiliza\u00e7\u00e3o nacional coleta DNA de parentes de desaparecidos\"}]},{\"@type\":\"WebSite\",\"@id\":\"https:\\\/\\\/www.fatosefotosnews.com.br\\\/#website\",\"url\":\"https:\\\/\\\/www.fatosefotosnews.com.br\\\/\",\"name\":\"Fatos e Fotos News\",\"description\":\"Um site de noticial verdadeira e confi\u00e1veis.\",\"publisher\":{\"@id\":\"https:\\\/\\\/www.fatosefotosnews.com.br\\\/#organization\"},\"potentialAction\":[{\"@type\":\"SearchAction\",\"target\":{\"@type\":\"EntryPoint\",\"urlTemplate\":\"https:\\\/\\\/www.fatosefotosnews.com.br\\\/?s={search_term_string}\"},\"query-input\":{\"@type\":\"PropertyValueSpecification\",\"valueRequired\":true,\"valueName\":\"search_term_string\"}}],\"inLanguage\":\"pt-BR\"},{\"@type\":\"Organization\",\"@id\":\"https:\\\/\\\/www.fatosefotosnews.com.br\\\/#organization\",\"name\":\"Fatos e Fotos News\",\"url\":\"https:\\\/\\\/www.fatosefotosnews.com.br\\\/\",\"logo\":{\"@type\":\"ImageObject\",\"inLanguage\":\"pt-BR\",\"@id\":\"https:\\\/\\\/www.fatosefotosnews.com.br\\\/#\\\/schema\\\/logo\\\/image\\\/\",\"url\":\"https:\\\/\\\/www.fatosefotosnews.com.br\\\/wp-content\\\/uploads\\\/2023\\\/02\\\/Fatos-e-Fotos-news-logo.png\",\"contentUrl\":\"https:\\\/\\\/www.fatosefotosnews.com.br\\\/wp-content\\\/uploads\\\/2023\\\/02\\\/Fatos-e-Fotos-news-logo.png\",\"width\":300,\"height\":58,\"caption\":\"Fatos e Fotos News\"},\"image\":{\"@id\":\"https:\\\/\\\/www.fatosefotosnews.com.br\\\/#\\\/schema\\\/logo\\\/image\\\/\"}},{\"@type\":\"Person\",\"@id\":\"https:\\\/\\\/www.fatosefotosnews.com.br\\\/#\\\/schema\\\/person\\\/17b18da658f5277ed99382206a85602f\",\"name\":\"Mirela Portugal\",\"image\":{\"@type\":\"ImageObject\",\"inLanguage\":\"pt-BR\",\"@id\":\"https:\\\/\\\/secure.gravatar.com\\\/avatar\\\/2f92fb43fda38d1a46cf4a155e1c2951193d91d9bed3df97fce720eeb9595d08?s=96&d=mm&r=g\",\"url\":\"https:\\\/\\\/secure.gravatar.com\\\/avatar\\\/2f92fb43fda38d1a46cf4a155e1c2951193d91d9bed3df97fce720eeb9595d08?s=96&d=mm&r=g\",\"contentUrl\":\"https:\\\/\\\/secure.gravatar.com\\\/avatar\\\/2f92fb43fda38d1a46cf4a155e1c2951193d91d9bed3df97fce720eeb9595d08?s=96&d=mm&r=g\",\"caption\":\"Mirela Portugal\"},\"sameAs\":[\"http:\\\/\\\/fatosefotosnews.com.br\"],\"url\":\"https:\\\/\\\/www.fatosefotosnews.com.br\\\/?author=12\"}]}<\/script>\n<!-- \/ Yoast SEO plugin. -->","yoast_head_json":{"title":"Mobiliza\u00e7\u00e3o nacional coleta DNA de parentes de desaparecidos - Fatos e Fotos News","robots":{"index":"index","follow":"follow","max-snippet":"max-snippet:-1","max-image-preview":"max-image-preview:large","max-video-preview":"max-video-preview:-1"},"canonical":"https:\/\/www.fatosefotosnews.com.br\/?p=157836","og_locale":"pt_BR","og_type":"article","og_title":"Mobiliza\u00e7\u00e3o nacional coleta DNA de parentes de desaparecidos - Fatos e Fotos News","og_description":"Foto: Paulo Pinto\/Ag\u00eancia Brasil O Minist\u00e9rio da Justi\u00e7a e Seguran\u00e7a P\u00fablica e os institutos de per\u00edcia federal e estaduais iniciaram, nesta segunda-feira (24), a quarta Mobiliza\u00e7\u00e3o Nacional de Coleta de DNA de Familiares de Pessoas Desaparecidas. A campanha busca incentivar os parentes de pessoas desaparecidas a doarem amostras de material gen\u00e9tico (DNA) que possa ajudar [&hellip;]","og_url":"https:\/\/www.fatosefotosnews.com.br\/?p=157836","og_site_name":"Fatos e Fotos News","article_published_time":"2026-08-25T10:45:07+00:00","og_image":[{"width":1170,"height":700,"url":"https:\/\/www.fatosefotosnews.com.br\/wp-content\/uploads\/2026\/08\/pint3245.webp","type":"image\/webp"}],"author":"Mirela Portugal","twitter_card":"summary_large_image","twitter_misc":{"Escrito por":"Mirela Portugal","Est. tempo de leitura":"3 minutos"},"schema":{"@context":"https:\/\/schema.org","@graph":[{"@type":"Article","@id":"https:\/\/www.fatosefotosnews.com.br\/?p=157836#article","isPartOf":{"@id":"https:\/\/www.fatosefotosnews.com.br\/?p=157836"},"author":{"name":"Mirela Portugal","@id":"https:\/\/www.fatosefotosnews.com.br\/#\/schema\/person\/17b18da658f5277ed99382206a85602f"},"headline":"Mobiliza\u00e7\u00e3o nacional coleta DNA de parentes de desaparecidos","datePublished":"2026-08-25T10:45:07+00:00","mainEntityOfPage":{"@id":"https:\/\/www.fatosefotosnews.com.br\/?p=157836"},"wordCount":411,"publisher":{"@id":"https:\/\/www.fatosefotosnews.com.br\/#organization"},"image":{"@id":"https:\/\/www.fatosefotosnews.com.br\/?p=157836#primaryimage"},"thumbnailUrl":"https:\/\/www.fatosefotosnews.com.br\/wp-content\/uploads\/2026\/08\/pint3245.webp","keywords":["coleta","desaparecidos","mobiliza","nacional","parentes"],"articleSection":["Geral"],"inLanguage":"pt-BR"},{"@type":"WebPage","@id":"https:\/\/www.fatosefotosnews.com.br\/?p=157836","url":"https:\/\/www.fatosefotosnews.com.br\/?p=157836","name":"Mobiliza\u00e7\u00e3o nacional coleta DNA de parentes de desaparecidos - Fatos e Fotos News","isPartOf":{"@id":"https:\/\/www.fatosefotosnews.com.br\/#website"},"primaryImageOfPage":{"@id":"https:\/\/www.fatosefotosnews.com.br\/?p=157836#primaryimage"},"image":{"@id":"https:\/\/www.fatosefotosnews.com.br\/?p=157836#primaryimage"},"thumbnailUrl":"https:\/\/www.fatosefotosnews.com.br\/wp-content\/uploads\/2026\/08\/pint3245.webp","datePublished":"2026-08-25T10:45:07+00:00","breadcrumb":{"@id":"https:\/\/www.fatosefotosnews.com.br\/?p=157836#breadcrumb"},"inLanguage":"pt-BR","potentialAction":[{"@type":"ReadAction","target":["https:\/\/www.fatosefotosnews.com.br\/?p=157836"]}]},{"@type":"ImageObject","inLanguage":"pt-BR","@id":"https:\/\/www.fatosefotosnews.com.br\/?p=157836#primaryimage","url":"https:\/\/www.fatosefotosnews.com.br\/wp-content\/uploads\/2026\/08\/pint3245.webp","contentUrl":"https:\/\/www.fatosefotosnews.com.br\/wp-content\/uploads\/2026\/08\/pint3245.webp","width":1170,"height":700},{"@type":"BreadcrumbList","@id":"https:\/\/www.fatosefotosnews.com.br\/?p=157836#breadcrumb","itemListElement":[{"@type":"ListItem","position":1,"name":"In\u00edcio","item":"https:\/\/www.fatosefotosnews.com.br\/"},{"@type":"ListItem","position":2,"name":"Mobiliza\u00e7\u00e3o nacional coleta DNA de parentes de desaparecidos"}]},{"@type":"WebSite","@id":"https:\/\/www.fatosefotosnews.com.br\/#website","url":"https:\/\/www.fatosefotosnews.com.br\/","name":"Fatos e Fotos News","description":"Um site de noticial verdadeira e confi\u00e1veis.","publisher":{"@id":"https:\/\/www.fatosefotosnews.com.br\/#organization"},"potentialAction":[{"@type":"SearchAction","target":{"@type":"EntryPoint","urlTemplate":"https:\/\/www.fatosefotosnews.com.br\/?s={search_term_string}"},"query-input":{"@type":"PropertyValueSpecification","valueRequired":true,"valueName":"search_term_string"}}],"inLanguage":"pt-BR"},{"@type":"Organization","@id":"https:\/\/www.fatosefotosnews.com.br\/#organization","name":"Fatos e Fotos News","url":"https:\/\/www.fatosefotosnews.com.br\/","logo":{"@type":"ImageObject","inLanguage":"pt-BR","@id":"https:\/\/www.fatosefotosnews.com.br\/#\/schema\/logo\/image\/","url":"https:\/\/www.fatosefotosnews.com.br\/wp-content\/uploads\/2023\/02\/Fatos-e-Fotos-news-logo.png","contentUrl":"https:\/\/www.fatosefotosnews.com.br\/wp-content\/uploads\/2023\/02\/Fatos-e-Fotos-news-logo.png","width":300,"height":58,"caption":"Fatos e Fotos News"},"image":{"@id":"https:\/\/www.fatosefotosnews.com.br\/#\/schema\/logo\/image\/"}},{"@type":"Person","@id":"https:\/\/www.fatosefotosnews.com.br\/#\/schema\/person\/17b18da658f5277ed99382206a85602f","name":"Mirela Portugal","image":{"@type":"ImageObject","inLanguage":"pt-BR","@id":"https:\/\/secure.gravatar.com\/avatar\/2f92fb43fda38d1a46cf4a155e1c2951193d91d9bed3df97fce720eeb9595d08?s=96&d=mm&r=g","url":"https:\/\/secure.gravatar.com\/avatar\/2f92fb43fda38d1a46cf4a155e1c2951193d91d9bed3df97fce720eeb9595d08?s=96&d=mm&r=g","contentUrl":"https:\/\/secure.gravatar.com\/avatar\/2f92fb43fda38d1a46cf4a155e1c2951193d91d9bed3df97fce720eeb9595d08?s=96&d=mm&r=g","caption":"Mirela Portugal"},"sameAs":["http:\/\/fatosefotosnews.com.br"],"url":"https:\/\/www.fatosefotosnews.com.br\/?author=12"}]}},"jetpack_publicize_connections":[],"blog_post_layout_featured_media_urls":{"thumbnail":["https:\/\/www.fatosefotosnews.com.br\/wp-content\/uploads\/2026\/08\/pint3245-150x150.webp",150,150,true],"full":["https:\/\/www.fatosefotosnews.com.br\/wp-content\/uploads\/2026\/08\/pint3245.webp",1170,700,false]},"categories_names":{"167":{"name":"Geral","link":"https:\/\/www.fatosefotosnews.com.br\/?cat=167"}},"tags_names":{"2944":{"name":"coleta","link":"https:\/\/www.fatosefotosnews.com.br\/?tag=coleta"},"1321":{"name":"desaparecidos","link":"https:\/\/www.fatosefotosnews.com.br\/?tag=desaparecidos"},"7229":{"name":"mobiliza","link":"https:\/\/www.fatosefotosnews.com.br\/?tag=mobiliza"},"1212":{"name":"nacional","link":"https:\/\/www.fatosefotosnews.com.br\/?tag=nacional"},"15324":{"name":"parentes","link":"https:\/\/www.fatosefotosnews.com.br\/?tag=parentes"}},"comments_number":"0","wpmagazine_modules_lite_featured_media_urls":{"thumbnail":["https:\/\/www.fatosefotosnews.com.br\/wp-content\/uploads\/2026\/08\/pint3245-150x150.webp",150,150,true],"cvmm-medium":["https:\/\/www.fatosefotosnews.com.br\/wp-content\/uploads\/2026\/08\/pint3245-300x300.webp",300,300,true],"cvmm-medium-plus":["https:\/\/www.fatosefotosnews.com.br\/wp-content\/uploads\/2026\/08\/pint3245-305x207.webp",305,207,true],"cvmm-portrait":["https:\/\/www.fatosefotosnews.com.br\/wp-content\/uploads\/2026\/08\/pint3245-400x600.webp",400,600,true],"cvmm-medium-square":["https:\/\/www.fatosefotosnews.com.br\/wp-content\/uploads\/2026\/08\/pint3245-600x600.webp",600,600,true],"cvmm-large":["https:\/\/www.fatosefotosnews.com.br\/wp-content\/uploads\/2026\/08\/pint3245-1024x700.webp",1024,700,true],"cvmm-small":["https:\/\/www.fatosefotosnews.com.br\/wp-content\/uploads\/2026\/08\/pint3245-130x95.webp",130,95,true],"full":["https:\/\/www.fatosefotosnews.com.br\/wp-content\/uploads\/2026\/08\/pint3245.webp",1170,700,false]},"_links":{"self":[{"href":"https:\/\/www.fatosefotosnews.com.br\/index.php?rest_route=\/wp\/v2\/posts\/157836","targetHints":{"allow":["GET"]}}],"collection":[{"href":"https:\/\/www.fatosefotosnews.com.br\/index.php?rest_route=\/wp\/v2\/posts"}],"about":[{"href":"https:\/\/www.fatosefotosnews.com.br\/index.php?rest_route=\/wp\/v2\/types\/post"}],"author":[{"embeddable":true,"href":"https:\/\/www.fatosefotosnews.com.br\/index.php?rest_route=\/wp\/v2\/users\/12"}],"replies":[{"embeddable":true,"href":"https:\/\/www.fatosefotosnews.com.br\/index.php?rest_route=%2Fwp%2Fv2%2Fcomments&post=157836"}],"version-history":[{"count":1,"href":"https:\/\/www.fatosefotosnews.com.br\/index.php?rest_route=\/wp\/v2\/posts\/157836\/revisions"}],"predecessor-version":[{"id":157837,"href":"https:\/\/www.fatosefotosnews.com.br\/index.php?rest_route=\/wp\/v2\/posts\/157836\/revisions\/157837"}],"wp:featuredmedia":[{"embeddable":true,"href":"https:\/\/www.fatosefotosnews.com.br\/index.php?rest_route=\/wp\/v2\/media\/157814"}],"wp:attachment":[{"href":"https:\/\/www.fatosefotosnews.com.br\/index.php?rest_route=%2Fwp%2Fv2%2Fmedia&parent=157836"}],"wp:term":[{"taxonomy":"category","embeddable":true,"href":"https:\/\/www.fatosefotosnews.com.br\/index.php?rest_route=%2Fwp%2Fv2%2Fcategories&post=157836"},{"taxonomy":"post_tag","embeddable":true,"href":"https:\/\/www.fatosefotosnews.com.br\/index.php?rest_route=%2Fwp%2Fv2%2Ftags&post=157836"}],"curies":[{"name":"wp","href":"https:\/\/api.w.org\/{rel}","templated":true}]}}