{"id":157861,"date":"2026-08-26T07:45:47","date_gmt":"2026-08-26T10:45:47","guid":{"rendered":"https:\/\/www.fatosefotosnews.com.br\/?p=157861"},"modified":"2026-08-25T21:59:03","modified_gmt":"2026-08-26T00:59:03","slug":"justica-do-rio-decreta-falencia-da-oi-pela-segunda-vez","status":"publish","type":"post","link":"https:\/\/www.fatosefotosnews.com.br\/?p=157861","title":{"rendered":"Justi\u00e7a do Rio decreta fal\u00eancia da Oi pela segunda vez"},"content":{"rendered":"<p>Foto: Jos\u00e9 Cruz\/Ag\u00eancia Brasil<\/p>\n<div id=\"block-tts-block-tts\" class=\"block block-tts\">\n<div class=\"content\">\n<div id=\"tts-container\" class=\"container-audio rel-position\">\n<div class=\"title abs-position\"><\/div>\n<\/div>\n<\/div>\n<\/div>\n<div class=\"conteudo-noticia\">\n<p>A 1\u00aa C\u00e2mara de Direito Privado do Tribunal de Justi\u00e7a do Rio de Janeiro decretou, nesta ter\u00e7a-feira\u00a0(25), a fal\u00eancia da empresa de telefonia Oi. O desembargadores foram un\u00e2nimes ao negar recursos dos bancos credores Bradesco e Ita\u00fa e reconheceram,\u00a0pela segunda vez em menos de um ano, que a companhia quebrou.<img decoding=\"async\" src=\"https:\/\/agenciabrasil.ebc.com.br\/ebc.png?id=1700588&amp;o=node\" \/><img decoding=\"async\" src=\"https:\/\/agenciabrasil.ebc.com.br\/ebc.gif?id=1700588&amp;o=node\" \/><\/p>\n<p><a href=\"https:\/\/agenciabrasil.ebc.com.br\/economia\/noticia\/2025-11\/justica-do-rio-decreta-falencia-da-oi-em-meio-divida-de-r-17-bi\" target=\"_blank\" rel=\"noopener\">Em novembro de 2025, a fal\u00eancia da Oi j\u00e1 havia sido decretada<\/a>\u00a0ap\u00f3s o primeiro processo de recupera\u00e7\u00e3o judicial, iniciado em dezembro de 2022.<\/p>\n<p><a href=\"https:\/\/agenciabrasil.ebc.com.br\/justica\/noticia\/2025-11\/justica-do-rio-suspende-falencia-da-oi-decretada-dias-antes-por-juiza\" target=\"_blank\" rel=\"noopener\">A decis\u00e3o acabou sendo suspensa ap\u00f3s os bancos credores terem recorrido<\/a>, o que\u00a0levou a empresa de telecomunica\u00e7\u00f5es ao segundo processo de recupera\u00e7\u00e3o judicial. Os\u00a0bancos argumentavam\u00a0que interromper o funcionamento da empresa poderia gerar preju\u00edzos irrecuper\u00e1veis para credores, clientes e funcion\u00e1rios.<\/p>\n<p><strong>Mesmo assim, a\u00a0empresa n\u00e3o conseguiu honrar uma d\u00edvida estimada em R$ 44 bilh\u00f5es, a\u00a0cerca de 164 mil credores<\/strong>.<\/p>\n<p>A desembargadora Monica Maria Costa Di Piero destacou na decis\u00e3o a\u00a0import\u00e2ncia de garantir os direitos dos trabalhadores, preservando, assim, todos os direitos constitucionais e trabalhistas.<\/p>\n<p>A magistrada anunciou a contrata\u00e7\u00e3o do advogado Bruno Rezende como administrador judicial e Adriano Pinto Machado como observador judicial, do escrit\u00f3rio Pinto Machado Advogados, assim como o escrit\u00f3rio Sergio Zveiter para atuarem no processo de fal\u00eancia da Oi.<\/p>\n<p>Para o especialista em Recupera\u00e7\u00e3o de Tributos e Direito Banc\u00e1rio, Bruno Medeiros Dur\u00e3o, o ponto central que passa a ser discutido agora n\u00e3o \u00e9 apenas a quebra da companhia, mas a qualidade e a disponibilidade do patrim\u00f4nio que restou para sustentar o pagamento dos credores.<\/p>\n<p>\u201cA fal\u00eancia da Oi traz uma discuss\u00e3o que precisa ser acompanhada com muita aten\u00e7\u00e3o: n\u00e3o basta saber quanto a empresa deve; ser\u00e1 preciso saber quanto patrim\u00f4nio efetivamente poder\u00e1 ser convertido em dinheiro, quais ativos est\u00e3o livres, quais est\u00e3o vinculados a garantias e quais cr\u00e9ditos ainda podem ser recuperados. \u00c9 nesse momento que come\u00e7a uma verdadeira corrida jur\u00eddica pela massa patrimonial remanescente\u201d, avalia.<\/p>\n<\/div>\n","protected":false},"excerpt":{"rendered":"<p>Foto: Jos\u00e9 Cruz\/Ag\u00eancia Brasil A 1\u00aa C\u00e2mara de Direito Privado do Tribunal de Justi\u00e7a do Rio de Janeiro decretou, nesta ter\u00e7a-feira\u00a0(25), a fal\u00eancia da empresa de telefonia Oi. O desembargadores foram un\u00e2nimes ao negar recursos dos bancos credores Bradesco e Ita\u00fa e reconheceram,\u00a0pela segunda vez em menos de um ano, que a companhia quebrou. Em [&hellip;]<\/p>\n","protected":false},"author":12,"featured_media":157847,"comment_status":"closed","ping_status":"open","sticky":false,"template":"","format":"standard","meta":{"_acf_changed":false,"_angie_page":false,"_monsterinsights_skip_tracking":false,"_themeisle_gutenberg_block_has_review":false,"page_builder":"","footnotes":"","jetpack_publicize_message":"","jetpack_publicize_feature_enabled":true,"jetpack_social_post_already_shared":true,"jetpack_social_options":{"image_generator_settings":{"template":"highway","default_image_id":0,"font":"","enabled":false},"version":2}},"categories":[24958],"tags":[995,9401,1513,630],"class_list":["post-157861","post","type-post","status-publish","format-standard","has-post-thumbnail","hentry","category-economia","tag-decreta","tag-falencia","tag-justi","tag-segunda"],"acf":[],"nelio_content":{"autoShareEndMode":"never","automationSources":{"useCustomSentences":false,"customSentences":[]},"efiAlt":"","efiUrl":"","followers":[12],"highlights":[],"isAutoShareEnabled":true,"networkImageIds":[],"permalinkQueryArgs":[],"series":[],"suggestedReferences":[]},"yoast_head":"<!-- This site is optimized with the Yoast SEO plugin v28.3 - https:\/\/yoast.com\/product\/yoast-seo-wordpress\/ -->\n<title>Justi\u00e7a do Rio decreta fal\u00eancia da Oi pela segunda vez - Fatos e Fotos News<\/title>\n<meta name=\"robots\" content=\"index, follow, max-snippet:-1, max-image-preview:large, max-video-preview:-1\" \/>\n<link rel=\"canonical\" href=\"https:\/\/www.fatosefotosnews.com.br\/?p=157861\" \/>\n<meta property=\"og:locale\" content=\"pt_BR\" \/>\n<meta property=\"og:type\" content=\"article\" \/>\n<meta property=\"og:title\" content=\"Justi\u00e7a do Rio decreta fal\u00eancia da Oi pela segunda vez - Fatos e Fotos News\" \/>\n<meta property=\"og:description\" content=\"Foto: Jos\u00e9 Cruz\/Ag\u00eancia Brasil A 1\u00aa C\u00e2mara de Direito Privado do Tribunal de Justi\u00e7a do Rio de Janeiro decretou, nesta ter\u00e7a-feira\u00a0(25), a fal\u00eancia da empresa de telefonia Oi. O desembargadores foram un\u00e2nimes ao negar recursos dos bancos credores Bradesco e Ita\u00fa e reconheceram,\u00a0pela segunda vez em menos de um ano, que a companhia quebrou. Em [&hellip;]\" \/>\n<meta property=\"og:url\" content=\"https:\/\/www.fatosefotosnews.com.br\/?p=157861\" \/>\n<meta property=\"og:site_name\" content=\"Fatos e Fotos News\" \/>\n<meta property=\"article:published_time\" content=\"2026-08-26T10:45:47+00:00\" \/>\n<meta property=\"og:image\" content=\"https:\/\/www.fatosefotosnews.com.br\/wp-content\/uploads\/2026\/08\/oi_orelhao_jfcrz_abr_0302220439.webp\" \/>\n\t<meta property=\"og:image:width\" content=\"1170\" \/>\n\t<meta property=\"og:image:height\" content=\"700\" \/>\n\t<meta property=\"og:image:type\" content=\"image\/webp\" \/>\n<meta name=\"author\" content=\"Mirela Portugal\" \/>\n<meta name=\"twitter:card\" content=\"summary_large_image\" \/>\n<meta name=\"twitter:label1\" content=\"Escrito por\" \/>\n\t<meta name=\"twitter:data1\" content=\"Mirela Portugal\" \/>\n\t<meta name=\"twitter:label2\" content=\"Est. tempo de leitura\" \/>\n\t<meta name=\"twitter:data2\" content=\"3 minutos\" \/>\n<script type=\"application\/ld+json\" class=\"yoast-schema-graph\">{\"@context\":\"https:\\\/\\\/schema.org\",\"@graph\":[{\"@type\":\"Article\",\"@id\":\"https:\\\/\\\/www.fatosefotosnews.com.br\\\/?p=157861#article\",\"isPartOf\":{\"@id\":\"https:\\\/\\\/www.fatosefotosnews.com.br\\\/?p=157861\"},\"author\":{\"name\":\"Mirela Portugal\",\"@id\":\"https:\\\/\\\/www.fatosefotosnews.com.br\\\/#\\\/schema\\\/person\\\/17b18da658f5277ed99382206a85602f\"},\"headline\":\"Justi\u00e7a do Rio decreta fal\u00eancia da Oi pela segunda vez\",\"datePublished\":\"2026-08-26T10:45:47+00:00\",\"mainEntityOfPage\":{\"@id\":\"https:\\\/\\\/www.fatosefotosnews.com.br\\\/?p=157861\"},\"wordCount\":358,\"publisher\":{\"@id\":\"https:\\\/\\\/www.fatosefotosnews.com.br\\\/#organization\"},\"image\":{\"@id\":\"https:\\\/\\\/www.fatosefotosnews.com.br\\\/?p=157861#primaryimage\"},\"thumbnailUrl\":\"https:\\\/\\\/www.fatosefotosnews.com.br\\\/wp-content\\\/uploads\\\/2026\\\/08\\\/oi_orelhao_jfcrz_abr_0302220439.webp\",\"keywords\":[\"decreta\",\"falencia\",\"justi\",\"segunda\"],\"articleSection\":[\"Economia\"],\"inLanguage\":\"pt-BR\"},{\"@type\":\"WebPage\",\"@id\":\"https:\\\/\\\/www.fatosefotosnews.com.br\\\/?p=157861\",\"url\":\"https:\\\/\\\/www.fatosefotosnews.com.br\\\/?p=157861\",\"name\":\"Justi\u00e7a do Rio decreta fal\u00eancia da Oi pela segunda vez - Fatos e Fotos News\",\"isPartOf\":{\"@id\":\"https:\\\/\\\/www.fatosefotosnews.com.br\\\/#website\"},\"primaryImageOfPage\":{\"@id\":\"https:\\\/\\\/www.fatosefotosnews.com.br\\\/?p=157861#primaryimage\"},\"image\":{\"@id\":\"https:\\\/\\\/www.fatosefotosnews.com.br\\\/?p=157861#primaryimage\"},\"thumbnailUrl\":\"https:\\\/\\\/www.fatosefotosnews.com.br\\\/wp-content\\\/uploads\\\/2026\\\/08\\\/oi_orelhao_jfcrz_abr_0302220439.webp\",\"datePublished\":\"2026-08-26T10:45:47+00:00\",\"breadcrumb\":{\"@id\":\"https:\\\/\\\/www.fatosefotosnews.com.br\\\/?p=157861#breadcrumb\"},\"inLanguage\":\"pt-BR\",\"potentialAction\":[{\"@type\":\"ReadAction\",\"target\":[\"https:\\\/\\\/www.fatosefotosnews.com.br\\\/?p=157861\"]}]},{\"@type\":\"ImageObject\",\"inLanguage\":\"pt-BR\",\"@id\":\"https:\\\/\\\/www.fatosefotosnews.com.br\\\/?p=157861#primaryimage\",\"url\":\"https:\\\/\\\/www.fatosefotosnews.com.br\\\/wp-content\\\/uploads\\\/2026\\\/08\\\/oi_orelhao_jfcrz_abr_0302220439.webp\",\"contentUrl\":\"https:\\\/\\\/www.fatosefotosnews.com.br\\\/wp-content\\\/uploads\\\/2026\\\/08\\\/oi_orelhao_jfcrz_abr_0302220439.webp\",\"width\":1170,\"height\":700},{\"@type\":\"BreadcrumbList\",\"@id\":\"https:\\\/\\\/www.fatosefotosnews.com.br\\\/?p=157861#breadcrumb\",\"itemListElement\":[{\"@type\":\"ListItem\",\"position\":1,\"name\":\"In\u00edcio\",\"item\":\"https:\\\/\\\/www.fatosefotosnews.com.br\\\/\"},{\"@type\":\"ListItem\",\"position\":2,\"name\":\"Justi\u00e7a do Rio decreta fal\u00eancia da Oi pela segunda vez\"}]},{\"@type\":\"WebSite\",\"@id\":\"https:\\\/\\\/www.fatosefotosnews.com.br\\\/#website\",\"url\":\"https:\\\/\\\/www.fatosefotosnews.com.br\\\/\",\"name\":\"Fatos e Fotos News\",\"description\":\"Um site de noticial verdadeira e confi\u00e1veis.\",\"publisher\":{\"@id\":\"https:\\\/\\\/www.fatosefotosnews.com.br\\\/#organization\"},\"potentialAction\":[{\"@type\":\"SearchAction\",\"target\":{\"@type\":\"EntryPoint\",\"urlTemplate\":\"https:\\\/\\\/www.fatosefotosnews.com.br\\\/?s={search_term_string}\"},\"query-input\":{\"@type\":\"PropertyValueSpecification\",\"valueRequired\":true,\"valueName\":\"search_term_string\"}}],\"inLanguage\":\"pt-BR\"},{\"@type\":\"Organization\",\"@id\":\"https:\\\/\\\/www.fatosefotosnews.com.br\\\/#organization\",\"name\":\"Fatos e Fotos News\",\"url\":\"https:\\\/\\\/www.fatosefotosnews.com.br\\\/\",\"logo\":{\"@type\":\"ImageObject\",\"inLanguage\":\"pt-BR\",\"@id\":\"https:\\\/\\\/www.fatosefotosnews.com.br\\\/#\\\/schema\\\/logo\\\/image\\\/\",\"url\":\"https:\\\/\\\/www.fatosefotosnews.com.br\\\/wp-content\\\/uploads\\\/2023\\\/02\\\/Fatos-e-Fotos-news-logo.png\",\"contentUrl\":\"https:\\\/\\\/www.fatosefotosnews.com.br\\\/wp-content\\\/uploads\\\/2023\\\/02\\\/Fatos-e-Fotos-news-logo.png\",\"width\":300,\"height\":58,\"caption\":\"Fatos e Fotos News\"},\"image\":{\"@id\":\"https:\\\/\\\/www.fatosefotosnews.com.br\\\/#\\\/schema\\\/logo\\\/image\\\/\"}},{\"@type\":\"Person\",\"@id\":\"https:\\\/\\\/www.fatosefotosnews.com.br\\\/#\\\/schema\\\/person\\\/17b18da658f5277ed99382206a85602f\",\"name\":\"Mirela Portugal\",\"image\":{\"@type\":\"ImageObject\",\"inLanguage\":\"pt-BR\",\"@id\":\"https:\\\/\\\/secure.gravatar.com\\\/avatar\\\/2f92fb43fda38d1a46cf4a155e1c2951193d91d9bed3df97fce720eeb9595d08?s=96&d=mm&r=g\",\"url\":\"https:\\\/\\\/secure.gravatar.com\\\/avatar\\\/2f92fb43fda38d1a46cf4a155e1c2951193d91d9bed3df97fce720eeb9595d08?s=96&d=mm&r=g\",\"contentUrl\":\"https:\\\/\\\/secure.gravatar.com\\\/avatar\\\/2f92fb43fda38d1a46cf4a155e1c2951193d91d9bed3df97fce720eeb9595d08?s=96&d=mm&r=g\",\"caption\":\"Mirela Portugal\"},\"sameAs\":[\"http:\\\/\\\/fatosefotosnews.com.br\"],\"url\":\"https:\\\/\\\/www.fatosefotosnews.com.br\\\/?author=12\"}]}<\/script>\n<!-- \/ Yoast SEO plugin. -->","yoast_head_json":{"title":"Justi\u00e7a do Rio decreta fal\u00eancia da Oi pela segunda vez - Fatos e Fotos News","robots":{"index":"index","follow":"follow","max-snippet":"max-snippet:-1","max-image-preview":"max-image-preview:large","max-video-preview":"max-video-preview:-1"},"canonical":"https:\/\/www.fatosefotosnews.com.br\/?p=157861","og_locale":"pt_BR","og_type":"article","og_title":"Justi\u00e7a do Rio decreta fal\u00eancia da Oi pela segunda vez - Fatos e Fotos News","og_description":"Foto: Jos\u00e9 Cruz\/Ag\u00eancia Brasil A 1\u00aa C\u00e2mara de Direito Privado do Tribunal de Justi\u00e7a do Rio de Janeiro decretou, nesta ter\u00e7a-feira\u00a0(25), a fal\u00eancia da empresa de telefonia Oi. O desembargadores foram un\u00e2nimes ao negar recursos dos bancos credores Bradesco e Ita\u00fa e reconheceram,\u00a0pela segunda vez em menos de um ano, que a companhia quebrou. Em [&hellip;]","og_url":"https:\/\/www.fatosefotosnews.com.br\/?p=157861","og_site_name":"Fatos e Fotos News","article_published_time":"2026-08-26T10:45:47+00:00","og_image":[{"width":1170,"height":700,"url":"https:\/\/www.fatosefotosnews.com.br\/wp-content\/uploads\/2026\/08\/oi_orelhao_jfcrz_abr_0302220439.webp","type":"image\/webp"}],"author":"Mirela Portugal","twitter_card":"summary_large_image","twitter_misc":{"Escrito por":"Mirela Portugal","Est. tempo de leitura":"3 minutos"},"schema":{"@context":"https:\/\/schema.org","@graph":[{"@type":"Article","@id":"https:\/\/www.fatosefotosnews.com.br\/?p=157861#article","isPartOf":{"@id":"https:\/\/www.fatosefotosnews.com.br\/?p=157861"},"author":{"name":"Mirela Portugal","@id":"https:\/\/www.fatosefotosnews.com.br\/#\/schema\/person\/17b18da658f5277ed99382206a85602f"},"headline":"Justi\u00e7a do Rio decreta fal\u00eancia da Oi pela segunda vez","datePublished":"2026-08-26T10:45:47+00:00","mainEntityOfPage":{"@id":"https:\/\/www.fatosefotosnews.com.br\/?p=157861"},"wordCount":358,"publisher":{"@id":"https:\/\/www.fatosefotosnews.com.br\/#organization"},"image":{"@id":"https:\/\/www.fatosefotosnews.com.br\/?p=157861#primaryimage"},"thumbnailUrl":"https:\/\/www.fatosefotosnews.com.br\/wp-content\/uploads\/2026\/08\/oi_orelhao_jfcrz_abr_0302220439.webp","keywords":["decreta","falencia","justi","segunda"],"articleSection":["Economia"],"inLanguage":"pt-BR"},{"@type":"WebPage","@id":"https:\/\/www.fatosefotosnews.com.br\/?p=157861","url":"https:\/\/www.fatosefotosnews.com.br\/?p=157861","name":"Justi\u00e7a do Rio decreta fal\u00eancia da Oi pela segunda vez - Fatos e Fotos News","isPartOf":{"@id":"https:\/\/www.fatosefotosnews.com.br\/#website"},"primaryImageOfPage":{"@id":"https:\/\/www.fatosefotosnews.com.br\/?p=157861#primaryimage"},"image":{"@id":"https:\/\/www.fatosefotosnews.com.br\/?p=157861#primaryimage"},"thumbnailUrl":"https:\/\/www.fatosefotosnews.com.br\/wp-content\/uploads\/2026\/08\/oi_orelhao_jfcrz_abr_0302220439.webp","datePublished":"2026-08-26T10:45:47+00:00","breadcrumb":{"@id":"https:\/\/www.fatosefotosnews.com.br\/?p=157861#breadcrumb"},"inLanguage":"pt-BR","potentialAction":[{"@type":"ReadAction","target":["https:\/\/www.fatosefotosnews.com.br\/?p=157861"]}]},{"@type":"ImageObject","inLanguage":"pt-BR","@id":"https:\/\/www.fatosefotosnews.com.br\/?p=157861#primaryimage","url":"https:\/\/www.fatosefotosnews.com.br\/wp-content\/uploads\/2026\/08\/oi_orelhao_jfcrz_abr_0302220439.webp","contentUrl":"https:\/\/www.fatosefotosnews.com.br\/wp-content\/uploads\/2026\/08\/oi_orelhao_jfcrz_abr_0302220439.webp","width":1170,"height":700},{"@type":"BreadcrumbList","@id":"https:\/\/www.fatosefotosnews.com.br\/?p=157861#breadcrumb","itemListElement":[{"@type":"ListItem","position":1,"name":"In\u00edcio","item":"https:\/\/www.fatosefotosnews.com.br\/"},{"@type":"ListItem","position":2,"name":"Justi\u00e7a do Rio decreta fal\u00eancia da Oi pela segunda vez"}]},{"@type":"WebSite","@id":"https:\/\/www.fatosefotosnews.com.br\/#website","url":"https:\/\/www.fatosefotosnews.com.br\/","name":"Fatos e Fotos News","description":"Um site de noticial verdadeira e confi\u00e1veis.","publisher":{"@id":"https:\/\/www.fatosefotosnews.com.br\/#organization"},"potentialAction":[{"@type":"SearchAction","target":{"@type":"EntryPoint","urlTemplate":"https:\/\/www.fatosefotosnews.com.br\/?s={search_term_string}"},"query-input":{"@type":"PropertyValueSpecification","valueRequired":true,"valueName":"search_term_string"}}],"inLanguage":"pt-BR"},{"@type":"Organization","@id":"https:\/\/www.fatosefotosnews.com.br\/#organization","name":"Fatos e Fotos News","url":"https:\/\/www.fatosefotosnews.com.br\/","logo":{"@type":"ImageObject","inLanguage":"pt-BR","@id":"https:\/\/www.fatosefotosnews.com.br\/#\/schema\/logo\/image\/","url":"https:\/\/www.fatosefotosnews.com.br\/wp-content\/uploads\/2023\/02\/Fatos-e-Fotos-news-logo.png","contentUrl":"https:\/\/www.fatosefotosnews.com.br\/wp-content\/uploads\/2023\/02\/Fatos-e-Fotos-news-logo.png","width":300,"height":58,"caption":"Fatos e Fotos News"},"image":{"@id":"https:\/\/www.fatosefotosnews.com.br\/#\/schema\/logo\/image\/"}},{"@type":"Person","@id":"https:\/\/www.fatosefotosnews.com.br\/#\/schema\/person\/17b18da658f5277ed99382206a85602f","name":"Mirela Portugal","image":{"@type":"ImageObject","inLanguage":"pt-BR","@id":"https:\/\/secure.gravatar.com\/avatar\/2f92fb43fda38d1a46cf4a155e1c2951193d91d9bed3df97fce720eeb9595d08?s=96&d=mm&r=g","url":"https:\/\/secure.gravatar.com\/avatar\/2f92fb43fda38d1a46cf4a155e1c2951193d91d9bed3df97fce720eeb9595d08?s=96&d=mm&r=g","contentUrl":"https:\/\/secure.gravatar.com\/avatar\/2f92fb43fda38d1a46cf4a155e1c2951193d91d9bed3df97fce720eeb9595d08?s=96&d=mm&r=g","caption":"Mirela Portugal"},"sameAs":["http:\/\/fatosefotosnews.com.br"],"url":"https:\/\/www.fatosefotosnews.com.br\/?author=12"}]}},"jetpack_publicize_connections":[],"blog_post_layout_featured_media_urls":{"thumbnail":["https:\/\/www.fatosefotosnews.com.br\/wp-content\/uploads\/2026\/08\/oi_orelhao_jfcrz_abr_0302220439-150x150.webp",150,150,true],"full":["https:\/\/www.fatosefotosnews.com.br\/wp-content\/uploads\/2026\/08\/oi_orelhao_jfcrz_abr_0302220439.webp",1170,700,false]},"categories_names":{"24958":{"name":"Economia","link":"https:\/\/www.fatosefotosnews.com.br\/?cat=24958"}},"tags_names":{"995":{"name":"decreta","link":"https:\/\/www.fatosefotosnews.com.br\/?tag=decreta"},"9401":{"name":"falencia","link":"https:\/\/www.fatosefotosnews.com.br\/?tag=falencia"},"1513":{"name":"justi","link":"https:\/\/www.fatosefotosnews.com.br\/?tag=justi"},"630":{"name":"segunda","link":"https:\/\/www.fatosefotosnews.com.br\/?tag=segunda"}},"comments_number":"0","wpmagazine_modules_lite_featured_media_urls":{"thumbnail":["https:\/\/www.fatosefotosnews.com.br\/wp-content\/uploads\/2026\/08\/oi_orelhao_jfcrz_abr_0302220439-150x150.webp",150,150,true],"cvmm-medium":["https:\/\/www.fatosefotosnews.com.br\/wp-content\/uploads\/2026\/08\/oi_orelhao_jfcrz_abr_0302220439-300x300.webp",300,300,true],"cvmm-medium-plus":["https:\/\/www.fatosefotosnews.com.br\/wp-content\/uploads\/2026\/08\/oi_orelhao_jfcrz_abr_0302220439-305x207.webp",305,207,true],"cvmm-portrait":["https:\/\/www.fatosefotosnews.com.br\/wp-content\/uploads\/2026\/08\/oi_orelhao_jfcrz_abr_0302220439-400x600.webp",400,600,true],"cvmm-medium-square":["https:\/\/www.fatosefotosnews.com.br\/wp-content\/uploads\/2026\/08\/oi_orelhao_jfcrz_abr_0302220439-600x600.webp",600,600,true],"cvmm-large":["https:\/\/www.fatosefotosnews.com.br\/wp-content\/uploads\/2026\/08\/oi_orelhao_jfcrz_abr_0302220439-1024x700.webp",1024,700,true],"cvmm-small":["https:\/\/www.fatosefotosnews.com.br\/wp-content\/uploads\/2026\/08\/oi_orelhao_jfcrz_abr_0302220439-130x95.webp",130,95,true],"full":["https:\/\/www.fatosefotosnews.com.br\/wp-content\/uploads\/2026\/08\/oi_orelhao_jfcrz_abr_0302220439.webp",1170,700,false]},"_links":{"self":[{"href":"https:\/\/www.fatosefotosnews.com.br\/index.php?rest_route=\/wp\/v2\/posts\/157861","targetHints":{"allow":["GET"]}}],"collection":[{"href":"https:\/\/www.fatosefotosnews.com.br\/index.php?rest_route=\/wp\/v2\/posts"}],"about":[{"href":"https:\/\/www.fatosefotosnews.com.br\/index.php?rest_route=\/wp\/v2\/types\/post"}],"author":[{"embeddable":true,"href":"https:\/\/www.fatosefotosnews.com.br\/index.php?rest_route=\/wp\/v2\/users\/12"}],"replies":[{"embeddable":true,"href":"https:\/\/www.fatosefotosnews.com.br\/index.php?rest_route=%2Fwp%2Fv2%2Fcomments&post=157861"}],"version-history":[{"count":1,"href":"https:\/\/www.fatosefotosnews.com.br\/index.php?rest_route=\/wp\/v2\/posts\/157861\/revisions"}],"predecessor-version":[{"id":157862,"href":"https:\/\/www.fatosefotosnews.com.br\/index.php?rest_route=\/wp\/v2\/posts\/157861\/revisions\/157862"}],"wp:featuredmedia":[{"embeddable":true,"href":"https:\/\/www.fatosefotosnews.com.br\/index.php?rest_route=\/wp\/v2\/media\/157847"}],"wp:attachment":[{"href":"https:\/\/www.fatosefotosnews.com.br\/index.php?rest_route=%2Fwp%2Fv2%2Fmedia&parent=157861"}],"wp:term":[{"taxonomy":"category","embeddable":true,"href":"https:\/\/www.fatosefotosnews.com.br\/index.php?rest_route=%2Fwp%2Fv2%2Fcategories&post=157861"},{"taxonomy":"post_tag","embeddable":true,"href":"https:\/\/www.fatosefotosnews.com.br\/index.php?rest_route=%2Fwp%2Fv2%2Ftags&post=157861"}],"curies":[{"name":"wp","href":"https:\/\/api.w.org\/{rel}","templated":true}]}}