{"id":157867,"date":"2026-08-26T08:30:44","date_gmt":"2026-08-26T11:30:44","guid":{"rendered":"https:\/\/www.fatosefotosnews.com.br\/?p=157867"},"modified":"2026-08-25T22:06:23","modified_gmt":"2026-08-26T01:06:23","slug":"organizacao-lanca-no-brasil-movimento-um-dia-sem-internet","status":"publish","type":"post","link":"https:\/\/www.fatosefotosnews.com.br\/?p=157867","title":{"rendered":"Organiza\u00e7\u00e3o lan\u00e7a no Brasil movimento Um Dia sem Internet"},"content":{"rendered":"<p>Foto: Jo\u00e9dson Alves\/Ag\u00eancia Brasil<\/p>\n<div id=\"block-tts-block-tts\" class=\"block block-tts\">\n<div class=\"content\">\n<div id=\"tts-container\" class=\"container-audio rel-position\">\n<div class=\"title abs-position\"><\/div>\n<\/div>\n<\/div>\n<\/div>\n<div class=\"conteudo-noticia\">\n<p>Sair da rotina da internet e das redes sociais de todo o mundo, incentivando, por outro lado, o tempo offline com qualidade, \u00e9 o objetivo do primeiro Dia do Reset (Reset Day), que ser\u00e1 lan\u00e7ado nesta quarta-feira (26), no Brasil, pela Outward Bound Brasil (OBB), organiza\u00e7\u00e3o educacional internacional voltada ao desenvolvimento humano por meio de experi\u00eancias ao ar livre.<img decoding=\"async\" src=\"https:\/\/agenciabrasil.ebc.com.br\/ebc.png?id=1700580&amp;o=node\" \/><img decoding=\"async\" src=\"https:\/\/agenciabrasil.ebc.com.br\/ebc.gif?id=1700580&amp;o=node\" \/><\/p>\n<p><strong>O dia ser\u00e1 marcado pelo lan\u00e7amento de um filme manifesto e a abertura de inscri\u00e7\u00f5es para a a\u00e7\u00e3o<\/strong>, que acontecer\u00e1 no dia 26 de setembro pr\u00f3ximo, em todo o pa\u00eds. A iniciativa \u00e9 gratuita e baseada na escolha do que cada pessoa far\u00e1 com a sua pausa das redes.<\/p>\n<p>A inten\u00e7\u00e3o \u00e9 engajar 200 mil brasileiros simultaneamente e registrar entre 250 mil a 700 mil horas desconectadas de redes e dispositivos por 24 horas.\u00a0<strong>O conceito \u00e9 Um dia. Redes Sociais fora do ar. Voc\u00ea dentro da vida.<\/strong><\/p>\n<p>O Dia do Reset foi criado pela Outward Bound nos Estados Unidos, em 2025, com o nome The Reset. A iniciativa convida jovens, fam\u00edlias, escolas, empresas e comunidades a realizarem uma pausa volunt\u00e1ria das redes e dedicarem esse per\u00edodo \u00e0 natureza, \u00e0 conviv\u00eancia, \u00e0s rela\u00e7\u00f5es presenciais e \u00e0 reconex\u00e3o consigo mesmos.<\/p>\n<p><strong>Na edi\u00e7\u00e3o inaugural nos Estados Unidos foram reunidos 51 mil participantes, resultando em 328 mil horas de desconex\u00e3o digital.<\/strong><\/p>\n<p>Fundada em 1941, em Aberdyfi, no Reino Unido, a Outward Bound \u00e9 pioneira na aprendizagem experiencial ao ar livre.<\/p>\n<p>A organiza\u00e7\u00e3o est\u00e1 presente em seis continentes, onde realiza experi\u00eancias voltadas ao desenvolvimento humano. No Brasil, a OB est\u00e1 desde o ano 2000.<\/p>\n<p><strong>A organiza\u00e7\u00e3o utiliza a natureza como parte central de sua metodologia, desenvolvendo programas para crian\u00e7as, adolescentes, adultos, fam\u00edlias, escolas, organiza\u00e7\u00f5es sociais e empresas.<\/strong><\/p>\n<h2>Ansiedade e depress\u00e3o<\/h2>\n<p>Estudos mostram que,\u00a0<strong>no Brasil, as pessoas costumam passar em torno de 116 horas por semana conectadas \u00e0 internet<\/strong>, o que significa a m\u00e9dia de 52 anos, 9 meses e 16 dias vividos de forma online.<\/p>\n<p>De acordo com estimativas, o Brasil seria o segundo pa\u00eds no mundo em tempo m\u00e9dio de uso de redes sociais.<\/p>\n<p>O conselheiro da OBB Eduardo Becker chama a aten\u00e7\u00e3o para os n\u00fameros que o Brasil apresenta.<\/p>\n<blockquote><p>\u201cO Brasil figura sempre entre os primeiros lugares no tempo de uso de redes sociais, com 54% dos jovens tendo algum quadro de ansiedade ou p\u00e2nico; 80% n\u00e3o fazem o m\u00ednimo de atividade f\u00edsica recomendado pela Organiza\u00e7\u00e3o Mundial da Sa\u00fade (OMS)\u201d, alerta o conselheiro.<\/p><\/blockquote>\n<p>Becker avalia que o que se observa \u00e9 uma pandemia silenciosa. E ressalta, no entanto, que\u00a0<strong>o Dia do Reset n\u00e3o \u00e9 contra a tecnologia<\/strong>.<\/p>\n<p>\u201cTodos n\u00f3s usamos a tecnologia. O evento s\u00f3 quer jogar luz sobre a quest\u00e3o do equil\u00edbrio. \u00c9 quando a gente usa a tecnologia de forma intencional ou quando ela est\u00e1 usando a gente. O que n\u00f3s queremos \u00e9 que as pessoas entendam que a tecnologia tem seu papel, mas que estar presente nos lugares, entender que a vida real \u00e9 mais importante \u00e9 uma quest\u00e3o de sa\u00fade\u201d, disse Becker \u00e0\u00a0<strong>Ag\u00eancia Brasil<\/strong>.<\/p>\n<p>O diretor executivo da Outward Bound Brasil, Andreas Martin, conhecido por Fish, acrescenta que a proposta n\u00e3o \u00e9 se desconectar da tecnologia, mas alcan\u00e7ar o equil\u00edbrio e ter em mente que antes de sermos usu\u00e1rios digitais, somos pessoas.<\/p>\n<p>\u201cE construir uma vida significativa exige tempo, presen\u00e7a e espa\u00e7o para estar com o outro e consigo mesmo\u201d, ressalta.<\/p>\n<h2>Escolha pessoal<\/h2>\n<p>A proposta do dia sem internet convida as pessoas a voltar ao dia a dia, e que cada participante que se inscrever escolha como vai preencher o tempo livre durante a a\u00e7\u00e3o, com caminhada, banho de rio, jogo em fam\u00edlia, rodas de conversa. Algumas horas de contempla\u00e7\u00e3o offline s\u00e3o algumas sugest\u00f5es.<\/p>\n<p><strong>Mais de 80 empresas j\u00e1 foram mobilizadas para o dia 26 de setembro.<\/strong>\u00a0O movimento conta tamb\u00e9m com patrocinadores que financiam bolsas para jovens em situa\u00e7\u00e3o de vulnerabilidade em programas educacionais da OBB. Escolas, empresas e fam\u00edlias poder\u00e3o organizar suas pr\u00f3prias atividades, cada uma no seu formato.<\/p>\n<p>Apoiam a mobiliza\u00e7\u00e3o, entre outras personalidades, o pediatra Daniel Becker; o escritor e educador Ilan Brenman; Aretha Duarte, primeira mulher negra latino-americana a alcan\u00e7ar o cume do Everest; Gabriel Abdalla, idealizador da plataforma Reconecta; e Beto Pandiani, conhecido velejador brasileiro.<\/p>\n<p>O ponto de contato para a ocupa\u00e7\u00e3o de espa\u00e7os p\u00fablicos \u00e9 o coletivo Entre Parques.<\/p>\n<p>O movimento disponibilizar\u00e1 pelo\u00a0<a href=\"http:\/\/www.obb.org.br\/\" target=\"_blank\" rel=\"noopener\">site oficial<\/a>\u00a0o acesso a materiais educativos e guias de atividades sugeridas.<\/p>\n<div class=\"noticias-relacionadas rel-position rowflex\"><\/div>\n<\/div>\n","protected":false},"excerpt":{"rendered":"<p>Foto: Jo\u00e9dson Alves\/Ag\u00eancia Brasil Sair da rotina da internet e das redes sociais de todo o mundo, incentivando, por outro lado, o tempo offline com qualidade, \u00e9 o objetivo do primeiro Dia do Reset (Reset Day), que ser\u00e1 lan\u00e7ado nesta quarta-feira (26), no Brasil, pela Outward Bound Brasil (OBB), organiza\u00e7\u00e3o educacional internacional voltada ao desenvolvimento [&hellip;]<\/p>\n","protected":false},"author":12,"featured_media":157844,"comment_status":"closed","ping_status":"open","sticky":false,"template":"","format":"standard","meta":{"_acf_changed":false,"_angie_page":false,"_monsterinsights_skip_tracking":false,"_themeisle_gutenberg_block_has_review":false,"page_builder":"","footnotes":"","jetpack_publicize_message":"","jetpack_publicize_feature_enabled":true,"jetpack_social_post_already_shared":true,"jetpack_social_options":{"image_generator_settings":{"template":"highway","default_image_id":0,"font":"","enabled":false},"version":2}},"categories":[167],"tags":[179,3782,2844,3918],"class_list":["post-157867","post","type-post","status-publish","format-standard","has-post-thumbnail","hentry","category-geral","tag-brasil","tag-internet","tag-movimento","tag-organiza"],"acf":[],"nelio_content":{"autoShareEndMode":"never","automationSources":{"useCustomSentences":false,"customSentences":[]},"efiAlt":"","efiUrl":"","followers":[12],"highlights":[],"isAutoShareEnabled":true,"networkImageIds":[],"permalinkQueryArgs":[],"series":[],"suggestedReferences":[]},"yoast_head":"<!-- This site is optimized with the Yoast SEO plugin v28.3 - https:\/\/yoast.com\/product\/yoast-seo-wordpress\/ -->\n<title>Organiza\u00e7\u00e3o lan\u00e7a no Brasil movimento Um Dia sem Internet - Fatos e Fotos News<\/title>\n<meta name=\"robots\" content=\"index, follow, max-snippet:-1, max-image-preview:large, max-video-preview:-1\" \/>\n<link rel=\"canonical\" href=\"https:\/\/www.fatosefotosnews.com.br\/?p=157867\" \/>\n<meta property=\"og:locale\" content=\"pt_BR\" \/>\n<meta property=\"og:type\" content=\"article\" \/>\n<meta property=\"og:title\" content=\"Organiza\u00e7\u00e3o lan\u00e7a no Brasil movimento Um Dia sem Internet - Fatos e Fotos News\" \/>\n<meta property=\"og:description\" content=\"Foto: Jo\u00e9dson Alves\/Ag\u00eancia Brasil Sair da rotina da internet e das redes sociais de todo o mundo, incentivando, por outro lado, o tempo offline com qualidade, \u00e9 o objetivo do primeiro Dia do Reset (Reset Day), que ser\u00e1 lan\u00e7ado nesta quarta-feira (26), no Brasil, pela Outward Bound Brasil (OBB), organiza\u00e7\u00e3o educacional internacional voltada ao desenvolvimento [&hellip;]\" \/>\n<meta property=\"og:url\" content=\"https:\/\/www.fatosefotosnews.com.br\/?p=157867\" \/>\n<meta property=\"og:site_name\" content=\"Fatos e Fotos News\" \/>\n<meta property=\"article:published_time\" content=\"2026-08-26T11:30:44+00:00\" \/>\n<meta property=\"og:image\" content=\"https:\/\/www.fatosefotosnews.com.br\/wp-content\/uploads\/2026\/08\/mg_8551.webp\" \/>\n\t<meta property=\"og:image:width\" content=\"1170\" \/>\n\t<meta property=\"og:image:height\" content=\"700\" \/>\n\t<meta property=\"og:image:type\" content=\"image\/webp\" \/>\n<meta name=\"author\" content=\"Mirela Portugal\" \/>\n<meta name=\"twitter:card\" content=\"summary_large_image\" \/>\n<meta name=\"twitter:label1\" content=\"Escrito por\" \/>\n\t<meta name=\"twitter:data1\" content=\"Mirela Portugal\" \/>\n\t<meta name=\"twitter:label2\" content=\"Est. tempo de leitura\" \/>\n\t<meta name=\"twitter:data2\" content=\"5 minutos\" \/>\n<script type=\"application\/ld+json\" class=\"yoast-schema-graph\">{\"@context\":\"https:\\\/\\\/schema.org\",\"@graph\":[{\"@type\":\"Article\",\"@id\":\"https:\\\/\\\/www.fatosefotosnews.com.br\\\/?p=157867#article\",\"isPartOf\":{\"@id\":\"https:\\\/\\\/www.fatosefotosnews.com.br\\\/?p=157867\"},\"author\":{\"name\":\"Mirela Portugal\",\"@id\":\"https:\\\/\\\/www.fatosefotosnews.com.br\\\/#\\\/schema\\\/person\\\/17b18da658f5277ed99382206a85602f\"},\"headline\":\"Organiza\u00e7\u00e3o lan\u00e7a no Brasil movimento Um Dia sem Internet\",\"datePublished\":\"2026-08-26T11:30:44+00:00\",\"mainEntityOfPage\":{\"@id\":\"https:\\\/\\\/www.fatosefotosnews.com.br\\\/?p=157867\"},\"wordCount\":771,\"publisher\":{\"@id\":\"https:\\\/\\\/www.fatosefotosnews.com.br\\\/#organization\"},\"image\":{\"@id\":\"https:\\\/\\\/www.fatosefotosnews.com.br\\\/?p=157867#primaryimage\"},\"thumbnailUrl\":\"https:\\\/\\\/www.fatosefotosnews.com.br\\\/wp-content\\\/uploads\\\/2026\\\/08\\\/mg_8551.webp\",\"keywords\":[\"Brasil\",\"internet\",\"movimento\",\"organiza\"],\"articleSection\":[\"Geral\"],\"inLanguage\":\"pt-BR\"},{\"@type\":\"WebPage\",\"@id\":\"https:\\\/\\\/www.fatosefotosnews.com.br\\\/?p=157867\",\"url\":\"https:\\\/\\\/www.fatosefotosnews.com.br\\\/?p=157867\",\"name\":\"Organiza\u00e7\u00e3o lan\u00e7a no Brasil movimento Um Dia sem Internet - Fatos e Fotos News\",\"isPartOf\":{\"@id\":\"https:\\\/\\\/www.fatosefotosnews.com.br\\\/#website\"},\"primaryImageOfPage\":{\"@id\":\"https:\\\/\\\/www.fatosefotosnews.com.br\\\/?p=157867#primaryimage\"},\"image\":{\"@id\":\"https:\\\/\\\/www.fatosefotosnews.com.br\\\/?p=157867#primaryimage\"},\"thumbnailUrl\":\"https:\\\/\\\/www.fatosefotosnews.com.br\\\/wp-content\\\/uploads\\\/2026\\\/08\\\/mg_8551.webp\",\"datePublished\":\"2026-08-26T11:30:44+00:00\",\"breadcrumb\":{\"@id\":\"https:\\\/\\\/www.fatosefotosnews.com.br\\\/?p=157867#breadcrumb\"},\"inLanguage\":\"pt-BR\",\"potentialAction\":[{\"@type\":\"ReadAction\",\"target\":[\"https:\\\/\\\/www.fatosefotosnews.com.br\\\/?p=157867\"]}]},{\"@type\":\"ImageObject\",\"inLanguage\":\"pt-BR\",\"@id\":\"https:\\\/\\\/www.fatosefotosnews.com.br\\\/?p=157867#primaryimage\",\"url\":\"https:\\\/\\\/www.fatosefotosnews.com.br\\\/wp-content\\\/uploads\\\/2026\\\/08\\\/mg_8551.webp\",\"contentUrl\":\"https:\\\/\\\/www.fatosefotosnews.com.br\\\/wp-content\\\/uploads\\\/2026\\\/08\\\/mg_8551.webp\",\"width\":1170,\"height\":700},{\"@type\":\"BreadcrumbList\",\"@id\":\"https:\\\/\\\/www.fatosefotosnews.com.br\\\/?p=157867#breadcrumb\",\"itemListElement\":[{\"@type\":\"ListItem\",\"position\":1,\"name\":\"In\u00edcio\",\"item\":\"https:\\\/\\\/www.fatosefotosnews.com.br\\\/\"},{\"@type\":\"ListItem\",\"position\":2,\"name\":\"Organiza\u00e7\u00e3o lan\u00e7a no Brasil movimento Um Dia sem Internet\"}]},{\"@type\":\"WebSite\",\"@id\":\"https:\\\/\\\/www.fatosefotosnews.com.br\\\/#website\",\"url\":\"https:\\\/\\\/www.fatosefotosnews.com.br\\\/\",\"name\":\"Fatos e Fotos News\",\"description\":\"Um site de noticial verdadeira e confi\u00e1veis.\",\"publisher\":{\"@id\":\"https:\\\/\\\/www.fatosefotosnews.com.br\\\/#organization\"},\"potentialAction\":[{\"@type\":\"SearchAction\",\"target\":{\"@type\":\"EntryPoint\",\"urlTemplate\":\"https:\\\/\\\/www.fatosefotosnews.com.br\\\/?s={search_term_string}\"},\"query-input\":{\"@type\":\"PropertyValueSpecification\",\"valueRequired\":true,\"valueName\":\"search_term_string\"}}],\"inLanguage\":\"pt-BR\"},{\"@type\":\"Organization\",\"@id\":\"https:\\\/\\\/www.fatosefotosnews.com.br\\\/#organization\",\"name\":\"Fatos e Fotos News\",\"url\":\"https:\\\/\\\/www.fatosefotosnews.com.br\\\/\",\"logo\":{\"@type\":\"ImageObject\",\"inLanguage\":\"pt-BR\",\"@id\":\"https:\\\/\\\/www.fatosefotosnews.com.br\\\/#\\\/schema\\\/logo\\\/image\\\/\",\"url\":\"https:\\\/\\\/www.fatosefotosnews.com.br\\\/wp-content\\\/uploads\\\/2023\\\/02\\\/Fatos-e-Fotos-news-logo.png\",\"contentUrl\":\"https:\\\/\\\/www.fatosefotosnews.com.br\\\/wp-content\\\/uploads\\\/2023\\\/02\\\/Fatos-e-Fotos-news-logo.png\",\"width\":300,\"height\":58,\"caption\":\"Fatos e Fotos News\"},\"image\":{\"@id\":\"https:\\\/\\\/www.fatosefotosnews.com.br\\\/#\\\/schema\\\/logo\\\/image\\\/\"}},{\"@type\":\"Person\",\"@id\":\"https:\\\/\\\/www.fatosefotosnews.com.br\\\/#\\\/schema\\\/person\\\/17b18da658f5277ed99382206a85602f\",\"name\":\"Mirela Portugal\",\"image\":{\"@type\":\"ImageObject\",\"inLanguage\":\"pt-BR\",\"@id\":\"https:\\\/\\\/secure.gravatar.com\\\/avatar\\\/2f92fb43fda38d1a46cf4a155e1c2951193d91d9bed3df97fce720eeb9595d08?s=96&d=mm&r=g\",\"url\":\"https:\\\/\\\/secure.gravatar.com\\\/avatar\\\/2f92fb43fda38d1a46cf4a155e1c2951193d91d9bed3df97fce720eeb9595d08?s=96&d=mm&r=g\",\"contentUrl\":\"https:\\\/\\\/secure.gravatar.com\\\/avatar\\\/2f92fb43fda38d1a46cf4a155e1c2951193d91d9bed3df97fce720eeb9595d08?s=96&d=mm&r=g\",\"caption\":\"Mirela Portugal\"},\"sameAs\":[\"http:\\\/\\\/fatosefotosnews.com.br\"],\"url\":\"https:\\\/\\\/www.fatosefotosnews.com.br\\\/?author=12\"}]}<\/script>\n<!-- \/ Yoast SEO plugin. -->","yoast_head_json":{"title":"Organiza\u00e7\u00e3o lan\u00e7a no Brasil movimento Um Dia sem Internet - Fatos e Fotos News","robots":{"index":"index","follow":"follow","max-snippet":"max-snippet:-1","max-image-preview":"max-image-preview:large","max-video-preview":"max-video-preview:-1"},"canonical":"https:\/\/www.fatosefotosnews.com.br\/?p=157867","og_locale":"pt_BR","og_type":"article","og_title":"Organiza\u00e7\u00e3o lan\u00e7a no Brasil movimento Um Dia sem Internet - Fatos e Fotos News","og_description":"Foto: Jo\u00e9dson Alves\/Ag\u00eancia Brasil Sair da rotina da internet e das redes sociais de todo o mundo, incentivando, por outro lado, o tempo offline com qualidade, \u00e9 o objetivo do primeiro Dia do Reset (Reset Day), que ser\u00e1 lan\u00e7ado nesta quarta-feira (26), no Brasil, pela Outward Bound Brasil (OBB), organiza\u00e7\u00e3o educacional internacional voltada ao desenvolvimento [&hellip;]","og_url":"https:\/\/www.fatosefotosnews.com.br\/?p=157867","og_site_name":"Fatos e Fotos News","article_published_time":"2026-08-26T11:30:44+00:00","og_image":[{"width":1170,"height":700,"url":"https:\/\/www.fatosefotosnews.com.br\/wp-content\/uploads\/2026\/08\/mg_8551.webp","type":"image\/webp"}],"author":"Mirela Portugal","twitter_card":"summary_large_image","twitter_misc":{"Escrito por":"Mirela Portugal","Est. tempo de leitura":"5 minutos"},"schema":{"@context":"https:\/\/schema.org","@graph":[{"@type":"Article","@id":"https:\/\/www.fatosefotosnews.com.br\/?p=157867#article","isPartOf":{"@id":"https:\/\/www.fatosefotosnews.com.br\/?p=157867"},"author":{"name":"Mirela Portugal","@id":"https:\/\/www.fatosefotosnews.com.br\/#\/schema\/person\/17b18da658f5277ed99382206a85602f"},"headline":"Organiza\u00e7\u00e3o lan\u00e7a no Brasil movimento Um Dia sem Internet","datePublished":"2026-08-26T11:30:44+00:00","mainEntityOfPage":{"@id":"https:\/\/www.fatosefotosnews.com.br\/?p=157867"},"wordCount":771,"publisher":{"@id":"https:\/\/www.fatosefotosnews.com.br\/#organization"},"image":{"@id":"https:\/\/www.fatosefotosnews.com.br\/?p=157867#primaryimage"},"thumbnailUrl":"https:\/\/www.fatosefotosnews.com.br\/wp-content\/uploads\/2026\/08\/mg_8551.webp","keywords":["Brasil","internet","movimento","organiza"],"articleSection":["Geral"],"inLanguage":"pt-BR"},{"@type":"WebPage","@id":"https:\/\/www.fatosefotosnews.com.br\/?p=157867","url":"https:\/\/www.fatosefotosnews.com.br\/?p=157867","name":"Organiza\u00e7\u00e3o lan\u00e7a no Brasil movimento Um Dia sem Internet - Fatos e Fotos News","isPartOf":{"@id":"https:\/\/www.fatosefotosnews.com.br\/#website"},"primaryImageOfPage":{"@id":"https:\/\/www.fatosefotosnews.com.br\/?p=157867#primaryimage"},"image":{"@id":"https:\/\/www.fatosefotosnews.com.br\/?p=157867#primaryimage"},"thumbnailUrl":"https:\/\/www.fatosefotosnews.com.br\/wp-content\/uploads\/2026\/08\/mg_8551.webp","datePublished":"2026-08-26T11:30:44+00:00","breadcrumb":{"@id":"https:\/\/www.fatosefotosnews.com.br\/?p=157867#breadcrumb"},"inLanguage":"pt-BR","potentialAction":[{"@type":"ReadAction","target":["https:\/\/www.fatosefotosnews.com.br\/?p=157867"]}]},{"@type":"ImageObject","inLanguage":"pt-BR","@id":"https:\/\/www.fatosefotosnews.com.br\/?p=157867#primaryimage","url":"https:\/\/www.fatosefotosnews.com.br\/wp-content\/uploads\/2026\/08\/mg_8551.webp","contentUrl":"https:\/\/www.fatosefotosnews.com.br\/wp-content\/uploads\/2026\/08\/mg_8551.webp","width":1170,"height":700},{"@type":"BreadcrumbList","@id":"https:\/\/www.fatosefotosnews.com.br\/?p=157867#breadcrumb","itemListElement":[{"@type":"ListItem","position":1,"name":"In\u00edcio","item":"https:\/\/www.fatosefotosnews.com.br\/"},{"@type":"ListItem","position":2,"name":"Organiza\u00e7\u00e3o lan\u00e7a no Brasil movimento Um Dia sem Internet"}]},{"@type":"WebSite","@id":"https:\/\/www.fatosefotosnews.com.br\/#website","url":"https:\/\/www.fatosefotosnews.com.br\/","name":"Fatos e Fotos News","description":"Um site de noticial verdadeira e confi\u00e1veis.","publisher":{"@id":"https:\/\/www.fatosefotosnews.com.br\/#organization"},"potentialAction":[{"@type":"SearchAction","target":{"@type":"EntryPoint","urlTemplate":"https:\/\/www.fatosefotosnews.com.br\/?s={search_term_string}"},"query-input":{"@type":"PropertyValueSpecification","valueRequired":true,"valueName":"search_term_string"}}],"inLanguage":"pt-BR"},{"@type":"Organization","@id":"https:\/\/www.fatosefotosnews.com.br\/#organization","name":"Fatos e Fotos News","url":"https:\/\/www.fatosefotosnews.com.br\/","logo":{"@type":"ImageObject","inLanguage":"pt-BR","@id":"https:\/\/www.fatosefotosnews.com.br\/#\/schema\/logo\/image\/","url":"https:\/\/www.fatosefotosnews.com.br\/wp-content\/uploads\/2023\/02\/Fatos-e-Fotos-news-logo.png","contentUrl":"https:\/\/www.fatosefotosnews.com.br\/wp-content\/uploads\/2023\/02\/Fatos-e-Fotos-news-logo.png","width":300,"height":58,"caption":"Fatos e Fotos News"},"image":{"@id":"https:\/\/www.fatosefotosnews.com.br\/#\/schema\/logo\/image\/"}},{"@type":"Person","@id":"https:\/\/www.fatosefotosnews.com.br\/#\/schema\/person\/17b18da658f5277ed99382206a85602f","name":"Mirela Portugal","image":{"@type":"ImageObject","inLanguage":"pt-BR","@id":"https:\/\/secure.gravatar.com\/avatar\/2f92fb43fda38d1a46cf4a155e1c2951193d91d9bed3df97fce720eeb9595d08?s=96&d=mm&r=g","url":"https:\/\/secure.gravatar.com\/avatar\/2f92fb43fda38d1a46cf4a155e1c2951193d91d9bed3df97fce720eeb9595d08?s=96&d=mm&r=g","contentUrl":"https:\/\/secure.gravatar.com\/avatar\/2f92fb43fda38d1a46cf4a155e1c2951193d91d9bed3df97fce720eeb9595d08?s=96&d=mm&r=g","caption":"Mirela Portugal"},"sameAs":["http:\/\/fatosefotosnews.com.br"],"url":"https:\/\/www.fatosefotosnews.com.br\/?author=12"}]}},"jetpack_publicize_connections":[],"blog_post_layout_featured_media_urls":{"thumbnail":["https:\/\/www.fatosefotosnews.com.br\/wp-content\/uploads\/2026\/08\/mg_8551-150x150.webp",150,150,true],"full":["https:\/\/www.fatosefotosnews.com.br\/wp-content\/uploads\/2026\/08\/mg_8551.webp",1170,700,false]},"categories_names":{"167":{"name":"Geral","link":"https:\/\/www.fatosefotosnews.com.br\/?cat=167"}},"tags_names":{"179":{"name":"Brasil","link":"https:\/\/www.fatosefotosnews.com.br\/?tag=brasil"},"3782":{"name":"internet","link":"https:\/\/www.fatosefotosnews.com.br\/?tag=internet"},"2844":{"name":"movimento","link":"https:\/\/www.fatosefotosnews.com.br\/?tag=movimento"},"3918":{"name":"organiza","link":"https:\/\/www.fatosefotosnews.com.br\/?tag=organiza"}},"comments_number":"0","wpmagazine_modules_lite_featured_media_urls":{"thumbnail":["https:\/\/www.fatosefotosnews.com.br\/wp-content\/uploads\/2026\/08\/mg_8551-150x150.webp",150,150,true],"cvmm-medium":["https:\/\/www.fatosefotosnews.com.br\/wp-content\/uploads\/2026\/08\/mg_8551-300x300.webp",300,300,true],"cvmm-medium-plus":["https:\/\/www.fatosefotosnews.com.br\/wp-content\/uploads\/2026\/08\/mg_8551-305x207.webp",305,207,true],"cvmm-portrait":["https:\/\/www.fatosefotosnews.com.br\/wp-content\/uploads\/2026\/08\/mg_8551-400x600.webp",400,600,true],"cvmm-medium-square":["https:\/\/www.fatosefotosnews.com.br\/wp-content\/uploads\/2026\/08\/mg_8551-600x600.webp",600,600,true],"cvmm-large":["https:\/\/www.fatosefotosnews.com.br\/wp-content\/uploads\/2026\/08\/mg_8551-1024x700.webp",1024,700,true],"cvmm-small":["https:\/\/www.fatosefotosnews.com.br\/wp-content\/uploads\/2026\/08\/mg_8551-130x95.webp",130,95,true],"full":["https:\/\/www.fatosefotosnews.com.br\/wp-content\/uploads\/2026\/08\/mg_8551.webp",1170,700,false]},"_links":{"self":[{"href":"https:\/\/www.fatosefotosnews.com.br\/index.php?rest_route=\/wp\/v2\/posts\/157867","targetHints":{"allow":["GET"]}}],"collection":[{"href":"https:\/\/www.fatosefotosnews.com.br\/index.php?rest_route=\/wp\/v2\/posts"}],"about":[{"href":"https:\/\/www.fatosefotosnews.com.br\/index.php?rest_route=\/wp\/v2\/types\/post"}],"author":[{"embeddable":true,"href":"https:\/\/www.fatosefotosnews.com.br\/index.php?rest_route=\/wp\/v2\/users\/12"}],"replies":[{"embeddable":true,"href":"https:\/\/www.fatosefotosnews.com.br\/index.php?rest_route=%2Fwp%2Fv2%2Fcomments&post=157867"}],"version-history":[{"count":1,"href":"https:\/\/www.fatosefotosnews.com.br\/index.php?rest_route=\/wp\/v2\/posts\/157867\/revisions"}],"predecessor-version":[{"id":157868,"href":"https:\/\/www.fatosefotosnews.com.br\/index.php?rest_route=\/wp\/v2\/posts\/157867\/revisions\/157868"}],"wp:featuredmedia":[{"embeddable":true,"href":"https:\/\/www.fatosefotosnews.com.br\/index.php?rest_route=\/wp\/v2\/media\/157844"}],"wp:attachment":[{"href":"https:\/\/www.fatosefotosnews.com.br\/index.php?rest_route=%2Fwp%2Fv2%2Fmedia&parent=157867"}],"wp:term":[{"taxonomy":"category","embeddable":true,"href":"https:\/\/www.fatosefotosnews.com.br\/index.php?rest_route=%2Fwp%2Fv2%2Fcategories&post=157867"},{"taxonomy":"post_tag","embeddable":true,"href":"https:\/\/www.fatosefotosnews.com.br\/index.php?rest_route=%2Fwp%2Fv2%2Ftags&post=157867"}],"curies":[{"name":"wp","href":"https:\/\/api.w.org\/{rel}","templated":true}]}}