{"id":157869,"date":"2026-08-26T08:45:39","date_gmt":"2026-08-26T11:45:39","guid":{"rendered":"https:\/\/www.fatosefotosnews.com.br\/?p=157869"},"modified":"2026-08-25T22:08:47","modified_gmt":"2026-08-26T01:08:47","slug":"anvisa-aprova-segundo-generico-de-semaglutida-em-caneta-injetavel","status":"publish","type":"post","link":"https:\/\/www.fatosefotosnews.com.br\/?p=157869","title":{"rendered":"Anvisa aprova segundo gen\u00e9rico de semaglutida em caneta injet\u00e1vel"},"content":{"rendered":"<p>Foto: Rafa Neddermeyer\/Ag\u00eancia Brasil<\/p>\n<div id=\"block-tts-block-tts\" class=\"block block-tts\">\n<div class=\"content\">\n<div id=\"tts-container\" class=\"container-audio rel-position\">\n<div class=\"title abs-position\"><\/div>\n<\/div>\n<\/div>\n<\/div>\n<div class=\"conteudo-noticia\">\n<p>A Ag\u00eancia Nacional de Vigil\u00e2ncia Sanit\u00e1ria (Anvisa) aprovou o registro do segundo medicamento gen\u00e9rico de semaglutida sint\u00e9tica\u00a0no Brasil, produzido pela Germed Farmac\u00eautica.<img decoding=\"async\" src=\"https:\/\/agenciabrasil.ebc.com.br\/ebc.png?id=1700576&amp;o=node\" \/><img decoding=\"async\" src=\"https:\/\/agenciabrasil.ebc.com.br\/ebc.gif?id=1700576&amp;o=node\" \/><\/p>\n<p><a href=\"https:\/\/www.in.gov.br\/en\/web\/dou\/-\/resolucao-re-n-3.325-de-20-de-agosto-de-2026-727239814\" target=\"_blank\" rel=\"noopener\">O registro que autoriza a comercializa\u00e7\u00e3o da vers\u00e3o gen\u00e9rica foi publicado no Di\u00e1rio Oficial da Uni\u00e3o de\u00a0segunda-feira (24)<\/a>.<\/p>\n<p>A semaglutida \u00e9 indicada para o tratamento de diabetes mellitus tipo 2, pois ajuda a controlar os n\u00edveis elevados de glicose no sangue.\u00a0M\u00e9dicos tamb\u00e9m receitam a subst\u00e2ncia para o controle da obesidade.<\/p>\n<p>A subst\u00e2ncia\u00a0\u00e9 aplicada\u00a0por meio de uma caneta com agulhas e ficou popular como princ\u00edpio ativo dos produtos Ozempic e Wegovy, da fabricante Nordisk.<\/p>\n<p><a href=\"https:\/\/agenciabrasil.ebc.com.br\/saude\/noticia\/2026-08\/anvisa-aprova-novas-canetas-de-semaglutida-incluindo-1a-generica\" target=\"_blank\" rel=\"noopener\">No \u00faltimo dia 17, a Anvisa aprovou a primeira vers\u00e3o gen\u00e9rica da semaglutida, esta produzida pelo laborat\u00f3rio farmac\u00eautico brasileiro\u00a0EMS<\/a>.<\/p>\n<p><strong>A Anvisa alerta que a comercializa\u00e7\u00e3o do novo produto est\u00e1 sujeita \u00e0 prescri\u00e7\u00e3o de receita m\u00e9dica em duas vias<\/strong>. Uma delas ficar\u00e1 retida na farm\u00e1cia, enquanto a outra via carimbada permanecer\u00e1 com o paciente.<\/p>\n<h2>Apresenta\u00e7\u00e3o<\/h2>\n<p>A caneta com o medicamento gen\u00e9rico n\u00e3o possui nome comercial de apresenta\u00e7\u00e3o, sendo identificada na embalagem apenas pelo nome da subst\u00e2ncia ativa (semaglutida).<\/p>\n<p>Conforme determinado na legisla\u00e7\u00e3o brasileira, na embalagem padronizada de um produto gen\u00e9rico \u00e9 obrigat\u00f3ria a impress\u00e3o da faixa amarela com a letra &#8220;G&#8221; em destaque e a inscri\u00e7\u00e3o &#8220;Medicamento Gen\u00e9rico&#8221;.<\/p>\n<p>A solu\u00e7\u00e3o semaglutida deve ser armazenada em temperaturas de 2 graus Celsius (\u00b0C) a 8 \u00b0C, em geladeira, antes e depois de iniciado o tratamento.<\/p>\n<h2>Dosagens do gen\u00e9rico de semaglutida<\/h2>\n<p>A seguir, as op\u00e7\u00f5es aprovadas pela Anvisa para apresenta\u00e7\u00e3o e dosagem do novo medicamento gen\u00e9rico de semaglutida:<\/p>\n<ul>\n<li>apresenta\u00e7\u00e3o de 1,5 mililitro (ml): caixa com dosagens iniciais ou ciclos menores, contendo uma caneta aplicadora preenchida e seis agulhas;<\/li>\n<li>apresenta\u00e7\u00e3o de 3 ml: op\u00e7\u00e3o com o dobro do volume (com duas canetas aplicadoras com 1,5 ml cada) para tratamentos continuados, acompanhada de dez agulhas;<\/li>\n<li>apresenta\u00e7\u00e3o de 3 ml: embalagem com uma \u00fanica caneta de maior capacidade (contendo 3 ml do produto) para quatro aplica\u00e7\u00f5es;<\/li>\n<li>apresenta\u00e7\u00e3o de 6 ml: caixa de maior volume total (com duas canetas aplicadoras de 3 ml cada), totalizando 6 ml de solu\u00e7\u00e3o com total de oito agulhas.<\/li>\n<\/ul>\n<\/div>\n","protected":false},"excerpt":{"rendered":"<p>Foto: Rafa Neddermeyer\/Ag\u00eancia Brasil A Ag\u00eancia Nacional de Vigil\u00e2ncia Sanit\u00e1ria (Anvisa) aprovou o registro do segundo medicamento gen\u00e9rico de semaglutida sint\u00e9tica\u00a0no Brasil, produzido pela Germed Farmac\u00eautica. O registro que autoriza a comercializa\u00e7\u00e3o da vers\u00e3o gen\u00e9rica foi publicado no Di\u00e1rio Oficial da Uni\u00e3o de\u00a0segunda-feira (24). A semaglutida \u00e9 indicada para o tratamento de diabetes mellitus tipo [&hellip;]<\/p>\n","protected":false},"author":12,"featured_media":157843,"comment_status":"closed","ping_status":"open","sticky":false,"template":"","format":"standard","meta":{"_acf_changed":false,"_angie_page":false,"_monsterinsights_skip_tracking":false,"_themeisle_gutenberg_block_has_review":false,"page_builder":"","footnotes":"","jetpack_publicize_message":"","jetpack_publicize_feature_enabled":true,"jetpack_social_post_already_shared":true,"jetpack_social_options":{"image_generator_settings":{"template":"highway","default_image_id":0,"font":"","enabled":false},"version":2}},"categories":[167,24857],"tags":[309,2000,14912,12092,10731,1279,29261],"class_list":["post-157869","post","type-post","status-publish","format-standard","has-post-thumbnail","hentry","category-geral","category-saude","tag-anvisa","tag-aprova","tag-caneta","tag-generico","tag-injetavel","tag-segundo","tag-semaglutida"],"acf":[],"nelio_content":{"autoShareEndMode":"never","automationSources":{"useCustomSentences":false,"customSentences":[]},"efiAlt":"","efiUrl":"","followers":[12],"highlights":[],"isAutoShareEnabled":true,"networkImageIds":[],"permalinkQueryArgs":[],"series":[],"suggestedReferences":[]},"yoast_head":"<!-- This site is optimized with the Yoast SEO plugin v28.3 - https:\/\/yoast.com\/product\/yoast-seo-wordpress\/ -->\n<title>Anvisa aprova segundo gen\u00e9rico de semaglutida em caneta injet\u00e1vel - Fatos e Fotos News<\/title>\n<meta name=\"robots\" content=\"index, follow, max-snippet:-1, max-image-preview:large, max-video-preview:-1\" \/>\n<link rel=\"canonical\" href=\"https:\/\/www.fatosefotosnews.com.br\/?p=157869\" \/>\n<meta property=\"og:locale\" content=\"pt_BR\" \/>\n<meta property=\"og:type\" content=\"article\" \/>\n<meta property=\"og:title\" content=\"Anvisa aprova segundo gen\u00e9rico de semaglutida em caneta injet\u00e1vel - Fatos e Fotos News\" \/>\n<meta property=\"og:description\" content=\"Foto: Rafa Neddermeyer\/Ag\u00eancia Brasil A Ag\u00eancia Nacional de Vigil\u00e2ncia Sanit\u00e1ria (Anvisa) aprovou o registro do segundo medicamento gen\u00e9rico de semaglutida sint\u00e9tica\u00a0no Brasil, produzido pela Germed Farmac\u00eautica. O registro que autoriza a comercializa\u00e7\u00e3o da vers\u00e3o gen\u00e9rica foi publicado no Di\u00e1rio Oficial da Uni\u00e3o de\u00a0segunda-feira (24). A semaglutida \u00e9 indicada para o tratamento de diabetes mellitus tipo [&hellip;]\" \/>\n<meta property=\"og:url\" content=\"https:\/\/www.fatosefotosnews.com.br\/?p=157869\" \/>\n<meta property=\"og:site_name\" content=\"Fatos e Fotos News\" \/>\n<meta property=\"article:published_time\" content=\"2026-08-26T11:45:39+00:00\" \/>\n<meta property=\"og:image\" content=\"https:\/\/www.fatosefotosnews.com.br\/wp-content\/uploads\/2026\/08\/img_7586.webp\" \/>\n\t<meta property=\"og:image:width\" content=\"1170\" \/>\n\t<meta property=\"og:image:height\" content=\"700\" \/>\n\t<meta property=\"og:image:type\" content=\"image\/webp\" \/>\n<meta name=\"author\" content=\"Mirela Portugal\" \/>\n<meta name=\"twitter:card\" content=\"summary_large_image\" \/>\n<meta name=\"twitter:label1\" content=\"Escrito por\" \/>\n\t<meta name=\"twitter:data1\" content=\"Mirela Portugal\" \/>\n\t<meta name=\"twitter:label2\" content=\"Est. tempo de leitura\" \/>\n\t<meta name=\"twitter:data2\" content=\"3 minutos\" \/>\n<script type=\"application\/ld+json\" class=\"yoast-schema-graph\">{\"@context\":\"https:\\\/\\\/schema.org\",\"@graph\":[{\"@type\":\"Article\",\"@id\":\"https:\\\/\\\/www.fatosefotosnews.com.br\\\/?p=157869#article\",\"isPartOf\":{\"@id\":\"https:\\\/\\\/www.fatosefotosnews.com.br\\\/?p=157869\"},\"author\":{\"name\":\"Mirela Portugal\",\"@id\":\"https:\\\/\\\/www.fatosefotosnews.com.br\\\/#\\\/schema\\\/person\\\/17b18da658f5277ed99382206a85602f\"},\"headline\":\"Anvisa aprova segundo gen\u00e9rico de semaglutida em caneta injet\u00e1vel\",\"datePublished\":\"2026-08-26T11:45:39+00:00\",\"mainEntityOfPage\":{\"@id\":\"https:\\\/\\\/www.fatosefotosnews.com.br\\\/?p=157869\"},\"wordCount\":395,\"publisher\":{\"@id\":\"https:\\\/\\\/www.fatosefotosnews.com.br\\\/#organization\"},\"image\":{\"@id\":\"https:\\\/\\\/www.fatosefotosnews.com.br\\\/?p=157869#primaryimage\"},\"thumbnailUrl\":\"https:\\\/\\\/www.fatosefotosnews.com.br\\\/wp-content\\\/uploads\\\/2026\\\/08\\\/img_7586.webp\",\"keywords\":[\"ANVISA\",\"aprova\",\"caneta\",\"generico\",\"injetavel\",\"segundo\",\"semaglutida\"],\"articleSection\":[\"Geral\",\"Sa\u00fade\"],\"inLanguage\":\"pt-BR\"},{\"@type\":\"WebPage\",\"@id\":\"https:\\\/\\\/www.fatosefotosnews.com.br\\\/?p=157869\",\"url\":\"https:\\\/\\\/www.fatosefotosnews.com.br\\\/?p=157869\",\"name\":\"Anvisa aprova segundo gen\u00e9rico de semaglutida em caneta injet\u00e1vel - Fatos e Fotos News\",\"isPartOf\":{\"@id\":\"https:\\\/\\\/www.fatosefotosnews.com.br\\\/#website\"},\"primaryImageOfPage\":{\"@id\":\"https:\\\/\\\/www.fatosefotosnews.com.br\\\/?p=157869#primaryimage\"},\"image\":{\"@id\":\"https:\\\/\\\/www.fatosefotosnews.com.br\\\/?p=157869#primaryimage\"},\"thumbnailUrl\":\"https:\\\/\\\/www.fatosefotosnews.com.br\\\/wp-content\\\/uploads\\\/2026\\\/08\\\/img_7586.webp\",\"datePublished\":\"2026-08-26T11:45:39+00:00\",\"breadcrumb\":{\"@id\":\"https:\\\/\\\/www.fatosefotosnews.com.br\\\/?p=157869#breadcrumb\"},\"inLanguage\":\"pt-BR\",\"potentialAction\":[{\"@type\":\"ReadAction\",\"target\":[\"https:\\\/\\\/www.fatosefotosnews.com.br\\\/?p=157869\"]}]},{\"@type\":\"ImageObject\",\"inLanguage\":\"pt-BR\",\"@id\":\"https:\\\/\\\/www.fatosefotosnews.com.br\\\/?p=157869#primaryimage\",\"url\":\"https:\\\/\\\/www.fatosefotosnews.com.br\\\/wp-content\\\/uploads\\\/2026\\\/08\\\/img_7586.webp\",\"contentUrl\":\"https:\\\/\\\/www.fatosefotosnews.com.br\\\/wp-content\\\/uploads\\\/2026\\\/08\\\/img_7586.webp\",\"width\":1170,\"height\":700},{\"@type\":\"BreadcrumbList\",\"@id\":\"https:\\\/\\\/www.fatosefotosnews.com.br\\\/?p=157869#breadcrumb\",\"itemListElement\":[{\"@type\":\"ListItem\",\"position\":1,\"name\":\"In\u00edcio\",\"item\":\"https:\\\/\\\/www.fatosefotosnews.com.br\\\/\"},{\"@type\":\"ListItem\",\"position\":2,\"name\":\"Anvisa aprova segundo gen\u00e9rico de semaglutida em caneta injet\u00e1vel\"}]},{\"@type\":\"WebSite\",\"@id\":\"https:\\\/\\\/www.fatosefotosnews.com.br\\\/#website\",\"url\":\"https:\\\/\\\/www.fatosefotosnews.com.br\\\/\",\"name\":\"Fatos e Fotos News\",\"description\":\"Um site de noticial verdadeira e confi\u00e1veis.\",\"publisher\":{\"@id\":\"https:\\\/\\\/www.fatosefotosnews.com.br\\\/#organization\"},\"potentialAction\":[{\"@type\":\"SearchAction\",\"target\":{\"@type\":\"EntryPoint\",\"urlTemplate\":\"https:\\\/\\\/www.fatosefotosnews.com.br\\\/?s={search_term_string}\"},\"query-input\":{\"@type\":\"PropertyValueSpecification\",\"valueRequired\":true,\"valueName\":\"search_term_string\"}}],\"inLanguage\":\"pt-BR\"},{\"@type\":\"Organization\",\"@id\":\"https:\\\/\\\/www.fatosefotosnews.com.br\\\/#organization\",\"name\":\"Fatos e Fotos News\",\"url\":\"https:\\\/\\\/www.fatosefotosnews.com.br\\\/\",\"logo\":{\"@type\":\"ImageObject\",\"inLanguage\":\"pt-BR\",\"@id\":\"https:\\\/\\\/www.fatosefotosnews.com.br\\\/#\\\/schema\\\/logo\\\/image\\\/\",\"url\":\"https:\\\/\\\/www.fatosefotosnews.com.br\\\/wp-content\\\/uploads\\\/2023\\\/02\\\/Fatos-e-Fotos-news-logo.png\",\"contentUrl\":\"https:\\\/\\\/www.fatosefotosnews.com.br\\\/wp-content\\\/uploads\\\/2023\\\/02\\\/Fatos-e-Fotos-news-logo.png\",\"width\":300,\"height\":58,\"caption\":\"Fatos e Fotos News\"},\"image\":{\"@id\":\"https:\\\/\\\/www.fatosefotosnews.com.br\\\/#\\\/schema\\\/logo\\\/image\\\/\"}},{\"@type\":\"Person\",\"@id\":\"https:\\\/\\\/www.fatosefotosnews.com.br\\\/#\\\/schema\\\/person\\\/17b18da658f5277ed99382206a85602f\",\"name\":\"Mirela Portugal\",\"image\":{\"@type\":\"ImageObject\",\"inLanguage\":\"pt-BR\",\"@id\":\"https:\\\/\\\/secure.gravatar.com\\\/avatar\\\/2f92fb43fda38d1a46cf4a155e1c2951193d91d9bed3df97fce720eeb9595d08?s=96&d=mm&r=g\",\"url\":\"https:\\\/\\\/secure.gravatar.com\\\/avatar\\\/2f92fb43fda38d1a46cf4a155e1c2951193d91d9bed3df97fce720eeb9595d08?s=96&d=mm&r=g\",\"contentUrl\":\"https:\\\/\\\/secure.gravatar.com\\\/avatar\\\/2f92fb43fda38d1a46cf4a155e1c2951193d91d9bed3df97fce720eeb9595d08?s=96&d=mm&r=g\",\"caption\":\"Mirela Portugal\"},\"sameAs\":[\"http:\\\/\\\/fatosefotosnews.com.br\"],\"url\":\"https:\\\/\\\/www.fatosefotosnews.com.br\\\/?author=12\"}]}<\/script>\n<!-- \/ Yoast SEO plugin. -->","yoast_head_json":{"title":"Anvisa aprova segundo gen\u00e9rico de semaglutida em caneta injet\u00e1vel - Fatos e Fotos News","robots":{"index":"index","follow":"follow","max-snippet":"max-snippet:-1","max-image-preview":"max-image-preview:large","max-video-preview":"max-video-preview:-1"},"canonical":"https:\/\/www.fatosefotosnews.com.br\/?p=157869","og_locale":"pt_BR","og_type":"article","og_title":"Anvisa aprova segundo gen\u00e9rico de semaglutida em caneta injet\u00e1vel - Fatos e Fotos News","og_description":"Foto: Rafa Neddermeyer\/Ag\u00eancia Brasil A Ag\u00eancia Nacional de Vigil\u00e2ncia Sanit\u00e1ria (Anvisa) aprovou o registro do segundo medicamento gen\u00e9rico de semaglutida sint\u00e9tica\u00a0no Brasil, produzido pela Germed Farmac\u00eautica. O registro que autoriza a comercializa\u00e7\u00e3o da vers\u00e3o gen\u00e9rica foi publicado no Di\u00e1rio Oficial da Uni\u00e3o de\u00a0segunda-feira (24). A semaglutida \u00e9 indicada para o tratamento de diabetes mellitus tipo [&hellip;]","og_url":"https:\/\/www.fatosefotosnews.com.br\/?p=157869","og_site_name":"Fatos e Fotos News","article_published_time":"2026-08-26T11:45:39+00:00","og_image":[{"width":1170,"height":700,"url":"https:\/\/www.fatosefotosnews.com.br\/wp-content\/uploads\/2026\/08\/img_7586.webp","type":"image\/webp"}],"author":"Mirela Portugal","twitter_card":"summary_large_image","twitter_misc":{"Escrito por":"Mirela Portugal","Est. tempo de leitura":"3 minutos"},"schema":{"@context":"https:\/\/schema.org","@graph":[{"@type":"Article","@id":"https:\/\/www.fatosefotosnews.com.br\/?p=157869#article","isPartOf":{"@id":"https:\/\/www.fatosefotosnews.com.br\/?p=157869"},"author":{"name":"Mirela Portugal","@id":"https:\/\/www.fatosefotosnews.com.br\/#\/schema\/person\/17b18da658f5277ed99382206a85602f"},"headline":"Anvisa aprova segundo gen\u00e9rico de semaglutida em caneta injet\u00e1vel","datePublished":"2026-08-26T11:45:39+00:00","mainEntityOfPage":{"@id":"https:\/\/www.fatosefotosnews.com.br\/?p=157869"},"wordCount":395,"publisher":{"@id":"https:\/\/www.fatosefotosnews.com.br\/#organization"},"image":{"@id":"https:\/\/www.fatosefotosnews.com.br\/?p=157869#primaryimage"},"thumbnailUrl":"https:\/\/www.fatosefotosnews.com.br\/wp-content\/uploads\/2026\/08\/img_7586.webp","keywords":["ANVISA","aprova","caneta","generico","injetavel","segundo","semaglutida"],"articleSection":["Geral","Sa\u00fade"],"inLanguage":"pt-BR"},{"@type":"WebPage","@id":"https:\/\/www.fatosefotosnews.com.br\/?p=157869","url":"https:\/\/www.fatosefotosnews.com.br\/?p=157869","name":"Anvisa aprova segundo gen\u00e9rico de semaglutida em caneta injet\u00e1vel - Fatos e Fotos News","isPartOf":{"@id":"https:\/\/www.fatosefotosnews.com.br\/#website"},"primaryImageOfPage":{"@id":"https:\/\/www.fatosefotosnews.com.br\/?p=157869#primaryimage"},"image":{"@id":"https:\/\/www.fatosefotosnews.com.br\/?p=157869#primaryimage"},"thumbnailUrl":"https:\/\/www.fatosefotosnews.com.br\/wp-content\/uploads\/2026\/08\/img_7586.webp","datePublished":"2026-08-26T11:45:39+00:00","breadcrumb":{"@id":"https:\/\/www.fatosefotosnews.com.br\/?p=157869#breadcrumb"},"inLanguage":"pt-BR","potentialAction":[{"@type":"ReadAction","target":["https:\/\/www.fatosefotosnews.com.br\/?p=157869"]}]},{"@type":"ImageObject","inLanguage":"pt-BR","@id":"https:\/\/www.fatosefotosnews.com.br\/?p=157869#primaryimage","url":"https:\/\/www.fatosefotosnews.com.br\/wp-content\/uploads\/2026\/08\/img_7586.webp","contentUrl":"https:\/\/www.fatosefotosnews.com.br\/wp-content\/uploads\/2026\/08\/img_7586.webp","width":1170,"height":700},{"@type":"BreadcrumbList","@id":"https:\/\/www.fatosefotosnews.com.br\/?p=157869#breadcrumb","itemListElement":[{"@type":"ListItem","position":1,"name":"In\u00edcio","item":"https:\/\/www.fatosefotosnews.com.br\/"},{"@type":"ListItem","position":2,"name":"Anvisa aprova segundo gen\u00e9rico de semaglutida em caneta injet\u00e1vel"}]},{"@type":"WebSite","@id":"https:\/\/www.fatosefotosnews.com.br\/#website","url":"https:\/\/www.fatosefotosnews.com.br\/","name":"Fatos e Fotos News","description":"Um site de noticial verdadeira e confi\u00e1veis.","publisher":{"@id":"https:\/\/www.fatosefotosnews.com.br\/#organization"},"potentialAction":[{"@type":"SearchAction","target":{"@type":"EntryPoint","urlTemplate":"https:\/\/www.fatosefotosnews.com.br\/?s={search_term_string}"},"query-input":{"@type":"PropertyValueSpecification","valueRequired":true,"valueName":"search_term_string"}}],"inLanguage":"pt-BR"},{"@type":"Organization","@id":"https:\/\/www.fatosefotosnews.com.br\/#organization","name":"Fatos e Fotos News","url":"https:\/\/www.fatosefotosnews.com.br\/","logo":{"@type":"ImageObject","inLanguage":"pt-BR","@id":"https:\/\/www.fatosefotosnews.com.br\/#\/schema\/logo\/image\/","url":"https:\/\/www.fatosefotosnews.com.br\/wp-content\/uploads\/2023\/02\/Fatos-e-Fotos-news-logo.png","contentUrl":"https:\/\/www.fatosefotosnews.com.br\/wp-content\/uploads\/2023\/02\/Fatos-e-Fotos-news-logo.png","width":300,"height":58,"caption":"Fatos e Fotos News"},"image":{"@id":"https:\/\/www.fatosefotosnews.com.br\/#\/schema\/logo\/image\/"}},{"@type":"Person","@id":"https:\/\/www.fatosefotosnews.com.br\/#\/schema\/person\/17b18da658f5277ed99382206a85602f","name":"Mirela Portugal","image":{"@type":"ImageObject","inLanguage":"pt-BR","@id":"https:\/\/secure.gravatar.com\/avatar\/2f92fb43fda38d1a46cf4a155e1c2951193d91d9bed3df97fce720eeb9595d08?s=96&d=mm&r=g","url":"https:\/\/secure.gravatar.com\/avatar\/2f92fb43fda38d1a46cf4a155e1c2951193d91d9bed3df97fce720eeb9595d08?s=96&d=mm&r=g","contentUrl":"https:\/\/secure.gravatar.com\/avatar\/2f92fb43fda38d1a46cf4a155e1c2951193d91d9bed3df97fce720eeb9595d08?s=96&d=mm&r=g","caption":"Mirela Portugal"},"sameAs":["http:\/\/fatosefotosnews.com.br"],"url":"https:\/\/www.fatosefotosnews.com.br\/?author=12"}]}},"jetpack_publicize_connections":[],"blog_post_layout_featured_media_urls":{"thumbnail":["https:\/\/www.fatosefotosnews.com.br\/wp-content\/uploads\/2026\/08\/img_7586-150x150.webp",150,150,true],"full":["https:\/\/www.fatosefotosnews.com.br\/wp-content\/uploads\/2026\/08\/img_7586.webp",1170,700,false]},"categories_names":{"167":{"name":"Geral","link":"https:\/\/www.fatosefotosnews.com.br\/?cat=167"},"24857":{"name":"Sa\u00fade","link":"https:\/\/www.fatosefotosnews.com.br\/?cat=24857"}},"tags_names":{"309":{"name":"ANVISA","link":"https:\/\/www.fatosefotosnews.com.br\/?tag=anvisa"},"2000":{"name":"aprova","link":"https:\/\/www.fatosefotosnews.com.br\/?tag=aprova"},"14912":{"name":"caneta","link":"https:\/\/www.fatosefotosnews.com.br\/?tag=caneta"},"12092":{"name":"generico","link":"https:\/\/www.fatosefotosnews.com.br\/?tag=generico"},"10731":{"name":"injetavel","link":"https:\/\/www.fatosefotosnews.com.br\/?tag=injetavel"},"1279":{"name":"segundo","link":"https:\/\/www.fatosefotosnews.com.br\/?tag=segundo"},"29261":{"name":"semaglutida","link":"https:\/\/www.fatosefotosnews.com.br\/?tag=semaglutida"}},"comments_number":"0","wpmagazine_modules_lite_featured_media_urls":{"thumbnail":["https:\/\/www.fatosefotosnews.com.br\/wp-content\/uploads\/2026\/08\/img_7586-150x150.webp",150,150,true],"cvmm-medium":["https:\/\/www.fatosefotosnews.com.br\/wp-content\/uploads\/2026\/08\/img_7586-300x300.webp",300,300,true],"cvmm-medium-plus":["https:\/\/www.fatosefotosnews.com.br\/wp-content\/uploads\/2026\/08\/img_7586-305x207.webp",305,207,true],"cvmm-portrait":["https:\/\/www.fatosefotosnews.com.br\/wp-content\/uploads\/2026\/08\/img_7586-400x600.webp",400,600,true],"cvmm-medium-square":["https:\/\/www.fatosefotosnews.com.br\/wp-content\/uploads\/2026\/08\/img_7586-600x600.webp",600,600,true],"cvmm-large":["https:\/\/www.fatosefotosnews.com.br\/wp-content\/uploads\/2026\/08\/img_7586-1024x700.webp",1024,700,true],"cvmm-small":["https:\/\/www.fatosefotosnews.com.br\/wp-content\/uploads\/2026\/08\/img_7586-130x95.webp",130,95,true],"full":["https:\/\/www.fatosefotosnews.com.br\/wp-content\/uploads\/2026\/08\/img_7586.webp",1170,700,false]},"_links":{"self":[{"href":"https:\/\/www.fatosefotosnews.com.br\/index.php?rest_route=\/wp\/v2\/posts\/157869","targetHints":{"allow":["GET"]}}],"collection":[{"href":"https:\/\/www.fatosefotosnews.com.br\/index.php?rest_route=\/wp\/v2\/posts"}],"about":[{"href":"https:\/\/www.fatosefotosnews.com.br\/index.php?rest_route=\/wp\/v2\/types\/post"}],"author":[{"embeddable":true,"href":"https:\/\/www.fatosefotosnews.com.br\/index.php?rest_route=\/wp\/v2\/users\/12"}],"replies":[{"embeddable":true,"href":"https:\/\/www.fatosefotosnews.com.br\/index.php?rest_route=%2Fwp%2Fv2%2Fcomments&post=157869"}],"version-history":[{"count":1,"href":"https:\/\/www.fatosefotosnews.com.br\/index.php?rest_route=\/wp\/v2\/posts\/157869\/revisions"}],"predecessor-version":[{"id":157870,"href":"https:\/\/www.fatosefotosnews.com.br\/index.php?rest_route=\/wp\/v2\/posts\/157869\/revisions\/157870"}],"wp:featuredmedia":[{"embeddable":true,"href":"https:\/\/www.fatosefotosnews.com.br\/index.php?rest_route=\/wp\/v2\/media\/157843"}],"wp:attachment":[{"href":"https:\/\/www.fatosefotosnews.com.br\/index.php?rest_route=%2Fwp%2Fv2%2Fmedia&parent=157869"}],"wp:term":[{"taxonomy":"category","embeddable":true,"href":"https:\/\/www.fatosefotosnews.com.br\/index.php?rest_route=%2Fwp%2Fv2%2Fcategories&post=157869"},{"taxonomy":"post_tag","embeddable":true,"href":"https:\/\/www.fatosefotosnews.com.br\/index.php?rest_route=%2Fwp%2Fv2%2Ftags&post=157869"}],"curies":[{"name":"wp","href":"https:\/\/api.w.org\/{rel}","templated":true}]}}