{"id":157876,"date":"2026-08-27T06:59:42","date_gmt":"2026-08-27T09:59:42","guid":{"rendered":"https:\/\/www.fatosefotosnews.com.br\/?p=157876"},"modified":"2026-08-26T21:02:52","modified_gmt":"2026-08-27T00:02:52","slug":"hugo-motta-indica-presidente-da-comissao-da-mp-da-taxa-das-blusinhas","status":"publish","type":"post","link":"https:\/\/www.fatosefotosnews.com.br\/?p=157876","title":{"rendered":"Hugo Motta indica presidente da comiss\u00e3o da MP da Taxa das Blusinhas"},"content":{"rendered":"<p>Foto: Kayo Magalh\u00e3es\/C\u00e2mara dos Deputados<\/p>\n<div id=\"block-tts-block-tts\" class=\"block block-tts\">\n<div class=\"content\">\n<div id=\"tts-container\" class=\"container-audio rel-position\">\n<div class=\"title abs-position\"><\/div>\n<\/div>\n<\/div>\n<\/div>\n<div class=\"conteudo-noticia\">\n<p>O presidente da C\u00e2mara dos Deputados, Hugo Motta (Republicanos-PB), anunciou nesta quarta-feira (26) o deputado Reginaldo Lopes (PT-MG) como\u00a0<strong>presidente da comiss\u00e3o mista que vai analisar a\u00a0<a href=\"https:\/\/www.planalto.gov.br\/ccivil_03\/_ato2023-2026\/2026\/mpv\/mpv1357.htm\" target=\"_blank\" rel=\"noopener\">Medida Provis\u00f3ria 1357\/26<\/a><\/strong>, que a acaba com a chamada taxa das blusinhas.\u00a0<img decoding=\"async\" src=\"https:\/\/agenciabrasil.ebc.com.br\/ebc.png?id=1700701&amp;o=node\" \/><img decoding=\"async\" src=\"https:\/\/agenciabrasil.ebc.com.br\/ebc.gif?id=1700701&amp;o=node\" \/><\/p>\n<p>O an\u00fancio foi feito\u00a0<a href=\"https:\/\/agenciabrasil.ebc.com.br\/politica\/noticia\/2026-08\/governo-e-congresso-acertam-pautas-para-esforco-concentrado-de-votacao\" target=\"_blank\" rel=\"noopener\">ap\u00f3s almo\u00e7o no Pal\u00e1cio da Alvorada<\/a>, com o presidente Luiz In\u00e1cio Lula da Silva e o presidente do Senado, Davi Alcolumbre (Uni\u00e3o-AP).<\/p>\n<p><strong>A MP suspende a cobran\u00e7a do imposto federal de importa\u00e7\u00e3o de 20% sobre compras internacionais de at\u00e9 US$ 50.<\/strong>\u00a0O texto tem que ser votado ainda em setembro, do contr\u00e1rio perder\u00e1 a validade.<\/p>\n<p>\u201cIndiquei o deputado @ReginaldoLopes (PT\/MG) para a Presid\u00eancia da Comiss\u00e3o Mista que analisar\u00e1 a medida. A relatoria \u00e9 de atribui\u00e7\u00e3o do Senado Federal. Em di\u00e1logo com os presidentes @LulaOficial e @davialcolumbre, acordamos votar a mat\u00e9ria na pr\u00f3xima semana. O fim da taxa \u00e9 uma demanda da popula\u00e7\u00e3o e vai aliviar o bolso de milh\u00f5es de brasileiros que compram pela internet\u201d, escreveu Motta em uma\u00a0<a href=\"https:\/\/x.com\/HugoMottaPB\/status\/2092699429413527728?s=46&amp;t=xWlDOTNcMDRvV2H97gdytw\" target=\"_blank\" rel=\"noopener\">rede social<\/a>.<\/p>\n<p><strong>A MP deve ser votada no esfor\u00e7o concentrado do Congresso Nacional marcado para a pr\u00f3xima semana.<\/strong><\/p>\n<p>Al\u00e9m do fim da taxa das blusinhas, na reuni\u00e3o desta quarta-feira foi acordada a vota\u00e7\u00e3o de outras mat\u00e9rias.<\/p>\n<p>Os temas definidos foram :<\/p>\n<ul>\n<li>vota\u00e7\u00e3o da\u00a0<a href=\"https:\/\/www.camara.leg.br\/proposicoesWeb\/prop_mostrarintegra?codteor=3130303&amp;filename=EMC%201%20PEC22119%20=%3E%20PEC%20221\/2019\" target=\"_blank\" rel=\"noopener\">Proposta de Emenda \u00e0 Constitui\u00e7\u00e3o 221\/19<\/a>\u00a0do fim da escala de trabalho 6X1;<\/li>\n<li><a href=\"https:\/\/www.camara.leg.br\/proposicoesWeb\/prop_mostrarintegra?codteor=2891161&amp;filename=PEC%2018\/2025\" target=\"_blank\" rel=\"noopener\">PEC 18\/25<\/a>, da Seguran\u00e7a P\u00fablica;<\/li>\n<li>vota\u00e7\u00e3o do\u00a0<a href=\"https:\/\/www.camara.leg.br\/proposicoesWeb\/prop_mostrarintegra?codteor=3078531&amp;filename=PL%20278\/2026\" target=\"_blank\" rel=\"noopener\">Projeto de Lei 278\/26<\/a>, que estabelece o Regime Especial de Tributa\u00e7\u00e3o para Servi\u00e7os de Datacenter (Redata);<\/li>\n<li><a href=\"https:\/\/www.camara.leg.br\/proposicoesWeb\/prop_mostrarintegra?codteor=2450892&amp;filename=PL%202780\/2024\" target=\"_blank\" rel=\"noopener\">PL 2780\/24<\/a>, que estabelece a Pol\u00edtica Nacional de Minerais Cr\u00edticos e Estrat\u00e9gicos.<\/li>\n<\/ul>\n<p>Ap\u00f3s a reuni\u00e3o, Lula comemorou o acordo e disse que o entendimento do esfor\u00e7o concentrado, marcado para a semana de 31 de agosto a 4 de setembro, foca nas pautas priorit\u00e1rias para a sociedade brasileira.<\/p>\n<p>\u201cO que \u00e9 importante \u00e9 que a gente tenha a dimens\u00e3o do que \u00e9 priorit\u00e1rio e votar essas coisas que voc\u00eas v\u00e3o colocar na pauta \u00e9 uma prioridade do povo brasileiro\u201d, disse Lula ao final do almo\u00e7o.<\/p>\n<\/div>\n","protected":false},"excerpt":{"rendered":"<p>Foto: Kayo Magalh\u00e3es\/C\u00e2mara dos Deputados O presidente da C\u00e2mara dos Deputados, Hugo Motta (Republicanos-PB), anunciou nesta quarta-feira (26) o deputado Reginaldo Lopes (PT-MG) como\u00a0presidente da comiss\u00e3o mista que vai analisar a\u00a0Medida Provis\u00f3ria 1357\/26, que a acaba com a chamada taxa das blusinhas.\u00a0 O an\u00fancio foi feito\u00a0ap\u00f3s almo\u00e7o no Pal\u00e1cio da Alvorada, com o presidente Luiz [&hellip;]<\/p>\n","protected":false},"author":12,"featured_media":157883,"comment_status":"closed","ping_status":"open","sticky":false,"template":"","format":"standard","meta":{"_acf_changed":false,"_angie_page":false,"_monsterinsights_skip_tracking":false,"_themeisle_gutenberg_block_has_review":false,"page_builder":"","footnotes":"","jetpack_publicize_message":"","jetpack_publicize_feature_enabled":true,"jetpack_social_post_already_shared":true,"jetpack_social_options":{"image_generator_settings":{"template":"highway","default_image_id":0,"font":"","enabled":false},"version":2}},"categories":[2],"tags":[22263,477,855,10585,453],"class_list":["post-157876","post","type-post","status-publish","format-standard","has-post-thumbnail","hentry","category-politica","tag-blusinhas","tag-comiss","tag-indica","tag-motta","tag-presidente"],"acf":[],"nelio_content":{"autoShareEndMode":"never","automationSources":{"useCustomSentences":false,"customSentences":[]},"efiAlt":"","efiUrl":"","followers":[12],"highlights":[],"isAutoShareEnabled":true,"networkImageIds":[],"permalinkQueryArgs":[],"series":[],"suggestedReferences":[]},"yoast_head":"<!-- This site is optimized with the Yoast SEO plugin v28.3 - https:\/\/yoast.com\/product\/yoast-seo-wordpress\/ -->\n<title>Hugo Motta indica presidente da comiss\u00e3o da MP da Taxa das Blusinhas - Fatos e Fotos News<\/title>\n<meta name=\"robots\" content=\"index, follow, max-snippet:-1, max-image-preview:large, max-video-preview:-1\" \/>\n<link rel=\"canonical\" href=\"https:\/\/www.fatosefotosnews.com.br\/?p=157876\" \/>\n<meta property=\"og:locale\" content=\"pt_BR\" \/>\n<meta property=\"og:type\" content=\"article\" \/>\n<meta property=\"og:title\" content=\"Hugo Motta indica presidente da comiss\u00e3o da MP da Taxa das Blusinhas - Fatos e Fotos News\" \/>\n<meta property=\"og:description\" content=\"Foto: Kayo Magalh\u00e3es\/C\u00e2mara dos Deputados O presidente da C\u00e2mara dos Deputados, Hugo Motta (Republicanos-PB), anunciou nesta quarta-feira (26) o deputado Reginaldo Lopes (PT-MG) como\u00a0presidente da comiss\u00e3o mista que vai analisar a\u00a0Medida Provis\u00f3ria 1357\/26, que a acaba com a chamada taxa das blusinhas.\u00a0 O an\u00fancio foi feito\u00a0ap\u00f3s almo\u00e7o no Pal\u00e1cio da Alvorada, com o presidente Luiz [&hellip;]\" \/>\n<meta property=\"og:url\" content=\"https:\/\/www.fatosefotosnews.com.br\/?p=157876\" \/>\n<meta property=\"og:site_name\" content=\"Fatos e Fotos News\" \/>\n<meta property=\"article:published_time\" content=\"2026-08-27T09:59:42+00:00\" \/>\n<meta property=\"og:image\" content=\"https:\/\/www.fatosefotosnews.com.br\/wp-content\/uploads\/2026\/08\/img20260715161418065.jpg\" \/>\n\t<meta property=\"og:image:width\" content=\"1170\" \/>\n\t<meta property=\"og:image:height\" content=\"700\" \/>\n\t<meta property=\"og:image:type\" content=\"image\/jpeg\" \/>\n<meta name=\"author\" content=\"Mirela Portugal\" \/>\n<meta name=\"twitter:card\" content=\"summary_large_image\" \/>\n<meta name=\"twitter:label1\" content=\"Escrito por\" \/>\n\t<meta name=\"twitter:data1\" content=\"Mirela Portugal\" \/>\n\t<meta name=\"twitter:label2\" content=\"Est. tempo de leitura\" \/>\n\t<meta name=\"twitter:data2\" content=\"3 minutos\" \/>\n<script type=\"application\/ld+json\" class=\"yoast-schema-graph\">{\"@context\":\"https:\\\/\\\/schema.org\",\"@graph\":[{\"@type\":\"Article\",\"@id\":\"https:\\\/\\\/www.fatosefotosnews.com.br\\\/?p=157876#article\",\"isPartOf\":{\"@id\":\"https:\\\/\\\/www.fatosefotosnews.com.br\\\/?p=157876\"},\"author\":{\"name\":\"Mirela Portugal\",\"@id\":\"https:\\\/\\\/www.fatosefotosnews.com.br\\\/#\\\/schema\\\/person\\\/17b18da658f5277ed99382206a85602f\"},\"headline\":\"Hugo Motta indica presidente da comiss\u00e3o da MP da Taxa das Blusinhas\",\"datePublished\":\"2026-08-27T09:59:42+00:00\",\"mainEntityOfPage\":{\"@id\":\"https:\\\/\\\/www.fatosefotosnews.com.br\\\/?p=157876\"},\"wordCount\":374,\"publisher\":{\"@id\":\"https:\\\/\\\/www.fatosefotosnews.com.br\\\/#organization\"},\"image\":{\"@id\":\"https:\\\/\\\/www.fatosefotosnews.com.br\\\/?p=157876#primaryimage\"},\"thumbnailUrl\":\"https:\\\/\\\/www.fatosefotosnews.com.br\\\/wp-content\\\/uploads\\\/2026\\\/08\\\/img20260715161418065.jpg\",\"keywords\":[\"blusinhas\",\"comiss\",\"indica\",\"motta\",\"presidente\"],\"articleSection\":[\"Pol\u00edtica\"],\"inLanguage\":\"pt-BR\"},{\"@type\":\"WebPage\",\"@id\":\"https:\\\/\\\/www.fatosefotosnews.com.br\\\/?p=157876\",\"url\":\"https:\\\/\\\/www.fatosefotosnews.com.br\\\/?p=157876\",\"name\":\"Hugo Motta indica presidente da comiss\u00e3o da MP da Taxa das Blusinhas - Fatos e Fotos News\",\"isPartOf\":{\"@id\":\"https:\\\/\\\/www.fatosefotosnews.com.br\\\/#website\"},\"primaryImageOfPage\":{\"@id\":\"https:\\\/\\\/www.fatosefotosnews.com.br\\\/?p=157876#primaryimage\"},\"image\":{\"@id\":\"https:\\\/\\\/www.fatosefotosnews.com.br\\\/?p=157876#primaryimage\"},\"thumbnailUrl\":\"https:\\\/\\\/www.fatosefotosnews.com.br\\\/wp-content\\\/uploads\\\/2026\\\/08\\\/img20260715161418065.jpg\",\"datePublished\":\"2026-08-27T09:59:42+00:00\",\"breadcrumb\":{\"@id\":\"https:\\\/\\\/www.fatosefotosnews.com.br\\\/?p=157876#breadcrumb\"},\"inLanguage\":\"pt-BR\",\"potentialAction\":[{\"@type\":\"ReadAction\",\"target\":[\"https:\\\/\\\/www.fatosefotosnews.com.br\\\/?p=157876\"]}]},{\"@type\":\"ImageObject\",\"inLanguage\":\"pt-BR\",\"@id\":\"https:\\\/\\\/www.fatosefotosnews.com.br\\\/?p=157876#primaryimage\",\"url\":\"https:\\\/\\\/www.fatosefotosnews.com.br\\\/wp-content\\\/uploads\\\/2026\\\/08\\\/img20260715161418065.jpg\",\"contentUrl\":\"https:\\\/\\\/www.fatosefotosnews.com.br\\\/wp-content\\\/uploads\\\/2026\\\/08\\\/img20260715161418065.jpg\",\"width\":1170,\"height\":700},{\"@type\":\"BreadcrumbList\",\"@id\":\"https:\\\/\\\/www.fatosefotosnews.com.br\\\/?p=157876#breadcrumb\",\"itemListElement\":[{\"@type\":\"ListItem\",\"position\":1,\"name\":\"In\u00edcio\",\"item\":\"https:\\\/\\\/www.fatosefotosnews.com.br\\\/\"},{\"@type\":\"ListItem\",\"position\":2,\"name\":\"Hugo Motta indica presidente da comiss\u00e3o da MP da Taxa das Blusinhas\"}]},{\"@type\":\"WebSite\",\"@id\":\"https:\\\/\\\/www.fatosefotosnews.com.br\\\/#website\",\"url\":\"https:\\\/\\\/www.fatosefotosnews.com.br\\\/\",\"name\":\"Fatos e Fotos News\",\"description\":\"Um site de noticial verdadeira e confi\u00e1veis.\",\"publisher\":{\"@id\":\"https:\\\/\\\/www.fatosefotosnews.com.br\\\/#organization\"},\"potentialAction\":[{\"@type\":\"SearchAction\",\"target\":{\"@type\":\"EntryPoint\",\"urlTemplate\":\"https:\\\/\\\/www.fatosefotosnews.com.br\\\/?s={search_term_string}\"},\"query-input\":{\"@type\":\"PropertyValueSpecification\",\"valueRequired\":true,\"valueName\":\"search_term_string\"}}],\"inLanguage\":\"pt-BR\"},{\"@type\":\"Organization\",\"@id\":\"https:\\\/\\\/www.fatosefotosnews.com.br\\\/#organization\",\"name\":\"Fatos e Fotos News\",\"url\":\"https:\\\/\\\/www.fatosefotosnews.com.br\\\/\",\"logo\":{\"@type\":\"ImageObject\",\"inLanguage\":\"pt-BR\",\"@id\":\"https:\\\/\\\/www.fatosefotosnews.com.br\\\/#\\\/schema\\\/logo\\\/image\\\/\",\"url\":\"https:\\\/\\\/www.fatosefotosnews.com.br\\\/wp-content\\\/uploads\\\/2023\\\/02\\\/Fatos-e-Fotos-news-logo.png\",\"contentUrl\":\"https:\\\/\\\/www.fatosefotosnews.com.br\\\/wp-content\\\/uploads\\\/2023\\\/02\\\/Fatos-e-Fotos-news-logo.png\",\"width\":300,\"height\":58,\"caption\":\"Fatos e Fotos News\"},\"image\":{\"@id\":\"https:\\\/\\\/www.fatosefotosnews.com.br\\\/#\\\/schema\\\/logo\\\/image\\\/\"}},{\"@type\":\"Person\",\"@id\":\"https:\\\/\\\/www.fatosefotosnews.com.br\\\/#\\\/schema\\\/person\\\/17b18da658f5277ed99382206a85602f\",\"name\":\"Mirela Portugal\",\"image\":{\"@type\":\"ImageObject\",\"inLanguage\":\"pt-BR\",\"@id\":\"https:\\\/\\\/secure.gravatar.com\\\/avatar\\\/2f92fb43fda38d1a46cf4a155e1c2951193d91d9bed3df97fce720eeb9595d08?s=96&d=mm&r=g\",\"url\":\"https:\\\/\\\/secure.gravatar.com\\\/avatar\\\/2f92fb43fda38d1a46cf4a155e1c2951193d91d9bed3df97fce720eeb9595d08?s=96&d=mm&r=g\",\"contentUrl\":\"https:\\\/\\\/secure.gravatar.com\\\/avatar\\\/2f92fb43fda38d1a46cf4a155e1c2951193d91d9bed3df97fce720eeb9595d08?s=96&d=mm&r=g\",\"caption\":\"Mirela Portugal\"},\"sameAs\":[\"http:\\\/\\\/fatosefotosnews.com.br\"],\"url\":\"https:\\\/\\\/www.fatosefotosnews.com.br\\\/?author=12\"}]}<\/script>\n<!-- \/ Yoast SEO plugin. -->","yoast_head_json":{"title":"Hugo Motta indica presidente da comiss\u00e3o da MP da Taxa das Blusinhas - Fatos e Fotos News","robots":{"index":"index","follow":"follow","max-snippet":"max-snippet:-1","max-image-preview":"max-image-preview:large","max-video-preview":"max-video-preview:-1"},"canonical":"https:\/\/www.fatosefotosnews.com.br\/?p=157876","og_locale":"pt_BR","og_type":"article","og_title":"Hugo Motta indica presidente da comiss\u00e3o da MP da Taxa das Blusinhas - Fatos e Fotos News","og_description":"Foto: Kayo Magalh\u00e3es\/C\u00e2mara dos Deputados O presidente da C\u00e2mara dos Deputados, Hugo Motta (Republicanos-PB), anunciou nesta quarta-feira (26) o deputado Reginaldo Lopes (PT-MG) como\u00a0presidente da comiss\u00e3o mista que vai analisar a\u00a0Medida Provis\u00f3ria 1357\/26, que a acaba com a chamada taxa das blusinhas.\u00a0 O an\u00fancio foi feito\u00a0ap\u00f3s almo\u00e7o no Pal\u00e1cio da Alvorada, com o presidente Luiz [&hellip;]","og_url":"https:\/\/www.fatosefotosnews.com.br\/?p=157876","og_site_name":"Fatos e Fotos News","article_published_time":"2026-08-27T09:59:42+00:00","og_image":[{"width":1170,"height":700,"url":"https:\/\/www.fatosefotosnews.com.br\/wp-content\/uploads\/2026\/08\/img20260715161418065.jpg","type":"image\/jpeg"}],"author":"Mirela Portugal","twitter_card":"summary_large_image","twitter_misc":{"Escrito por":"Mirela Portugal","Est. tempo de leitura":"3 minutos"},"schema":{"@context":"https:\/\/schema.org","@graph":[{"@type":"Article","@id":"https:\/\/www.fatosefotosnews.com.br\/?p=157876#article","isPartOf":{"@id":"https:\/\/www.fatosefotosnews.com.br\/?p=157876"},"author":{"name":"Mirela Portugal","@id":"https:\/\/www.fatosefotosnews.com.br\/#\/schema\/person\/17b18da658f5277ed99382206a85602f"},"headline":"Hugo Motta indica presidente da comiss\u00e3o da MP da Taxa das Blusinhas","datePublished":"2026-08-27T09:59:42+00:00","mainEntityOfPage":{"@id":"https:\/\/www.fatosefotosnews.com.br\/?p=157876"},"wordCount":374,"publisher":{"@id":"https:\/\/www.fatosefotosnews.com.br\/#organization"},"image":{"@id":"https:\/\/www.fatosefotosnews.com.br\/?p=157876#primaryimage"},"thumbnailUrl":"https:\/\/www.fatosefotosnews.com.br\/wp-content\/uploads\/2026\/08\/img20260715161418065.jpg","keywords":["blusinhas","comiss","indica","motta","presidente"],"articleSection":["Pol\u00edtica"],"inLanguage":"pt-BR"},{"@type":"WebPage","@id":"https:\/\/www.fatosefotosnews.com.br\/?p=157876","url":"https:\/\/www.fatosefotosnews.com.br\/?p=157876","name":"Hugo Motta indica presidente da comiss\u00e3o da MP da Taxa das Blusinhas - Fatos e Fotos News","isPartOf":{"@id":"https:\/\/www.fatosefotosnews.com.br\/#website"},"primaryImageOfPage":{"@id":"https:\/\/www.fatosefotosnews.com.br\/?p=157876#primaryimage"},"image":{"@id":"https:\/\/www.fatosefotosnews.com.br\/?p=157876#primaryimage"},"thumbnailUrl":"https:\/\/www.fatosefotosnews.com.br\/wp-content\/uploads\/2026\/08\/img20260715161418065.jpg","datePublished":"2026-08-27T09:59:42+00:00","breadcrumb":{"@id":"https:\/\/www.fatosefotosnews.com.br\/?p=157876#breadcrumb"},"inLanguage":"pt-BR","potentialAction":[{"@type":"ReadAction","target":["https:\/\/www.fatosefotosnews.com.br\/?p=157876"]}]},{"@type":"ImageObject","inLanguage":"pt-BR","@id":"https:\/\/www.fatosefotosnews.com.br\/?p=157876#primaryimage","url":"https:\/\/www.fatosefotosnews.com.br\/wp-content\/uploads\/2026\/08\/img20260715161418065.jpg","contentUrl":"https:\/\/www.fatosefotosnews.com.br\/wp-content\/uploads\/2026\/08\/img20260715161418065.jpg","width":1170,"height":700},{"@type":"BreadcrumbList","@id":"https:\/\/www.fatosefotosnews.com.br\/?p=157876#breadcrumb","itemListElement":[{"@type":"ListItem","position":1,"name":"In\u00edcio","item":"https:\/\/www.fatosefotosnews.com.br\/"},{"@type":"ListItem","position":2,"name":"Hugo Motta indica presidente da comiss\u00e3o da MP da Taxa das Blusinhas"}]},{"@type":"WebSite","@id":"https:\/\/www.fatosefotosnews.com.br\/#website","url":"https:\/\/www.fatosefotosnews.com.br\/","name":"Fatos e Fotos News","description":"Um site de noticial verdadeira e confi\u00e1veis.","publisher":{"@id":"https:\/\/www.fatosefotosnews.com.br\/#organization"},"potentialAction":[{"@type":"SearchAction","target":{"@type":"EntryPoint","urlTemplate":"https:\/\/www.fatosefotosnews.com.br\/?s={search_term_string}"},"query-input":{"@type":"PropertyValueSpecification","valueRequired":true,"valueName":"search_term_string"}}],"inLanguage":"pt-BR"},{"@type":"Organization","@id":"https:\/\/www.fatosefotosnews.com.br\/#organization","name":"Fatos e Fotos News","url":"https:\/\/www.fatosefotosnews.com.br\/","logo":{"@type":"ImageObject","inLanguage":"pt-BR","@id":"https:\/\/www.fatosefotosnews.com.br\/#\/schema\/logo\/image\/","url":"https:\/\/www.fatosefotosnews.com.br\/wp-content\/uploads\/2023\/02\/Fatos-e-Fotos-news-logo.png","contentUrl":"https:\/\/www.fatosefotosnews.com.br\/wp-content\/uploads\/2023\/02\/Fatos-e-Fotos-news-logo.png","width":300,"height":58,"caption":"Fatos e Fotos News"},"image":{"@id":"https:\/\/www.fatosefotosnews.com.br\/#\/schema\/logo\/image\/"}},{"@type":"Person","@id":"https:\/\/www.fatosefotosnews.com.br\/#\/schema\/person\/17b18da658f5277ed99382206a85602f","name":"Mirela Portugal","image":{"@type":"ImageObject","inLanguage":"pt-BR","@id":"https:\/\/secure.gravatar.com\/avatar\/2f92fb43fda38d1a46cf4a155e1c2951193d91d9bed3df97fce720eeb9595d08?s=96&d=mm&r=g","url":"https:\/\/secure.gravatar.com\/avatar\/2f92fb43fda38d1a46cf4a155e1c2951193d91d9bed3df97fce720eeb9595d08?s=96&d=mm&r=g","contentUrl":"https:\/\/secure.gravatar.com\/avatar\/2f92fb43fda38d1a46cf4a155e1c2951193d91d9bed3df97fce720eeb9595d08?s=96&d=mm&r=g","caption":"Mirela Portugal"},"sameAs":["http:\/\/fatosefotosnews.com.br"],"url":"https:\/\/www.fatosefotosnews.com.br\/?author=12"}]}},"jetpack_publicize_connections":[],"blog_post_layout_featured_media_urls":{"thumbnail":["https:\/\/www.fatosefotosnews.com.br\/wp-content\/uploads\/2026\/08\/img20260715161418065-150x150.jpg",150,150,true],"full":["https:\/\/www.fatosefotosnews.com.br\/wp-content\/uploads\/2026\/08\/img20260715161418065.jpg",1170,700,false]},"categories_names":{"2":{"name":"Pol\u00edtica","link":"https:\/\/www.fatosefotosnews.com.br\/?cat=2"}},"tags_names":{"22263":{"name":"blusinhas","link":"https:\/\/www.fatosefotosnews.com.br\/?tag=blusinhas"},"477":{"name":"comiss","link":"https:\/\/www.fatosefotosnews.com.br\/?tag=comiss"},"855":{"name":"indica","link":"https:\/\/www.fatosefotosnews.com.br\/?tag=indica"},"10585":{"name":"motta","link":"https:\/\/www.fatosefotosnews.com.br\/?tag=motta"},"453":{"name":"presidente","link":"https:\/\/www.fatosefotosnews.com.br\/?tag=presidente"}},"comments_number":"0","wpmagazine_modules_lite_featured_media_urls":{"thumbnail":["https:\/\/www.fatosefotosnews.com.br\/wp-content\/uploads\/2026\/08\/img20260715161418065-150x150.jpg",150,150,true],"cvmm-medium":["https:\/\/www.fatosefotosnews.com.br\/wp-content\/uploads\/2026\/08\/img20260715161418065-300x300.jpg",300,300,true],"cvmm-medium-plus":["https:\/\/www.fatosefotosnews.com.br\/wp-content\/uploads\/2026\/08\/img20260715161418065-305x207.jpg",305,207,true],"cvmm-portrait":["https:\/\/www.fatosefotosnews.com.br\/wp-content\/uploads\/2026\/08\/img20260715161418065-400x600.jpg",400,600,true],"cvmm-medium-square":["https:\/\/www.fatosefotosnews.com.br\/wp-content\/uploads\/2026\/08\/img20260715161418065-600x600.jpg",600,600,true],"cvmm-large":["https:\/\/www.fatosefotosnews.com.br\/wp-content\/uploads\/2026\/08\/img20260715161418065-1024x700.jpg",1024,700,true],"cvmm-small":["https:\/\/www.fatosefotosnews.com.br\/wp-content\/uploads\/2026\/08\/img20260715161418065-130x95.jpg",130,95,true],"full":["https:\/\/www.fatosefotosnews.com.br\/wp-content\/uploads\/2026\/08\/img20260715161418065.jpg",1170,700,false]},"_links":{"self":[{"href":"https:\/\/www.fatosefotosnews.com.br\/index.php?rest_route=\/wp\/v2\/posts\/157876","targetHints":{"allow":["GET"]}}],"collection":[{"href":"https:\/\/www.fatosefotosnews.com.br\/index.php?rest_route=\/wp\/v2\/posts"}],"about":[{"href":"https:\/\/www.fatosefotosnews.com.br\/index.php?rest_route=\/wp\/v2\/types\/post"}],"author":[{"embeddable":true,"href":"https:\/\/www.fatosefotosnews.com.br\/index.php?rest_route=\/wp\/v2\/users\/12"}],"replies":[{"embeddable":true,"href":"https:\/\/www.fatosefotosnews.com.br\/index.php?rest_route=%2Fwp%2Fv2%2Fcomments&post=157876"}],"version-history":[{"count":1,"href":"https:\/\/www.fatosefotosnews.com.br\/index.php?rest_route=\/wp\/v2\/posts\/157876\/revisions"}],"predecessor-version":[{"id":157884,"href":"https:\/\/www.fatosefotosnews.com.br\/index.php?rest_route=\/wp\/v2\/posts\/157876\/revisions\/157884"}],"wp:featuredmedia":[{"embeddable":true,"href":"https:\/\/www.fatosefotosnews.com.br\/index.php?rest_route=\/wp\/v2\/media\/157883"}],"wp:attachment":[{"href":"https:\/\/www.fatosefotosnews.com.br\/index.php?rest_route=%2Fwp%2Fv2%2Fmedia&parent=157876"}],"wp:term":[{"taxonomy":"category","embeddable":true,"href":"https:\/\/www.fatosefotosnews.com.br\/index.php?rest_route=%2Fwp%2Fv2%2Fcategories&post=157876"},{"taxonomy":"post_tag","embeddable":true,"href":"https:\/\/www.fatosefotosnews.com.br\/index.php?rest_route=%2Fwp%2Fv2%2Ftags&post=157876"}],"curies":[{"name":"wp","href":"https:\/\/api.w.org\/{rel}","templated":true}]}}