{"id":157890,"date":"2026-08-27T07:30:54","date_gmt":"2026-08-27T10:30:54","guid":{"rendered":"https:\/\/www.fatosefotosnews.com.br\/?p=157890"},"modified":"2026-08-26T21:10:43","modified_gmt":"2026-08-27T00:10:43","slug":"eclipse-parcial-da-lua-nesta-quinta-feira-sera-visto-em-todo-o-brasil","status":"publish","type":"post","link":"https:\/\/www.fatosefotosnews.com.br\/?p=157890","title":{"rendered":"Eclipse parcial da Lua nesta quinta-feira ser\u00e1 visto em todo o Brasil"},"content":{"rendered":"<p>Foto:<\/p>\n<div class=\"capa-materia rel-position\">\n<figure><figcaption class=\"credito-foto abs-position fullwidth\">Marcello Casal JrAg\u00eancia Brasil<\/figcaption><\/figure>\n<\/div>\n<div id=\"block-tts-block-tts\" class=\"block block-tts\">\n<div class=\"content\">\n<div id=\"tts-container\" class=\"container-audio rel-position\">\n<div class=\"title abs-position\"><\/div>\n<\/div>\n<\/div>\n<\/div>\n<div class=\"conteudo-noticia\">\n<p>A partir das 23h34, hora de Bras\u00edlia, desta quinta-feira (27), um eclipse parcial da Lua poder\u00e1 ser visto em todo o territ\u00f3rio brasileiro.\u00a0<strong>O ponto m\u00e1ximo ser\u00e1 \u00e0s 01h31<\/strong>, j\u00e1 na madrugada da sexta-feira (28), quando estar\u00e1 na fase mais obscura.<img decoding=\"async\" src=\"https:\/\/agenciabrasil.ebc.com.br\/ebc.png?id=1700696&amp;o=node\" \/><img decoding=\"async\" src=\"https:\/\/agenciabrasil.ebc.com.br\/ebc.gif?id=1700696&amp;o=node\" \/><\/p>\n<p>A astr\u00f4noma do Observat\u00f3rio Nacional Josina Oliveira do Nascimento disse que esse tipo de eclipse ocorre toda vez que a Lua entra na sombra da Terra, formada pela incid\u00eancia do Sol.<\/p>\n<p>\u201cSempre existe a sombra da Terra no espa\u00e7o, porque o Sol est\u00e1 sempre iluminando a Terra, mas a Lua nem sempre entra nessa sombra\u201d, explicou \u00e0\u00a0<strong>Ag\u00eancia Brasil<\/strong>.<\/p>\n<blockquote><p>\u201cA Lua vai entrar na sombra da Terra e tudo acontece por conta dessa quest\u00e3o da sombra. Todos os corpos que n\u00e3o s\u00e3o pontuais, recebendo uma fonte de ilumina\u00e7\u00e3o, t\u00eam duas sombras. Uma mais clara, que a gente chama de penumbra, e uma mais escura, que \u00e9 a umbra\u201d.<\/p><\/blockquote>\n<p>\u201cNo ano que vem, vamos ter dois eclipses s\u00f3 penumbrais. A Lua vai passar s\u00f3 pela penumbra e vai sair\u201d, adiantou Josina Oliveira.<\/p>\n<p>De acordo com a astr\u00f4noma, todos os eclipses ocorrem com Lua cheia e o formato depende do quanto ela vai entrar na sombra da Terra.<\/p>\n<p>\u201cSe o plano de \u00f3rbita da Lua em torno da Terra fosse o mesmo do plano de \u00f3rbita da Terra em torno do Sol, toda Lua cheia teria eclipse, mas acontece que n\u00e3o, porque a Lua faz um plano de \u00f3rbita que \u00e9 inclinado em 5 graus em rela\u00e7\u00e3o ao outro\u201d, explicou.<\/p>\n<p><strong>Para ter uma boa observa\u00e7\u00e3o do fen\u00f4meno \u00e9 preciso paci\u00eancia.<\/strong><\/p>\n<p>Segundo Josina Oliveira, ao entrar na penumbra, que \u00e9 a sombra mais clara, ainda n\u00e3o \u00e9 poss\u00edvel notar qualquer diferen\u00e7a no brilho da Lua.<\/p>\n<p>\u201cA gente sabe que ela est\u00e1 l\u00e1, porque \u00e0s 22h24 vai entrar na penumbra, mas entre 22h24 e 23h34, que \u00e9 a hora que ela vai come\u00e7ar a entrar na umbra, a gente vai olhar para a Lua e vai ver iluminada igualmente. N\u00e3o d\u00e1 para perceber nenhuma diferen\u00e7a olhando para ela. Agora, quando for 23h34, a\u00ed come\u00e7a a perceber a diferen\u00e7a\u201d, explicou, acrescentando que o estudo dos hor\u00e1rios em que os eventos ocorrem se baseia unicamente nas posi\u00e7\u00f5es do Sol, da Terra e da Lua.<\/p>\n<p><strong>\u201c\u00c9 isso que define a luminosidade. \u00c9 a mesma coisa de quando a gente sabe exatamente a hora em que a Lua entrou na Lua cheia, no quarto minguante e no quarto crescente. Cada m\u00eas tem um hor\u00e1rio diferente. O que a gente precisa para saber disso \u00e9 a posi\u00e7\u00e3o do Sol, da Terra e da Lua, porque o que a gente est\u00e1 vendo \u00e9 consequ\u00eancia desse tri\u00e2ngulo\u201d, explicou.<\/strong><\/p>\n<p>Segundo a astr\u00f4noma, durante o eclipse, primeiro se v\u00ea um pontinho preto, que vai evoluindo at\u00e9 a parte preta ficar em formato de uma \u201cmordidinha\u201d, o que significa que a Lua est\u00e1 entrando cada vez mais na umbra, que \u00e9 a sombra escura.<\/p>\n<p>\u201cQuando ela estiver 96,2% tomada, vai come\u00e7ar a sair da umbra e tomar uma tonalidade avermelhada. Logo depois vai sair\u201d.<\/p>\n<p><strong>Nesse fen\u00f4meno de agosto, a fase parcial levar\u00e1 3h18.<\/strong>\u00a0Vai come\u00e7ar \u00e0s 23h34, o m\u00e1ximo vai ser \u00e0s 1h13, j\u00e1 do dia 28, e o final do eclipse parcial vai ser \u00e0s 2h52.<\/p>\n<p>Mesmo quem estiver em fuso diferente do hor\u00e1rio de Bras\u00edlia, subtrai a diferen\u00e7a e poder\u00e1 observar o fen\u00f4meno no mesmo instante.<\/p>\n<p>\u201cQuem estiver no fuso de menos 4 horas, diminui 1 hora dos hor\u00e1rios [previstos para os movimentos]. O instante \u00e9 o mesmo, mas a hora no rel\u00f3gio \u00e9 diferente\u201d.<\/p>\n<h2>Olho nu<\/h2>\n<p><strong>Ao contr\u00e1rio do eclipse solar, que para observar \u00e9 preciso usar filtros, equipamentos especiais ou \u00f3culos pr\u00f3prios, esse parcial da Lua poder\u00e1 ser visto a olho nu, e de qualquer lugar.<\/strong><\/p>\n<p>\u201cNo caso desse eclipse, o Brasil todo vai ver e com a Lua bem alta. A \u00fanica coisa que vai fazer com que voc\u00ea n\u00e3o veja o eclipse \u00e9 se chover ou ficar nublado\u201d, apontou.<\/p>\n<p>De acordo com o Observat\u00f3rio Nacional, o eclipse desta quinta-feira \u201cpertence ao Saros 138, um ciclo de aproximadamente 18 anos que governa a recorr\u00eancia de eclipses com caracter\u00edsticas semelhantes\u201d.<\/p>\n<h2>Admira\u00e7\u00e3o<\/h2>\n<p>Para a astr\u00f4noma, o fen\u00f4meno do eclipse envolve as pessoas por causa da admira\u00e7\u00e3o pelo c\u00e9u, o que ajuda muito na divulga\u00e7\u00e3o e educa\u00e7\u00e3o relacionadas a esses eventos.<\/p>\n<p>\u201cA gente tem muita liga\u00e7\u00e3o com escolas, projetos de educa\u00e7\u00e3o de professores, de observa\u00e7\u00e3o na pra\u00e7a e em v\u00e1rias cidades do Rio e do Brasil, o Ci\u00eancia Cidad\u00e3, envolvendo as pessoas com a ci\u00eancia atrav\u00e9s da astronomia, porque o c\u00e9u \u00e9 envolvente. N\u00e3o conhe\u00e7o, em 47 anos de profiss\u00e3o, e nunca ouvi ningu\u00e9m dizer que n\u00e3o gosta de olhar para o c\u00e9u\u201d, disse.<\/p>\n<h2>Transmiss\u00e3o<\/h2>\n<p><strong>O eclipse parcial poder\u00e1 ser acompanhado tamb\u00e9m pela live que o Observat\u00f3rio Nacional vai fazer no seu canal do YouTube a partir das 23h<\/strong>\u00a0pelo hor\u00e1rio de Bras\u00edlia, em uma nova edi\u00e7\u00e3o do programa O C\u00e9u em sua Casa: observa\u00e7\u00e3o remota.<\/p>\n<p>Segundo o Observat\u00f3rio, como ocorreu no eclipse solar no come\u00e7o do m\u00eas, todos os ve\u00edculos de comunica\u00e7\u00e3o poder\u00e3o retransmitir gratuitamente a cobertura, mas precisam avisar antes pelo e-mail comunicacao@on.br.<\/p>\n<p>Hor\u00e1rios:<\/p>\n<ul>\n<li>23h00: In\u00edcio da transmiss\u00e3o ao vivo pelo YouTube do ON.<\/li>\n<li>23h34 (27\/ago): In\u00edcio do eclipse parcial. A Lua toca a umbra.<\/li>\n<li>01h13 (28\/ago): M\u00e1ximo do eclipse. Momento de maior obscurecimento (96,2%).<\/li>\n<li>02h52 (28\/ago): Fim da fase parcial, com a Lua deixando a umbra.<\/li>\n<li>04h02 (28\/ago): Fim do eclipse penumbral e encerramento da transmiss\u00e3o.<\/li>\n<\/ul>\n<\/div>\n","protected":false},"excerpt":{"rendered":"<p>Foto: Marcello Casal JrAg\u00eancia Brasil A partir das 23h34, hora de Bras\u00edlia, desta quinta-feira (27), um eclipse parcial da Lua poder\u00e1 ser visto em todo o territ\u00f3rio brasileiro.\u00a0O ponto m\u00e1ximo ser\u00e1 \u00e0s 01h31, j\u00e1 na madrugada da sexta-feira (28), quando estar\u00e1 na fase mais obscura. A astr\u00f4noma do Observat\u00f3rio Nacional Josina Oliveira do Nascimento disse [&hellip;]<\/p>\n","protected":false},"author":12,"featured_media":157880,"comment_status":"closed","ping_status":"open","sticky":false,"template":"","format":"standard","meta":{"_acf_changed":false,"_angie_page":false,"_monsterinsights_skip_tracking":false,"_themeisle_gutenberg_block_has_review":false,"page_builder":"","footnotes":"","jetpack_publicize_message":"","jetpack_publicize_feature_enabled":true,"jetpack_social_post_already_shared":true,"jetpack_social_options":{"image_generator_settings":{"template":"highway","default_image_id":0,"font":"","enabled":false},"version":2}},"categories":[167],"tags":[179,14706,518,516,2878,1479,4663],"class_list":["post-157890","post","type-post","status-publish","format-standard","has-post-thumbnail","hentry","category-geral","tag-brasil","tag-eclipse","tag-feira","tag-nesta","tag-parcial","tag-quinta","tag-visto"],"acf":[],"nelio_content":{"autoShareEndMode":"never","automationSources":{"useCustomSentences":false,"customSentences":[]},"efiAlt":"","efiUrl":"","followers":[12],"highlights":[],"isAutoShareEnabled":true,"networkImageIds":[],"permalinkQueryArgs":[],"series":[],"suggestedReferences":[]},"yoast_head":"<!-- This site is optimized with the Yoast SEO plugin v28.3 - https:\/\/yoast.com\/product\/yoast-seo-wordpress\/ -->\n<title>Eclipse parcial da Lua nesta quinta-feira ser\u00e1 visto em todo o Brasil - Fatos e Fotos News<\/title>\n<meta name=\"robots\" content=\"index, follow, max-snippet:-1, max-image-preview:large, max-video-preview:-1\" \/>\n<link rel=\"canonical\" href=\"https:\/\/www.fatosefotosnews.com.br\/?p=157890\" \/>\n<meta property=\"og:locale\" content=\"pt_BR\" \/>\n<meta property=\"og:type\" content=\"article\" \/>\n<meta property=\"og:title\" content=\"Eclipse parcial da Lua nesta quinta-feira ser\u00e1 visto em todo o Brasil - Fatos e Fotos News\" \/>\n<meta property=\"og:description\" content=\"Foto: Marcello Casal JrAg\u00eancia Brasil A partir das 23h34, hora de Bras\u00edlia, desta quinta-feira (27), um eclipse parcial da Lua poder\u00e1 ser visto em todo o territ\u00f3rio brasileiro.\u00a0O ponto m\u00e1ximo ser\u00e1 \u00e0s 01h31, j\u00e1 na madrugada da sexta-feira (28), quando estar\u00e1 na fase mais obscura. A astr\u00f4noma do Observat\u00f3rio Nacional Josina Oliveira do Nascimento disse [&hellip;]\" \/>\n<meta property=\"og:url\" content=\"https:\/\/www.fatosefotosnews.com.br\/?p=157890\" \/>\n<meta property=\"og:site_name\" content=\"Fatos e Fotos News\" \/>\n<meta property=\"article:published_time\" content=\"2026-08-27T10:30:54+00:00\" \/>\n<meta property=\"og:image\" content=\"https:\/\/www.fatosefotosnews.com.br\/wp-content\/uploads\/2026\/08\/mca_abr_16071919219.jpg\" \/>\n\t<meta property=\"og:image:width\" content=\"1170\" \/>\n\t<meta property=\"og:image:height\" content=\"700\" \/>\n\t<meta property=\"og:image:type\" content=\"image\/jpeg\" \/>\n<meta name=\"author\" content=\"Mirela Portugal\" \/>\n<meta name=\"twitter:card\" content=\"summary_large_image\" \/>\n<meta name=\"twitter:label1\" content=\"Escrito por\" \/>\n\t<meta name=\"twitter:data1\" content=\"Mirela Portugal\" \/>\n\t<meta name=\"twitter:label2\" content=\"Est. tempo de leitura\" \/>\n\t<meta name=\"twitter:data2\" content=\"6 minutos\" \/>\n<script type=\"application\/ld+json\" class=\"yoast-schema-graph\">{\"@context\":\"https:\\\/\\\/schema.org\",\"@graph\":[{\"@type\":\"Article\",\"@id\":\"https:\\\/\\\/www.fatosefotosnews.com.br\\\/?p=157890#article\",\"isPartOf\":{\"@id\":\"https:\\\/\\\/www.fatosefotosnews.com.br\\\/?p=157890\"},\"author\":{\"name\":\"Mirela Portugal\",\"@id\":\"https:\\\/\\\/www.fatosefotosnews.com.br\\\/#\\\/schema\\\/person\\\/17b18da658f5277ed99382206a85602f\"},\"headline\":\"Eclipse parcial da Lua nesta quinta-feira ser\u00e1 visto em todo o Brasil\",\"datePublished\":\"2026-08-27T10:30:54+00:00\",\"mainEntityOfPage\":{\"@id\":\"https:\\\/\\\/www.fatosefotosnews.com.br\\\/?p=157890\"},\"wordCount\":983,\"publisher\":{\"@id\":\"https:\\\/\\\/www.fatosefotosnews.com.br\\\/#organization\"},\"image\":{\"@id\":\"https:\\\/\\\/www.fatosefotosnews.com.br\\\/?p=157890#primaryimage\"},\"thumbnailUrl\":\"https:\\\/\\\/www.fatosefotosnews.com.br\\\/wp-content\\\/uploads\\\/2026\\\/08\\\/mca_abr_16071919219.jpg\",\"keywords\":[\"Brasil\",\"eclipse\",\"feira\",\"nesta\",\"parcial\",\"quinta\",\"visto\"],\"articleSection\":[\"Geral\"],\"inLanguage\":\"pt-BR\"},{\"@type\":\"WebPage\",\"@id\":\"https:\\\/\\\/www.fatosefotosnews.com.br\\\/?p=157890\",\"url\":\"https:\\\/\\\/www.fatosefotosnews.com.br\\\/?p=157890\",\"name\":\"Eclipse parcial da Lua nesta quinta-feira ser\u00e1 visto em todo o Brasil - Fatos e Fotos News\",\"isPartOf\":{\"@id\":\"https:\\\/\\\/www.fatosefotosnews.com.br\\\/#website\"},\"primaryImageOfPage\":{\"@id\":\"https:\\\/\\\/www.fatosefotosnews.com.br\\\/?p=157890#primaryimage\"},\"image\":{\"@id\":\"https:\\\/\\\/www.fatosefotosnews.com.br\\\/?p=157890#primaryimage\"},\"thumbnailUrl\":\"https:\\\/\\\/www.fatosefotosnews.com.br\\\/wp-content\\\/uploads\\\/2026\\\/08\\\/mca_abr_16071919219.jpg\",\"datePublished\":\"2026-08-27T10:30:54+00:00\",\"breadcrumb\":{\"@id\":\"https:\\\/\\\/www.fatosefotosnews.com.br\\\/?p=157890#breadcrumb\"},\"inLanguage\":\"pt-BR\",\"potentialAction\":[{\"@type\":\"ReadAction\",\"target\":[\"https:\\\/\\\/www.fatosefotosnews.com.br\\\/?p=157890\"]}]},{\"@type\":\"ImageObject\",\"inLanguage\":\"pt-BR\",\"@id\":\"https:\\\/\\\/www.fatosefotosnews.com.br\\\/?p=157890#primaryimage\",\"url\":\"https:\\\/\\\/www.fatosefotosnews.com.br\\\/wp-content\\\/uploads\\\/2026\\\/08\\\/mca_abr_16071919219.jpg\",\"contentUrl\":\"https:\\\/\\\/www.fatosefotosnews.com.br\\\/wp-content\\\/uploads\\\/2026\\\/08\\\/mca_abr_16071919219.jpg\",\"width\":1170,\"height\":700},{\"@type\":\"BreadcrumbList\",\"@id\":\"https:\\\/\\\/www.fatosefotosnews.com.br\\\/?p=157890#breadcrumb\",\"itemListElement\":[{\"@type\":\"ListItem\",\"position\":1,\"name\":\"In\u00edcio\",\"item\":\"https:\\\/\\\/www.fatosefotosnews.com.br\\\/\"},{\"@type\":\"ListItem\",\"position\":2,\"name\":\"Eclipse parcial da Lua nesta quinta-feira ser\u00e1 visto em todo o Brasil\"}]},{\"@type\":\"WebSite\",\"@id\":\"https:\\\/\\\/www.fatosefotosnews.com.br\\\/#website\",\"url\":\"https:\\\/\\\/www.fatosefotosnews.com.br\\\/\",\"name\":\"Fatos e Fotos News\",\"description\":\"Um site de noticial verdadeira e confi\u00e1veis.\",\"publisher\":{\"@id\":\"https:\\\/\\\/www.fatosefotosnews.com.br\\\/#organization\"},\"potentialAction\":[{\"@type\":\"SearchAction\",\"target\":{\"@type\":\"EntryPoint\",\"urlTemplate\":\"https:\\\/\\\/www.fatosefotosnews.com.br\\\/?s={search_term_string}\"},\"query-input\":{\"@type\":\"PropertyValueSpecification\",\"valueRequired\":true,\"valueName\":\"search_term_string\"}}],\"inLanguage\":\"pt-BR\"},{\"@type\":\"Organization\",\"@id\":\"https:\\\/\\\/www.fatosefotosnews.com.br\\\/#organization\",\"name\":\"Fatos e Fotos News\",\"url\":\"https:\\\/\\\/www.fatosefotosnews.com.br\\\/\",\"logo\":{\"@type\":\"ImageObject\",\"inLanguage\":\"pt-BR\",\"@id\":\"https:\\\/\\\/www.fatosefotosnews.com.br\\\/#\\\/schema\\\/logo\\\/image\\\/\",\"url\":\"https:\\\/\\\/www.fatosefotosnews.com.br\\\/wp-content\\\/uploads\\\/2023\\\/02\\\/Fatos-e-Fotos-news-logo.png\",\"contentUrl\":\"https:\\\/\\\/www.fatosefotosnews.com.br\\\/wp-content\\\/uploads\\\/2023\\\/02\\\/Fatos-e-Fotos-news-logo.png\",\"width\":300,\"height\":58,\"caption\":\"Fatos e Fotos News\"},\"image\":{\"@id\":\"https:\\\/\\\/www.fatosefotosnews.com.br\\\/#\\\/schema\\\/logo\\\/image\\\/\"}},{\"@type\":\"Person\",\"@id\":\"https:\\\/\\\/www.fatosefotosnews.com.br\\\/#\\\/schema\\\/person\\\/17b18da658f5277ed99382206a85602f\",\"name\":\"Mirela Portugal\",\"image\":{\"@type\":\"ImageObject\",\"inLanguage\":\"pt-BR\",\"@id\":\"https:\\\/\\\/secure.gravatar.com\\\/avatar\\\/2f92fb43fda38d1a46cf4a155e1c2951193d91d9bed3df97fce720eeb9595d08?s=96&d=mm&r=g\",\"url\":\"https:\\\/\\\/secure.gravatar.com\\\/avatar\\\/2f92fb43fda38d1a46cf4a155e1c2951193d91d9bed3df97fce720eeb9595d08?s=96&d=mm&r=g\",\"contentUrl\":\"https:\\\/\\\/secure.gravatar.com\\\/avatar\\\/2f92fb43fda38d1a46cf4a155e1c2951193d91d9bed3df97fce720eeb9595d08?s=96&d=mm&r=g\",\"caption\":\"Mirela Portugal\"},\"sameAs\":[\"http:\\\/\\\/fatosefotosnews.com.br\"],\"url\":\"https:\\\/\\\/www.fatosefotosnews.com.br\\\/?author=12\"}]}<\/script>\n<!-- \/ Yoast SEO plugin. -->","yoast_head_json":{"title":"Eclipse parcial da Lua nesta quinta-feira ser\u00e1 visto em todo o Brasil - Fatos e Fotos News","robots":{"index":"index","follow":"follow","max-snippet":"max-snippet:-1","max-image-preview":"max-image-preview:large","max-video-preview":"max-video-preview:-1"},"canonical":"https:\/\/www.fatosefotosnews.com.br\/?p=157890","og_locale":"pt_BR","og_type":"article","og_title":"Eclipse parcial da Lua nesta quinta-feira ser\u00e1 visto em todo o Brasil - Fatos e Fotos News","og_description":"Foto: Marcello Casal JrAg\u00eancia Brasil A partir das 23h34, hora de Bras\u00edlia, desta quinta-feira (27), um eclipse parcial da Lua poder\u00e1 ser visto em todo o territ\u00f3rio brasileiro.\u00a0O ponto m\u00e1ximo ser\u00e1 \u00e0s 01h31, j\u00e1 na madrugada da sexta-feira (28), quando estar\u00e1 na fase mais obscura. A astr\u00f4noma do Observat\u00f3rio Nacional Josina Oliveira do Nascimento disse [&hellip;]","og_url":"https:\/\/www.fatosefotosnews.com.br\/?p=157890","og_site_name":"Fatos e Fotos News","article_published_time":"2026-08-27T10:30:54+00:00","og_image":[{"width":1170,"height":700,"url":"https:\/\/www.fatosefotosnews.com.br\/wp-content\/uploads\/2026\/08\/mca_abr_16071919219.jpg","type":"image\/jpeg"}],"author":"Mirela Portugal","twitter_card":"summary_large_image","twitter_misc":{"Escrito por":"Mirela Portugal","Est. tempo de leitura":"6 minutos"},"schema":{"@context":"https:\/\/schema.org","@graph":[{"@type":"Article","@id":"https:\/\/www.fatosefotosnews.com.br\/?p=157890#article","isPartOf":{"@id":"https:\/\/www.fatosefotosnews.com.br\/?p=157890"},"author":{"name":"Mirela Portugal","@id":"https:\/\/www.fatosefotosnews.com.br\/#\/schema\/person\/17b18da658f5277ed99382206a85602f"},"headline":"Eclipse parcial da Lua nesta quinta-feira ser\u00e1 visto em todo o Brasil","datePublished":"2026-08-27T10:30:54+00:00","mainEntityOfPage":{"@id":"https:\/\/www.fatosefotosnews.com.br\/?p=157890"},"wordCount":983,"publisher":{"@id":"https:\/\/www.fatosefotosnews.com.br\/#organization"},"image":{"@id":"https:\/\/www.fatosefotosnews.com.br\/?p=157890#primaryimage"},"thumbnailUrl":"https:\/\/www.fatosefotosnews.com.br\/wp-content\/uploads\/2026\/08\/mca_abr_16071919219.jpg","keywords":["Brasil","eclipse","feira","nesta","parcial","quinta","visto"],"articleSection":["Geral"],"inLanguage":"pt-BR"},{"@type":"WebPage","@id":"https:\/\/www.fatosefotosnews.com.br\/?p=157890","url":"https:\/\/www.fatosefotosnews.com.br\/?p=157890","name":"Eclipse parcial da Lua nesta quinta-feira ser\u00e1 visto em todo o Brasil - Fatos e Fotos News","isPartOf":{"@id":"https:\/\/www.fatosefotosnews.com.br\/#website"},"primaryImageOfPage":{"@id":"https:\/\/www.fatosefotosnews.com.br\/?p=157890#primaryimage"},"image":{"@id":"https:\/\/www.fatosefotosnews.com.br\/?p=157890#primaryimage"},"thumbnailUrl":"https:\/\/www.fatosefotosnews.com.br\/wp-content\/uploads\/2026\/08\/mca_abr_16071919219.jpg","datePublished":"2026-08-27T10:30:54+00:00","breadcrumb":{"@id":"https:\/\/www.fatosefotosnews.com.br\/?p=157890#breadcrumb"},"inLanguage":"pt-BR","potentialAction":[{"@type":"ReadAction","target":["https:\/\/www.fatosefotosnews.com.br\/?p=157890"]}]},{"@type":"ImageObject","inLanguage":"pt-BR","@id":"https:\/\/www.fatosefotosnews.com.br\/?p=157890#primaryimage","url":"https:\/\/www.fatosefotosnews.com.br\/wp-content\/uploads\/2026\/08\/mca_abr_16071919219.jpg","contentUrl":"https:\/\/www.fatosefotosnews.com.br\/wp-content\/uploads\/2026\/08\/mca_abr_16071919219.jpg","width":1170,"height":700},{"@type":"BreadcrumbList","@id":"https:\/\/www.fatosefotosnews.com.br\/?p=157890#breadcrumb","itemListElement":[{"@type":"ListItem","position":1,"name":"In\u00edcio","item":"https:\/\/www.fatosefotosnews.com.br\/"},{"@type":"ListItem","position":2,"name":"Eclipse parcial da Lua nesta quinta-feira ser\u00e1 visto em todo o Brasil"}]},{"@type":"WebSite","@id":"https:\/\/www.fatosefotosnews.com.br\/#website","url":"https:\/\/www.fatosefotosnews.com.br\/","name":"Fatos e Fotos News","description":"Um site de noticial verdadeira e confi\u00e1veis.","publisher":{"@id":"https:\/\/www.fatosefotosnews.com.br\/#organization"},"potentialAction":[{"@type":"SearchAction","target":{"@type":"EntryPoint","urlTemplate":"https:\/\/www.fatosefotosnews.com.br\/?s={search_term_string}"},"query-input":{"@type":"PropertyValueSpecification","valueRequired":true,"valueName":"search_term_string"}}],"inLanguage":"pt-BR"},{"@type":"Organization","@id":"https:\/\/www.fatosefotosnews.com.br\/#organization","name":"Fatos e Fotos News","url":"https:\/\/www.fatosefotosnews.com.br\/","logo":{"@type":"ImageObject","inLanguage":"pt-BR","@id":"https:\/\/www.fatosefotosnews.com.br\/#\/schema\/logo\/image\/","url":"https:\/\/www.fatosefotosnews.com.br\/wp-content\/uploads\/2023\/02\/Fatos-e-Fotos-news-logo.png","contentUrl":"https:\/\/www.fatosefotosnews.com.br\/wp-content\/uploads\/2023\/02\/Fatos-e-Fotos-news-logo.png","width":300,"height":58,"caption":"Fatos e Fotos News"},"image":{"@id":"https:\/\/www.fatosefotosnews.com.br\/#\/schema\/logo\/image\/"}},{"@type":"Person","@id":"https:\/\/www.fatosefotosnews.com.br\/#\/schema\/person\/17b18da658f5277ed99382206a85602f","name":"Mirela Portugal","image":{"@type":"ImageObject","inLanguage":"pt-BR","@id":"https:\/\/secure.gravatar.com\/avatar\/2f92fb43fda38d1a46cf4a155e1c2951193d91d9bed3df97fce720eeb9595d08?s=96&d=mm&r=g","url":"https:\/\/secure.gravatar.com\/avatar\/2f92fb43fda38d1a46cf4a155e1c2951193d91d9bed3df97fce720eeb9595d08?s=96&d=mm&r=g","contentUrl":"https:\/\/secure.gravatar.com\/avatar\/2f92fb43fda38d1a46cf4a155e1c2951193d91d9bed3df97fce720eeb9595d08?s=96&d=mm&r=g","caption":"Mirela Portugal"},"sameAs":["http:\/\/fatosefotosnews.com.br"],"url":"https:\/\/www.fatosefotosnews.com.br\/?author=12"}]}},"jetpack_publicize_connections":[],"blog_post_layout_featured_media_urls":{"thumbnail":["https:\/\/www.fatosefotosnews.com.br\/wp-content\/uploads\/2026\/08\/mca_abr_16071919219-150x150.jpg",150,150,true],"full":["https:\/\/www.fatosefotosnews.com.br\/wp-content\/uploads\/2026\/08\/mca_abr_16071919219.jpg",1170,700,false]},"categories_names":{"167":{"name":"Geral","link":"https:\/\/www.fatosefotosnews.com.br\/?cat=167"}},"tags_names":{"179":{"name":"Brasil","link":"https:\/\/www.fatosefotosnews.com.br\/?tag=brasil"},"14706":{"name":"eclipse","link":"https:\/\/www.fatosefotosnews.com.br\/?tag=eclipse"},"518":{"name":"feira","link":"https:\/\/www.fatosefotosnews.com.br\/?tag=feira"},"516":{"name":"nesta","link":"https:\/\/www.fatosefotosnews.com.br\/?tag=nesta"},"2878":{"name":"parcial","link":"https:\/\/www.fatosefotosnews.com.br\/?tag=parcial"},"1479":{"name":"quinta","link":"https:\/\/www.fatosefotosnews.com.br\/?tag=quinta"},"4663":{"name":"visto","link":"https:\/\/www.fatosefotosnews.com.br\/?tag=visto"}},"comments_number":"0","wpmagazine_modules_lite_featured_media_urls":{"thumbnail":["https:\/\/www.fatosefotosnews.com.br\/wp-content\/uploads\/2026\/08\/mca_abr_16071919219-150x150.jpg",150,150,true],"cvmm-medium":["https:\/\/www.fatosefotosnews.com.br\/wp-content\/uploads\/2026\/08\/mca_abr_16071919219-300x300.jpg",300,300,true],"cvmm-medium-plus":["https:\/\/www.fatosefotosnews.com.br\/wp-content\/uploads\/2026\/08\/mca_abr_16071919219-305x207.jpg",305,207,true],"cvmm-portrait":["https:\/\/www.fatosefotosnews.com.br\/wp-content\/uploads\/2026\/08\/mca_abr_16071919219-400x600.jpg",400,600,true],"cvmm-medium-square":["https:\/\/www.fatosefotosnews.com.br\/wp-content\/uploads\/2026\/08\/mca_abr_16071919219-600x600.jpg",600,600,true],"cvmm-large":["https:\/\/www.fatosefotosnews.com.br\/wp-content\/uploads\/2026\/08\/mca_abr_16071919219-1024x700.jpg",1024,700,true],"cvmm-small":["https:\/\/www.fatosefotosnews.com.br\/wp-content\/uploads\/2026\/08\/mca_abr_16071919219-130x95.jpg",130,95,true],"full":["https:\/\/www.fatosefotosnews.com.br\/wp-content\/uploads\/2026\/08\/mca_abr_16071919219.jpg",1170,700,false]},"_links":{"self":[{"href":"https:\/\/www.fatosefotosnews.com.br\/index.php?rest_route=\/wp\/v2\/posts\/157890","targetHints":{"allow":["GET"]}}],"collection":[{"href":"https:\/\/www.fatosefotosnews.com.br\/index.php?rest_route=\/wp\/v2\/posts"}],"about":[{"href":"https:\/\/www.fatosefotosnews.com.br\/index.php?rest_route=\/wp\/v2\/types\/post"}],"author":[{"embeddable":true,"href":"https:\/\/www.fatosefotosnews.com.br\/index.php?rest_route=\/wp\/v2\/users\/12"}],"replies":[{"embeddable":true,"href":"https:\/\/www.fatosefotosnews.com.br\/index.php?rest_route=%2Fwp%2Fv2%2Fcomments&post=157890"}],"version-history":[{"count":1,"href":"https:\/\/www.fatosefotosnews.com.br\/index.php?rest_route=\/wp\/v2\/posts\/157890\/revisions"}],"predecessor-version":[{"id":157891,"href":"https:\/\/www.fatosefotosnews.com.br\/index.php?rest_route=\/wp\/v2\/posts\/157890\/revisions\/157891"}],"wp:featuredmedia":[{"embeddable":true,"href":"https:\/\/www.fatosefotosnews.com.br\/index.php?rest_route=\/wp\/v2\/media\/157880"}],"wp:attachment":[{"href":"https:\/\/www.fatosefotosnews.com.br\/index.php?rest_route=%2Fwp%2Fv2%2Fmedia&parent=157890"}],"wp:term":[{"taxonomy":"category","embeddable":true,"href":"https:\/\/www.fatosefotosnews.com.br\/index.php?rest_route=%2Fwp%2Fv2%2Fcategories&post=157890"},{"taxonomy":"post_tag","embeddable":true,"href":"https:\/\/www.fatosefotosnews.com.br\/index.php?rest_route=%2Fwp%2Fv2%2Ftags&post=157890"}],"curies":[{"name":"wp","href":"https:\/\/api.w.org\/{rel}","templated":true}]}}