{"id":157892,"date":"2026-08-27T07:50:11","date_gmt":"2026-08-27T10:50:11","guid":{"rendered":"https:\/\/www.fatosefotosnews.com.br\/?p=157892"},"modified":"2026-08-26T21:13:35","modified_gmt":"2026-08-27T00:13:35","slug":"ebc-promove-capacitacao-sobre-cobertura-jornalistica-de-feminicidios","status":"publish","type":"post","link":"https:\/\/www.fatosefotosnews.com.br\/?p=157892","title":{"rendered":"EBC promove capacita\u00e7\u00e3o sobre cobertura jornal\u00edstica de feminic\u00eddios"},"content":{"rendered":"<p>Foto: Valter Campanato\/Ag\u00eancia Brasil<\/p>\n<div id=\"block-tts-block-tts\" class=\"block block-tts\">\n<div class=\"content\">\n<div id=\"tts-container\" class=\"container-audio rel-position\">\n<div class=\"title abs-position\"><\/div>\n<\/div>\n<\/div>\n<\/div>\n<div class=\"conteudo-noticia\">\n<p><strong>A\u00a0Empresa Brasil de Comunica\u00e7\u00e3o (EBC)\u00a0promoveu, nesta segunda-feira (24), a capacita\u00e7\u00e3o\u00a0<em>Comunicar para Proteger<\/em>, que reuniu empregados para discutir a cobertura jornal\u00edstica de casos de feminic\u00eddio e as melhores pr\u00e1ticas para uma abordagem respons\u00e1vel.<\/strong><img decoding=\"async\" src=\"https:\/\/agenciabrasil.ebc.com.br\/ebc.png?id=1700678&amp;o=node\" \/><img decoding=\"async\" src=\"https:\/\/agenciabrasil.ebc.com.br\/ebc.gif?id=1700678&amp;o=node\" \/><\/p>\n<p>A atividade teve como foco a apresenta\u00e7\u00e3o do Guia de Comunica\u00e7\u00e3o de Feminic\u00eddios no Distrito Federal e a reflex\u00e3o sobre o papel do jornalismo na abordagem respons\u00e1vel da viol\u00eancia de g\u00eanero.<\/p>\n<p>Conduzida pela ju\u00edza do Tribunal de Justi\u00e7a do Distrito Federal e dos Territ\u00f3rios (TJDFT) Fabriziane Zapata e pelo delegado da Pol\u00edcia Civil do Distrito Federal (PCDF) Marcelo Zago Gomes Ferreira, a capacita\u00e7\u00e3o abordou diretrizes e boas pr\u00e1ticas para evitar a revitimiza\u00e7\u00e3o e a glamouriza\u00e7\u00e3o da viol\u00eancia, preservar a dignidade das v\u00edtimas e contribuir para a conscientiza\u00e7\u00e3o e a preven\u00e7\u00e3o.<\/p>\n<p><strong>A atividade tamb\u00e9m discutiu formas de tratar o tema com responsabilidade, considerando os impactos da cobertura jornal\u00edstica sobre v\u00edtimas, familiares e sociedade.<\/strong><\/p>\n<p>A proposta tamb\u00e9m destacou a responsabilidade da imprensa na constru\u00e7\u00e3o de uma abordagem que contribua para a conscientiza\u00e7\u00e3o da sociedade e para a preven\u00e7\u00e3o de novos casos.<\/p>\n<p><strong>A forma como um feminic\u00eddio \u00e9 noticiado pode refor\u00e7ar estere\u00f3tipos e expor v\u00edtimas e familiares ou, ao contr\u00e1rio, ajudar a contextualizar a viol\u00eancia de g\u00eanero como um problema social que precisa ser enfrentado.<\/strong><\/p>\n<blockquote><p>&#8220;Promover essa forma\u00e7\u00e3o \u00e9 reafirmar o compromisso da\u00a0EBC\u00a0com uma comunica\u00e7\u00e3o p\u00fablica respons\u00e1vel, comprometida com os direitos humanos e com a igualdade de g\u00eanero&#8221;, afirma a diretora-presidente da\u00a0EBC, Antonia Pellegrino.<\/p><\/blockquote>\n<p>&#8220;A cobertura jornal\u00edstica de feminic\u00eddios precisa ir al\u00e9m do relato do crime, evitando a revitimiza\u00e7\u00e3o e a exposi\u00e7\u00e3o indevida das v\u00edtimas e de seus familiares. Queremos contribuir para que o jornalismo ajude a sociedade a compreender as causas e os contextos da viol\u00eancia contra as mulheres e, sobretudo, fortale\u00e7a a conscientiza\u00e7\u00e3o e a preven\u00e7\u00e3o de novos casos&#8221;, explica.<\/p>\n<p><strong>A diretora de jornalismo da\u00a0EBC, Myrian Pereira, acrescenta que \u201co jornalismo da EBC tem a tradi\u00e7\u00e3o de ser pioneiro na cobertura de temas relevantes para a sociedade que n\u00e3o tem tanto espa\u00e7o fora da comunica\u00e7\u00e3o p\u00fablica.<\/strong><\/p>\n<p>Agora que o tema tem ganho cada vez mais espa\u00e7o nos outros ve\u00edculos, queremos tamb\u00e9m ter um diferencial, fazendo uma cobertura cada vez mais respons\u00e1vel e que apresenta \u00e0 sociedade os servi\u00e7os p\u00fablicos dispon\u00edveis para combater tal viol\u00eancia\u201d.<\/p>\n<p><strong>A iniciativa est\u00e1 alinhada ao compromisso institucional da\u00a0EBC\u00a0com a promo\u00e7\u00e3o da equidade.<\/strong>\u00a0Em 2026, a empresa recebeu o Selo Pr\u00f3-Equidade de G\u00eanero, reconhecimento do Minist\u00e9rio das Mulheres relacionado \u00e0s a\u00e7\u00f5es voltadas \u00e0 igualdade de oportunidades e ao enfrentamento das desigualdades de g\u00eanero no ambiente de trabalho. Neste ano, a diretoria da\u00a0EBC\u00a0tamb\u00e9m alcan\u00e7ou a paridade de g\u00eanero, com tr\u00eas diretoras mulheres e tr\u00eas diretores homens.<\/p>\n<h2>Experi\u00eancia no enfrentamento \u00e0 viol\u00eancia contra as mulheres<\/h2>\n<p><strong>Magistrada do TJDFT desde 2008, Fabriziane Zapata \u00e9 titular, h\u00e1 dez anos, do Juizado de Viol\u00eancia Dom\u00e9stica e Familiar contra a Mulher do Riacho Fundo.<\/strong>\u00a0Ela atua desde 2016 como ju\u00edza coordenadora da Coordenadoria da Mulher em Situa\u00e7\u00e3o de Viol\u00eancia Dom\u00e9stica do TJDFT. Na fun\u00e7\u00e3o, coordena projetos nas \u00e1reas de educa\u00e7\u00e3o e seguran\u00e7a p\u00fablica sob a perspectiva de g\u00eanero. Fabriziane integra a Rede Distrital de Enfrentamento \u00e0 Viol\u00eancia contra a Mulher e a C\u00e2mara T\u00e9cnica de Monitoramento de Feminic\u00eddios.<\/p>\n<p><strong>Marcelo Zago Gomes Ferreira \u00e9 delegado de Pol\u00edcia Civil do Distrito Federal e coordenador da C\u00e2mara T\u00e9cnica de Monitoramento de Homic\u00eddios e Feminic\u00eddios da Secretaria de Seguran\u00e7a P\u00fablica do Distrito Federal (CTMHF).<\/strong>\u00a0Foi coordenador do Grupo de Trabalho Imprensa, respons\u00e1vel pela elabora\u00e7\u00e3o do Guia de Comunica\u00e7\u00e3o sobre Feminic\u00eddios no Distrito Federal. \u00c9 professor da Escola Superior de Pol\u00edcia Civil do Distrito Federal e de cursos de p\u00f3s-gradua\u00e7\u00e3o e tamb\u00e9m atua como pesquisador e palestrante nas \u00e1reas de seguran\u00e7a p\u00fablica, investiga\u00e7\u00e3o criminal, governan\u00e7a baseada em evid\u00eancias e enfrentamento aos homic\u00eddios e feminic\u00eddios.<\/p>\n<blockquote><p>\u201c\u00c9 um tema cultural e enraizado, por isso n\u00e3o podemos fechar os olhos para essa realidade&#8221;, disse Zapata durante o curso. &#8220;\u00c9 nosso dever auxiliar, de alguma maneira, e ensinar a popula\u00e7\u00e3o com a ajuda do jornalismo\u201d, explicou o delegado.<\/p><\/blockquote>\n<p>Os palestrantes distribu\u00edram um Guia de Bolso para Jornalistas, com diretrizes para uma cobertura mais cidad\u00e3, e destacaram a import\u00e2ncia de reportagens sobre feminicidio sempre conterem um box de servi\u00e7o para as v\u00edtimas.<\/p>\n<p><strong>Se voc\u00ea ou algu\u00e9m que voc\u00ea conhece \u00e9 v\u00edtima de viol\u00eancia, procure\u00a0ajuda:<\/strong><\/p>\n<p>\u2192 DISQUE 190 \u2013 Pol\u00edcia Militar (24h). Para emerg\u00eancia, amea\u00e7a iminente ou descumprimento de medida protetiva com risco atual. Envia viatura imediatamente.<br \/>\n\u2192 DISQUE 197 \u2013 Pol\u00edcia Civil\u00a0(24h, an\u00f4nimo). Para den\u00fancia an\u00f4nima ou repasse de informa\u00e7\u00f5es.<br \/>\n\u2192 LIGUE 180 \u2013 Central de Atendimento \u00e0 Mulher (Governo Federal \u00b7 24h \u00b7 gratuito \u00b7 nacional). Para orienta\u00e7\u00e3o sobre direitos, servi\u00e7os da rede de atendimento e encaminhamentos.<\/p>\n<p><strong>Para atendimento jur\u00eddico gratuito espec\u00edfico, procure a Defensoria P\u00fablica de seu estado.<\/strong><\/p>\n<\/div>\n","protected":false},"excerpt":{"rendered":"<p>Foto: Valter Campanato\/Ag\u00eancia Brasil A\u00a0Empresa Brasil de Comunica\u00e7\u00e3o (EBC)\u00a0promoveu, nesta segunda-feira (24), a capacita\u00e7\u00e3o\u00a0Comunicar para Proteger, que reuniu empregados para discutir a cobertura jornal\u00edstica de casos de feminic\u00eddio e as melhores pr\u00e1ticas para uma abordagem respons\u00e1vel. A atividade teve como foco a apresenta\u00e7\u00e3o do Guia de Comunica\u00e7\u00e3o de Feminic\u00eddios no Distrito Federal e a reflex\u00e3o [&hellip;]<\/p>\n","protected":false},"author":12,"featured_media":157879,"comment_status":"closed","ping_status":"open","sticky":false,"template":"","format":"standard","meta":{"_acf_changed":false,"_angie_page":false,"_monsterinsights_skip_tracking":false,"_themeisle_gutenberg_block_has_review":false,"page_builder":"","footnotes":"","jetpack_publicize_message":"","jetpack_publicize_feature_enabled":true,"jetpack_social_post_already_shared":true,"jetpack_social_options":{"image_generator_settings":{"template":"highway","default_image_id":0,"font":"","enabled":false},"version":2}},"categories":[24902,167],"tags":[1761,3688,3886,29262,3952,587],"class_list":["post-157892","post","type-post","status-publish","format-standard","has-post-thumbnail","hentry","category-educacao","category-geral","tag-capacita","tag-cobertura","tag-feminicidios","tag-jornalistica","tag-promove","tag-sobre"],"acf":[],"nelio_content":{"autoShareEndMode":"never","automationSources":{"useCustomSentences":false,"customSentences":[]},"efiAlt":"","efiUrl":"","followers":[12],"highlights":[],"isAutoShareEnabled":true,"networkImageIds":[],"permalinkQueryArgs":[],"series":[],"suggestedReferences":[]},"yoast_head":"<!-- This site is optimized with the Yoast SEO plugin v28.3 - https:\/\/yoast.com\/product\/yoast-seo-wordpress\/ -->\n<title>EBC promove capacita\u00e7\u00e3o sobre cobertura jornal\u00edstica de feminic\u00eddios - Fatos e Fotos News<\/title>\n<meta name=\"robots\" content=\"index, follow, max-snippet:-1, max-image-preview:large, max-video-preview:-1\" \/>\n<link rel=\"canonical\" href=\"https:\/\/www.fatosefotosnews.com.br\/?p=157892\" \/>\n<meta property=\"og:locale\" content=\"pt_BR\" \/>\n<meta property=\"og:type\" content=\"article\" \/>\n<meta property=\"og:title\" content=\"EBC promove capacita\u00e7\u00e3o sobre cobertura jornal\u00edstica de feminic\u00eddios - Fatos e Fotos News\" \/>\n<meta property=\"og:description\" content=\"Foto: Valter Campanato\/Ag\u00eancia Brasil A\u00a0Empresa Brasil de Comunica\u00e7\u00e3o (EBC)\u00a0promoveu, nesta segunda-feira (24), a capacita\u00e7\u00e3o\u00a0Comunicar para Proteger, que reuniu empregados para discutir a cobertura jornal\u00edstica de casos de feminic\u00eddio e as melhores pr\u00e1ticas para uma abordagem respons\u00e1vel. A atividade teve como foco a apresenta\u00e7\u00e3o do Guia de Comunica\u00e7\u00e3o de Feminic\u00eddios no Distrito Federal e a reflex\u00e3o [&hellip;]\" \/>\n<meta property=\"og:url\" content=\"https:\/\/www.fatosefotosnews.com.br\/?p=157892\" \/>\n<meta property=\"og:site_name\" content=\"Fatos e Fotos News\" \/>\n<meta property=\"article:published_time\" content=\"2026-08-27T10:50:11+00:00\" \/>\n<meta property=\"og:image\" content=\"https:\/\/www.fatosefotosnews.com.br\/wp-content\/uploads\/2026\/08\/0d7a8970.webp\" \/>\n\t<meta property=\"og:image:width\" content=\"1170\" \/>\n\t<meta property=\"og:image:height\" content=\"700\" \/>\n\t<meta property=\"og:image:type\" content=\"image\/webp\" \/>\n<meta name=\"author\" content=\"Mirela Portugal\" \/>\n<meta name=\"twitter:card\" content=\"summary_large_image\" \/>\n<meta name=\"twitter:label1\" content=\"Escrito por\" \/>\n\t<meta name=\"twitter:data1\" content=\"Mirela Portugal\" \/>\n\t<meta name=\"twitter:label2\" content=\"Est. tempo de leitura\" \/>\n\t<meta name=\"twitter:data2\" content=\"5 minutos\" \/>\n<script type=\"application\/ld+json\" class=\"yoast-schema-graph\">{\"@context\":\"https:\\\/\\\/schema.org\",\"@graph\":[{\"@type\":\"Article\",\"@id\":\"https:\\\/\\\/www.fatosefotosnews.com.br\\\/?p=157892#article\",\"isPartOf\":{\"@id\":\"https:\\\/\\\/www.fatosefotosnews.com.br\\\/?p=157892\"},\"author\":{\"name\":\"Mirela Portugal\",\"@id\":\"https:\\\/\\\/www.fatosefotosnews.com.br\\\/#\\\/schema\\\/person\\\/17b18da658f5277ed99382206a85602f\"},\"headline\":\"EBC promove capacita\u00e7\u00e3o sobre cobertura jornal\u00edstica de feminic\u00eddios\",\"datePublished\":\"2026-08-27T10:50:11+00:00\",\"mainEntityOfPage\":{\"@id\":\"https:\\\/\\\/www.fatosefotosnews.com.br\\\/?p=157892\"},\"wordCount\":908,\"publisher\":{\"@id\":\"https:\\\/\\\/www.fatosefotosnews.com.br\\\/#organization\"},\"image\":{\"@id\":\"https:\\\/\\\/www.fatosefotosnews.com.br\\\/?p=157892#primaryimage\"},\"thumbnailUrl\":\"https:\\\/\\\/www.fatosefotosnews.com.br\\\/wp-content\\\/uploads\\\/2026\\\/08\\\/0d7a8970.webp\",\"keywords\":[\"capacita\",\"cobertura\",\"feminicidios\",\"jornalistica\",\"promove\",\"sobre\"],\"articleSection\":[\"Educa\u00e7\u00e3o\",\"Geral\"],\"inLanguage\":\"pt-BR\"},{\"@type\":\"WebPage\",\"@id\":\"https:\\\/\\\/www.fatosefotosnews.com.br\\\/?p=157892\",\"url\":\"https:\\\/\\\/www.fatosefotosnews.com.br\\\/?p=157892\",\"name\":\"EBC promove capacita\u00e7\u00e3o sobre cobertura jornal\u00edstica de feminic\u00eddios - Fatos e Fotos News\",\"isPartOf\":{\"@id\":\"https:\\\/\\\/www.fatosefotosnews.com.br\\\/#website\"},\"primaryImageOfPage\":{\"@id\":\"https:\\\/\\\/www.fatosefotosnews.com.br\\\/?p=157892#primaryimage\"},\"image\":{\"@id\":\"https:\\\/\\\/www.fatosefotosnews.com.br\\\/?p=157892#primaryimage\"},\"thumbnailUrl\":\"https:\\\/\\\/www.fatosefotosnews.com.br\\\/wp-content\\\/uploads\\\/2026\\\/08\\\/0d7a8970.webp\",\"datePublished\":\"2026-08-27T10:50:11+00:00\",\"breadcrumb\":{\"@id\":\"https:\\\/\\\/www.fatosefotosnews.com.br\\\/?p=157892#breadcrumb\"},\"inLanguage\":\"pt-BR\",\"potentialAction\":[{\"@type\":\"ReadAction\",\"target\":[\"https:\\\/\\\/www.fatosefotosnews.com.br\\\/?p=157892\"]}]},{\"@type\":\"ImageObject\",\"inLanguage\":\"pt-BR\",\"@id\":\"https:\\\/\\\/www.fatosefotosnews.com.br\\\/?p=157892#primaryimage\",\"url\":\"https:\\\/\\\/www.fatosefotosnews.com.br\\\/wp-content\\\/uploads\\\/2026\\\/08\\\/0d7a8970.webp\",\"contentUrl\":\"https:\\\/\\\/www.fatosefotosnews.com.br\\\/wp-content\\\/uploads\\\/2026\\\/08\\\/0d7a8970.webp\",\"width\":1170,\"height\":700},{\"@type\":\"BreadcrumbList\",\"@id\":\"https:\\\/\\\/www.fatosefotosnews.com.br\\\/?p=157892#breadcrumb\",\"itemListElement\":[{\"@type\":\"ListItem\",\"position\":1,\"name\":\"In\u00edcio\",\"item\":\"https:\\\/\\\/www.fatosefotosnews.com.br\\\/\"},{\"@type\":\"ListItem\",\"position\":2,\"name\":\"EBC promove capacita\u00e7\u00e3o sobre cobertura jornal\u00edstica de feminic\u00eddios\"}]},{\"@type\":\"WebSite\",\"@id\":\"https:\\\/\\\/www.fatosefotosnews.com.br\\\/#website\",\"url\":\"https:\\\/\\\/www.fatosefotosnews.com.br\\\/\",\"name\":\"Fatos e Fotos News\",\"description\":\"Um site de noticial verdadeira e confi\u00e1veis.\",\"publisher\":{\"@id\":\"https:\\\/\\\/www.fatosefotosnews.com.br\\\/#organization\"},\"potentialAction\":[{\"@type\":\"SearchAction\",\"target\":{\"@type\":\"EntryPoint\",\"urlTemplate\":\"https:\\\/\\\/www.fatosefotosnews.com.br\\\/?s={search_term_string}\"},\"query-input\":{\"@type\":\"PropertyValueSpecification\",\"valueRequired\":true,\"valueName\":\"search_term_string\"}}],\"inLanguage\":\"pt-BR\"},{\"@type\":\"Organization\",\"@id\":\"https:\\\/\\\/www.fatosefotosnews.com.br\\\/#organization\",\"name\":\"Fatos e Fotos News\",\"url\":\"https:\\\/\\\/www.fatosefotosnews.com.br\\\/\",\"logo\":{\"@type\":\"ImageObject\",\"inLanguage\":\"pt-BR\",\"@id\":\"https:\\\/\\\/www.fatosefotosnews.com.br\\\/#\\\/schema\\\/logo\\\/image\\\/\",\"url\":\"https:\\\/\\\/www.fatosefotosnews.com.br\\\/wp-content\\\/uploads\\\/2023\\\/02\\\/Fatos-e-Fotos-news-logo.png\",\"contentUrl\":\"https:\\\/\\\/www.fatosefotosnews.com.br\\\/wp-content\\\/uploads\\\/2023\\\/02\\\/Fatos-e-Fotos-news-logo.png\",\"width\":300,\"height\":58,\"caption\":\"Fatos e Fotos News\"},\"image\":{\"@id\":\"https:\\\/\\\/www.fatosefotosnews.com.br\\\/#\\\/schema\\\/logo\\\/image\\\/\"}},{\"@type\":\"Person\",\"@id\":\"https:\\\/\\\/www.fatosefotosnews.com.br\\\/#\\\/schema\\\/person\\\/17b18da658f5277ed99382206a85602f\",\"name\":\"Mirela Portugal\",\"image\":{\"@type\":\"ImageObject\",\"inLanguage\":\"pt-BR\",\"@id\":\"https:\\\/\\\/secure.gravatar.com\\\/avatar\\\/2f92fb43fda38d1a46cf4a155e1c2951193d91d9bed3df97fce720eeb9595d08?s=96&d=mm&r=g\",\"url\":\"https:\\\/\\\/secure.gravatar.com\\\/avatar\\\/2f92fb43fda38d1a46cf4a155e1c2951193d91d9bed3df97fce720eeb9595d08?s=96&d=mm&r=g\",\"contentUrl\":\"https:\\\/\\\/secure.gravatar.com\\\/avatar\\\/2f92fb43fda38d1a46cf4a155e1c2951193d91d9bed3df97fce720eeb9595d08?s=96&d=mm&r=g\",\"caption\":\"Mirela Portugal\"},\"sameAs\":[\"http:\\\/\\\/fatosefotosnews.com.br\"],\"url\":\"https:\\\/\\\/www.fatosefotosnews.com.br\\\/?author=12\"}]}<\/script>\n<!-- \/ Yoast SEO plugin. -->","yoast_head_json":{"title":"EBC promove capacita\u00e7\u00e3o sobre cobertura jornal\u00edstica de feminic\u00eddios - Fatos e Fotos News","robots":{"index":"index","follow":"follow","max-snippet":"max-snippet:-1","max-image-preview":"max-image-preview:large","max-video-preview":"max-video-preview:-1"},"canonical":"https:\/\/www.fatosefotosnews.com.br\/?p=157892","og_locale":"pt_BR","og_type":"article","og_title":"EBC promove capacita\u00e7\u00e3o sobre cobertura jornal\u00edstica de feminic\u00eddios - Fatos e Fotos News","og_description":"Foto: Valter Campanato\/Ag\u00eancia Brasil A\u00a0Empresa Brasil de Comunica\u00e7\u00e3o (EBC)\u00a0promoveu, nesta segunda-feira (24), a capacita\u00e7\u00e3o\u00a0Comunicar para Proteger, que reuniu empregados para discutir a cobertura jornal\u00edstica de casos de feminic\u00eddio e as melhores pr\u00e1ticas para uma abordagem respons\u00e1vel. A atividade teve como foco a apresenta\u00e7\u00e3o do Guia de Comunica\u00e7\u00e3o de Feminic\u00eddios no Distrito Federal e a reflex\u00e3o [&hellip;]","og_url":"https:\/\/www.fatosefotosnews.com.br\/?p=157892","og_site_name":"Fatos e Fotos News","article_published_time":"2026-08-27T10:50:11+00:00","og_image":[{"width":1170,"height":700,"url":"https:\/\/www.fatosefotosnews.com.br\/wp-content\/uploads\/2026\/08\/0d7a8970.webp","type":"image\/webp"}],"author":"Mirela Portugal","twitter_card":"summary_large_image","twitter_misc":{"Escrito por":"Mirela Portugal","Est. tempo de leitura":"5 minutos"},"schema":{"@context":"https:\/\/schema.org","@graph":[{"@type":"Article","@id":"https:\/\/www.fatosefotosnews.com.br\/?p=157892#article","isPartOf":{"@id":"https:\/\/www.fatosefotosnews.com.br\/?p=157892"},"author":{"name":"Mirela Portugal","@id":"https:\/\/www.fatosefotosnews.com.br\/#\/schema\/person\/17b18da658f5277ed99382206a85602f"},"headline":"EBC promove capacita\u00e7\u00e3o sobre cobertura jornal\u00edstica de feminic\u00eddios","datePublished":"2026-08-27T10:50:11+00:00","mainEntityOfPage":{"@id":"https:\/\/www.fatosefotosnews.com.br\/?p=157892"},"wordCount":908,"publisher":{"@id":"https:\/\/www.fatosefotosnews.com.br\/#organization"},"image":{"@id":"https:\/\/www.fatosefotosnews.com.br\/?p=157892#primaryimage"},"thumbnailUrl":"https:\/\/www.fatosefotosnews.com.br\/wp-content\/uploads\/2026\/08\/0d7a8970.webp","keywords":["capacita","cobertura","feminicidios","jornalistica","promove","sobre"],"articleSection":["Educa\u00e7\u00e3o","Geral"],"inLanguage":"pt-BR"},{"@type":"WebPage","@id":"https:\/\/www.fatosefotosnews.com.br\/?p=157892","url":"https:\/\/www.fatosefotosnews.com.br\/?p=157892","name":"EBC promove capacita\u00e7\u00e3o sobre cobertura jornal\u00edstica de feminic\u00eddios - Fatos e Fotos News","isPartOf":{"@id":"https:\/\/www.fatosefotosnews.com.br\/#website"},"primaryImageOfPage":{"@id":"https:\/\/www.fatosefotosnews.com.br\/?p=157892#primaryimage"},"image":{"@id":"https:\/\/www.fatosefotosnews.com.br\/?p=157892#primaryimage"},"thumbnailUrl":"https:\/\/www.fatosefotosnews.com.br\/wp-content\/uploads\/2026\/08\/0d7a8970.webp","datePublished":"2026-08-27T10:50:11+00:00","breadcrumb":{"@id":"https:\/\/www.fatosefotosnews.com.br\/?p=157892#breadcrumb"},"inLanguage":"pt-BR","potentialAction":[{"@type":"ReadAction","target":["https:\/\/www.fatosefotosnews.com.br\/?p=157892"]}]},{"@type":"ImageObject","inLanguage":"pt-BR","@id":"https:\/\/www.fatosefotosnews.com.br\/?p=157892#primaryimage","url":"https:\/\/www.fatosefotosnews.com.br\/wp-content\/uploads\/2026\/08\/0d7a8970.webp","contentUrl":"https:\/\/www.fatosefotosnews.com.br\/wp-content\/uploads\/2026\/08\/0d7a8970.webp","width":1170,"height":700},{"@type":"BreadcrumbList","@id":"https:\/\/www.fatosefotosnews.com.br\/?p=157892#breadcrumb","itemListElement":[{"@type":"ListItem","position":1,"name":"In\u00edcio","item":"https:\/\/www.fatosefotosnews.com.br\/"},{"@type":"ListItem","position":2,"name":"EBC promove capacita\u00e7\u00e3o sobre cobertura jornal\u00edstica de feminic\u00eddios"}]},{"@type":"WebSite","@id":"https:\/\/www.fatosefotosnews.com.br\/#website","url":"https:\/\/www.fatosefotosnews.com.br\/","name":"Fatos e Fotos News","description":"Um site de noticial verdadeira e confi\u00e1veis.","publisher":{"@id":"https:\/\/www.fatosefotosnews.com.br\/#organization"},"potentialAction":[{"@type":"SearchAction","target":{"@type":"EntryPoint","urlTemplate":"https:\/\/www.fatosefotosnews.com.br\/?s={search_term_string}"},"query-input":{"@type":"PropertyValueSpecification","valueRequired":true,"valueName":"search_term_string"}}],"inLanguage":"pt-BR"},{"@type":"Organization","@id":"https:\/\/www.fatosefotosnews.com.br\/#organization","name":"Fatos e Fotos News","url":"https:\/\/www.fatosefotosnews.com.br\/","logo":{"@type":"ImageObject","inLanguage":"pt-BR","@id":"https:\/\/www.fatosefotosnews.com.br\/#\/schema\/logo\/image\/","url":"https:\/\/www.fatosefotosnews.com.br\/wp-content\/uploads\/2023\/02\/Fatos-e-Fotos-news-logo.png","contentUrl":"https:\/\/www.fatosefotosnews.com.br\/wp-content\/uploads\/2023\/02\/Fatos-e-Fotos-news-logo.png","width":300,"height":58,"caption":"Fatos e Fotos News"},"image":{"@id":"https:\/\/www.fatosefotosnews.com.br\/#\/schema\/logo\/image\/"}},{"@type":"Person","@id":"https:\/\/www.fatosefotosnews.com.br\/#\/schema\/person\/17b18da658f5277ed99382206a85602f","name":"Mirela Portugal","image":{"@type":"ImageObject","inLanguage":"pt-BR","@id":"https:\/\/secure.gravatar.com\/avatar\/2f92fb43fda38d1a46cf4a155e1c2951193d91d9bed3df97fce720eeb9595d08?s=96&d=mm&r=g","url":"https:\/\/secure.gravatar.com\/avatar\/2f92fb43fda38d1a46cf4a155e1c2951193d91d9bed3df97fce720eeb9595d08?s=96&d=mm&r=g","contentUrl":"https:\/\/secure.gravatar.com\/avatar\/2f92fb43fda38d1a46cf4a155e1c2951193d91d9bed3df97fce720eeb9595d08?s=96&d=mm&r=g","caption":"Mirela Portugal"},"sameAs":["http:\/\/fatosefotosnews.com.br"],"url":"https:\/\/www.fatosefotosnews.com.br\/?author=12"}]}},"jetpack_publicize_connections":[],"blog_post_layout_featured_media_urls":{"thumbnail":["https:\/\/www.fatosefotosnews.com.br\/wp-content\/uploads\/2026\/08\/0d7a8970-150x150.webp",150,150,true],"full":["https:\/\/www.fatosefotosnews.com.br\/wp-content\/uploads\/2026\/08\/0d7a8970.webp",1170,700,false]},"categories_names":{"24902":{"name":"Educa\u00e7\u00e3o","link":"https:\/\/www.fatosefotosnews.com.br\/?cat=24902"},"167":{"name":"Geral","link":"https:\/\/www.fatosefotosnews.com.br\/?cat=167"}},"tags_names":{"1761":{"name":"capacita","link":"https:\/\/www.fatosefotosnews.com.br\/?tag=capacita"},"3688":{"name":"cobertura","link":"https:\/\/www.fatosefotosnews.com.br\/?tag=cobertura"},"3886":{"name":"feminicidios","link":"https:\/\/www.fatosefotosnews.com.br\/?tag=feminicidios"},"29262":{"name":"jornalistica","link":"https:\/\/www.fatosefotosnews.com.br\/?tag=jornalistica"},"3952":{"name":"promove","link":"https:\/\/www.fatosefotosnews.com.br\/?tag=promove"},"587":{"name":"sobre","link":"https:\/\/www.fatosefotosnews.com.br\/?tag=sobre"}},"comments_number":"0","wpmagazine_modules_lite_featured_media_urls":{"thumbnail":["https:\/\/www.fatosefotosnews.com.br\/wp-content\/uploads\/2026\/08\/0d7a8970-150x150.webp",150,150,true],"cvmm-medium":["https:\/\/www.fatosefotosnews.com.br\/wp-content\/uploads\/2026\/08\/0d7a8970-300x300.webp",300,300,true],"cvmm-medium-plus":["https:\/\/www.fatosefotosnews.com.br\/wp-content\/uploads\/2026\/08\/0d7a8970-305x207.webp",305,207,true],"cvmm-portrait":["https:\/\/www.fatosefotosnews.com.br\/wp-content\/uploads\/2026\/08\/0d7a8970-400x600.webp",400,600,true],"cvmm-medium-square":["https:\/\/www.fatosefotosnews.com.br\/wp-content\/uploads\/2026\/08\/0d7a8970-600x600.webp",600,600,true],"cvmm-large":["https:\/\/www.fatosefotosnews.com.br\/wp-content\/uploads\/2026\/08\/0d7a8970-1024x700.webp",1024,700,true],"cvmm-small":["https:\/\/www.fatosefotosnews.com.br\/wp-content\/uploads\/2026\/08\/0d7a8970-130x95.webp",130,95,true],"full":["https:\/\/www.fatosefotosnews.com.br\/wp-content\/uploads\/2026\/08\/0d7a8970.webp",1170,700,false]},"_links":{"self":[{"href":"https:\/\/www.fatosefotosnews.com.br\/index.php?rest_route=\/wp\/v2\/posts\/157892","targetHints":{"allow":["GET"]}}],"collection":[{"href":"https:\/\/www.fatosefotosnews.com.br\/index.php?rest_route=\/wp\/v2\/posts"}],"about":[{"href":"https:\/\/www.fatosefotosnews.com.br\/index.php?rest_route=\/wp\/v2\/types\/post"}],"author":[{"embeddable":true,"href":"https:\/\/www.fatosefotosnews.com.br\/index.php?rest_route=\/wp\/v2\/users\/12"}],"replies":[{"embeddable":true,"href":"https:\/\/www.fatosefotosnews.com.br\/index.php?rest_route=%2Fwp%2Fv2%2Fcomments&post=157892"}],"version-history":[{"count":1,"href":"https:\/\/www.fatosefotosnews.com.br\/index.php?rest_route=\/wp\/v2\/posts\/157892\/revisions"}],"predecessor-version":[{"id":157893,"href":"https:\/\/www.fatosefotosnews.com.br\/index.php?rest_route=\/wp\/v2\/posts\/157892\/revisions\/157893"}],"wp:featuredmedia":[{"embeddable":true,"href":"https:\/\/www.fatosefotosnews.com.br\/index.php?rest_route=\/wp\/v2\/media\/157879"}],"wp:attachment":[{"href":"https:\/\/www.fatosefotosnews.com.br\/index.php?rest_route=%2Fwp%2Fv2%2Fmedia&parent=157892"}],"wp:term":[{"taxonomy":"category","embeddable":true,"href":"https:\/\/www.fatosefotosnews.com.br\/index.php?rest_route=%2Fwp%2Fv2%2Fcategories&post=157892"},{"taxonomy":"post_tag","embeddable":true,"href":"https:\/\/www.fatosefotosnews.com.br\/index.php?rest_route=%2Fwp%2Fv2%2Ftags&post=157892"}],"curies":[{"name":"wp","href":"https:\/\/api.w.org\/{rel}","templated":true}]}}