{"id":157895,"date":"2026-08-27T08:14:38","date_gmt":"2026-08-27T11:14:38","guid":{"rendered":"https:\/\/www.fatosefotosnews.com.br\/?p=157895"},"modified":"2026-08-26T21:15:50","modified_gmt":"2026-08-27T00:15:50","slug":"tabagismo-e-maior-entre-jovens-de-16-a-24-anos-alerta-pesquisa","status":"publish","type":"post","link":"https:\/\/www.fatosefotosnews.com.br\/?p=157895","title":{"rendered":"Tabagismo \u00e9 maior entre jovens de 16 a 24 anos, alerta pesquisa"},"content":{"rendered":"<p>Foto:Divulga\u00e7\u00e3o<\/p>\n<div id=\"block-tts-block-tts\" class=\"block block-tts\">\n<div class=\"content\">\n<div id=\"tts-container\" class=\"container-audio rel-position\">\n<div class=\"title abs-position\"><\/div>\n<\/div>\n<\/div>\n<\/div>\n<div class=\"conteudo-noticia\">\n<p>Os jovens brasileiros\u00a0de 16 a 24 anos apresentaram incid\u00eancia de tabagismo maior que outras faixas et\u00e1rias\u00a0em uma\u00a0pesquisa do Instituto A.C. Camargo C\u00e2ncer Center em parceria com a empresa Nexus.<img decoding=\"async\" src=\"https:\/\/agenciabrasil.ebc.com.br\/ebc.png?id=1700680&amp;o=node\" \/><img decoding=\"async\" src=\"https:\/\/agenciabrasil.ebc.com.br\/ebc.gif?id=1700680&amp;o=node\" \/><\/p>\n<p><strong>Nessa faixa et\u00e1ria, 19% dos entrevistados se declaram fumantes ativos, de cigarros comuns ou eletr\u00f4nicos, n\u00famero acima da m\u00e9dia nacional (17%) e de todas as outras faixas et\u00e1rias<\/strong>. A pesquisa entrevistou mais de 2 mil pessoas em todo o pa\u00eds.<\/p>\n<p>A faixa entre 25 e 40 anos, por outro lado, apresenta o menor \u00edndice de tabagismo, com 15% dos entrevistados declarando serem fumantes. Em seguida, surge o grupo das pessoas com mais de 60 (16%), e de 41 a 59 anos (17%).<\/p>\n<p>Al\u00e9m disso, os dados apontam que grande parte da popula\u00e7\u00e3o est\u00e1 exposta aos perigos do tabagismo: cerca de um ter\u00e7o da popula\u00e7\u00e3o brasileira (33%) compartilha frequentemente ambientes dom\u00e9sticos ou de trabalho com fumantes.\u00a0<strong>A inala\u00e7\u00e3o passiva da fuma\u00e7a eleva as chances de desenvolvimento de c\u00e2ncer pulmonar, inclusive em indiv\u00edduos que jamais fumaram<\/strong>.<\/p>\n<p>Segundo Helano Freitas, l\u00edder do Centro de Refer\u00eancia de Tumores de Pulm\u00e3o e T\u00f3rax do A.C.Camargo, a incid\u00eancia do tabagismo entre os\u00a0jovens entre 16 a 24 anos exige aten\u00e7\u00e3o priorit\u00e1ria. O m\u00e9dico ressalta que, conforme levantado na pesquisa, o primeiro contato com o cigarro ocorre, em m\u00e9dia, aos 16 anos.<\/p>\n<p>Por se tratar de um grupo de adolescentes e jovens adultos bastante vulner\u00e1vel, h\u00e1 um alto risco de inicia\u00e7\u00e3o na depend\u00eancia sem conseguir deix\u00e1-la\u00a0posteriormente, ainda que as demais idades tamb\u00e9m necessitem de cuidado.<\/p>\n<h2>Outras Categorias<\/h2>\n<p>A popula\u00e7\u00e3o com mais de 60 anos lidera o \u00edndice de ex-fumantes, com 32% do total. Em segundo lugar, aparecem pessoas de 41 a 59 anos (15%), de 25 a 40 (10%) e de 16 a 24 anos (8%).<\/p>\n<p><strong>Entre as regi\u00f5es do pa\u00eds, o consumo de cigarro \u00e9 superior no Sul (22%)<\/strong>, seguido do Sudeste (19%), Nordeste (13%) e Norte\/Centro-Oeste (13%).<\/p>\n<p>A pesquisa tamb\u00e9m demonstra que o consumo de cigarros est\u00e1 atrelado a fatores socioecon\u00f4micos.<strong>\u00a0Os entrevistados que possuem renda salarial de at\u00e9 um sal\u00e1rio m\u00ednimo apresentam a maior taxa de tabagismo, com 19%<\/strong>. J\u00e1 em rela\u00e7\u00e3o ao n\u00edvel de escolaridade, aqueles que conclu\u00edram apenas o ensino fundamental tamb\u00e9m apresentam o maior \u00edndice de tabagismo, com 21%.<\/p>\n<p>O estudo indica ainda uma forte rela\u00e7\u00e3o entre o tabagismo e outros comportamentos de risco: 84% dos fumantes relataram manter at\u00e9 quatro h\u00e1bitos prejudiciais \u00e0 sa\u00fade no cotidiano, destacando-se o sedentarismo e a ingest\u00e3o exagerada de frituras e produtos ultraprocessados.<\/p>\n<p>Em contrapartida, 18% das pessoas que nunca fumaram afirmam n\u00e3o ter nenhum h\u00e1bito prejudicial \u00e0 sa\u00fade, o dobro do \u00edndice observado entre os fumantes (9%). J\u00e1 os ex-fumantes lideram a categoria de apenas um h\u00e1bito ruim (44%) e apresentam baixas taxas de m\u00faltiplos deslizes.<\/p>\n<p>O cen\u00e1rio sugere que abandonar o cigarro costuma vir acompanhado de uma reestrutura\u00e7\u00e3o ampla do estilo de vida, restando apenas um deslize residual na rotina.<\/p>\n<p><strong>Outro dado do estudo revela que 63% dos fumantes classificam a pr\u00f3pria sa\u00fade como &#8220;\u00f3tima&#8221; ou &#8220;boa&#8221;<\/strong>. Essa percep\u00e7\u00e3o positiva supera inclusive a das pessoas que jamais fumaram (61%), ainda que a diferen\u00e7a esteja contida na margem de erro, demonstrando que os fumantes se consideram t\u00e3o saud\u00e1veis quanto os n\u00e3o fumantes.<\/p>\n<\/div>\n","protected":false},"excerpt":{"rendered":"<p>Foto:Divulga\u00e7\u00e3o Os jovens brasileiros\u00a0de 16 a 24 anos apresentaram incid\u00eancia de tabagismo maior que outras faixas et\u00e1rias\u00a0em uma\u00a0pesquisa do Instituto A.C. Camargo C\u00e2ncer Center em parceria com a empresa Nexus. Nessa faixa et\u00e1ria, 19% dos entrevistados se declaram fumantes ativos, de cigarros comuns ou eletr\u00f4nicos, n\u00famero acima da m\u00e9dia nacional (17%) e de todas as [&hellip;]<\/p>\n","protected":false},"author":12,"featured_media":157878,"comment_status":"closed","ping_status":"open","sticky":false,"template":"","format":"standard","meta":{"_acf_changed":false,"_angie_page":false,"_monsterinsights_skip_tracking":false,"_themeisle_gutenberg_block_has_review":false,"page_builder":"","footnotes":"","jetpack_publicize_message":"","jetpack_publicize_feature_enabled":true,"jetpack_social_post_already_shared":true,"jetpack_social_options":{"image_generator_settings":{"template":"highway","default_image_id":0,"font":"","enabled":false},"version":2}},"categories":[24857],"tags":[470,423,2449,1395,805,10724],"class_list":["post-157895","post","type-post","status-publish","format-standard","has-post-thumbnail","hentry","category-saude","tag-alerta","tag-entre","tag-jovens","tag-maior","tag-pesquisa","tag-tabagismo"],"acf":[],"nelio_content":{"autoShareEndMode":"never","automationSources":{"useCustomSentences":false,"customSentences":[]},"efiAlt":"","efiUrl":"","followers":[12],"highlights":[],"isAutoShareEnabled":true,"networkImageIds":[],"permalinkQueryArgs":[],"series":[],"suggestedReferences":[]},"yoast_head":"<!-- This site is optimized with the Yoast SEO plugin v28.3 - https:\/\/yoast.com\/product\/yoast-seo-wordpress\/ -->\n<title>Tabagismo \u00e9 maior entre jovens de 16 a 24 anos, alerta pesquisa - Fatos e Fotos News<\/title>\n<meta name=\"robots\" content=\"index, follow, max-snippet:-1, max-image-preview:large, max-video-preview:-1\" \/>\n<link rel=\"canonical\" href=\"https:\/\/www.fatosefotosnews.com.br\/?p=157895\" \/>\n<meta property=\"og:locale\" content=\"pt_BR\" \/>\n<meta property=\"og:type\" content=\"article\" \/>\n<meta property=\"og:title\" content=\"Tabagismo \u00e9 maior entre jovens de 16 a 24 anos, alerta pesquisa - Fatos e Fotos News\" \/>\n<meta property=\"og:description\" content=\"Foto:Divulga\u00e7\u00e3o Os jovens brasileiros\u00a0de 16 a 24 anos apresentaram incid\u00eancia de tabagismo maior que outras faixas et\u00e1rias\u00a0em uma\u00a0pesquisa do Instituto A.C. Camargo C\u00e2ncer Center em parceria com a empresa Nexus. Nessa faixa et\u00e1ria, 19% dos entrevistados se declaram fumantes ativos, de cigarros comuns ou eletr\u00f4nicos, n\u00famero acima da m\u00e9dia nacional (17%) e de todas as [&hellip;]\" \/>\n<meta property=\"og:url\" content=\"https:\/\/www.fatosefotosnews.com.br\/?p=157895\" \/>\n<meta property=\"og:site_name\" content=\"Fatos e Fotos News\" \/>\n<meta property=\"article:published_time\" content=\"2026-08-27T11:14:38+00:00\" \/>\n<meta property=\"og:image\" content=\"https:\/\/www.fatosefotosnews.com.br\/wp-content\/uploads\/2026\/08\/estagios-cancer-de-pulmao.webp\" \/>\n\t<meta property=\"og:image:width\" content=\"1170\" \/>\n\t<meta property=\"og:image:height\" content=\"700\" \/>\n\t<meta property=\"og:image:type\" content=\"image\/webp\" \/>\n<meta name=\"author\" content=\"Mirela Portugal\" \/>\n<meta name=\"twitter:card\" content=\"summary_large_image\" \/>\n<meta name=\"twitter:label1\" content=\"Escrito por\" \/>\n\t<meta name=\"twitter:data1\" content=\"Mirela Portugal\" \/>\n\t<meta name=\"twitter:label2\" content=\"Est. tempo de leitura\" \/>\n\t<meta name=\"twitter:data2\" content=\"4 minutos\" \/>\n<script type=\"application\/ld+json\" class=\"yoast-schema-graph\">{\"@context\":\"https:\\\/\\\/schema.org\",\"@graph\":[{\"@type\":\"Article\",\"@id\":\"https:\\\/\\\/www.fatosefotosnews.com.br\\\/?p=157895#article\",\"isPartOf\":{\"@id\":\"https:\\\/\\\/www.fatosefotosnews.com.br\\\/?p=157895\"},\"author\":{\"name\":\"Mirela Portugal\",\"@id\":\"https:\\\/\\\/www.fatosefotosnews.com.br\\\/#\\\/schema\\\/person\\\/17b18da658f5277ed99382206a85602f\"},\"headline\":\"Tabagismo \u00e9 maior entre jovens de 16 a 24 anos, alerta pesquisa\",\"datePublished\":\"2026-08-27T11:14:38+00:00\",\"mainEntityOfPage\":{\"@id\":\"https:\\\/\\\/www.fatosefotosnews.com.br\\\/?p=157895\"},\"wordCount\":565,\"publisher\":{\"@id\":\"https:\\\/\\\/www.fatosefotosnews.com.br\\\/#organization\"},\"image\":{\"@id\":\"https:\\\/\\\/www.fatosefotosnews.com.br\\\/?p=157895#primaryimage\"},\"thumbnailUrl\":\"https:\\\/\\\/www.fatosefotosnews.com.br\\\/wp-content\\\/uploads\\\/2026\\\/08\\\/estagios-cancer-de-pulmao.webp\",\"keywords\":[\"alerta\",\"entre\",\"jovens\",\"maior\",\"pesquisa\",\"tabagismo\"],\"articleSection\":[\"Sa\u00fade\"],\"inLanguage\":\"pt-BR\"},{\"@type\":\"WebPage\",\"@id\":\"https:\\\/\\\/www.fatosefotosnews.com.br\\\/?p=157895\",\"url\":\"https:\\\/\\\/www.fatosefotosnews.com.br\\\/?p=157895\",\"name\":\"Tabagismo \u00e9 maior entre jovens de 16 a 24 anos, alerta pesquisa - Fatos e Fotos News\",\"isPartOf\":{\"@id\":\"https:\\\/\\\/www.fatosefotosnews.com.br\\\/#website\"},\"primaryImageOfPage\":{\"@id\":\"https:\\\/\\\/www.fatosefotosnews.com.br\\\/?p=157895#primaryimage\"},\"image\":{\"@id\":\"https:\\\/\\\/www.fatosefotosnews.com.br\\\/?p=157895#primaryimage\"},\"thumbnailUrl\":\"https:\\\/\\\/www.fatosefotosnews.com.br\\\/wp-content\\\/uploads\\\/2026\\\/08\\\/estagios-cancer-de-pulmao.webp\",\"datePublished\":\"2026-08-27T11:14:38+00:00\",\"breadcrumb\":{\"@id\":\"https:\\\/\\\/www.fatosefotosnews.com.br\\\/?p=157895#breadcrumb\"},\"inLanguage\":\"pt-BR\",\"potentialAction\":[{\"@type\":\"ReadAction\",\"target\":[\"https:\\\/\\\/www.fatosefotosnews.com.br\\\/?p=157895\"]}]},{\"@type\":\"ImageObject\",\"inLanguage\":\"pt-BR\",\"@id\":\"https:\\\/\\\/www.fatosefotosnews.com.br\\\/?p=157895#primaryimage\",\"url\":\"https:\\\/\\\/www.fatosefotosnews.com.br\\\/wp-content\\\/uploads\\\/2026\\\/08\\\/estagios-cancer-de-pulmao.webp\",\"contentUrl\":\"https:\\\/\\\/www.fatosefotosnews.com.br\\\/wp-content\\\/uploads\\\/2026\\\/08\\\/estagios-cancer-de-pulmao.webp\",\"width\":1170,\"height\":700},{\"@type\":\"BreadcrumbList\",\"@id\":\"https:\\\/\\\/www.fatosefotosnews.com.br\\\/?p=157895#breadcrumb\",\"itemListElement\":[{\"@type\":\"ListItem\",\"position\":1,\"name\":\"In\u00edcio\",\"item\":\"https:\\\/\\\/www.fatosefotosnews.com.br\\\/\"},{\"@type\":\"ListItem\",\"position\":2,\"name\":\"Tabagismo \u00e9 maior entre jovens de 16 a 24 anos, alerta pesquisa\"}]},{\"@type\":\"WebSite\",\"@id\":\"https:\\\/\\\/www.fatosefotosnews.com.br\\\/#website\",\"url\":\"https:\\\/\\\/www.fatosefotosnews.com.br\\\/\",\"name\":\"Fatos e Fotos News\",\"description\":\"Um site de noticial verdadeira e confi\u00e1veis.\",\"publisher\":{\"@id\":\"https:\\\/\\\/www.fatosefotosnews.com.br\\\/#organization\"},\"potentialAction\":[{\"@type\":\"SearchAction\",\"target\":{\"@type\":\"EntryPoint\",\"urlTemplate\":\"https:\\\/\\\/www.fatosefotosnews.com.br\\\/?s={search_term_string}\"},\"query-input\":{\"@type\":\"PropertyValueSpecification\",\"valueRequired\":true,\"valueName\":\"search_term_string\"}}],\"inLanguage\":\"pt-BR\"},{\"@type\":\"Organization\",\"@id\":\"https:\\\/\\\/www.fatosefotosnews.com.br\\\/#organization\",\"name\":\"Fatos e Fotos News\",\"url\":\"https:\\\/\\\/www.fatosefotosnews.com.br\\\/\",\"logo\":{\"@type\":\"ImageObject\",\"inLanguage\":\"pt-BR\",\"@id\":\"https:\\\/\\\/www.fatosefotosnews.com.br\\\/#\\\/schema\\\/logo\\\/image\\\/\",\"url\":\"https:\\\/\\\/www.fatosefotosnews.com.br\\\/wp-content\\\/uploads\\\/2023\\\/02\\\/Fatos-e-Fotos-news-logo.png\",\"contentUrl\":\"https:\\\/\\\/www.fatosefotosnews.com.br\\\/wp-content\\\/uploads\\\/2023\\\/02\\\/Fatos-e-Fotos-news-logo.png\",\"width\":300,\"height\":58,\"caption\":\"Fatos e Fotos News\"},\"image\":{\"@id\":\"https:\\\/\\\/www.fatosefotosnews.com.br\\\/#\\\/schema\\\/logo\\\/image\\\/\"}},{\"@type\":\"Person\",\"@id\":\"https:\\\/\\\/www.fatosefotosnews.com.br\\\/#\\\/schema\\\/person\\\/17b18da658f5277ed99382206a85602f\",\"name\":\"Mirela Portugal\",\"image\":{\"@type\":\"ImageObject\",\"inLanguage\":\"pt-BR\",\"@id\":\"https:\\\/\\\/secure.gravatar.com\\\/avatar\\\/2f92fb43fda38d1a46cf4a155e1c2951193d91d9bed3df97fce720eeb9595d08?s=96&d=mm&r=g\",\"url\":\"https:\\\/\\\/secure.gravatar.com\\\/avatar\\\/2f92fb43fda38d1a46cf4a155e1c2951193d91d9bed3df97fce720eeb9595d08?s=96&d=mm&r=g\",\"contentUrl\":\"https:\\\/\\\/secure.gravatar.com\\\/avatar\\\/2f92fb43fda38d1a46cf4a155e1c2951193d91d9bed3df97fce720eeb9595d08?s=96&d=mm&r=g\",\"caption\":\"Mirela Portugal\"},\"sameAs\":[\"http:\\\/\\\/fatosefotosnews.com.br\"],\"url\":\"https:\\\/\\\/www.fatosefotosnews.com.br\\\/?author=12\"}]}<\/script>\n<!-- \/ Yoast SEO plugin. -->","yoast_head_json":{"title":"Tabagismo \u00e9 maior entre jovens de 16 a 24 anos, alerta pesquisa - Fatos e Fotos News","robots":{"index":"index","follow":"follow","max-snippet":"max-snippet:-1","max-image-preview":"max-image-preview:large","max-video-preview":"max-video-preview:-1"},"canonical":"https:\/\/www.fatosefotosnews.com.br\/?p=157895","og_locale":"pt_BR","og_type":"article","og_title":"Tabagismo \u00e9 maior entre jovens de 16 a 24 anos, alerta pesquisa - Fatos e Fotos News","og_description":"Foto:Divulga\u00e7\u00e3o Os jovens brasileiros\u00a0de 16 a 24 anos apresentaram incid\u00eancia de tabagismo maior que outras faixas et\u00e1rias\u00a0em uma\u00a0pesquisa do Instituto A.C. Camargo C\u00e2ncer Center em parceria com a empresa Nexus. Nessa faixa et\u00e1ria, 19% dos entrevistados se declaram fumantes ativos, de cigarros comuns ou eletr\u00f4nicos, n\u00famero acima da m\u00e9dia nacional (17%) e de todas as [&hellip;]","og_url":"https:\/\/www.fatosefotosnews.com.br\/?p=157895","og_site_name":"Fatos e Fotos News","article_published_time":"2026-08-27T11:14:38+00:00","og_image":[{"width":1170,"height":700,"url":"https:\/\/www.fatosefotosnews.com.br\/wp-content\/uploads\/2026\/08\/estagios-cancer-de-pulmao.webp","type":"image\/webp"}],"author":"Mirela Portugal","twitter_card":"summary_large_image","twitter_misc":{"Escrito por":"Mirela Portugal","Est. tempo de leitura":"4 minutos"},"schema":{"@context":"https:\/\/schema.org","@graph":[{"@type":"Article","@id":"https:\/\/www.fatosefotosnews.com.br\/?p=157895#article","isPartOf":{"@id":"https:\/\/www.fatosefotosnews.com.br\/?p=157895"},"author":{"name":"Mirela Portugal","@id":"https:\/\/www.fatosefotosnews.com.br\/#\/schema\/person\/17b18da658f5277ed99382206a85602f"},"headline":"Tabagismo \u00e9 maior entre jovens de 16 a 24 anos, alerta pesquisa","datePublished":"2026-08-27T11:14:38+00:00","mainEntityOfPage":{"@id":"https:\/\/www.fatosefotosnews.com.br\/?p=157895"},"wordCount":565,"publisher":{"@id":"https:\/\/www.fatosefotosnews.com.br\/#organization"},"image":{"@id":"https:\/\/www.fatosefotosnews.com.br\/?p=157895#primaryimage"},"thumbnailUrl":"https:\/\/www.fatosefotosnews.com.br\/wp-content\/uploads\/2026\/08\/estagios-cancer-de-pulmao.webp","keywords":["alerta","entre","jovens","maior","pesquisa","tabagismo"],"articleSection":["Sa\u00fade"],"inLanguage":"pt-BR"},{"@type":"WebPage","@id":"https:\/\/www.fatosefotosnews.com.br\/?p=157895","url":"https:\/\/www.fatosefotosnews.com.br\/?p=157895","name":"Tabagismo \u00e9 maior entre jovens de 16 a 24 anos, alerta pesquisa - Fatos e Fotos News","isPartOf":{"@id":"https:\/\/www.fatosefotosnews.com.br\/#website"},"primaryImageOfPage":{"@id":"https:\/\/www.fatosefotosnews.com.br\/?p=157895#primaryimage"},"image":{"@id":"https:\/\/www.fatosefotosnews.com.br\/?p=157895#primaryimage"},"thumbnailUrl":"https:\/\/www.fatosefotosnews.com.br\/wp-content\/uploads\/2026\/08\/estagios-cancer-de-pulmao.webp","datePublished":"2026-08-27T11:14:38+00:00","breadcrumb":{"@id":"https:\/\/www.fatosefotosnews.com.br\/?p=157895#breadcrumb"},"inLanguage":"pt-BR","potentialAction":[{"@type":"ReadAction","target":["https:\/\/www.fatosefotosnews.com.br\/?p=157895"]}]},{"@type":"ImageObject","inLanguage":"pt-BR","@id":"https:\/\/www.fatosefotosnews.com.br\/?p=157895#primaryimage","url":"https:\/\/www.fatosefotosnews.com.br\/wp-content\/uploads\/2026\/08\/estagios-cancer-de-pulmao.webp","contentUrl":"https:\/\/www.fatosefotosnews.com.br\/wp-content\/uploads\/2026\/08\/estagios-cancer-de-pulmao.webp","width":1170,"height":700},{"@type":"BreadcrumbList","@id":"https:\/\/www.fatosefotosnews.com.br\/?p=157895#breadcrumb","itemListElement":[{"@type":"ListItem","position":1,"name":"In\u00edcio","item":"https:\/\/www.fatosefotosnews.com.br\/"},{"@type":"ListItem","position":2,"name":"Tabagismo \u00e9 maior entre jovens de 16 a 24 anos, alerta pesquisa"}]},{"@type":"WebSite","@id":"https:\/\/www.fatosefotosnews.com.br\/#website","url":"https:\/\/www.fatosefotosnews.com.br\/","name":"Fatos e Fotos News","description":"Um site de noticial verdadeira e confi\u00e1veis.","publisher":{"@id":"https:\/\/www.fatosefotosnews.com.br\/#organization"},"potentialAction":[{"@type":"SearchAction","target":{"@type":"EntryPoint","urlTemplate":"https:\/\/www.fatosefotosnews.com.br\/?s={search_term_string}"},"query-input":{"@type":"PropertyValueSpecification","valueRequired":true,"valueName":"search_term_string"}}],"inLanguage":"pt-BR"},{"@type":"Organization","@id":"https:\/\/www.fatosefotosnews.com.br\/#organization","name":"Fatos e Fotos News","url":"https:\/\/www.fatosefotosnews.com.br\/","logo":{"@type":"ImageObject","inLanguage":"pt-BR","@id":"https:\/\/www.fatosefotosnews.com.br\/#\/schema\/logo\/image\/","url":"https:\/\/www.fatosefotosnews.com.br\/wp-content\/uploads\/2023\/02\/Fatos-e-Fotos-news-logo.png","contentUrl":"https:\/\/www.fatosefotosnews.com.br\/wp-content\/uploads\/2023\/02\/Fatos-e-Fotos-news-logo.png","width":300,"height":58,"caption":"Fatos e Fotos News"},"image":{"@id":"https:\/\/www.fatosefotosnews.com.br\/#\/schema\/logo\/image\/"}},{"@type":"Person","@id":"https:\/\/www.fatosefotosnews.com.br\/#\/schema\/person\/17b18da658f5277ed99382206a85602f","name":"Mirela Portugal","image":{"@type":"ImageObject","inLanguage":"pt-BR","@id":"https:\/\/secure.gravatar.com\/avatar\/2f92fb43fda38d1a46cf4a155e1c2951193d91d9bed3df97fce720eeb9595d08?s=96&d=mm&r=g","url":"https:\/\/secure.gravatar.com\/avatar\/2f92fb43fda38d1a46cf4a155e1c2951193d91d9bed3df97fce720eeb9595d08?s=96&d=mm&r=g","contentUrl":"https:\/\/secure.gravatar.com\/avatar\/2f92fb43fda38d1a46cf4a155e1c2951193d91d9bed3df97fce720eeb9595d08?s=96&d=mm&r=g","caption":"Mirela Portugal"},"sameAs":["http:\/\/fatosefotosnews.com.br"],"url":"https:\/\/www.fatosefotosnews.com.br\/?author=12"}]}},"jetpack_publicize_connections":[],"blog_post_layout_featured_media_urls":{"thumbnail":["https:\/\/www.fatosefotosnews.com.br\/wp-content\/uploads\/2026\/08\/estagios-cancer-de-pulmao-150x150.webp",150,150,true],"full":["https:\/\/www.fatosefotosnews.com.br\/wp-content\/uploads\/2026\/08\/estagios-cancer-de-pulmao.webp",1170,700,false]},"categories_names":{"24857":{"name":"Sa\u00fade","link":"https:\/\/www.fatosefotosnews.com.br\/?cat=24857"}},"tags_names":{"470":{"name":"alerta","link":"https:\/\/www.fatosefotosnews.com.br\/?tag=alerta"},"423":{"name":"entre","link":"https:\/\/www.fatosefotosnews.com.br\/?tag=entre"},"2449":{"name":"jovens","link":"https:\/\/www.fatosefotosnews.com.br\/?tag=jovens"},"1395":{"name":"maior","link":"https:\/\/www.fatosefotosnews.com.br\/?tag=maior"},"805":{"name":"pesquisa","link":"https:\/\/www.fatosefotosnews.com.br\/?tag=pesquisa"},"10724":{"name":"tabagismo","link":"https:\/\/www.fatosefotosnews.com.br\/?tag=tabagismo"}},"comments_number":"0","wpmagazine_modules_lite_featured_media_urls":{"thumbnail":["https:\/\/www.fatosefotosnews.com.br\/wp-content\/uploads\/2026\/08\/estagios-cancer-de-pulmao-150x150.webp",150,150,true],"cvmm-medium":["https:\/\/www.fatosefotosnews.com.br\/wp-content\/uploads\/2026\/08\/estagios-cancer-de-pulmao-300x300.webp",300,300,true],"cvmm-medium-plus":["https:\/\/www.fatosefotosnews.com.br\/wp-content\/uploads\/2026\/08\/estagios-cancer-de-pulmao-305x207.webp",305,207,true],"cvmm-portrait":["https:\/\/www.fatosefotosnews.com.br\/wp-content\/uploads\/2026\/08\/estagios-cancer-de-pulmao-400x600.webp",400,600,true],"cvmm-medium-square":["https:\/\/www.fatosefotosnews.com.br\/wp-content\/uploads\/2026\/08\/estagios-cancer-de-pulmao-600x600.webp",600,600,true],"cvmm-large":["https:\/\/www.fatosefotosnews.com.br\/wp-content\/uploads\/2026\/08\/estagios-cancer-de-pulmao-1024x700.webp",1024,700,true],"cvmm-small":["https:\/\/www.fatosefotosnews.com.br\/wp-content\/uploads\/2026\/08\/estagios-cancer-de-pulmao-130x95.webp",130,95,true],"full":["https:\/\/www.fatosefotosnews.com.br\/wp-content\/uploads\/2026\/08\/estagios-cancer-de-pulmao.webp",1170,700,false]},"_links":{"self":[{"href":"https:\/\/www.fatosefotosnews.com.br\/index.php?rest_route=\/wp\/v2\/posts\/157895","targetHints":{"allow":["GET"]}}],"collection":[{"href":"https:\/\/www.fatosefotosnews.com.br\/index.php?rest_route=\/wp\/v2\/posts"}],"about":[{"href":"https:\/\/www.fatosefotosnews.com.br\/index.php?rest_route=\/wp\/v2\/types\/post"}],"author":[{"embeddable":true,"href":"https:\/\/www.fatosefotosnews.com.br\/index.php?rest_route=\/wp\/v2\/users\/12"}],"replies":[{"embeddable":true,"href":"https:\/\/www.fatosefotosnews.com.br\/index.php?rest_route=%2Fwp%2Fv2%2Fcomments&post=157895"}],"version-history":[{"count":1,"href":"https:\/\/www.fatosefotosnews.com.br\/index.php?rest_route=\/wp\/v2\/posts\/157895\/revisions"}],"predecessor-version":[{"id":157896,"href":"https:\/\/www.fatosefotosnews.com.br\/index.php?rest_route=\/wp\/v2\/posts\/157895\/revisions\/157896"}],"wp:featuredmedia":[{"embeddable":true,"href":"https:\/\/www.fatosefotosnews.com.br\/index.php?rest_route=\/wp\/v2\/media\/157878"}],"wp:attachment":[{"href":"https:\/\/www.fatosefotosnews.com.br\/index.php?rest_route=%2Fwp%2Fv2%2Fmedia&parent=157895"}],"wp:term":[{"taxonomy":"category","embeddable":true,"href":"https:\/\/www.fatosefotosnews.com.br\/index.php?rest_route=%2Fwp%2Fv2%2Fcategories&post=157895"},{"taxonomy":"post_tag","embeddable":true,"href":"https:\/\/www.fatosefotosnews.com.br\/index.php?rest_route=%2Fwp%2Fv2%2Ftags&post=157895"}],"curies":[{"name":"wp","href":"https:\/\/api.w.org\/{rel}","templated":true}]}}