{"id":157911,"date":"2026-08-28T06:30:13","date_gmt":"2026-08-28T09:30:13","guid":{"rendered":"https:\/\/www.fatosefotosnews.com.br\/?p=157911"},"modified":"2026-08-27T20:17:37","modified_gmt":"2026-08-27T23:17:37","slug":"stf-decidira-se-acesso-a-dados-de-usuarios-precisa-de-ordem-judicial","status":"publish","type":"post","link":"https:\/\/www.fatosefotosnews.com.br\/?p=157911","title":{"rendered":"STF decidir\u00e1 se acesso a dados de usu\u00e1rios precisa de ordem judicial"},"content":{"rendered":"<p>Foto: Fabio Rodrigues-Pozzebom\/ Ag\u00eancia Brasil\/Arquivo<\/p>\n<div id=\"block-tts-block-tts\" class=\"block block-tts\">\n<div class=\"content\">\n<div id=\"tts-container\" class=\"container-audio rel-position\">\n<div class=\"title abs-position\"><\/div>\n<\/div>\n<\/div>\n<\/div>\n<div class=\"conteudo-noticia\">\n<p><strong>O\u00a0<a href=\"https:\/\/portal.stf.jus.br\/\" target=\"_blank\" rel=\"noopener\">Supremo Tribunal Federal (STF)<\/a>\u00a0iniciou nesta quinta-feira (27) o julgamento do processo que vai decidir se \u00e9 constitucional a regra do\u00a0<a href=\"https:\/\/www.planalto.gov.br\/ccivil_03\/_ato2011-2014\/2014\/lei\/l12965.htm\" target=\"_blank\" rel=\"noopener\">Marco Civil da Internet<\/a>\u00a0(Lei 12.965 de 2014) que determina aos provedores de internet a\u00a0entrega de\u00a0dados de tr\u00e1fego (data, hora e fuso) dos usu\u00e1rios para investiga\u00e7\u00f5es, somente mediante\u00a0decis\u00e3o judicial.<\/strong><img decoding=\"async\" src=\"https:\/\/agenciabrasil.ebc.com.br\/ebc.png?id=1700853&amp;o=node\" \/><img decoding=\"async\" src=\"https:\/\/agenciabrasil.ebc.com.br\/ebc.gif?id=1700853&amp;o=node\" \/><\/p>\n<p>Ap\u00f3s a forma\u00e7\u00e3o do placar de 2 votos a 0 para reconhecer a validade de decis\u00e3o judicial pr\u00e9via para o compartilhamento dos dados, o julgamento foi suspenso. A data para retomada da an\u00e1lise do caso n\u00e3o foi definida.<\/p>\n<p>A Corte julga a a\u00e7\u00e3o protocolada pela Associa\u00e7\u00e3o Brasileira de Provedores de Internet e Telecomunica\u00e7\u00f5es (Abrint) para garantir a aplica\u00e7\u00e3o da norma.<\/p>\n<p>Conforme o Artigo 10 da lei, o provedor respons\u00e1vel pela guarda dos dados somente ser\u00e1 obrigado a disponibilizar os registros dos dispositivos dos usu\u00e1rios ap\u00f3s\u00a0determina\u00e7\u00e3o judicial.<\/p>\n<p><strong>Segundo a Abrint, as empresas recebem diariamente pedidos de acesso direto ao n\u00famero do IP (Internet Protocol), c\u00f3digo \u00fanico que identifica um dispositivo eletr\u00f4nico (computador, celular ou tablet) que est\u00e1 conectado \u00e0 internet.<\/strong><\/p>\n<p><strong>O acesso \u00e9 requisitado diretamente por delegados de pol\u00edcia, \u00f3rg\u00e3os administrativos e o Minist\u00e9rio P\u00fablico, sem decis\u00e3o judicial pr\u00e9via.<\/strong><\/p>\n<p>Ao votar sobre a quest\u00e3o, o relator da a\u00e7\u00e3o, ministro Cristiano Zanin, disse que a Constitui\u00e7\u00e3o garante a prote\u00e7\u00e3o da privacidade dos cidad\u00e3os e de seus dados pessoais. Para o ministro, o acesso a informa\u00e7\u00f5es sobre a vida pessoal das pessoas \u00e9 limitado.<\/p>\n<blockquote><p>&#8220;O debate vincula-se \u00e0 prote\u00e7\u00e3o constitucional da privacidade, prote\u00e7\u00e3o de dados pessoais e da autodetermina\u00e7\u00e3o informacional, direito que atribui ao titular a liberdade de controlar em que limites as informa\u00e7\u00f5es da sua vida pessoal podem ser objetos de interven\u00e7\u00e3o.&#8221;<\/p><\/blockquote>\n<p><strong>O posicionamento foi seguido pelo ministro Dias Toffoli. Em seguida, o julgamento foi suspenso.<\/strong><\/p>\n<p>Durante a sess\u00e3o, a advogada Mariana Silva Milanez, representante da Abrint, defendeu que o reconhecimento da constitucionalidade da requisi\u00e7\u00e3o somente por meio de decis\u00e3o judicial \u00e9 necess\u00e1rio para garantir seguran\u00e7a jur\u00eddica para as empresas e usu\u00e1rios.<\/p>\n<p>&#8220;Quando os provedores recebem essas requisi\u00e7\u00f5es, eles se deparam com uma encruzilhada. Fornecem os dados e assumem dos riscos de serem processados pelos titulares desses dados ou n\u00e3o fornecem e assumem o risco de serem investigados e at\u00e9 mesmo processados pelo crime de desobedi\u00eancia&#8221;, afirmou.<\/p>\n<\/div>\n","protected":false},"excerpt":{"rendered":"<p>Foto: Fabio Rodrigues-Pozzebom\/ Ag\u00eancia Brasil\/Arquivo O\u00a0Supremo Tribunal Federal (STF)\u00a0iniciou nesta quinta-feira (27) o julgamento do processo que vai decidir se \u00e9 constitucional a regra do\u00a0Marco Civil da Internet\u00a0(Lei 12.965 de 2014) que determina aos provedores de internet a\u00a0entrega de\u00a0dados de tr\u00e1fego (data, hora e fuso) dos usu\u00e1rios para investiga\u00e7\u00f5es, somente mediante\u00a0decis\u00e3o judicial. Ap\u00f3s a forma\u00e7\u00e3o [&hellip;]<\/p>\n","protected":false},"author":12,"featured_media":157909,"comment_status":"closed","ping_status":"open","sticky":false,"template":"","format":"standard","meta":{"_acf_changed":false,"_angie_page":false,"_monsterinsights_skip_tracking":false,"_themeisle_gutenberg_block_has_review":false,"page_builder":"","footnotes":"","jetpack_publicize_message":"","jetpack_publicize_feature_enabled":true,"jetpack_social_post_already_shared":true,"jetpack_social_options":{"image_generator_settings":{"template":"highway","default_image_id":0,"font":"","enabled":false},"version":2}},"categories":[167,24885],"tags":[2574,1509,14080,409,1035,619,1740],"class_list":["post-157911","post","type-post","status-publish","format-standard","has-post-thumbnail","hentry","category-geral","category-justica","tag-acesso","tag-dados","tag-decidira","tag-judicial","tag-ordem","tag-precisa","tag-usuarios"],"acf":[],"nelio_content":{"autoShareEndMode":"never","automationSources":{"useCustomSentences":false,"customSentences":[]},"efiAlt":"","efiUrl":"","followers":[12],"highlights":[],"isAutoShareEnabled":true,"networkImageIds":[],"permalinkQueryArgs":[],"series":[],"suggestedReferences":[]},"yoast_head":"<!-- This site is optimized with the Yoast SEO plugin v28.3 - https:\/\/yoast.com\/product\/yoast-seo-wordpress\/ -->\n<title>STF decidir\u00e1 se acesso a dados de usu\u00e1rios precisa de ordem judicial - Fatos e Fotos News<\/title>\n<meta name=\"robots\" content=\"index, follow, max-snippet:-1, max-image-preview:large, max-video-preview:-1\" \/>\n<link rel=\"canonical\" href=\"https:\/\/www.fatosefotosnews.com.br\/?p=157911\" \/>\n<meta property=\"og:locale\" content=\"pt_BR\" \/>\n<meta property=\"og:type\" content=\"article\" \/>\n<meta property=\"og:title\" content=\"STF decidir\u00e1 se acesso a dados de usu\u00e1rios precisa de ordem judicial - Fatos e Fotos News\" \/>\n<meta property=\"og:description\" content=\"Foto: Fabio Rodrigues-Pozzebom\/ Ag\u00eancia Brasil\/Arquivo O\u00a0Supremo Tribunal Federal (STF)\u00a0iniciou nesta quinta-feira (27) o julgamento do processo que vai decidir se \u00e9 constitucional a regra do\u00a0Marco Civil da Internet\u00a0(Lei 12.965 de 2014) que determina aos provedores de internet a\u00a0entrega de\u00a0dados de tr\u00e1fego (data, hora e fuso) dos usu\u00e1rios para investiga\u00e7\u00f5es, somente mediante\u00a0decis\u00e3o judicial. Ap\u00f3s a forma\u00e7\u00e3o [&hellip;]\" \/>\n<meta property=\"og:url\" content=\"https:\/\/www.fatosefotosnews.com.br\/?p=157911\" \/>\n<meta property=\"og:site_name\" content=\"Fatos e Fotos News\" \/>\n<meta property=\"article:published_time\" content=\"2026-08-28T09:30:13+00:00\" \/>\n<meta property=\"og:image\" content=\"https:\/\/www.fatosefotosnews.com.br\/wp-content\/uploads\/2026\/08\/11042023-pzzb9239.webp\" \/>\n\t<meta property=\"og:image:width\" content=\"1170\" \/>\n\t<meta property=\"og:image:height\" content=\"700\" \/>\n\t<meta property=\"og:image:type\" content=\"image\/webp\" \/>\n<meta name=\"author\" content=\"Mirela Portugal\" \/>\n<meta name=\"twitter:card\" content=\"summary_large_image\" \/>\n<meta name=\"twitter:label1\" content=\"Escrito por\" \/>\n\t<meta name=\"twitter:data1\" content=\"Mirela Portugal\" \/>\n\t<meta name=\"twitter:label2\" content=\"Est. tempo de leitura\" \/>\n\t<meta name=\"twitter:data2\" content=\"3 minutos\" \/>\n<script type=\"application\/ld+json\" class=\"yoast-schema-graph\">{\"@context\":\"https:\\\/\\\/schema.org\",\"@graph\":[{\"@type\":\"Article\",\"@id\":\"https:\\\/\\\/www.fatosefotosnews.com.br\\\/?p=157911#article\",\"isPartOf\":{\"@id\":\"https:\\\/\\\/www.fatosefotosnews.com.br\\\/?p=157911\"},\"author\":{\"name\":\"Mirela Portugal\",\"@id\":\"https:\\\/\\\/www.fatosefotosnews.com.br\\\/#\\\/schema\\\/person\\\/17b18da658f5277ed99382206a85602f\"},\"headline\":\"STF decidir\u00e1 se acesso a dados de usu\u00e1rios precisa de ordem judicial\",\"datePublished\":\"2026-08-28T09:30:13+00:00\",\"mainEntityOfPage\":{\"@id\":\"https:\\\/\\\/www.fatosefotosnews.com.br\\\/?p=157911\"},\"wordCount\":426,\"publisher\":{\"@id\":\"https:\\\/\\\/www.fatosefotosnews.com.br\\\/#organization\"},\"image\":{\"@id\":\"https:\\\/\\\/www.fatosefotosnews.com.br\\\/?p=157911#primaryimage\"},\"thumbnailUrl\":\"https:\\\/\\\/www.fatosefotosnews.com.br\\\/wp-content\\\/uploads\\\/2026\\\/08\\\/11042023-pzzb9239.webp\",\"keywords\":[\"acesso\",\"dados\",\"decidira\",\"judicial\",\"ordem\",\"precisa\",\"usuarios\"],\"articleSection\":[\"Geral\",\"Justi\u00e7a\"],\"inLanguage\":\"pt-BR\"},{\"@type\":\"WebPage\",\"@id\":\"https:\\\/\\\/www.fatosefotosnews.com.br\\\/?p=157911\",\"url\":\"https:\\\/\\\/www.fatosefotosnews.com.br\\\/?p=157911\",\"name\":\"STF decidir\u00e1 se acesso a dados de usu\u00e1rios precisa de ordem judicial - Fatos e Fotos News\",\"isPartOf\":{\"@id\":\"https:\\\/\\\/www.fatosefotosnews.com.br\\\/#website\"},\"primaryImageOfPage\":{\"@id\":\"https:\\\/\\\/www.fatosefotosnews.com.br\\\/?p=157911#primaryimage\"},\"image\":{\"@id\":\"https:\\\/\\\/www.fatosefotosnews.com.br\\\/?p=157911#primaryimage\"},\"thumbnailUrl\":\"https:\\\/\\\/www.fatosefotosnews.com.br\\\/wp-content\\\/uploads\\\/2026\\\/08\\\/11042023-pzzb9239.webp\",\"datePublished\":\"2026-08-28T09:30:13+00:00\",\"breadcrumb\":{\"@id\":\"https:\\\/\\\/www.fatosefotosnews.com.br\\\/?p=157911#breadcrumb\"},\"inLanguage\":\"pt-BR\",\"potentialAction\":[{\"@type\":\"ReadAction\",\"target\":[\"https:\\\/\\\/www.fatosefotosnews.com.br\\\/?p=157911\"]}]},{\"@type\":\"ImageObject\",\"inLanguage\":\"pt-BR\",\"@id\":\"https:\\\/\\\/www.fatosefotosnews.com.br\\\/?p=157911#primaryimage\",\"url\":\"https:\\\/\\\/www.fatosefotosnews.com.br\\\/wp-content\\\/uploads\\\/2026\\\/08\\\/11042023-pzzb9239.webp\",\"contentUrl\":\"https:\\\/\\\/www.fatosefotosnews.com.br\\\/wp-content\\\/uploads\\\/2026\\\/08\\\/11042023-pzzb9239.webp\",\"width\":1170,\"height\":700},{\"@type\":\"BreadcrumbList\",\"@id\":\"https:\\\/\\\/www.fatosefotosnews.com.br\\\/?p=157911#breadcrumb\",\"itemListElement\":[{\"@type\":\"ListItem\",\"position\":1,\"name\":\"In\u00edcio\",\"item\":\"https:\\\/\\\/www.fatosefotosnews.com.br\\\/\"},{\"@type\":\"ListItem\",\"position\":2,\"name\":\"STF decidir\u00e1 se acesso a dados de usu\u00e1rios precisa de ordem judicial\"}]},{\"@type\":\"WebSite\",\"@id\":\"https:\\\/\\\/www.fatosefotosnews.com.br\\\/#website\",\"url\":\"https:\\\/\\\/www.fatosefotosnews.com.br\\\/\",\"name\":\"Fatos e Fotos News\",\"description\":\"Um site de noticial verdadeira e confi\u00e1veis.\",\"publisher\":{\"@id\":\"https:\\\/\\\/www.fatosefotosnews.com.br\\\/#organization\"},\"potentialAction\":[{\"@type\":\"SearchAction\",\"target\":{\"@type\":\"EntryPoint\",\"urlTemplate\":\"https:\\\/\\\/www.fatosefotosnews.com.br\\\/?s={search_term_string}\"},\"query-input\":{\"@type\":\"PropertyValueSpecification\",\"valueRequired\":true,\"valueName\":\"search_term_string\"}}],\"inLanguage\":\"pt-BR\"},{\"@type\":\"Organization\",\"@id\":\"https:\\\/\\\/www.fatosefotosnews.com.br\\\/#organization\",\"name\":\"Fatos e Fotos News\",\"url\":\"https:\\\/\\\/www.fatosefotosnews.com.br\\\/\",\"logo\":{\"@type\":\"ImageObject\",\"inLanguage\":\"pt-BR\",\"@id\":\"https:\\\/\\\/www.fatosefotosnews.com.br\\\/#\\\/schema\\\/logo\\\/image\\\/\",\"url\":\"https:\\\/\\\/www.fatosefotosnews.com.br\\\/wp-content\\\/uploads\\\/2023\\\/02\\\/Fatos-e-Fotos-news-logo.png\",\"contentUrl\":\"https:\\\/\\\/www.fatosefotosnews.com.br\\\/wp-content\\\/uploads\\\/2023\\\/02\\\/Fatos-e-Fotos-news-logo.png\",\"width\":300,\"height\":58,\"caption\":\"Fatos e Fotos News\"},\"image\":{\"@id\":\"https:\\\/\\\/www.fatosefotosnews.com.br\\\/#\\\/schema\\\/logo\\\/image\\\/\"}},{\"@type\":\"Person\",\"@id\":\"https:\\\/\\\/www.fatosefotosnews.com.br\\\/#\\\/schema\\\/person\\\/17b18da658f5277ed99382206a85602f\",\"name\":\"Mirela Portugal\",\"image\":{\"@type\":\"ImageObject\",\"inLanguage\":\"pt-BR\",\"@id\":\"https:\\\/\\\/secure.gravatar.com\\\/avatar\\\/2f92fb43fda38d1a46cf4a155e1c2951193d91d9bed3df97fce720eeb9595d08?s=96&d=mm&r=g\",\"url\":\"https:\\\/\\\/secure.gravatar.com\\\/avatar\\\/2f92fb43fda38d1a46cf4a155e1c2951193d91d9bed3df97fce720eeb9595d08?s=96&d=mm&r=g\",\"contentUrl\":\"https:\\\/\\\/secure.gravatar.com\\\/avatar\\\/2f92fb43fda38d1a46cf4a155e1c2951193d91d9bed3df97fce720eeb9595d08?s=96&d=mm&r=g\",\"caption\":\"Mirela Portugal\"},\"sameAs\":[\"http:\\\/\\\/fatosefotosnews.com.br\"],\"url\":\"https:\\\/\\\/www.fatosefotosnews.com.br\\\/?author=12\"}]}<\/script>\n<!-- \/ Yoast SEO plugin. -->","yoast_head_json":{"title":"STF decidir\u00e1 se acesso a dados de usu\u00e1rios precisa de ordem judicial - Fatos e Fotos News","robots":{"index":"index","follow":"follow","max-snippet":"max-snippet:-1","max-image-preview":"max-image-preview:large","max-video-preview":"max-video-preview:-1"},"canonical":"https:\/\/www.fatosefotosnews.com.br\/?p=157911","og_locale":"pt_BR","og_type":"article","og_title":"STF decidir\u00e1 se acesso a dados de usu\u00e1rios precisa de ordem judicial - Fatos e Fotos News","og_description":"Foto: Fabio Rodrigues-Pozzebom\/ Ag\u00eancia Brasil\/Arquivo O\u00a0Supremo Tribunal Federal (STF)\u00a0iniciou nesta quinta-feira (27) o julgamento do processo que vai decidir se \u00e9 constitucional a regra do\u00a0Marco Civil da Internet\u00a0(Lei 12.965 de 2014) que determina aos provedores de internet a\u00a0entrega de\u00a0dados de tr\u00e1fego (data, hora e fuso) dos usu\u00e1rios para investiga\u00e7\u00f5es, somente mediante\u00a0decis\u00e3o judicial. Ap\u00f3s a forma\u00e7\u00e3o [&hellip;]","og_url":"https:\/\/www.fatosefotosnews.com.br\/?p=157911","og_site_name":"Fatos e Fotos News","article_published_time":"2026-08-28T09:30:13+00:00","og_image":[{"width":1170,"height":700,"url":"https:\/\/www.fatosefotosnews.com.br\/wp-content\/uploads\/2026\/08\/11042023-pzzb9239.webp","type":"image\/webp"}],"author":"Mirela Portugal","twitter_card":"summary_large_image","twitter_misc":{"Escrito por":"Mirela Portugal","Est. tempo de leitura":"3 minutos"},"schema":{"@context":"https:\/\/schema.org","@graph":[{"@type":"Article","@id":"https:\/\/www.fatosefotosnews.com.br\/?p=157911#article","isPartOf":{"@id":"https:\/\/www.fatosefotosnews.com.br\/?p=157911"},"author":{"name":"Mirela Portugal","@id":"https:\/\/www.fatosefotosnews.com.br\/#\/schema\/person\/17b18da658f5277ed99382206a85602f"},"headline":"STF decidir\u00e1 se acesso a dados de usu\u00e1rios precisa de ordem judicial","datePublished":"2026-08-28T09:30:13+00:00","mainEntityOfPage":{"@id":"https:\/\/www.fatosefotosnews.com.br\/?p=157911"},"wordCount":426,"publisher":{"@id":"https:\/\/www.fatosefotosnews.com.br\/#organization"},"image":{"@id":"https:\/\/www.fatosefotosnews.com.br\/?p=157911#primaryimage"},"thumbnailUrl":"https:\/\/www.fatosefotosnews.com.br\/wp-content\/uploads\/2026\/08\/11042023-pzzb9239.webp","keywords":["acesso","dados","decidira","judicial","ordem","precisa","usuarios"],"articleSection":["Geral","Justi\u00e7a"],"inLanguage":"pt-BR"},{"@type":"WebPage","@id":"https:\/\/www.fatosefotosnews.com.br\/?p=157911","url":"https:\/\/www.fatosefotosnews.com.br\/?p=157911","name":"STF decidir\u00e1 se acesso a dados de usu\u00e1rios precisa de ordem judicial - Fatos e Fotos News","isPartOf":{"@id":"https:\/\/www.fatosefotosnews.com.br\/#website"},"primaryImageOfPage":{"@id":"https:\/\/www.fatosefotosnews.com.br\/?p=157911#primaryimage"},"image":{"@id":"https:\/\/www.fatosefotosnews.com.br\/?p=157911#primaryimage"},"thumbnailUrl":"https:\/\/www.fatosefotosnews.com.br\/wp-content\/uploads\/2026\/08\/11042023-pzzb9239.webp","datePublished":"2026-08-28T09:30:13+00:00","breadcrumb":{"@id":"https:\/\/www.fatosefotosnews.com.br\/?p=157911#breadcrumb"},"inLanguage":"pt-BR","potentialAction":[{"@type":"ReadAction","target":["https:\/\/www.fatosefotosnews.com.br\/?p=157911"]}]},{"@type":"ImageObject","inLanguage":"pt-BR","@id":"https:\/\/www.fatosefotosnews.com.br\/?p=157911#primaryimage","url":"https:\/\/www.fatosefotosnews.com.br\/wp-content\/uploads\/2026\/08\/11042023-pzzb9239.webp","contentUrl":"https:\/\/www.fatosefotosnews.com.br\/wp-content\/uploads\/2026\/08\/11042023-pzzb9239.webp","width":1170,"height":700},{"@type":"BreadcrumbList","@id":"https:\/\/www.fatosefotosnews.com.br\/?p=157911#breadcrumb","itemListElement":[{"@type":"ListItem","position":1,"name":"In\u00edcio","item":"https:\/\/www.fatosefotosnews.com.br\/"},{"@type":"ListItem","position":2,"name":"STF decidir\u00e1 se acesso a dados de usu\u00e1rios precisa de ordem judicial"}]},{"@type":"WebSite","@id":"https:\/\/www.fatosefotosnews.com.br\/#website","url":"https:\/\/www.fatosefotosnews.com.br\/","name":"Fatos e Fotos News","description":"Um site de noticial verdadeira e confi\u00e1veis.","publisher":{"@id":"https:\/\/www.fatosefotosnews.com.br\/#organization"},"potentialAction":[{"@type":"SearchAction","target":{"@type":"EntryPoint","urlTemplate":"https:\/\/www.fatosefotosnews.com.br\/?s={search_term_string}"},"query-input":{"@type":"PropertyValueSpecification","valueRequired":true,"valueName":"search_term_string"}}],"inLanguage":"pt-BR"},{"@type":"Organization","@id":"https:\/\/www.fatosefotosnews.com.br\/#organization","name":"Fatos e Fotos News","url":"https:\/\/www.fatosefotosnews.com.br\/","logo":{"@type":"ImageObject","inLanguage":"pt-BR","@id":"https:\/\/www.fatosefotosnews.com.br\/#\/schema\/logo\/image\/","url":"https:\/\/www.fatosefotosnews.com.br\/wp-content\/uploads\/2023\/02\/Fatos-e-Fotos-news-logo.png","contentUrl":"https:\/\/www.fatosefotosnews.com.br\/wp-content\/uploads\/2023\/02\/Fatos-e-Fotos-news-logo.png","width":300,"height":58,"caption":"Fatos e Fotos News"},"image":{"@id":"https:\/\/www.fatosefotosnews.com.br\/#\/schema\/logo\/image\/"}},{"@type":"Person","@id":"https:\/\/www.fatosefotosnews.com.br\/#\/schema\/person\/17b18da658f5277ed99382206a85602f","name":"Mirela Portugal","image":{"@type":"ImageObject","inLanguage":"pt-BR","@id":"https:\/\/secure.gravatar.com\/avatar\/2f92fb43fda38d1a46cf4a155e1c2951193d91d9bed3df97fce720eeb9595d08?s=96&d=mm&r=g","url":"https:\/\/secure.gravatar.com\/avatar\/2f92fb43fda38d1a46cf4a155e1c2951193d91d9bed3df97fce720eeb9595d08?s=96&d=mm&r=g","contentUrl":"https:\/\/secure.gravatar.com\/avatar\/2f92fb43fda38d1a46cf4a155e1c2951193d91d9bed3df97fce720eeb9595d08?s=96&d=mm&r=g","caption":"Mirela Portugal"},"sameAs":["http:\/\/fatosefotosnews.com.br"],"url":"https:\/\/www.fatosefotosnews.com.br\/?author=12"}]}},"jetpack_publicize_connections":[],"blog_post_layout_featured_media_urls":{"thumbnail":["https:\/\/www.fatosefotosnews.com.br\/wp-content\/uploads\/2026\/08\/11042023-pzzb9239-150x150.webp",150,150,true],"full":["https:\/\/www.fatosefotosnews.com.br\/wp-content\/uploads\/2026\/08\/11042023-pzzb9239.webp",1170,700,false]},"categories_names":{"167":{"name":"Geral","link":"https:\/\/www.fatosefotosnews.com.br\/?cat=167"},"24885":{"name":"Justi\u00e7a","link":"https:\/\/www.fatosefotosnews.com.br\/?cat=24885"}},"tags_names":{"2574":{"name":"acesso","link":"https:\/\/www.fatosefotosnews.com.br\/?tag=acesso"},"1509":{"name":"dados","link":"https:\/\/www.fatosefotosnews.com.br\/?tag=dados"},"14080":{"name":"decidira","link":"https:\/\/www.fatosefotosnews.com.br\/?tag=decidira"},"409":{"name":"judicial","link":"https:\/\/www.fatosefotosnews.com.br\/?tag=judicial"},"1035":{"name":"ordem","link":"https:\/\/www.fatosefotosnews.com.br\/?tag=ordem"},"619":{"name":"precisa","link":"https:\/\/www.fatosefotosnews.com.br\/?tag=precisa"},"1740":{"name":"usuarios","link":"https:\/\/www.fatosefotosnews.com.br\/?tag=usuarios"}},"comments_number":"0","wpmagazine_modules_lite_featured_media_urls":{"thumbnail":["https:\/\/www.fatosefotosnews.com.br\/wp-content\/uploads\/2026\/08\/11042023-pzzb9239-150x150.webp",150,150,true],"cvmm-medium":["https:\/\/www.fatosefotosnews.com.br\/wp-content\/uploads\/2026\/08\/11042023-pzzb9239-300x300.webp",300,300,true],"cvmm-medium-plus":["https:\/\/www.fatosefotosnews.com.br\/wp-content\/uploads\/2026\/08\/11042023-pzzb9239-305x207.webp",305,207,true],"cvmm-portrait":["https:\/\/www.fatosefotosnews.com.br\/wp-content\/uploads\/2026\/08\/11042023-pzzb9239-400x600.webp",400,600,true],"cvmm-medium-square":["https:\/\/www.fatosefotosnews.com.br\/wp-content\/uploads\/2026\/08\/11042023-pzzb9239-600x600.webp",600,600,true],"cvmm-large":["https:\/\/www.fatosefotosnews.com.br\/wp-content\/uploads\/2026\/08\/11042023-pzzb9239-1024x700.webp",1024,700,true],"cvmm-small":["https:\/\/www.fatosefotosnews.com.br\/wp-content\/uploads\/2026\/08\/11042023-pzzb9239-130x95.webp",130,95,true],"full":["https:\/\/www.fatosefotosnews.com.br\/wp-content\/uploads\/2026\/08\/11042023-pzzb9239.webp",1170,700,false]},"_links":{"self":[{"href":"https:\/\/www.fatosefotosnews.com.br\/index.php?rest_route=\/wp\/v2\/posts\/157911","targetHints":{"allow":["GET"]}}],"collection":[{"href":"https:\/\/www.fatosefotosnews.com.br\/index.php?rest_route=\/wp\/v2\/posts"}],"about":[{"href":"https:\/\/www.fatosefotosnews.com.br\/index.php?rest_route=\/wp\/v2\/types\/post"}],"author":[{"embeddable":true,"href":"https:\/\/www.fatosefotosnews.com.br\/index.php?rest_route=\/wp\/v2\/users\/12"}],"replies":[{"embeddable":true,"href":"https:\/\/www.fatosefotosnews.com.br\/index.php?rest_route=%2Fwp%2Fv2%2Fcomments&post=157911"}],"version-history":[{"count":1,"href":"https:\/\/www.fatosefotosnews.com.br\/index.php?rest_route=\/wp\/v2\/posts\/157911\/revisions"}],"predecessor-version":[{"id":157912,"href":"https:\/\/www.fatosefotosnews.com.br\/index.php?rest_route=\/wp\/v2\/posts\/157911\/revisions\/157912"}],"wp:featuredmedia":[{"embeddable":true,"href":"https:\/\/www.fatosefotosnews.com.br\/index.php?rest_route=\/wp\/v2\/media\/157909"}],"wp:attachment":[{"href":"https:\/\/www.fatosefotosnews.com.br\/index.php?rest_route=%2Fwp%2Fv2%2Fmedia&parent=157911"}],"wp:term":[{"taxonomy":"category","embeddable":true,"href":"https:\/\/www.fatosefotosnews.com.br\/index.php?rest_route=%2Fwp%2Fv2%2Fcategories&post=157911"},{"taxonomy":"post_tag","embeddable":true,"href":"https:\/\/www.fatosefotosnews.com.br\/index.php?rest_route=%2Fwp%2Fv2%2Ftags&post=157911"}],"curies":[{"name":"wp","href":"https:\/\/api.w.org\/{rel}","templated":true}]}}