{"id":157921,"date":"2026-08-28T09:00:00","date_gmt":"2026-08-28T12:00:00","guid":{"rendered":"https:\/\/www.fatosefotosnews.com.br\/?p=157921"},"modified":"2026-08-27T20:30:32","modified_gmt":"2026-08-27T23:30:32","slug":"nanoempreendedores-estimulam-propostas-para-autonomos-de-baixa-renda-nas-eleicoes","status":"publish","type":"post","link":"https:\/\/www.fatosefotosnews.com.br\/?p=157921","title":{"rendered":"Nanoempreendedores estimulam propostas para aut\u00f4nomos de baixa renda nas elei\u00e7\u00f5es"},"content":{"rendered":"<p>Foto: Reprodu\u00e7\u00e3o<\/p>\n<p>Categoria identificada pelo Congresso Nacional no contexto da reforma tribut\u00e1ria forma 18% da Popula\u00e7\u00e3o Economicamente Ativa no Brasil. Para candidato, pequenos aut\u00f4nomos s\u00e3o carentes de pol\u00edticas p\u00fablicas dirigidas<\/p>\n<p>Criada pelo Congresso Nacional no contexto da Reforma Tribut\u00e1ria, a categoria dos nanoempreendedores &#8211; pessoas f\u00edsicas aut\u00f4nomas de baixa renda, com faturamento anual inferior a R$ 40,5 mil &#8211; se tornou p\u00fablico de interesse para candidatos nas elei\u00e7\u00f5es deste ano focados em temas econ\u00f4micos.<\/p>\n<p>A pequena dimens\u00e3o dos ganhos anuais n\u00e3o traduz a dimens\u00e3o num\u00e9rica dessa faixa de atores econ\u00f4micos em termos populacionais. De acordo com o estudo Nanoempreendedores no Brasil: Dimensionamento e Perfil Socioecon\u00f4mico, encomendado pela Natura em parceria com a Associa\u00e7\u00e3o Brasileira de Empresas de Venda Direta (ABEVD), eles totalizam 19 milh\u00f5es de indiv\u00edduos, o que equivale a 18% da Popula\u00e7\u00e3o Economicamente Ativa (PEA).<\/p>\n<p>O estudo aponta outros dados acerca dos nanoempreendedores. De acordo com o que foi levantado com base na Pesquisa Nacional de Amostragem por Domic\u00edlios \u00danica (PNAD \u00danica), a renda m\u00e9dia mensal dos aut\u00f4nomos assim classificados \u00e9 de R$ 1.480, e sobe para R$ 2.137 quando formalizados. Outro dado relevante \u00e9 a escolaridade: 31,5% deles n\u00e3o conclu\u00edram o ensino fundamental.<\/p>\n<p>Para a presidente da ABEVD, Adriana Colloca, a nova classifica\u00e7\u00e3o possui tamb\u00e9m um foco socioecon\u00f4mico. \u201cO estudo mostra que o nanoempreendedor possui caracter\u00edsticas socioecon\u00f4micas bastante distintas das observadas entre os MEIs. Esse perfil precisa ser considerado na regulamenta\u00e7\u00e3o da Reforma Tribut\u00e1ria para que a nova categoria cumpra seu prop\u00f3sito original de promover inclus\u00e3o social e produtiva para milh\u00f5es de brasileiros que empreendem em pequena escala ou complementam sua renda com essa atividade\u201d, observa.<\/p>\n<p>De fato, a categoria foi criada pela Lei Complementar n\u00ba 214\/2025 para, no contexto da concess\u00e3o de isen\u00e7\u00e3o para o Imposto sobre o Valor Agregado (IVA), promover a diminui\u00e7\u00e3o da informalidade e facilitar a fiscaliza\u00e7\u00e3o, direcionando o esfor\u00e7o dos \u00f3rg\u00e3os da \u00e1rea para a\u00e7\u00f5es junto aos contribuintes maiores.<\/p>\n<p><strong>Mais de 600 mil goianos<\/strong><br \/>\nCaso se aplique o percentual da popula\u00e7\u00e3o goiana sobre a totalidade da popula\u00e7\u00e3o brasileira (3,5%), a estimativa de nanoempreendedores goianos em atividade no estado \u00e9 de 665 mil indiv\u00edduos. Para o candidato a deputado estadual Felipe Mabel (Podemos), os nanoempreendedores s\u00e3o uma categoria ampla da popula\u00e7\u00e3o goiana, carente de pol\u00edticas p\u00fablicas. \u201cO surgimento desse nicho de trabalhadores aut\u00f4nomos como uma categoria espec\u00edfica os retira do anonimato, inclusive, para o pr\u00f3prio Poder P\u00fablico\u201d, comenta.<\/p>\n<p>Mabel elenca uma s\u00e9rie de esfor\u00e7os que podem ser dirigidos a esse p\u00fablico. \u201cA n\u00edvel estadual, Goi\u00e1s pode promover a isen\u00e7\u00e3o de taxas estaduais e tamb\u00e9m nos custos de alvar\u00e1s de funcionamento, por exemplo, para licenciamento sanit\u00e1rio, para aquelas atividades de baixo risco\u201d, prop\u00f5e.<\/p>\n<p>O candidato tamb\u00e9m cita a\u00e7\u00f5es espec\u00edficas para a qualifica\u00e7\u00e3o, no sentido de romper a barreira dos 30% com forma\u00e7\u00e3o abaixo do ensino fundamental completo. \u201cA\u00ed a gente compensa a falta da escola formal com t\u00e9cnica. Podem ser estabelecidas parcerias com entidades classistas, por exemplo\u201d, sugere. No campo da inser\u00e7\u00e3o digital, Felipe Mabel defende investimento p\u00fablico na democratiza\u00e7\u00e3o da conectividade. \u201cPodemos trabalhar com subs\u00eddio para aquisi\u00e7\u00e3o de m\u00e1quinas de cart\u00e3o e internet subsidiada em centros comerciais populares\u201d, frisa.<\/p>\n","protected":false},"excerpt":{"rendered":"<p>Foto: Reprodu\u00e7\u00e3o Categoria identificada pelo Congresso Nacional no contexto da reforma tribut\u00e1ria forma 18% da Popula\u00e7\u00e3o Economicamente Ativa no Brasil. Para candidato, pequenos aut\u00f4nomos s\u00e3o carentes de pol\u00edticas p\u00fablicas dirigidas Criada pelo Congresso Nacional no contexto da Reforma Tribut\u00e1ria, a categoria dos nanoempreendedores &#8211; pessoas f\u00edsicas aut\u00f4nomas de baixa renda, com faturamento anual inferior a [&hellip;]<\/p>\n","protected":false},"author":12,"featured_media":157922,"comment_status":"closed","ping_status":"open","sticky":false,"template":"","format":"standard","meta":{"_acf_changed":false,"_angie_page":false,"_monsterinsights_skip_tracking":false,"_themeisle_gutenberg_block_has_review":false,"page_builder":"","footnotes":"","jetpack_publicize_message":"","jetpack_publicize_feature_enabled":true,"jetpack_social_post_already_shared":true,"jetpack_social_options":{"image_generator_settings":{"template":"highway","default_image_id":0,"font":"","enabled":false},"version":2}},"categories":[2],"tags":[9949,3198,15166,29263,1928,542],"class_list":["post-157921","post","type-post","status-publish","format-standard","has-post-thumbnail","hentry","category-politica","tag-autonomos","tag-baixa","tag-estimulam","tag-nanoempreendedores","tag-propostas","tag-renda"],"acf":[],"nelio_content":{"autoShareEndMode":"never","automationSources":{"useCustomSentences":false,"customSentences":[]},"efiAlt":"","efiUrl":"","followers":[12],"highlights":[],"isAutoShareEnabled":true,"networkImageIds":[],"permalinkQueryArgs":[],"series":[],"suggestedReferences":[]},"yoast_head":"<!-- This site is optimized with the Yoast SEO plugin v28.3 - https:\/\/yoast.com\/product\/yoast-seo-wordpress\/ -->\n<title>Nanoempreendedores estimulam propostas para aut\u00f4nomos de baixa renda nas elei\u00e7\u00f5es - Fatos e Fotos News<\/title>\n<meta name=\"robots\" content=\"index, follow, max-snippet:-1, max-image-preview:large, max-video-preview:-1\" \/>\n<link rel=\"canonical\" href=\"https:\/\/www.fatosefotosnews.com.br\/?p=157921\" \/>\n<meta property=\"og:locale\" content=\"pt_BR\" \/>\n<meta property=\"og:type\" content=\"article\" \/>\n<meta property=\"og:title\" content=\"Nanoempreendedores estimulam propostas para aut\u00f4nomos de baixa renda nas elei\u00e7\u00f5es - Fatos e Fotos News\" \/>\n<meta property=\"og:description\" content=\"Foto: Reprodu\u00e7\u00e3o Categoria identificada pelo Congresso Nacional no contexto da reforma tribut\u00e1ria forma 18% da Popula\u00e7\u00e3o Economicamente Ativa no Brasil. Para candidato, pequenos aut\u00f4nomos s\u00e3o carentes de pol\u00edticas p\u00fablicas dirigidas Criada pelo Congresso Nacional no contexto da Reforma Tribut\u00e1ria, a categoria dos nanoempreendedores &#8211; pessoas f\u00edsicas aut\u00f4nomas de baixa renda, com faturamento anual inferior a [&hellip;]\" \/>\n<meta property=\"og:url\" content=\"https:\/\/www.fatosefotosnews.com.br\/?p=157921\" \/>\n<meta property=\"og:site_name\" content=\"Fatos e Fotos News\" \/>\n<meta property=\"article:published_time\" content=\"2026-08-28T12:00:00+00:00\" \/>\n<meta property=\"og:image\" content=\"https:\/\/www.fatosefotosnews.com.br\/wp-content\/uploads\/2026\/08\/WhatsApp-Image-2026-08-27-at-17.35.10.jpeg\" \/>\n\t<meta property=\"og:image:width\" content=\"552\" \/>\n\t<meta property=\"og:image:height\" content=\"400\" \/>\n\t<meta property=\"og:image:type\" content=\"image\/jpeg\" \/>\n<meta name=\"author\" content=\"Mirela Portugal\" \/>\n<meta name=\"twitter:card\" content=\"summary_large_image\" \/>\n<meta name=\"twitter:label1\" content=\"Escrito por\" \/>\n\t<meta name=\"twitter:data1\" content=\"Mirela Portugal\" \/>\n\t<meta name=\"twitter:label2\" content=\"Est. tempo de leitura\" \/>\n\t<meta name=\"twitter:data2\" content=\"4 minutos\" \/>\n<script type=\"application\/ld+json\" class=\"yoast-schema-graph\">{\"@context\":\"https:\\\/\\\/schema.org\",\"@graph\":[{\"@type\":\"Article\",\"@id\":\"https:\\\/\\\/www.fatosefotosnews.com.br\\\/?p=157921#article\",\"isPartOf\":{\"@id\":\"https:\\\/\\\/www.fatosefotosnews.com.br\\\/?p=157921\"},\"author\":{\"name\":\"Mirela Portugal\",\"@id\":\"https:\\\/\\\/www.fatosefotosnews.com.br\\\/#\\\/schema\\\/person\\\/17b18da658f5277ed99382206a85602f\"},\"headline\":\"Nanoempreendedores estimulam propostas para aut\u00f4nomos de baixa renda nas elei\u00e7\u00f5es\",\"datePublished\":\"2026-08-28T12:00:00+00:00\",\"mainEntityOfPage\":{\"@id\":\"https:\\\/\\\/www.fatosefotosnews.com.br\\\/?p=157921\"},\"wordCount\":591,\"publisher\":{\"@id\":\"https:\\\/\\\/www.fatosefotosnews.com.br\\\/#organization\"},\"image\":{\"@id\":\"https:\\\/\\\/www.fatosefotosnews.com.br\\\/?p=157921#primaryimage\"},\"thumbnailUrl\":\"https:\\\/\\\/www.fatosefotosnews.com.br\\\/wp-content\\\/uploads\\\/2026\\\/08\\\/WhatsApp-Image-2026-08-27-at-17.35.10.jpeg\",\"keywords\":[\"autonomos\",\"baixa\",\"estimulam\",\"nanoempreendedores\",\"propostas\",\"renda\"],\"articleSection\":[\"Pol\u00edtica\"],\"inLanguage\":\"pt-BR\"},{\"@type\":\"WebPage\",\"@id\":\"https:\\\/\\\/www.fatosefotosnews.com.br\\\/?p=157921\",\"url\":\"https:\\\/\\\/www.fatosefotosnews.com.br\\\/?p=157921\",\"name\":\"Nanoempreendedores estimulam propostas para aut\u00f4nomos de baixa renda nas elei\u00e7\u00f5es - Fatos e Fotos News\",\"isPartOf\":{\"@id\":\"https:\\\/\\\/www.fatosefotosnews.com.br\\\/#website\"},\"primaryImageOfPage\":{\"@id\":\"https:\\\/\\\/www.fatosefotosnews.com.br\\\/?p=157921#primaryimage\"},\"image\":{\"@id\":\"https:\\\/\\\/www.fatosefotosnews.com.br\\\/?p=157921#primaryimage\"},\"thumbnailUrl\":\"https:\\\/\\\/www.fatosefotosnews.com.br\\\/wp-content\\\/uploads\\\/2026\\\/08\\\/WhatsApp-Image-2026-08-27-at-17.35.10.jpeg\",\"datePublished\":\"2026-08-28T12:00:00+00:00\",\"breadcrumb\":{\"@id\":\"https:\\\/\\\/www.fatosefotosnews.com.br\\\/?p=157921#breadcrumb\"},\"inLanguage\":\"pt-BR\",\"potentialAction\":[{\"@type\":\"ReadAction\",\"target\":[\"https:\\\/\\\/www.fatosefotosnews.com.br\\\/?p=157921\"]}]},{\"@type\":\"ImageObject\",\"inLanguage\":\"pt-BR\",\"@id\":\"https:\\\/\\\/www.fatosefotosnews.com.br\\\/?p=157921#primaryimage\",\"url\":\"https:\\\/\\\/www.fatosefotosnews.com.br\\\/wp-content\\\/uploads\\\/2026\\\/08\\\/WhatsApp-Image-2026-08-27-at-17.35.10.jpeg\",\"contentUrl\":\"https:\\\/\\\/www.fatosefotosnews.com.br\\\/wp-content\\\/uploads\\\/2026\\\/08\\\/WhatsApp-Image-2026-08-27-at-17.35.10.jpeg\",\"width\":552,\"height\":400},{\"@type\":\"BreadcrumbList\",\"@id\":\"https:\\\/\\\/www.fatosefotosnews.com.br\\\/?p=157921#breadcrumb\",\"itemListElement\":[{\"@type\":\"ListItem\",\"position\":1,\"name\":\"In\u00edcio\",\"item\":\"https:\\\/\\\/www.fatosefotosnews.com.br\\\/\"},{\"@type\":\"ListItem\",\"position\":2,\"name\":\"Nanoempreendedores estimulam propostas para aut\u00f4nomos de baixa renda nas elei\u00e7\u00f5es\"}]},{\"@type\":\"WebSite\",\"@id\":\"https:\\\/\\\/www.fatosefotosnews.com.br\\\/#website\",\"url\":\"https:\\\/\\\/www.fatosefotosnews.com.br\\\/\",\"name\":\"Fatos e Fotos News\",\"description\":\"Um site de noticial verdadeira e confi\u00e1veis.\",\"publisher\":{\"@id\":\"https:\\\/\\\/www.fatosefotosnews.com.br\\\/#organization\"},\"potentialAction\":[{\"@type\":\"SearchAction\",\"target\":{\"@type\":\"EntryPoint\",\"urlTemplate\":\"https:\\\/\\\/www.fatosefotosnews.com.br\\\/?s={search_term_string}\"},\"query-input\":{\"@type\":\"PropertyValueSpecification\",\"valueRequired\":true,\"valueName\":\"search_term_string\"}}],\"inLanguage\":\"pt-BR\"},{\"@type\":\"Organization\",\"@id\":\"https:\\\/\\\/www.fatosefotosnews.com.br\\\/#organization\",\"name\":\"Fatos e Fotos News\",\"url\":\"https:\\\/\\\/www.fatosefotosnews.com.br\\\/\",\"logo\":{\"@type\":\"ImageObject\",\"inLanguage\":\"pt-BR\",\"@id\":\"https:\\\/\\\/www.fatosefotosnews.com.br\\\/#\\\/schema\\\/logo\\\/image\\\/\",\"url\":\"https:\\\/\\\/www.fatosefotosnews.com.br\\\/wp-content\\\/uploads\\\/2023\\\/02\\\/Fatos-e-Fotos-news-logo.png\",\"contentUrl\":\"https:\\\/\\\/www.fatosefotosnews.com.br\\\/wp-content\\\/uploads\\\/2023\\\/02\\\/Fatos-e-Fotos-news-logo.png\",\"width\":300,\"height\":58,\"caption\":\"Fatos e Fotos News\"},\"image\":{\"@id\":\"https:\\\/\\\/www.fatosefotosnews.com.br\\\/#\\\/schema\\\/logo\\\/image\\\/\"}},{\"@type\":\"Person\",\"@id\":\"https:\\\/\\\/www.fatosefotosnews.com.br\\\/#\\\/schema\\\/person\\\/17b18da658f5277ed99382206a85602f\",\"name\":\"Mirela Portugal\",\"image\":{\"@type\":\"ImageObject\",\"inLanguage\":\"pt-BR\",\"@id\":\"https:\\\/\\\/secure.gravatar.com\\\/avatar\\\/2f92fb43fda38d1a46cf4a155e1c2951193d91d9bed3df97fce720eeb9595d08?s=96&d=mm&r=g\",\"url\":\"https:\\\/\\\/secure.gravatar.com\\\/avatar\\\/2f92fb43fda38d1a46cf4a155e1c2951193d91d9bed3df97fce720eeb9595d08?s=96&d=mm&r=g\",\"contentUrl\":\"https:\\\/\\\/secure.gravatar.com\\\/avatar\\\/2f92fb43fda38d1a46cf4a155e1c2951193d91d9bed3df97fce720eeb9595d08?s=96&d=mm&r=g\",\"caption\":\"Mirela Portugal\"},\"sameAs\":[\"http:\\\/\\\/fatosefotosnews.com.br\"],\"url\":\"https:\\\/\\\/www.fatosefotosnews.com.br\\\/?author=12\"}]}<\/script>\n<!-- \/ Yoast SEO plugin. -->","yoast_head_json":{"title":"Nanoempreendedores estimulam propostas para aut\u00f4nomos de baixa renda nas elei\u00e7\u00f5es - Fatos e Fotos News","robots":{"index":"index","follow":"follow","max-snippet":"max-snippet:-1","max-image-preview":"max-image-preview:large","max-video-preview":"max-video-preview:-1"},"canonical":"https:\/\/www.fatosefotosnews.com.br\/?p=157921","og_locale":"pt_BR","og_type":"article","og_title":"Nanoempreendedores estimulam propostas para aut\u00f4nomos de baixa renda nas elei\u00e7\u00f5es - Fatos e Fotos News","og_description":"Foto: Reprodu\u00e7\u00e3o Categoria identificada pelo Congresso Nacional no contexto da reforma tribut\u00e1ria forma 18% da Popula\u00e7\u00e3o Economicamente Ativa no Brasil. Para candidato, pequenos aut\u00f4nomos s\u00e3o carentes de pol\u00edticas p\u00fablicas dirigidas Criada pelo Congresso Nacional no contexto da Reforma Tribut\u00e1ria, a categoria dos nanoempreendedores &#8211; pessoas f\u00edsicas aut\u00f4nomas de baixa renda, com faturamento anual inferior a [&hellip;]","og_url":"https:\/\/www.fatosefotosnews.com.br\/?p=157921","og_site_name":"Fatos e Fotos News","article_published_time":"2026-08-28T12:00:00+00:00","og_image":[{"width":552,"height":400,"url":"https:\/\/www.fatosefotosnews.com.br\/wp-content\/uploads\/2026\/08\/WhatsApp-Image-2026-08-27-at-17.35.10.jpeg","type":"image\/jpeg"}],"author":"Mirela Portugal","twitter_card":"summary_large_image","twitter_misc":{"Escrito por":"Mirela Portugal","Est. tempo de leitura":"4 minutos"},"schema":{"@context":"https:\/\/schema.org","@graph":[{"@type":"Article","@id":"https:\/\/www.fatosefotosnews.com.br\/?p=157921#article","isPartOf":{"@id":"https:\/\/www.fatosefotosnews.com.br\/?p=157921"},"author":{"name":"Mirela Portugal","@id":"https:\/\/www.fatosefotosnews.com.br\/#\/schema\/person\/17b18da658f5277ed99382206a85602f"},"headline":"Nanoempreendedores estimulam propostas para aut\u00f4nomos de baixa renda nas elei\u00e7\u00f5es","datePublished":"2026-08-28T12:00:00+00:00","mainEntityOfPage":{"@id":"https:\/\/www.fatosefotosnews.com.br\/?p=157921"},"wordCount":591,"publisher":{"@id":"https:\/\/www.fatosefotosnews.com.br\/#organization"},"image":{"@id":"https:\/\/www.fatosefotosnews.com.br\/?p=157921#primaryimage"},"thumbnailUrl":"https:\/\/www.fatosefotosnews.com.br\/wp-content\/uploads\/2026\/08\/WhatsApp-Image-2026-08-27-at-17.35.10.jpeg","keywords":["autonomos","baixa","estimulam","nanoempreendedores","propostas","renda"],"articleSection":["Pol\u00edtica"],"inLanguage":"pt-BR"},{"@type":"WebPage","@id":"https:\/\/www.fatosefotosnews.com.br\/?p=157921","url":"https:\/\/www.fatosefotosnews.com.br\/?p=157921","name":"Nanoempreendedores estimulam propostas para aut\u00f4nomos de baixa renda nas elei\u00e7\u00f5es - Fatos e Fotos News","isPartOf":{"@id":"https:\/\/www.fatosefotosnews.com.br\/#website"},"primaryImageOfPage":{"@id":"https:\/\/www.fatosefotosnews.com.br\/?p=157921#primaryimage"},"image":{"@id":"https:\/\/www.fatosefotosnews.com.br\/?p=157921#primaryimage"},"thumbnailUrl":"https:\/\/www.fatosefotosnews.com.br\/wp-content\/uploads\/2026\/08\/WhatsApp-Image-2026-08-27-at-17.35.10.jpeg","datePublished":"2026-08-28T12:00:00+00:00","breadcrumb":{"@id":"https:\/\/www.fatosefotosnews.com.br\/?p=157921#breadcrumb"},"inLanguage":"pt-BR","potentialAction":[{"@type":"ReadAction","target":["https:\/\/www.fatosefotosnews.com.br\/?p=157921"]}]},{"@type":"ImageObject","inLanguage":"pt-BR","@id":"https:\/\/www.fatosefotosnews.com.br\/?p=157921#primaryimage","url":"https:\/\/www.fatosefotosnews.com.br\/wp-content\/uploads\/2026\/08\/WhatsApp-Image-2026-08-27-at-17.35.10.jpeg","contentUrl":"https:\/\/www.fatosefotosnews.com.br\/wp-content\/uploads\/2026\/08\/WhatsApp-Image-2026-08-27-at-17.35.10.jpeg","width":552,"height":400},{"@type":"BreadcrumbList","@id":"https:\/\/www.fatosefotosnews.com.br\/?p=157921#breadcrumb","itemListElement":[{"@type":"ListItem","position":1,"name":"In\u00edcio","item":"https:\/\/www.fatosefotosnews.com.br\/"},{"@type":"ListItem","position":2,"name":"Nanoempreendedores estimulam propostas para aut\u00f4nomos de baixa renda nas elei\u00e7\u00f5es"}]},{"@type":"WebSite","@id":"https:\/\/www.fatosefotosnews.com.br\/#website","url":"https:\/\/www.fatosefotosnews.com.br\/","name":"Fatos e Fotos News","description":"Um site de noticial verdadeira e confi\u00e1veis.","publisher":{"@id":"https:\/\/www.fatosefotosnews.com.br\/#organization"},"potentialAction":[{"@type":"SearchAction","target":{"@type":"EntryPoint","urlTemplate":"https:\/\/www.fatosefotosnews.com.br\/?s={search_term_string}"},"query-input":{"@type":"PropertyValueSpecification","valueRequired":true,"valueName":"search_term_string"}}],"inLanguage":"pt-BR"},{"@type":"Organization","@id":"https:\/\/www.fatosefotosnews.com.br\/#organization","name":"Fatos e Fotos News","url":"https:\/\/www.fatosefotosnews.com.br\/","logo":{"@type":"ImageObject","inLanguage":"pt-BR","@id":"https:\/\/www.fatosefotosnews.com.br\/#\/schema\/logo\/image\/","url":"https:\/\/www.fatosefotosnews.com.br\/wp-content\/uploads\/2023\/02\/Fatos-e-Fotos-news-logo.png","contentUrl":"https:\/\/www.fatosefotosnews.com.br\/wp-content\/uploads\/2023\/02\/Fatos-e-Fotos-news-logo.png","width":300,"height":58,"caption":"Fatos e Fotos News"},"image":{"@id":"https:\/\/www.fatosefotosnews.com.br\/#\/schema\/logo\/image\/"}},{"@type":"Person","@id":"https:\/\/www.fatosefotosnews.com.br\/#\/schema\/person\/17b18da658f5277ed99382206a85602f","name":"Mirela Portugal","image":{"@type":"ImageObject","inLanguage":"pt-BR","@id":"https:\/\/secure.gravatar.com\/avatar\/2f92fb43fda38d1a46cf4a155e1c2951193d91d9bed3df97fce720eeb9595d08?s=96&d=mm&r=g","url":"https:\/\/secure.gravatar.com\/avatar\/2f92fb43fda38d1a46cf4a155e1c2951193d91d9bed3df97fce720eeb9595d08?s=96&d=mm&r=g","contentUrl":"https:\/\/secure.gravatar.com\/avatar\/2f92fb43fda38d1a46cf4a155e1c2951193d91d9bed3df97fce720eeb9595d08?s=96&d=mm&r=g","caption":"Mirela Portugal"},"sameAs":["http:\/\/fatosefotosnews.com.br"],"url":"https:\/\/www.fatosefotosnews.com.br\/?author=12"}]}},"jetpack_publicize_connections":[],"blog_post_layout_featured_media_urls":{"thumbnail":["https:\/\/www.fatosefotosnews.com.br\/wp-content\/uploads\/2026\/08\/WhatsApp-Image-2026-08-27-at-17.35.10-150x150.jpeg",150,150,true],"full":["https:\/\/www.fatosefotosnews.com.br\/wp-content\/uploads\/2026\/08\/WhatsApp-Image-2026-08-27-at-17.35.10.jpeg",552,400,false]},"categories_names":{"2":{"name":"Pol\u00edtica","link":"https:\/\/www.fatosefotosnews.com.br\/?cat=2"}},"tags_names":{"9949":{"name":"autonomos","link":"https:\/\/www.fatosefotosnews.com.br\/?tag=autonomos"},"3198":{"name":"baixa","link":"https:\/\/www.fatosefotosnews.com.br\/?tag=baixa"},"15166":{"name":"estimulam","link":"https:\/\/www.fatosefotosnews.com.br\/?tag=estimulam"},"29263":{"name":"nanoempreendedores","link":"https:\/\/www.fatosefotosnews.com.br\/?tag=nanoempreendedores"},"1928":{"name":"propostas","link":"https:\/\/www.fatosefotosnews.com.br\/?tag=propostas"},"542":{"name":"renda","link":"https:\/\/www.fatosefotosnews.com.br\/?tag=renda"}},"comments_number":"0","wpmagazine_modules_lite_featured_media_urls":{"thumbnail":["https:\/\/www.fatosefotosnews.com.br\/wp-content\/uploads\/2026\/08\/WhatsApp-Image-2026-08-27-at-17.35.10-150x150.jpeg",150,150,true],"cvmm-medium":["https:\/\/www.fatosefotosnews.com.br\/wp-content\/uploads\/2026\/08\/WhatsApp-Image-2026-08-27-at-17.35.10-300x300.jpeg",300,300,true],"cvmm-medium-plus":["https:\/\/www.fatosefotosnews.com.br\/wp-content\/uploads\/2026\/08\/WhatsApp-Image-2026-08-27-at-17.35.10-305x207.jpeg",305,207,true],"cvmm-portrait":["https:\/\/www.fatosefotosnews.com.br\/wp-content\/uploads\/2026\/08\/WhatsApp-Image-2026-08-27-at-17.35.10-400x400.jpeg",400,400,true],"cvmm-medium-square":["https:\/\/www.fatosefotosnews.com.br\/wp-content\/uploads\/2026\/08\/WhatsApp-Image-2026-08-27-at-17.35.10.jpeg",552,400,false],"cvmm-large":["https:\/\/www.fatosefotosnews.com.br\/wp-content\/uploads\/2026\/08\/WhatsApp-Image-2026-08-27-at-17.35.10.jpeg",552,400,false],"cvmm-small":["https:\/\/www.fatosefotosnews.com.br\/wp-content\/uploads\/2026\/08\/WhatsApp-Image-2026-08-27-at-17.35.10-130x95.jpeg",130,95,true],"full":["https:\/\/www.fatosefotosnews.com.br\/wp-content\/uploads\/2026\/08\/WhatsApp-Image-2026-08-27-at-17.35.10.jpeg",552,400,false]},"_links":{"self":[{"href":"https:\/\/www.fatosefotosnews.com.br\/index.php?rest_route=\/wp\/v2\/posts\/157921","targetHints":{"allow":["GET"]}}],"collection":[{"href":"https:\/\/www.fatosefotosnews.com.br\/index.php?rest_route=\/wp\/v2\/posts"}],"about":[{"href":"https:\/\/www.fatosefotosnews.com.br\/index.php?rest_route=\/wp\/v2\/types\/post"}],"author":[{"embeddable":true,"href":"https:\/\/www.fatosefotosnews.com.br\/index.php?rest_route=\/wp\/v2\/users\/12"}],"replies":[{"embeddable":true,"href":"https:\/\/www.fatosefotosnews.com.br\/index.php?rest_route=%2Fwp%2Fv2%2Fcomments&post=157921"}],"version-history":[{"count":1,"href":"https:\/\/www.fatosefotosnews.com.br\/index.php?rest_route=\/wp\/v2\/posts\/157921\/revisions"}],"predecessor-version":[{"id":157923,"href":"https:\/\/www.fatosefotosnews.com.br\/index.php?rest_route=\/wp\/v2\/posts\/157921\/revisions\/157923"}],"wp:featuredmedia":[{"embeddable":true,"href":"https:\/\/www.fatosefotosnews.com.br\/index.php?rest_route=\/wp\/v2\/media\/157922"}],"wp:attachment":[{"href":"https:\/\/www.fatosefotosnews.com.br\/index.php?rest_route=%2Fwp%2Fv2%2Fmedia&parent=157921"}],"wp:term":[{"taxonomy":"category","embeddable":true,"href":"https:\/\/www.fatosefotosnews.com.br\/index.php?rest_route=%2Fwp%2Fv2%2Fcategories&post=157921"},{"taxonomy":"post_tag","embeddable":true,"href":"https:\/\/www.fatosefotosnews.com.br\/index.php?rest_route=%2Fwp%2Fv2%2Ftags&post=157921"}],"curies":[{"name":"wp","href":"https:\/\/api.w.org\/{rel}","templated":true}]}}