{"id":157950,"date":"2026-08-30T10:00:58","date_gmt":"2026-08-30T13:00:58","guid":{"rendered":"https:\/\/www.fatosefotosnews.com.br\/?p=157950"},"modified":"2026-08-30T10:00:58","modified_gmt":"2026-08-30T13:00:58","slug":"fundacao-gregorio-de-mattos-abre-inscricoes-para-jornada-de-fomento-a-cultura","status":"publish","type":"post","link":"https:\/\/www.fatosefotosnews.com.br\/?p=157950","title":{"rendered":"Funda\u00e7\u00e3o Greg\u00f3rio de Mattos abre inscri\u00e7\u00f5es para Jornada de Fomento \u00e0 Cultura"},"content":{"rendered":"<p>Foto: Lane Silva<\/p>\n<p>Iniciativa pioneira promove imers\u00e3o pr\u00e1tica, consultorias e rodadas de neg\u00f3cios para capacitar agentes culturais e aproximar produ\u00e7\u00f5es soteropolitanas do investimento privado via Programa Viva Cultura<\/p>\n<p>Est\u00e3o abertas as inscri\u00e7\u00f5es para a Jornada de Fomento \u00e0 Cultura: Imers\u00e3o para projetos e neg\u00f3cios criativos, realizada pela Prefeitura de Salvador, atrav\u00e9s da Funda\u00e7\u00e3o Greg\u00f3rio de Mattos e que acontece de 14 de setembro a 1\u00ba de outubro. Com uma proposta pioneira focada no mercado da cultura de Salvador, a Jornada vai reunir pain\u00e9is, oficinas t\u00e9cnicas, consultorias individuais e rodadas de neg\u00f3cios com empres\u00e1rios locais, com o objetivo de solucionar poss\u00edveis obst\u00e1culos da cadeia produtiva das artes e preparar artistas, produtores e empreendedores criativos para a capta\u00e7\u00e3o de recursos e a gest\u00e3o sustent\u00e1veis dos pr\u00f3prios neg\u00f3cios.<\/p>\n<p>As inscri\u00e7\u00f5es gratuitas para produtores e artistas que buscam aperfei\u00e7oamento nas oficinas e consultorias individuais devem ser feitas at\u00e9 9 de setembro, por meio da plataforma Sympla.<\/p>\n<p>J\u00e1 a Rodada de Neg\u00f3cios ser\u00e1 o momento em que os agentes culturais com projetos habilitados no Programa Viva Cultura Salvador ter\u00e3o a oportunidade de apresent\u00e1-los a empresas (potenciais contribuintes incentivadores), criando oportunidades para parcerias e para a capta\u00e7\u00e3o de recursos. Ser\u00e3o selecionados projetos inscritos no Programa Viva Cultura Salvador at\u00e9 4 de setembro, com a documenta\u00e7\u00e3o regular e aptos \u00e0 capta\u00e7\u00e3o de recursos, n\u00e3o sendo necess\u00e1ria a inscri\u00e7\u00e3o no evento.<\/p>\n<p>De acordo com o gerente de Artes e Fomento da FGM, Talis Castro, a proposta \u00e9 preparar o setor cultural para a sustentabilidade financeira.<\/p>\n<p>\u201cComo pol\u00edtica p\u00fablica da Funda\u00e7\u00e3o Greg\u00f3rio de Mattos, percebemos que poder\u00edamos ir al\u00e9m de lan\u00e7ar editais; garantir que os agentes culturais estejam preparados para acess\u00e1-los e geri-los com excel\u00eancia. A Jornada surgiu para preencher essa lacuna t\u00e9cnica, oferecendo forma\u00e7\u00e3o pr\u00e1tica em finan\u00e7as, portf\u00f3lio e articula\u00e7\u00e3o de neg\u00f3cios, aproximando quem produz cultura do empresariado local. Transformar boas ideias em projetos estruturados e sustent\u00e1veis, conectando quem faz arte em Salvador com quem quer e pode investir, fortalecendo assim o mecanismo de incentivo fiscal municipal atrav\u00e9s do Programa Viva Cultura Salvador\u201d.<\/p>\n<p><strong>Atividades<\/strong><\/p>\n<p>O diferencial da Jornada est\u00e1 na metodologia gradativa, desenhada para acompanhar o ciclo de maturidade do projeto cultural, desde a conceitua\u00e7\u00e3o inicial e enquadramento at\u00e9 a apresenta\u00e7\u00e3o direta a potenciais patrocinadores.<\/p>\n<p>A primeira semana de imers\u00e3o ocorre de 14 a 18 de setembro, no Cine Glauber Rocha e na Sala Multiuso Nelson Maleiro, que fica na sede da Funda\u00e7\u00e3o Greg\u00f3rio de Mattos. A abertura ser\u00e1 marcada pelo painel \u2018Salvador das Artes e do Fomento \u2013 FGM 40+\u2019, que vai contar com o prefeito de Salvador, Bruno Reis, o secret\u00e1rio Municipal de Cultura e Turismo, Alexandre Reis, o presidente da FGM, Fernando Guerreiro, e o diretor de Artes e Fomento da Funda\u00e7\u00e3o, George Vladimir. Em seguida, acontece a mesa \u2018Arte d\u00e1 trabalho\u2019, com Ellen Melo e Jorge Alencar (Dimenti), Luciana Mandelli (Sebrae), Mila Paes (Semdec), Sofia Federico e Tati Carvalho (Benditas).<\/p>\n<p>Ainda na primeira semana, ser\u00e3o ofertadas as oficinas focadas em Elabora\u00e7\u00e3o e Enquadramento de Projetos, com Jaqueline Vasconcelos; Gest\u00e3o Financeira, com Eliane Concei\u00e7\u00e3o; Financiamento para Neg\u00f3cios Culturais, com Sofia Federico e Tati Carvalho; e Planejamento Estrat\u00e9gico, com Rejane Mira.<\/p>\n<p>Na segunda semana, entre 21 e 25 de setembro, a forma\u00e7\u00e3o ganha um car\u00e1ter personalizado no Espa\u00e7o Boca de Brasa Centro e na Casa das Hist\u00f3rias de Salvador. Durante o per\u00edodo, ser\u00e3o oferecidas consultorias individuais com especialistas do setor, que v\u00e3o abordar a constru\u00e7\u00e3o do portf\u00f3lio, planejamento, enquadramento e finan\u00e7as. Paralelamente, palestras abertas v\u00e3o colocar em pauta a legisla\u00e7\u00e3o cultural vigente, estrat\u00e9gias de elabora\u00e7\u00e3o de portf\u00f3lio e os meios formais de contrata\u00e7\u00e3o art\u00edstica do munic\u00edpio de Salvador.<\/p>\n<p>J\u00e1 a terceira semana acontece de 28 de setembro a 1\u00ba de outubro, no Mirante da Casa das Hist\u00f3rias, com a realiza\u00e7\u00e3o da Rodada de Neg\u00f3cios Viva Cultura Salvador. O encontro in\u00e9dito tem a proposta de promover o interc\u00e2mbio direto entre 72 agentes culturais que possuem projetos habilitados no programa de incentivo fiscal municipal e 24 empresas investidoras da regi\u00e3o.<\/p>\n<p>Antes das reuni\u00f5es de neg\u00f3cios, os participantes ter\u00e3o dois dias de mentoria coletiva para aprimorar as apresenta\u00e7\u00f5es comerciais. A programa\u00e7\u00e3o contempla tamb\u00e9m momentos de integra\u00e7\u00e3o e networking no happy hour da Ocupa\u00e7\u00e3o Coro Comeu (Caf\u00e9-Teatro Nilda Spencer, na Barroquinha) e tamb\u00e9m no Mirante da Casa das Hist\u00f3rias Salvador, que vai abrigar o encerramento do evento.<\/p>\n<p><strong>CONFIRA A PROGRAMA\u00c7\u00c3O COMPLETA<\/strong><\/p>\n<p><strong>PRIMEIRA SEMANA<\/strong><br \/>\n<strong>14 a 18 de setembro de 2026<\/strong><br \/>\nNivelamento Conceitual e Capacita\u00e7\u00e3o Pr\u00e1tica<br \/>\nAbertura, Paineis e Oficinas<\/p>\n<p><strong>14\/09\/2026<\/strong><br \/>\nLocal: Sala de Cinema do Glauber Rocha<br \/>\nSujeito a lota\u00e7\u00e3o<br \/>\n14h \u00e0s 14h30 \u2013 ABERTURA E FALAS INSTITUCIONAIS<br \/>\n14h30 \u00e0s 15h30 \u2013 PAINEL: SALVADOR DAS ARTES E DO FOMENTO \u2013 FGM 40+<br \/>\nPainelista: Fernando Guerreiro, George Vladimir e Silvia Russo (FGM)<br \/>\n15h30 \u00e0s 16h \u2013 INTERVALO<br \/>\n16h \u00e0s 18h \u2013 PAINEL: \u201cARTE D\u00c1 TRABALHO\u201d<br \/>\nPainelista: Ellen Melo e Jorge Alencar (Dimenti), Luciana Mandelli (SEBRAE), Sofia Federico e Tati Carvalho (BENDITAS), Mila Paes (SEMDEC)<\/p>\n<p><strong>OFICINAS<\/strong><br \/>\nP\u00fablico m\u00e1x: 25 pessoas por oficinas<br \/>\nLocal: Sala Nelson Maleiro \u2013 Funda\u00e7\u00e3o Greg\u00f3rio de Mattos<\/p>\n<p><strong>15\/09\/2026 \u2013 9h \u00e0s 12h \/ 14h \u00e0s 17h<\/strong><br \/>\nOficina de Elabora\u00e7\u00e3o e Enquadramento de Projetos Culturais<br \/>\nMinistrante: Jaqueline Vasconcelos<\/p>\n<p><strong>16\/09\/2026 \u2013 9h \u00e0s 12h \/ 14h \u00e0s 17h<\/strong><br \/>\nOficina de Gest\u00e3o Financeira e Proposta Comercial<br \/>\nMinistrante: Eliane Concei\u00e7\u00e3o<\/p>\n<p><strong>17\/09\/2026 \u2013 14h \u00e0s 18h<\/strong><br \/>\nOficina de Financiamento para Neg\u00f3cios Culturais<br \/>\nMinistrante: Sofia Federico e Tati Carvalho<\/p>\n<p><strong>18\/09\/2026 \u2013 14h \u00e0s 18h<\/strong><br \/>\nOficina de Planejamento Estrat\u00e9gico para Neg\u00f3cios Culturais<br \/>\nMinistrante: Rejane Mira<\/p>\n<p><strong>SEGUNDA SEMANA<\/strong><br \/>\n21 a 25 de setembro de 2026<br \/>\nAtendimento Individualizado e Conte\u00fado Expositivo Baseado nas Demandas de Mercado<br \/>\nConsultorias Individuais e Palestras<\/p>\n<p><strong>CONSULTORIAS INDIVIDUAIS<\/strong><br \/>\nP\u00fablico max: 8 participantes por tema, 1 participante por hora<br \/>\nLocal: Sala Harildo Deda \u2013 Espa\u00e7o Boca de Brasa Centro<\/p>\n<p>21\/09\/2026 \u2013 8h \u00e0s 12h \/ 14h \u00e0s 18h<br \/>\nElabora\u00e7\u00e3o de Portf\u00f3lio<br \/>\nConsultora: Mariana Lima<\/p>\n<p>22\/09\/2026 \u2013 8h \u00e0s 12h \/ 14h \u00e0s 18h<br \/>\nPlanejamento Estrat\u00e9gico<br \/>\nConsultora: Rejane Mira<\/p>\n<p>23\/09\/2026 \u2013 8h \u00e0s 12h \/ 14h \u00e0s 18h<br \/>\nElabora\u00e7\u00e3o e Enquadramento de Projetos Culturais<br \/>\nConsultora: Jacqueline Vasconcelos<\/p>\n<p><strong>CONSULTORIAS INDIVIDUAIS<\/strong><br \/>\nP\u00fablico max: 8 participantes por tema, 1 participante por hora<br \/>\nLocal: Sala Harildo Deda \u2013 Espa\u00e7o Boca de Brasa Centro<\/p>\n<p><strong>24\/09\/2026 \u2013 8h \u00e0s 12h \/ 14h \u00e0s 18h<\/strong><br \/>\nGest\u00e3o Financeira e Proposta Comercial<br \/>\nConsultora: Eliane Concei\u00e7\u00e3o<\/p>\n<p><strong>25\/09\/2026 \u2013 8h \u00e0s 12h \/ 14h \u00e0s 18h<\/strong><br \/>\nFinanciamento para Neg\u00f3cios Culturais<br \/>\nConsultora: Sofia Federico e Tati Carvalho<\/p>\n<p><strong>PALESTRAS<\/strong><\/p>\n<p><strong>25\/09\/2026<\/strong><br \/>\nLocal: Audit\u00f3rio Makota Valdina<br \/>\nP\u00fablico aprox: 120 pessoas<\/p>\n<p>10h \u00e0s 12h \u2013 Legisla\u00e7\u00e3o Cultural<br \/>\nPalestrante: Kaiale Ara\u00fajo (FGM)<\/p>\n<p>14h \u00e0s 16h \u2013 Elabora\u00e7\u00e3o de Portf\u00f3lio de projetos e neg\u00f3cios criativos<br \/>\nPalestrantes: Mariana Lima<\/p>\n<p>16h \u00e0s 16h30 \u2013 INTERVALO<\/p>\n<p>16h30 \u00e0s 18h \u2013 Meios de Contrata\u00e7\u00e3o Art\u00edstica do Munic\u00edpio<br \/>\nPalestrantes: George Vladimir e Kaiale Ara\u00fajo (FGM)<\/p>\n<p><strong>TERCEIRA SEMANA<\/strong><br \/>\n<strong>28 de setembro a 01 de outubro de 2026<\/strong><br \/>\nRODADA DE NEG\u00d3CIOS VIVA CULTURA SALVADOR<br \/>\nLocal: Mirante da Casa das Hist\u00f3rias de Salvador<\/p>\n<p><strong>28 e 29\/09\/2026 \u2013 MENTORIA COLETIVA<\/strong><\/p>\n<p><strong>30\/09\/2026 e 01\/10\/2026 \u2013 REUNI\u00d5ES DA RODADA DE NEG\u00d3CIOS<\/strong><\/p>\n","protected":false},"excerpt":{"rendered":"<p>Foto: Lane Silva Iniciativa pioneira promove imers\u00e3o pr\u00e1tica, consultorias e rodadas de neg\u00f3cios para capacitar agentes culturais e aproximar produ\u00e7\u00f5es soteropolitanas do investimento privado via Programa Viva Cultura Est\u00e3o abertas as inscri\u00e7\u00f5es para a Jornada de Fomento \u00e0 Cultura: Imers\u00e3o para projetos e neg\u00f3cios criativos, realizada pela Prefeitura de Salvador, atrav\u00e9s da Funda\u00e7\u00e3o Greg\u00f3rio de [&hellip;]<\/p>\n","protected":false},"author":12,"featured_media":157951,"comment_status":"closed","ping_status":"open","sticky":false,"template":"","format":"standard","meta":{"_acf_changed":false,"_angie_page":false,"_monsterinsights_skip_tracking":false,"_themeisle_gutenberg_block_has_review":false,"page_builder":"","footnotes":"","jetpack_publicize_message":"","jetpack_publicize_feature_enabled":true,"jetpack_social_post_already_shared":true,"jetpack_social_options":{"image_generator_settings":{"template":"highway","default_image_id":0,"font":"","enabled":false},"version":2}},"categories":[4265],"tags":[947,7436,5458,28045,1595,5835,12079],"class_list":["post-157950","post","type-post","status-publish","format-standard","has-post-thumbnail","hentry","category-cultura","tag-cultura","tag-fomento","tag-funda","tag-gregorio","tag-inscri","tag-jornada","tag-mattos"],"acf":[],"nelio_content":{"autoShareEndMode":"never","automationSources":{"useCustomSentences":false,"customSentences":[]},"efiAlt":"","efiUrl":"","followers":[12],"highlights":[],"isAutoShareEnabled":true,"networkImageIds":[],"permalinkQueryArgs":[],"series":[],"suggestedReferences":[]},"yoast_head":"<!-- This site is optimized with the Yoast SEO plugin v28.3 - https:\/\/yoast.com\/product\/yoast-seo-wordpress\/ -->\n<title>Funda\u00e7\u00e3o Greg\u00f3rio de Mattos abre inscri\u00e7\u00f5es para Jornada de Fomento \u00e0 Cultura - Fatos e Fotos News<\/title>\n<meta name=\"robots\" content=\"index, follow, max-snippet:-1, max-image-preview:large, max-video-preview:-1\" \/>\n<link rel=\"canonical\" href=\"https:\/\/www.fatosefotosnews.com.br\/?p=157950\" \/>\n<meta property=\"og:locale\" content=\"pt_BR\" \/>\n<meta property=\"og:type\" content=\"article\" \/>\n<meta property=\"og:title\" content=\"Funda\u00e7\u00e3o Greg\u00f3rio de Mattos abre inscri\u00e7\u00f5es para Jornada de Fomento \u00e0 Cultura - Fatos e Fotos News\" \/>\n<meta property=\"og:description\" content=\"Foto: Lane Silva Iniciativa pioneira promove imers\u00e3o pr\u00e1tica, consultorias e rodadas de neg\u00f3cios para capacitar agentes culturais e aproximar produ\u00e7\u00f5es soteropolitanas do investimento privado via Programa Viva Cultura Est\u00e3o abertas as inscri\u00e7\u00f5es para a Jornada de Fomento \u00e0 Cultura: Imers\u00e3o para projetos e neg\u00f3cios criativos, realizada pela Prefeitura de Salvador, atrav\u00e9s da Funda\u00e7\u00e3o Greg\u00f3rio de [&hellip;]\" \/>\n<meta property=\"og:url\" content=\"https:\/\/www.fatosefotosnews.com.br\/?p=157950\" \/>\n<meta property=\"og:site_name\" content=\"Fatos e Fotos News\" \/>\n<meta property=\"article:published_time\" content=\"2026-08-30T13:00:58+00:00\" \/>\n<meta property=\"og:image\" content=\"https:\/\/www.fatosefotosnews.com.br\/wp-content\/uploads\/2026\/08\/Captura-de-tela-2026-08-30-095745.png\" \/>\n\t<meta property=\"og:image:width\" content=\"1078\" \/>\n\t<meta property=\"og:image:height\" content=\"717\" \/>\n\t<meta property=\"og:image:type\" content=\"image\/png\" \/>\n<meta name=\"author\" content=\"Mirela Portugal\" \/>\n<meta name=\"twitter:card\" content=\"summary_large_image\" \/>\n<meta name=\"twitter:label1\" content=\"Escrito por\" \/>\n\t<meta name=\"twitter:data1\" content=\"Mirela Portugal\" \/>\n\t<meta name=\"twitter:label2\" content=\"Est. tempo de leitura\" \/>\n\t<meta name=\"twitter:data2\" content=\"7 minutos\" \/>\n<script type=\"application\/ld+json\" class=\"yoast-schema-graph\">{\"@context\":\"https:\\\/\\\/schema.org\",\"@graph\":[{\"@type\":\"Article\",\"@id\":\"https:\\\/\\\/www.fatosefotosnews.com.br\\\/?p=157950#article\",\"isPartOf\":{\"@id\":\"https:\\\/\\\/www.fatosefotosnews.com.br\\\/?p=157950\"},\"author\":{\"name\":\"Mirela Portugal\",\"@id\":\"https:\\\/\\\/www.fatosefotosnews.com.br\\\/#\\\/schema\\\/person\\\/17b18da658f5277ed99382206a85602f\"},\"headline\":\"Funda\u00e7\u00e3o Greg\u00f3rio de Mattos abre inscri\u00e7\u00f5es para Jornada de Fomento \u00e0 Cultura\",\"datePublished\":\"2026-08-30T13:00:58+00:00\",\"mainEntityOfPage\":{\"@id\":\"https:\\\/\\\/www.fatosefotosnews.com.br\\\/?p=157950\"},\"wordCount\":1214,\"publisher\":{\"@id\":\"https:\\\/\\\/www.fatosefotosnews.com.br\\\/#organization\"},\"image\":{\"@id\":\"https:\\\/\\\/www.fatosefotosnews.com.br\\\/?p=157950#primaryimage\"},\"thumbnailUrl\":\"https:\\\/\\\/www.fatosefotosnews.com.br\\\/wp-content\\\/uploads\\\/2026\\\/08\\\/Captura-de-tela-2026-08-30-095745.png\",\"keywords\":[\"cultura\",\"fomento\",\"funda\",\"gregorio\",\"inscri\",\"jornada\",\"mattos\"],\"articleSection\":[\"Cultura\"],\"inLanguage\":\"pt-BR\"},{\"@type\":\"WebPage\",\"@id\":\"https:\\\/\\\/www.fatosefotosnews.com.br\\\/?p=157950\",\"url\":\"https:\\\/\\\/www.fatosefotosnews.com.br\\\/?p=157950\",\"name\":\"Funda\u00e7\u00e3o Greg\u00f3rio de Mattos abre inscri\u00e7\u00f5es para Jornada de Fomento \u00e0 Cultura - Fatos e Fotos News\",\"isPartOf\":{\"@id\":\"https:\\\/\\\/www.fatosefotosnews.com.br\\\/#website\"},\"primaryImageOfPage\":{\"@id\":\"https:\\\/\\\/www.fatosefotosnews.com.br\\\/?p=157950#primaryimage\"},\"image\":{\"@id\":\"https:\\\/\\\/www.fatosefotosnews.com.br\\\/?p=157950#primaryimage\"},\"thumbnailUrl\":\"https:\\\/\\\/www.fatosefotosnews.com.br\\\/wp-content\\\/uploads\\\/2026\\\/08\\\/Captura-de-tela-2026-08-30-095745.png\",\"datePublished\":\"2026-08-30T13:00:58+00:00\",\"breadcrumb\":{\"@id\":\"https:\\\/\\\/www.fatosefotosnews.com.br\\\/?p=157950#breadcrumb\"},\"inLanguage\":\"pt-BR\",\"potentialAction\":[{\"@type\":\"ReadAction\",\"target\":[\"https:\\\/\\\/www.fatosefotosnews.com.br\\\/?p=157950\"]}]},{\"@type\":\"ImageObject\",\"inLanguage\":\"pt-BR\",\"@id\":\"https:\\\/\\\/www.fatosefotosnews.com.br\\\/?p=157950#primaryimage\",\"url\":\"https:\\\/\\\/www.fatosefotosnews.com.br\\\/wp-content\\\/uploads\\\/2026\\\/08\\\/Captura-de-tela-2026-08-30-095745.png\",\"contentUrl\":\"https:\\\/\\\/www.fatosefotosnews.com.br\\\/wp-content\\\/uploads\\\/2026\\\/08\\\/Captura-de-tela-2026-08-30-095745.png\",\"width\":1078,\"height\":717},{\"@type\":\"BreadcrumbList\",\"@id\":\"https:\\\/\\\/www.fatosefotosnews.com.br\\\/?p=157950#breadcrumb\",\"itemListElement\":[{\"@type\":\"ListItem\",\"position\":1,\"name\":\"In\u00edcio\",\"item\":\"https:\\\/\\\/www.fatosefotosnews.com.br\\\/\"},{\"@type\":\"ListItem\",\"position\":2,\"name\":\"Funda\u00e7\u00e3o Greg\u00f3rio de Mattos abre inscri\u00e7\u00f5es para Jornada de Fomento \u00e0 Cultura\"}]},{\"@type\":\"WebSite\",\"@id\":\"https:\\\/\\\/www.fatosefotosnews.com.br\\\/#website\",\"url\":\"https:\\\/\\\/www.fatosefotosnews.com.br\\\/\",\"name\":\"Fatos e Fotos News\",\"description\":\"Um site de noticial verdadeira e confi\u00e1veis.\",\"publisher\":{\"@id\":\"https:\\\/\\\/www.fatosefotosnews.com.br\\\/#organization\"},\"potentialAction\":[{\"@type\":\"SearchAction\",\"target\":{\"@type\":\"EntryPoint\",\"urlTemplate\":\"https:\\\/\\\/www.fatosefotosnews.com.br\\\/?s={search_term_string}\"},\"query-input\":{\"@type\":\"PropertyValueSpecification\",\"valueRequired\":true,\"valueName\":\"search_term_string\"}}],\"inLanguage\":\"pt-BR\"},{\"@type\":\"Organization\",\"@id\":\"https:\\\/\\\/www.fatosefotosnews.com.br\\\/#organization\",\"name\":\"Fatos e Fotos News\",\"url\":\"https:\\\/\\\/www.fatosefotosnews.com.br\\\/\",\"logo\":{\"@type\":\"ImageObject\",\"inLanguage\":\"pt-BR\",\"@id\":\"https:\\\/\\\/www.fatosefotosnews.com.br\\\/#\\\/schema\\\/logo\\\/image\\\/\",\"url\":\"https:\\\/\\\/www.fatosefotosnews.com.br\\\/wp-content\\\/uploads\\\/2023\\\/02\\\/Fatos-e-Fotos-news-logo.png\",\"contentUrl\":\"https:\\\/\\\/www.fatosefotosnews.com.br\\\/wp-content\\\/uploads\\\/2023\\\/02\\\/Fatos-e-Fotos-news-logo.png\",\"width\":300,\"height\":58,\"caption\":\"Fatos e Fotos News\"},\"image\":{\"@id\":\"https:\\\/\\\/www.fatosefotosnews.com.br\\\/#\\\/schema\\\/logo\\\/image\\\/\"}},{\"@type\":\"Person\",\"@id\":\"https:\\\/\\\/www.fatosefotosnews.com.br\\\/#\\\/schema\\\/person\\\/17b18da658f5277ed99382206a85602f\",\"name\":\"Mirela Portugal\",\"image\":{\"@type\":\"ImageObject\",\"inLanguage\":\"pt-BR\",\"@id\":\"https:\\\/\\\/secure.gravatar.com\\\/avatar\\\/2f92fb43fda38d1a46cf4a155e1c2951193d91d9bed3df97fce720eeb9595d08?s=96&d=mm&r=g\",\"url\":\"https:\\\/\\\/secure.gravatar.com\\\/avatar\\\/2f92fb43fda38d1a46cf4a155e1c2951193d91d9bed3df97fce720eeb9595d08?s=96&d=mm&r=g\",\"contentUrl\":\"https:\\\/\\\/secure.gravatar.com\\\/avatar\\\/2f92fb43fda38d1a46cf4a155e1c2951193d91d9bed3df97fce720eeb9595d08?s=96&d=mm&r=g\",\"caption\":\"Mirela Portugal\"},\"sameAs\":[\"http:\\\/\\\/fatosefotosnews.com.br\"],\"url\":\"https:\\\/\\\/www.fatosefotosnews.com.br\\\/?author=12\"}]}<\/script>\n<!-- \/ Yoast SEO plugin. -->","yoast_head_json":{"title":"Funda\u00e7\u00e3o Greg\u00f3rio de Mattos abre inscri\u00e7\u00f5es para Jornada de Fomento \u00e0 Cultura - Fatos e Fotos News","robots":{"index":"index","follow":"follow","max-snippet":"max-snippet:-1","max-image-preview":"max-image-preview:large","max-video-preview":"max-video-preview:-1"},"canonical":"https:\/\/www.fatosefotosnews.com.br\/?p=157950","og_locale":"pt_BR","og_type":"article","og_title":"Funda\u00e7\u00e3o Greg\u00f3rio de Mattos abre inscri\u00e7\u00f5es para Jornada de Fomento \u00e0 Cultura - Fatos e Fotos News","og_description":"Foto: Lane Silva Iniciativa pioneira promove imers\u00e3o pr\u00e1tica, consultorias e rodadas de neg\u00f3cios para capacitar agentes culturais e aproximar produ\u00e7\u00f5es soteropolitanas do investimento privado via Programa Viva Cultura Est\u00e3o abertas as inscri\u00e7\u00f5es para a Jornada de Fomento \u00e0 Cultura: Imers\u00e3o para projetos e neg\u00f3cios criativos, realizada pela Prefeitura de Salvador, atrav\u00e9s da Funda\u00e7\u00e3o Greg\u00f3rio de [&hellip;]","og_url":"https:\/\/www.fatosefotosnews.com.br\/?p=157950","og_site_name":"Fatos e Fotos News","article_published_time":"2026-08-30T13:00:58+00:00","og_image":[{"width":1078,"height":717,"url":"https:\/\/www.fatosefotosnews.com.br\/wp-content\/uploads\/2026\/08\/Captura-de-tela-2026-08-30-095745.png","type":"image\/png"}],"author":"Mirela Portugal","twitter_card":"summary_large_image","twitter_misc":{"Escrito por":"Mirela Portugal","Est. tempo de leitura":"7 minutos"},"schema":{"@context":"https:\/\/schema.org","@graph":[{"@type":"Article","@id":"https:\/\/www.fatosefotosnews.com.br\/?p=157950#article","isPartOf":{"@id":"https:\/\/www.fatosefotosnews.com.br\/?p=157950"},"author":{"name":"Mirela Portugal","@id":"https:\/\/www.fatosefotosnews.com.br\/#\/schema\/person\/17b18da658f5277ed99382206a85602f"},"headline":"Funda\u00e7\u00e3o Greg\u00f3rio de Mattos abre inscri\u00e7\u00f5es para Jornada de Fomento \u00e0 Cultura","datePublished":"2026-08-30T13:00:58+00:00","mainEntityOfPage":{"@id":"https:\/\/www.fatosefotosnews.com.br\/?p=157950"},"wordCount":1214,"publisher":{"@id":"https:\/\/www.fatosefotosnews.com.br\/#organization"},"image":{"@id":"https:\/\/www.fatosefotosnews.com.br\/?p=157950#primaryimage"},"thumbnailUrl":"https:\/\/www.fatosefotosnews.com.br\/wp-content\/uploads\/2026\/08\/Captura-de-tela-2026-08-30-095745.png","keywords":["cultura","fomento","funda","gregorio","inscri","jornada","mattos"],"articleSection":["Cultura"],"inLanguage":"pt-BR"},{"@type":"WebPage","@id":"https:\/\/www.fatosefotosnews.com.br\/?p=157950","url":"https:\/\/www.fatosefotosnews.com.br\/?p=157950","name":"Funda\u00e7\u00e3o Greg\u00f3rio de Mattos abre inscri\u00e7\u00f5es para Jornada de Fomento \u00e0 Cultura - Fatos e Fotos News","isPartOf":{"@id":"https:\/\/www.fatosefotosnews.com.br\/#website"},"primaryImageOfPage":{"@id":"https:\/\/www.fatosefotosnews.com.br\/?p=157950#primaryimage"},"image":{"@id":"https:\/\/www.fatosefotosnews.com.br\/?p=157950#primaryimage"},"thumbnailUrl":"https:\/\/www.fatosefotosnews.com.br\/wp-content\/uploads\/2026\/08\/Captura-de-tela-2026-08-30-095745.png","datePublished":"2026-08-30T13:00:58+00:00","breadcrumb":{"@id":"https:\/\/www.fatosefotosnews.com.br\/?p=157950#breadcrumb"},"inLanguage":"pt-BR","potentialAction":[{"@type":"ReadAction","target":["https:\/\/www.fatosefotosnews.com.br\/?p=157950"]}]},{"@type":"ImageObject","inLanguage":"pt-BR","@id":"https:\/\/www.fatosefotosnews.com.br\/?p=157950#primaryimage","url":"https:\/\/www.fatosefotosnews.com.br\/wp-content\/uploads\/2026\/08\/Captura-de-tela-2026-08-30-095745.png","contentUrl":"https:\/\/www.fatosefotosnews.com.br\/wp-content\/uploads\/2026\/08\/Captura-de-tela-2026-08-30-095745.png","width":1078,"height":717},{"@type":"BreadcrumbList","@id":"https:\/\/www.fatosefotosnews.com.br\/?p=157950#breadcrumb","itemListElement":[{"@type":"ListItem","position":1,"name":"In\u00edcio","item":"https:\/\/www.fatosefotosnews.com.br\/"},{"@type":"ListItem","position":2,"name":"Funda\u00e7\u00e3o Greg\u00f3rio de Mattos abre inscri\u00e7\u00f5es para Jornada de Fomento \u00e0 Cultura"}]},{"@type":"WebSite","@id":"https:\/\/www.fatosefotosnews.com.br\/#website","url":"https:\/\/www.fatosefotosnews.com.br\/","name":"Fatos e Fotos News","description":"Um site de noticial verdadeira e confi\u00e1veis.","publisher":{"@id":"https:\/\/www.fatosefotosnews.com.br\/#organization"},"potentialAction":[{"@type":"SearchAction","target":{"@type":"EntryPoint","urlTemplate":"https:\/\/www.fatosefotosnews.com.br\/?s={search_term_string}"},"query-input":{"@type":"PropertyValueSpecification","valueRequired":true,"valueName":"search_term_string"}}],"inLanguage":"pt-BR"},{"@type":"Organization","@id":"https:\/\/www.fatosefotosnews.com.br\/#organization","name":"Fatos e Fotos News","url":"https:\/\/www.fatosefotosnews.com.br\/","logo":{"@type":"ImageObject","inLanguage":"pt-BR","@id":"https:\/\/www.fatosefotosnews.com.br\/#\/schema\/logo\/image\/","url":"https:\/\/www.fatosefotosnews.com.br\/wp-content\/uploads\/2023\/02\/Fatos-e-Fotos-news-logo.png","contentUrl":"https:\/\/www.fatosefotosnews.com.br\/wp-content\/uploads\/2023\/02\/Fatos-e-Fotos-news-logo.png","width":300,"height":58,"caption":"Fatos e Fotos News"},"image":{"@id":"https:\/\/www.fatosefotosnews.com.br\/#\/schema\/logo\/image\/"}},{"@type":"Person","@id":"https:\/\/www.fatosefotosnews.com.br\/#\/schema\/person\/17b18da658f5277ed99382206a85602f","name":"Mirela Portugal","image":{"@type":"ImageObject","inLanguage":"pt-BR","@id":"https:\/\/secure.gravatar.com\/avatar\/2f92fb43fda38d1a46cf4a155e1c2951193d91d9bed3df97fce720eeb9595d08?s=96&d=mm&r=g","url":"https:\/\/secure.gravatar.com\/avatar\/2f92fb43fda38d1a46cf4a155e1c2951193d91d9bed3df97fce720eeb9595d08?s=96&d=mm&r=g","contentUrl":"https:\/\/secure.gravatar.com\/avatar\/2f92fb43fda38d1a46cf4a155e1c2951193d91d9bed3df97fce720eeb9595d08?s=96&d=mm&r=g","caption":"Mirela Portugal"},"sameAs":["http:\/\/fatosefotosnews.com.br"],"url":"https:\/\/www.fatosefotosnews.com.br\/?author=12"}]}},"jetpack_publicize_connections":[],"blog_post_layout_featured_media_urls":{"thumbnail":["https:\/\/www.fatosefotosnews.com.br\/wp-content\/uploads\/2026\/08\/Captura-de-tela-2026-08-30-095745-150x150.png",150,150,true],"full":["https:\/\/www.fatosefotosnews.com.br\/wp-content\/uploads\/2026\/08\/Captura-de-tela-2026-08-30-095745.png",1078,717,false]},"categories_names":{"4265":{"name":"Cultura","link":"https:\/\/www.fatosefotosnews.com.br\/?cat=4265"}},"tags_names":{"947":{"name":"cultura","link":"https:\/\/www.fatosefotosnews.com.br\/?tag=cultura"},"7436":{"name":"fomento","link":"https:\/\/www.fatosefotosnews.com.br\/?tag=fomento"},"5458":{"name":"funda","link":"https:\/\/www.fatosefotosnews.com.br\/?tag=funda"},"28045":{"name":"gregorio","link":"https:\/\/www.fatosefotosnews.com.br\/?tag=gregorio"},"1595":{"name":"inscri","link":"https:\/\/www.fatosefotosnews.com.br\/?tag=inscri"},"5835":{"name":"jornada","link":"https:\/\/www.fatosefotosnews.com.br\/?tag=jornada"},"12079":{"name":"mattos","link":"https:\/\/www.fatosefotosnews.com.br\/?tag=mattos"}},"comments_number":"0","wpmagazine_modules_lite_featured_media_urls":{"thumbnail":["https:\/\/www.fatosefotosnews.com.br\/wp-content\/uploads\/2026\/08\/Captura-de-tela-2026-08-30-095745-150x150.png",150,150,true],"cvmm-medium":["https:\/\/www.fatosefotosnews.com.br\/wp-content\/uploads\/2026\/08\/Captura-de-tela-2026-08-30-095745-300x300.png",300,300,true],"cvmm-medium-plus":["https:\/\/www.fatosefotosnews.com.br\/wp-content\/uploads\/2026\/08\/Captura-de-tela-2026-08-30-095745-305x207.png",305,207,true],"cvmm-portrait":["https:\/\/www.fatosefotosnews.com.br\/wp-content\/uploads\/2026\/08\/Captura-de-tela-2026-08-30-095745-400x600.png",400,600,true],"cvmm-medium-square":["https:\/\/www.fatosefotosnews.com.br\/wp-content\/uploads\/2026\/08\/Captura-de-tela-2026-08-30-095745-600x600.png",600,600,true],"cvmm-large":["https:\/\/www.fatosefotosnews.com.br\/wp-content\/uploads\/2026\/08\/Captura-de-tela-2026-08-30-095745-1024x717.png",1024,717,true],"cvmm-small":["https:\/\/www.fatosefotosnews.com.br\/wp-content\/uploads\/2026\/08\/Captura-de-tela-2026-08-30-095745-130x95.png",130,95,true],"full":["https:\/\/www.fatosefotosnews.com.br\/wp-content\/uploads\/2026\/08\/Captura-de-tela-2026-08-30-095745.png",1078,717,false]},"_links":{"self":[{"href":"https:\/\/www.fatosefotosnews.com.br\/index.php?rest_route=\/wp\/v2\/posts\/157950","targetHints":{"allow":["GET"]}}],"collection":[{"href":"https:\/\/www.fatosefotosnews.com.br\/index.php?rest_route=\/wp\/v2\/posts"}],"about":[{"href":"https:\/\/www.fatosefotosnews.com.br\/index.php?rest_route=\/wp\/v2\/types\/post"}],"author":[{"embeddable":true,"href":"https:\/\/www.fatosefotosnews.com.br\/index.php?rest_route=\/wp\/v2\/users\/12"}],"replies":[{"embeddable":true,"href":"https:\/\/www.fatosefotosnews.com.br\/index.php?rest_route=%2Fwp%2Fv2%2Fcomments&post=157950"}],"version-history":[{"count":1,"href":"https:\/\/www.fatosefotosnews.com.br\/index.php?rest_route=\/wp\/v2\/posts\/157950\/revisions"}],"predecessor-version":[{"id":157952,"href":"https:\/\/www.fatosefotosnews.com.br\/index.php?rest_route=\/wp\/v2\/posts\/157950\/revisions\/157952"}],"wp:featuredmedia":[{"embeddable":true,"href":"https:\/\/www.fatosefotosnews.com.br\/index.php?rest_route=\/wp\/v2\/media\/157951"}],"wp:attachment":[{"href":"https:\/\/www.fatosefotosnews.com.br\/index.php?rest_route=%2Fwp%2Fv2%2Fmedia&parent=157950"}],"wp:term":[{"taxonomy":"category","embeddable":true,"href":"https:\/\/www.fatosefotosnews.com.br\/index.php?rest_route=%2Fwp%2Fv2%2Fcategories&post=157950"},{"taxonomy":"post_tag","embeddable":true,"href":"https:\/\/www.fatosefotosnews.com.br\/index.php?rest_route=%2Fwp%2Fv2%2Ftags&post=157950"}],"curies":[{"name":"wp","href":"https:\/\/api.w.org\/{rel}","templated":true}]}}