{"id":157953,"date":"2026-08-30T10:06:26","date_gmt":"2026-08-30T13:06:26","guid":{"rendered":"https:\/\/www.fatosefotosnews.com.br\/?p=157953"},"modified":"2026-08-30T10:06:26","modified_gmt":"2026-08-30T13:06:26","slug":"vacinacao-e-ampliada-em-comunidades-indigenas-da-amazonia","status":"publish","type":"post","link":"https:\/\/www.fatosefotosnews.com.br\/?p=157953","title":{"rendered":"Vacina\u00e7\u00e3o \u00e9 ampliada em comunidades ind\u00edgenas da Amaz\u00f4nia"},"content":{"rendered":"<p>Foto: Rafael Nascimento\/MS<\/p>\n<div id=\"block-tts-block-tts\" class=\"block block-tts\">\n<div class=\"content\">\n<div id=\"tts-container\" class=\"container-audio rel-position\">\n<div class=\"title abs-position\"><\/div>\n<\/div>\n<\/div>\n<\/div>\n<div class=\"conteudo-noticia\">\n<p><strong>A partir deste domingo (30), uma nova fase da Opera\u00e7\u00e3o Gota vai beneficiar 20 aldeias ind\u00edgenas na Amaz\u00f4nia Legal.\u00a0<\/strong><img decoding=\"async\" src=\"https:\/\/agenciabrasil.ebc.com.br\/ebc.png?id=1701013&amp;o=node\" \/><img decoding=\"async\" src=\"https:\/\/agenciabrasil.ebc.com.br\/ebc.gif?id=1701013&amp;o=node\" \/><\/p>\n<p>A a\u00e7\u00e3o amplia o acesso \u00e0 vacina\u00e7\u00e3o em comunidades remotas, onde as condi\u00e7\u00f5es geogr\u00e1ficas e de transporte demandam log\u00edstica a\u00e9rea para o deslocamento de equipes de sa\u00fade.<\/p>\n<p>Em nota, o Minist\u00e9rio da Sa\u00fade informou que a opera\u00e7\u00e3o segue at\u00e9 o pr\u00f3ximo dia 6 de setembro, contemplando as comunidades atendidas pelo Distrito Sanit\u00e1rio Especial Ind\u00edgena (DSEI) Amap\u00e1 e Norte do Par\u00e1 e inclui todas as doses dispon\u00edveis no Calend\u00e1rio Nacional de Vacina\u00e7\u00e3o.<\/p>\n<p><strong>A a\u00e7\u00e3o, realizada em parceria com a Secretaria de Sa\u00fade Ind\u00edgena, com o Minist\u00e9rio da Defesa e com a For\u00e7a A\u00e9rea Brasileira (FAB), tamb\u00e9m ser\u00e1 levada a comunidades ind\u00edgenas do M\u00e9dio Rio Purus, com atividades previstas entre os dias 10 e 20 de setembro.<\/strong><\/p>\n<p>No primeiro semestre de 2026, a Opera\u00e7\u00e3o Gota atendeu territ\u00f3rios do Alto Rio Negro, Alto Rio Juru\u00e1 e Vale do Javari.\u00a0<strong>Dados da pasta mostram que, ao todo, 112 aldeias foram visitadas, 13 mil doses foram aplicadas e mais de 8 mil ind\u00edgenas foram imunizados.<\/strong><\/p>\n<h2>Planejamento<\/h2>\n<p>Antes das miss\u00f5es, os DSEIs realizam levantamento de comunidades com maior dificuldade de acesso e identificam pessoas a serem atendidas. S\u00e3o definidos os quantitativos de vacinas, insumos e demais recursos necess\u00e1rios para a realiza\u00e7\u00e3o das atividades.<\/p>\n<p>De acordo com o minist\u00e9rio, al\u00e9m da vacina\u00e7\u00e3o, as equipes da Opera\u00e7\u00e3o Gota podem realizar outros atendimentos em sa\u00fade durante as miss\u00f5es, conforme necessidades identificadas em cada territ\u00f3rio, incluindo assist\u00eancia m\u00e9dica, avalia\u00e7\u00e3o e acompanhamento nutricional.<\/p>\n<\/div>\n","protected":false},"excerpt":{"rendered":"<p>Foto: Rafael Nascimento\/MS A partir deste domingo (30), uma nova fase da Opera\u00e7\u00e3o Gota vai beneficiar 20 aldeias ind\u00edgenas na Amaz\u00f4nia Legal.\u00a0 A a\u00e7\u00e3o amplia o acesso \u00e0 vacina\u00e7\u00e3o em comunidades remotas, onde as condi\u00e7\u00f5es geogr\u00e1ficas e de transporte demandam log\u00edstica a\u00e9rea para o deslocamento de equipes de sa\u00fade. Em nota, o Minist\u00e9rio da Sa\u00fade [&hellip;]<\/p>\n","protected":false},"author":12,"featured_media":157954,"comment_status":"closed","ping_status":"open","sticky":false,"template":"","format":"standard","meta":{"_acf_changed":false,"_angie_page":false,"_monsterinsights_skip_tracking":false,"_themeisle_gutenberg_block_has_review":false,"page_builder":"","footnotes":"","jetpack_publicize_message":"","jetpack_publicize_feature_enabled":true,"jetpack_social_post_already_shared":true,"jetpack_social_options":{"image_generator_settings":{"template":"highway","default_image_id":0,"font":"","enabled":false},"version":2}},"categories":[24857],"tags":[172,8128,1144,949,472],"class_list":["post-157953","post","type-post","status-publish","format-standard","has-post-thumbnail","hentry","category-saude","tag-amazonia","tag-ampliada","tag-comunidades","tag-indigenas","tag-vacina"],"acf":[],"nelio_content":{"autoShareEndMode":"never","automationSources":{"useCustomSentences":false,"customSentences":[]},"efiAlt":"","efiUrl":"","followers":[12],"highlights":[],"isAutoShareEnabled":true,"networkImageIds":[],"permalinkQueryArgs":[],"series":[],"suggestedReferences":[]},"yoast_head":"<!-- This site is optimized with the Yoast SEO plugin v28.3 - https:\/\/yoast.com\/product\/yoast-seo-wordpress\/ -->\n<title>Vacina\u00e7\u00e3o \u00e9 ampliada em comunidades ind\u00edgenas da Amaz\u00f4nia - Fatos e Fotos News<\/title>\n<meta name=\"robots\" content=\"index, follow, max-snippet:-1, max-image-preview:large, max-video-preview:-1\" \/>\n<link rel=\"canonical\" href=\"https:\/\/www.fatosefotosnews.com.br\/?p=157953\" \/>\n<meta property=\"og:locale\" content=\"pt_BR\" \/>\n<meta property=\"og:type\" content=\"article\" \/>\n<meta property=\"og:title\" content=\"Vacina\u00e7\u00e3o \u00e9 ampliada em comunidades ind\u00edgenas da Amaz\u00f4nia - Fatos e Fotos News\" \/>\n<meta property=\"og:description\" content=\"Foto: Rafael Nascimento\/MS A partir deste domingo (30), uma nova fase da Opera\u00e7\u00e3o Gota vai beneficiar 20 aldeias ind\u00edgenas na Amaz\u00f4nia Legal.\u00a0 A a\u00e7\u00e3o amplia o acesso \u00e0 vacina\u00e7\u00e3o em comunidades remotas, onde as condi\u00e7\u00f5es geogr\u00e1ficas e de transporte demandam log\u00edstica a\u00e9rea para o deslocamento de equipes de sa\u00fade. Em nota, o Minist\u00e9rio da Sa\u00fade [&hellip;]\" \/>\n<meta property=\"og:url\" content=\"https:\/\/www.fatosefotosnews.com.br\/?p=157953\" \/>\n<meta property=\"og:site_name\" content=\"Fatos e Fotos News\" \/>\n<meta property=\"article:published_time\" content=\"2026-08-30T13:06:26+00:00\" \/>\n<meta property=\"og:image\" content=\"https:\/\/www.fatosefotosnews.com.br\/wp-content\/uploads\/2026\/08\/c96b457c-21d3-4999-affb-37f934dc58d0.webp\" \/>\n\t<meta property=\"og:image:width\" content=\"1170\" \/>\n\t<meta property=\"og:image:height\" content=\"700\" \/>\n\t<meta property=\"og:image:type\" content=\"image\/webp\" \/>\n<meta name=\"author\" content=\"Mirela Portugal\" \/>\n<meta name=\"twitter:card\" content=\"summary_large_image\" \/>\n<meta name=\"twitter:label1\" content=\"Escrito por\" \/>\n\t<meta name=\"twitter:data1\" content=\"Mirela Portugal\" \/>\n\t<meta name=\"twitter:label2\" content=\"Est. tempo de leitura\" \/>\n\t<meta name=\"twitter:data2\" content=\"3 minutos\" \/>\n<script type=\"application\/ld+json\" class=\"yoast-schema-graph\">{\"@context\":\"https:\\\/\\\/schema.org\",\"@graph\":[{\"@type\":\"Article\",\"@id\":\"https:\\\/\\\/www.fatosefotosnews.com.br\\\/?p=157953#article\",\"isPartOf\":{\"@id\":\"https:\\\/\\\/www.fatosefotosnews.com.br\\\/?p=157953\"},\"author\":{\"name\":\"Mirela Portugal\",\"@id\":\"https:\\\/\\\/www.fatosefotosnews.com.br\\\/#\\\/schema\\\/person\\\/17b18da658f5277ed99382206a85602f\"},\"headline\":\"Vacina\u00e7\u00e3o \u00e9 ampliada em comunidades ind\u00edgenas da Amaz\u00f4nia\",\"datePublished\":\"2026-08-30T13:06:26+00:00\",\"mainEntityOfPage\":{\"@id\":\"https:\\\/\\\/www.fatosefotosnews.com.br\\\/?p=157953\"},\"wordCount\":300,\"publisher\":{\"@id\":\"https:\\\/\\\/www.fatosefotosnews.com.br\\\/#organization\"},\"image\":{\"@id\":\"https:\\\/\\\/www.fatosefotosnews.com.br\\\/?p=157953#primaryimage\"},\"thumbnailUrl\":\"https:\\\/\\\/www.fatosefotosnews.com.br\\\/wp-content\\\/uploads\\\/2026\\\/08\\\/c96b457c-21d3-4999-affb-37f934dc58d0.webp\",\"keywords\":[\"Amaz\u00f4nia\",\"ampliada\",\"comunidades\",\"indigenas\",\"vacina\"],\"articleSection\":[\"Sa\u00fade\"],\"inLanguage\":\"pt-BR\"},{\"@type\":\"WebPage\",\"@id\":\"https:\\\/\\\/www.fatosefotosnews.com.br\\\/?p=157953\",\"url\":\"https:\\\/\\\/www.fatosefotosnews.com.br\\\/?p=157953\",\"name\":\"Vacina\u00e7\u00e3o \u00e9 ampliada em comunidades ind\u00edgenas da Amaz\u00f4nia - Fatos e Fotos News\",\"isPartOf\":{\"@id\":\"https:\\\/\\\/www.fatosefotosnews.com.br\\\/#website\"},\"primaryImageOfPage\":{\"@id\":\"https:\\\/\\\/www.fatosefotosnews.com.br\\\/?p=157953#primaryimage\"},\"image\":{\"@id\":\"https:\\\/\\\/www.fatosefotosnews.com.br\\\/?p=157953#primaryimage\"},\"thumbnailUrl\":\"https:\\\/\\\/www.fatosefotosnews.com.br\\\/wp-content\\\/uploads\\\/2026\\\/08\\\/c96b457c-21d3-4999-affb-37f934dc58d0.webp\",\"datePublished\":\"2026-08-30T13:06:26+00:00\",\"breadcrumb\":{\"@id\":\"https:\\\/\\\/www.fatosefotosnews.com.br\\\/?p=157953#breadcrumb\"},\"inLanguage\":\"pt-BR\",\"potentialAction\":[{\"@type\":\"ReadAction\",\"target\":[\"https:\\\/\\\/www.fatosefotosnews.com.br\\\/?p=157953\"]}]},{\"@type\":\"ImageObject\",\"inLanguage\":\"pt-BR\",\"@id\":\"https:\\\/\\\/www.fatosefotosnews.com.br\\\/?p=157953#primaryimage\",\"url\":\"https:\\\/\\\/www.fatosefotosnews.com.br\\\/wp-content\\\/uploads\\\/2026\\\/08\\\/c96b457c-21d3-4999-affb-37f934dc58d0.webp\",\"contentUrl\":\"https:\\\/\\\/www.fatosefotosnews.com.br\\\/wp-content\\\/uploads\\\/2026\\\/08\\\/c96b457c-21d3-4999-affb-37f934dc58d0.webp\",\"width\":1170,\"height\":700},{\"@type\":\"BreadcrumbList\",\"@id\":\"https:\\\/\\\/www.fatosefotosnews.com.br\\\/?p=157953#breadcrumb\",\"itemListElement\":[{\"@type\":\"ListItem\",\"position\":1,\"name\":\"In\u00edcio\",\"item\":\"https:\\\/\\\/www.fatosefotosnews.com.br\\\/\"},{\"@type\":\"ListItem\",\"position\":2,\"name\":\"Vacina\u00e7\u00e3o \u00e9 ampliada em comunidades ind\u00edgenas da Amaz\u00f4nia\"}]},{\"@type\":\"WebSite\",\"@id\":\"https:\\\/\\\/www.fatosefotosnews.com.br\\\/#website\",\"url\":\"https:\\\/\\\/www.fatosefotosnews.com.br\\\/\",\"name\":\"Fatos e Fotos News\",\"description\":\"Um site de noticial verdadeira e confi\u00e1veis.\",\"publisher\":{\"@id\":\"https:\\\/\\\/www.fatosefotosnews.com.br\\\/#organization\"},\"potentialAction\":[{\"@type\":\"SearchAction\",\"target\":{\"@type\":\"EntryPoint\",\"urlTemplate\":\"https:\\\/\\\/www.fatosefotosnews.com.br\\\/?s={search_term_string}\"},\"query-input\":{\"@type\":\"PropertyValueSpecification\",\"valueRequired\":true,\"valueName\":\"search_term_string\"}}],\"inLanguage\":\"pt-BR\"},{\"@type\":\"Organization\",\"@id\":\"https:\\\/\\\/www.fatosefotosnews.com.br\\\/#organization\",\"name\":\"Fatos e Fotos News\",\"url\":\"https:\\\/\\\/www.fatosefotosnews.com.br\\\/\",\"logo\":{\"@type\":\"ImageObject\",\"inLanguage\":\"pt-BR\",\"@id\":\"https:\\\/\\\/www.fatosefotosnews.com.br\\\/#\\\/schema\\\/logo\\\/image\\\/\",\"url\":\"https:\\\/\\\/www.fatosefotosnews.com.br\\\/wp-content\\\/uploads\\\/2023\\\/02\\\/Fatos-e-Fotos-news-logo.png\",\"contentUrl\":\"https:\\\/\\\/www.fatosefotosnews.com.br\\\/wp-content\\\/uploads\\\/2023\\\/02\\\/Fatos-e-Fotos-news-logo.png\",\"width\":300,\"height\":58,\"caption\":\"Fatos e Fotos News\"},\"image\":{\"@id\":\"https:\\\/\\\/www.fatosefotosnews.com.br\\\/#\\\/schema\\\/logo\\\/image\\\/\"}},{\"@type\":\"Person\",\"@id\":\"https:\\\/\\\/www.fatosefotosnews.com.br\\\/#\\\/schema\\\/person\\\/17b18da658f5277ed99382206a85602f\",\"name\":\"Mirela Portugal\",\"image\":{\"@type\":\"ImageObject\",\"inLanguage\":\"pt-BR\",\"@id\":\"https:\\\/\\\/secure.gravatar.com\\\/avatar\\\/2f92fb43fda38d1a46cf4a155e1c2951193d91d9bed3df97fce720eeb9595d08?s=96&d=mm&r=g\",\"url\":\"https:\\\/\\\/secure.gravatar.com\\\/avatar\\\/2f92fb43fda38d1a46cf4a155e1c2951193d91d9bed3df97fce720eeb9595d08?s=96&d=mm&r=g\",\"contentUrl\":\"https:\\\/\\\/secure.gravatar.com\\\/avatar\\\/2f92fb43fda38d1a46cf4a155e1c2951193d91d9bed3df97fce720eeb9595d08?s=96&d=mm&r=g\",\"caption\":\"Mirela Portugal\"},\"sameAs\":[\"http:\\\/\\\/fatosefotosnews.com.br\"],\"url\":\"https:\\\/\\\/www.fatosefotosnews.com.br\\\/?author=12\"}]}<\/script>\n<!-- \/ Yoast SEO plugin. -->","yoast_head_json":{"title":"Vacina\u00e7\u00e3o \u00e9 ampliada em comunidades ind\u00edgenas da Amaz\u00f4nia - Fatos e Fotos News","robots":{"index":"index","follow":"follow","max-snippet":"max-snippet:-1","max-image-preview":"max-image-preview:large","max-video-preview":"max-video-preview:-1"},"canonical":"https:\/\/www.fatosefotosnews.com.br\/?p=157953","og_locale":"pt_BR","og_type":"article","og_title":"Vacina\u00e7\u00e3o \u00e9 ampliada em comunidades ind\u00edgenas da Amaz\u00f4nia - Fatos e Fotos News","og_description":"Foto: Rafael Nascimento\/MS A partir deste domingo (30), uma nova fase da Opera\u00e7\u00e3o Gota vai beneficiar 20 aldeias ind\u00edgenas na Amaz\u00f4nia Legal.\u00a0 A a\u00e7\u00e3o amplia o acesso \u00e0 vacina\u00e7\u00e3o em comunidades remotas, onde as condi\u00e7\u00f5es geogr\u00e1ficas e de transporte demandam log\u00edstica a\u00e9rea para o deslocamento de equipes de sa\u00fade. Em nota, o Minist\u00e9rio da Sa\u00fade [&hellip;]","og_url":"https:\/\/www.fatosefotosnews.com.br\/?p=157953","og_site_name":"Fatos e Fotos News","article_published_time":"2026-08-30T13:06:26+00:00","og_image":[{"width":1170,"height":700,"url":"https:\/\/www.fatosefotosnews.com.br\/wp-content\/uploads\/2026\/08\/c96b457c-21d3-4999-affb-37f934dc58d0.webp","type":"image\/webp"}],"author":"Mirela Portugal","twitter_card":"summary_large_image","twitter_misc":{"Escrito por":"Mirela Portugal","Est. tempo de leitura":"3 minutos"},"schema":{"@context":"https:\/\/schema.org","@graph":[{"@type":"Article","@id":"https:\/\/www.fatosefotosnews.com.br\/?p=157953#article","isPartOf":{"@id":"https:\/\/www.fatosefotosnews.com.br\/?p=157953"},"author":{"name":"Mirela Portugal","@id":"https:\/\/www.fatosefotosnews.com.br\/#\/schema\/person\/17b18da658f5277ed99382206a85602f"},"headline":"Vacina\u00e7\u00e3o \u00e9 ampliada em comunidades ind\u00edgenas da Amaz\u00f4nia","datePublished":"2026-08-30T13:06:26+00:00","mainEntityOfPage":{"@id":"https:\/\/www.fatosefotosnews.com.br\/?p=157953"},"wordCount":300,"publisher":{"@id":"https:\/\/www.fatosefotosnews.com.br\/#organization"},"image":{"@id":"https:\/\/www.fatosefotosnews.com.br\/?p=157953#primaryimage"},"thumbnailUrl":"https:\/\/www.fatosefotosnews.com.br\/wp-content\/uploads\/2026\/08\/c96b457c-21d3-4999-affb-37f934dc58d0.webp","keywords":["Amaz\u00f4nia","ampliada","comunidades","indigenas","vacina"],"articleSection":["Sa\u00fade"],"inLanguage":"pt-BR"},{"@type":"WebPage","@id":"https:\/\/www.fatosefotosnews.com.br\/?p=157953","url":"https:\/\/www.fatosefotosnews.com.br\/?p=157953","name":"Vacina\u00e7\u00e3o \u00e9 ampliada em comunidades ind\u00edgenas da Amaz\u00f4nia - Fatos e Fotos News","isPartOf":{"@id":"https:\/\/www.fatosefotosnews.com.br\/#website"},"primaryImageOfPage":{"@id":"https:\/\/www.fatosefotosnews.com.br\/?p=157953#primaryimage"},"image":{"@id":"https:\/\/www.fatosefotosnews.com.br\/?p=157953#primaryimage"},"thumbnailUrl":"https:\/\/www.fatosefotosnews.com.br\/wp-content\/uploads\/2026\/08\/c96b457c-21d3-4999-affb-37f934dc58d0.webp","datePublished":"2026-08-30T13:06:26+00:00","breadcrumb":{"@id":"https:\/\/www.fatosefotosnews.com.br\/?p=157953#breadcrumb"},"inLanguage":"pt-BR","potentialAction":[{"@type":"ReadAction","target":["https:\/\/www.fatosefotosnews.com.br\/?p=157953"]}]},{"@type":"ImageObject","inLanguage":"pt-BR","@id":"https:\/\/www.fatosefotosnews.com.br\/?p=157953#primaryimage","url":"https:\/\/www.fatosefotosnews.com.br\/wp-content\/uploads\/2026\/08\/c96b457c-21d3-4999-affb-37f934dc58d0.webp","contentUrl":"https:\/\/www.fatosefotosnews.com.br\/wp-content\/uploads\/2026\/08\/c96b457c-21d3-4999-affb-37f934dc58d0.webp","width":1170,"height":700},{"@type":"BreadcrumbList","@id":"https:\/\/www.fatosefotosnews.com.br\/?p=157953#breadcrumb","itemListElement":[{"@type":"ListItem","position":1,"name":"In\u00edcio","item":"https:\/\/www.fatosefotosnews.com.br\/"},{"@type":"ListItem","position":2,"name":"Vacina\u00e7\u00e3o \u00e9 ampliada em comunidades ind\u00edgenas da Amaz\u00f4nia"}]},{"@type":"WebSite","@id":"https:\/\/www.fatosefotosnews.com.br\/#website","url":"https:\/\/www.fatosefotosnews.com.br\/","name":"Fatos e Fotos News","description":"Um site de noticial verdadeira e confi\u00e1veis.","publisher":{"@id":"https:\/\/www.fatosefotosnews.com.br\/#organization"},"potentialAction":[{"@type":"SearchAction","target":{"@type":"EntryPoint","urlTemplate":"https:\/\/www.fatosefotosnews.com.br\/?s={search_term_string}"},"query-input":{"@type":"PropertyValueSpecification","valueRequired":true,"valueName":"search_term_string"}}],"inLanguage":"pt-BR"},{"@type":"Organization","@id":"https:\/\/www.fatosefotosnews.com.br\/#organization","name":"Fatos e Fotos News","url":"https:\/\/www.fatosefotosnews.com.br\/","logo":{"@type":"ImageObject","inLanguage":"pt-BR","@id":"https:\/\/www.fatosefotosnews.com.br\/#\/schema\/logo\/image\/","url":"https:\/\/www.fatosefotosnews.com.br\/wp-content\/uploads\/2023\/02\/Fatos-e-Fotos-news-logo.png","contentUrl":"https:\/\/www.fatosefotosnews.com.br\/wp-content\/uploads\/2023\/02\/Fatos-e-Fotos-news-logo.png","width":300,"height":58,"caption":"Fatos e Fotos News"},"image":{"@id":"https:\/\/www.fatosefotosnews.com.br\/#\/schema\/logo\/image\/"}},{"@type":"Person","@id":"https:\/\/www.fatosefotosnews.com.br\/#\/schema\/person\/17b18da658f5277ed99382206a85602f","name":"Mirela Portugal","image":{"@type":"ImageObject","inLanguage":"pt-BR","@id":"https:\/\/secure.gravatar.com\/avatar\/2f92fb43fda38d1a46cf4a155e1c2951193d91d9bed3df97fce720eeb9595d08?s=96&d=mm&r=g","url":"https:\/\/secure.gravatar.com\/avatar\/2f92fb43fda38d1a46cf4a155e1c2951193d91d9bed3df97fce720eeb9595d08?s=96&d=mm&r=g","contentUrl":"https:\/\/secure.gravatar.com\/avatar\/2f92fb43fda38d1a46cf4a155e1c2951193d91d9bed3df97fce720eeb9595d08?s=96&d=mm&r=g","caption":"Mirela Portugal"},"sameAs":["http:\/\/fatosefotosnews.com.br"],"url":"https:\/\/www.fatosefotosnews.com.br\/?author=12"}]}},"jetpack_publicize_connections":[],"blog_post_layout_featured_media_urls":{"thumbnail":["https:\/\/www.fatosefotosnews.com.br\/wp-content\/uploads\/2026\/08\/c96b457c-21d3-4999-affb-37f934dc58d0-150x150.webp",150,150,true],"full":["https:\/\/www.fatosefotosnews.com.br\/wp-content\/uploads\/2026\/08\/c96b457c-21d3-4999-affb-37f934dc58d0.webp",1170,700,false]},"categories_names":{"24857":{"name":"Sa\u00fade","link":"https:\/\/www.fatosefotosnews.com.br\/?cat=24857"}},"tags_names":{"172":{"name":"Amaz\u00f4nia","link":"https:\/\/www.fatosefotosnews.com.br\/?tag=amazonia"},"8128":{"name":"ampliada","link":"https:\/\/www.fatosefotosnews.com.br\/?tag=ampliada"},"1144":{"name":"comunidades","link":"https:\/\/www.fatosefotosnews.com.br\/?tag=comunidades"},"949":{"name":"indigenas","link":"https:\/\/www.fatosefotosnews.com.br\/?tag=indigenas"},"472":{"name":"vacina","link":"https:\/\/www.fatosefotosnews.com.br\/?tag=vacina"}},"comments_number":"0","wpmagazine_modules_lite_featured_media_urls":{"thumbnail":["https:\/\/www.fatosefotosnews.com.br\/wp-content\/uploads\/2026\/08\/c96b457c-21d3-4999-affb-37f934dc58d0-150x150.webp",150,150,true],"cvmm-medium":["https:\/\/www.fatosefotosnews.com.br\/wp-content\/uploads\/2026\/08\/c96b457c-21d3-4999-affb-37f934dc58d0-300x300.webp",300,300,true],"cvmm-medium-plus":["https:\/\/www.fatosefotosnews.com.br\/wp-content\/uploads\/2026\/08\/c96b457c-21d3-4999-affb-37f934dc58d0-305x207.webp",305,207,true],"cvmm-portrait":["https:\/\/www.fatosefotosnews.com.br\/wp-content\/uploads\/2026\/08\/c96b457c-21d3-4999-affb-37f934dc58d0-400x600.webp",400,600,true],"cvmm-medium-square":["https:\/\/www.fatosefotosnews.com.br\/wp-content\/uploads\/2026\/08\/c96b457c-21d3-4999-affb-37f934dc58d0-600x600.webp",600,600,true],"cvmm-large":["https:\/\/www.fatosefotosnews.com.br\/wp-content\/uploads\/2026\/08\/c96b457c-21d3-4999-affb-37f934dc58d0-1024x700.webp",1024,700,true],"cvmm-small":["https:\/\/www.fatosefotosnews.com.br\/wp-content\/uploads\/2026\/08\/c96b457c-21d3-4999-affb-37f934dc58d0-130x95.webp",130,95,true],"full":["https:\/\/www.fatosefotosnews.com.br\/wp-content\/uploads\/2026\/08\/c96b457c-21d3-4999-affb-37f934dc58d0.webp",1170,700,false]},"_links":{"self":[{"href":"https:\/\/www.fatosefotosnews.com.br\/index.php?rest_route=\/wp\/v2\/posts\/157953","targetHints":{"allow":["GET"]}}],"collection":[{"href":"https:\/\/www.fatosefotosnews.com.br\/index.php?rest_route=\/wp\/v2\/posts"}],"about":[{"href":"https:\/\/www.fatosefotosnews.com.br\/index.php?rest_route=\/wp\/v2\/types\/post"}],"author":[{"embeddable":true,"href":"https:\/\/www.fatosefotosnews.com.br\/index.php?rest_route=\/wp\/v2\/users\/12"}],"replies":[{"embeddable":true,"href":"https:\/\/www.fatosefotosnews.com.br\/index.php?rest_route=%2Fwp%2Fv2%2Fcomments&post=157953"}],"version-history":[{"count":1,"href":"https:\/\/www.fatosefotosnews.com.br\/index.php?rest_route=\/wp\/v2\/posts\/157953\/revisions"}],"predecessor-version":[{"id":157955,"href":"https:\/\/www.fatosefotosnews.com.br\/index.php?rest_route=\/wp\/v2\/posts\/157953\/revisions\/157955"}],"wp:featuredmedia":[{"embeddable":true,"href":"https:\/\/www.fatosefotosnews.com.br\/index.php?rest_route=\/wp\/v2\/media\/157954"}],"wp:attachment":[{"href":"https:\/\/www.fatosefotosnews.com.br\/index.php?rest_route=%2Fwp%2Fv2%2Fmedia&parent=157953"}],"wp:term":[{"taxonomy":"category","embeddable":true,"href":"https:\/\/www.fatosefotosnews.com.br\/index.php?rest_route=%2Fwp%2Fv2%2Fcategories&post=157953"},{"taxonomy":"post_tag","embeddable":true,"href":"https:\/\/www.fatosefotosnews.com.br\/index.php?rest_route=%2Fwp%2Fv2%2Ftags&post=157953"}],"curies":[{"name":"wp","href":"https:\/\/api.w.org\/{rel}","templated":true}]}}