{"id":157969,"date":"2026-09-01T07:00:03","date_gmt":"2026-09-01T10:00:03","guid":{"rendered":"https:\/\/www.fatosefotosnews.com.br\/?p=157969"},"modified":"2026-08-31T20:30:34","modified_gmt":"2026-08-31T23:30:34","slug":"orcamento-de-2027-reserva-r-448-bilhoes-para-emendas-impositivas","status":"publish","type":"post","link":"https:\/\/www.fatosefotosnews.com.br\/?p=157969","title":{"rendered":"Or\u00e7amento de 2027 reserva R$ 44,8 bilh\u00f5es para emendas impositivas"},"content":{"rendered":"<p>Foto: Jos\u00e9 Cruz\/Ag\u00eancia Brasil<\/p>\n<div id=\"block-tts-block-tts\" class=\"block block-tts\">\n<div class=\"content\">\n<div id=\"tts-container\" class=\"container-audio rel-position\"><\/div>\n<\/div>\n<\/div>\n<div class=\"conteudo-noticia\">\n<p><strong>Enviado nesta segunda-feira (31) ao Congresso Nacional, o projeto da Lei Or\u00e7ament\u00e1ria Anual (PLOA) de 2027 reservou R$ 44,8 bilh\u00f5es para emendas parlamentares individuais e de bancada.<\/strong><img decoding=\"async\" src=\"https:\/\/agenciabrasil.ebc.com.br\/ebc.png?id=1701140&amp;o=node\" \/><img decoding=\"async\" src=\"https:\/\/agenciabrasil.ebc.com.br\/ebc.gif?id=1701140&amp;o=node\" \/><\/p>\n<p><strong>O valor representa um aumento de R$ 4 bilh\u00f5es em rela\u00e7\u00e3o aos R$ 40,8 bilh\u00f5es previstos inicialmente para as emendas no Or\u00e7amento de 2026.<\/strong>\u00a0O montante, por\u00e9m, ainda pode crescer durante a tramita\u00e7\u00e3o da proposta no Legislativo, principalmente com a inclus\u00e3o de emendas de comiss\u00e3o.<\/p>\n<p>As emendas parlamentares s\u00e3o recursos do Or\u00e7amento cuja aplica\u00e7\u00e3o pode ser indicada por deputados e senadores, geralmente para obras, investimentos e projetos nos estados e munic\u00edpios de suas bases pol\u00edticas. A libera\u00e7\u00e3o dos recursos tamb\u00e9m se tornou um dos principais instrumentos de negocia\u00e7\u00e3o entre o Executivo e o Congresso.<\/p>\n<h2>Valor pode crescer<\/h2>\n<p><strong>O PLOA apresentado pelo governo contempla apenas as emendas individuais e de bancada, com execu\u00e7\u00e3o obrigat\u00f3ria.\u00a0<\/strong>As emendas de comiss\u00e3o, que n\u00e3o s\u00e3o impositivas, n\u00e3o est\u00e3o inclu\u00eddas no valor de R$ 44,8 bilh\u00f5es reservado pelo Executivo.<\/p>\n<p>Durante a tramita\u00e7\u00e3o do Or\u00e7amento, os congressistas podem destinar recursos para as emendas de comiss\u00e3o por meio de cortes em outras despesas previstas pelo governo, como gastos de custeio e investimentos em obras p\u00fablicas.<\/p>\n<p><strong>H\u00e1, contudo, um limite de R$ 12,9 bilh\u00f5es para as emendas de comiss\u00e3o em 2027.\u00a0<\/strong>A regra foi estabelecida por uma lei complementar que formalizou um acordo entre Congresso, governo e Supremo Tribunal Federal (STF) em meio \u00e0s discuss\u00f5es sobre transpar\u00eancia e rastreabilidade das emendas.<\/p>\n<p>Nos \u00faltimos anos, o valor aprovado pelo Congresso tem superado a previs\u00e3o original do Executivo.\u00a0<strong>As emendas chegaram a R$ 53 bilh\u00f5es no Or\u00e7amento de 2025 e a R$ 61 bilh\u00f5es em 2026.<\/strong><\/p>\n<p>Na Lei Or\u00e7ament\u00e1ria Anual (LOA) de 2026, deputados e senadores cortaram recursos destinados a \u00e1reas como Previd\u00eancia, P\u00e9-de-Meia e Aux\u00edlio G\u00e1s para ampliar o espa\u00e7o das emendas. Lula vetou R$ 400 milh\u00f5es indicados pelos congressistas e remanejou outros R$ 7 bilh\u00f5es, reduzindo o montante aos atuais R$ 49,9 bilh\u00f5es.<\/p>\n<h2>Tipos de emendas<\/h2>\n<p>As emendas parlamentares s\u00e3o divididas em tr\u00eas categorias principais:<\/p>\n<ul>\n<li>Individuais: indicadas individualmente pelos 594 deputados e senadores, com execu\u00e7\u00e3o obrigat\u00f3ria pelo governo.<\/li>\n<li>De bancada: definidas conjuntamente pelos parlamentares de um mesmo estado, tamb\u00e9m com execu\u00e7\u00e3o obrigat\u00f3ria.<\/li>\n<li>De comiss\u00e3o: definidas por integrantes das comiss\u00f5es permanentes do Congresso e sem execu\u00e7\u00e3o obrigat\u00f3ria.<\/li>\n<\/ul>\n<p>A Constitui\u00e7\u00e3o determina que as emendas individuais tenham uma reserva equivalente a 2% da receita corrente l\u00edquida (RCL) do ano anterior ao envio do PLOA. Desse percentual, 1,55 ponto percentual corresponde aos deputados e 0,45 ponto percentual aos senadores.<\/p>\n<p>Para as emendas de bancada, a reserva pode chegar a 1% da RCL realizada no ano anterior. O acordo firmado entre os Poderes estabeleceu ainda que, a partir de 2026, esse valor ser\u00e1 atualizado pelas regras do arcabou\u00e7o fiscal, considerando a infla\u00e7\u00e3o e ganho real de at\u00e9 2,5%.<\/p>\n<p>As emendas de comiss\u00e3o tiveram um valor inicial de R$ 11,5 bilh\u00f5es fixado em 2025, com atualiza\u00e7\u00e3o anual pela infla\u00e7\u00e3o.<\/p>\n<h2>Impacto nas despesas<\/h2>\n<p><strong>O aumento das emendas reduz o espa\u00e7o dispon\u00edvel para despesas discricion\u00e1rias do governo,<\/strong>\u00a0que s\u00e3o os gastos sobre os quais o Executivo tem maior liberdade para decidir.<\/p>\n<p>Entre as \u00e1reas que podem disputar esse espa\u00e7o est\u00e3o bolsas do Conselho Nacional de Desenvolvimento Cient\u00edfico e Tecnol\u00f3gico (CNPq) e da Coordena\u00e7\u00e3o de Aperfei\u00e7oamento de Pessoal de N\u00edvel Superior (Capes), investimentos em infraestrutura, Programa Nacional de Acesso ao Ensino T\u00e9cnico e Emprego (Pronatec), emiss\u00e3o de passaportes, Farm\u00e1cia Popular, bolsas para atletas e a\u00e7\u00f5es de fiscaliza\u00e7\u00e3o ambiental e trabalhista.<\/p>\n<p>Nos \u00faltimos anos, o governo tamb\u00e9m passou a liberar volumes expressivos de emendas em per\u00edodos de maior press\u00e3o pol\u00edtica no Congresso.<\/p>\n<p>De janeiro a junho de 2026, o Executivo pagou R$ 32,5 bilh\u00f5es em emendas, valor 30% superior ao liberado no mesmo per\u00edodo de 2022, at\u00e9 ent\u00e3o o recorde anterior.<\/p>\n<p>O ritmo de libera\u00e7\u00e3o foi influenciado por uma decis\u00e3o in\u00e9dita do Congresso de estabelecer um calend\u00e1rio para o pagamento das emendas. A regra obrigou o governo a empenhar, ainda no primeiro semestre, 65% dos valores previstos.<\/p>\n<p>O empenho \u00e9 a etapa em que o governo reserva oficialmente o recurso para um gasto que ser\u00e1 realizado posteriormente.<\/p>\n<h2>Disputa entre Poderes<\/h2>\n<p>A defini\u00e7\u00e3o e a execu\u00e7\u00e3o das emendas tamb\u00e9m est\u00e3o no centro de uma disputa entre Congresso, governo e STF. O tema \u00e9 alvo de uma a\u00e7\u00e3o sob relatoria do ministro Fl\u00e1vio Dino, que\u00a0<a href=\"https:\/\/agenciabrasil.ebc.com.br\/justica\/noticia\/2024-12\/flavio-dino-nega-liberacao-de-emendas-parlamentares-suspensas\" target=\"_blank\" rel=\"noopener\">chegou a suspender pagamentos<\/a>\u00a0de emendas em 2024.<\/p>\n<p><strong>Na semana passada,<\/strong>\u00a0<strong>Dino\u00a0<a href=\"https:\/\/agenciabrasil.ebc.com.br\/justica\/noticia\/2026-08\/dino-anula-emendas-indicadas-por-dirigentes-partidarios-sem-mandato\" target=\"_blank\" rel=\"noopener\">determinou a nulidade de emendas<\/a>\u00a0cuja indica\u00e7\u00e3o tenha sofrido interfer\u00eancia de presidentes de partidos ou de pessoas sem mandato parlamentar.<\/strong><\/p>\n<p>A decis\u00e3o ocorreu em meio a suspeitas de que o presidente do PL, Valdemar Costa Neto, e o ex-deputado Eduardo Cunha (Republicanos) teriam atuado para direcionar pagamentos. Os dois\u00a0<a href=\"https:\/\/agenciabrasil.ebc.com.br\/justica\/noticia\/2026-07\/dino-bloqueia-r-119-milhoes-de-valdemar-por-suspeitas-em-emendas\" target=\"_blank\" rel=\"noopener\">tiveram bens bloqueados<\/a>\u00a0em julho por determina\u00e7\u00e3o do ministro em outra decis\u00e3o.<\/p>\n<p>A crise em torno do mecanismo remonta ao governo do ex-presidente Jair Bolsonaro (PL).\u00a0<strong>Em 2022, o STF considerou inconstitucionais as chamadas emendas de relator, que ficaram conhecidas como \u201cor\u00e7amento secreto\u201d por permitirem a destina\u00e7\u00e3o de recursos sem a identifica\u00e7\u00e3o p\u00fablica dos parlamentares respons\u00e1veis pelas indica\u00e7\u00f5es.<\/strong><\/p>\n<h2>Emendas Pix<\/h2>\n<p>Ap\u00f3s o fim das emendas de relator, ganharam espa\u00e7o as chamadas \u201cemendas Pix\u201d, que fazem parte das emendas individuais.<\/p>\n<p>O modelo foi mantido, mas passou a estar submetido a exig\u00eancias de transpar\u00eancia e rastreabilidade definidas pelo STF. Tamb\u00e9m permanece o car\u00e1ter impositivo, ou seja, o governo tem obriga\u00e7\u00e3o de executar os recursos dentro das regras estabelecidas.<\/p>\n<p>As indica\u00e7\u00f5es precisam identificar previamente a finalidade dos recursos, com prioridade para obras inacabadas, al\u00e9m de prever presta\u00e7\u00e3o de contas ao Tribunal de Contas da Uni\u00e3o (TCU).<\/p>\n<p><strong>Com a proposta de R$ 44,8 bilh\u00f5es apresentada pelo Executivo, o debate sobre o tamanho das emendas volta agora ao Congresso.\u00a0<\/strong>O valor final do Or\u00e7amento de 2027 depender\u00e1 da negocia\u00e7\u00e3o entre deputados, senadores e governo durante a an\u00e1lise e vota\u00e7\u00e3o do projeto.<\/p>\n<\/div>\n","protected":false},"excerpt":{"rendered":"<p>Foto: Jos\u00e9 Cruz\/Ag\u00eancia Brasil Enviado nesta segunda-feira (31) ao Congresso Nacional, o projeto da Lei Or\u00e7ament\u00e1ria Anual (PLOA) de 2027 reservou R$ 44,8 bilh\u00f5es para emendas parlamentares individuais e de bancada. O valor representa um aumento de R$ 4 bilh\u00f5es em rela\u00e7\u00e3o aos R$ 40,8 bilh\u00f5es previstos inicialmente para as emendas no Or\u00e7amento de 2026.\u00a0O [&hellip;]<\/p>\n","protected":false},"author":12,"featured_media":157963,"comment_status":"closed","ping_status":"open","sticky":false,"template":"","format":"standard","meta":{"_acf_changed":false,"_angie_page":false,"_monsterinsights_skip_tracking":false,"_themeisle_gutenberg_block_has_review":false,"page_builder":"","footnotes":"","jetpack_publicize_message":"","jetpack_publicize_feature_enabled":true,"jetpack_social_post_already_shared":true,"jetpack_social_options":{"image_generator_settings":{"template":"highway","default_image_id":0,"font":"","enabled":false},"version":2}},"categories":[24958,167],"tags":[3128,4518,17119,4328],"class_list":["post-157969","post","type-post","status-publish","format-standard","has-post-thumbnail","hentry","category-economia","category-geral","tag-amento","tag-emendas","tag-impositivas","tag-reserva"],"acf":[],"nelio_content":{"autoShareEndMode":"never","automationSources":{"useCustomSentences":false,"customSentences":[]},"efiAlt":"","efiUrl":"","followers":[12],"highlights":[],"isAutoShareEnabled":true,"networkImageIds":[],"permalinkQueryArgs":[],"series":[],"suggestedReferences":[]},"yoast_head":"<!-- This site is optimized with the Yoast SEO plugin v28.3 - https:\/\/yoast.com\/product\/yoast-seo-wordpress\/ -->\n<title>Or\u00e7amento de 2027 reserva R$ 44,8 bilh\u00f5es para emendas impositivas - Fatos e Fotos News<\/title>\n<meta name=\"robots\" content=\"index, follow, max-snippet:-1, max-image-preview:large, max-video-preview:-1\" \/>\n<link rel=\"canonical\" href=\"https:\/\/www.fatosefotosnews.com.br\/?p=157969\" \/>\n<meta property=\"og:locale\" content=\"pt_BR\" \/>\n<meta property=\"og:type\" content=\"article\" \/>\n<meta property=\"og:title\" content=\"Or\u00e7amento de 2027 reserva R$ 44,8 bilh\u00f5es para emendas impositivas - Fatos e Fotos News\" \/>\n<meta property=\"og:description\" content=\"Foto: Jos\u00e9 Cruz\/Ag\u00eancia Brasil Enviado nesta segunda-feira (31) ao Congresso Nacional, o projeto da Lei Or\u00e7ament\u00e1ria Anual (PLOA) de 2027 reservou R$ 44,8 bilh\u00f5es para emendas parlamentares individuais e de bancada. O valor representa um aumento de R$ 4 bilh\u00f5es em rela\u00e7\u00e3o aos R$ 40,8 bilh\u00f5es previstos inicialmente para as emendas no Or\u00e7amento de 2026.\u00a0O [&hellip;]\" \/>\n<meta property=\"og:url\" content=\"https:\/\/www.fatosefotosnews.com.br\/?p=157969\" \/>\n<meta property=\"og:site_name\" content=\"Fatos e Fotos News\" \/>\n<meta property=\"article:published_time\" content=\"2026-09-01T10:00:03+00:00\" \/>\n<meta property=\"og:image\" content=\"https:\/\/www.fatosefotosnews.com.br\/wp-content\/uploads\/2026\/08\/real_moedadinheiro_jfcrz_abr_1701220045_1.webp\" \/>\n\t<meta property=\"og:image:width\" content=\"1170\" \/>\n\t<meta property=\"og:image:height\" content=\"700\" \/>\n\t<meta property=\"og:image:type\" content=\"image\/webp\" \/>\n<meta name=\"author\" content=\"Mirela Portugal\" \/>\n<meta name=\"twitter:card\" content=\"summary_large_image\" \/>\n<meta name=\"twitter:label1\" content=\"Escrito por\" \/>\n\t<meta name=\"twitter:data1\" content=\"Mirela Portugal\" \/>\n\t<meta name=\"twitter:label2\" content=\"Est. tempo de leitura\" \/>\n\t<meta name=\"twitter:data2\" content=\"6 minutos\" \/>\n<script type=\"application\/ld+json\" class=\"yoast-schema-graph\">{\"@context\":\"https:\\\/\\\/schema.org\",\"@graph\":[{\"@type\":\"Article\",\"@id\":\"https:\\\/\\\/www.fatosefotosnews.com.br\\\/?p=157969#article\",\"isPartOf\":{\"@id\":\"https:\\\/\\\/www.fatosefotosnews.com.br\\\/?p=157969\"},\"author\":{\"name\":\"Mirela Portugal\",\"@id\":\"https:\\\/\\\/www.fatosefotosnews.com.br\\\/#\\\/schema\\\/person\\\/17b18da658f5277ed99382206a85602f\"},\"headline\":\"Or\u00e7amento de 2027 reserva R$ 44,8 bilh\u00f5es para emendas impositivas\",\"datePublished\":\"2026-09-01T10:00:03+00:00\",\"mainEntityOfPage\":{\"@id\":\"https:\\\/\\\/www.fatosefotosnews.com.br\\\/?p=157969\"},\"wordCount\":1066,\"publisher\":{\"@id\":\"https:\\\/\\\/www.fatosefotosnews.com.br\\\/#organization\"},\"image\":{\"@id\":\"https:\\\/\\\/www.fatosefotosnews.com.br\\\/?p=157969#primaryimage\"},\"thumbnailUrl\":\"https:\\\/\\\/www.fatosefotosnews.com.br\\\/wp-content\\\/uploads\\\/2026\\\/08\\\/real_moedadinheiro_jfcrz_abr_1701220045_1.webp\",\"keywords\":[\"amento\",\"emendas\",\"impositivas\",\"reserva\"],\"articleSection\":[\"Economia\",\"Geral\"],\"inLanguage\":\"pt-BR\"},{\"@type\":\"WebPage\",\"@id\":\"https:\\\/\\\/www.fatosefotosnews.com.br\\\/?p=157969\",\"url\":\"https:\\\/\\\/www.fatosefotosnews.com.br\\\/?p=157969\",\"name\":\"Or\u00e7amento de 2027 reserva R$ 44,8 bilh\u00f5es para emendas impositivas - Fatos e Fotos News\",\"isPartOf\":{\"@id\":\"https:\\\/\\\/www.fatosefotosnews.com.br\\\/#website\"},\"primaryImageOfPage\":{\"@id\":\"https:\\\/\\\/www.fatosefotosnews.com.br\\\/?p=157969#primaryimage\"},\"image\":{\"@id\":\"https:\\\/\\\/www.fatosefotosnews.com.br\\\/?p=157969#primaryimage\"},\"thumbnailUrl\":\"https:\\\/\\\/www.fatosefotosnews.com.br\\\/wp-content\\\/uploads\\\/2026\\\/08\\\/real_moedadinheiro_jfcrz_abr_1701220045_1.webp\",\"datePublished\":\"2026-09-01T10:00:03+00:00\",\"breadcrumb\":{\"@id\":\"https:\\\/\\\/www.fatosefotosnews.com.br\\\/?p=157969#breadcrumb\"},\"inLanguage\":\"pt-BR\",\"potentialAction\":[{\"@type\":\"ReadAction\",\"target\":[\"https:\\\/\\\/www.fatosefotosnews.com.br\\\/?p=157969\"]}]},{\"@type\":\"ImageObject\",\"inLanguage\":\"pt-BR\",\"@id\":\"https:\\\/\\\/www.fatosefotosnews.com.br\\\/?p=157969#primaryimage\",\"url\":\"https:\\\/\\\/www.fatosefotosnews.com.br\\\/wp-content\\\/uploads\\\/2026\\\/08\\\/real_moedadinheiro_jfcrz_abr_1701220045_1.webp\",\"contentUrl\":\"https:\\\/\\\/www.fatosefotosnews.com.br\\\/wp-content\\\/uploads\\\/2026\\\/08\\\/real_moedadinheiro_jfcrz_abr_1701220045_1.webp\",\"width\":1170,\"height\":700},{\"@type\":\"BreadcrumbList\",\"@id\":\"https:\\\/\\\/www.fatosefotosnews.com.br\\\/?p=157969#breadcrumb\",\"itemListElement\":[{\"@type\":\"ListItem\",\"position\":1,\"name\":\"In\u00edcio\",\"item\":\"https:\\\/\\\/www.fatosefotosnews.com.br\\\/\"},{\"@type\":\"ListItem\",\"position\":2,\"name\":\"Or\u00e7amento de 2027 reserva R$ 44,8 bilh\u00f5es para emendas impositivas\"}]},{\"@type\":\"WebSite\",\"@id\":\"https:\\\/\\\/www.fatosefotosnews.com.br\\\/#website\",\"url\":\"https:\\\/\\\/www.fatosefotosnews.com.br\\\/\",\"name\":\"Fatos e Fotos News\",\"description\":\"Um site de noticial verdadeira e confi\u00e1veis.\",\"publisher\":{\"@id\":\"https:\\\/\\\/www.fatosefotosnews.com.br\\\/#organization\"},\"potentialAction\":[{\"@type\":\"SearchAction\",\"target\":{\"@type\":\"EntryPoint\",\"urlTemplate\":\"https:\\\/\\\/www.fatosefotosnews.com.br\\\/?s={search_term_string}\"},\"query-input\":{\"@type\":\"PropertyValueSpecification\",\"valueRequired\":true,\"valueName\":\"search_term_string\"}}],\"inLanguage\":\"pt-BR\"},{\"@type\":\"Organization\",\"@id\":\"https:\\\/\\\/www.fatosefotosnews.com.br\\\/#organization\",\"name\":\"Fatos e Fotos News\",\"url\":\"https:\\\/\\\/www.fatosefotosnews.com.br\\\/\",\"logo\":{\"@type\":\"ImageObject\",\"inLanguage\":\"pt-BR\",\"@id\":\"https:\\\/\\\/www.fatosefotosnews.com.br\\\/#\\\/schema\\\/logo\\\/image\\\/\",\"url\":\"https:\\\/\\\/www.fatosefotosnews.com.br\\\/wp-content\\\/uploads\\\/2023\\\/02\\\/Fatos-e-Fotos-news-logo.png\",\"contentUrl\":\"https:\\\/\\\/www.fatosefotosnews.com.br\\\/wp-content\\\/uploads\\\/2023\\\/02\\\/Fatos-e-Fotos-news-logo.png\",\"width\":300,\"height\":58,\"caption\":\"Fatos e Fotos News\"},\"image\":{\"@id\":\"https:\\\/\\\/www.fatosefotosnews.com.br\\\/#\\\/schema\\\/logo\\\/image\\\/\"}},{\"@type\":\"Person\",\"@id\":\"https:\\\/\\\/www.fatosefotosnews.com.br\\\/#\\\/schema\\\/person\\\/17b18da658f5277ed99382206a85602f\",\"name\":\"Mirela Portugal\",\"image\":{\"@type\":\"ImageObject\",\"inLanguage\":\"pt-BR\",\"@id\":\"https:\\\/\\\/secure.gravatar.com\\\/avatar\\\/2f92fb43fda38d1a46cf4a155e1c2951193d91d9bed3df97fce720eeb9595d08?s=96&d=mm&r=g\",\"url\":\"https:\\\/\\\/secure.gravatar.com\\\/avatar\\\/2f92fb43fda38d1a46cf4a155e1c2951193d91d9bed3df97fce720eeb9595d08?s=96&d=mm&r=g\",\"contentUrl\":\"https:\\\/\\\/secure.gravatar.com\\\/avatar\\\/2f92fb43fda38d1a46cf4a155e1c2951193d91d9bed3df97fce720eeb9595d08?s=96&d=mm&r=g\",\"caption\":\"Mirela Portugal\"},\"sameAs\":[\"http:\\\/\\\/fatosefotosnews.com.br\"],\"url\":\"https:\\\/\\\/www.fatosefotosnews.com.br\\\/?author=12\"}]}<\/script>\n<!-- \/ Yoast SEO plugin. -->","yoast_head_json":{"title":"Or\u00e7amento de 2027 reserva R$ 44,8 bilh\u00f5es para emendas impositivas - Fatos e Fotos News","robots":{"index":"index","follow":"follow","max-snippet":"max-snippet:-1","max-image-preview":"max-image-preview:large","max-video-preview":"max-video-preview:-1"},"canonical":"https:\/\/www.fatosefotosnews.com.br\/?p=157969","og_locale":"pt_BR","og_type":"article","og_title":"Or\u00e7amento de 2027 reserva R$ 44,8 bilh\u00f5es para emendas impositivas - Fatos e Fotos News","og_description":"Foto: Jos\u00e9 Cruz\/Ag\u00eancia Brasil Enviado nesta segunda-feira (31) ao Congresso Nacional, o projeto da Lei Or\u00e7ament\u00e1ria Anual (PLOA) de 2027 reservou R$ 44,8 bilh\u00f5es para emendas parlamentares individuais e de bancada. O valor representa um aumento de R$ 4 bilh\u00f5es em rela\u00e7\u00e3o aos R$ 40,8 bilh\u00f5es previstos inicialmente para as emendas no Or\u00e7amento de 2026.\u00a0O [&hellip;]","og_url":"https:\/\/www.fatosefotosnews.com.br\/?p=157969","og_site_name":"Fatos e Fotos News","article_published_time":"2026-09-01T10:00:03+00:00","og_image":[{"width":1170,"height":700,"url":"https:\/\/www.fatosefotosnews.com.br\/wp-content\/uploads\/2026\/08\/real_moedadinheiro_jfcrz_abr_1701220045_1.webp","type":"image\/webp"}],"author":"Mirela Portugal","twitter_card":"summary_large_image","twitter_misc":{"Escrito por":"Mirela Portugal","Est. tempo de leitura":"6 minutos"},"schema":{"@context":"https:\/\/schema.org","@graph":[{"@type":"Article","@id":"https:\/\/www.fatosefotosnews.com.br\/?p=157969#article","isPartOf":{"@id":"https:\/\/www.fatosefotosnews.com.br\/?p=157969"},"author":{"name":"Mirela Portugal","@id":"https:\/\/www.fatosefotosnews.com.br\/#\/schema\/person\/17b18da658f5277ed99382206a85602f"},"headline":"Or\u00e7amento de 2027 reserva R$ 44,8 bilh\u00f5es para emendas impositivas","datePublished":"2026-09-01T10:00:03+00:00","mainEntityOfPage":{"@id":"https:\/\/www.fatosefotosnews.com.br\/?p=157969"},"wordCount":1066,"publisher":{"@id":"https:\/\/www.fatosefotosnews.com.br\/#organization"},"image":{"@id":"https:\/\/www.fatosefotosnews.com.br\/?p=157969#primaryimage"},"thumbnailUrl":"https:\/\/www.fatosefotosnews.com.br\/wp-content\/uploads\/2026\/08\/real_moedadinheiro_jfcrz_abr_1701220045_1.webp","keywords":["amento","emendas","impositivas","reserva"],"articleSection":["Economia","Geral"],"inLanguage":"pt-BR"},{"@type":"WebPage","@id":"https:\/\/www.fatosefotosnews.com.br\/?p=157969","url":"https:\/\/www.fatosefotosnews.com.br\/?p=157969","name":"Or\u00e7amento de 2027 reserva R$ 44,8 bilh\u00f5es para emendas impositivas - Fatos e Fotos News","isPartOf":{"@id":"https:\/\/www.fatosefotosnews.com.br\/#website"},"primaryImageOfPage":{"@id":"https:\/\/www.fatosefotosnews.com.br\/?p=157969#primaryimage"},"image":{"@id":"https:\/\/www.fatosefotosnews.com.br\/?p=157969#primaryimage"},"thumbnailUrl":"https:\/\/www.fatosefotosnews.com.br\/wp-content\/uploads\/2026\/08\/real_moedadinheiro_jfcrz_abr_1701220045_1.webp","datePublished":"2026-09-01T10:00:03+00:00","breadcrumb":{"@id":"https:\/\/www.fatosefotosnews.com.br\/?p=157969#breadcrumb"},"inLanguage":"pt-BR","potentialAction":[{"@type":"ReadAction","target":["https:\/\/www.fatosefotosnews.com.br\/?p=157969"]}]},{"@type":"ImageObject","inLanguage":"pt-BR","@id":"https:\/\/www.fatosefotosnews.com.br\/?p=157969#primaryimage","url":"https:\/\/www.fatosefotosnews.com.br\/wp-content\/uploads\/2026\/08\/real_moedadinheiro_jfcrz_abr_1701220045_1.webp","contentUrl":"https:\/\/www.fatosefotosnews.com.br\/wp-content\/uploads\/2026\/08\/real_moedadinheiro_jfcrz_abr_1701220045_1.webp","width":1170,"height":700},{"@type":"BreadcrumbList","@id":"https:\/\/www.fatosefotosnews.com.br\/?p=157969#breadcrumb","itemListElement":[{"@type":"ListItem","position":1,"name":"In\u00edcio","item":"https:\/\/www.fatosefotosnews.com.br\/"},{"@type":"ListItem","position":2,"name":"Or\u00e7amento de 2027 reserva R$ 44,8 bilh\u00f5es para emendas impositivas"}]},{"@type":"WebSite","@id":"https:\/\/www.fatosefotosnews.com.br\/#website","url":"https:\/\/www.fatosefotosnews.com.br\/","name":"Fatos e Fotos News","description":"Um site de noticial verdadeira e confi\u00e1veis.","publisher":{"@id":"https:\/\/www.fatosefotosnews.com.br\/#organization"},"potentialAction":[{"@type":"SearchAction","target":{"@type":"EntryPoint","urlTemplate":"https:\/\/www.fatosefotosnews.com.br\/?s={search_term_string}"},"query-input":{"@type":"PropertyValueSpecification","valueRequired":true,"valueName":"search_term_string"}}],"inLanguage":"pt-BR"},{"@type":"Organization","@id":"https:\/\/www.fatosefotosnews.com.br\/#organization","name":"Fatos e Fotos News","url":"https:\/\/www.fatosefotosnews.com.br\/","logo":{"@type":"ImageObject","inLanguage":"pt-BR","@id":"https:\/\/www.fatosefotosnews.com.br\/#\/schema\/logo\/image\/","url":"https:\/\/www.fatosefotosnews.com.br\/wp-content\/uploads\/2023\/02\/Fatos-e-Fotos-news-logo.png","contentUrl":"https:\/\/www.fatosefotosnews.com.br\/wp-content\/uploads\/2023\/02\/Fatos-e-Fotos-news-logo.png","width":300,"height":58,"caption":"Fatos e Fotos News"},"image":{"@id":"https:\/\/www.fatosefotosnews.com.br\/#\/schema\/logo\/image\/"}},{"@type":"Person","@id":"https:\/\/www.fatosefotosnews.com.br\/#\/schema\/person\/17b18da658f5277ed99382206a85602f","name":"Mirela Portugal","image":{"@type":"ImageObject","inLanguage":"pt-BR","@id":"https:\/\/secure.gravatar.com\/avatar\/2f92fb43fda38d1a46cf4a155e1c2951193d91d9bed3df97fce720eeb9595d08?s=96&d=mm&r=g","url":"https:\/\/secure.gravatar.com\/avatar\/2f92fb43fda38d1a46cf4a155e1c2951193d91d9bed3df97fce720eeb9595d08?s=96&d=mm&r=g","contentUrl":"https:\/\/secure.gravatar.com\/avatar\/2f92fb43fda38d1a46cf4a155e1c2951193d91d9bed3df97fce720eeb9595d08?s=96&d=mm&r=g","caption":"Mirela Portugal"},"sameAs":["http:\/\/fatosefotosnews.com.br"],"url":"https:\/\/www.fatosefotosnews.com.br\/?author=12"}]}},"jetpack_publicize_connections":[],"blog_post_layout_featured_media_urls":{"thumbnail":["https:\/\/www.fatosefotosnews.com.br\/wp-content\/uploads\/2026\/08\/real_moedadinheiro_jfcrz_abr_1701220045_1-150x150.webp",150,150,true],"full":["https:\/\/www.fatosefotosnews.com.br\/wp-content\/uploads\/2026\/08\/real_moedadinheiro_jfcrz_abr_1701220045_1.webp",1170,700,false]},"categories_names":{"24958":{"name":"Economia","link":"https:\/\/www.fatosefotosnews.com.br\/?cat=24958"},"167":{"name":"Geral","link":"https:\/\/www.fatosefotosnews.com.br\/?cat=167"}},"tags_names":{"3128":{"name":"amento","link":"https:\/\/www.fatosefotosnews.com.br\/?tag=amento"},"4518":{"name":"emendas","link":"https:\/\/www.fatosefotosnews.com.br\/?tag=emendas"},"17119":{"name":"impositivas","link":"https:\/\/www.fatosefotosnews.com.br\/?tag=impositivas"},"4328":{"name":"reserva","link":"https:\/\/www.fatosefotosnews.com.br\/?tag=reserva"}},"comments_number":"0","wpmagazine_modules_lite_featured_media_urls":{"thumbnail":["https:\/\/www.fatosefotosnews.com.br\/wp-content\/uploads\/2026\/08\/real_moedadinheiro_jfcrz_abr_1701220045_1-150x150.webp",150,150,true],"cvmm-medium":["https:\/\/www.fatosefotosnews.com.br\/wp-content\/uploads\/2026\/08\/real_moedadinheiro_jfcrz_abr_1701220045_1-300x300.webp",300,300,true],"cvmm-medium-plus":["https:\/\/www.fatosefotosnews.com.br\/wp-content\/uploads\/2026\/08\/real_moedadinheiro_jfcrz_abr_1701220045_1-305x207.webp",305,207,true],"cvmm-portrait":["https:\/\/www.fatosefotosnews.com.br\/wp-content\/uploads\/2026\/08\/real_moedadinheiro_jfcrz_abr_1701220045_1-400x600.webp",400,600,true],"cvmm-medium-square":["https:\/\/www.fatosefotosnews.com.br\/wp-content\/uploads\/2026\/08\/real_moedadinheiro_jfcrz_abr_1701220045_1-600x600.webp",600,600,true],"cvmm-large":["https:\/\/www.fatosefotosnews.com.br\/wp-content\/uploads\/2026\/08\/real_moedadinheiro_jfcrz_abr_1701220045_1-1024x700.webp",1024,700,true],"cvmm-small":["https:\/\/www.fatosefotosnews.com.br\/wp-content\/uploads\/2026\/08\/real_moedadinheiro_jfcrz_abr_1701220045_1-130x95.webp",130,95,true],"full":["https:\/\/www.fatosefotosnews.com.br\/wp-content\/uploads\/2026\/08\/real_moedadinheiro_jfcrz_abr_1701220045_1.webp",1170,700,false]},"_links":{"self":[{"href":"https:\/\/www.fatosefotosnews.com.br\/index.php?rest_route=\/wp\/v2\/posts\/157969","targetHints":{"allow":["GET"]}}],"collection":[{"href":"https:\/\/www.fatosefotosnews.com.br\/index.php?rest_route=\/wp\/v2\/posts"}],"about":[{"href":"https:\/\/www.fatosefotosnews.com.br\/index.php?rest_route=\/wp\/v2\/types\/post"}],"author":[{"embeddable":true,"href":"https:\/\/www.fatosefotosnews.com.br\/index.php?rest_route=\/wp\/v2\/users\/12"}],"replies":[{"embeddable":true,"href":"https:\/\/www.fatosefotosnews.com.br\/index.php?rest_route=%2Fwp%2Fv2%2Fcomments&post=157969"}],"version-history":[{"count":1,"href":"https:\/\/www.fatosefotosnews.com.br\/index.php?rest_route=\/wp\/v2\/posts\/157969\/revisions"}],"predecessor-version":[{"id":157970,"href":"https:\/\/www.fatosefotosnews.com.br\/index.php?rest_route=\/wp\/v2\/posts\/157969\/revisions\/157970"}],"wp:featuredmedia":[{"embeddable":true,"href":"https:\/\/www.fatosefotosnews.com.br\/index.php?rest_route=\/wp\/v2\/media\/157963"}],"wp:attachment":[{"href":"https:\/\/www.fatosefotosnews.com.br\/index.php?rest_route=%2Fwp%2Fv2%2Fmedia&parent=157969"}],"wp:term":[{"taxonomy":"category","embeddable":true,"href":"https:\/\/www.fatosefotosnews.com.br\/index.php?rest_route=%2Fwp%2Fv2%2Fcategories&post=157969"},{"taxonomy":"post_tag","embeddable":true,"href":"https:\/\/www.fatosefotosnews.com.br\/index.php?rest_route=%2Fwp%2Fv2%2Ftags&post=157969"}],"curies":[{"name":"wp","href":"https:\/\/api.w.org\/{rel}","templated":true}]}}