{"id":157971,"date":"2026-09-01T07:30:53","date_gmt":"2026-09-01T10:30:53","guid":{"rendered":"https:\/\/www.fatosefotosnews.com.br\/?p=157971"},"modified":"2026-08-31T20:32:52","modified_gmt":"2026-08-31T23:32:52","slug":"aos-19-anos-jose-antonio-santos-e-campeao-mundial-de-bocha-em-seul","status":"publish","type":"post","link":"https:\/\/www.fatosefotosnews.com.br\/?p=157971","title":{"rendered":"Aos 19 anos, Jos\u00e9 Ant\u00f4nio Santos \u00e9 campe\u00e3o mundial de bocha em Seul"},"content":{"rendered":"<p>Foto: Wander Roberto<\/p>\n<p>O Brasil subiu ao p\u00f3dio tr\u00eas vezes no Mundial de Bocha em Seul (Coreia do Sul) nesta segunda-feira (31), om medalhas de ouro, prata e bronze nas disputas individuais. Aos 19 anos, o potiguar Jos\u00e9 Ant\u00f4nio Santos foi campe\u00e3o na classe BC4 (defici\u00eancias severas sem op\u00e7\u00e3o de aux\u00edlio).<img decoding=\"async\" src=\"https:\/\/agenciabrasil.ebc.com.br\/ebc.png?id=1701138&amp;o=node\" \/><img decoding=\"async\" src=\"https:\/\/agenciabrasil.ebc.com.br\/ebc.gif?id=1701138&amp;o=node\" \/><\/p>\n<p>O dia tamb\u00e9m foi bom para o mineiro Mateus Carvalho, que faturou prata na classe BC3 (atletas que t\u00eam aux\u00edlio de um calheiro) e para o medalhista paral\u00edmpico Maciel Santos, bronze na classe BC2 (atletas sem op\u00e7\u00e3o de aux\u00edlio).<\/p>\n<p>Jos\u00e9 Ant\u00f4nio garantiu o topo do p\u00f3dio ao vencer por 6 a 1 a final contra Yuk Wing Leung, atleta de Hong Kong. O jovem potiguar j\u00e1 brilhara no ano passado com o t\u00edtulo in\u00e9dito para o pa\u00eds no Mundial de Jovens, em Curitiba. Ele tem distrofia muscular de Duchenne, doen\u00e7a gen\u00e9tica que causa degenera\u00e7\u00e3o progressiva dos m\u00fasculos. Entre adultos, e Jos\u00e9 Ant\u00f4nio\u00a0tamb\u00e9m foi campe\u00e3o da Copa Am\u00e9rica, na Col\u00f4mbia, em outubro.<\/p>\n<p>O segundo p\u00f3dio do dia foi assegurado por Mateus Carvalho, que chegou \u00e0 final da classe BC3, ao derrotar na semi o franc\u00eas Jules Menard por 5 a 0. Na decis\u00e3o valendo o ouro, o mineiro foi superado pelo australiano Daniel Michel por 3 a 2 e ficou com a prata.<\/p>\n<p>J\u00e1 o cearense Maciel Santos faturou o bronze ap\u00f3s cravar 10 a 0 contra o chin\u00eas Zhiqiang Yan na disputa pelo terceiro lugar na classe BC2. Maciel foi campe\u00e3o paral\u00edmpico individual nos Jogos de Londres 2012 e T\u00f3quio 2020, e tamb\u00e9m faturou prata na disputa de pares da Rio 2016.<\/p>\n<p>O desempenho brasileiro nos embates individuais de Seul superou o registrado h\u00e1 quatro anos na edi\u00e7\u00e3o do Rio de Janeiro (um ouro). A competi\u00e7\u00e3o prossegue at\u00e9 a pr\u00f3xima quinta (3), com as disputas de pares e equipes.<\/p>\n","protected":false},"excerpt":{"rendered":"<p>Foto: Wander Roberto O Brasil subiu ao p\u00f3dio tr\u00eas vezes no Mundial de Bocha em Seul (Coreia do Sul) nesta segunda-feira (31), om medalhas de ouro, prata e bronze nas disputas individuais. Aos 19 anos, o potiguar Jos\u00e9 Ant\u00f4nio Santos foi campe\u00e3o na classe BC4 (defici\u00eancias severas sem op\u00e7\u00e3o de aux\u00edlio). O dia tamb\u00e9m foi [&hellip;]<\/p>\n","protected":false},"author":12,"featured_media":157972,"comment_status":"closed","ping_status":"open","sticky":false,"template":"","format":"standard","meta":{"_acf_changed":false,"_angie_page":false,"_monsterinsights_skip_tracking":false,"_themeisle_gutenberg_block_has_review":false,"page_builder":"","footnotes":"","jetpack_publicize_message":"","jetpack_publicize_feature_enabled":true,"jetpack_social_post_already_shared":true,"jetpack_social_options":{"image_generator_settings":{"template":"highway","default_image_id":0,"font":"","enabled":false},"version":2}},"categories":[5],"tags":[4406,29267,1581,424,1020],"class_list":["post-157971","post","type-post","status-publish","format-standard","has-post-thumbnail","hentry","category-esporte","tag-antonio","tag-bocha","tag-campe","tag-mundial","tag-santos"],"acf":[],"nelio_content":{"autoShareEndMode":"never","automationSources":{"useCustomSentences":false,"customSentences":[]},"efiAlt":"","efiUrl":"","followers":[12],"highlights":[],"isAutoShareEnabled":true,"networkImageIds":[],"permalinkQueryArgs":[],"series":[],"suggestedReferences":[]},"yoast_head":"<!-- This site is optimized with the Yoast SEO plugin v28.3 - https:\/\/yoast.com\/product\/yoast-seo-wordpress\/ -->\n<title>Aos 19 anos, Jos\u00e9 Ant\u00f4nio Santos \u00e9 campe\u00e3o mundial de bocha em Seul - Fatos e Fotos News<\/title>\n<meta name=\"robots\" content=\"index, follow, max-snippet:-1, max-image-preview:large, max-video-preview:-1\" \/>\n<link rel=\"canonical\" href=\"https:\/\/www.fatosefotosnews.com.br\/?p=157971\" \/>\n<meta property=\"og:locale\" content=\"pt_BR\" \/>\n<meta property=\"og:type\" content=\"article\" \/>\n<meta property=\"og:title\" content=\"Aos 19 anos, Jos\u00e9 Ant\u00f4nio Santos \u00e9 campe\u00e3o mundial de bocha em Seul - Fatos e Fotos News\" \/>\n<meta property=\"og:description\" content=\"Foto: Wander Roberto O Brasil subiu ao p\u00f3dio tr\u00eas vezes no Mundial de Bocha em Seul (Coreia do Sul) nesta segunda-feira (31), om medalhas de ouro, prata e bronze nas disputas individuais. Aos 19 anos, o potiguar Jos\u00e9 Ant\u00f4nio Santos foi campe\u00e3o na classe BC4 (defici\u00eancias severas sem op\u00e7\u00e3o de aux\u00edlio). O dia tamb\u00e9m foi [&hellip;]\" \/>\n<meta property=\"og:url\" content=\"https:\/\/www.fatosefotosnews.com.br\/?p=157971\" \/>\n<meta property=\"og:site_name\" content=\"Fatos e Fotos News\" \/>\n<meta property=\"article:published_time\" content=\"2026-09-01T10:30:53+00:00\" \/>\n<meta property=\"og:image\" content=\"https:\/\/www.fatosefotosnews.com.br\/wp-content\/uploads\/2026\/08\/jose_antonio_santos_bocha_2025.webp\" \/>\n\t<meta property=\"og:image:width\" content=\"1170\" \/>\n\t<meta property=\"og:image:height\" content=\"700\" \/>\n\t<meta property=\"og:image:type\" content=\"image\/webp\" \/>\n<meta name=\"author\" content=\"Mirela Portugal\" \/>\n<meta name=\"twitter:card\" content=\"summary_large_image\" \/>\n<meta name=\"twitter:label1\" content=\"Escrito por\" \/>\n\t<meta name=\"twitter:data1\" content=\"Mirela Portugal\" \/>\n\t<meta name=\"twitter:label2\" content=\"Est. tempo de leitura\" \/>\n\t<meta name=\"twitter:data2\" content=\"3 minutos\" \/>\n<script type=\"application\/ld+json\" class=\"yoast-schema-graph\">{\"@context\":\"https:\\\/\\\/schema.org\",\"@graph\":[{\"@type\":\"Article\",\"@id\":\"https:\\\/\\\/www.fatosefotosnews.com.br\\\/?p=157971#article\",\"isPartOf\":{\"@id\":\"https:\\\/\\\/www.fatosefotosnews.com.br\\\/?p=157971\"},\"author\":{\"name\":\"Mirela Portugal\",\"@id\":\"https:\\\/\\\/www.fatosefotosnews.com.br\\\/#\\\/schema\\\/person\\\/17b18da658f5277ed99382206a85602f\"},\"headline\":\"Aos 19 anos, Jos\u00e9 Ant\u00f4nio Santos \u00e9 campe\u00e3o mundial de bocha em Seul\",\"datePublished\":\"2026-09-01T10:30:53+00:00\",\"mainEntityOfPage\":{\"@id\":\"https:\\\/\\\/www.fatosefotosnews.com.br\\\/?p=157971\"},\"wordCount\":338,\"publisher\":{\"@id\":\"https:\\\/\\\/www.fatosefotosnews.com.br\\\/#organization\"},\"image\":{\"@id\":\"https:\\\/\\\/www.fatosefotosnews.com.br\\\/?p=157971#primaryimage\"},\"thumbnailUrl\":\"https:\\\/\\\/www.fatosefotosnews.com.br\\\/wp-content\\\/uploads\\\/2026\\\/08\\\/jose_antonio_santos_bocha_2025.webp\",\"keywords\":[\"antonio\",\"bocha\",\"campe\",\"mundial\",\"santos\"],\"articleSection\":[\"Esporte\"],\"inLanguage\":\"pt-BR\"},{\"@type\":\"WebPage\",\"@id\":\"https:\\\/\\\/www.fatosefotosnews.com.br\\\/?p=157971\",\"url\":\"https:\\\/\\\/www.fatosefotosnews.com.br\\\/?p=157971\",\"name\":\"Aos 19 anos, Jos\u00e9 Ant\u00f4nio Santos \u00e9 campe\u00e3o mundial de bocha em Seul - Fatos e Fotos News\",\"isPartOf\":{\"@id\":\"https:\\\/\\\/www.fatosefotosnews.com.br\\\/#website\"},\"primaryImageOfPage\":{\"@id\":\"https:\\\/\\\/www.fatosefotosnews.com.br\\\/?p=157971#primaryimage\"},\"image\":{\"@id\":\"https:\\\/\\\/www.fatosefotosnews.com.br\\\/?p=157971#primaryimage\"},\"thumbnailUrl\":\"https:\\\/\\\/www.fatosefotosnews.com.br\\\/wp-content\\\/uploads\\\/2026\\\/08\\\/jose_antonio_santos_bocha_2025.webp\",\"datePublished\":\"2026-09-01T10:30:53+00:00\",\"breadcrumb\":{\"@id\":\"https:\\\/\\\/www.fatosefotosnews.com.br\\\/?p=157971#breadcrumb\"},\"inLanguage\":\"pt-BR\",\"potentialAction\":[{\"@type\":\"ReadAction\",\"target\":[\"https:\\\/\\\/www.fatosefotosnews.com.br\\\/?p=157971\"]}]},{\"@type\":\"ImageObject\",\"inLanguage\":\"pt-BR\",\"@id\":\"https:\\\/\\\/www.fatosefotosnews.com.br\\\/?p=157971#primaryimage\",\"url\":\"https:\\\/\\\/www.fatosefotosnews.com.br\\\/wp-content\\\/uploads\\\/2026\\\/08\\\/jose_antonio_santos_bocha_2025.webp\",\"contentUrl\":\"https:\\\/\\\/www.fatosefotosnews.com.br\\\/wp-content\\\/uploads\\\/2026\\\/08\\\/jose_antonio_santos_bocha_2025.webp\",\"width\":1170,\"height\":700},{\"@type\":\"BreadcrumbList\",\"@id\":\"https:\\\/\\\/www.fatosefotosnews.com.br\\\/?p=157971#breadcrumb\",\"itemListElement\":[{\"@type\":\"ListItem\",\"position\":1,\"name\":\"In\u00edcio\",\"item\":\"https:\\\/\\\/www.fatosefotosnews.com.br\\\/\"},{\"@type\":\"ListItem\",\"position\":2,\"name\":\"Aos 19 anos, Jos\u00e9 Ant\u00f4nio Santos \u00e9 campe\u00e3o mundial de bocha em Seul\"}]},{\"@type\":\"WebSite\",\"@id\":\"https:\\\/\\\/www.fatosefotosnews.com.br\\\/#website\",\"url\":\"https:\\\/\\\/www.fatosefotosnews.com.br\\\/\",\"name\":\"Fatos e Fotos News\",\"description\":\"Um site de noticial verdadeira e confi\u00e1veis.\",\"publisher\":{\"@id\":\"https:\\\/\\\/www.fatosefotosnews.com.br\\\/#organization\"},\"potentialAction\":[{\"@type\":\"SearchAction\",\"target\":{\"@type\":\"EntryPoint\",\"urlTemplate\":\"https:\\\/\\\/www.fatosefotosnews.com.br\\\/?s={search_term_string}\"},\"query-input\":{\"@type\":\"PropertyValueSpecification\",\"valueRequired\":true,\"valueName\":\"search_term_string\"}}],\"inLanguage\":\"pt-BR\"},{\"@type\":\"Organization\",\"@id\":\"https:\\\/\\\/www.fatosefotosnews.com.br\\\/#organization\",\"name\":\"Fatos e Fotos News\",\"url\":\"https:\\\/\\\/www.fatosefotosnews.com.br\\\/\",\"logo\":{\"@type\":\"ImageObject\",\"inLanguage\":\"pt-BR\",\"@id\":\"https:\\\/\\\/www.fatosefotosnews.com.br\\\/#\\\/schema\\\/logo\\\/image\\\/\",\"url\":\"https:\\\/\\\/www.fatosefotosnews.com.br\\\/wp-content\\\/uploads\\\/2023\\\/02\\\/Fatos-e-Fotos-news-logo.png\",\"contentUrl\":\"https:\\\/\\\/www.fatosefotosnews.com.br\\\/wp-content\\\/uploads\\\/2023\\\/02\\\/Fatos-e-Fotos-news-logo.png\",\"width\":300,\"height\":58,\"caption\":\"Fatos e Fotos News\"},\"image\":{\"@id\":\"https:\\\/\\\/www.fatosefotosnews.com.br\\\/#\\\/schema\\\/logo\\\/image\\\/\"}},{\"@type\":\"Person\",\"@id\":\"https:\\\/\\\/www.fatosefotosnews.com.br\\\/#\\\/schema\\\/person\\\/17b18da658f5277ed99382206a85602f\",\"name\":\"Mirela Portugal\",\"image\":{\"@type\":\"ImageObject\",\"inLanguage\":\"pt-BR\",\"@id\":\"https:\\\/\\\/secure.gravatar.com\\\/avatar\\\/2f92fb43fda38d1a46cf4a155e1c2951193d91d9bed3df97fce720eeb9595d08?s=96&d=mm&r=g\",\"url\":\"https:\\\/\\\/secure.gravatar.com\\\/avatar\\\/2f92fb43fda38d1a46cf4a155e1c2951193d91d9bed3df97fce720eeb9595d08?s=96&d=mm&r=g\",\"contentUrl\":\"https:\\\/\\\/secure.gravatar.com\\\/avatar\\\/2f92fb43fda38d1a46cf4a155e1c2951193d91d9bed3df97fce720eeb9595d08?s=96&d=mm&r=g\",\"caption\":\"Mirela Portugal\"},\"sameAs\":[\"http:\\\/\\\/fatosefotosnews.com.br\"],\"url\":\"https:\\\/\\\/www.fatosefotosnews.com.br\\\/?author=12\"}]}<\/script>\n<!-- \/ Yoast SEO plugin. -->","yoast_head_json":{"title":"Aos 19 anos, Jos\u00e9 Ant\u00f4nio Santos \u00e9 campe\u00e3o mundial de bocha em Seul - Fatos e Fotos News","robots":{"index":"index","follow":"follow","max-snippet":"max-snippet:-1","max-image-preview":"max-image-preview:large","max-video-preview":"max-video-preview:-1"},"canonical":"https:\/\/www.fatosefotosnews.com.br\/?p=157971","og_locale":"pt_BR","og_type":"article","og_title":"Aos 19 anos, Jos\u00e9 Ant\u00f4nio Santos \u00e9 campe\u00e3o mundial de bocha em Seul - Fatos e Fotos News","og_description":"Foto: Wander Roberto O Brasil subiu ao p\u00f3dio tr\u00eas vezes no Mundial de Bocha em Seul (Coreia do Sul) nesta segunda-feira (31), om medalhas de ouro, prata e bronze nas disputas individuais. Aos 19 anos, o potiguar Jos\u00e9 Ant\u00f4nio Santos foi campe\u00e3o na classe BC4 (defici\u00eancias severas sem op\u00e7\u00e3o de aux\u00edlio). O dia tamb\u00e9m foi [&hellip;]","og_url":"https:\/\/www.fatosefotosnews.com.br\/?p=157971","og_site_name":"Fatos e Fotos News","article_published_time":"2026-09-01T10:30:53+00:00","og_image":[{"width":1170,"height":700,"url":"https:\/\/www.fatosefotosnews.com.br\/wp-content\/uploads\/2026\/08\/jose_antonio_santos_bocha_2025.webp","type":"image\/webp"}],"author":"Mirela Portugal","twitter_card":"summary_large_image","twitter_misc":{"Escrito por":"Mirela Portugal","Est. tempo de leitura":"3 minutos"},"schema":{"@context":"https:\/\/schema.org","@graph":[{"@type":"Article","@id":"https:\/\/www.fatosefotosnews.com.br\/?p=157971#article","isPartOf":{"@id":"https:\/\/www.fatosefotosnews.com.br\/?p=157971"},"author":{"name":"Mirela Portugal","@id":"https:\/\/www.fatosefotosnews.com.br\/#\/schema\/person\/17b18da658f5277ed99382206a85602f"},"headline":"Aos 19 anos, Jos\u00e9 Ant\u00f4nio Santos \u00e9 campe\u00e3o mundial de bocha em Seul","datePublished":"2026-09-01T10:30:53+00:00","mainEntityOfPage":{"@id":"https:\/\/www.fatosefotosnews.com.br\/?p=157971"},"wordCount":338,"publisher":{"@id":"https:\/\/www.fatosefotosnews.com.br\/#organization"},"image":{"@id":"https:\/\/www.fatosefotosnews.com.br\/?p=157971#primaryimage"},"thumbnailUrl":"https:\/\/www.fatosefotosnews.com.br\/wp-content\/uploads\/2026\/08\/jose_antonio_santos_bocha_2025.webp","keywords":["antonio","bocha","campe","mundial","santos"],"articleSection":["Esporte"],"inLanguage":"pt-BR"},{"@type":"WebPage","@id":"https:\/\/www.fatosefotosnews.com.br\/?p=157971","url":"https:\/\/www.fatosefotosnews.com.br\/?p=157971","name":"Aos 19 anos, Jos\u00e9 Ant\u00f4nio Santos \u00e9 campe\u00e3o mundial de bocha em Seul - Fatos e Fotos News","isPartOf":{"@id":"https:\/\/www.fatosefotosnews.com.br\/#website"},"primaryImageOfPage":{"@id":"https:\/\/www.fatosefotosnews.com.br\/?p=157971#primaryimage"},"image":{"@id":"https:\/\/www.fatosefotosnews.com.br\/?p=157971#primaryimage"},"thumbnailUrl":"https:\/\/www.fatosefotosnews.com.br\/wp-content\/uploads\/2026\/08\/jose_antonio_santos_bocha_2025.webp","datePublished":"2026-09-01T10:30:53+00:00","breadcrumb":{"@id":"https:\/\/www.fatosefotosnews.com.br\/?p=157971#breadcrumb"},"inLanguage":"pt-BR","potentialAction":[{"@type":"ReadAction","target":["https:\/\/www.fatosefotosnews.com.br\/?p=157971"]}]},{"@type":"ImageObject","inLanguage":"pt-BR","@id":"https:\/\/www.fatosefotosnews.com.br\/?p=157971#primaryimage","url":"https:\/\/www.fatosefotosnews.com.br\/wp-content\/uploads\/2026\/08\/jose_antonio_santos_bocha_2025.webp","contentUrl":"https:\/\/www.fatosefotosnews.com.br\/wp-content\/uploads\/2026\/08\/jose_antonio_santos_bocha_2025.webp","width":1170,"height":700},{"@type":"BreadcrumbList","@id":"https:\/\/www.fatosefotosnews.com.br\/?p=157971#breadcrumb","itemListElement":[{"@type":"ListItem","position":1,"name":"In\u00edcio","item":"https:\/\/www.fatosefotosnews.com.br\/"},{"@type":"ListItem","position":2,"name":"Aos 19 anos, Jos\u00e9 Ant\u00f4nio Santos \u00e9 campe\u00e3o mundial de bocha em Seul"}]},{"@type":"WebSite","@id":"https:\/\/www.fatosefotosnews.com.br\/#website","url":"https:\/\/www.fatosefotosnews.com.br\/","name":"Fatos e Fotos News","description":"Um site de noticial verdadeira e confi\u00e1veis.","publisher":{"@id":"https:\/\/www.fatosefotosnews.com.br\/#organization"},"potentialAction":[{"@type":"SearchAction","target":{"@type":"EntryPoint","urlTemplate":"https:\/\/www.fatosefotosnews.com.br\/?s={search_term_string}"},"query-input":{"@type":"PropertyValueSpecification","valueRequired":true,"valueName":"search_term_string"}}],"inLanguage":"pt-BR"},{"@type":"Organization","@id":"https:\/\/www.fatosefotosnews.com.br\/#organization","name":"Fatos e Fotos News","url":"https:\/\/www.fatosefotosnews.com.br\/","logo":{"@type":"ImageObject","inLanguage":"pt-BR","@id":"https:\/\/www.fatosefotosnews.com.br\/#\/schema\/logo\/image\/","url":"https:\/\/www.fatosefotosnews.com.br\/wp-content\/uploads\/2023\/02\/Fatos-e-Fotos-news-logo.png","contentUrl":"https:\/\/www.fatosefotosnews.com.br\/wp-content\/uploads\/2023\/02\/Fatos-e-Fotos-news-logo.png","width":300,"height":58,"caption":"Fatos e Fotos News"},"image":{"@id":"https:\/\/www.fatosefotosnews.com.br\/#\/schema\/logo\/image\/"}},{"@type":"Person","@id":"https:\/\/www.fatosefotosnews.com.br\/#\/schema\/person\/17b18da658f5277ed99382206a85602f","name":"Mirela Portugal","image":{"@type":"ImageObject","inLanguage":"pt-BR","@id":"https:\/\/secure.gravatar.com\/avatar\/2f92fb43fda38d1a46cf4a155e1c2951193d91d9bed3df97fce720eeb9595d08?s=96&d=mm&r=g","url":"https:\/\/secure.gravatar.com\/avatar\/2f92fb43fda38d1a46cf4a155e1c2951193d91d9bed3df97fce720eeb9595d08?s=96&d=mm&r=g","contentUrl":"https:\/\/secure.gravatar.com\/avatar\/2f92fb43fda38d1a46cf4a155e1c2951193d91d9bed3df97fce720eeb9595d08?s=96&d=mm&r=g","caption":"Mirela Portugal"},"sameAs":["http:\/\/fatosefotosnews.com.br"],"url":"https:\/\/www.fatosefotosnews.com.br\/?author=12"}]}},"jetpack_publicize_connections":[],"blog_post_layout_featured_media_urls":{"thumbnail":["https:\/\/www.fatosefotosnews.com.br\/wp-content\/uploads\/2026\/08\/jose_antonio_santos_bocha_2025-150x150.webp",150,150,true],"full":["https:\/\/www.fatosefotosnews.com.br\/wp-content\/uploads\/2026\/08\/jose_antonio_santos_bocha_2025.webp",1170,700,false]},"categories_names":{"5":{"name":"Esporte","link":"https:\/\/www.fatosefotosnews.com.br\/?cat=5"}},"tags_names":{"4406":{"name":"antonio","link":"https:\/\/www.fatosefotosnews.com.br\/?tag=antonio"},"29267":{"name":"bocha","link":"https:\/\/www.fatosefotosnews.com.br\/?tag=bocha"},"1581":{"name":"campe","link":"https:\/\/www.fatosefotosnews.com.br\/?tag=campe"},"424":{"name":"mundial","link":"https:\/\/www.fatosefotosnews.com.br\/?tag=mundial"},"1020":{"name":"santos","link":"https:\/\/www.fatosefotosnews.com.br\/?tag=santos"}},"comments_number":"0","wpmagazine_modules_lite_featured_media_urls":{"thumbnail":["https:\/\/www.fatosefotosnews.com.br\/wp-content\/uploads\/2026\/08\/jose_antonio_santos_bocha_2025-150x150.webp",150,150,true],"cvmm-medium":["https:\/\/www.fatosefotosnews.com.br\/wp-content\/uploads\/2026\/08\/jose_antonio_santos_bocha_2025-300x300.webp",300,300,true],"cvmm-medium-plus":["https:\/\/www.fatosefotosnews.com.br\/wp-content\/uploads\/2026\/08\/jose_antonio_santos_bocha_2025-305x207.webp",305,207,true],"cvmm-portrait":["https:\/\/www.fatosefotosnews.com.br\/wp-content\/uploads\/2026\/08\/jose_antonio_santos_bocha_2025-400x600.webp",400,600,true],"cvmm-medium-square":["https:\/\/www.fatosefotosnews.com.br\/wp-content\/uploads\/2026\/08\/jose_antonio_santos_bocha_2025-600x600.webp",600,600,true],"cvmm-large":["https:\/\/www.fatosefotosnews.com.br\/wp-content\/uploads\/2026\/08\/jose_antonio_santos_bocha_2025-1024x700.webp",1024,700,true],"cvmm-small":["https:\/\/www.fatosefotosnews.com.br\/wp-content\/uploads\/2026\/08\/jose_antonio_santos_bocha_2025-130x95.webp",130,95,true],"full":["https:\/\/www.fatosefotosnews.com.br\/wp-content\/uploads\/2026\/08\/jose_antonio_santos_bocha_2025.webp",1170,700,false]},"_links":{"self":[{"href":"https:\/\/www.fatosefotosnews.com.br\/index.php?rest_route=\/wp\/v2\/posts\/157971","targetHints":{"allow":["GET"]}}],"collection":[{"href":"https:\/\/www.fatosefotosnews.com.br\/index.php?rest_route=\/wp\/v2\/posts"}],"about":[{"href":"https:\/\/www.fatosefotosnews.com.br\/index.php?rest_route=\/wp\/v2\/types\/post"}],"author":[{"embeddable":true,"href":"https:\/\/www.fatosefotosnews.com.br\/index.php?rest_route=\/wp\/v2\/users\/12"}],"replies":[{"embeddable":true,"href":"https:\/\/www.fatosefotosnews.com.br\/index.php?rest_route=%2Fwp%2Fv2%2Fcomments&post=157971"}],"version-history":[{"count":1,"href":"https:\/\/www.fatosefotosnews.com.br\/index.php?rest_route=\/wp\/v2\/posts\/157971\/revisions"}],"predecessor-version":[{"id":157973,"href":"https:\/\/www.fatosefotosnews.com.br\/index.php?rest_route=\/wp\/v2\/posts\/157971\/revisions\/157973"}],"wp:featuredmedia":[{"embeddable":true,"href":"https:\/\/www.fatosefotosnews.com.br\/index.php?rest_route=\/wp\/v2\/media\/157972"}],"wp:attachment":[{"href":"https:\/\/www.fatosefotosnews.com.br\/index.php?rest_route=%2Fwp%2Fv2%2Fmedia&parent=157971"}],"wp:term":[{"taxonomy":"category","embeddable":true,"href":"https:\/\/www.fatosefotosnews.com.br\/index.php?rest_route=%2Fwp%2Fv2%2Fcategories&post=157971"},{"taxonomy":"post_tag","embeddable":true,"href":"https:\/\/www.fatosefotosnews.com.br\/index.php?rest_route=%2Fwp%2Fv2%2Ftags&post=157971"}],"curies":[{"name":"wp","href":"https:\/\/api.w.org\/{rel}","templated":true}]}}