{"id":157974,"date":"2026-09-01T07:15:17","date_gmt":"2026-09-01T10:15:17","guid":{"rendered":"https:\/\/www.fatosefotosnews.com.br\/?p=157974"},"modified":"2026-08-31T20:34:34","modified_gmt":"2026-08-31T23:34:34","slug":"um-dos-maiores-cartunistas-do-brasil-angeli-completa-70-anos","status":"publish","type":"post","link":"https:\/\/www.fatosefotosnews.com.br\/?p=157974","title":{"rendered":"Um dos maiores cartunistas do Brasil, Angeli completa 70 anos"},"content":{"rendered":"<p>Foto: Frame Angeli 24 horas\/Divulga\u00e7\u00e3o<\/p>\n<div id=\"block-tts-block-tts\" class=\"block block-tts\">\n<div class=\"content\">\n<div id=\"tts-container\" class=\"container-audio rel-position\">\n<div class=\"title abs-position\"><\/div>\n<\/div>\n<\/div>\n<\/div>\n<div class=\"conteudo-noticia\">\n<p>Do punk anarquista Bob Cuspe \u00e0 desbocada e libert\u00e1ria R\u00ea Bordosa. Dos Skrotinhos, g\u00eameos politicamente incorretos, a Wood &amp; Stock, dois hippies parados no tempo, passando pelo guru picareta Ralah Ricota, o\u00a0<strong>cartunista Angeli criou personagens de forma crua e \u00e1cida para retratar tipos urbanos controversos<\/strong>.<img decoding=\"async\" src=\"https:\/\/agenciabrasil.ebc.com.br\/ebc.png?id=1701136&amp;o=node\" \/><img decoding=\"async\" src=\"https:\/\/agenciabrasil.ebc.com.br\/ebc.gif?id=1701136&amp;o=node\" \/><\/p>\n<p>O paulistano do bairro da Casa Verde, que se tornou um dos maiores chargistas e cartunistas do pa\u00eds, completa 70 anos de idade nesta segunda-feira (31).<\/p>\n<p>Arnaldo Angeli Filho j\u00e1 desenhava na inf\u00e2ncia e o contato na adolesc\u00eancia com os desenhos de Mill\u00f4r Fernandes, Jaguar e Ziraldo no jornal\u00a0<em>O Pasquim<\/em>\u00a0foi decisivo para a escolha de se tornar cartunista.<\/p>\n<p><strong>Nos anos 70, Angeli come\u00e7ou a fazer charges para o jornal\u00a0<em>Folha de S.Paulo<\/em>\u00a0e, logo depois, criou a tira di\u00e1ria\u00a0<em>Chiclete com Banana<\/em>, que se transformou numa revista de quadrinhos independente.<\/strong><\/p>\n<p>\u00c9 nessa publica\u00e7\u00e3o que surgem os personagens Los 3 Amigos, criados por Angeli e pelos cartunistas Glauco e Laerte. Ao trio, se juntou Ad\u00e3o Iturrusgarai, o quarto elemento dos amigos.<\/p>\n<div class=\"dnd-widget-wrapper context-cheio_8colunas type-image\">\n<div class=\"dnd-atom-rendered\"><img decoding=\"async\" title=\"Angeli\/Divulga\u00e7\u00e3o\" src=\"https:\/\/imagens.ebc.com.br\/Mv152aCSYtwDGErGL86lMTs2qac=\/754x0\/smart\/https:\/\/agenciabrasil.ebc.com.br\/sites\/default\/files\/thumbnails\/image\/2026\/08\/31\/arteok-2.jpg?itok=R4zWEigO\" alt=\"Bras\u00edlia (DF), 31\/08\/2026 - R\u00ea Bordosa, personagem do cartunista Angeli. Foto: Angeli\/Divulga\u00e7\u00e3o\" \/><\/div>\n<div class=\"dnd-caption-wrapper\">\n<h6 class=\"meta\">R\u00ea Bordosa, personagem do cartunista Angeli &#8211; Foto:\u00a0<strong>Angeli\/Divulga\u00e7\u00e3o<\/strong><\/h6>\n<\/div>\n<\/div>\n<p>Ad\u00e3o disse que conheceu o trabalho de Angeli pelas hist\u00f3rias da R\u00ea Bordosa.<\/p>\n<p><strong>&#8220;Aprendi muito com eles, mas o neg\u00f3cio mais legal era amizade e parceria. Aprender para a vida, n\u00e3o para o trabalho, mas obviamente que, sem querer, eu absorvi muita coisa deles. Somos amigos at\u00e9 hoje. Enfim, me influenciaram muito no trabalho, o Angeli, principalmente\u201d, disse Ad\u00e3o.<\/strong><\/p>\n<p>\u201cArrisco a dizer que o Angeli \u00e9 um dos maiores artistas do mundo do s\u00e9culo 20. Ele quebrou a\u00ed com uma tradi\u00e7\u00e3o do quadrinho mais dur\u00e3o brasileiro, mais sisudo. Naquela \u00e9poca que eu conheci o trabalho dele, era uma \u00e9poca que todos os cartunistas estavam voltados para a coisa da ditadura, o cartoon com o general. E da\u00ed, de repente, o Angeli veio com aquela pegada Rolling Stones, de rock. Isso me pegou muito. Vestido de preto, punk. E eu tinha uma atra\u00e7\u00e3o muito grande por esse universo do rock, do punk, S\u00e3o Paulo nos anos 80 era um lugar maravilhoso, assim, uma Disneyl\u00e2ndia do underground&#8221;, afirma.<\/p>\n<p><strong>Bob Cuspe, o punk velho e ranzinza que cospe na hipocrisia da sociedade, \u00e9 um alter ego do pr\u00f3prio Angeli.<\/strong>\u00a0Criador e criatura se deparam no filme lan\u00e7ado em 2021,\u00a0<em>Bob Cuspe &#8211; N\u00f3s N\u00e3o Gostamos de Gente<\/em>, dirigido por Cesar Cabral.<\/p>\n<p>Em um trecho da anima\u00e7\u00e3o, Angeli fala sobre as mudan\u00e7as no seu trabalho. &#8220;O Angeli n\u00e3o \u00e9 o mesmo. Mudou muito. O meu desenho mudou. Voc\u00ea acorda um dia que voc\u00ea n\u00e3o t\u00e1 bom. N\u00e3o tem como pensar numa coisa legal e tal&#8221;, disse.<\/p>\n<p>Sem medo de mudan\u00e7as, o cartunista decidiu matar sua personagem mais famosa, a nada careta R\u00ea Bordosa, que explodiu de t\u00e9dio depois de se casar.<\/p>\n<p>O cineasta Otto Guerra, diretor da anima\u00e7\u00e3o\u00a0<em>Wood &amp; Stock: Sexo, Or\u00e9gano e Rock&#8217;n&#8217;Roll<\/em>, fala sobre a personagem que n\u00e3o poderia ficar de fora do filme.<\/p>\n<p>&#8220;A R\u00ea Bordosa virou uma figura, na \u00e9poca, assim, digamos, mais famosa que o pr\u00f3prio Angeli. Ele tentou matar ela de v\u00e1rias formas durante muito tempo. A gente colocou ela. A R\u00ea Bordosa \u00e9 um tapa na cara das pessoas que passam o tempo fingindo coisas. Ou tendo que assumir pap\u00e9is. No fim das contas, a gente acaba tendo que usar v\u00e1rias m\u00e1scaras. E a R\u00ea Bordosa n\u00e3o usava nenhuma. Ela era muito aut\u00eantica. Grande personagem. Grande Angeli&#8221;, diz.<\/p>\n<p>A atriz Grace Gianoukas deu voz \u00e0 R\u00ea Bordosa num curta-metragem, na s\u00e9rie de anima\u00e7\u00e3o e no longa\u00a0<em>Bob Cuspe<\/em>.<\/p>\n<p>Para Grace,\u00a0<strong>Angeli traduziu como ningu\u00e9m o esp\u00edrito dos anos 80 e 90<\/strong>. &#8220;\u00c9 de uma profundidade psicol\u00f3gica. \u00c9 um estudo aprofundado traduzido em s\u00edntese dos tipos modernos brasileiros da \u00e9poca. E ainda hoje, se tu vai ler, por exemplo, Os Skrotinhos, eles est\u00e3o em todos os lugares. Todos os personagens do Angeli s\u00e3o s\u00edntese da busca humana por aceita\u00e7\u00e3o ou por aceitar o nosso caos. \u00c9 olhar, se identificar, \u00e0s vezes chorar, e \u00e0s vezes aceitar a ironia do nosso destino, porque a obra do Angeli coloca todos os paradoxos da nossa exist\u00eancia como sociedade brasileira, como cidad\u00e3os e tamb\u00e9m as nossas idiossincrasias, n\u00e9, nossos comportamentos de grupo, nossas intoler\u00e2ncias, t\u00e1 tudo l\u00e1. \u00c9 brilhante, o Angeli \u00e9 brilhante. Eu sou devota de Angeli&#8221;.<\/p>\n<p>Depois da morte de R\u00ea Bordosa em 1987, Angeli criou Os Skrotinhos. Para a cartunista Laerte, s\u00e3o eles os personagens favoritos criados pelo amigo.<\/p>\n<blockquote><p>&#8220;&#8221;Eles s\u00e3o muito interessantes porque eles t\u00eam uma grande varia\u00e7\u00e3o de atua\u00e7\u00e3o. Eles j\u00e1 se apresentaram como mulheres, como negros, como gays&#8230; E como os Skrotinhos que sempre s\u00e3o, n\u00e9? Que sempre foram. Eu gosto porque eles colocam a hist\u00f3ria em situa\u00e7\u00f5es limites, situa\u00e7\u00f5es de desafio e eles colocam as pessoas todas nessas crises&#8221;, aponta&#8221;, aponta.<\/p><\/blockquote>\n<p>Angeli se aposentou em 2022, ap\u00f3s diagn\u00f3stico inicial de afasia, condi\u00e7\u00e3o que afeta a comunica\u00e7\u00e3o verbal e escrita, posteriormente confirmada como parte de um quadro de dem\u00eancia frontotemporal, uma doen\u00e7a neurodegenerativa.<\/p>\n<p>Cronista que traduziu em imagens as peculiaridades da metr\u00f3pole e de seus tipos urbanos com seu tra\u00e7o \u00fanico, Angeli provocou uma verdadeira revolu\u00e7\u00e3o nos quadrinhos brasileiros.<\/p>\n<\/div>\n","protected":false},"excerpt":{"rendered":"<p>Foto: Frame Angeli 24 horas\/Divulga\u00e7\u00e3o Do punk anarquista Bob Cuspe \u00e0 desbocada e libert\u00e1ria R\u00ea Bordosa. Dos Skrotinhos, g\u00eameos politicamente incorretos, a Wood &amp; Stock, dois hippies parados no tempo, passando pelo guru picareta Ralah Ricota, o\u00a0cartunista Angeli criou personagens de forma crua e \u00e1cida para retratar tipos urbanos controversos. O paulistano do bairro da [&hellip;]<\/p>\n","protected":false},"author":12,"featured_media":157962,"comment_status":"closed","ping_status":"open","sticky":false,"template":"","format":"standard","meta":{"_acf_changed":false,"_angie_page":false,"_monsterinsights_skip_tracking":false,"_themeisle_gutenberg_block_has_review":false,"page_builder":"","footnotes":"","jetpack_publicize_message":"","jetpack_publicize_feature_enabled":true,"jetpack_social_post_already_shared":true,"jetpack_social_options":{"image_generator_settings":{"template":"highway","default_image_id":0,"font":"","enabled":false},"version":2}},"categories":[167],"tags":[2897,179,29266,442,2863],"class_list":["post-157974","post","type-post","status-publish","format-standard","has-post-thumbnail","hentry","category-geral","tag-angeli","tag-brasil","tag-cartunistas","tag-completa","tag-maiores"],"acf":[],"nelio_content":{"autoShareEndMode":"never","automationSources":{"useCustomSentences":false,"customSentences":[]},"efiAlt":"","efiUrl":"","followers":[12],"highlights":[],"isAutoShareEnabled":true,"networkImageIds":[],"permalinkQueryArgs":[],"series":[],"suggestedReferences":[]},"yoast_head":"<!-- This site is optimized with the Yoast SEO plugin v28.3 - https:\/\/yoast.com\/product\/yoast-seo-wordpress\/ -->\n<title>Um dos maiores cartunistas do Brasil, Angeli completa 70 anos - Fatos e Fotos News<\/title>\n<meta name=\"robots\" content=\"index, follow, max-snippet:-1, max-image-preview:large, max-video-preview:-1\" \/>\n<link rel=\"canonical\" href=\"https:\/\/www.fatosefotosnews.com.br\/?p=157974\" \/>\n<meta property=\"og:locale\" content=\"pt_BR\" \/>\n<meta property=\"og:type\" content=\"article\" \/>\n<meta property=\"og:title\" content=\"Um dos maiores cartunistas do Brasil, Angeli completa 70 anos - Fatos e Fotos News\" \/>\n<meta property=\"og:description\" content=\"Foto: Frame Angeli 24 horas\/Divulga\u00e7\u00e3o Do punk anarquista Bob Cuspe \u00e0 desbocada e libert\u00e1ria R\u00ea Bordosa. Dos Skrotinhos, g\u00eameos politicamente incorretos, a Wood &amp; Stock, dois hippies parados no tempo, passando pelo guru picareta Ralah Ricota, o\u00a0cartunista Angeli criou personagens de forma crua e \u00e1cida para retratar tipos urbanos controversos. O paulistano do bairro da [&hellip;]\" \/>\n<meta property=\"og:url\" content=\"https:\/\/www.fatosefotosnews.com.br\/?p=157974\" \/>\n<meta property=\"og:site_name\" content=\"Fatos e Fotos News\" \/>\n<meta property=\"article:published_time\" content=\"2026-09-01T10:15:17+00:00\" \/>\n<meta property=\"og:image\" content=\"https:\/\/www.fatosefotosnews.com.br\/wp-content\/uploads\/2026\/08\/angeli_24_horas.webp\" \/>\n\t<meta property=\"og:image:width\" content=\"1170\" \/>\n\t<meta property=\"og:image:height\" content=\"700\" \/>\n\t<meta property=\"og:image:type\" content=\"image\/webp\" \/>\n<meta name=\"author\" content=\"Mirela Portugal\" \/>\n<meta name=\"twitter:card\" content=\"summary_large_image\" \/>\n<meta name=\"twitter:label1\" content=\"Escrito por\" \/>\n\t<meta name=\"twitter:data1\" content=\"Mirela Portugal\" \/>\n\t<meta name=\"twitter:label2\" content=\"Est. tempo de leitura\" \/>\n\t<meta name=\"twitter:data2\" content=\"6 minutos\" \/>\n<script type=\"application\/ld+json\" class=\"yoast-schema-graph\">{\"@context\":\"https:\\\/\\\/schema.org\",\"@graph\":[{\"@type\":\"Article\",\"@id\":\"https:\\\/\\\/www.fatosefotosnews.com.br\\\/?p=157974#article\",\"isPartOf\":{\"@id\":\"https:\\\/\\\/www.fatosefotosnews.com.br\\\/?p=157974\"},\"author\":{\"name\":\"Mirela Portugal\",\"@id\":\"https:\\\/\\\/www.fatosefotosnews.com.br\\\/#\\\/schema\\\/person\\\/17b18da658f5277ed99382206a85602f\"},\"headline\":\"Um dos maiores cartunistas do Brasil, Angeli completa 70 anos\",\"datePublished\":\"2026-09-01T10:15:17+00:00\",\"mainEntityOfPage\":{\"@id\":\"https:\\\/\\\/www.fatosefotosnews.com.br\\\/?p=157974\"},\"wordCount\":912,\"publisher\":{\"@id\":\"https:\\\/\\\/www.fatosefotosnews.com.br\\\/#organization\"},\"image\":{\"@id\":\"https:\\\/\\\/www.fatosefotosnews.com.br\\\/?p=157974#primaryimage\"},\"thumbnailUrl\":\"https:\\\/\\\/www.fatosefotosnews.com.br\\\/wp-content\\\/uploads\\\/2026\\\/08\\\/angeli_24_horas.webp\",\"keywords\":[\"angeli\",\"Brasil\",\"cartunistas\",\"completa\",\"maiores\"],\"articleSection\":[\"Geral\"],\"inLanguage\":\"pt-BR\"},{\"@type\":\"WebPage\",\"@id\":\"https:\\\/\\\/www.fatosefotosnews.com.br\\\/?p=157974\",\"url\":\"https:\\\/\\\/www.fatosefotosnews.com.br\\\/?p=157974\",\"name\":\"Um dos maiores cartunistas do Brasil, Angeli completa 70 anos - Fatos e Fotos News\",\"isPartOf\":{\"@id\":\"https:\\\/\\\/www.fatosefotosnews.com.br\\\/#website\"},\"primaryImageOfPage\":{\"@id\":\"https:\\\/\\\/www.fatosefotosnews.com.br\\\/?p=157974#primaryimage\"},\"image\":{\"@id\":\"https:\\\/\\\/www.fatosefotosnews.com.br\\\/?p=157974#primaryimage\"},\"thumbnailUrl\":\"https:\\\/\\\/www.fatosefotosnews.com.br\\\/wp-content\\\/uploads\\\/2026\\\/08\\\/angeli_24_horas.webp\",\"datePublished\":\"2026-09-01T10:15:17+00:00\",\"breadcrumb\":{\"@id\":\"https:\\\/\\\/www.fatosefotosnews.com.br\\\/?p=157974#breadcrumb\"},\"inLanguage\":\"pt-BR\",\"potentialAction\":[{\"@type\":\"ReadAction\",\"target\":[\"https:\\\/\\\/www.fatosefotosnews.com.br\\\/?p=157974\"]}]},{\"@type\":\"ImageObject\",\"inLanguage\":\"pt-BR\",\"@id\":\"https:\\\/\\\/www.fatosefotosnews.com.br\\\/?p=157974#primaryimage\",\"url\":\"https:\\\/\\\/www.fatosefotosnews.com.br\\\/wp-content\\\/uploads\\\/2026\\\/08\\\/angeli_24_horas.webp\",\"contentUrl\":\"https:\\\/\\\/www.fatosefotosnews.com.br\\\/wp-content\\\/uploads\\\/2026\\\/08\\\/angeli_24_horas.webp\",\"width\":1170,\"height\":700},{\"@type\":\"BreadcrumbList\",\"@id\":\"https:\\\/\\\/www.fatosefotosnews.com.br\\\/?p=157974#breadcrumb\",\"itemListElement\":[{\"@type\":\"ListItem\",\"position\":1,\"name\":\"In\u00edcio\",\"item\":\"https:\\\/\\\/www.fatosefotosnews.com.br\\\/\"},{\"@type\":\"ListItem\",\"position\":2,\"name\":\"Um dos maiores cartunistas do Brasil, Angeli completa 70 anos\"}]},{\"@type\":\"WebSite\",\"@id\":\"https:\\\/\\\/www.fatosefotosnews.com.br\\\/#website\",\"url\":\"https:\\\/\\\/www.fatosefotosnews.com.br\\\/\",\"name\":\"Fatos e Fotos News\",\"description\":\"Um site de noticial verdadeira e confi\u00e1veis.\",\"publisher\":{\"@id\":\"https:\\\/\\\/www.fatosefotosnews.com.br\\\/#organization\"},\"potentialAction\":[{\"@type\":\"SearchAction\",\"target\":{\"@type\":\"EntryPoint\",\"urlTemplate\":\"https:\\\/\\\/www.fatosefotosnews.com.br\\\/?s={search_term_string}\"},\"query-input\":{\"@type\":\"PropertyValueSpecification\",\"valueRequired\":true,\"valueName\":\"search_term_string\"}}],\"inLanguage\":\"pt-BR\"},{\"@type\":\"Organization\",\"@id\":\"https:\\\/\\\/www.fatosefotosnews.com.br\\\/#organization\",\"name\":\"Fatos e Fotos News\",\"url\":\"https:\\\/\\\/www.fatosefotosnews.com.br\\\/\",\"logo\":{\"@type\":\"ImageObject\",\"inLanguage\":\"pt-BR\",\"@id\":\"https:\\\/\\\/www.fatosefotosnews.com.br\\\/#\\\/schema\\\/logo\\\/image\\\/\",\"url\":\"https:\\\/\\\/www.fatosefotosnews.com.br\\\/wp-content\\\/uploads\\\/2023\\\/02\\\/Fatos-e-Fotos-news-logo.png\",\"contentUrl\":\"https:\\\/\\\/www.fatosefotosnews.com.br\\\/wp-content\\\/uploads\\\/2023\\\/02\\\/Fatos-e-Fotos-news-logo.png\",\"width\":300,\"height\":58,\"caption\":\"Fatos e Fotos News\"},\"image\":{\"@id\":\"https:\\\/\\\/www.fatosefotosnews.com.br\\\/#\\\/schema\\\/logo\\\/image\\\/\"}},{\"@type\":\"Person\",\"@id\":\"https:\\\/\\\/www.fatosefotosnews.com.br\\\/#\\\/schema\\\/person\\\/17b18da658f5277ed99382206a85602f\",\"name\":\"Mirela Portugal\",\"image\":{\"@type\":\"ImageObject\",\"inLanguage\":\"pt-BR\",\"@id\":\"https:\\\/\\\/secure.gravatar.com\\\/avatar\\\/2f92fb43fda38d1a46cf4a155e1c2951193d91d9bed3df97fce720eeb9595d08?s=96&d=mm&r=g\",\"url\":\"https:\\\/\\\/secure.gravatar.com\\\/avatar\\\/2f92fb43fda38d1a46cf4a155e1c2951193d91d9bed3df97fce720eeb9595d08?s=96&d=mm&r=g\",\"contentUrl\":\"https:\\\/\\\/secure.gravatar.com\\\/avatar\\\/2f92fb43fda38d1a46cf4a155e1c2951193d91d9bed3df97fce720eeb9595d08?s=96&d=mm&r=g\",\"caption\":\"Mirela Portugal\"},\"sameAs\":[\"http:\\\/\\\/fatosefotosnews.com.br\"],\"url\":\"https:\\\/\\\/www.fatosefotosnews.com.br\\\/?author=12\"}]}<\/script>\n<!-- \/ Yoast SEO plugin. -->","yoast_head_json":{"title":"Um dos maiores cartunistas do Brasil, Angeli completa 70 anos - Fatos e Fotos News","robots":{"index":"index","follow":"follow","max-snippet":"max-snippet:-1","max-image-preview":"max-image-preview:large","max-video-preview":"max-video-preview:-1"},"canonical":"https:\/\/www.fatosefotosnews.com.br\/?p=157974","og_locale":"pt_BR","og_type":"article","og_title":"Um dos maiores cartunistas do Brasil, Angeli completa 70 anos - Fatos e Fotos News","og_description":"Foto: Frame Angeli 24 horas\/Divulga\u00e7\u00e3o Do punk anarquista Bob Cuspe \u00e0 desbocada e libert\u00e1ria R\u00ea Bordosa. Dos Skrotinhos, g\u00eameos politicamente incorretos, a Wood &amp; Stock, dois hippies parados no tempo, passando pelo guru picareta Ralah Ricota, o\u00a0cartunista Angeli criou personagens de forma crua e \u00e1cida para retratar tipos urbanos controversos. O paulistano do bairro da [&hellip;]","og_url":"https:\/\/www.fatosefotosnews.com.br\/?p=157974","og_site_name":"Fatos e Fotos News","article_published_time":"2026-09-01T10:15:17+00:00","og_image":[{"width":1170,"height":700,"url":"https:\/\/www.fatosefotosnews.com.br\/wp-content\/uploads\/2026\/08\/angeli_24_horas.webp","type":"image\/webp"}],"author":"Mirela Portugal","twitter_card":"summary_large_image","twitter_misc":{"Escrito por":"Mirela Portugal","Est. tempo de leitura":"6 minutos"},"schema":{"@context":"https:\/\/schema.org","@graph":[{"@type":"Article","@id":"https:\/\/www.fatosefotosnews.com.br\/?p=157974#article","isPartOf":{"@id":"https:\/\/www.fatosefotosnews.com.br\/?p=157974"},"author":{"name":"Mirela Portugal","@id":"https:\/\/www.fatosefotosnews.com.br\/#\/schema\/person\/17b18da658f5277ed99382206a85602f"},"headline":"Um dos maiores cartunistas do Brasil, Angeli completa 70 anos","datePublished":"2026-09-01T10:15:17+00:00","mainEntityOfPage":{"@id":"https:\/\/www.fatosefotosnews.com.br\/?p=157974"},"wordCount":912,"publisher":{"@id":"https:\/\/www.fatosefotosnews.com.br\/#organization"},"image":{"@id":"https:\/\/www.fatosefotosnews.com.br\/?p=157974#primaryimage"},"thumbnailUrl":"https:\/\/www.fatosefotosnews.com.br\/wp-content\/uploads\/2026\/08\/angeli_24_horas.webp","keywords":["angeli","Brasil","cartunistas","completa","maiores"],"articleSection":["Geral"],"inLanguage":"pt-BR"},{"@type":"WebPage","@id":"https:\/\/www.fatosefotosnews.com.br\/?p=157974","url":"https:\/\/www.fatosefotosnews.com.br\/?p=157974","name":"Um dos maiores cartunistas do Brasil, Angeli completa 70 anos - Fatos e Fotos News","isPartOf":{"@id":"https:\/\/www.fatosefotosnews.com.br\/#website"},"primaryImageOfPage":{"@id":"https:\/\/www.fatosefotosnews.com.br\/?p=157974#primaryimage"},"image":{"@id":"https:\/\/www.fatosefotosnews.com.br\/?p=157974#primaryimage"},"thumbnailUrl":"https:\/\/www.fatosefotosnews.com.br\/wp-content\/uploads\/2026\/08\/angeli_24_horas.webp","datePublished":"2026-09-01T10:15:17+00:00","breadcrumb":{"@id":"https:\/\/www.fatosefotosnews.com.br\/?p=157974#breadcrumb"},"inLanguage":"pt-BR","potentialAction":[{"@type":"ReadAction","target":["https:\/\/www.fatosefotosnews.com.br\/?p=157974"]}]},{"@type":"ImageObject","inLanguage":"pt-BR","@id":"https:\/\/www.fatosefotosnews.com.br\/?p=157974#primaryimage","url":"https:\/\/www.fatosefotosnews.com.br\/wp-content\/uploads\/2026\/08\/angeli_24_horas.webp","contentUrl":"https:\/\/www.fatosefotosnews.com.br\/wp-content\/uploads\/2026\/08\/angeli_24_horas.webp","width":1170,"height":700},{"@type":"BreadcrumbList","@id":"https:\/\/www.fatosefotosnews.com.br\/?p=157974#breadcrumb","itemListElement":[{"@type":"ListItem","position":1,"name":"In\u00edcio","item":"https:\/\/www.fatosefotosnews.com.br\/"},{"@type":"ListItem","position":2,"name":"Um dos maiores cartunistas do Brasil, Angeli completa 70 anos"}]},{"@type":"WebSite","@id":"https:\/\/www.fatosefotosnews.com.br\/#website","url":"https:\/\/www.fatosefotosnews.com.br\/","name":"Fatos e Fotos News","description":"Um site de noticial verdadeira e confi\u00e1veis.","publisher":{"@id":"https:\/\/www.fatosefotosnews.com.br\/#organization"},"potentialAction":[{"@type":"SearchAction","target":{"@type":"EntryPoint","urlTemplate":"https:\/\/www.fatosefotosnews.com.br\/?s={search_term_string}"},"query-input":{"@type":"PropertyValueSpecification","valueRequired":true,"valueName":"search_term_string"}}],"inLanguage":"pt-BR"},{"@type":"Organization","@id":"https:\/\/www.fatosefotosnews.com.br\/#organization","name":"Fatos e Fotos News","url":"https:\/\/www.fatosefotosnews.com.br\/","logo":{"@type":"ImageObject","inLanguage":"pt-BR","@id":"https:\/\/www.fatosefotosnews.com.br\/#\/schema\/logo\/image\/","url":"https:\/\/www.fatosefotosnews.com.br\/wp-content\/uploads\/2023\/02\/Fatos-e-Fotos-news-logo.png","contentUrl":"https:\/\/www.fatosefotosnews.com.br\/wp-content\/uploads\/2023\/02\/Fatos-e-Fotos-news-logo.png","width":300,"height":58,"caption":"Fatos e Fotos News"},"image":{"@id":"https:\/\/www.fatosefotosnews.com.br\/#\/schema\/logo\/image\/"}},{"@type":"Person","@id":"https:\/\/www.fatosefotosnews.com.br\/#\/schema\/person\/17b18da658f5277ed99382206a85602f","name":"Mirela Portugal","image":{"@type":"ImageObject","inLanguage":"pt-BR","@id":"https:\/\/secure.gravatar.com\/avatar\/2f92fb43fda38d1a46cf4a155e1c2951193d91d9bed3df97fce720eeb9595d08?s=96&d=mm&r=g","url":"https:\/\/secure.gravatar.com\/avatar\/2f92fb43fda38d1a46cf4a155e1c2951193d91d9bed3df97fce720eeb9595d08?s=96&d=mm&r=g","contentUrl":"https:\/\/secure.gravatar.com\/avatar\/2f92fb43fda38d1a46cf4a155e1c2951193d91d9bed3df97fce720eeb9595d08?s=96&d=mm&r=g","caption":"Mirela Portugal"},"sameAs":["http:\/\/fatosefotosnews.com.br"],"url":"https:\/\/www.fatosefotosnews.com.br\/?author=12"}]}},"jetpack_publicize_connections":[],"blog_post_layout_featured_media_urls":{"thumbnail":["https:\/\/www.fatosefotosnews.com.br\/wp-content\/uploads\/2026\/08\/angeli_24_horas-150x150.webp",150,150,true],"full":["https:\/\/www.fatosefotosnews.com.br\/wp-content\/uploads\/2026\/08\/angeli_24_horas.webp",1170,700,false]},"categories_names":{"167":{"name":"Geral","link":"https:\/\/www.fatosefotosnews.com.br\/?cat=167"}},"tags_names":{"2897":{"name":"angeli","link":"https:\/\/www.fatosefotosnews.com.br\/?tag=angeli"},"179":{"name":"Brasil","link":"https:\/\/www.fatosefotosnews.com.br\/?tag=brasil"},"29266":{"name":"cartunistas","link":"https:\/\/www.fatosefotosnews.com.br\/?tag=cartunistas"},"442":{"name":"completa","link":"https:\/\/www.fatosefotosnews.com.br\/?tag=completa"},"2863":{"name":"maiores","link":"https:\/\/www.fatosefotosnews.com.br\/?tag=maiores"}},"comments_number":"0","wpmagazine_modules_lite_featured_media_urls":{"thumbnail":["https:\/\/www.fatosefotosnews.com.br\/wp-content\/uploads\/2026\/08\/angeli_24_horas-150x150.webp",150,150,true],"cvmm-medium":["https:\/\/www.fatosefotosnews.com.br\/wp-content\/uploads\/2026\/08\/angeli_24_horas-300x300.webp",300,300,true],"cvmm-medium-plus":["https:\/\/www.fatosefotosnews.com.br\/wp-content\/uploads\/2026\/08\/angeli_24_horas-305x207.webp",305,207,true],"cvmm-portrait":["https:\/\/www.fatosefotosnews.com.br\/wp-content\/uploads\/2026\/08\/angeli_24_horas-400x600.webp",400,600,true],"cvmm-medium-square":["https:\/\/www.fatosefotosnews.com.br\/wp-content\/uploads\/2026\/08\/angeli_24_horas-600x600.webp",600,600,true],"cvmm-large":["https:\/\/www.fatosefotosnews.com.br\/wp-content\/uploads\/2026\/08\/angeli_24_horas-1024x700.webp",1024,700,true],"cvmm-small":["https:\/\/www.fatosefotosnews.com.br\/wp-content\/uploads\/2026\/08\/angeli_24_horas-130x95.webp",130,95,true],"full":["https:\/\/www.fatosefotosnews.com.br\/wp-content\/uploads\/2026\/08\/angeli_24_horas.webp",1170,700,false]},"_links":{"self":[{"href":"https:\/\/www.fatosefotosnews.com.br\/index.php?rest_route=\/wp\/v2\/posts\/157974","targetHints":{"allow":["GET"]}}],"collection":[{"href":"https:\/\/www.fatosefotosnews.com.br\/index.php?rest_route=\/wp\/v2\/posts"}],"about":[{"href":"https:\/\/www.fatosefotosnews.com.br\/index.php?rest_route=\/wp\/v2\/types\/post"}],"author":[{"embeddable":true,"href":"https:\/\/www.fatosefotosnews.com.br\/index.php?rest_route=\/wp\/v2\/users\/12"}],"replies":[{"embeddable":true,"href":"https:\/\/www.fatosefotosnews.com.br\/index.php?rest_route=%2Fwp%2Fv2%2Fcomments&post=157974"}],"version-history":[{"count":1,"href":"https:\/\/www.fatosefotosnews.com.br\/index.php?rest_route=\/wp\/v2\/posts\/157974\/revisions"}],"predecessor-version":[{"id":157975,"href":"https:\/\/www.fatosefotosnews.com.br\/index.php?rest_route=\/wp\/v2\/posts\/157974\/revisions\/157975"}],"wp:featuredmedia":[{"embeddable":true,"href":"https:\/\/www.fatosefotosnews.com.br\/index.php?rest_route=\/wp\/v2\/media\/157962"}],"wp:attachment":[{"href":"https:\/\/www.fatosefotosnews.com.br\/index.php?rest_route=%2Fwp%2Fv2%2Fmedia&parent=157974"}],"wp:term":[{"taxonomy":"category","embeddable":true,"href":"https:\/\/www.fatosefotosnews.com.br\/index.php?rest_route=%2Fwp%2Fv2%2Fcategories&post=157974"},{"taxonomy":"post_tag","embeddable":true,"href":"https:\/\/www.fatosefotosnews.com.br\/index.php?rest_route=%2Fwp%2Fv2%2Ftags&post=157974"}],"curies":[{"name":"wp","href":"https:\/\/api.w.org\/{rel}","templated":true}]}}