{"id":157978,"date":"2026-09-01T08:00:28","date_gmt":"2026-09-01T11:00:28","guid":{"rendered":"https:\/\/www.fatosefotosnews.com.br\/?p=157978"},"modified":"2026-08-31T20:37:38","modified_gmt":"2026-08-31T23:37:38","slug":"renan-santos-diz-que-vai-pedir-liminar-contra-suspensao-de-candidatura","status":"publish","type":"post","link":"https:\/\/www.fatosefotosnews.com.br\/?p=157978","title":{"rendered":"Renan Santos diz que vai pedir liminar contra suspens\u00e3o de candidatura"},"content":{"rendered":"<p>Foto:\u00a0 Paulo Pinto\/Ag\u00eancia Brasil<\/p>\n<div id=\"block-tts-block-tts\" class=\"block block-tts\">\n<div class=\"content\">\n<div id=\"tts-container\" class=\"container-audio rel-position\">\n<div class=\"title abs-position\"><\/div>\n<\/div>\n<\/div>\n<\/div>\n<div class=\"conteudo-noticia\">\n<p><strong>O candidato \u00e0 Presid\u00eancia da Rep\u00fablica Renan Santos (Miss\u00e3o) disse nesta segunda-feira (31) que sua campanha ir\u00e1 protocolar ainda hoje um pedido de liminar contra a\u00a0<a href=\"https:\/\/agenciabrasil.ebc.com.br\/justica\/noticia\/2026-08\/toffoli-suspende-propaganda-de-renan-santos-na-internet\">decis\u00e3o do ministro Dias Toffoli<\/a>, do Tribunal Superior Eleitoral (TSE), de suspender a propaganda eleitoral do candidato.\u00a0\u00a0\u00a0<\/strong><img decoding=\"async\" src=\"https:\/\/agenciabrasil.ebc.com.br\/ebc.png?id=1701133&amp;o=node\" \/><img decoding=\"async\" src=\"https:\/\/agenciabrasil.ebc.com.br\/ebc.gif?id=1701133&amp;o=node\" \/><\/p>\n<p>\u201cFoi uma inflex\u00e3o autorit\u00e1ria. N\u00e3o d\u00e1 para justificar de maneira racional\u201d, declarou Renan.<\/p>\n<p>A decis\u00e3o tamb\u00e9m suspendeu os repasses do Fundo Especial de Financiamento de Campanha (FEFC) para o candidato e proibiu sua participa\u00e7\u00e3o em debates realizados em televis\u00e3o, r\u00e1dio e podcasts.<\/p>\n<p>As medidas do ministro ter\u00e3o validade at\u00e9 a decis\u00e3o final do TSE sobre o caso. O partido entrar\u00e1 com recurso direcionado ao presidente do TSE, ministro Nunes Marques.<\/p>\n<p><strong>Segundo Toffoli, o partido Miss\u00e3o deixou de informar \u00e0 Justi\u00e7a Eleitoral perfis de propaganda do candidato nas redes sociais.\u00a0\u00a0<\/strong>Na decis\u00e3o, o ministro pontuou que 16 perfis ligados ao candidato foram informados ao TSE 12 dias ap\u00f3s o per\u00edodo de registro de candidatura.<\/p>\n<p>A suspens\u00e3o est\u00e1 relacionada \u00e0s regras eleitorais para a propaganda na internet, que exigem o registro dos perfis oficiais de candidatos e partidos. Os candidatos devem informar \u00e0 Justi\u00e7a Eleitoral todos perfis oficiais que ser\u00e3o usados na campanha, permitindo assim que os canais oficialmente vinculados a campanhas possam ser fiscalizados.<\/p>\n<p>De acordo com o advogado Arthur Rollo, que representa o candidato, como a medida bloqueia qualquer possibilidade de campanha que n\u00e3o seja o corpo a corpo, ela paralisa a campanha.<\/p>\n<p>\u201cEm uma campanha de 45 dias, com poucos recursos, dois ou tr\u00eas dias fora s\u00e3o irrevers\u00edveis, mas irei ao TSE sustentar nossa posi\u00e7\u00e3o\u201d, disse o defensor.<\/p>\n<p><strong>Segundo a defesa de Renan Santos, a campanha n\u00e3o teve direito ao contradit\u00f3rio e \u00e0 defesa.<\/strong><\/p>\n<\/div>\n","protected":false},"excerpt":{"rendered":"<p>Foto:\u00a0 Paulo Pinto\/Ag\u00eancia Brasil O candidato \u00e0 Presid\u00eancia da Rep\u00fablica Renan Santos (Miss\u00e3o) disse nesta segunda-feira (31) que sua campanha ir\u00e1 protocolar ainda hoje um pedido de liminar contra a\u00a0decis\u00e3o do ministro Dias Toffoli, do Tribunal Superior Eleitoral (TSE), de suspender a propaganda eleitoral do candidato.\u00a0\u00a0\u00a0 \u201cFoi uma inflex\u00e3o autorit\u00e1ria. N\u00e3o d\u00e1 para justificar de [&hellip;]<\/p>\n","protected":false},"author":12,"featured_media":157960,"comment_status":"closed","ping_status":"open","sticky":false,"template":"","format":"standard","meta":{"_acf_changed":false,"_angie_page":false,"_monsterinsights_skip_tracking":false,"_themeisle_gutenberg_block_has_review":false,"page_builder":"","footnotes":"","jetpack_publicize_message":"","jetpack_publicize_feature_enabled":true,"jetpack_social_post_already_shared":true,"jetpack_social_options":{"image_generator_settings":{"template":"highway","default_image_id":0,"font":"","enabled":false},"version":2}},"categories":[29246,167],"tags":[6003,473,1668,407,1799,1020,695],"class_list":["post-157978","post","type-post","status-publish","format-standard","has-post-thumbnail","hentry","category-eleicoes-2026","category-geral","tag-candidatura","tag-contra","tag-liminar","tag-pedir","tag-renan","tag-santos","tag-suspens"],"acf":[],"nelio_content":{"autoShareEndMode":"never","automationSources":{"useCustomSentences":false,"customSentences":[]},"efiAlt":"","efiUrl":"","followers":[12],"highlights":[],"isAutoShareEnabled":true,"networkImageIds":[],"permalinkQueryArgs":[],"series":[],"suggestedReferences":[]},"yoast_head":"<!-- This site is optimized with the Yoast SEO plugin v28.3 - https:\/\/yoast.com\/product\/yoast-seo-wordpress\/ -->\n<title>Renan Santos diz que vai pedir liminar contra suspens\u00e3o de candidatura - Fatos e Fotos News<\/title>\n<meta name=\"robots\" content=\"index, follow, max-snippet:-1, max-image-preview:large, max-video-preview:-1\" \/>\n<link rel=\"canonical\" href=\"https:\/\/www.fatosefotosnews.com.br\/?p=157978\" \/>\n<meta property=\"og:locale\" content=\"pt_BR\" \/>\n<meta property=\"og:type\" content=\"article\" \/>\n<meta property=\"og:title\" content=\"Renan Santos diz que vai pedir liminar contra suspens\u00e3o de candidatura - Fatos e Fotos News\" \/>\n<meta property=\"og:description\" content=\"Foto:\u00a0 Paulo Pinto\/Ag\u00eancia Brasil O candidato \u00e0 Presid\u00eancia da Rep\u00fablica Renan Santos (Miss\u00e3o) disse nesta segunda-feira (31) que sua campanha ir\u00e1 protocolar ainda hoje um pedido de liminar contra a\u00a0decis\u00e3o do ministro Dias Toffoli, do Tribunal Superior Eleitoral (TSE), de suspender a propaganda eleitoral do candidato.\u00a0\u00a0\u00a0 \u201cFoi uma inflex\u00e3o autorit\u00e1ria. N\u00e3o d\u00e1 para justificar de [&hellip;]\" \/>\n<meta property=\"og:url\" content=\"https:\/\/www.fatosefotosnews.com.br\/?p=157978\" \/>\n<meta property=\"og:site_name\" content=\"Fatos e Fotos News\" \/>\n<meta property=\"article:published_time\" content=\"2026-09-01T11:00:28+00:00\" \/>\n<meta property=\"og:image\" content=\"https:\/\/www.fatosefotosnews.com.br\/wp-content\/uploads\/2026\/08\/int9475.webp\" \/>\n\t<meta property=\"og:image:width\" content=\"1170\" \/>\n\t<meta property=\"og:image:height\" content=\"700\" \/>\n\t<meta property=\"og:image:type\" content=\"image\/webp\" \/>\n<meta name=\"author\" content=\"Mirela Portugal\" \/>\n<meta name=\"twitter:card\" content=\"summary_large_image\" \/>\n<meta name=\"twitter:label1\" content=\"Escrito por\" \/>\n\t<meta name=\"twitter:data1\" content=\"Mirela Portugal\" \/>\n\t<meta name=\"twitter:label2\" content=\"Est. tempo de leitura\" \/>\n\t<meta name=\"twitter:data2\" content=\"3 minutos\" \/>\n<script type=\"application\/ld+json\" class=\"yoast-schema-graph\">{\"@context\":\"https:\\\/\\\/schema.org\",\"@graph\":[{\"@type\":\"Article\",\"@id\":\"https:\\\/\\\/www.fatosefotosnews.com.br\\\/?p=157978#article\",\"isPartOf\":{\"@id\":\"https:\\\/\\\/www.fatosefotosnews.com.br\\\/?p=157978\"},\"author\":{\"name\":\"Mirela Portugal\",\"@id\":\"https:\\\/\\\/www.fatosefotosnews.com.br\\\/#\\\/schema\\\/person\\\/17b18da658f5277ed99382206a85602f\"},\"headline\":\"Renan Santos diz que vai pedir liminar contra suspens\u00e3o de candidatura\",\"datePublished\":\"2026-09-01T11:00:28+00:00\",\"mainEntityOfPage\":{\"@id\":\"https:\\\/\\\/www.fatosefotosnews.com.br\\\/?p=157978\"},\"wordCount\":317,\"publisher\":{\"@id\":\"https:\\\/\\\/www.fatosefotosnews.com.br\\\/#organization\"},\"image\":{\"@id\":\"https:\\\/\\\/www.fatosefotosnews.com.br\\\/?p=157978#primaryimage\"},\"thumbnailUrl\":\"https:\\\/\\\/www.fatosefotosnews.com.br\\\/wp-content\\\/uploads\\\/2026\\\/08\\\/int9475.webp\",\"keywords\":[\"candidatura\",\"contra\",\"liminar\",\"pedir\",\"renan\",\"santos\",\"suspens\"],\"articleSection\":[\"Elei\u00e7\u00f5es 2026\",\"Geral\"],\"inLanguage\":\"pt-BR\"},{\"@type\":\"WebPage\",\"@id\":\"https:\\\/\\\/www.fatosefotosnews.com.br\\\/?p=157978\",\"url\":\"https:\\\/\\\/www.fatosefotosnews.com.br\\\/?p=157978\",\"name\":\"Renan Santos diz que vai pedir liminar contra suspens\u00e3o de candidatura - Fatos e Fotos News\",\"isPartOf\":{\"@id\":\"https:\\\/\\\/www.fatosefotosnews.com.br\\\/#website\"},\"primaryImageOfPage\":{\"@id\":\"https:\\\/\\\/www.fatosefotosnews.com.br\\\/?p=157978#primaryimage\"},\"image\":{\"@id\":\"https:\\\/\\\/www.fatosefotosnews.com.br\\\/?p=157978#primaryimage\"},\"thumbnailUrl\":\"https:\\\/\\\/www.fatosefotosnews.com.br\\\/wp-content\\\/uploads\\\/2026\\\/08\\\/int9475.webp\",\"datePublished\":\"2026-09-01T11:00:28+00:00\",\"breadcrumb\":{\"@id\":\"https:\\\/\\\/www.fatosefotosnews.com.br\\\/?p=157978#breadcrumb\"},\"inLanguage\":\"pt-BR\",\"potentialAction\":[{\"@type\":\"ReadAction\",\"target\":[\"https:\\\/\\\/www.fatosefotosnews.com.br\\\/?p=157978\"]}]},{\"@type\":\"ImageObject\",\"inLanguage\":\"pt-BR\",\"@id\":\"https:\\\/\\\/www.fatosefotosnews.com.br\\\/?p=157978#primaryimage\",\"url\":\"https:\\\/\\\/www.fatosefotosnews.com.br\\\/wp-content\\\/uploads\\\/2026\\\/08\\\/int9475.webp\",\"contentUrl\":\"https:\\\/\\\/www.fatosefotosnews.com.br\\\/wp-content\\\/uploads\\\/2026\\\/08\\\/int9475.webp\",\"width\":1170,\"height\":700},{\"@type\":\"BreadcrumbList\",\"@id\":\"https:\\\/\\\/www.fatosefotosnews.com.br\\\/?p=157978#breadcrumb\",\"itemListElement\":[{\"@type\":\"ListItem\",\"position\":1,\"name\":\"In\u00edcio\",\"item\":\"https:\\\/\\\/www.fatosefotosnews.com.br\\\/\"},{\"@type\":\"ListItem\",\"position\":2,\"name\":\"Renan Santos diz que vai pedir liminar contra suspens\u00e3o de candidatura\"}]},{\"@type\":\"WebSite\",\"@id\":\"https:\\\/\\\/www.fatosefotosnews.com.br\\\/#website\",\"url\":\"https:\\\/\\\/www.fatosefotosnews.com.br\\\/\",\"name\":\"Fatos e Fotos News\",\"description\":\"Um site de noticial verdadeira e confi\u00e1veis.\",\"publisher\":{\"@id\":\"https:\\\/\\\/www.fatosefotosnews.com.br\\\/#organization\"},\"potentialAction\":[{\"@type\":\"SearchAction\",\"target\":{\"@type\":\"EntryPoint\",\"urlTemplate\":\"https:\\\/\\\/www.fatosefotosnews.com.br\\\/?s={search_term_string}\"},\"query-input\":{\"@type\":\"PropertyValueSpecification\",\"valueRequired\":true,\"valueName\":\"search_term_string\"}}],\"inLanguage\":\"pt-BR\"},{\"@type\":\"Organization\",\"@id\":\"https:\\\/\\\/www.fatosefotosnews.com.br\\\/#organization\",\"name\":\"Fatos e Fotos News\",\"url\":\"https:\\\/\\\/www.fatosefotosnews.com.br\\\/\",\"logo\":{\"@type\":\"ImageObject\",\"inLanguage\":\"pt-BR\",\"@id\":\"https:\\\/\\\/www.fatosefotosnews.com.br\\\/#\\\/schema\\\/logo\\\/image\\\/\",\"url\":\"https:\\\/\\\/www.fatosefotosnews.com.br\\\/wp-content\\\/uploads\\\/2023\\\/02\\\/Fatos-e-Fotos-news-logo.png\",\"contentUrl\":\"https:\\\/\\\/www.fatosefotosnews.com.br\\\/wp-content\\\/uploads\\\/2023\\\/02\\\/Fatos-e-Fotos-news-logo.png\",\"width\":300,\"height\":58,\"caption\":\"Fatos e Fotos News\"},\"image\":{\"@id\":\"https:\\\/\\\/www.fatosefotosnews.com.br\\\/#\\\/schema\\\/logo\\\/image\\\/\"}},{\"@type\":\"Person\",\"@id\":\"https:\\\/\\\/www.fatosefotosnews.com.br\\\/#\\\/schema\\\/person\\\/17b18da658f5277ed99382206a85602f\",\"name\":\"Mirela Portugal\",\"image\":{\"@type\":\"ImageObject\",\"inLanguage\":\"pt-BR\",\"@id\":\"https:\\\/\\\/secure.gravatar.com\\\/avatar\\\/2f92fb43fda38d1a46cf4a155e1c2951193d91d9bed3df97fce720eeb9595d08?s=96&d=mm&r=g\",\"url\":\"https:\\\/\\\/secure.gravatar.com\\\/avatar\\\/2f92fb43fda38d1a46cf4a155e1c2951193d91d9bed3df97fce720eeb9595d08?s=96&d=mm&r=g\",\"contentUrl\":\"https:\\\/\\\/secure.gravatar.com\\\/avatar\\\/2f92fb43fda38d1a46cf4a155e1c2951193d91d9bed3df97fce720eeb9595d08?s=96&d=mm&r=g\",\"caption\":\"Mirela Portugal\"},\"sameAs\":[\"http:\\\/\\\/fatosefotosnews.com.br\"],\"url\":\"https:\\\/\\\/www.fatosefotosnews.com.br\\\/?author=12\"}]}<\/script>\n<!-- \/ Yoast SEO plugin. -->","yoast_head_json":{"title":"Renan Santos diz que vai pedir liminar contra suspens\u00e3o de candidatura - Fatos e Fotos News","robots":{"index":"index","follow":"follow","max-snippet":"max-snippet:-1","max-image-preview":"max-image-preview:large","max-video-preview":"max-video-preview:-1"},"canonical":"https:\/\/www.fatosefotosnews.com.br\/?p=157978","og_locale":"pt_BR","og_type":"article","og_title":"Renan Santos diz que vai pedir liminar contra suspens\u00e3o de candidatura - Fatos e Fotos News","og_description":"Foto:\u00a0 Paulo Pinto\/Ag\u00eancia Brasil O candidato \u00e0 Presid\u00eancia da Rep\u00fablica Renan Santos (Miss\u00e3o) disse nesta segunda-feira (31) que sua campanha ir\u00e1 protocolar ainda hoje um pedido de liminar contra a\u00a0decis\u00e3o do ministro Dias Toffoli, do Tribunal Superior Eleitoral (TSE), de suspender a propaganda eleitoral do candidato.\u00a0\u00a0\u00a0 \u201cFoi uma inflex\u00e3o autorit\u00e1ria. N\u00e3o d\u00e1 para justificar de [&hellip;]","og_url":"https:\/\/www.fatosefotosnews.com.br\/?p=157978","og_site_name":"Fatos e Fotos News","article_published_time":"2026-09-01T11:00:28+00:00","og_image":[{"width":1170,"height":700,"url":"https:\/\/www.fatosefotosnews.com.br\/wp-content\/uploads\/2026\/08\/int9475.webp","type":"image\/webp"}],"author":"Mirela Portugal","twitter_card":"summary_large_image","twitter_misc":{"Escrito por":"Mirela Portugal","Est. tempo de leitura":"3 minutos"},"schema":{"@context":"https:\/\/schema.org","@graph":[{"@type":"Article","@id":"https:\/\/www.fatosefotosnews.com.br\/?p=157978#article","isPartOf":{"@id":"https:\/\/www.fatosefotosnews.com.br\/?p=157978"},"author":{"name":"Mirela Portugal","@id":"https:\/\/www.fatosefotosnews.com.br\/#\/schema\/person\/17b18da658f5277ed99382206a85602f"},"headline":"Renan Santos diz que vai pedir liminar contra suspens\u00e3o de candidatura","datePublished":"2026-09-01T11:00:28+00:00","mainEntityOfPage":{"@id":"https:\/\/www.fatosefotosnews.com.br\/?p=157978"},"wordCount":317,"publisher":{"@id":"https:\/\/www.fatosefotosnews.com.br\/#organization"},"image":{"@id":"https:\/\/www.fatosefotosnews.com.br\/?p=157978#primaryimage"},"thumbnailUrl":"https:\/\/www.fatosefotosnews.com.br\/wp-content\/uploads\/2026\/08\/int9475.webp","keywords":["candidatura","contra","liminar","pedir","renan","santos","suspens"],"articleSection":["Elei\u00e7\u00f5es 2026","Geral"],"inLanguage":"pt-BR"},{"@type":"WebPage","@id":"https:\/\/www.fatosefotosnews.com.br\/?p=157978","url":"https:\/\/www.fatosefotosnews.com.br\/?p=157978","name":"Renan Santos diz que vai pedir liminar contra suspens\u00e3o de candidatura - Fatos e Fotos News","isPartOf":{"@id":"https:\/\/www.fatosefotosnews.com.br\/#website"},"primaryImageOfPage":{"@id":"https:\/\/www.fatosefotosnews.com.br\/?p=157978#primaryimage"},"image":{"@id":"https:\/\/www.fatosefotosnews.com.br\/?p=157978#primaryimage"},"thumbnailUrl":"https:\/\/www.fatosefotosnews.com.br\/wp-content\/uploads\/2026\/08\/int9475.webp","datePublished":"2026-09-01T11:00:28+00:00","breadcrumb":{"@id":"https:\/\/www.fatosefotosnews.com.br\/?p=157978#breadcrumb"},"inLanguage":"pt-BR","potentialAction":[{"@type":"ReadAction","target":["https:\/\/www.fatosefotosnews.com.br\/?p=157978"]}]},{"@type":"ImageObject","inLanguage":"pt-BR","@id":"https:\/\/www.fatosefotosnews.com.br\/?p=157978#primaryimage","url":"https:\/\/www.fatosefotosnews.com.br\/wp-content\/uploads\/2026\/08\/int9475.webp","contentUrl":"https:\/\/www.fatosefotosnews.com.br\/wp-content\/uploads\/2026\/08\/int9475.webp","width":1170,"height":700},{"@type":"BreadcrumbList","@id":"https:\/\/www.fatosefotosnews.com.br\/?p=157978#breadcrumb","itemListElement":[{"@type":"ListItem","position":1,"name":"In\u00edcio","item":"https:\/\/www.fatosefotosnews.com.br\/"},{"@type":"ListItem","position":2,"name":"Renan Santos diz que vai pedir liminar contra suspens\u00e3o de candidatura"}]},{"@type":"WebSite","@id":"https:\/\/www.fatosefotosnews.com.br\/#website","url":"https:\/\/www.fatosefotosnews.com.br\/","name":"Fatos e Fotos News","description":"Um site de noticial verdadeira e confi\u00e1veis.","publisher":{"@id":"https:\/\/www.fatosefotosnews.com.br\/#organization"},"potentialAction":[{"@type":"SearchAction","target":{"@type":"EntryPoint","urlTemplate":"https:\/\/www.fatosefotosnews.com.br\/?s={search_term_string}"},"query-input":{"@type":"PropertyValueSpecification","valueRequired":true,"valueName":"search_term_string"}}],"inLanguage":"pt-BR"},{"@type":"Organization","@id":"https:\/\/www.fatosefotosnews.com.br\/#organization","name":"Fatos e Fotos News","url":"https:\/\/www.fatosefotosnews.com.br\/","logo":{"@type":"ImageObject","inLanguage":"pt-BR","@id":"https:\/\/www.fatosefotosnews.com.br\/#\/schema\/logo\/image\/","url":"https:\/\/www.fatosefotosnews.com.br\/wp-content\/uploads\/2023\/02\/Fatos-e-Fotos-news-logo.png","contentUrl":"https:\/\/www.fatosefotosnews.com.br\/wp-content\/uploads\/2023\/02\/Fatos-e-Fotos-news-logo.png","width":300,"height":58,"caption":"Fatos e Fotos News"},"image":{"@id":"https:\/\/www.fatosefotosnews.com.br\/#\/schema\/logo\/image\/"}},{"@type":"Person","@id":"https:\/\/www.fatosefotosnews.com.br\/#\/schema\/person\/17b18da658f5277ed99382206a85602f","name":"Mirela Portugal","image":{"@type":"ImageObject","inLanguage":"pt-BR","@id":"https:\/\/secure.gravatar.com\/avatar\/2f92fb43fda38d1a46cf4a155e1c2951193d91d9bed3df97fce720eeb9595d08?s=96&d=mm&r=g","url":"https:\/\/secure.gravatar.com\/avatar\/2f92fb43fda38d1a46cf4a155e1c2951193d91d9bed3df97fce720eeb9595d08?s=96&d=mm&r=g","contentUrl":"https:\/\/secure.gravatar.com\/avatar\/2f92fb43fda38d1a46cf4a155e1c2951193d91d9bed3df97fce720eeb9595d08?s=96&d=mm&r=g","caption":"Mirela Portugal"},"sameAs":["http:\/\/fatosefotosnews.com.br"],"url":"https:\/\/www.fatosefotosnews.com.br\/?author=12"}]}},"jetpack_publicize_connections":[],"blog_post_layout_featured_media_urls":{"thumbnail":["https:\/\/www.fatosefotosnews.com.br\/wp-content\/uploads\/2026\/08\/int9475-150x150.webp",150,150,true],"full":["https:\/\/www.fatosefotosnews.com.br\/wp-content\/uploads\/2026\/08\/int9475.webp",1170,700,false]},"categories_names":{"29246":{"name":"Elei\u00e7\u00f5es 2026","link":"https:\/\/www.fatosefotosnews.com.br\/?cat=29246"},"167":{"name":"Geral","link":"https:\/\/www.fatosefotosnews.com.br\/?cat=167"}},"tags_names":{"6003":{"name":"candidatura","link":"https:\/\/www.fatosefotosnews.com.br\/?tag=candidatura"},"473":{"name":"contra","link":"https:\/\/www.fatosefotosnews.com.br\/?tag=contra"},"1668":{"name":"liminar","link":"https:\/\/www.fatosefotosnews.com.br\/?tag=liminar"},"407":{"name":"pedir","link":"https:\/\/www.fatosefotosnews.com.br\/?tag=pedir"},"1799":{"name":"renan","link":"https:\/\/www.fatosefotosnews.com.br\/?tag=renan"},"1020":{"name":"santos","link":"https:\/\/www.fatosefotosnews.com.br\/?tag=santos"},"695":{"name":"suspens","link":"https:\/\/www.fatosefotosnews.com.br\/?tag=suspens"}},"comments_number":"0","wpmagazine_modules_lite_featured_media_urls":{"thumbnail":["https:\/\/www.fatosefotosnews.com.br\/wp-content\/uploads\/2026\/08\/int9475-150x150.webp",150,150,true],"cvmm-medium":["https:\/\/www.fatosefotosnews.com.br\/wp-content\/uploads\/2026\/08\/int9475-300x300.webp",300,300,true],"cvmm-medium-plus":["https:\/\/www.fatosefotosnews.com.br\/wp-content\/uploads\/2026\/08\/int9475-305x207.webp",305,207,true],"cvmm-portrait":["https:\/\/www.fatosefotosnews.com.br\/wp-content\/uploads\/2026\/08\/int9475-400x600.webp",400,600,true],"cvmm-medium-square":["https:\/\/www.fatosefotosnews.com.br\/wp-content\/uploads\/2026\/08\/int9475-600x600.webp",600,600,true],"cvmm-large":["https:\/\/www.fatosefotosnews.com.br\/wp-content\/uploads\/2026\/08\/int9475-1024x700.webp",1024,700,true],"cvmm-small":["https:\/\/www.fatosefotosnews.com.br\/wp-content\/uploads\/2026\/08\/int9475-130x95.webp",130,95,true],"full":["https:\/\/www.fatosefotosnews.com.br\/wp-content\/uploads\/2026\/08\/int9475.webp",1170,700,false]},"_links":{"self":[{"href":"https:\/\/www.fatosefotosnews.com.br\/index.php?rest_route=\/wp\/v2\/posts\/157978","targetHints":{"allow":["GET"]}}],"collection":[{"href":"https:\/\/www.fatosefotosnews.com.br\/index.php?rest_route=\/wp\/v2\/posts"}],"about":[{"href":"https:\/\/www.fatosefotosnews.com.br\/index.php?rest_route=\/wp\/v2\/types\/post"}],"author":[{"embeddable":true,"href":"https:\/\/www.fatosefotosnews.com.br\/index.php?rest_route=\/wp\/v2\/users\/12"}],"replies":[{"embeddable":true,"href":"https:\/\/www.fatosefotosnews.com.br\/index.php?rest_route=%2Fwp%2Fv2%2Fcomments&post=157978"}],"version-history":[{"count":2,"href":"https:\/\/www.fatosefotosnews.com.br\/index.php?rest_route=\/wp\/v2\/posts\/157978\/revisions"}],"predecessor-version":[{"id":157980,"href":"https:\/\/www.fatosefotosnews.com.br\/index.php?rest_route=\/wp\/v2\/posts\/157978\/revisions\/157980"}],"wp:featuredmedia":[{"embeddable":true,"href":"https:\/\/www.fatosefotosnews.com.br\/index.php?rest_route=\/wp\/v2\/media\/157960"}],"wp:attachment":[{"href":"https:\/\/www.fatosefotosnews.com.br\/index.php?rest_route=%2Fwp%2Fv2%2Fmedia&parent=157978"}],"wp:term":[{"taxonomy":"category","embeddable":true,"href":"https:\/\/www.fatosefotosnews.com.br\/index.php?rest_route=%2Fwp%2Fv2%2Fcategories&post=157978"},{"taxonomy":"post_tag","embeddable":true,"href":"https:\/\/www.fatosefotosnews.com.br\/index.php?rest_route=%2Fwp%2Fv2%2Ftags&post=157978"}],"curies":[{"name":"wp","href":"https:\/\/api.w.org\/{rel}","templated":true}]}}