{"id":157985,"date":"2026-09-01T17:23:24","date_gmt":"2026-09-01T20:23:24","guid":{"rendered":"https:\/\/www.fatosefotosnews.com.br\/?p=157985"},"modified":"2026-09-01T17:24:22","modified_gmt":"2026-09-01T20:24:22","slug":"carreta-escola-ficara-na-regiao-de-8-de-setembro-a-5-de-outubro-com-oficinas-gratuitas-de-redes-sociais-trafego-pago-fotografia-e-producao-audiovisual","status":"publish","type":"post","link":"https:\/\/www.fatosefotosnews.com.br\/?p=157985","title":{"rendered":"CriAtiva leva ao Guar\u00e1 cursos gratuitos de comunica\u00e7\u00e3o, marketing digital, fotografia e produ\u00e7\u00e3o audiovisual"},"content":{"rendered":"<p>Fotos: Divulga\u00e7\u00e3o<\/p>\n<p><em>Carreta-escola ficar\u00e1 na regi\u00e3o de 8 de setembro a 5 de outubro com oficinas gratuitas de redes sociais, tr\u00e1fego pago, fotografia e produ\u00e7\u00e3o audiovisual<\/em><\/p>\n<p>Moradores do Guar\u00e1 ter\u00e3o acesso a cursos gratuitos nas \u00e1reas de comunica\u00e7\u00e3o, audiovisual e marketing digital a partir de 8 de setembro. A iniciativa faz parte do projeto CriAtiva \u2013 Comunica\u00e7\u00e3o, Cultura e Audiovisual, que levar\u00e1 uma carreta adaptada como sala de aula para quatro regi\u00f5es administrativas do Distrito Federal.<\/p>\n<p>No Guar\u00e1, a estrutura ficar\u00e1 instalada na QE 25, \u00c1rea Especial, em frente \u00e0 Administra\u00e7\u00e3o Regional, at\u00e9 5 de outubro. A programa\u00e7\u00e3o \u00e9 voltada para jovens e adultos a partir de 16 anos e re\u00fane atividades que combinam conhecimentos t\u00e9cnicos e pr\u00e1tica em \u00e1reas cada vez mais presentes no mercado de trabalho e na economia criativa.<\/p>\n<p><img fetchpriority=\"high\" decoding=\"async\" class=\"alignnone size-medium wp-image-157989\" src=\"https:\/\/www.fatosefotosnews.com.br\/wp-content\/uploads\/2026\/09\/WhatsApp-Image-2026-09-01-at-13.11.18-2-200x300.jpeg\" alt=\"\" width=\"200\" height=\"300\" srcset=\"https:\/\/www.fatosefotosnews.com.br\/wp-content\/uploads\/2026\/09\/WhatsApp-Image-2026-09-01-at-13.11.18-2-200x300.jpeg 200w, https:\/\/www.fatosefotosnews.com.br\/wp-content\/uploads\/2026\/09\/WhatsApp-Image-2026-09-01-at-13.11.18-2-682x1024.jpeg 682w, https:\/\/www.fatosefotosnews.com.br\/wp-content\/uploads\/2026\/09\/WhatsApp-Image-2026-09-01-at-13.11.18-2-768x1153.jpeg 768w, https:\/\/www.fatosefotosnews.com.br\/wp-content\/uploads\/2026\/09\/WhatsApp-Image-2026-09-01-at-13.11.18-2-1023x1536.jpeg 1023w, https:\/\/www.fatosefotosnews.com.br\/wp-content\/uploads\/2026\/09\/WhatsApp-Image-2026-09-01-at-13.11.18-2-600x900.jpeg 600w, https:\/\/www.fatosefotosnews.com.br\/wp-content\/uploads\/2026\/09\/WhatsApp-Image-2026-09-01-at-13.11.18-2-400x600.jpeg 400w, https:\/\/www.fatosefotosnews.com.br\/wp-content\/uploads\/2026\/09\/WhatsApp-Image-2026-09-01-at-13.11.18-2.jpeg 1066w\" sizes=\"(max-width: 200px) 100vw, 200px\" \/><\/p>\n<p>Entre as op\u00e7\u00f5es est\u00e3o oficinas de Gerenciamento de Redes Sociais, Tr\u00e1fego Pago e Estrat\u00e9gias Digitais, Fotografia Digital e Produ\u00e7\u00e3o Audiovisual. A proposta \u00e9 oferecer aos participantes ferramentas que possam ser utilizadas tanto na busca por oportunidades profissionais quanto no desenvolvimento de projetos pr\u00f3prios, iniciativas culturais e pequenos neg\u00f3cios.<\/p>\n<p>A presen\u00e7a\u00a0<img decoding=\"async\" class=\"wp-image-157988 alignleft\" src=\"https:\/\/www.fatosefotosnews.com.br\/wp-content\/uploads\/2026\/09\/WhatsApp-Image-2026-09-01-at-13.11.19-200x300.jpeg\" alt=\"\" width=\"414\" height=\"621\" srcset=\"https:\/\/www.fatosefotosnews.com.br\/wp-content\/uploads\/2026\/09\/WhatsApp-Image-2026-09-01-at-13.11.19-200x300.jpeg 200w, https:\/\/www.fatosefotosnews.com.br\/wp-content\/uploads\/2026\/09\/WhatsApp-Image-2026-09-01-at-13.11.19-682x1024.jpeg 682w, https:\/\/www.fatosefotosnews.com.br\/wp-content\/uploads\/2026\/09\/WhatsApp-Image-2026-09-01-at-13.11.19-768x1153.jpeg 768w, https:\/\/www.fatosefotosnews.com.br\/wp-content\/uploads\/2026\/09\/WhatsApp-Image-2026-09-01-at-13.11.19-1023x1536.jpeg 1023w, https:\/\/www.fatosefotosnews.com.br\/wp-content\/uploads\/2026\/09\/WhatsApp-Image-2026-09-01-at-13.11.19-600x900.jpeg 600w, https:\/\/www.fatosefotosnews.com.br\/wp-content\/uploads\/2026\/09\/WhatsApp-Image-2026-09-01-at-13.11.19-400x600.jpeg 400w, https:\/\/www.fatosefotosnews.com.br\/wp-content\/uploads\/2026\/09\/WhatsApp-Image-2026-09-01-at-13.11.19.jpeg 1066w\" sizes=\"(max-width: 414px) 100vw, 414px\" \/>da carreta no Guar\u00e1 tamb\u00e9m\u00a0busca facilitar o acesso \u00e0 capacita\u00e7\u00e3o profissional sem que os moradores precisem se deslocar para outras regi\u00f5es. Com aulas em diferentes hor\u00e1rios, o projeto permite que estudantes, trabalhadores e pessoas interessadas em aprender novas ferramentas possam conciliar as atividades com a rotina.<\/p>\n<p>As oficinas ser\u00e3o realizadas nos per\u00edodos da manh\u00e3 e da tarde:<\/p>\n<p><strong>Fotografia Digital:<\/strong> 8h \u00e0s 10h e 14h \u00e0s 16h<\/p>\n<p><strong>Tr\u00e1fego Pago e Estrat\u00e9gias Digitais:<\/strong> 8h \u00e0s 10h e 16h \u00e0s 18h<br \/>\n<strong>Gerenciamento de Redes Sociais:<\/strong> 10h \u00e0s 12h e 14h \u00e0s 16h<br \/>\n<strong>Produ\u00e7\u00e3o Audiovisual<\/strong>: 10h \u00e0s 12h e 16h \u00e0s 18h<\/p>\n<p>O CriAtiva come\u00e7ou o circuito em S\u00e3o Sebasti\u00e3o, onde permanece at\u00e9 4 de setembro. Depois do Guar\u00e1, a carreta seguir\u00e1 para Ceil\u00e2ndia, de 8 de outubro a 6 de novembro, e encerrar\u00e1 a programa\u00e7\u00e3o em Samambaia, entre 9 de novembro e 8 de dezembro.<\/p>\n<p>A iniciativa \u00e9 fomentada pela Secretaria de Estado de Cultura e Economia Criativa do Distrito Federal (Secec-DF), com realiza\u00e7\u00e3o do Instituto Rede Solid\u00e1ria e apoio das Administra\u00e7\u00f5es Regionais das quatro regi\u00f5es participantes.<\/p>\n<p><strong>Cursos no Guar\u00e1<\/strong><br \/>\n&#8211; Gerenciamento de Redes Sociais<br \/>\n&#8211; Tr\u00e1fego Pago e Estrat\u00e9gias Digitais<br \/>\n&#8211; Fotografia Digital<br \/>\n&#8211; Produ\u00e7\u00e3o Audiovisual<\/p>\n<p><img decoding=\"async\" class=\"wp-image-157987 alignnone\" src=\"https:\/\/www.fatosefotosnews.com.br\/wp-content\/uploads\/2026\/09\/WhatsApp-Image-2026-09-01-at-13.11.19-1-300x200.jpeg\" alt=\"\" width=\"686\" height=\"458\" srcset=\"https:\/\/www.fatosefotosnews.com.br\/wp-content\/uploads\/2026\/09\/WhatsApp-Image-2026-09-01-at-13.11.19-1-300x200.jpeg 300w, https:\/\/www.fatosefotosnews.com.br\/wp-content\/uploads\/2026\/09\/WhatsApp-Image-2026-09-01-at-13.11.19-1-1024x683.jpeg 1024w, https:\/\/www.fatosefotosnews.com.br\/wp-content\/uploads\/2026\/09\/WhatsApp-Image-2026-09-01-at-13.11.19-1-768x512.jpeg 768w, https:\/\/www.fatosefotosnews.com.br\/wp-content\/uploads\/2026\/09\/WhatsApp-Image-2026-09-01-at-13.11.19-1-1200x800.jpeg 1200w, https:\/\/www.fatosefotosnews.com.br\/wp-content\/uploads\/2026\/09\/WhatsApp-Image-2026-09-01-at-13.11.19-1.jpeg 1296w\" sizes=\"(max-width: 686px) 100vw, 686px\" \/><\/p>\n<p>&nbsp;<\/p>\n<p><strong>Servi\u00e7o<\/strong><\/p>\n<p><strong>Projeto:<\/strong> CriAtiva \u2013 Comunica\u00e7\u00e3o, Cultura e Audiovisual<br \/>\n<strong>Per\u00edodo no Guar\u00e1:<\/strong> 8 de setembro a 5 de outubro<br \/>\n<strong>Local:<\/strong> SRIA II, QE 25, \u00c1rea Especial do CAVE, ao lado da Feira do Guar\u00e1 II<br \/>\n<strong>Hor\u00e1rio:<\/strong> oficinas das 8h \u00e0s 18h, conforme a programa\u00e7\u00e3o de cada curso<br \/>\n<strong>Inscri\u00e7\u00f5es:<\/strong> institutoredesolidaria.org.br\/criativa\/<br \/>\n<strong>WhatsApp:<\/strong> (61) 98374-9556<br \/>\n<strong>Fomento:<\/strong> Secretaria de Estado de Cultura e Economia Criativa do Distrito Federal (Secec-DF)<br \/>\n<strong>Realiza\u00e7\u00e3o:<\/strong> Instituto Rede Solid\u00e1ria<br \/>\n<strong>Apoio:<\/strong> Administra\u00e7\u00e3o Regional do Guar\u00e1<\/p>\n","protected":false},"excerpt":{"rendered":"<p>Fotos: Divulga\u00e7\u00e3o Carreta-escola ficar\u00e1 na regi\u00e3o de 8 de setembro a 5 de outubro com oficinas gratuitas de redes sociais, tr\u00e1fego pago, fotografia e produ\u00e7\u00e3o audiovisual Moradores do Guar\u00e1 ter\u00e3o acesso a cursos gratuitos nas \u00e1reas de comunica\u00e7\u00e3o, audiovisual e marketing digital a partir de 8 de setembro. A iniciativa faz parte do projeto CriAtiva [&hellip;]<\/p>\n","protected":false},"author":12,"featured_media":157986,"comment_status":"closed","ping_status":"open","sticky":false,"template":"","format":"standard","meta":{"_acf_changed":false,"_angie_page":false,"_monsterinsights_skip_tracking":false,"_themeisle_gutenberg_block_has_review":false,"page_builder":"","footnotes":"","jetpack_publicize_message":"","jetpack_publicize_feature_enabled":true,"jetpack_social_post_already_shared":true,"jetpack_social_options":{"image_generator_settings":{"template":"highway","default_image_id":0,"font":"","enabled":false},"version":2}},"categories":[4265,24902],"tags":[12798,4551,5715,4668,4666,4517,6308],"class_list":["post-157985","post","type-post","status-publish","format-standard","has-post-thumbnail","hentry","category-cultura","category-educacao","tag-carreta","tag-escola","tag-ficara","tag-gratuitas","tag-oficinas","tag-outubro","tag-setembro"],"acf":[],"nelio_content":{"autoShareEndMode":"never","automationSources":{"useCustomSentences":false,"customSentences":[]},"efiAlt":"","efiUrl":"","followers":[12],"highlights":[],"isAutoShareEnabled":true,"networkImageIds":[],"permalinkQueryArgs":[],"series":[],"suggestedReferences":[]},"yoast_head":"<!-- This site is optimized with the Yoast SEO plugin v28.3 - https:\/\/yoast.com\/product\/yoast-seo-wordpress\/ -->\n<title>CriAtiva leva ao Guar\u00e1 cursos gratuitos de comunica\u00e7\u00e3o, marketing digital, fotografia e produ\u00e7\u00e3o audiovisual - Fatos e Fotos News<\/title>\n<meta name=\"robots\" content=\"index, follow, max-snippet:-1, max-image-preview:large, max-video-preview:-1\" \/>\n<link rel=\"canonical\" href=\"https:\/\/www.fatosefotosnews.com.br\/?p=157985\" \/>\n<meta property=\"og:locale\" content=\"pt_BR\" \/>\n<meta property=\"og:type\" content=\"article\" \/>\n<meta property=\"og:title\" content=\"CriAtiva leva ao Guar\u00e1 cursos gratuitos de comunica\u00e7\u00e3o, marketing digital, fotografia e produ\u00e7\u00e3o audiovisual - Fatos e Fotos News\" \/>\n<meta property=\"og:description\" content=\"Fotos: Divulga\u00e7\u00e3o Carreta-escola ficar\u00e1 na regi\u00e3o de 8 de setembro a 5 de outubro com oficinas gratuitas de redes sociais, tr\u00e1fego pago, fotografia e produ\u00e7\u00e3o audiovisual Moradores do Guar\u00e1 ter\u00e3o acesso a cursos gratuitos nas \u00e1reas de comunica\u00e7\u00e3o, audiovisual e marketing digital a partir de 8 de setembro. A iniciativa faz parte do projeto CriAtiva [&hellip;]\" \/>\n<meta property=\"og:url\" content=\"https:\/\/www.fatosefotosnews.com.br\/?p=157985\" \/>\n<meta property=\"og:site_name\" content=\"Fatos e Fotos News\" \/>\n<meta property=\"article:published_time\" content=\"2026-09-01T20:23:24+00:00\" \/>\n<meta property=\"article:modified_time\" content=\"2026-09-01T20:24:22+00:00\" \/>\n<meta property=\"og:image\" content=\"https:\/\/www.fatosefotosnews.com.br\/wp-content\/uploads\/2026\/09\/WhatsApp-Image-2026-09-01-at-13.11.18-1.jpeg\" \/>\n\t<meta property=\"og:image:width\" content=\"1296\" \/>\n\t<meta property=\"og:image:height\" content=\"864\" \/>\n\t<meta property=\"og:image:type\" content=\"image\/jpeg\" \/>\n<meta name=\"author\" content=\"Mirela Portugal\" \/>\n<meta name=\"twitter:card\" content=\"summary_large_image\" \/>\n<meta name=\"twitter:label1\" content=\"Escrito por\" \/>\n\t<meta name=\"twitter:data1\" content=\"Mirela Portugal\" \/>\n\t<meta name=\"twitter:label2\" content=\"Est. tempo de leitura\" \/>\n\t<meta name=\"twitter:data2\" content=\"4 minutos\" \/>\n<script type=\"application\/ld+json\" class=\"yoast-schema-graph\">{\"@context\":\"https:\\\/\\\/schema.org\",\"@graph\":[{\"@type\":\"Article\",\"@id\":\"https:\\\/\\\/www.fatosefotosnews.com.br\\\/?p=157985#article\",\"isPartOf\":{\"@id\":\"https:\\\/\\\/www.fatosefotosnews.com.br\\\/?p=157985\"},\"author\":{\"name\":\"Mirela Portugal\",\"@id\":\"https:\\\/\\\/www.fatosefotosnews.com.br\\\/#\\\/schema\\\/person\\\/17b18da658f5277ed99382206a85602f\"},\"headline\":\"CriAtiva leva ao Guar\u00e1 cursos gratuitos de comunica\u00e7\u00e3o, marketing digital, fotografia e produ\u00e7\u00e3o audiovisual\",\"datePublished\":\"2026-09-01T20:23:24+00:00\",\"dateModified\":\"2026-09-01T20:24:22+00:00\",\"mainEntityOfPage\":{\"@id\":\"https:\\\/\\\/www.fatosefotosnews.com.br\\\/?p=157985\"},\"wordCount\":499,\"publisher\":{\"@id\":\"https:\\\/\\\/www.fatosefotosnews.com.br\\\/#organization\"},\"image\":{\"@id\":\"https:\\\/\\\/www.fatosefotosnews.com.br\\\/?p=157985#primaryimage\"},\"thumbnailUrl\":\"https:\\\/\\\/www.fatosefotosnews.com.br\\\/wp-content\\\/uploads\\\/2026\\\/09\\\/WhatsApp-Image-2026-09-01-at-13.11.18-1.jpeg\",\"keywords\":[\"carreta\",\"escola\",\"ficara\",\"gratuitas\",\"oficinas\",\"outubro\",\"setembro\"],\"articleSection\":[\"Cultura\",\"Educa\u00e7\u00e3o\"],\"inLanguage\":\"pt-BR\"},{\"@type\":\"WebPage\",\"@id\":\"https:\\\/\\\/www.fatosefotosnews.com.br\\\/?p=157985\",\"url\":\"https:\\\/\\\/www.fatosefotosnews.com.br\\\/?p=157985\",\"name\":\"CriAtiva leva ao Guar\u00e1 cursos gratuitos de comunica\u00e7\u00e3o, marketing digital, fotografia e produ\u00e7\u00e3o audiovisual - Fatos e Fotos News\",\"isPartOf\":{\"@id\":\"https:\\\/\\\/www.fatosefotosnews.com.br\\\/#website\"},\"primaryImageOfPage\":{\"@id\":\"https:\\\/\\\/www.fatosefotosnews.com.br\\\/?p=157985#primaryimage\"},\"image\":{\"@id\":\"https:\\\/\\\/www.fatosefotosnews.com.br\\\/?p=157985#primaryimage\"},\"thumbnailUrl\":\"https:\\\/\\\/www.fatosefotosnews.com.br\\\/wp-content\\\/uploads\\\/2026\\\/09\\\/WhatsApp-Image-2026-09-01-at-13.11.18-1.jpeg\",\"datePublished\":\"2026-09-01T20:23:24+00:00\",\"dateModified\":\"2026-09-01T20:24:22+00:00\",\"breadcrumb\":{\"@id\":\"https:\\\/\\\/www.fatosefotosnews.com.br\\\/?p=157985#breadcrumb\"},\"inLanguage\":\"pt-BR\",\"potentialAction\":[{\"@type\":\"ReadAction\",\"target\":[\"https:\\\/\\\/www.fatosefotosnews.com.br\\\/?p=157985\"]}]},{\"@type\":\"ImageObject\",\"inLanguage\":\"pt-BR\",\"@id\":\"https:\\\/\\\/www.fatosefotosnews.com.br\\\/?p=157985#primaryimage\",\"url\":\"https:\\\/\\\/www.fatosefotosnews.com.br\\\/wp-content\\\/uploads\\\/2026\\\/09\\\/WhatsApp-Image-2026-09-01-at-13.11.18-1.jpeg\",\"contentUrl\":\"https:\\\/\\\/www.fatosefotosnews.com.br\\\/wp-content\\\/uploads\\\/2026\\\/09\\\/WhatsApp-Image-2026-09-01-at-13.11.18-1.jpeg\",\"width\":1296,\"height\":864},{\"@type\":\"BreadcrumbList\",\"@id\":\"https:\\\/\\\/www.fatosefotosnews.com.br\\\/?p=157985#breadcrumb\",\"itemListElement\":[{\"@type\":\"ListItem\",\"position\":1,\"name\":\"In\u00edcio\",\"item\":\"https:\\\/\\\/www.fatosefotosnews.com.br\\\/\"},{\"@type\":\"ListItem\",\"position\":2,\"name\":\"CriAtiva leva ao Guar\u00e1 cursos gratuitos de comunica\u00e7\u00e3o, marketing digital, fotografia e produ\u00e7\u00e3o audiovisual\"}]},{\"@type\":\"WebSite\",\"@id\":\"https:\\\/\\\/www.fatosefotosnews.com.br\\\/#website\",\"url\":\"https:\\\/\\\/www.fatosefotosnews.com.br\\\/\",\"name\":\"Fatos e Fotos News\",\"description\":\"Um site de noticial verdadeira e confi\u00e1veis.\",\"publisher\":{\"@id\":\"https:\\\/\\\/www.fatosefotosnews.com.br\\\/#organization\"},\"potentialAction\":[{\"@type\":\"SearchAction\",\"target\":{\"@type\":\"EntryPoint\",\"urlTemplate\":\"https:\\\/\\\/www.fatosefotosnews.com.br\\\/?s={search_term_string}\"},\"query-input\":{\"@type\":\"PropertyValueSpecification\",\"valueRequired\":true,\"valueName\":\"search_term_string\"}}],\"inLanguage\":\"pt-BR\"},{\"@type\":\"Organization\",\"@id\":\"https:\\\/\\\/www.fatosefotosnews.com.br\\\/#organization\",\"name\":\"Fatos e Fotos News\",\"url\":\"https:\\\/\\\/www.fatosefotosnews.com.br\\\/\",\"logo\":{\"@type\":\"ImageObject\",\"inLanguage\":\"pt-BR\",\"@id\":\"https:\\\/\\\/www.fatosefotosnews.com.br\\\/#\\\/schema\\\/logo\\\/image\\\/\",\"url\":\"https:\\\/\\\/www.fatosefotosnews.com.br\\\/wp-content\\\/uploads\\\/2023\\\/02\\\/Fatos-e-Fotos-news-logo.png\",\"contentUrl\":\"https:\\\/\\\/www.fatosefotosnews.com.br\\\/wp-content\\\/uploads\\\/2023\\\/02\\\/Fatos-e-Fotos-news-logo.png\",\"width\":300,\"height\":58,\"caption\":\"Fatos e Fotos News\"},\"image\":{\"@id\":\"https:\\\/\\\/www.fatosefotosnews.com.br\\\/#\\\/schema\\\/logo\\\/image\\\/\"}},{\"@type\":\"Person\",\"@id\":\"https:\\\/\\\/www.fatosefotosnews.com.br\\\/#\\\/schema\\\/person\\\/17b18da658f5277ed99382206a85602f\",\"name\":\"Mirela Portugal\",\"image\":{\"@type\":\"ImageObject\",\"inLanguage\":\"pt-BR\",\"@id\":\"https:\\\/\\\/secure.gravatar.com\\\/avatar\\\/2f92fb43fda38d1a46cf4a155e1c2951193d91d9bed3df97fce720eeb9595d08?s=96&d=mm&r=g\",\"url\":\"https:\\\/\\\/secure.gravatar.com\\\/avatar\\\/2f92fb43fda38d1a46cf4a155e1c2951193d91d9bed3df97fce720eeb9595d08?s=96&d=mm&r=g\",\"contentUrl\":\"https:\\\/\\\/secure.gravatar.com\\\/avatar\\\/2f92fb43fda38d1a46cf4a155e1c2951193d91d9bed3df97fce720eeb9595d08?s=96&d=mm&r=g\",\"caption\":\"Mirela Portugal\"},\"sameAs\":[\"http:\\\/\\\/fatosefotosnews.com.br\"],\"url\":\"https:\\\/\\\/www.fatosefotosnews.com.br\\\/?author=12\"}]}<\/script>\n<!-- \/ Yoast SEO plugin. -->","yoast_head_json":{"title":"CriAtiva leva ao Guar\u00e1 cursos gratuitos de comunica\u00e7\u00e3o, marketing digital, fotografia e produ\u00e7\u00e3o audiovisual - Fatos e Fotos News","robots":{"index":"index","follow":"follow","max-snippet":"max-snippet:-1","max-image-preview":"max-image-preview:large","max-video-preview":"max-video-preview:-1"},"canonical":"https:\/\/www.fatosefotosnews.com.br\/?p=157985","og_locale":"pt_BR","og_type":"article","og_title":"CriAtiva leva ao Guar\u00e1 cursos gratuitos de comunica\u00e7\u00e3o, marketing digital, fotografia e produ\u00e7\u00e3o audiovisual - Fatos e Fotos News","og_description":"Fotos: Divulga\u00e7\u00e3o Carreta-escola ficar\u00e1 na regi\u00e3o de 8 de setembro a 5 de outubro com oficinas gratuitas de redes sociais, tr\u00e1fego pago, fotografia e produ\u00e7\u00e3o audiovisual Moradores do Guar\u00e1 ter\u00e3o acesso a cursos gratuitos nas \u00e1reas de comunica\u00e7\u00e3o, audiovisual e marketing digital a partir de 8 de setembro. A iniciativa faz parte do projeto CriAtiva [&hellip;]","og_url":"https:\/\/www.fatosefotosnews.com.br\/?p=157985","og_site_name":"Fatos e Fotos News","article_published_time":"2026-09-01T20:23:24+00:00","article_modified_time":"2026-09-01T20:24:22+00:00","og_image":[{"width":1296,"height":864,"url":"https:\/\/www.fatosefotosnews.com.br\/wp-content\/uploads\/2026\/09\/WhatsApp-Image-2026-09-01-at-13.11.18-1.jpeg","type":"image\/jpeg"}],"author":"Mirela Portugal","twitter_card":"summary_large_image","twitter_misc":{"Escrito por":"Mirela Portugal","Est. tempo de leitura":"4 minutos"},"schema":{"@context":"https:\/\/schema.org","@graph":[{"@type":"Article","@id":"https:\/\/www.fatosefotosnews.com.br\/?p=157985#article","isPartOf":{"@id":"https:\/\/www.fatosefotosnews.com.br\/?p=157985"},"author":{"name":"Mirela Portugal","@id":"https:\/\/www.fatosefotosnews.com.br\/#\/schema\/person\/17b18da658f5277ed99382206a85602f"},"headline":"CriAtiva leva ao Guar\u00e1 cursos gratuitos de comunica\u00e7\u00e3o, marketing digital, fotografia e produ\u00e7\u00e3o audiovisual","datePublished":"2026-09-01T20:23:24+00:00","dateModified":"2026-09-01T20:24:22+00:00","mainEntityOfPage":{"@id":"https:\/\/www.fatosefotosnews.com.br\/?p=157985"},"wordCount":499,"publisher":{"@id":"https:\/\/www.fatosefotosnews.com.br\/#organization"},"image":{"@id":"https:\/\/www.fatosefotosnews.com.br\/?p=157985#primaryimage"},"thumbnailUrl":"https:\/\/www.fatosefotosnews.com.br\/wp-content\/uploads\/2026\/09\/WhatsApp-Image-2026-09-01-at-13.11.18-1.jpeg","keywords":["carreta","escola","ficara","gratuitas","oficinas","outubro","setembro"],"articleSection":["Cultura","Educa\u00e7\u00e3o"],"inLanguage":"pt-BR"},{"@type":"WebPage","@id":"https:\/\/www.fatosefotosnews.com.br\/?p=157985","url":"https:\/\/www.fatosefotosnews.com.br\/?p=157985","name":"CriAtiva leva ao Guar\u00e1 cursos gratuitos de comunica\u00e7\u00e3o, marketing digital, fotografia e produ\u00e7\u00e3o audiovisual - Fatos e Fotos News","isPartOf":{"@id":"https:\/\/www.fatosefotosnews.com.br\/#website"},"primaryImageOfPage":{"@id":"https:\/\/www.fatosefotosnews.com.br\/?p=157985#primaryimage"},"image":{"@id":"https:\/\/www.fatosefotosnews.com.br\/?p=157985#primaryimage"},"thumbnailUrl":"https:\/\/www.fatosefotosnews.com.br\/wp-content\/uploads\/2026\/09\/WhatsApp-Image-2026-09-01-at-13.11.18-1.jpeg","datePublished":"2026-09-01T20:23:24+00:00","dateModified":"2026-09-01T20:24:22+00:00","breadcrumb":{"@id":"https:\/\/www.fatosefotosnews.com.br\/?p=157985#breadcrumb"},"inLanguage":"pt-BR","potentialAction":[{"@type":"ReadAction","target":["https:\/\/www.fatosefotosnews.com.br\/?p=157985"]}]},{"@type":"ImageObject","inLanguage":"pt-BR","@id":"https:\/\/www.fatosefotosnews.com.br\/?p=157985#primaryimage","url":"https:\/\/www.fatosefotosnews.com.br\/wp-content\/uploads\/2026\/09\/WhatsApp-Image-2026-09-01-at-13.11.18-1.jpeg","contentUrl":"https:\/\/www.fatosefotosnews.com.br\/wp-content\/uploads\/2026\/09\/WhatsApp-Image-2026-09-01-at-13.11.18-1.jpeg","width":1296,"height":864},{"@type":"BreadcrumbList","@id":"https:\/\/www.fatosefotosnews.com.br\/?p=157985#breadcrumb","itemListElement":[{"@type":"ListItem","position":1,"name":"In\u00edcio","item":"https:\/\/www.fatosefotosnews.com.br\/"},{"@type":"ListItem","position":2,"name":"CriAtiva leva ao Guar\u00e1 cursos gratuitos de comunica\u00e7\u00e3o, marketing digital, fotografia e produ\u00e7\u00e3o audiovisual"}]},{"@type":"WebSite","@id":"https:\/\/www.fatosefotosnews.com.br\/#website","url":"https:\/\/www.fatosefotosnews.com.br\/","name":"Fatos e Fotos News","description":"Um site de noticial verdadeira e confi\u00e1veis.","publisher":{"@id":"https:\/\/www.fatosefotosnews.com.br\/#organization"},"potentialAction":[{"@type":"SearchAction","target":{"@type":"EntryPoint","urlTemplate":"https:\/\/www.fatosefotosnews.com.br\/?s={search_term_string}"},"query-input":{"@type":"PropertyValueSpecification","valueRequired":true,"valueName":"search_term_string"}}],"inLanguage":"pt-BR"},{"@type":"Organization","@id":"https:\/\/www.fatosefotosnews.com.br\/#organization","name":"Fatos e Fotos News","url":"https:\/\/www.fatosefotosnews.com.br\/","logo":{"@type":"ImageObject","inLanguage":"pt-BR","@id":"https:\/\/www.fatosefotosnews.com.br\/#\/schema\/logo\/image\/","url":"https:\/\/www.fatosefotosnews.com.br\/wp-content\/uploads\/2023\/02\/Fatos-e-Fotos-news-logo.png","contentUrl":"https:\/\/www.fatosefotosnews.com.br\/wp-content\/uploads\/2023\/02\/Fatos-e-Fotos-news-logo.png","width":300,"height":58,"caption":"Fatos e Fotos News"},"image":{"@id":"https:\/\/www.fatosefotosnews.com.br\/#\/schema\/logo\/image\/"}},{"@type":"Person","@id":"https:\/\/www.fatosefotosnews.com.br\/#\/schema\/person\/17b18da658f5277ed99382206a85602f","name":"Mirela Portugal","image":{"@type":"ImageObject","inLanguage":"pt-BR","@id":"https:\/\/secure.gravatar.com\/avatar\/2f92fb43fda38d1a46cf4a155e1c2951193d91d9bed3df97fce720eeb9595d08?s=96&d=mm&r=g","url":"https:\/\/secure.gravatar.com\/avatar\/2f92fb43fda38d1a46cf4a155e1c2951193d91d9bed3df97fce720eeb9595d08?s=96&d=mm&r=g","contentUrl":"https:\/\/secure.gravatar.com\/avatar\/2f92fb43fda38d1a46cf4a155e1c2951193d91d9bed3df97fce720eeb9595d08?s=96&d=mm&r=g","caption":"Mirela Portugal"},"sameAs":["http:\/\/fatosefotosnews.com.br"],"url":"https:\/\/www.fatosefotosnews.com.br\/?author=12"}]}},"jetpack_publicize_connections":[],"blog_post_layout_featured_media_urls":{"thumbnail":["https:\/\/www.fatosefotosnews.com.br\/wp-content\/uploads\/2026\/09\/WhatsApp-Image-2026-09-01-at-13.11.18-1-150x150.jpeg",150,150,true],"full":["https:\/\/www.fatosefotosnews.com.br\/wp-content\/uploads\/2026\/09\/WhatsApp-Image-2026-09-01-at-13.11.18-1.jpeg",1296,864,false]},"categories_names":{"4265":{"name":"Cultura","link":"https:\/\/www.fatosefotosnews.com.br\/?cat=4265"},"24902":{"name":"Educa\u00e7\u00e3o","link":"https:\/\/www.fatosefotosnews.com.br\/?cat=24902"}},"tags_names":{"12798":{"name":"carreta","link":"https:\/\/www.fatosefotosnews.com.br\/?tag=carreta"},"4551":{"name":"escola","link":"https:\/\/www.fatosefotosnews.com.br\/?tag=escola"},"5715":{"name":"ficara","link":"https:\/\/www.fatosefotosnews.com.br\/?tag=ficara"},"4668":{"name":"gratuitas","link":"https:\/\/www.fatosefotosnews.com.br\/?tag=gratuitas"},"4666":{"name":"oficinas","link":"https:\/\/www.fatosefotosnews.com.br\/?tag=oficinas"},"4517":{"name":"outubro","link":"https:\/\/www.fatosefotosnews.com.br\/?tag=outubro"},"6308":{"name":"setembro","link":"https:\/\/www.fatosefotosnews.com.br\/?tag=setembro"}},"comments_number":"0","wpmagazine_modules_lite_featured_media_urls":{"thumbnail":["https:\/\/www.fatosefotosnews.com.br\/wp-content\/uploads\/2026\/09\/WhatsApp-Image-2026-09-01-at-13.11.18-1-150x150.jpeg",150,150,true],"cvmm-medium":["https:\/\/www.fatosefotosnews.com.br\/wp-content\/uploads\/2026\/09\/WhatsApp-Image-2026-09-01-at-13.11.18-1-300x300.jpeg",300,300,true],"cvmm-medium-plus":["https:\/\/www.fatosefotosnews.com.br\/wp-content\/uploads\/2026\/09\/WhatsApp-Image-2026-09-01-at-13.11.18-1-305x207.jpeg",305,207,true],"cvmm-portrait":["https:\/\/www.fatosefotosnews.com.br\/wp-content\/uploads\/2026\/09\/WhatsApp-Image-2026-09-01-at-13.11.18-1-400x600.jpeg",400,600,true],"cvmm-medium-square":["https:\/\/www.fatosefotosnews.com.br\/wp-content\/uploads\/2026\/09\/WhatsApp-Image-2026-09-01-at-13.11.18-1-600x600.jpeg",600,600,true],"cvmm-large":["https:\/\/www.fatosefotosnews.com.br\/wp-content\/uploads\/2026\/09\/WhatsApp-Image-2026-09-01-at-13.11.18-1-1024x864.jpeg",1024,864,true],"cvmm-small":["https:\/\/www.fatosefotosnews.com.br\/wp-content\/uploads\/2026\/09\/WhatsApp-Image-2026-09-01-at-13.11.18-1-130x95.jpeg",130,95,true],"full":["https:\/\/www.fatosefotosnews.com.br\/wp-content\/uploads\/2026\/09\/WhatsApp-Image-2026-09-01-at-13.11.18-1.jpeg",1296,864,false]},"_links":{"self":[{"href":"https:\/\/www.fatosefotosnews.com.br\/index.php?rest_route=\/wp\/v2\/posts\/157985","targetHints":{"allow":["GET"]}}],"collection":[{"href":"https:\/\/www.fatosefotosnews.com.br\/index.php?rest_route=\/wp\/v2\/posts"}],"about":[{"href":"https:\/\/www.fatosefotosnews.com.br\/index.php?rest_route=\/wp\/v2\/types\/post"}],"author":[{"embeddable":true,"href":"https:\/\/www.fatosefotosnews.com.br\/index.php?rest_route=\/wp\/v2\/users\/12"}],"replies":[{"embeddable":true,"href":"https:\/\/www.fatosefotosnews.com.br\/index.php?rest_route=%2Fwp%2Fv2%2Fcomments&post=157985"}],"version-history":[{"count":4,"href":"https:\/\/www.fatosefotosnews.com.br\/index.php?rest_route=\/wp\/v2\/posts\/157985\/revisions"}],"predecessor-version":[{"id":157994,"href":"https:\/\/www.fatosefotosnews.com.br\/index.php?rest_route=\/wp\/v2\/posts\/157985\/revisions\/157994"}],"wp:featuredmedia":[{"embeddable":true,"href":"https:\/\/www.fatosefotosnews.com.br\/index.php?rest_route=\/wp\/v2\/media\/157986"}],"wp:attachment":[{"href":"https:\/\/www.fatosefotosnews.com.br\/index.php?rest_route=%2Fwp%2Fv2%2Fmedia&parent=157985"}],"wp:term":[{"taxonomy":"category","embeddable":true,"href":"https:\/\/www.fatosefotosnews.com.br\/index.php?rest_route=%2Fwp%2Fv2%2Fcategories&post=157985"},{"taxonomy":"post_tag","embeddable":true,"href":"https:\/\/www.fatosefotosnews.com.br\/index.php?rest_route=%2Fwp%2Fv2%2Ftags&post=157985"}],"curies":[{"name":"wp","href":"https:\/\/api.w.org\/{rel}","templated":true}]}}