{"id":158013,"date":"2026-09-02T07:15:17","date_gmt":"2026-09-02T10:15:17","guid":{"rendered":"https:\/\/www.fatosefotosnews.com.br\/?p=158013"},"modified":"2026-09-01T20:59:14","modified_gmt":"2026-09-01T23:59:14","slug":"festival-de-cinema-fantastico-estreia-com-homenagem-a-liz-marins","status":"publish","type":"post","link":"https:\/\/www.fatosefotosnews.com.br\/?p=158013","title":{"rendered":"Festival de cinema fant\u00e1stico estreia com homenagem a Liz Marins"},"content":{"rendered":"<p>Foto: MIS\/Divulga\u00e7\u00e3o<\/p>\n<div id=\"block-tts-block-tts\" class=\"block block-tts\">\n<div class=\"content\">\n<div id=\"tts-container\" class=\"container-audio rel-position\"><\/div>\n<\/div>\n<\/div>\n<div class=\"conteudo-noticia\">\n<p>H\u00e1 25 anos, Liz Marins criou a personagem Liz Vamp, um \u00edcone do cinema e da televis\u00e3o brasileira. Assim como o\u00a0pai,\u00a0 Jos\u00e9 Mojica Marins, o Z\u00e9 do Caix\u00e3o,\u00a0a atriz ganhou reconhecimento por explorar o cinema fant\u00e1stico, g\u00eanero que engloba horror, fic\u00e7\u00e3o cient\u00edfica, contos e lendas.<img decoding=\"async\" src=\"https:\/\/agenciabrasil.ebc.com.br\/ebc.png?id=1701281&amp;o=node\" \/><img decoding=\"async\" src=\"https:\/\/agenciabrasil.ebc.com.br\/ebc.gif?id=1701281&amp;o=node\" \/><\/p>\n<p><strong>A trajet\u00f3ria de Liz ser\u00e1 celebrada na\u00a0<a href=\"https:\/\/www.cinefantasy.com.br\/\" target=\"_blank\" rel=\"noopener\">17\u00aa edi\u00e7\u00e3o do CineFantasy<\/a>. O Festival Internacional de Cinema Fant\u00e1stico come\u00e7a nesta ter\u00e7a-feira (1\u00ba)\u00a0em S\u00e3o Paulo e vai at\u00e9 dia 6 de setembro, com 70 filmes de 24 pa\u00edses e territ\u00f3rios.<\/strong><\/p>\n<p><strong>O festival apresenta curtas e longas-metragens nacionais, latino-americanos e de outros continentes que ser\u00e3o exibidos pela primeira vez na capital paulista.<\/strong>\u00a0Os filmes s\u00e3o distribu\u00eddos entre as mostras Anima\u00e7\u00e3o Fant\u00e1stica, Brasil Fant\u00e1stico, Estudante, Fantasia, FantasTeen, Fic\u00e7\u00e3o Cient\u00edfica e Horror.<\/p>\n<p>O diretor e idealizador do CineFantasy, Eduardo Santana, destaca que o evento se prop\u00f5e a ser uma porta de entrada para que filmes de novos cineastas encontrem visibilidade.<\/p>\n<p><strong>Diferentemente das edi\u00e7\u00f5es anteriores, nas quais o festival acontecia em apenas\u00a0um local, desta vez, o a organiza\u00e7\u00e3o levar\u00e1 o evento ao Museu da Imagem e do Som, ao Cine Olido, ao Centro de Forma\u00e7\u00e3o Cidade Tiradentes e para 26 Centros de Educa\u00e7\u00e3o Unificados (CEUs). Os filmes tamb\u00e9m ser\u00e3o exibidos nas plataformas de streaming gratuitas DarkFlix+ e SpCine Play.<\/strong><\/p>\n<p>A decis\u00e3o partiu das necessidades do p\u00fablico, que relatava sentir dificuldade para se locomover at\u00e9 o local do evento, que geralmente acontecia no Centro. \u201cS\u00e3o Paulo \u00e9 uma cidade grande, com uma extens\u00e3o territorial enorme e problemas de locomo\u00e7\u00e3o\u201d, diz Eduardo Santana.<\/p>\n<p>Al\u00e9m da exibi\u00e7\u00e3o de filmes, o festival tamb\u00e9m sedia mostras competitivas, com categorias de Melhor Filme, Melhor Dire\u00e7\u00e3o, Melhor Ator, Melhor Atriz e Melhor Roteiro. A premia\u00e7\u00e3o ser\u00e1 feita\u00a0na sess\u00e3o de encerramento do evento, no MIS, com o trof\u00e9u Jos\u00e9 Mujica\/CineFantasy para os melhores t\u00edtulos.<\/p>\n<p>O Melhor Curta-Metragem e o Melhor Longa-Metragem recebem\u00a0a indica\u00e7\u00e3o do CineFantasy para a Fantlatam \u2013 Alianza Latinoamericana de Festivales de Cine Fant\u00e1stico, um dos maiores festivais do g\u00eanero fant\u00e1stico.<\/p>\n<div class=\"dnd-widget-wrapper context-cheio_8colunas type-image\">\n<div class=\"dnd-atom-rendered\"><img decoding=\"async\" title=\"MIS\/Divulga\u00e7\u00e3o\" src=\"https:\/\/imagens.ebc.com.br\/6LlSmT2U5qJRqLhrR8y42k09G8c=\/754x0\/smart\/https:\/\/agenciabrasil.ebc.com.br\/sites\/default\/files\/thumbnails\/image\/2026\/09\/01\/festival2_0.jpg?itok=KO3PrMxA\" alt=\"S\u00e3o Paulo (SP), 26\/08\/2026. - Festival de Cinema Fant\u00e1stico em SP. Foto: MIS\/Divulga\u00e7\u00e3o\" \/><\/div>\n<div class=\"dnd-caption-wrapper\">\n<h6 class=\"meta\">Festival de Cinema Fant\u00e1stico em SP\u00a0&#8211;\u00a0<strong>MIS\/Divulga\u00e7\u00e3o<\/strong><\/h6>\n<\/div>\n<\/div>\n<h2>Programa\u00e7\u00e3o<\/h2>\n<p>A sess\u00e3o de abertura do festival conta com a premi\u00e8re brasileira do document\u00e1rio\u00a0<em>Occupy Cannes<\/em>, dirigida por Lily-Hayes Kaufman, e a exibi\u00e7\u00e3o de\u00a0<em>L\u00famen<\/em>, curta brasileiro de Marcos DeBrito.<\/p>\n<p><em>L\u00famen<\/em>\u00a0nasceu dentro da Oficina de Cinema da 16\u00aa edi\u00e7\u00e3o e retorna agora ao festival como obra finalizada, aproximando forma\u00e7\u00e3o, cria\u00e7\u00e3o e exibi\u00e7\u00e3o. O curta foi criado por 30 participantes, que tiveram que desenvolver e produzir um filme do zero em apenas um dia. O filme estreou na \u00cdndia, ganhou diversos pr\u00eamios e passou por v\u00e1rios festivais internacionais e nacionais.<\/p>\n<p>J\u00e1 o document\u00e1rio\u00a0<em>Occupy Cannes<\/em>, de Lily-Hayes Kaufman, retrata a a\u00e7\u00e3o promovida por Lloyd Kaufman e a equipe da Troma durante o Festival de Cannes de 2013. O filme documenta a trajet\u00f3ria da produtora no mercado de filmes do Festival de Cannes desde 1974, mostrando as dificuldades de competir com os grandes est\u00fadios usando apenas volunt\u00e1rios fantasiados e cartazes na rua.<\/p>\n<p>A Troma \u00e9 uma das principais produtoras independentes do mundo, ativa desde a d\u00e9cada de 1970. \u201cA produtora serviu de celeiro para grandes nomes, como Samuel L. Jackson e os criadores de South Park\u201d, explica o diretor do festival.<\/p>\n<p>Na mostra competitiva de Longas-Metragens Nacionais, o p\u00fablico poder\u00e1 conferir duas estreias mundiais de produ\u00e7\u00f5es brasileiras. Sob a dire\u00e7\u00e3o de Roger Elarrat,\u00a0<em>Juliana contra o Jambeiro do Diabo pelo Cora\u00e7\u00e3o de Jo\u00e3o Batista<\/em>\u00a0conduz os espectadores \u00e0 Amaz\u00f4nia em uma trama fascinante de horror e realismo fant\u00e1stico.<\/p>\n<p>J\u00e1\u00a0<em>O Retrato de Sarah<\/em>, de Leonardo Costa, explora o horror por meio da obsess\u00e3o, da frustra\u00e7\u00e3o e do processo de cria\u00e7\u00e3o art\u00edstica, narrando a hist\u00f3ria de uma jovem artista que come\u00e7a a converter seus pr\u00f3prios compradores em arte. Ambos os t\u00edtulos contar\u00e3o com exibi\u00e7\u00f5es seguidas de encontros com elenco, diretores e integrantes das equipes de produ\u00e7\u00e3o.<\/p>\n<p>A sele\u00e7\u00e3o internacional destaca a estreia mundial do longa norte-americano\u00a0<em>Sangrar<\/em>\u00a0(<em>Bleed<\/em>), dirigido por Dawson Doup\u00e9, Ryder Doup\u00e9 e Tadea\u0161 Tapper. A trama acompanha uma fam\u00edlia em crise que, em plena noite de Halloween, tem a rotina abalada pela chegada de um parente distante ensanguentado ap\u00f3s a pr\u00e1tica de um crime brutal. A exibi\u00e7\u00e3o contar\u00e1 com a presen\u00e7a de um dos diretores.<\/p>\n<\/div>\n","protected":false},"excerpt":{"rendered":"<p>Foto: MIS\/Divulga\u00e7\u00e3o H\u00e1 25 anos, Liz Marins criou a personagem Liz Vamp, um \u00edcone do cinema e da televis\u00e3o brasileira. Assim como o\u00a0pai,\u00a0 Jos\u00e9 Mojica Marins, o Z\u00e9 do Caix\u00e3o,\u00a0a atriz ganhou reconhecimento por explorar o cinema fant\u00e1stico, g\u00eanero que engloba horror, fic\u00e7\u00e3o cient\u00edfica, contos e lendas. A trajet\u00f3ria de Liz ser\u00e1 celebrada na\u00a017\u00aa edi\u00e7\u00e3o [&hellip;]<\/p>\n","protected":false},"author":12,"featured_media":158006,"comment_status":"closed","ping_status":"open","sticky":false,"template":"","format":"standard","meta":{"_acf_changed":false,"_angie_page":false,"_monsterinsights_skip_tracking":false,"_themeisle_gutenberg_block_has_review":false,"page_builder":"","footnotes":"","jetpack_publicize_message":"","jetpack_publicize_feature_enabled":true,"jetpack_social_post_already_shared":true,"jetpack_social_options":{"image_generator_settings":{"template":"highway","default_image_id":0,"font":"","enabled":false},"version":2}},"categories":[4265,167],"tags":[2898,468,19515,2351,1112,29268],"class_list":["post-158013","post","type-post","status-publish","format-standard","has-post-thumbnail","hentry","category-cultura","category-geral","tag-cinema","tag-estreia","tag-fantastico","tag-festival","tag-homenagem","tag-marins"],"acf":[],"nelio_content":{"autoShareEndMode":"never","automationSources":{"useCustomSentences":false,"customSentences":[]},"efiAlt":"","efiUrl":"","followers":[12],"highlights":[],"isAutoShareEnabled":true,"networkImageIds":[],"permalinkQueryArgs":[],"series":[],"suggestedReferences":[]},"yoast_head":"<!-- This site is optimized with the Yoast SEO plugin v28.3 - https:\/\/yoast.com\/product\/yoast-seo-wordpress\/ -->\n<title>Festival de cinema fant\u00e1stico estreia com homenagem a Liz Marins - Fatos e Fotos News<\/title>\n<meta name=\"robots\" content=\"index, follow, max-snippet:-1, max-image-preview:large, max-video-preview:-1\" \/>\n<link rel=\"canonical\" href=\"https:\/\/www.fatosefotosnews.com.br\/?p=158013\" \/>\n<meta property=\"og:locale\" content=\"pt_BR\" \/>\n<meta property=\"og:type\" content=\"article\" \/>\n<meta property=\"og:title\" content=\"Festival de cinema fant\u00e1stico estreia com homenagem a Liz Marins - Fatos e Fotos News\" \/>\n<meta property=\"og:description\" content=\"Foto: MIS\/Divulga\u00e7\u00e3o H\u00e1 25 anos, Liz Marins criou a personagem Liz Vamp, um \u00edcone do cinema e da televis\u00e3o brasileira. Assim como o\u00a0pai,\u00a0 Jos\u00e9 Mojica Marins, o Z\u00e9 do Caix\u00e3o,\u00a0a atriz ganhou reconhecimento por explorar o cinema fant\u00e1stico, g\u00eanero que engloba horror, fic\u00e7\u00e3o cient\u00edfica, contos e lendas. A trajet\u00f3ria de Liz ser\u00e1 celebrada na\u00a017\u00aa edi\u00e7\u00e3o [&hellip;]\" \/>\n<meta property=\"og:url\" content=\"https:\/\/www.fatosefotosnews.com.br\/?p=158013\" \/>\n<meta property=\"og:site_name\" content=\"Fatos e Fotos News\" \/>\n<meta property=\"article:published_time\" content=\"2026-09-02T10:15:17+00:00\" \/>\n<meta property=\"og:image\" content=\"https:\/\/www.fatosefotosnews.com.br\/wp-content\/uploads\/2026\/09\/festival1.webp\" \/>\n\t<meta property=\"og:image:width\" content=\"1170\" \/>\n\t<meta property=\"og:image:height\" content=\"700\" \/>\n\t<meta property=\"og:image:type\" content=\"image\/webp\" \/>\n<meta name=\"author\" content=\"Mirela Portugal\" \/>\n<meta name=\"twitter:card\" content=\"summary_large_image\" \/>\n<meta name=\"twitter:label1\" content=\"Escrito por\" \/>\n\t<meta name=\"twitter:data1\" content=\"Mirela Portugal\" \/>\n\t<meta name=\"twitter:label2\" content=\"Est. tempo de leitura\" \/>\n\t<meta name=\"twitter:data2\" content=\"5 minutos\" \/>\n<script type=\"application\/ld+json\" class=\"yoast-schema-graph\">{\"@context\":\"https:\\\/\\\/schema.org\",\"@graph\":[{\"@type\":\"Article\",\"@id\":\"https:\\\/\\\/www.fatosefotosnews.com.br\\\/?p=158013#article\",\"isPartOf\":{\"@id\":\"https:\\\/\\\/www.fatosefotosnews.com.br\\\/?p=158013\"},\"author\":{\"name\":\"Mirela Portugal\",\"@id\":\"https:\\\/\\\/www.fatosefotosnews.com.br\\\/#\\\/schema\\\/person\\\/17b18da658f5277ed99382206a85602f\"},\"headline\":\"Festival de cinema fant\u00e1stico estreia com homenagem a Liz Marins\",\"datePublished\":\"2026-09-02T10:15:17+00:00\",\"mainEntityOfPage\":{\"@id\":\"https:\\\/\\\/www.fatosefotosnews.com.br\\\/?p=158013\"},\"wordCount\":786,\"publisher\":{\"@id\":\"https:\\\/\\\/www.fatosefotosnews.com.br\\\/#organization\"},\"image\":{\"@id\":\"https:\\\/\\\/www.fatosefotosnews.com.br\\\/?p=158013#primaryimage\"},\"thumbnailUrl\":\"https:\\\/\\\/www.fatosefotosnews.com.br\\\/wp-content\\\/uploads\\\/2026\\\/09\\\/festival1.webp\",\"keywords\":[\"cinema\",\"estreia\",\"fantastico\",\"festival\",\"homenagem\",\"marins\"],\"articleSection\":[\"Cultura\",\"Geral\"],\"inLanguage\":\"pt-BR\"},{\"@type\":\"WebPage\",\"@id\":\"https:\\\/\\\/www.fatosefotosnews.com.br\\\/?p=158013\",\"url\":\"https:\\\/\\\/www.fatosefotosnews.com.br\\\/?p=158013\",\"name\":\"Festival de cinema fant\u00e1stico estreia com homenagem a Liz Marins - Fatos e Fotos News\",\"isPartOf\":{\"@id\":\"https:\\\/\\\/www.fatosefotosnews.com.br\\\/#website\"},\"primaryImageOfPage\":{\"@id\":\"https:\\\/\\\/www.fatosefotosnews.com.br\\\/?p=158013#primaryimage\"},\"image\":{\"@id\":\"https:\\\/\\\/www.fatosefotosnews.com.br\\\/?p=158013#primaryimage\"},\"thumbnailUrl\":\"https:\\\/\\\/www.fatosefotosnews.com.br\\\/wp-content\\\/uploads\\\/2026\\\/09\\\/festival1.webp\",\"datePublished\":\"2026-09-02T10:15:17+00:00\",\"breadcrumb\":{\"@id\":\"https:\\\/\\\/www.fatosefotosnews.com.br\\\/?p=158013#breadcrumb\"},\"inLanguage\":\"pt-BR\",\"potentialAction\":[{\"@type\":\"ReadAction\",\"target\":[\"https:\\\/\\\/www.fatosefotosnews.com.br\\\/?p=158013\"]}]},{\"@type\":\"ImageObject\",\"inLanguage\":\"pt-BR\",\"@id\":\"https:\\\/\\\/www.fatosefotosnews.com.br\\\/?p=158013#primaryimage\",\"url\":\"https:\\\/\\\/www.fatosefotosnews.com.br\\\/wp-content\\\/uploads\\\/2026\\\/09\\\/festival1.webp\",\"contentUrl\":\"https:\\\/\\\/www.fatosefotosnews.com.br\\\/wp-content\\\/uploads\\\/2026\\\/09\\\/festival1.webp\",\"width\":1170,\"height\":700},{\"@type\":\"BreadcrumbList\",\"@id\":\"https:\\\/\\\/www.fatosefotosnews.com.br\\\/?p=158013#breadcrumb\",\"itemListElement\":[{\"@type\":\"ListItem\",\"position\":1,\"name\":\"In\u00edcio\",\"item\":\"https:\\\/\\\/www.fatosefotosnews.com.br\\\/\"},{\"@type\":\"ListItem\",\"position\":2,\"name\":\"Festival de cinema fant\u00e1stico estreia com homenagem a Liz Marins\"}]},{\"@type\":\"WebSite\",\"@id\":\"https:\\\/\\\/www.fatosefotosnews.com.br\\\/#website\",\"url\":\"https:\\\/\\\/www.fatosefotosnews.com.br\\\/\",\"name\":\"Fatos e Fotos News\",\"description\":\"Um site de noticial verdadeira e confi\u00e1veis.\",\"publisher\":{\"@id\":\"https:\\\/\\\/www.fatosefotosnews.com.br\\\/#organization\"},\"potentialAction\":[{\"@type\":\"SearchAction\",\"target\":{\"@type\":\"EntryPoint\",\"urlTemplate\":\"https:\\\/\\\/www.fatosefotosnews.com.br\\\/?s={search_term_string}\"},\"query-input\":{\"@type\":\"PropertyValueSpecification\",\"valueRequired\":true,\"valueName\":\"search_term_string\"}}],\"inLanguage\":\"pt-BR\"},{\"@type\":\"Organization\",\"@id\":\"https:\\\/\\\/www.fatosefotosnews.com.br\\\/#organization\",\"name\":\"Fatos e Fotos News\",\"url\":\"https:\\\/\\\/www.fatosefotosnews.com.br\\\/\",\"logo\":{\"@type\":\"ImageObject\",\"inLanguage\":\"pt-BR\",\"@id\":\"https:\\\/\\\/www.fatosefotosnews.com.br\\\/#\\\/schema\\\/logo\\\/image\\\/\",\"url\":\"https:\\\/\\\/www.fatosefotosnews.com.br\\\/wp-content\\\/uploads\\\/2023\\\/02\\\/Fatos-e-Fotos-news-logo.png\",\"contentUrl\":\"https:\\\/\\\/www.fatosefotosnews.com.br\\\/wp-content\\\/uploads\\\/2023\\\/02\\\/Fatos-e-Fotos-news-logo.png\",\"width\":300,\"height\":58,\"caption\":\"Fatos e Fotos News\"},\"image\":{\"@id\":\"https:\\\/\\\/www.fatosefotosnews.com.br\\\/#\\\/schema\\\/logo\\\/image\\\/\"}},{\"@type\":\"Person\",\"@id\":\"https:\\\/\\\/www.fatosefotosnews.com.br\\\/#\\\/schema\\\/person\\\/17b18da658f5277ed99382206a85602f\",\"name\":\"Mirela Portugal\",\"image\":{\"@type\":\"ImageObject\",\"inLanguage\":\"pt-BR\",\"@id\":\"https:\\\/\\\/secure.gravatar.com\\\/avatar\\\/2f92fb43fda38d1a46cf4a155e1c2951193d91d9bed3df97fce720eeb9595d08?s=96&d=mm&r=g\",\"url\":\"https:\\\/\\\/secure.gravatar.com\\\/avatar\\\/2f92fb43fda38d1a46cf4a155e1c2951193d91d9bed3df97fce720eeb9595d08?s=96&d=mm&r=g\",\"contentUrl\":\"https:\\\/\\\/secure.gravatar.com\\\/avatar\\\/2f92fb43fda38d1a46cf4a155e1c2951193d91d9bed3df97fce720eeb9595d08?s=96&d=mm&r=g\",\"caption\":\"Mirela Portugal\"},\"sameAs\":[\"http:\\\/\\\/fatosefotosnews.com.br\"],\"url\":\"https:\\\/\\\/www.fatosefotosnews.com.br\\\/?author=12\"}]}<\/script>\n<!-- \/ Yoast SEO plugin. -->","yoast_head_json":{"title":"Festival de cinema fant\u00e1stico estreia com homenagem a Liz Marins - Fatos e Fotos News","robots":{"index":"index","follow":"follow","max-snippet":"max-snippet:-1","max-image-preview":"max-image-preview:large","max-video-preview":"max-video-preview:-1"},"canonical":"https:\/\/www.fatosefotosnews.com.br\/?p=158013","og_locale":"pt_BR","og_type":"article","og_title":"Festival de cinema fant\u00e1stico estreia com homenagem a Liz Marins - Fatos e Fotos News","og_description":"Foto: MIS\/Divulga\u00e7\u00e3o H\u00e1 25 anos, Liz Marins criou a personagem Liz Vamp, um \u00edcone do cinema e da televis\u00e3o brasileira. Assim como o\u00a0pai,\u00a0 Jos\u00e9 Mojica Marins, o Z\u00e9 do Caix\u00e3o,\u00a0a atriz ganhou reconhecimento por explorar o cinema fant\u00e1stico, g\u00eanero que engloba horror, fic\u00e7\u00e3o cient\u00edfica, contos e lendas. A trajet\u00f3ria de Liz ser\u00e1 celebrada na\u00a017\u00aa edi\u00e7\u00e3o [&hellip;]","og_url":"https:\/\/www.fatosefotosnews.com.br\/?p=158013","og_site_name":"Fatos e Fotos News","article_published_time":"2026-09-02T10:15:17+00:00","og_image":[{"width":1170,"height":700,"url":"https:\/\/www.fatosefotosnews.com.br\/wp-content\/uploads\/2026\/09\/festival1.webp","type":"image\/webp"}],"author":"Mirela Portugal","twitter_card":"summary_large_image","twitter_misc":{"Escrito por":"Mirela Portugal","Est. tempo de leitura":"5 minutos"},"schema":{"@context":"https:\/\/schema.org","@graph":[{"@type":"Article","@id":"https:\/\/www.fatosefotosnews.com.br\/?p=158013#article","isPartOf":{"@id":"https:\/\/www.fatosefotosnews.com.br\/?p=158013"},"author":{"name":"Mirela Portugal","@id":"https:\/\/www.fatosefotosnews.com.br\/#\/schema\/person\/17b18da658f5277ed99382206a85602f"},"headline":"Festival de cinema fant\u00e1stico estreia com homenagem a Liz Marins","datePublished":"2026-09-02T10:15:17+00:00","mainEntityOfPage":{"@id":"https:\/\/www.fatosefotosnews.com.br\/?p=158013"},"wordCount":786,"publisher":{"@id":"https:\/\/www.fatosefotosnews.com.br\/#organization"},"image":{"@id":"https:\/\/www.fatosefotosnews.com.br\/?p=158013#primaryimage"},"thumbnailUrl":"https:\/\/www.fatosefotosnews.com.br\/wp-content\/uploads\/2026\/09\/festival1.webp","keywords":["cinema","estreia","fantastico","festival","homenagem","marins"],"articleSection":["Cultura","Geral"],"inLanguage":"pt-BR"},{"@type":"WebPage","@id":"https:\/\/www.fatosefotosnews.com.br\/?p=158013","url":"https:\/\/www.fatosefotosnews.com.br\/?p=158013","name":"Festival de cinema fant\u00e1stico estreia com homenagem a Liz Marins - Fatos e Fotos News","isPartOf":{"@id":"https:\/\/www.fatosefotosnews.com.br\/#website"},"primaryImageOfPage":{"@id":"https:\/\/www.fatosefotosnews.com.br\/?p=158013#primaryimage"},"image":{"@id":"https:\/\/www.fatosefotosnews.com.br\/?p=158013#primaryimage"},"thumbnailUrl":"https:\/\/www.fatosefotosnews.com.br\/wp-content\/uploads\/2026\/09\/festival1.webp","datePublished":"2026-09-02T10:15:17+00:00","breadcrumb":{"@id":"https:\/\/www.fatosefotosnews.com.br\/?p=158013#breadcrumb"},"inLanguage":"pt-BR","potentialAction":[{"@type":"ReadAction","target":["https:\/\/www.fatosefotosnews.com.br\/?p=158013"]}]},{"@type":"ImageObject","inLanguage":"pt-BR","@id":"https:\/\/www.fatosefotosnews.com.br\/?p=158013#primaryimage","url":"https:\/\/www.fatosefotosnews.com.br\/wp-content\/uploads\/2026\/09\/festival1.webp","contentUrl":"https:\/\/www.fatosefotosnews.com.br\/wp-content\/uploads\/2026\/09\/festival1.webp","width":1170,"height":700},{"@type":"BreadcrumbList","@id":"https:\/\/www.fatosefotosnews.com.br\/?p=158013#breadcrumb","itemListElement":[{"@type":"ListItem","position":1,"name":"In\u00edcio","item":"https:\/\/www.fatosefotosnews.com.br\/"},{"@type":"ListItem","position":2,"name":"Festival de cinema fant\u00e1stico estreia com homenagem a Liz Marins"}]},{"@type":"WebSite","@id":"https:\/\/www.fatosefotosnews.com.br\/#website","url":"https:\/\/www.fatosefotosnews.com.br\/","name":"Fatos e Fotos News","description":"Um site de noticial verdadeira e confi\u00e1veis.","publisher":{"@id":"https:\/\/www.fatosefotosnews.com.br\/#organization"},"potentialAction":[{"@type":"SearchAction","target":{"@type":"EntryPoint","urlTemplate":"https:\/\/www.fatosefotosnews.com.br\/?s={search_term_string}"},"query-input":{"@type":"PropertyValueSpecification","valueRequired":true,"valueName":"search_term_string"}}],"inLanguage":"pt-BR"},{"@type":"Organization","@id":"https:\/\/www.fatosefotosnews.com.br\/#organization","name":"Fatos e Fotos News","url":"https:\/\/www.fatosefotosnews.com.br\/","logo":{"@type":"ImageObject","inLanguage":"pt-BR","@id":"https:\/\/www.fatosefotosnews.com.br\/#\/schema\/logo\/image\/","url":"https:\/\/www.fatosefotosnews.com.br\/wp-content\/uploads\/2023\/02\/Fatos-e-Fotos-news-logo.png","contentUrl":"https:\/\/www.fatosefotosnews.com.br\/wp-content\/uploads\/2023\/02\/Fatos-e-Fotos-news-logo.png","width":300,"height":58,"caption":"Fatos e Fotos News"},"image":{"@id":"https:\/\/www.fatosefotosnews.com.br\/#\/schema\/logo\/image\/"}},{"@type":"Person","@id":"https:\/\/www.fatosefotosnews.com.br\/#\/schema\/person\/17b18da658f5277ed99382206a85602f","name":"Mirela Portugal","image":{"@type":"ImageObject","inLanguage":"pt-BR","@id":"https:\/\/secure.gravatar.com\/avatar\/2f92fb43fda38d1a46cf4a155e1c2951193d91d9bed3df97fce720eeb9595d08?s=96&d=mm&r=g","url":"https:\/\/secure.gravatar.com\/avatar\/2f92fb43fda38d1a46cf4a155e1c2951193d91d9bed3df97fce720eeb9595d08?s=96&d=mm&r=g","contentUrl":"https:\/\/secure.gravatar.com\/avatar\/2f92fb43fda38d1a46cf4a155e1c2951193d91d9bed3df97fce720eeb9595d08?s=96&d=mm&r=g","caption":"Mirela Portugal"},"sameAs":["http:\/\/fatosefotosnews.com.br"],"url":"https:\/\/www.fatosefotosnews.com.br\/?author=12"}]}},"jetpack_publicize_connections":[],"blog_post_layout_featured_media_urls":{"thumbnail":["https:\/\/www.fatosefotosnews.com.br\/wp-content\/uploads\/2026\/09\/festival1-150x150.webp",150,150,true],"full":["https:\/\/www.fatosefotosnews.com.br\/wp-content\/uploads\/2026\/09\/festival1.webp",1170,700,false]},"categories_names":{"4265":{"name":"Cultura","link":"https:\/\/www.fatosefotosnews.com.br\/?cat=4265"},"167":{"name":"Geral","link":"https:\/\/www.fatosefotosnews.com.br\/?cat=167"}},"tags_names":{"2898":{"name":"cinema","link":"https:\/\/www.fatosefotosnews.com.br\/?tag=cinema"},"468":{"name":"estreia","link":"https:\/\/www.fatosefotosnews.com.br\/?tag=estreia"},"19515":{"name":"fantastico","link":"https:\/\/www.fatosefotosnews.com.br\/?tag=fantastico"},"2351":{"name":"festival","link":"https:\/\/www.fatosefotosnews.com.br\/?tag=festival"},"1112":{"name":"homenagem","link":"https:\/\/www.fatosefotosnews.com.br\/?tag=homenagem"},"29268":{"name":"marins","link":"https:\/\/www.fatosefotosnews.com.br\/?tag=marins"}},"comments_number":"0","wpmagazine_modules_lite_featured_media_urls":{"thumbnail":["https:\/\/www.fatosefotosnews.com.br\/wp-content\/uploads\/2026\/09\/festival1-150x150.webp",150,150,true],"cvmm-medium":["https:\/\/www.fatosefotosnews.com.br\/wp-content\/uploads\/2026\/09\/festival1-300x300.webp",300,300,true],"cvmm-medium-plus":["https:\/\/www.fatosefotosnews.com.br\/wp-content\/uploads\/2026\/09\/festival1-305x207.webp",305,207,true],"cvmm-portrait":["https:\/\/www.fatosefotosnews.com.br\/wp-content\/uploads\/2026\/09\/festival1-400x600.webp",400,600,true],"cvmm-medium-square":["https:\/\/www.fatosefotosnews.com.br\/wp-content\/uploads\/2026\/09\/festival1-600x600.webp",600,600,true],"cvmm-large":["https:\/\/www.fatosefotosnews.com.br\/wp-content\/uploads\/2026\/09\/festival1-1024x700.webp",1024,700,true],"cvmm-small":["https:\/\/www.fatosefotosnews.com.br\/wp-content\/uploads\/2026\/09\/festival1-130x95.webp",130,95,true],"full":["https:\/\/www.fatosefotosnews.com.br\/wp-content\/uploads\/2026\/09\/festival1.webp",1170,700,false]},"_links":{"self":[{"href":"https:\/\/www.fatosefotosnews.com.br\/index.php?rest_route=\/wp\/v2\/posts\/158013","targetHints":{"allow":["GET"]}}],"collection":[{"href":"https:\/\/www.fatosefotosnews.com.br\/index.php?rest_route=\/wp\/v2\/posts"}],"about":[{"href":"https:\/\/www.fatosefotosnews.com.br\/index.php?rest_route=\/wp\/v2\/types\/post"}],"author":[{"embeddable":true,"href":"https:\/\/www.fatosefotosnews.com.br\/index.php?rest_route=\/wp\/v2\/users\/12"}],"replies":[{"embeddable":true,"href":"https:\/\/www.fatosefotosnews.com.br\/index.php?rest_route=%2Fwp%2Fv2%2Fcomments&post=158013"}],"version-history":[{"count":1,"href":"https:\/\/www.fatosefotosnews.com.br\/index.php?rest_route=\/wp\/v2\/posts\/158013\/revisions"}],"predecessor-version":[{"id":158014,"href":"https:\/\/www.fatosefotosnews.com.br\/index.php?rest_route=\/wp\/v2\/posts\/158013\/revisions\/158014"}],"wp:featuredmedia":[{"embeddable":true,"href":"https:\/\/www.fatosefotosnews.com.br\/index.php?rest_route=\/wp\/v2\/media\/158006"}],"wp:attachment":[{"href":"https:\/\/www.fatosefotosnews.com.br\/index.php?rest_route=%2Fwp%2Fv2%2Fmedia&parent=158013"}],"wp:term":[{"taxonomy":"category","embeddable":true,"href":"https:\/\/www.fatosefotosnews.com.br\/index.php?rest_route=%2Fwp%2Fv2%2Fcategories&post=158013"},{"taxonomy":"post_tag","embeddable":true,"href":"https:\/\/www.fatosefotosnews.com.br\/index.php?rest_route=%2Fwp%2Fv2%2Ftags&post=158013"}],"curies":[{"name":"wp","href":"https:\/\/api.w.org\/{rel}","templated":true}]}}