{"id":158017,"date":"2026-09-02T08:03:26","date_gmt":"2026-09-02T11:03:26","guid":{"rendered":"https:\/\/www.fatosefotosnews.com.br\/?p=158017"},"modified":"2026-09-01T21:04:29","modified_gmt":"2026-09-02T00:04:29","slug":"dias-toffoli-libera-campanha-de-renan-santos-pela-internet","status":"publish","type":"post","link":"https:\/\/www.fatosefotosnews.com.br\/?p=158017","title":{"rendered":"Dias Toffoli libera campanha de Renan Santos pela internet"},"content":{"rendered":"<p>Foto: ASCOM\/STF<\/p>\n<div id=\"block-tts-block-tts\" class=\"block block-tts\">\n<div class=\"content\">\n<div id=\"tts-container\" class=\"container-audio rel-position\">\n<div class=\"title abs-position\"><\/div>\n<\/div>\n<\/div>\n<\/div>\n<div class=\"conteudo-noticia\">\n<p><strong>O ministro do Tribunal Superior Eleitoral (TSE) Dias Toffoli liberou a propaganda eleitoral do candidato \u00e0 presid\u00eancia da Rep\u00fablica Renan Santos (Miss\u00e3o) na internet.\u00a0<\/strong><img decoding=\"async\" src=\"https:\/\/agenciabrasil.ebc.com.br\/ebc.png?id=1701279&amp;o=node\" \/><img decoding=\"async\" src=\"https:\/\/agenciabrasil.ebc.com.br\/ebc.gif?id=1701279&amp;o=node\" \/><\/p>\n<p><strong>Toffoli\u00a0<a href=\"https:\/\/agenciabrasil.ebc.com.br\/justica\/noticia\/2026-08\/toffoli-suspende-propaganda-de-renan-santos-na-internet\">havia determinado a suspens\u00e3o da campanha\u00a0<\/a>em ambiente digital nessa segunda-feira (31), sob alega\u00e7\u00e3o de que o partido n\u00e3o havia informado quais eram os perfis de propaganda de Renan Santos nas redes sociais.<\/strong><\/p>\n<p>Em decis\u00e3o divulgada na tarde desta ter\u00e7a-feira (1\u00ba), o ministro do TSE afirmou que as provid\u00eancias solicitadas ao Miss\u00e3o foram \u201cparcialmente atendidas\u201d e liberou a propaganda do candidato. Tamb\u00e9m havia sido suspenso o repasse de recursos do Fundo Especial de Financiamento de Campanha (FEFC), agora tamb\u00e9m reestabelecido.<\/p>\n<p>A participa\u00e7\u00e3o de Renan Santos em debates, que tamb\u00e9m havia sido suspensa, foi liberada.<\/p>\n<p>Toffoli deu prazo de 72 horas para que o candidato informe a data de cria\u00e7\u00e3o de cada perfil em rede social e quando se deu o in\u00edcio de sua utiliza\u00e7\u00e3o para fins de propaganda eleitoral.<\/p>\n<p>Ele tamb\u00e9m deve informar se existem outros sites na internet, grupos em aplicativos de mensagens ou perfis em rede social voltados para a mesma finalidade.<\/p>\n<p><strong>O n\u00e3o cumprimento do prazo pode acarretar em indeferimento do registro da candidatura.<\/strong><\/p>\n<p>De acordo com a Lei das Elei\u00e7\u00f5es, partidos e candidatos devem informar \u00e0 Justi\u00e7a Eleitoral os endere\u00e7os eletr\u00f4nicos que ser\u00e3o usados na campanha, incluindo blogs e redes sociais.<\/p>\n<p>Mais cedo, em S\u00e3o Paulo, o candidato criticou a suspens\u00e3o de uso de redes sociais, alegando que a decis\u00e3o foi motivada pelas cr\u00edticas feitas por ele e pelo MBL, movimento que lidera, a Dias Toffoli, por seu envolvimento com Daniel Vorcaro no caso Master.<\/p>\n<\/div>\n","protected":false},"excerpt":{"rendered":"<p>Foto: ASCOM\/STF O ministro do Tribunal Superior Eleitoral (TSE) Dias Toffoli liberou a propaganda eleitoral do candidato \u00e0 presid\u00eancia da Rep\u00fablica Renan Santos (Miss\u00e3o) na internet.\u00a0 Toffoli\u00a0havia determinado a suspens\u00e3o da campanha\u00a0em ambiente digital nessa segunda-feira (31), sob alega\u00e7\u00e3o de que o partido n\u00e3o havia informado quais eram os perfis de propaganda de Renan Santos [&hellip;]<\/p>\n","protected":false},"author":12,"featured_media":158005,"comment_status":"closed","ping_status":"open","sticky":false,"template":"","format":"standard","meta":{"_acf_changed":false,"_angie_page":false,"_monsterinsights_skip_tracking":false,"_themeisle_gutenberg_block_has_review":false,"page_builder":"","footnotes":"","jetpack_publicize_message":"","jetpack_publicize_feature_enabled":true,"jetpack_social_post_already_shared":true,"jetpack_social_options":{"image_generator_settings":{"template":"highway","default_image_id":0,"font":"","enabled":false},"version":2}},"categories":[29246],"tags":[613,3782,1421,1799,1020,8604],"class_list":["post-158017","post","type-post","status-publish","format-standard","has-post-thumbnail","hentry","category-eleicoes-2026","tag-campanha","tag-internet","tag-libera","tag-renan","tag-santos","tag-toffoli"],"acf":[],"nelio_content":{"autoShareEndMode":"never","automationSources":{"useCustomSentences":false,"customSentences":[]},"efiAlt":"","efiUrl":"","followers":[12],"highlights":[],"isAutoShareEnabled":true,"networkImageIds":[],"permalinkQueryArgs":[],"series":[],"suggestedReferences":[]},"yoast_head":"<!-- This site is optimized with the Yoast SEO plugin v28.3 - https:\/\/yoast.com\/product\/yoast-seo-wordpress\/ -->\n<title>Dias Toffoli libera campanha de Renan Santos pela internet - Fatos e Fotos News<\/title>\n<meta name=\"robots\" content=\"index, follow, max-snippet:-1, max-image-preview:large, max-video-preview:-1\" \/>\n<link rel=\"canonical\" href=\"https:\/\/www.fatosefotosnews.com.br\/?p=158017\" \/>\n<meta property=\"og:locale\" content=\"pt_BR\" \/>\n<meta property=\"og:type\" content=\"article\" \/>\n<meta property=\"og:title\" content=\"Dias Toffoli libera campanha de Renan Santos pela internet - Fatos e Fotos News\" \/>\n<meta property=\"og:description\" content=\"Foto: ASCOM\/STF O ministro do Tribunal Superior Eleitoral (TSE) Dias Toffoli liberou a propaganda eleitoral do candidato \u00e0 presid\u00eancia da Rep\u00fablica Renan Santos (Miss\u00e3o) na internet.\u00a0 Toffoli\u00a0havia determinado a suspens\u00e3o da campanha\u00a0em ambiente digital nessa segunda-feira (31), sob alega\u00e7\u00e3o de que o partido n\u00e3o havia informado quais eram os perfis de propaganda de Renan Santos [&hellip;]\" \/>\n<meta property=\"og:url\" content=\"https:\/\/www.fatosefotosnews.com.br\/?p=158017\" \/>\n<meta property=\"og:site_name\" content=\"Fatos e Fotos News\" \/>\n<meta property=\"article:published_time\" content=\"2026-09-02T11:03:26+00:00\" \/>\n<meta property=\"og:image\" content=\"https:\/\/www.fatosefotosnews.com.br\/wp-content\/uploads\/2026\/09\/51283828699_c540635734_o_0.jpg\" \/>\n\t<meta property=\"og:image:width\" content=\"1170\" \/>\n\t<meta property=\"og:image:height\" content=\"700\" \/>\n\t<meta property=\"og:image:type\" content=\"image\/jpeg\" \/>\n<meta name=\"author\" content=\"Mirela Portugal\" \/>\n<meta name=\"twitter:card\" content=\"summary_large_image\" \/>\n<meta name=\"twitter:label1\" content=\"Escrito por\" \/>\n\t<meta name=\"twitter:data1\" content=\"Mirela Portugal\" \/>\n\t<meta name=\"twitter:label2\" content=\"Est. tempo de leitura\" \/>\n\t<meta name=\"twitter:data2\" content=\"3 minutos\" \/>\n<script type=\"application\/ld+json\" class=\"yoast-schema-graph\">{\"@context\":\"https:\\\/\\\/schema.org\",\"@graph\":[{\"@type\":\"Article\",\"@id\":\"https:\\\/\\\/www.fatosefotosnews.com.br\\\/?p=158017#article\",\"isPartOf\":{\"@id\":\"https:\\\/\\\/www.fatosefotosnews.com.br\\\/?p=158017\"},\"author\":{\"name\":\"Mirela Portugal\",\"@id\":\"https:\\\/\\\/www.fatosefotosnews.com.br\\\/#\\\/schema\\\/person\\\/17b18da658f5277ed99382206a85602f\"},\"headline\":\"Dias Toffoli libera campanha de Renan Santos pela internet\",\"datePublished\":\"2026-09-02T11:03:26+00:00\",\"mainEntityOfPage\":{\"@id\":\"https:\\\/\\\/www.fatosefotosnews.com.br\\\/?p=158017\"},\"wordCount\":299,\"publisher\":{\"@id\":\"https:\\\/\\\/www.fatosefotosnews.com.br\\\/#organization\"},\"image\":{\"@id\":\"https:\\\/\\\/www.fatosefotosnews.com.br\\\/?p=158017#primaryimage\"},\"thumbnailUrl\":\"https:\\\/\\\/www.fatosefotosnews.com.br\\\/wp-content\\\/uploads\\\/2026\\\/09\\\/51283828699_c540635734_o_0.jpg\",\"keywords\":[\"campanha\",\"internet\",\"libera\",\"renan\",\"santos\",\"toffoli\"],\"articleSection\":[\"Elei\u00e7\u00f5es 2026\"],\"inLanguage\":\"pt-BR\"},{\"@type\":\"WebPage\",\"@id\":\"https:\\\/\\\/www.fatosefotosnews.com.br\\\/?p=158017\",\"url\":\"https:\\\/\\\/www.fatosefotosnews.com.br\\\/?p=158017\",\"name\":\"Dias Toffoli libera campanha de Renan Santos pela internet - Fatos e Fotos News\",\"isPartOf\":{\"@id\":\"https:\\\/\\\/www.fatosefotosnews.com.br\\\/#website\"},\"primaryImageOfPage\":{\"@id\":\"https:\\\/\\\/www.fatosefotosnews.com.br\\\/?p=158017#primaryimage\"},\"image\":{\"@id\":\"https:\\\/\\\/www.fatosefotosnews.com.br\\\/?p=158017#primaryimage\"},\"thumbnailUrl\":\"https:\\\/\\\/www.fatosefotosnews.com.br\\\/wp-content\\\/uploads\\\/2026\\\/09\\\/51283828699_c540635734_o_0.jpg\",\"datePublished\":\"2026-09-02T11:03:26+00:00\",\"breadcrumb\":{\"@id\":\"https:\\\/\\\/www.fatosefotosnews.com.br\\\/?p=158017#breadcrumb\"},\"inLanguage\":\"pt-BR\",\"potentialAction\":[{\"@type\":\"ReadAction\",\"target\":[\"https:\\\/\\\/www.fatosefotosnews.com.br\\\/?p=158017\"]}]},{\"@type\":\"ImageObject\",\"inLanguage\":\"pt-BR\",\"@id\":\"https:\\\/\\\/www.fatosefotosnews.com.br\\\/?p=158017#primaryimage\",\"url\":\"https:\\\/\\\/www.fatosefotosnews.com.br\\\/wp-content\\\/uploads\\\/2026\\\/09\\\/51283828699_c540635734_o_0.jpg\",\"contentUrl\":\"https:\\\/\\\/www.fatosefotosnews.com.br\\\/wp-content\\\/uploads\\\/2026\\\/09\\\/51283828699_c540635734_o_0.jpg\",\"width\":1170,\"height\":700},{\"@type\":\"BreadcrumbList\",\"@id\":\"https:\\\/\\\/www.fatosefotosnews.com.br\\\/?p=158017#breadcrumb\",\"itemListElement\":[{\"@type\":\"ListItem\",\"position\":1,\"name\":\"In\u00edcio\",\"item\":\"https:\\\/\\\/www.fatosefotosnews.com.br\\\/\"},{\"@type\":\"ListItem\",\"position\":2,\"name\":\"Dias Toffoli libera campanha de Renan Santos pela internet\"}]},{\"@type\":\"WebSite\",\"@id\":\"https:\\\/\\\/www.fatosefotosnews.com.br\\\/#website\",\"url\":\"https:\\\/\\\/www.fatosefotosnews.com.br\\\/\",\"name\":\"Fatos e Fotos News\",\"description\":\"Um site de noticial verdadeira e confi\u00e1veis.\",\"publisher\":{\"@id\":\"https:\\\/\\\/www.fatosefotosnews.com.br\\\/#organization\"},\"potentialAction\":[{\"@type\":\"SearchAction\",\"target\":{\"@type\":\"EntryPoint\",\"urlTemplate\":\"https:\\\/\\\/www.fatosefotosnews.com.br\\\/?s={search_term_string}\"},\"query-input\":{\"@type\":\"PropertyValueSpecification\",\"valueRequired\":true,\"valueName\":\"search_term_string\"}}],\"inLanguage\":\"pt-BR\"},{\"@type\":\"Organization\",\"@id\":\"https:\\\/\\\/www.fatosefotosnews.com.br\\\/#organization\",\"name\":\"Fatos e Fotos News\",\"url\":\"https:\\\/\\\/www.fatosefotosnews.com.br\\\/\",\"logo\":{\"@type\":\"ImageObject\",\"inLanguage\":\"pt-BR\",\"@id\":\"https:\\\/\\\/www.fatosefotosnews.com.br\\\/#\\\/schema\\\/logo\\\/image\\\/\",\"url\":\"https:\\\/\\\/www.fatosefotosnews.com.br\\\/wp-content\\\/uploads\\\/2023\\\/02\\\/Fatos-e-Fotos-news-logo.png\",\"contentUrl\":\"https:\\\/\\\/www.fatosefotosnews.com.br\\\/wp-content\\\/uploads\\\/2023\\\/02\\\/Fatos-e-Fotos-news-logo.png\",\"width\":300,\"height\":58,\"caption\":\"Fatos e Fotos News\"},\"image\":{\"@id\":\"https:\\\/\\\/www.fatosefotosnews.com.br\\\/#\\\/schema\\\/logo\\\/image\\\/\"}},{\"@type\":\"Person\",\"@id\":\"https:\\\/\\\/www.fatosefotosnews.com.br\\\/#\\\/schema\\\/person\\\/17b18da658f5277ed99382206a85602f\",\"name\":\"Mirela Portugal\",\"image\":{\"@type\":\"ImageObject\",\"inLanguage\":\"pt-BR\",\"@id\":\"https:\\\/\\\/secure.gravatar.com\\\/avatar\\\/2f92fb43fda38d1a46cf4a155e1c2951193d91d9bed3df97fce720eeb9595d08?s=96&d=mm&r=g\",\"url\":\"https:\\\/\\\/secure.gravatar.com\\\/avatar\\\/2f92fb43fda38d1a46cf4a155e1c2951193d91d9bed3df97fce720eeb9595d08?s=96&d=mm&r=g\",\"contentUrl\":\"https:\\\/\\\/secure.gravatar.com\\\/avatar\\\/2f92fb43fda38d1a46cf4a155e1c2951193d91d9bed3df97fce720eeb9595d08?s=96&d=mm&r=g\",\"caption\":\"Mirela Portugal\"},\"sameAs\":[\"http:\\\/\\\/fatosefotosnews.com.br\"],\"url\":\"https:\\\/\\\/www.fatosefotosnews.com.br\\\/?author=12\"}]}<\/script>\n<!-- \/ Yoast SEO plugin. -->","yoast_head_json":{"title":"Dias Toffoli libera campanha de Renan Santos pela internet - Fatos e Fotos News","robots":{"index":"index","follow":"follow","max-snippet":"max-snippet:-1","max-image-preview":"max-image-preview:large","max-video-preview":"max-video-preview:-1"},"canonical":"https:\/\/www.fatosefotosnews.com.br\/?p=158017","og_locale":"pt_BR","og_type":"article","og_title":"Dias Toffoli libera campanha de Renan Santos pela internet - Fatos e Fotos News","og_description":"Foto: ASCOM\/STF O ministro do Tribunal Superior Eleitoral (TSE) Dias Toffoli liberou a propaganda eleitoral do candidato \u00e0 presid\u00eancia da Rep\u00fablica Renan Santos (Miss\u00e3o) na internet.\u00a0 Toffoli\u00a0havia determinado a suspens\u00e3o da campanha\u00a0em ambiente digital nessa segunda-feira (31), sob alega\u00e7\u00e3o de que o partido n\u00e3o havia informado quais eram os perfis de propaganda de Renan Santos [&hellip;]","og_url":"https:\/\/www.fatosefotosnews.com.br\/?p=158017","og_site_name":"Fatos e Fotos News","article_published_time":"2026-09-02T11:03:26+00:00","og_image":[{"width":1170,"height":700,"url":"https:\/\/www.fatosefotosnews.com.br\/wp-content\/uploads\/2026\/09\/51283828699_c540635734_o_0.jpg","type":"image\/jpeg"}],"author":"Mirela Portugal","twitter_card":"summary_large_image","twitter_misc":{"Escrito por":"Mirela Portugal","Est. tempo de leitura":"3 minutos"},"schema":{"@context":"https:\/\/schema.org","@graph":[{"@type":"Article","@id":"https:\/\/www.fatosefotosnews.com.br\/?p=158017#article","isPartOf":{"@id":"https:\/\/www.fatosefotosnews.com.br\/?p=158017"},"author":{"name":"Mirela Portugal","@id":"https:\/\/www.fatosefotosnews.com.br\/#\/schema\/person\/17b18da658f5277ed99382206a85602f"},"headline":"Dias Toffoli libera campanha de Renan Santos pela internet","datePublished":"2026-09-02T11:03:26+00:00","mainEntityOfPage":{"@id":"https:\/\/www.fatosefotosnews.com.br\/?p=158017"},"wordCount":299,"publisher":{"@id":"https:\/\/www.fatosefotosnews.com.br\/#organization"},"image":{"@id":"https:\/\/www.fatosefotosnews.com.br\/?p=158017#primaryimage"},"thumbnailUrl":"https:\/\/www.fatosefotosnews.com.br\/wp-content\/uploads\/2026\/09\/51283828699_c540635734_o_0.jpg","keywords":["campanha","internet","libera","renan","santos","toffoli"],"articleSection":["Elei\u00e7\u00f5es 2026"],"inLanguage":"pt-BR"},{"@type":"WebPage","@id":"https:\/\/www.fatosefotosnews.com.br\/?p=158017","url":"https:\/\/www.fatosefotosnews.com.br\/?p=158017","name":"Dias Toffoli libera campanha de Renan Santos pela internet - Fatos e Fotos News","isPartOf":{"@id":"https:\/\/www.fatosefotosnews.com.br\/#website"},"primaryImageOfPage":{"@id":"https:\/\/www.fatosefotosnews.com.br\/?p=158017#primaryimage"},"image":{"@id":"https:\/\/www.fatosefotosnews.com.br\/?p=158017#primaryimage"},"thumbnailUrl":"https:\/\/www.fatosefotosnews.com.br\/wp-content\/uploads\/2026\/09\/51283828699_c540635734_o_0.jpg","datePublished":"2026-09-02T11:03:26+00:00","breadcrumb":{"@id":"https:\/\/www.fatosefotosnews.com.br\/?p=158017#breadcrumb"},"inLanguage":"pt-BR","potentialAction":[{"@type":"ReadAction","target":["https:\/\/www.fatosefotosnews.com.br\/?p=158017"]}]},{"@type":"ImageObject","inLanguage":"pt-BR","@id":"https:\/\/www.fatosefotosnews.com.br\/?p=158017#primaryimage","url":"https:\/\/www.fatosefotosnews.com.br\/wp-content\/uploads\/2026\/09\/51283828699_c540635734_o_0.jpg","contentUrl":"https:\/\/www.fatosefotosnews.com.br\/wp-content\/uploads\/2026\/09\/51283828699_c540635734_o_0.jpg","width":1170,"height":700},{"@type":"BreadcrumbList","@id":"https:\/\/www.fatosefotosnews.com.br\/?p=158017#breadcrumb","itemListElement":[{"@type":"ListItem","position":1,"name":"In\u00edcio","item":"https:\/\/www.fatosefotosnews.com.br\/"},{"@type":"ListItem","position":2,"name":"Dias Toffoli libera campanha de Renan Santos pela internet"}]},{"@type":"WebSite","@id":"https:\/\/www.fatosefotosnews.com.br\/#website","url":"https:\/\/www.fatosefotosnews.com.br\/","name":"Fatos e Fotos News","description":"Um site de noticial verdadeira e confi\u00e1veis.","publisher":{"@id":"https:\/\/www.fatosefotosnews.com.br\/#organization"},"potentialAction":[{"@type":"SearchAction","target":{"@type":"EntryPoint","urlTemplate":"https:\/\/www.fatosefotosnews.com.br\/?s={search_term_string}"},"query-input":{"@type":"PropertyValueSpecification","valueRequired":true,"valueName":"search_term_string"}}],"inLanguage":"pt-BR"},{"@type":"Organization","@id":"https:\/\/www.fatosefotosnews.com.br\/#organization","name":"Fatos e Fotos News","url":"https:\/\/www.fatosefotosnews.com.br\/","logo":{"@type":"ImageObject","inLanguage":"pt-BR","@id":"https:\/\/www.fatosefotosnews.com.br\/#\/schema\/logo\/image\/","url":"https:\/\/www.fatosefotosnews.com.br\/wp-content\/uploads\/2023\/02\/Fatos-e-Fotos-news-logo.png","contentUrl":"https:\/\/www.fatosefotosnews.com.br\/wp-content\/uploads\/2023\/02\/Fatos-e-Fotos-news-logo.png","width":300,"height":58,"caption":"Fatos e Fotos News"},"image":{"@id":"https:\/\/www.fatosefotosnews.com.br\/#\/schema\/logo\/image\/"}},{"@type":"Person","@id":"https:\/\/www.fatosefotosnews.com.br\/#\/schema\/person\/17b18da658f5277ed99382206a85602f","name":"Mirela Portugal","image":{"@type":"ImageObject","inLanguage":"pt-BR","@id":"https:\/\/secure.gravatar.com\/avatar\/2f92fb43fda38d1a46cf4a155e1c2951193d91d9bed3df97fce720eeb9595d08?s=96&d=mm&r=g","url":"https:\/\/secure.gravatar.com\/avatar\/2f92fb43fda38d1a46cf4a155e1c2951193d91d9bed3df97fce720eeb9595d08?s=96&d=mm&r=g","contentUrl":"https:\/\/secure.gravatar.com\/avatar\/2f92fb43fda38d1a46cf4a155e1c2951193d91d9bed3df97fce720eeb9595d08?s=96&d=mm&r=g","caption":"Mirela Portugal"},"sameAs":["http:\/\/fatosefotosnews.com.br"],"url":"https:\/\/www.fatosefotosnews.com.br\/?author=12"}]}},"jetpack_publicize_connections":[],"blog_post_layout_featured_media_urls":{"thumbnail":["https:\/\/www.fatosefotosnews.com.br\/wp-content\/uploads\/2026\/09\/51283828699_c540635734_o_0-150x150.jpg",150,150,true],"full":["https:\/\/www.fatosefotosnews.com.br\/wp-content\/uploads\/2026\/09\/51283828699_c540635734_o_0.jpg",1170,700,false]},"categories_names":{"29246":{"name":"Elei\u00e7\u00f5es 2026","link":"https:\/\/www.fatosefotosnews.com.br\/?cat=29246"}},"tags_names":{"613":{"name":"campanha","link":"https:\/\/www.fatosefotosnews.com.br\/?tag=campanha"},"3782":{"name":"internet","link":"https:\/\/www.fatosefotosnews.com.br\/?tag=internet"},"1421":{"name":"libera","link":"https:\/\/www.fatosefotosnews.com.br\/?tag=libera"},"1799":{"name":"renan","link":"https:\/\/www.fatosefotosnews.com.br\/?tag=renan"},"1020":{"name":"santos","link":"https:\/\/www.fatosefotosnews.com.br\/?tag=santos"},"8604":{"name":"toffoli","link":"https:\/\/www.fatosefotosnews.com.br\/?tag=toffoli"}},"comments_number":"0","wpmagazine_modules_lite_featured_media_urls":{"thumbnail":["https:\/\/www.fatosefotosnews.com.br\/wp-content\/uploads\/2026\/09\/51283828699_c540635734_o_0-150x150.jpg",150,150,true],"cvmm-medium":["https:\/\/www.fatosefotosnews.com.br\/wp-content\/uploads\/2026\/09\/51283828699_c540635734_o_0-300x300.jpg",300,300,true],"cvmm-medium-plus":["https:\/\/www.fatosefotosnews.com.br\/wp-content\/uploads\/2026\/09\/51283828699_c540635734_o_0-305x207.jpg",305,207,true],"cvmm-portrait":["https:\/\/www.fatosefotosnews.com.br\/wp-content\/uploads\/2026\/09\/51283828699_c540635734_o_0-400x600.jpg",400,600,true],"cvmm-medium-square":["https:\/\/www.fatosefotosnews.com.br\/wp-content\/uploads\/2026\/09\/51283828699_c540635734_o_0-600x600.jpg",600,600,true],"cvmm-large":["https:\/\/www.fatosefotosnews.com.br\/wp-content\/uploads\/2026\/09\/51283828699_c540635734_o_0-1024x700.jpg",1024,700,true],"cvmm-small":["https:\/\/www.fatosefotosnews.com.br\/wp-content\/uploads\/2026\/09\/51283828699_c540635734_o_0-130x95.jpg",130,95,true],"full":["https:\/\/www.fatosefotosnews.com.br\/wp-content\/uploads\/2026\/09\/51283828699_c540635734_o_0.jpg",1170,700,false]},"_links":{"self":[{"href":"https:\/\/www.fatosefotosnews.com.br\/index.php?rest_route=\/wp\/v2\/posts\/158017","targetHints":{"allow":["GET"]}}],"collection":[{"href":"https:\/\/www.fatosefotosnews.com.br\/index.php?rest_route=\/wp\/v2\/posts"}],"about":[{"href":"https:\/\/www.fatosefotosnews.com.br\/index.php?rest_route=\/wp\/v2\/types\/post"}],"author":[{"embeddable":true,"href":"https:\/\/www.fatosefotosnews.com.br\/index.php?rest_route=\/wp\/v2\/users\/12"}],"replies":[{"embeddable":true,"href":"https:\/\/www.fatosefotosnews.com.br\/index.php?rest_route=%2Fwp%2Fv2%2Fcomments&post=158017"}],"version-history":[{"count":1,"href":"https:\/\/www.fatosefotosnews.com.br\/index.php?rest_route=\/wp\/v2\/posts\/158017\/revisions"}],"predecessor-version":[{"id":158018,"href":"https:\/\/www.fatosefotosnews.com.br\/index.php?rest_route=\/wp\/v2\/posts\/158017\/revisions\/158018"}],"wp:featuredmedia":[{"embeddable":true,"href":"https:\/\/www.fatosefotosnews.com.br\/index.php?rest_route=\/wp\/v2\/media\/158005"}],"wp:attachment":[{"href":"https:\/\/www.fatosefotosnews.com.br\/index.php?rest_route=%2Fwp%2Fv2%2Fmedia&parent=158017"}],"wp:term":[{"taxonomy":"category","embeddable":true,"href":"https:\/\/www.fatosefotosnews.com.br\/index.php?rest_route=%2Fwp%2Fv2%2Fcategories&post=158017"},{"taxonomy":"post_tag","embeddable":true,"href":"https:\/\/www.fatosefotosnews.com.br\/index.php?rest_route=%2Fwp%2Fv2%2Ftags&post=158017"}],"curies":[{"name":"wp","href":"https:\/\/api.w.org\/{rel}","templated":true}]}}