{"id":158019,"date":"2026-09-02T08:30:49","date_gmt":"2026-09-02T11:30:49","guid":{"rendered":"https:\/\/www.fatosefotosnews.com.br\/?p=158019"},"modified":"2026-09-01T21:06:06","modified_gmt":"2026-09-02T00:06:06","slug":"uniao-tera-que-indenizar-familia-de-perseguido-pela-ditadura-no-amapa","status":"publish","type":"post","link":"https:\/\/www.fatosefotosnews.com.br\/?p=158019","title":{"rendered":"Uni\u00e3o ter\u00e1 que indenizar fam\u00edlia de perseguido pela ditadura no Amap\u00e1"},"content":{"rendered":"<p>Foto: Paulo Pinto\/Agencia Brasil<\/p>\n<div id=\"block-tts-block-tts\" class=\"block block-tts\">\n<div class=\"content\">\n<div id=\"tts-container\" class=\"container-audio rel-position\">\n<div class=\"title abs-position\"><\/div>\n<\/div>\n<\/div>\n<\/div>\n<div class=\"conteudo-noticia\">\n<p>A Justi\u00e7a Federal do Amap\u00e1 condenou a Uni\u00e3o a pagar R$ 200 mil por danos morais \u00e0 vi\u00fava e aos seis filhos de Lu\u00eds Messias Tavares, perseguido pol\u00edtico pela ditadura civil-militar instaurada em 1964. A senten\u00e7a, do \u00faltimo dia 24, foi decorrente da atua\u00e7\u00e3o da\u00a0Defensoria P\u00fablica da Uni\u00e3o e baseada no relat\u00f3rio final da Comiss\u00e3o Estadual da Verdade do Amap\u00e1.<img decoding=\"async\" src=\"https:\/\/agenciabrasil.ebc.com.br\/ebc.png?id=1701272&amp;o=node\" \/><img decoding=\"async\" src=\"https:\/\/agenciabrasil.ebc.com.br\/ebc.gif?id=1701272&amp;o=node\" \/><\/p>\n<p><strong>Al\u00e9m de\u00a0reconhecer que\u00a0Lu\u00eds Messias foi alvo de<\/strong><strong>\u00a0pris\u00e3o arbitr\u00e1ria e\u00a0exonera\u00e7\u00e3o do cargo p\u00fablico de agente de pol\u00edcia em 1964, a decis\u00e3o\u00a0atribui ao Estado a responsabilidade por graves sequelas f\u00edsicas e psicol\u00f3gicas sofridas por ele em decorr\u00eancia da repress\u00e3o<\/strong>.<\/p>\n<p>A senten\u00e7a, do juiz federal Felipe Handro, considerou que as informa\u00e7\u00f5es que constam no relat\u00f3rio Comiss\u00e3o Estadual da Verdade do Amap\u00e1 t\u00eam\u00a0for\u00e7a probat\u00f3ria e demonstram a persegui\u00e7\u00e3o pol\u00edtica sofrida por Lu\u00eds Messias Tavares.<\/p>\n<p>Depoimentos contidos no texto\u00a0confirmam a atua\u00e7\u00e3o de Lu\u00eds Messias no movimento estudantil, tendo sido presidente e um dos fundadores do Gr\u00eamio Estudantil da Uni\u00e3o dos Estudantes dos Cursos Secund\u00e1rios do Amap\u00e1 (UECSA).<\/p>\n<h2>Falta de assist\u00eancia<\/h2>\n<p>Os depoimentos trazem ainda informa\u00e7\u00f5es sobre a pris\u00e3o por motiva\u00e7\u00e3o pol\u00edtica, as condi\u00e7\u00f5es de encarceramento e o impacto psicol\u00f3gico causado pela repress\u00e3o estatal, incluindo\u00a0o surto psic\u00f3tico associado a acidente vascular cerebral (AVC), que Lu\u00eds Messias sofreu com 25 anos de idade.<\/p>\n<p><strong>N\u00e3o houve assist\u00eancia psicol\u00f3gica ou neurol\u00f3gica, o que culminou na perda de forma irrevers\u00edvel da mem\u00f3ria recente<\/strong>\u00a0\u2013 circunst\u00e2ncia que o impedia de reconhecer, no dia seguinte, pessoas com quem havia acabado de conversar.<\/p>\n<p>Para o juiz, ficou claro que a repara\u00e7\u00e3o deveria compreender n\u00e3o apenas a compensa\u00e7\u00e3o financeira, mas tamb\u00e9m o direito \u00e0 mem\u00f3ria, \u00e0 verdade e \u00e0s garantias de n\u00e3o repeti\u00e7\u00e3o das viola\u00e7\u00f5es.<\/p>\n<p>Al\u00e9m disso, o juiz reconheceu que os efeitos da persegui\u00e7\u00e3o se estenderam \u00e0 esposa e aos filhos de Lu\u00eds Messias, que sofreram dano moral reflexo.<\/p>\n<blockquote><p>\u201c[A fam\u00edlia experimentou], de forma direta e aut\u00f4noma, a desestrutura\u00e7\u00e3o da unidade familiar decorrente da priva\u00e7\u00e3o de liberdade do chefe de fam\u00edlia, a perda do sustento em raz\u00e3o da demiss\u00e3o arbitr\u00e1ria, o estigma social de serem rotulados como &#8220;fam\u00edlia de subversivos&#8221; (&#8230;) e, sobretudo, o sofrimento prolongado de conviver com o quadro de enfermidade mental irrevers\u00edvel do ente querido\u201d, diz trecho da senten\u00e7a.<\/p><\/blockquote>\n<p>A defensora p\u00fablica federal\u00a0Nayara Ribeiro Schr\u00f6der Xavier, que atuou no caso, ressaltou que\u00a0<strong>a decis\u00e3o tamb\u00e9m refor\u00e7a o entendimento de que familiares t\u00eam direito \u00e0 repara\u00e7\u00e3o pelos danos morais reflexos decorrentes da persegui\u00e7\u00e3o<\/strong>.<\/p>\n<p>Ela destacou ainda que a senten\u00e7a aprofunda o entendimento de que a\u00e7\u00f5es indenizat\u00f3rias relacionadas a graves viola\u00e7\u00f5es de direitos humanos praticadas durante a ditadura s\u00e3o imprescrit\u00edveis.<\/p>\n<p>Tal repara\u00e7\u00e3o civil n\u00e3o deve ser confundida com o pedido de reconhecimento da condi\u00e7\u00e3o de anistiado pol\u00edtico, previsto na Lei da Anistia, e sob responsabilidade do Minist\u00e9rio dos Direitos Humanos e da Cidadania.<\/p>\n<p>\u201cA senten\u00e7a possui especial relev\u00e2ncia por conferir efetividade, no \u00e2mbito local, ao direito \u00e0 mem\u00f3ria, \u00e0 verdade e \u00e0 repara\u00e7\u00e3o, al\u00e9m de reconhecer juridicamente fatos hist\u00f3ricos documentados pela Comiss\u00e3o Estadual da Verdade do Amap\u00e1 e seus efeitos sobre a v\u00edtima e sua fam\u00edlia\u201d, destaca a defensora p\u00fablica federal.<\/p>\n<h2>Quem foi Lu\u00eds Messias<\/h2>\n<p>O ex-agente de pol\u00edcia e lideran\u00e7a estudantil do Amap\u00e1\u00a0Lu\u00eds Messias Tavares foi identificado pelos militares como opositor do regime e rotulado como &#8220;comunista&#8221;. Ele foi preso pelo Ex\u00e9rcito e mantido na Fortaleza de S\u00e3o Jos\u00e9 de Macap\u00e1, em condi\u00e7\u00f5es degradantes\u00a0de higiene e alimenta\u00e7\u00e3o e sob vigil\u00e2ncia armada, al\u00e9m de ter sido exonerado sumariamente do servi\u00e7o p\u00fablico.<\/p>\n<p>De acordo com o processo, o encarceramento provocou um surto psic\u00f3tico e um acidente vascular cerebral (AVC), que resultaram em perda irrevers\u00edvel da mem\u00f3ria e comprometimento permanente de sua sa\u00fade mental at\u00e9 sua morte, em 2011.<\/p>\n<\/div>\n","protected":false},"excerpt":{"rendered":"<p>Foto: Paulo Pinto\/Agencia Brasil A Justi\u00e7a Federal do Amap\u00e1 condenou a Uni\u00e3o a pagar R$ 200 mil por danos morais \u00e0 vi\u00fava e aos seis filhos de Lu\u00eds Messias Tavares, perseguido pol\u00edtico pela ditadura civil-militar instaurada em 1964. A senten\u00e7a, do \u00faltimo dia 24, foi decorrente da atua\u00e7\u00e3o da\u00a0Defensoria P\u00fablica da Uni\u00e3o e baseada no [&hellip;]<\/p>\n","protected":false},"author":12,"featured_media":158003,"comment_status":"closed","ping_status":"open","sticky":false,"template":"","format":"standard","meta":{"_acf_changed":false,"_angie_page":false,"_monsterinsights_skip_tracking":false,"_themeisle_gutenberg_block_has_review":false,"page_builder":"","footnotes":"","jetpack_publicize_message":"","jetpack_publicize_feature_enabled":true,"jetpack_social_post_already_shared":true,"jetpack_social_options":{"image_generator_settings":{"template":"highway","default_image_id":0,"font":"","enabled":false},"version":2}},"categories":[25236,167,24885],"tags":[4694,5674,515,3281,5831],"class_list":["post-158019","post","type-post","status-publish","format-standard","has-post-thumbnail","hentry","category-direitos-humanos","category-geral","category-justica","tag-amapa","tag-ditadura","tag-familia","tag-indenizar","tag-perseguido"],"acf":[],"nelio_content":{"autoShareEndMode":"never","automationSources":{"useCustomSentences":false,"customSentences":[]},"efiAlt":"","efiUrl":"","followers":[12],"highlights":[],"isAutoShareEnabled":true,"networkImageIds":[],"permalinkQueryArgs":[],"series":[],"suggestedReferences":[]},"yoast_head":"<!-- This site is optimized with the Yoast SEO plugin v28.3 - https:\/\/yoast.com\/product\/yoast-seo-wordpress\/ -->\n<title>Uni\u00e3o ter\u00e1 que indenizar fam\u00edlia de perseguido pela ditadura no Amap\u00e1 - Fatos e Fotos News<\/title>\n<meta name=\"robots\" content=\"index, follow, max-snippet:-1, max-image-preview:large, max-video-preview:-1\" \/>\n<link rel=\"canonical\" href=\"https:\/\/www.fatosefotosnews.com.br\/?p=158019\" \/>\n<meta property=\"og:locale\" content=\"pt_BR\" \/>\n<meta property=\"og:type\" content=\"article\" \/>\n<meta property=\"og:title\" content=\"Uni\u00e3o ter\u00e1 que indenizar fam\u00edlia de perseguido pela ditadura no Amap\u00e1 - Fatos e Fotos News\" \/>\n<meta property=\"og:description\" content=\"Foto: Paulo Pinto\/Agencia Brasil A Justi\u00e7a Federal do Amap\u00e1 condenou a Uni\u00e3o a pagar R$ 200 mil por danos morais \u00e0 vi\u00fava e aos seis filhos de Lu\u00eds Messias Tavares, perseguido pol\u00edtico pela ditadura civil-militar instaurada em 1964. A senten\u00e7a, do \u00faltimo dia 24, foi decorrente da atua\u00e7\u00e3o da\u00a0Defensoria P\u00fablica da Uni\u00e3o e baseada no [&hellip;]\" \/>\n<meta property=\"og:url\" content=\"https:\/\/www.fatosefotosnews.com.br\/?p=158019\" \/>\n<meta property=\"og:site_name\" content=\"Fatos e Fotos News\" \/>\n<meta property=\"article:published_time\" content=\"2026-09-02T11:30:49+00:00\" \/>\n<meta property=\"og:image\" content=\"https:\/\/www.fatosefotosnews.com.br\/wp-content\/uploads\/2026\/09\/int6959.jpg\" \/>\n\t<meta property=\"og:image:width\" content=\"1170\" \/>\n\t<meta property=\"og:image:height\" content=\"700\" \/>\n\t<meta property=\"og:image:type\" content=\"image\/jpeg\" \/>\n<meta name=\"author\" content=\"Mirela Portugal\" \/>\n<meta name=\"twitter:card\" content=\"summary_large_image\" \/>\n<meta name=\"twitter:label1\" content=\"Escrito por\" \/>\n\t<meta name=\"twitter:data1\" content=\"Mirela Portugal\" \/>\n\t<meta name=\"twitter:label2\" content=\"Est. tempo de leitura\" \/>\n\t<meta name=\"twitter:data2\" content=\"4 minutos\" \/>\n<script type=\"application\/ld+json\" class=\"yoast-schema-graph\">{\"@context\":\"https:\\\/\\\/schema.org\",\"@graph\":[{\"@type\":\"Article\",\"@id\":\"https:\\\/\\\/www.fatosefotosnews.com.br\\\/?p=158019#article\",\"isPartOf\":{\"@id\":\"https:\\\/\\\/www.fatosefotosnews.com.br\\\/?p=158019\"},\"author\":{\"name\":\"Mirela Portugal\",\"@id\":\"https:\\\/\\\/www.fatosefotosnews.com.br\\\/#\\\/schema\\\/person\\\/17b18da658f5277ed99382206a85602f\"},\"headline\":\"Uni\u00e3o ter\u00e1 que indenizar fam\u00edlia de perseguido pela ditadura no Amap\u00e1\",\"datePublished\":\"2026-09-02T11:30:49+00:00\",\"mainEntityOfPage\":{\"@id\":\"https:\\\/\\\/www.fatosefotosnews.com.br\\\/?p=158019\"},\"wordCount\":731,\"publisher\":{\"@id\":\"https:\\\/\\\/www.fatosefotosnews.com.br\\\/#organization\"},\"image\":{\"@id\":\"https:\\\/\\\/www.fatosefotosnews.com.br\\\/?p=158019#primaryimage\"},\"thumbnailUrl\":\"https:\\\/\\\/www.fatosefotosnews.com.br\\\/wp-content\\\/uploads\\\/2026\\\/09\\\/int6959.jpg\",\"keywords\":[\"amapa\",\"ditadura\",\"familia\",\"indenizar\",\"perseguido\"],\"articleSection\":[\"Direitos Humanos\",\"Geral\",\"Justi\u00e7a\"],\"inLanguage\":\"pt-BR\"},{\"@type\":\"WebPage\",\"@id\":\"https:\\\/\\\/www.fatosefotosnews.com.br\\\/?p=158019\",\"url\":\"https:\\\/\\\/www.fatosefotosnews.com.br\\\/?p=158019\",\"name\":\"Uni\u00e3o ter\u00e1 que indenizar fam\u00edlia de perseguido pela ditadura no Amap\u00e1 - Fatos e Fotos News\",\"isPartOf\":{\"@id\":\"https:\\\/\\\/www.fatosefotosnews.com.br\\\/#website\"},\"primaryImageOfPage\":{\"@id\":\"https:\\\/\\\/www.fatosefotosnews.com.br\\\/?p=158019#primaryimage\"},\"image\":{\"@id\":\"https:\\\/\\\/www.fatosefotosnews.com.br\\\/?p=158019#primaryimage\"},\"thumbnailUrl\":\"https:\\\/\\\/www.fatosefotosnews.com.br\\\/wp-content\\\/uploads\\\/2026\\\/09\\\/int6959.jpg\",\"datePublished\":\"2026-09-02T11:30:49+00:00\",\"breadcrumb\":{\"@id\":\"https:\\\/\\\/www.fatosefotosnews.com.br\\\/?p=158019#breadcrumb\"},\"inLanguage\":\"pt-BR\",\"potentialAction\":[{\"@type\":\"ReadAction\",\"target\":[\"https:\\\/\\\/www.fatosefotosnews.com.br\\\/?p=158019\"]}]},{\"@type\":\"ImageObject\",\"inLanguage\":\"pt-BR\",\"@id\":\"https:\\\/\\\/www.fatosefotosnews.com.br\\\/?p=158019#primaryimage\",\"url\":\"https:\\\/\\\/www.fatosefotosnews.com.br\\\/wp-content\\\/uploads\\\/2026\\\/09\\\/int6959.jpg\",\"contentUrl\":\"https:\\\/\\\/www.fatosefotosnews.com.br\\\/wp-content\\\/uploads\\\/2026\\\/09\\\/int6959.jpg\",\"width\":1170,\"height\":700},{\"@type\":\"BreadcrumbList\",\"@id\":\"https:\\\/\\\/www.fatosefotosnews.com.br\\\/?p=158019#breadcrumb\",\"itemListElement\":[{\"@type\":\"ListItem\",\"position\":1,\"name\":\"In\u00edcio\",\"item\":\"https:\\\/\\\/www.fatosefotosnews.com.br\\\/\"},{\"@type\":\"ListItem\",\"position\":2,\"name\":\"Uni\u00e3o ter\u00e1 que indenizar fam\u00edlia de perseguido pela ditadura no Amap\u00e1\"}]},{\"@type\":\"WebSite\",\"@id\":\"https:\\\/\\\/www.fatosefotosnews.com.br\\\/#website\",\"url\":\"https:\\\/\\\/www.fatosefotosnews.com.br\\\/\",\"name\":\"Fatos e Fotos News\",\"description\":\"Um site de noticial verdadeira e confi\u00e1veis.\",\"publisher\":{\"@id\":\"https:\\\/\\\/www.fatosefotosnews.com.br\\\/#organization\"},\"potentialAction\":[{\"@type\":\"SearchAction\",\"target\":{\"@type\":\"EntryPoint\",\"urlTemplate\":\"https:\\\/\\\/www.fatosefotosnews.com.br\\\/?s={search_term_string}\"},\"query-input\":{\"@type\":\"PropertyValueSpecification\",\"valueRequired\":true,\"valueName\":\"search_term_string\"}}],\"inLanguage\":\"pt-BR\"},{\"@type\":\"Organization\",\"@id\":\"https:\\\/\\\/www.fatosefotosnews.com.br\\\/#organization\",\"name\":\"Fatos e Fotos News\",\"url\":\"https:\\\/\\\/www.fatosefotosnews.com.br\\\/\",\"logo\":{\"@type\":\"ImageObject\",\"inLanguage\":\"pt-BR\",\"@id\":\"https:\\\/\\\/www.fatosefotosnews.com.br\\\/#\\\/schema\\\/logo\\\/image\\\/\",\"url\":\"https:\\\/\\\/www.fatosefotosnews.com.br\\\/wp-content\\\/uploads\\\/2023\\\/02\\\/Fatos-e-Fotos-news-logo.png\",\"contentUrl\":\"https:\\\/\\\/www.fatosefotosnews.com.br\\\/wp-content\\\/uploads\\\/2023\\\/02\\\/Fatos-e-Fotos-news-logo.png\",\"width\":300,\"height\":58,\"caption\":\"Fatos e Fotos News\"},\"image\":{\"@id\":\"https:\\\/\\\/www.fatosefotosnews.com.br\\\/#\\\/schema\\\/logo\\\/image\\\/\"}},{\"@type\":\"Person\",\"@id\":\"https:\\\/\\\/www.fatosefotosnews.com.br\\\/#\\\/schema\\\/person\\\/17b18da658f5277ed99382206a85602f\",\"name\":\"Mirela Portugal\",\"image\":{\"@type\":\"ImageObject\",\"inLanguage\":\"pt-BR\",\"@id\":\"https:\\\/\\\/secure.gravatar.com\\\/avatar\\\/2f92fb43fda38d1a46cf4a155e1c2951193d91d9bed3df97fce720eeb9595d08?s=96&d=mm&r=g\",\"url\":\"https:\\\/\\\/secure.gravatar.com\\\/avatar\\\/2f92fb43fda38d1a46cf4a155e1c2951193d91d9bed3df97fce720eeb9595d08?s=96&d=mm&r=g\",\"contentUrl\":\"https:\\\/\\\/secure.gravatar.com\\\/avatar\\\/2f92fb43fda38d1a46cf4a155e1c2951193d91d9bed3df97fce720eeb9595d08?s=96&d=mm&r=g\",\"caption\":\"Mirela Portugal\"},\"sameAs\":[\"http:\\\/\\\/fatosefotosnews.com.br\"],\"url\":\"https:\\\/\\\/www.fatosefotosnews.com.br\\\/?author=12\"}]}<\/script>\n<!-- \/ Yoast SEO plugin. -->","yoast_head_json":{"title":"Uni\u00e3o ter\u00e1 que indenizar fam\u00edlia de perseguido pela ditadura no Amap\u00e1 - Fatos e Fotos News","robots":{"index":"index","follow":"follow","max-snippet":"max-snippet:-1","max-image-preview":"max-image-preview:large","max-video-preview":"max-video-preview:-1"},"canonical":"https:\/\/www.fatosefotosnews.com.br\/?p=158019","og_locale":"pt_BR","og_type":"article","og_title":"Uni\u00e3o ter\u00e1 que indenizar fam\u00edlia de perseguido pela ditadura no Amap\u00e1 - Fatos e Fotos News","og_description":"Foto: Paulo Pinto\/Agencia Brasil A Justi\u00e7a Federal do Amap\u00e1 condenou a Uni\u00e3o a pagar R$ 200 mil por danos morais \u00e0 vi\u00fava e aos seis filhos de Lu\u00eds Messias Tavares, perseguido pol\u00edtico pela ditadura civil-militar instaurada em 1964. A senten\u00e7a, do \u00faltimo dia 24, foi decorrente da atua\u00e7\u00e3o da\u00a0Defensoria P\u00fablica da Uni\u00e3o e baseada no [&hellip;]","og_url":"https:\/\/www.fatosefotosnews.com.br\/?p=158019","og_site_name":"Fatos e Fotos News","article_published_time":"2026-09-02T11:30:49+00:00","og_image":[{"width":1170,"height":700,"url":"https:\/\/www.fatosefotosnews.com.br\/wp-content\/uploads\/2026\/09\/int6959.jpg","type":"image\/jpeg"}],"author":"Mirela Portugal","twitter_card":"summary_large_image","twitter_misc":{"Escrito por":"Mirela Portugal","Est. tempo de leitura":"4 minutos"},"schema":{"@context":"https:\/\/schema.org","@graph":[{"@type":"Article","@id":"https:\/\/www.fatosefotosnews.com.br\/?p=158019#article","isPartOf":{"@id":"https:\/\/www.fatosefotosnews.com.br\/?p=158019"},"author":{"name":"Mirela Portugal","@id":"https:\/\/www.fatosefotosnews.com.br\/#\/schema\/person\/17b18da658f5277ed99382206a85602f"},"headline":"Uni\u00e3o ter\u00e1 que indenizar fam\u00edlia de perseguido pela ditadura no Amap\u00e1","datePublished":"2026-09-02T11:30:49+00:00","mainEntityOfPage":{"@id":"https:\/\/www.fatosefotosnews.com.br\/?p=158019"},"wordCount":731,"publisher":{"@id":"https:\/\/www.fatosefotosnews.com.br\/#organization"},"image":{"@id":"https:\/\/www.fatosefotosnews.com.br\/?p=158019#primaryimage"},"thumbnailUrl":"https:\/\/www.fatosefotosnews.com.br\/wp-content\/uploads\/2026\/09\/int6959.jpg","keywords":["amapa","ditadura","familia","indenizar","perseguido"],"articleSection":["Direitos Humanos","Geral","Justi\u00e7a"],"inLanguage":"pt-BR"},{"@type":"WebPage","@id":"https:\/\/www.fatosefotosnews.com.br\/?p=158019","url":"https:\/\/www.fatosefotosnews.com.br\/?p=158019","name":"Uni\u00e3o ter\u00e1 que indenizar fam\u00edlia de perseguido pela ditadura no Amap\u00e1 - Fatos e Fotos News","isPartOf":{"@id":"https:\/\/www.fatosefotosnews.com.br\/#website"},"primaryImageOfPage":{"@id":"https:\/\/www.fatosefotosnews.com.br\/?p=158019#primaryimage"},"image":{"@id":"https:\/\/www.fatosefotosnews.com.br\/?p=158019#primaryimage"},"thumbnailUrl":"https:\/\/www.fatosefotosnews.com.br\/wp-content\/uploads\/2026\/09\/int6959.jpg","datePublished":"2026-09-02T11:30:49+00:00","breadcrumb":{"@id":"https:\/\/www.fatosefotosnews.com.br\/?p=158019#breadcrumb"},"inLanguage":"pt-BR","potentialAction":[{"@type":"ReadAction","target":["https:\/\/www.fatosefotosnews.com.br\/?p=158019"]}]},{"@type":"ImageObject","inLanguage":"pt-BR","@id":"https:\/\/www.fatosefotosnews.com.br\/?p=158019#primaryimage","url":"https:\/\/www.fatosefotosnews.com.br\/wp-content\/uploads\/2026\/09\/int6959.jpg","contentUrl":"https:\/\/www.fatosefotosnews.com.br\/wp-content\/uploads\/2026\/09\/int6959.jpg","width":1170,"height":700},{"@type":"BreadcrumbList","@id":"https:\/\/www.fatosefotosnews.com.br\/?p=158019#breadcrumb","itemListElement":[{"@type":"ListItem","position":1,"name":"In\u00edcio","item":"https:\/\/www.fatosefotosnews.com.br\/"},{"@type":"ListItem","position":2,"name":"Uni\u00e3o ter\u00e1 que indenizar fam\u00edlia de perseguido pela ditadura no Amap\u00e1"}]},{"@type":"WebSite","@id":"https:\/\/www.fatosefotosnews.com.br\/#website","url":"https:\/\/www.fatosefotosnews.com.br\/","name":"Fatos e Fotos News","description":"Um site de noticial verdadeira e confi\u00e1veis.","publisher":{"@id":"https:\/\/www.fatosefotosnews.com.br\/#organization"},"potentialAction":[{"@type":"SearchAction","target":{"@type":"EntryPoint","urlTemplate":"https:\/\/www.fatosefotosnews.com.br\/?s={search_term_string}"},"query-input":{"@type":"PropertyValueSpecification","valueRequired":true,"valueName":"search_term_string"}}],"inLanguage":"pt-BR"},{"@type":"Organization","@id":"https:\/\/www.fatosefotosnews.com.br\/#organization","name":"Fatos e Fotos News","url":"https:\/\/www.fatosefotosnews.com.br\/","logo":{"@type":"ImageObject","inLanguage":"pt-BR","@id":"https:\/\/www.fatosefotosnews.com.br\/#\/schema\/logo\/image\/","url":"https:\/\/www.fatosefotosnews.com.br\/wp-content\/uploads\/2023\/02\/Fatos-e-Fotos-news-logo.png","contentUrl":"https:\/\/www.fatosefotosnews.com.br\/wp-content\/uploads\/2023\/02\/Fatos-e-Fotos-news-logo.png","width":300,"height":58,"caption":"Fatos e Fotos News"},"image":{"@id":"https:\/\/www.fatosefotosnews.com.br\/#\/schema\/logo\/image\/"}},{"@type":"Person","@id":"https:\/\/www.fatosefotosnews.com.br\/#\/schema\/person\/17b18da658f5277ed99382206a85602f","name":"Mirela Portugal","image":{"@type":"ImageObject","inLanguage":"pt-BR","@id":"https:\/\/secure.gravatar.com\/avatar\/2f92fb43fda38d1a46cf4a155e1c2951193d91d9bed3df97fce720eeb9595d08?s=96&d=mm&r=g","url":"https:\/\/secure.gravatar.com\/avatar\/2f92fb43fda38d1a46cf4a155e1c2951193d91d9bed3df97fce720eeb9595d08?s=96&d=mm&r=g","contentUrl":"https:\/\/secure.gravatar.com\/avatar\/2f92fb43fda38d1a46cf4a155e1c2951193d91d9bed3df97fce720eeb9595d08?s=96&d=mm&r=g","caption":"Mirela Portugal"},"sameAs":["http:\/\/fatosefotosnews.com.br"],"url":"https:\/\/www.fatosefotosnews.com.br\/?author=12"}]}},"jetpack_publicize_connections":[],"blog_post_layout_featured_media_urls":{"thumbnail":["https:\/\/www.fatosefotosnews.com.br\/wp-content\/uploads\/2026\/09\/int6959-150x150.jpg",150,150,true],"full":["https:\/\/www.fatosefotosnews.com.br\/wp-content\/uploads\/2026\/09\/int6959.jpg",1170,700,false]},"categories_names":{"25236":{"name":"Direitos Humanos","link":"https:\/\/www.fatosefotosnews.com.br\/?cat=25236"},"167":{"name":"Geral","link":"https:\/\/www.fatosefotosnews.com.br\/?cat=167"},"24885":{"name":"Justi\u00e7a","link":"https:\/\/www.fatosefotosnews.com.br\/?cat=24885"}},"tags_names":{"4694":{"name":"amapa","link":"https:\/\/www.fatosefotosnews.com.br\/?tag=amapa"},"5674":{"name":"ditadura","link":"https:\/\/www.fatosefotosnews.com.br\/?tag=ditadura"},"515":{"name":"familia","link":"https:\/\/www.fatosefotosnews.com.br\/?tag=familia"},"3281":{"name":"indenizar","link":"https:\/\/www.fatosefotosnews.com.br\/?tag=indenizar"},"5831":{"name":"perseguido","link":"https:\/\/www.fatosefotosnews.com.br\/?tag=perseguido"}},"comments_number":"0","wpmagazine_modules_lite_featured_media_urls":{"thumbnail":["https:\/\/www.fatosefotosnews.com.br\/wp-content\/uploads\/2026\/09\/int6959-150x150.jpg",150,150,true],"cvmm-medium":["https:\/\/www.fatosefotosnews.com.br\/wp-content\/uploads\/2026\/09\/int6959-300x300.jpg",300,300,true],"cvmm-medium-plus":["https:\/\/www.fatosefotosnews.com.br\/wp-content\/uploads\/2026\/09\/int6959-305x207.jpg",305,207,true],"cvmm-portrait":["https:\/\/www.fatosefotosnews.com.br\/wp-content\/uploads\/2026\/09\/int6959-400x600.jpg",400,600,true],"cvmm-medium-square":["https:\/\/www.fatosefotosnews.com.br\/wp-content\/uploads\/2026\/09\/int6959-600x600.jpg",600,600,true],"cvmm-large":["https:\/\/www.fatosefotosnews.com.br\/wp-content\/uploads\/2026\/09\/int6959-1024x700.jpg",1024,700,true],"cvmm-small":["https:\/\/www.fatosefotosnews.com.br\/wp-content\/uploads\/2026\/09\/int6959-130x95.jpg",130,95,true],"full":["https:\/\/www.fatosefotosnews.com.br\/wp-content\/uploads\/2026\/09\/int6959.jpg",1170,700,false]},"_links":{"self":[{"href":"https:\/\/www.fatosefotosnews.com.br\/index.php?rest_route=\/wp\/v2\/posts\/158019","targetHints":{"allow":["GET"]}}],"collection":[{"href":"https:\/\/www.fatosefotosnews.com.br\/index.php?rest_route=\/wp\/v2\/posts"}],"about":[{"href":"https:\/\/www.fatosefotosnews.com.br\/index.php?rest_route=\/wp\/v2\/types\/post"}],"author":[{"embeddable":true,"href":"https:\/\/www.fatosefotosnews.com.br\/index.php?rest_route=\/wp\/v2\/users\/12"}],"replies":[{"embeddable":true,"href":"https:\/\/www.fatosefotosnews.com.br\/index.php?rest_route=%2Fwp%2Fv2%2Fcomments&post=158019"}],"version-history":[{"count":1,"href":"https:\/\/www.fatosefotosnews.com.br\/index.php?rest_route=\/wp\/v2\/posts\/158019\/revisions"}],"predecessor-version":[{"id":158020,"href":"https:\/\/www.fatosefotosnews.com.br\/index.php?rest_route=\/wp\/v2\/posts\/158019\/revisions\/158020"}],"wp:featuredmedia":[{"embeddable":true,"href":"https:\/\/www.fatosefotosnews.com.br\/index.php?rest_route=\/wp\/v2\/media\/158003"}],"wp:attachment":[{"href":"https:\/\/www.fatosefotosnews.com.br\/index.php?rest_route=%2Fwp%2Fv2%2Fmedia&parent=158019"}],"wp:term":[{"taxonomy":"category","embeddable":true,"href":"https:\/\/www.fatosefotosnews.com.br\/index.php?rest_route=%2Fwp%2Fv2%2Fcategories&post=158019"},{"taxonomy":"post_tag","embeddable":true,"href":"https:\/\/www.fatosefotosnews.com.br\/index.php?rest_route=%2Fwp%2Fv2%2Ftags&post=158019"}],"curies":[{"name":"wp","href":"https:\/\/api.w.org\/{rel}","templated":true}]}}