{"id":158023,"date":"2026-09-02T09:30:47","date_gmt":"2026-09-02T12:30:47","guid":{"rendered":"https:\/\/www.fatosefotosnews.com.br\/?p=158023"},"modified":"2026-09-01T21:13:54","modified_gmt":"2026-09-02T00:13:54","slug":"pib-brasileiro-tem-5o-maior-crescimento-no-segundo-trimestre","status":"publish","type":"post","link":"https:\/\/www.fatosefotosnews.com.br\/?p=158023","title":{"rendered":"PIB brasileiro tem 5\u00ba maior crescimento no segundo trimestre"},"content":{"rendered":"<p>Foto:\u00a0 Divulga\u00e7\u00e3o\/Volkswagen<\/p>\n<div id=\"block-tts-block-tts\" class=\"block block-tts\">\n<div class=\"content\">\n<div id=\"tts-container\" class=\"container-audio rel-position\">\n<div class=\"title abs-position\"><\/div>\n<\/div>\n<\/div>\n<\/div>\n<div class=\"conteudo-noticia\">\n<p>O\u00a0<a href=\"https:\/\/agenciabrasil.ebc.com.br\/economia\/noticia\/2026-09\/pib-do-brasil-cresce-05-no-segundo-trimestre-mostra-ibge\" target=\"_blank\" rel=\"noopener\">crescimento de 0,5%<\/a>\u00a0da economia brasileira na passagem do primeiro para o segundo trimestre de 2026 coloca o pa\u00eds como dono da quinta maior alta do Produto Interno Bruto (PIB, conjunto de bens e servi\u00e7os produzidos no pa\u00eds) nessa compara\u00e7\u00e3o entre trimestres imediatamente seguidos, \u00e0 frente de pa\u00edses como Estados Unidos e China.<img decoding=\"async\" src=\"https:\/\/agenciabrasil.ebc.com.br\/ebc.png?id=1701259&amp;o=node\" \/><img decoding=\"async\" src=\"https:\/\/agenciabrasil.ebc.com.br\/ebc.gif?id=1701259&amp;o=node\" \/><\/p>\n<p><strong>O ranqueamento foi divulgado pela ag\u00eancia classificadora de risco de cr\u00e9dito Austin Rating, com dados do Fundo Monet\u00e1rio Internacional (FMI), \u00f3rg\u00e3o ligado \u00e0s Na\u00e7\u00f5es Unidas.<\/strong><\/p>\n<p>O ranking leva em considera\u00e7\u00e3o 50 pa\u00edses que j\u00e1 divulgaram o resultado do PIB do segundo trimestre. O topo \u00e9 ocupado pela Irlanda, com expans\u00e3o de 1%.<\/p>\n<p><strong>Al\u00e9m de figurar na quinta posi\u00e7\u00e3o, o Brasil apresenta desempenho superior \u00e0 m\u00e9dia dos pa\u00edses (0,2%), dos pa\u00edses da Zona do Euro (0,1%) e do G7 (Alemanha, Canad\u00e1, Estados Unidos, Fran\u00e7a, It\u00e1lia, Jap\u00e3o e Reino Unido).<\/strong><\/p>\n<p>De acordo com\u00a0<a href=\"https:\/\/www.gov.br\/fazenda\/pt-br\/assuntos\/politica-macroeconomica\/analise-estudos-e-projecoes-macroeconomicas\/analise-estudos-projecoes-macroeconomicas\" target=\"_blank\" rel=\"noopener\">boletim da Secretaria de Pol\u00edtica Econ\u00f4mica<\/a>\u00a0(SPE) do Minist\u00e9rio da Fazenda, a varia\u00e7\u00e3o positiva do PIB no segundo trimestre veio acima das expectativas de mercado, que acreditava em alta de 0,4%.<\/p>\n<p><strong>Confira os 20 pa\u00edses mais bem colocados no ranking de crescimento de PIB no segundo trimestre:<\/strong><\/p>\n<p>Irlanda: 1%<\/p>\n<p>Indon\u00e9sia: 0,9%<\/p>\n<p>Angola: 0,7%<\/p>\n<p>Mal\u00e1sia: 0,6%<\/p>\n<p>Brasil: 0,5%<\/p>\n<p>Eslov\u00eania: 0,4%<\/p>\n<p>Litu\u00e2nia: 0,4%<\/p>\n<p>Su\u00e9cia: 0,4%<\/p>\n<p>Estados Unidos: 0,4%<\/p>\n<p>S\u00e9rvia: 0,4%<\/p>\n<p>Su\u00ed\u00e7a: 0,4%<\/p>\n<p>Singapura: 0,3%<\/p>\n<p>M\u00e9xico: 0,3%<\/p>\n<p>Tun\u00edsia: 0,3%<\/p>\n<p>Taiwan: 0,3%<\/p>\n<p>Col\u00f4mbia: 0,3%<\/p>\n<p>Turquia: 0,3%<\/p>\n<p>Pol\u00f4nia: 0,2%<\/p>\n<p>China: 0,2%<\/p>\n<p><strong>Canad\u00e1: 0,2%<\/strong><\/p>\n<h2>Maiores economias<\/h2>\n<p><strong>O PIB ajuda a compreender a realidade de um pa\u00eds, mas n\u00e3o expressa fatores como distribui\u00e7\u00e3o de renda e condi\u00e7\u00e3o de vida<\/strong>. \u00c9 poss\u00edvel, por exemplo, um pa\u00eds ter PIB alto e padr\u00e3o de vida relativamente baixo, assim como pode haver na\u00e7\u00e3o com PIB baixo e alt\u00edssima qualidade de vida.<\/p>\n<p><strong>A Austin Rating compara tamb\u00e9m os pa\u00edses por tamanho do PIB. O Brasil era a 11\u00aa maior economia em 2025. Em 2026, subiu para a d\u00e9cima posi\u00e7\u00e3o. A proje\u00e7\u00e3o \u00e9 que ultrapasse a R\u00fassia e alcance o nono lugar em 2027.<\/strong><\/p>\n<h2>Veja o tamanho das 15 maiores economias do mundo<\/h2>\n<p>1\u00ba Estados Unidos: US$ 32,38 tri<\/p>\n<p>2\u00ba China: US$ 20,85 tri<\/p>\n<p>3\u00ba Alemanha: US$ 5,45 tri<\/p>\n<p>4\u00ba Jap\u00e3o: US$ 4,38 tri<\/p>\n<p>5\u00ba Reino Unido: US$ 4,26 tri<\/p>\n<p>6\u00ba \u00cdndia: US$ 4,15 tri<\/p>\n<p>7\u00ba Fran\u00e7a: US$ 3,60 tri<\/p>\n<p>8\u00ba It\u00e1lia: US$ 2,74 tri<\/p>\n<p>9\u00ba R\u00fassia: US$ 2,66 tri<\/p>\n<p>10\u00ba Brasil: US$ 2,64 tri<\/p>\n<p>11\u00ba Canad\u00e1: US$ 2,51 tri<\/p>\n<p>12\u00ba Austr\u00e1lia: US$ 2,12 tri<\/p>\n<p>13\u00ba M\u00e9xico: US$ 2,12 tri<\/p>\n<p>14\u00ba Espanha: US$ 2,09 tri<\/p>\n<p>15\u00ba Coreia: US$ 1,93 tri<\/p>\n<p>A melhor posi\u00e7\u00e3o j\u00e1 alcan\u00e7ada pelo Brasil foi s\u00e9tima maior economia, de 2011 a 2014.<\/p>\n<\/div>\n","protected":false},"excerpt":{"rendered":"<p>Foto:\u00a0 Divulga\u00e7\u00e3o\/Volkswagen O\u00a0crescimento de 0,5%\u00a0da economia brasileira na passagem do primeiro para o segundo trimestre de 2026 coloca o pa\u00eds como dono da quinta maior alta do Produto Interno Bruto (PIB, conjunto de bens e servi\u00e7os produzidos no pa\u00eds) nessa compara\u00e7\u00e3o entre trimestres imediatamente seguidos, \u00e0 frente de pa\u00edses como Estados Unidos e China. O [&hellip;]<\/p>\n","protected":false},"author":12,"featured_media":158001,"comment_status":"closed","ping_status":"open","sticky":false,"template":"","format":"standard","meta":{"_acf_changed":false,"_angie_page":false,"_monsterinsights_skip_tracking":false,"_themeisle_gutenberg_block_has_review":false,"page_builder":"","footnotes":"","jetpack_publicize_message":"","jetpack_publicize_feature_enabled":true,"jetpack_social_post_already_shared":true,"jetpack_social_options":{"image_generator_settings":{"template":"highway","default_image_id":0,"font":"","enabled":false},"version":2}},"categories":[167],"tags":[2360,2558,1395,1279,3126],"class_list":["post-158023","post","type-post","status-publish","format-standard","has-post-thumbnail","hentry","category-geral","tag-brasileiro","tag-crescimento","tag-maior","tag-segundo","tag-trimestre"],"acf":[],"nelio_content":{"autoShareEndMode":"never","automationSources":{"useCustomSentences":false,"customSentences":[]},"efiAlt":"","efiUrl":"","followers":[12],"highlights":[],"isAutoShareEnabled":true,"networkImageIds":[],"permalinkQueryArgs":[],"series":[],"suggestedReferences":[]},"yoast_head":"<!-- This site is optimized with the Yoast SEO plugin v28.3 - https:\/\/yoast.com\/product\/yoast-seo-wordpress\/ -->\n<title>PIB brasileiro tem 5\u00ba maior crescimento no segundo trimestre - Fatos e Fotos News<\/title>\n<meta name=\"robots\" content=\"index, follow, max-snippet:-1, max-image-preview:large, max-video-preview:-1\" \/>\n<link rel=\"canonical\" href=\"https:\/\/www.fatosefotosnews.com.br\/?p=158023\" \/>\n<meta property=\"og:locale\" content=\"pt_BR\" \/>\n<meta property=\"og:type\" content=\"article\" \/>\n<meta property=\"og:title\" content=\"PIB brasileiro tem 5\u00ba maior crescimento no segundo trimestre - Fatos e Fotos News\" \/>\n<meta property=\"og:description\" content=\"Foto:\u00a0 Divulga\u00e7\u00e3o\/Volkswagen O\u00a0crescimento de 0,5%\u00a0da economia brasileira na passagem do primeiro para o segundo trimestre de 2026 coloca o pa\u00eds como dono da quinta maior alta do Produto Interno Bruto (PIB, conjunto de bens e servi\u00e7os produzidos no pa\u00eds) nessa compara\u00e7\u00e3o entre trimestres imediatamente seguidos, \u00e0 frente de pa\u00edses como Estados Unidos e China. O [&hellip;]\" \/>\n<meta property=\"og:url\" content=\"https:\/\/www.fatosefotosnews.com.br\/?p=158023\" \/>\n<meta property=\"og:site_name\" content=\"Fatos e Fotos News\" \/>\n<meta property=\"article:published_time\" content=\"2026-09-02T12:30:47+00:00\" \/>\n<meta property=\"og:image\" content=\"https:\/\/www.fatosefotosnews.com.br\/wp-content\/uploads\/2026\/09\/toms9572.webp\" \/>\n\t<meta property=\"og:image:width\" content=\"1170\" \/>\n\t<meta property=\"og:image:height\" content=\"700\" \/>\n\t<meta property=\"og:image:type\" content=\"image\/webp\" \/>\n<meta name=\"author\" content=\"Mirela Portugal\" \/>\n<meta name=\"twitter:card\" content=\"summary_large_image\" \/>\n<meta name=\"twitter:label1\" content=\"Escrito por\" \/>\n\t<meta name=\"twitter:data1\" content=\"Mirela Portugal\" \/>\n\t<meta name=\"twitter:label2\" content=\"Est. tempo de leitura\" \/>\n\t<meta name=\"twitter:data2\" content=\"3 minutos\" \/>\n<script type=\"application\/ld+json\" class=\"yoast-schema-graph\">{\"@context\":\"https:\\\/\\\/schema.org\",\"@graph\":[{\"@type\":\"Article\",\"@id\":\"https:\\\/\\\/www.fatosefotosnews.com.br\\\/?p=158023#article\",\"isPartOf\":{\"@id\":\"https:\\\/\\\/www.fatosefotosnews.com.br\\\/?p=158023\"},\"author\":{\"name\":\"Mirela Portugal\",\"@id\":\"https:\\\/\\\/www.fatosefotosnews.com.br\\\/#\\\/schema\\\/person\\\/17b18da658f5277ed99382206a85602f\"},\"headline\":\"PIB brasileiro tem 5\u00ba maior crescimento no segundo trimestre\",\"datePublished\":\"2026-09-02T12:30:47+00:00\",\"mainEntityOfPage\":{\"@id\":\"https:\\\/\\\/www.fatosefotosnews.com.br\\\/?p=158023\"},\"wordCount\":430,\"publisher\":{\"@id\":\"https:\\\/\\\/www.fatosefotosnews.com.br\\\/#organization\"},\"image\":{\"@id\":\"https:\\\/\\\/www.fatosefotosnews.com.br\\\/?p=158023#primaryimage\"},\"thumbnailUrl\":\"https:\\\/\\\/www.fatosefotosnews.com.br\\\/wp-content\\\/uploads\\\/2026\\\/09\\\/toms9572.webp\",\"keywords\":[\"brasileiro\",\"crescimento\",\"maior\",\"segundo\",\"trimestre\"],\"articleSection\":[\"Geral\"],\"inLanguage\":\"pt-BR\"},{\"@type\":\"WebPage\",\"@id\":\"https:\\\/\\\/www.fatosefotosnews.com.br\\\/?p=158023\",\"url\":\"https:\\\/\\\/www.fatosefotosnews.com.br\\\/?p=158023\",\"name\":\"PIB brasileiro tem 5\u00ba maior crescimento no segundo trimestre - Fatos e Fotos News\",\"isPartOf\":{\"@id\":\"https:\\\/\\\/www.fatosefotosnews.com.br\\\/#website\"},\"primaryImageOfPage\":{\"@id\":\"https:\\\/\\\/www.fatosefotosnews.com.br\\\/?p=158023#primaryimage\"},\"image\":{\"@id\":\"https:\\\/\\\/www.fatosefotosnews.com.br\\\/?p=158023#primaryimage\"},\"thumbnailUrl\":\"https:\\\/\\\/www.fatosefotosnews.com.br\\\/wp-content\\\/uploads\\\/2026\\\/09\\\/toms9572.webp\",\"datePublished\":\"2026-09-02T12:30:47+00:00\",\"breadcrumb\":{\"@id\":\"https:\\\/\\\/www.fatosefotosnews.com.br\\\/?p=158023#breadcrumb\"},\"inLanguage\":\"pt-BR\",\"potentialAction\":[{\"@type\":\"ReadAction\",\"target\":[\"https:\\\/\\\/www.fatosefotosnews.com.br\\\/?p=158023\"]}]},{\"@type\":\"ImageObject\",\"inLanguage\":\"pt-BR\",\"@id\":\"https:\\\/\\\/www.fatosefotosnews.com.br\\\/?p=158023#primaryimage\",\"url\":\"https:\\\/\\\/www.fatosefotosnews.com.br\\\/wp-content\\\/uploads\\\/2026\\\/09\\\/toms9572.webp\",\"contentUrl\":\"https:\\\/\\\/www.fatosefotosnews.com.br\\\/wp-content\\\/uploads\\\/2026\\\/09\\\/toms9572.webp\",\"width\":1170,\"height\":700},{\"@type\":\"BreadcrumbList\",\"@id\":\"https:\\\/\\\/www.fatosefotosnews.com.br\\\/?p=158023#breadcrumb\",\"itemListElement\":[{\"@type\":\"ListItem\",\"position\":1,\"name\":\"In\u00edcio\",\"item\":\"https:\\\/\\\/www.fatosefotosnews.com.br\\\/\"},{\"@type\":\"ListItem\",\"position\":2,\"name\":\"PIB brasileiro tem 5\u00ba maior crescimento no segundo trimestre\"}]},{\"@type\":\"WebSite\",\"@id\":\"https:\\\/\\\/www.fatosefotosnews.com.br\\\/#website\",\"url\":\"https:\\\/\\\/www.fatosefotosnews.com.br\\\/\",\"name\":\"Fatos e Fotos News\",\"description\":\"Um site de noticial verdadeira e confi\u00e1veis.\",\"publisher\":{\"@id\":\"https:\\\/\\\/www.fatosefotosnews.com.br\\\/#organization\"},\"potentialAction\":[{\"@type\":\"SearchAction\",\"target\":{\"@type\":\"EntryPoint\",\"urlTemplate\":\"https:\\\/\\\/www.fatosefotosnews.com.br\\\/?s={search_term_string}\"},\"query-input\":{\"@type\":\"PropertyValueSpecification\",\"valueRequired\":true,\"valueName\":\"search_term_string\"}}],\"inLanguage\":\"pt-BR\"},{\"@type\":\"Organization\",\"@id\":\"https:\\\/\\\/www.fatosefotosnews.com.br\\\/#organization\",\"name\":\"Fatos e Fotos News\",\"url\":\"https:\\\/\\\/www.fatosefotosnews.com.br\\\/\",\"logo\":{\"@type\":\"ImageObject\",\"inLanguage\":\"pt-BR\",\"@id\":\"https:\\\/\\\/www.fatosefotosnews.com.br\\\/#\\\/schema\\\/logo\\\/image\\\/\",\"url\":\"https:\\\/\\\/www.fatosefotosnews.com.br\\\/wp-content\\\/uploads\\\/2023\\\/02\\\/Fatos-e-Fotos-news-logo.png\",\"contentUrl\":\"https:\\\/\\\/www.fatosefotosnews.com.br\\\/wp-content\\\/uploads\\\/2023\\\/02\\\/Fatos-e-Fotos-news-logo.png\",\"width\":300,\"height\":58,\"caption\":\"Fatos e Fotos News\"},\"image\":{\"@id\":\"https:\\\/\\\/www.fatosefotosnews.com.br\\\/#\\\/schema\\\/logo\\\/image\\\/\"}},{\"@type\":\"Person\",\"@id\":\"https:\\\/\\\/www.fatosefotosnews.com.br\\\/#\\\/schema\\\/person\\\/17b18da658f5277ed99382206a85602f\",\"name\":\"Mirela Portugal\",\"image\":{\"@type\":\"ImageObject\",\"inLanguage\":\"pt-BR\",\"@id\":\"https:\\\/\\\/secure.gravatar.com\\\/avatar\\\/2f92fb43fda38d1a46cf4a155e1c2951193d91d9bed3df97fce720eeb9595d08?s=96&d=mm&r=g\",\"url\":\"https:\\\/\\\/secure.gravatar.com\\\/avatar\\\/2f92fb43fda38d1a46cf4a155e1c2951193d91d9bed3df97fce720eeb9595d08?s=96&d=mm&r=g\",\"contentUrl\":\"https:\\\/\\\/secure.gravatar.com\\\/avatar\\\/2f92fb43fda38d1a46cf4a155e1c2951193d91d9bed3df97fce720eeb9595d08?s=96&d=mm&r=g\",\"caption\":\"Mirela Portugal\"},\"sameAs\":[\"http:\\\/\\\/fatosefotosnews.com.br\"],\"url\":\"https:\\\/\\\/www.fatosefotosnews.com.br\\\/?author=12\"}]}<\/script>\n<!-- \/ Yoast SEO plugin. -->","yoast_head_json":{"title":"PIB brasileiro tem 5\u00ba maior crescimento no segundo trimestre - Fatos e Fotos News","robots":{"index":"index","follow":"follow","max-snippet":"max-snippet:-1","max-image-preview":"max-image-preview:large","max-video-preview":"max-video-preview:-1"},"canonical":"https:\/\/www.fatosefotosnews.com.br\/?p=158023","og_locale":"pt_BR","og_type":"article","og_title":"PIB brasileiro tem 5\u00ba maior crescimento no segundo trimestre - Fatos e Fotos News","og_description":"Foto:\u00a0 Divulga\u00e7\u00e3o\/Volkswagen O\u00a0crescimento de 0,5%\u00a0da economia brasileira na passagem do primeiro para o segundo trimestre de 2026 coloca o pa\u00eds como dono da quinta maior alta do Produto Interno Bruto (PIB, conjunto de bens e servi\u00e7os produzidos no pa\u00eds) nessa compara\u00e7\u00e3o entre trimestres imediatamente seguidos, \u00e0 frente de pa\u00edses como Estados Unidos e China. O [&hellip;]","og_url":"https:\/\/www.fatosefotosnews.com.br\/?p=158023","og_site_name":"Fatos e Fotos News","article_published_time":"2026-09-02T12:30:47+00:00","og_image":[{"width":1170,"height":700,"url":"https:\/\/www.fatosefotosnews.com.br\/wp-content\/uploads\/2026\/09\/toms9572.webp","type":"image\/webp"}],"author":"Mirela Portugal","twitter_card":"summary_large_image","twitter_misc":{"Escrito por":"Mirela Portugal","Est. tempo de leitura":"3 minutos"},"schema":{"@context":"https:\/\/schema.org","@graph":[{"@type":"Article","@id":"https:\/\/www.fatosefotosnews.com.br\/?p=158023#article","isPartOf":{"@id":"https:\/\/www.fatosefotosnews.com.br\/?p=158023"},"author":{"name":"Mirela Portugal","@id":"https:\/\/www.fatosefotosnews.com.br\/#\/schema\/person\/17b18da658f5277ed99382206a85602f"},"headline":"PIB brasileiro tem 5\u00ba maior crescimento no segundo trimestre","datePublished":"2026-09-02T12:30:47+00:00","mainEntityOfPage":{"@id":"https:\/\/www.fatosefotosnews.com.br\/?p=158023"},"wordCount":430,"publisher":{"@id":"https:\/\/www.fatosefotosnews.com.br\/#organization"},"image":{"@id":"https:\/\/www.fatosefotosnews.com.br\/?p=158023#primaryimage"},"thumbnailUrl":"https:\/\/www.fatosefotosnews.com.br\/wp-content\/uploads\/2026\/09\/toms9572.webp","keywords":["brasileiro","crescimento","maior","segundo","trimestre"],"articleSection":["Geral"],"inLanguage":"pt-BR"},{"@type":"WebPage","@id":"https:\/\/www.fatosefotosnews.com.br\/?p=158023","url":"https:\/\/www.fatosefotosnews.com.br\/?p=158023","name":"PIB brasileiro tem 5\u00ba maior crescimento no segundo trimestre - Fatos e Fotos News","isPartOf":{"@id":"https:\/\/www.fatosefotosnews.com.br\/#website"},"primaryImageOfPage":{"@id":"https:\/\/www.fatosefotosnews.com.br\/?p=158023#primaryimage"},"image":{"@id":"https:\/\/www.fatosefotosnews.com.br\/?p=158023#primaryimage"},"thumbnailUrl":"https:\/\/www.fatosefotosnews.com.br\/wp-content\/uploads\/2026\/09\/toms9572.webp","datePublished":"2026-09-02T12:30:47+00:00","breadcrumb":{"@id":"https:\/\/www.fatosefotosnews.com.br\/?p=158023#breadcrumb"},"inLanguage":"pt-BR","potentialAction":[{"@type":"ReadAction","target":["https:\/\/www.fatosefotosnews.com.br\/?p=158023"]}]},{"@type":"ImageObject","inLanguage":"pt-BR","@id":"https:\/\/www.fatosefotosnews.com.br\/?p=158023#primaryimage","url":"https:\/\/www.fatosefotosnews.com.br\/wp-content\/uploads\/2026\/09\/toms9572.webp","contentUrl":"https:\/\/www.fatosefotosnews.com.br\/wp-content\/uploads\/2026\/09\/toms9572.webp","width":1170,"height":700},{"@type":"BreadcrumbList","@id":"https:\/\/www.fatosefotosnews.com.br\/?p=158023#breadcrumb","itemListElement":[{"@type":"ListItem","position":1,"name":"In\u00edcio","item":"https:\/\/www.fatosefotosnews.com.br\/"},{"@type":"ListItem","position":2,"name":"PIB brasileiro tem 5\u00ba maior crescimento no segundo trimestre"}]},{"@type":"WebSite","@id":"https:\/\/www.fatosefotosnews.com.br\/#website","url":"https:\/\/www.fatosefotosnews.com.br\/","name":"Fatos e Fotos News","description":"Um site de noticial verdadeira e confi\u00e1veis.","publisher":{"@id":"https:\/\/www.fatosefotosnews.com.br\/#organization"},"potentialAction":[{"@type":"SearchAction","target":{"@type":"EntryPoint","urlTemplate":"https:\/\/www.fatosefotosnews.com.br\/?s={search_term_string}"},"query-input":{"@type":"PropertyValueSpecification","valueRequired":true,"valueName":"search_term_string"}}],"inLanguage":"pt-BR"},{"@type":"Organization","@id":"https:\/\/www.fatosefotosnews.com.br\/#organization","name":"Fatos e Fotos News","url":"https:\/\/www.fatosefotosnews.com.br\/","logo":{"@type":"ImageObject","inLanguage":"pt-BR","@id":"https:\/\/www.fatosefotosnews.com.br\/#\/schema\/logo\/image\/","url":"https:\/\/www.fatosefotosnews.com.br\/wp-content\/uploads\/2023\/02\/Fatos-e-Fotos-news-logo.png","contentUrl":"https:\/\/www.fatosefotosnews.com.br\/wp-content\/uploads\/2023\/02\/Fatos-e-Fotos-news-logo.png","width":300,"height":58,"caption":"Fatos e Fotos News"},"image":{"@id":"https:\/\/www.fatosefotosnews.com.br\/#\/schema\/logo\/image\/"}},{"@type":"Person","@id":"https:\/\/www.fatosefotosnews.com.br\/#\/schema\/person\/17b18da658f5277ed99382206a85602f","name":"Mirela Portugal","image":{"@type":"ImageObject","inLanguage":"pt-BR","@id":"https:\/\/secure.gravatar.com\/avatar\/2f92fb43fda38d1a46cf4a155e1c2951193d91d9bed3df97fce720eeb9595d08?s=96&d=mm&r=g","url":"https:\/\/secure.gravatar.com\/avatar\/2f92fb43fda38d1a46cf4a155e1c2951193d91d9bed3df97fce720eeb9595d08?s=96&d=mm&r=g","contentUrl":"https:\/\/secure.gravatar.com\/avatar\/2f92fb43fda38d1a46cf4a155e1c2951193d91d9bed3df97fce720eeb9595d08?s=96&d=mm&r=g","caption":"Mirela Portugal"},"sameAs":["http:\/\/fatosefotosnews.com.br"],"url":"https:\/\/www.fatosefotosnews.com.br\/?author=12"}]}},"jetpack_publicize_connections":[],"blog_post_layout_featured_media_urls":{"thumbnail":["https:\/\/www.fatosefotosnews.com.br\/wp-content\/uploads\/2026\/09\/toms9572-150x150.webp",150,150,true],"full":["https:\/\/www.fatosefotosnews.com.br\/wp-content\/uploads\/2026\/09\/toms9572.webp",1170,700,false]},"categories_names":{"167":{"name":"Geral","link":"https:\/\/www.fatosefotosnews.com.br\/?cat=167"}},"tags_names":{"2360":{"name":"brasileiro","link":"https:\/\/www.fatosefotosnews.com.br\/?tag=brasileiro"},"2558":{"name":"crescimento","link":"https:\/\/www.fatosefotosnews.com.br\/?tag=crescimento"},"1395":{"name":"maior","link":"https:\/\/www.fatosefotosnews.com.br\/?tag=maior"},"1279":{"name":"segundo","link":"https:\/\/www.fatosefotosnews.com.br\/?tag=segundo"},"3126":{"name":"trimestre","link":"https:\/\/www.fatosefotosnews.com.br\/?tag=trimestre"}},"comments_number":"0","wpmagazine_modules_lite_featured_media_urls":{"thumbnail":["https:\/\/www.fatosefotosnews.com.br\/wp-content\/uploads\/2026\/09\/toms9572-150x150.webp",150,150,true],"cvmm-medium":["https:\/\/www.fatosefotosnews.com.br\/wp-content\/uploads\/2026\/09\/toms9572-300x300.webp",300,300,true],"cvmm-medium-plus":["https:\/\/www.fatosefotosnews.com.br\/wp-content\/uploads\/2026\/09\/toms9572-305x207.webp",305,207,true],"cvmm-portrait":["https:\/\/www.fatosefotosnews.com.br\/wp-content\/uploads\/2026\/09\/toms9572-400x600.webp",400,600,true],"cvmm-medium-square":["https:\/\/www.fatosefotosnews.com.br\/wp-content\/uploads\/2026\/09\/toms9572-600x600.webp",600,600,true],"cvmm-large":["https:\/\/www.fatosefotosnews.com.br\/wp-content\/uploads\/2026\/09\/toms9572-1024x700.webp",1024,700,true],"cvmm-small":["https:\/\/www.fatosefotosnews.com.br\/wp-content\/uploads\/2026\/09\/toms9572-130x95.webp",130,95,true],"full":["https:\/\/www.fatosefotosnews.com.br\/wp-content\/uploads\/2026\/09\/toms9572.webp",1170,700,false]},"_links":{"self":[{"href":"https:\/\/www.fatosefotosnews.com.br\/index.php?rest_route=\/wp\/v2\/posts\/158023","targetHints":{"allow":["GET"]}}],"collection":[{"href":"https:\/\/www.fatosefotosnews.com.br\/index.php?rest_route=\/wp\/v2\/posts"}],"about":[{"href":"https:\/\/www.fatosefotosnews.com.br\/index.php?rest_route=\/wp\/v2\/types\/post"}],"author":[{"embeddable":true,"href":"https:\/\/www.fatosefotosnews.com.br\/index.php?rest_route=\/wp\/v2\/users\/12"}],"replies":[{"embeddable":true,"href":"https:\/\/www.fatosefotosnews.com.br\/index.php?rest_route=%2Fwp%2Fv2%2Fcomments&post=158023"}],"version-history":[{"count":1,"href":"https:\/\/www.fatosefotosnews.com.br\/index.php?rest_route=\/wp\/v2\/posts\/158023\/revisions"}],"predecessor-version":[{"id":158024,"href":"https:\/\/www.fatosefotosnews.com.br\/index.php?rest_route=\/wp\/v2\/posts\/158023\/revisions\/158024"}],"wp:featuredmedia":[{"embeddable":true,"href":"https:\/\/www.fatosefotosnews.com.br\/index.php?rest_route=\/wp\/v2\/media\/158001"}],"wp:attachment":[{"href":"https:\/\/www.fatosefotosnews.com.br\/index.php?rest_route=%2Fwp%2Fv2%2Fmedia&parent=158023"}],"wp:term":[{"taxonomy":"category","embeddable":true,"href":"https:\/\/www.fatosefotosnews.com.br\/index.php?rest_route=%2Fwp%2Fv2%2Fcategories&post=158023"},{"taxonomy":"post_tag","embeddable":true,"href":"https:\/\/www.fatosefotosnews.com.br\/index.php?rest_route=%2Fwp%2Fv2%2Ftags&post=158023"}],"curies":[{"name":"wp","href":"https:\/\/api.w.org\/{rel}","templated":true}]}}