{"id":158034,"date":"2026-09-03T06:14:37","date_gmt":"2026-09-03T09:14:37","guid":{"rendered":"https:\/\/www.fatosefotosnews.com.br\/?p=158034"},"modified":"2026-09-02T22:22:07","modified_gmt":"2026-09-03T01:22:07","slug":"flamengo-vence-e-fica-a-um-ponto-do-palmeiras-lider-do-brasileirao","status":"publish","type":"post","link":"https:\/\/www.fatosefotosnews.com.br\/?p=158034","title":{"rendered":"Flamengo vence e fica a um ponto do Palmeiras, l\u00edder do Brasileir\u00e3o"},"content":{"rendered":"<p>Foto: SERGIO MORAES<\/p>\n<div id=\"block-tts-block-tts\" class=\"block block-tts\">\n<div class=\"content\">\n<div id=\"tts-container\" class=\"container-audio rel-position\"><\/div>\n<\/div>\n<\/div>\n<div class=\"conteudo-noticia\">\n<p><strong>O Flamengo depende apenas de si para assumir a lideran\u00e7a do Campeonato Brasileiro. Nesta quarta-feira (2), o Rubro-Negro encarou o Mirassol no Maracan\u00e3 e venceu por 2 a 0, em jogo atrasado da quarta rodada da competi\u00e7\u00e3o.<\/strong><img decoding=\"async\" src=\"https:\/\/agenciabrasil.ebc.com.br\/ebc.png?id=1701415&amp;o=node\" \/><img decoding=\"async\" src=\"https:\/\/agenciabrasil.ebc.com.br\/ebc.gif?id=1701415&amp;o=node\" \/><\/p>\n<p>A partida, inicialmente agendada para 26 de fevereiro, teve que ser remarcada devido ao jogo de volta contra o Lan\u00fas, no Rio de Janeiro, pela Recopa Sul-Americana. Na ocasi\u00e3o, os cariocas perderam dos argentinos por 3 a 2, na prorroga\u00e7\u00e3o, ficando com o vice.<\/p>\n<p>O resultado desta quarta levou o Flamengo aos 51 pontos, apenas um a menos que o Palmeiras &#8211; a diferen\u00e7a, em agosto, chegou a estar em nove pontos.<\/p>\n<p>Neste domingo (6), o Rubro-Negro pega o Remo no Mangueir\u00e3o, \u00e0s 16h (hor\u00e1rio de Bras\u00edlia) &#8211; a\u00a0<strong>R\u00e1dio Nacional<\/strong>\u00a0transmite ao vivo. Se pontuar em Bel\u00e9m, assume a lideran\u00e7a provis\u00f3ria e pressiona o Verd\u00e3o, que vai ao Rio encarar o Botafogo \u00e0s 18h30, no Nilton Santos.<\/p>\n<p>Os cariocas ainda ter\u00e3o o jogo contra o pr\u00f3prio time alviverde. O jogo pela 36\u00aa rodada ser\u00e1 em novembro, com mando dos paulistas, em data e hor\u00e1rio a serem anunciados pela Confedera\u00e7\u00e3o Brasileira de Futebol (CBF).<\/p>\n<p>O Mirassol, estacionado nos 25 pontos, perdeu a oportunidade de se afastar da zona de rebaixamento, que engloba as quatro piores campanhas do Brasileir\u00e3o (o chamado Z-4).<\/p>\n<p>Em 16\u00ba lugar, o Le\u00e3o Caipira soma os mesmos 25 pontos de Vasco (17\u00ba) e Internacional (18\u00ba), mas supera o Cruzmaltino no confronto direto e o Colorado pelo n\u00famero de vit\u00f3rias (seis a cinco).<\/p>\n<p>A rede do Maracan\u00e3 precisou de 13 minutos para balan\u00e7ar. Em contra-ataque iniciado pelo volante Erick Pulgar, Samuel Lino recebeu pela esquerda, entrou na \u00e1rea e rolou para o tamb\u00e9m atacante Pedro, que abriu na direita para o meia Jorge Carrascal bater forte e abrir o marcador.<\/p>\n<p>O Flamengo ampliou pouco antes do intervalo. Aos 42, Carrascal recebeu pela direita e cruzou para o meia Lucas Paquet\u00e1, de cabe\u00e7a, mandar para o gol.<\/p>\n<p>Na segunda etapa, o Mirassol teve que trocar os goleiros, Walter, lesionado, dando lugar a Alex Muralha, que reencontrou o Flamengo pela primeira vez no Maracan\u00e3 desde que deixou o clube, em 2017. O time paulista equilibrou as a\u00e7\u00f5es e pressionou o Rubro-Negro na reta final da partida, mas sem conseguir mudar a hist\u00f3ria da partida.<\/p>\n<\/div>\n","protected":false},"excerpt":{"rendered":"<p>Foto: SERGIO MORAES O Flamengo depende apenas de si para assumir a lideran\u00e7a do Campeonato Brasileiro. Nesta quarta-feira (2), o Rubro-Negro encarou o Mirassol no Maracan\u00e3 e venceu por 2 a 0, em jogo atrasado da quarta rodada da competi\u00e7\u00e3o. A partida, inicialmente agendada para 26 de fevereiro, teve que ser remarcada devido ao jogo [&hellip;]<\/p>\n","protected":false},"author":12,"featured_media":158041,"comment_status":"closed","ping_status":"open","sticky":false,"template":"","format":"standard","meta":{"_acf_changed":false,"_angie_page":false,"_monsterinsights_skip_tracking":false,"_themeisle_gutenberg_block_has_review":false,"page_builder":"","footnotes":"","jetpack_publicize_message":"","jetpack_publicize_feature_enabled":true,"jetpack_social_post_already_shared":true,"jetpack_social_options":{"image_generator_settings":{"template":"highway","default_image_id":0,"font":"","enabled":false},"version":2}},"categories":[5],"tags":[444,1081,1196,1675,1776,523],"class_list":["post-158034","post","type-post","status-publish","format-standard","has-post-thumbnail","hentry","category-esporte","tag-brasileir","tag-flamengo","tag-lider","tag-palmeiras","tag-ponto","tag-vence"],"acf":[],"nelio_content":{"autoShareEndMode":"never","automationSources":{"useCustomSentences":false,"customSentences":[]},"efiAlt":"","efiUrl":"","followers":[12],"highlights":[],"isAutoShareEnabled":true,"networkImageIds":[],"permalinkQueryArgs":[],"series":[],"suggestedReferences":[]},"yoast_head":"<!-- This site is optimized with the Yoast SEO plugin v28.3 - https:\/\/yoast.com\/product\/yoast-seo-wordpress\/ -->\n<title>Flamengo vence e fica a um ponto do Palmeiras, l\u00edder do Brasileir\u00e3o - Fatos e Fotos News<\/title>\n<meta name=\"robots\" content=\"index, follow, max-snippet:-1, max-image-preview:large, max-video-preview:-1\" \/>\n<link rel=\"canonical\" href=\"https:\/\/www.fatosefotosnews.com.br\/?p=158034\" \/>\n<meta property=\"og:locale\" content=\"pt_BR\" \/>\n<meta property=\"og:type\" content=\"article\" \/>\n<meta property=\"og:title\" content=\"Flamengo vence e fica a um ponto do Palmeiras, l\u00edder do Brasileir\u00e3o - Fatos e Fotos News\" \/>\n<meta property=\"og:description\" content=\"Foto: SERGIO MORAES O Flamengo depende apenas de si para assumir a lideran\u00e7a do Campeonato Brasileiro. Nesta quarta-feira (2), o Rubro-Negro encarou o Mirassol no Maracan\u00e3 e venceu por 2 a 0, em jogo atrasado da quarta rodada da competi\u00e7\u00e3o. A partida, inicialmente agendada para 26 de fevereiro, teve que ser remarcada devido ao jogo [&hellip;]\" \/>\n<meta property=\"og:url\" content=\"https:\/\/www.fatosefotosnews.com.br\/?p=158034\" \/>\n<meta property=\"og:site_name\" content=\"Fatos e Fotos News\" \/>\n<meta property=\"article:published_time\" content=\"2026-09-03T09:14:37+00:00\" \/>\n<meta property=\"og:image\" content=\"https:\/\/www.fatosefotosnews.com.br\/wp-content\/uploads\/2026\/09\/flamengo.webp\" \/>\n\t<meta property=\"og:image:width\" content=\"1170\" \/>\n\t<meta property=\"og:image:height\" content=\"700\" \/>\n\t<meta property=\"og:image:type\" content=\"image\/webp\" \/>\n<meta name=\"author\" content=\"Mirela Portugal\" \/>\n<meta name=\"twitter:card\" content=\"summary_large_image\" \/>\n<meta name=\"twitter:label1\" content=\"Escrito por\" \/>\n\t<meta name=\"twitter:data1\" content=\"Mirela Portugal\" \/>\n\t<meta name=\"twitter:label2\" content=\"Est. tempo de leitura\" \/>\n\t<meta name=\"twitter:data2\" content=\"3 minutos\" \/>\n<script type=\"application\/ld+json\" class=\"yoast-schema-graph\">{\"@context\":\"https:\\\/\\\/schema.org\",\"@graph\":[{\"@type\":\"Article\",\"@id\":\"https:\\\/\\\/www.fatosefotosnews.com.br\\\/?p=158034#article\",\"isPartOf\":{\"@id\":\"https:\\\/\\\/www.fatosefotosnews.com.br\\\/?p=158034\"},\"author\":{\"name\":\"Mirela Portugal\",\"@id\":\"https:\\\/\\\/www.fatosefotosnews.com.br\\\/#\\\/schema\\\/person\\\/17b18da658f5277ed99382206a85602f\"},\"headline\":\"Flamengo vence e fica a um ponto do Palmeiras, l\u00edder do Brasileir\u00e3o\",\"datePublished\":\"2026-09-03T09:14:37+00:00\",\"mainEntityOfPage\":{\"@id\":\"https:\\\/\\\/www.fatosefotosnews.com.br\\\/?p=158034\"},\"wordCount\":408,\"publisher\":{\"@id\":\"https:\\\/\\\/www.fatosefotosnews.com.br\\\/#organization\"},\"image\":{\"@id\":\"https:\\\/\\\/www.fatosefotosnews.com.br\\\/?p=158034#primaryimage\"},\"thumbnailUrl\":\"https:\\\/\\\/www.fatosefotosnews.com.br\\\/wp-content\\\/uploads\\\/2026\\\/09\\\/flamengo.webp\",\"keywords\":[\"brasileir\",\"flamengo\",\"lider\",\"palmeiras\",\"ponto\",\"vence\"],\"articleSection\":[\"Esporte\"],\"inLanguage\":\"pt-BR\"},{\"@type\":\"WebPage\",\"@id\":\"https:\\\/\\\/www.fatosefotosnews.com.br\\\/?p=158034\",\"url\":\"https:\\\/\\\/www.fatosefotosnews.com.br\\\/?p=158034\",\"name\":\"Flamengo vence e fica a um ponto do Palmeiras, l\u00edder do Brasileir\u00e3o - Fatos e Fotos News\",\"isPartOf\":{\"@id\":\"https:\\\/\\\/www.fatosefotosnews.com.br\\\/#website\"},\"primaryImageOfPage\":{\"@id\":\"https:\\\/\\\/www.fatosefotosnews.com.br\\\/?p=158034#primaryimage\"},\"image\":{\"@id\":\"https:\\\/\\\/www.fatosefotosnews.com.br\\\/?p=158034#primaryimage\"},\"thumbnailUrl\":\"https:\\\/\\\/www.fatosefotosnews.com.br\\\/wp-content\\\/uploads\\\/2026\\\/09\\\/flamengo.webp\",\"datePublished\":\"2026-09-03T09:14:37+00:00\",\"breadcrumb\":{\"@id\":\"https:\\\/\\\/www.fatosefotosnews.com.br\\\/?p=158034#breadcrumb\"},\"inLanguage\":\"pt-BR\",\"potentialAction\":[{\"@type\":\"ReadAction\",\"target\":[\"https:\\\/\\\/www.fatosefotosnews.com.br\\\/?p=158034\"]}]},{\"@type\":\"ImageObject\",\"inLanguage\":\"pt-BR\",\"@id\":\"https:\\\/\\\/www.fatosefotosnews.com.br\\\/?p=158034#primaryimage\",\"url\":\"https:\\\/\\\/www.fatosefotosnews.com.br\\\/wp-content\\\/uploads\\\/2026\\\/09\\\/flamengo.webp\",\"contentUrl\":\"https:\\\/\\\/www.fatosefotosnews.com.br\\\/wp-content\\\/uploads\\\/2026\\\/09\\\/flamengo.webp\",\"width\":1170,\"height\":700},{\"@type\":\"BreadcrumbList\",\"@id\":\"https:\\\/\\\/www.fatosefotosnews.com.br\\\/?p=158034#breadcrumb\",\"itemListElement\":[{\"@type\":\"ListItem\",\"position\":1,\"name\":\"In\u00edcio\",\"item\":\"https:\\\/\\\/www.fatosefotosnews.com.br\\\/\"},{\"@type\":\"ListItem\",\"position\":2,\"name\":\"Flamengo vence e fica a um ponto do Palmeiras, l\u00edder do Brasileir\u00e3o\"}]},{\"@type\":\"WebSite\",\"@id\":\"https:\\\/\\\/www.fatosefotosnews.com.br\\\/#website\",\"url\":\"https:\\\/\\\/www.fatosefotosnews.com.br\\\/\",\"name\":\"Fatos e Fotos News\",\"description\":\"Um site de noticial verdadeira e confi\u00e1veis.\",\"publisher\":{\"@id\":\"https:\\\/\\\/www.fatosefotosnews.com.br\\\/#organization\"},\"potentialAction\":[{\"@type\":\"SearchAction\",\"target\":{\"@type\":\"EntryPoint\",\"urlTemplate\":\"https:\\\/\\\/www.fatosefotosnews.com.br\\\/?s={search_term_string}\"},\"query-input\":{\"@type\":\"PropertyValueSpecification\",\"valueRequired\":true,\"valueName\":\"search_term_string\"}}],\"inLanguage\":\"pt-BR\"},{\"@type\":\"Organization\",\"@id\":\"https:\\\/\\\/www.fatosefotosnews.com.br\\\/#organization\",\"name\":\"Fatos e Fotos News\",\"url\":\"https:\\\/\\\/www.fatosefotosnews.com.br\\\/\",\"logo\":{\"@type\":\"ImageObject\",\"inLanguage\":\"pt-BR\",\"@id\":\"https:\\\/\\\/www.fatosefotosnews.com.br\\\/#\\\/schema\\\/logo\\\/image\\\/\",\"url\":\"https:\\\/\\\/www.fatosefotosnews.com.br\\\/wp-content\\\/uploads\\\/2023\\\/02\\\/Fatos-e-Fotos-news-logo.png\",\"contentUrl\":\"https:\\\/\\\/www.fatosefotosnews.com.br\\\/wp-content\\\/uploads\\\/2023\\\/02\\\/Fatos-e-Fotos-news-logo.png\",\"width\":300,\"height\":58,\"caption\":\"Fatos e Fotos News\"},\"image\":{\"@id\":\"https:\\\/\\\/www.fatosefotosnews.com.br\\\/#\\\/schema\\\/logo\\\/image\\\/\"}},{\"@type\":\"Person\",\"@id\":\"https:\\\/\\\/www.fatosefotosnews.com.br\\\/#\\\/schema\\\/person\\\/17b18da658f5277ed99382206a85602f\",\"name\":\"Mirela Portugal\",\"image\":{\"@type\":\"ImageObject\",\"inLanguage\":\"pt-BR\",\"@id\":\"https:\\\/\\\/secure.gravatar.com\\\/avatar\\\/2f92fb43fda38d1a46cf4a155e1c2951193d91d9bed3df97fce720eeb9595d08?s=96&d=mm&r=g\",\"url\":\"https:\\\/\\\/secure.gravatar.com\\\/avatar\\\/2f92fb43fda38d1a46cf4a155e1c2951193d91d9bed3df97fce720eeb9595d08?s=96&d=mm&r=g\",\"contentUrl\":\"https:\\\/\\\/secure.gravatar.com\\\/avatar\\\/2f92fb43fda38d1a46cf4a155e1c2951193d91d9bed3df97fce720eeb9595d08?s=96&d=mm&r=g\",\"caption\":\"Mirela Portugal\"},\"sameAs\":[\"http:\\\/\\\/fatosefotosnews.com.br\"],\"url\":\"https:\\\/\\\/www.fatosefotosnews.com.br\\\/?author=12\"}]}<\/script>\n<!-- \/ Yoast SEO plugin. -->","yoast_head_json":{"title":"Flamengo vence e fica a um ponto do Palmeiras, l\u00edder do Brasileir\u00e3o - Fatos e Fotos News","robots":{"index":"index","follow":"follow","max-snippet":"max-snippet:-1","max-image-preview":"max-image-preview:large","max-video-preview":"max-video-preview:-1"},"canonical":"https:\/\/www.fatosefotosnews.com.br\/?p=158034","og_locale":"pt_BR","og_type":"article","og_title":"Flamengo vence e fica a um ponto do Palmeiras, l\u00edder do Brasileir\u00e3o - Fatos e Fotos News","og_description":"Foto: SERGIO MORAES O Flamengo depende apenas de si para assumir a lideran\u00e7a do Campeonato Brasileiro. Nesta quarta-feira (2), o Rubro-Negro encarou o Mirassol no Maracan\u00e3 e venceu por 2 a 0, em jogo atrasado da quarta rodada da competi\u00e7\u00e3o. A partida, inicialmente agendada para 26 de fevereiro, teve que ser remarcada devido ao jogo [&hellip;]","og_url":"https:\/\/www.fatosefotosnews.com.br\/?p=158034","og_site_name":"Fatos e Fotos News","article_published_time":"2026-09-03T09:14:37+00:00","og_image":[{"width":1170,"height":700,"url":"https:\/\/www.fatosefotosnews.com.br\/wp-content\/uploads\/2026\/09\/flamengo.webp","type":"image\/webp"}],"author":"Mirela Portugal","twitter_card":"summary_large_image","twitter_misc":{"Escrito por":"Mirela Portugal","Est. tempo de leitura":"3 minutos"},"schema":{"@context":"https:\/\/schema.org","@graph":[{"@type":"Article","@id":"https:\/\/www.fatosefotosnews.com.br\/?p=158034#article","isPartOf":{"@id":"https:\/\/www.fatosefotosnews.com.br\/?p=158034"},"author":{"name":"Mirela Portugal","@id":"https:\/\/www.fatosefotosnews.com.br\/#\/schema\/person\/17b18da658f5277ed99382206a85602f"},"headline":"Flamengo vence e fica a um ponto do Palmeiras, l\u00edder do Brasileir\u00e3o","datePublished":"2026-09-03T09:14:37+00:00","mainEntityOfPage":{"@id":"https:\/\/www.fatosefotosnews.com.br\/?p=158034"},"wordCount":408,"publisher":{"@id":"https:\/\/www.fatosefotosnews.com.br\/#organization"},"image":{"@id":"https:\/\/www.fatosefotosnews.com.br\/?p=158034#primaryimage"},"thumbnailUrl":"https:\/\/www.fatosefotosnews.com.br\/wp-content\/uploads\/2026\/09\/flamengo.webp","keywords":["brasileir","flamengo","lider","palmeiras","ponto","vence"],"articleSection":["Esporte"],"inLanguage":"pt-BR"},{"@type":"WebPage","@id":"https:\/\/www.fatosefotosnews.com.br\/?p=158034","url":"https:\/\/www.fatosefotosnews.com.br\/?p=158034","name":"Flamengo vence e fica a um ponto do Palmeiras, l\u00edder do Brasileir\u00e3o - Fatos e Fotos News","isPartOf":{"@id":"https:\/\/www.fatosefotosnews.com.br\/#website"},"primaryImageOfPage":{"@id":"https:\/\/www.fatosefotosnews.com.br\/?p=158034#primaryimage"},"image":{"@id":"https:\/\/www.fatosefotosnews.com.br\/?p=158034#primaryimage"},"thumbnailUrl":"https:\/\/www.fatosefotosnews.com.br\/wp-content\/uploads\/2026\/09\/flamengo.webp","datePublished":"2026-09-03T09:14:37+00:00","breadcrumb":{"@id":"https:\/\/www.fatosefotosnews.com.br\/?p=158034#breadcrumb"},"inLanguage":"pt-BR","potentialAction":[{"@type":"ReadAction","target":["https:\/\/www.fatosefotosnews.com.br\/?p=158034"]}]},{"@type":"ImageObject","inLanguage":"pt-BR","@id":"https:\/\/www.fatosefotosnews.com.br\/?p=158034#primaryimage","url":"https:\/\/www.fatosefotosnews.com.br\/wp-content\/uploads\/2026\/09\/flamengo.webp","contentUrl":"https:\/\/www.fatosefotosnews.com.br\/wp-content\/uploads\/2026\/09\/flamengo.webp","width":1170,"height":700},{"@type":"BreadcrumbList","@id":"https:\/\/www.fatosefotosnews.com.br\/?p=158034#breadcrumb","itemListElement":[{"@type":"ListItem","position":1,"name":"In\u00edcio","item":"https:\/\/www.fatosefotosnews.com.br\/"},{"@type":"ListItem","position":2,"name":"Flamengo vence e fica a um ponto do Palmeiras, l\u00edder do Brasileir\u00e3o"}]},{"@type":"WebSite","@id":"https:\/\/www.fatosefotosnews.com.br\/#website","url":"https:\/\/www.fatosefotosnews.com.br\/","name":"Fatos e Fotos News","description":"Um site de noticial verdadeira e confi\u00e1veis.","publisher":{"@id":"https:\/\/www.fatosefotosnews.com.br\/#organization"},"potentialAction":[{"@type":"SearchAction","target":{"@type":"EntryPoint","urlTemplate":"https:\/\/www.fatosefotosnews.com.br\/?s={search_term_string}"},"query-input":{"@type":"PropertyValueSpecification","valueRequired":true,"valueName":"search_term_string"}}],"inLanguage":"pt-BR"},{"@type":"Organization","@id":"https:\/\/www.fatosefotosnews.com.br\/#organization","name":"Fatos e Fotos News","url":"https:\/\/www.fatosefotosnews.com.br\/","logo":{"@type":"ImageObject","inLanguage":"pt-BR","@id":"https:\/\/www.fatosefotosnews.com.br\/#\/schema\/logo\/image\/","url":"https:\/\/www.fatosefotosnews.com.br\/wp-content\/uploads\/2023\/02\/Fatos-e-Fotos-news-logo.png","contentUrl":"https:\/\/www.fatosefotosnews.com.br\/wp-content\/uploads\/2023\/02\/Fatos-e-Fotos-news-logo.png","width":300,"height":58,"caption":"Fatos e Fotos News"},"image":{"@id":"https:\/\/www.fatosefotosnews.com.br\/#\/schema\/logo\/image\/"}},{"@type":"Person","@id":"https:\/\/www.fatosefotosnews.com.br\/#\/schema\/person\/17b18da658f5277ed99382206a85602f","name":"Mirela Portugal","image":{"@type":"ImageObject","inLanguage":"pt-BR","@id":"https:\/\/secure.gravatar.com\/avatar\/2f92fb43fda38d1a46cf4a155e1c2951193d91d9bed3df97fce720eeb9595d08?s=96&d=mm&r=g","url":"https:\/\/secure.gravatar.com\/avatar\/2f92fb43fda38d1a46cf4a155e1c2951193d91d9bed3df97fce720eeb9595d08?s=96&d=mm&r=g","contentUrl":"https:\/\/secure.gravatar.com\/avatar\/2f92fb43fda38d1a46cf4a155e1c2951193d91d9bed3df97fce720eeb9595d08?s=96&d=mm&r=g","caption":"Mirela Portugal"},"sameAs":["http:\/\/fatosefotosnews.com.br"],"url":"https:\/\/www.fatosefotosnews.com.br\/?author=12"}]}},"jetpack_publicize_connections":[],"blog_post_layout_featured_media_urls":{"thumbnail":["https:\/\/www.fatosefotosnews.com.br\/wp-content\/uploads\/2026\/09\/flamengo-150x150.webp",150,150,true],"full":["https:\/\/www.fatosefotosnews.com.br\/wp-content\/uploads\/2026\/09\/flamengo.webp",1170,700,false]},"categories_names":{"5":{"name":"Esporte","link":"https:\/\/www.fatosefotosnews.com.br\/?cat=5"}},"tags_names":{"444":{"name":"brasileir","link":"https:\/\/www.fatosefotosnews.com.br\/?tag=brasileir"},"1081":{"name":"flamengo","link":"https:\/\/www.fatosefotosnews.com.br\/?tag=flamengo"},"1196":{"name":"lider","link":"https:\/\/www.fatosefotosnews.com.br\/?tag=lider"},"1675":{"name":"palmeiras","link":"https:\/\/www.fatosefotosnews.com.br\/?tag=palmeiras"},"1776":{"name":"ponto","link":"https:\/\/www.fatosefotosnews.com.br\/?tag=ponto"},"523":{"name":"vence","link":"https:\/\/www.fatosefotosnews.com.br\/?tag=vence"}},"comments_number":"0","wpmagazine_modules_lite_featured_media_urls":{"thumbnail":["https:\/\/www.fatosefotosnews.com.br\/wp-content\/uploads\/2026\/09\/flamengo-150x150.webp",150,150,true],"cvmm-medium":["https:\/\/www.fatosefotosnews.com.br\/wp-content\/uploads\/2026\/09\/flamengo-300x300.webp",300,300,true],"cvmm-medium-plus":["https:\/\/www.fatosefotosnews.com.br\/wp-content\/uploads\/2026\/09\/flamengo-305x207.webp",305,207,true],"cvmm-portrait":["https:\/\/www.fatosefotosnews.com.br\/wp-content\/uploads\/2026\/09\/flamengo-400x600.webp",400,600,true],"cvmm-medium-square":["https:\/\/www.fatosefotosnews.com.br\/wp-content\/uploads\/2026\/09\/flamengo-600x600.webp",600,600,true],"cvmm-large":["https:\/\/www.fatosefotosnews.com.br\/wp-content\/uploads\/2026\/09\/flamengo-1024x700.webp",1024,700,true],"cvmm-small":["https:\/\/www.fatosefotosnews.com.br\/wp-content\/uploads\/2026\/09\/flamengo-130x95.webp",130,95,true],"full":["https:\/\/www.fatosefotosnews.com.br\/wp-content\/uploads\/2026\/09\/flamengo.webp",1170,700,false]},"_links":{"self":[{"href":"https:\/\/www.fatosefotosnews.com.br\/index.php?rest_route=\/wp\/v2\/posts\/158034","targetHints":{"allow":["GET"]}}],"collection":[{"href":"https:\/\/www.fatosefotosnews.com.br\/index.php?rest_route=\/wp\/v2\/posts"}],"about":[{"href":"https:\/\/www.fatosefotosnews.com.br\/index.php?rest_route=\/wp\/v2\/types\/post"}],"author":[{"embeddable":true,"href":"https:\/\/www.fatosefotosnews.com.br\/index.php?rest_route=\/wp\/v2\/users\/12"}],"replies":[{"embeddable":true,"href":"https:\/\/www.fatosefotosnews.com.br\/index.php?rest_route=%2Fwp%2Fv2%2Fcomments&post=158034"}],"version-history":[{"count":1,"href":"https:\/\/www.fatosefotosnews.com.br\/index.php?rest_route=\/wp\/v2\/posts\/158034\/revisions"}],"predecessor-version":[{"id":158042,"href":"https:\/\/www.fatosefotosnews.com.br\/index.php?rest_route=\/wp\/v2\/posts\/158034\/revisions\/158042"}],"wp:featuredmedia":[{"embeddable":true,"href":"https:\/\/www.fatosefotosnews.com.br\/index.php?rest_route=\/wp\/v2\/media\/158041"}],"wp:attachment":[{"href":"https:\/\/www.fatosefotosnews.com.br\/index.php?rest_route=%2Fwp%2Fv2%2Fmedia&parent=158034"}],"wp:term":[{"taxonomy":"category","embeddable":true,"href":"https:\/\/www.fatosefotosnews.com.br\/index.php?rest_route=%2Fwp%2Fv2%2Fcategories&post=158034"},{"taxonomy":"post_tag","embeddable":true,"href":"https:\/\/www.fatosefotosnews.com.br\/index.php?rest_route=%2Fwp%2Fv2%2Ftags&post=158034"}],"curies":[{"name":"wp","href":"https:\/\/api.w.org\/{rel}","templated":true}]}}