{"id":158058,"date":"2026-09-03T11:00:44","date_gmt":"2026-09-03T14:00:44","guid":{"rendered":"https:\/\/www.fatosefotosnews.com.br\/?p=158058"},"modified":"2026-09-03T10:52:45","modified_gmt":"2026-09-03T13:52:45","slug":"confira-a-agenda-dos-presidenciaveis-nesta-quinta-feira-3","status":"publish","type":"post","link":"https:\/\/www.fatosefotosnews.com.br\/?p=158058","title":{"rendered":"Confira a agenda dos presidenci\u00e1veis nesta quinta-feira (3)"},"content":{"rendered":"<p>Foto: Arte EBC<\/p>\n<div id=\"block-tts-block-tts\" class=\"block block-tts\">\n<div class=\"content\">\n<div id=\"tts-container\" class=\"container-audio rel-position\">\n<div class=\"title abs-position\"><\/div>\n<\/div>\n<\/div>\n<\/div>\n<div class=\"conteudo-noticia\">\n<p>A agenda dos presidenci\u00e1veis inclui entrevistas e sabatinas em ve\u00edculos de comunica\u00e7\u00e3o, encontros com lideran\u00e7as religiosas, visitas a institui\u00e7\u00f5es e obras sociais. Tamb\u00e9m est\u00e3o previstas panfletagem e apresenta\u00e7\u00e3o de programa eleitoral, al\u00e9m de atividades partid\u00e1rias.<img decoding=\"async\" src=\"https:\/\/agenciabrasil.ebc.com.br\/ebc.png?id=1701402&amp;o=node\" \/><img decoding=\"async\" src=\"https:\/\/agenciabrasil.ebc.com.br\/ebc.gif?id=1701402&amp;o=node\" \/><\/p>\n<p><strong>Clariana Bar\u00e3o (Democracia Crist\u00e3)\u00a0<\/strong><br \/>\nConcede entrevista para o canal Leo Dias<\/p>\n<p><strong>Edmilson Costa (PCB)<\/strong><br \/>\nCumpre agenda da secretaria-geral do PCB em Lisboa.<\/p>\n<p><strong>Fl\u00e1vio Bolsonaro (PL)<\/strong><br \/>\nFaz transmiss\u00e3o ao vivo pelas redes sociais, \u00e0s 19h.<\/p>\n<p><strong>Hertz Dias (PSTU)<\/strong><br \/>\nEm Aracaju (SE), participa de panfletagem no Cal\u00e7ad\u00e3o da rua Jo\u00e3o Pessoa e de conversa de apresenta\u00e7\u00e3o do Programa Eleitoral\u00a0\u00a0do PSTU na sede do Sindipetro.<\/p>\n<p><strong>Renan Santos (Miss\u00e3o)<\/strong><br \/>\nConcede entrevista para CNN Brasil, \u00e0s 21h<\/p>\n<p><strong>Romeu Zema (Novo)\u00a0<\/strong><br \/>\nParticipa de sabatina no programa Jornal da Manh\u00e3, da Jovem Pan, das 8h \u00e0s 9h.<\/p>\n<p><strong>Ronaldo Caiado (PSD)<\/strong><br \/>\nConcede entrevista para o jornal O Estado de S. Paulo. \u00c0 tarde, visita a obra social Dom\u00a0Bosco, em S\u00e3o Paulo (SP).<\/p>\n<p><strong>Wilson Grassi (Democrata)<\/strong><br \/>\nPela manh\u00e3, visita o Hospital e Centro de Reabilita\u00e7\u00e3o da Fauna Silvestre e o Hospital Veterin\u00e1rio Anclivepa, ambos em Taguatinga (DF). \u00c0 tarde, participa de protesto pac\u00edfico contra a suspens\u00e3o de seus canais digitais de campanha.<\/p>\n<p><strong>Augusto Cury (Avante)<\/strong><br \/>\nParticipa de reuni\u00e3o na Assembleia de Deus de S\u00e3o Paulo (SP). \u00c0 noite, participa de evento para casais da Igreja Carvalhos de Justi\u00e7a, em Ribeir\u00e3o Preto (SP).<\/p>\n<p>Os candidatos\u00a0<strong>Luiz In\u00e1cio Lula da Silva (PT)<\/strong>\u00a0n\u00e3o tem agenda p\u00fablica de campanha nesta quinta-feira.\u00a0<strong>Rui Costa Pimenta (PCO)\u00a0<\/strong>e\u00a0<strong>Samara Martins (UP)\u00a0<\/strong>n\u00e3o divulgaram a agenda at\u00e9 o momento desta publica\u00e7\u00e3o.<\/p>\n<p>A ordem de apresenta\u00e7\u00e3o da cobertura da agenda dos candidatos a presidente segue rod\u00edzio di\u00e1rio em ordem alfab\u00e9tica.<\/p>\n<p>&nbsp;<\/p>\n<\/div>\n","protected":false},"excerpt":{"rendered":"<p>Foto: Arte EBC A agenda dos presidenci\u00e1veis inclui entrevistas e sabatinas em ve\u00edculos de comunica\u00e7\u00e3o, encontros com lideran\u00e7as religiosas, visitas a institui\u00e7\u00f5es e obras sociais. Tamb\u00e9m est\u00e3o previstas panfletagem e apresenta\u00e7\u00e3o de programa eleitoral, al\u00e9m de atividades partid\u00e1rias. Clariana Bar\u00e3o (Democracia Crist\u00e3)\u00a0 Concede entrevista para o canal Leo Dias Edmilson Costa (PCB) Cumpre agenda da [&hellip;]<\/p>\n","protected":false},"author":12,"featured_media":158060,"comment_status":"closed","ping_status":"open","sticky":false,"template":"","format":"standard","meta":{"_acf_changed":false,"_angie_page":false,"_monsterinsights_skip_tracking":false,"_themeisle_gutenberg_block_has_review":false,"page_builder":"","footnotes":"","jetpack_publicize_message":"","jetpack_publicize_feature_enabled":true,"jetpack_social_post_already_shared":true,"jetpack_social_options":{"image_generator_settings":{"template":"highway","default_image_id":0,"font":"","enabled":false},"version":2}},"categories":[29246,167],"tags":[3962,397,518,516,29270,1479],"class_list":["post-158058","post","type-post","status-publish","format-standard","has-post-thumbnail","hentry","category-eleicoes-2026","category-geral","tag-agenda","tag-confira","tag-feira","tag-nesta","tag-presidenciaveis","tag-quinta"],"acf":[],"nelio_content":{"autoShareEndMode":"never","automationSources":{"useCustomSentences":false,"customSentences":[]},"efiAlt":"","efiUrl":"","followers":[12],"highlights":[],"isAutoShareEnabled":true,"networkImageIds":[],"permalinkQueryArgs":[],"series":[],"suggestedReferences":[]},"yoast_head":"<!-- This site is optimized with the Yoast SEO plugin v28.3 - https:\/\/yoast.com\/product\/yoast-seo-wordpress\/ -->\n<title>Confira a agenda dos presidenci\u00e1veis nesta quinta-feira (3) - Fatos e Fotos News<\/title>\n<meta name=\"robots\" content=\"index, follow, max-snippet:-1, max-image-preview:large, max-video-preview:-1\" \/>\n<link rel=\"canonical\" href=\"https:\/\/www.fatosefotosnews.com.br\/?p=158058\" \/>\n<meta property=\"og:locale\" content=\"pt_BR\" \/>\n<meta property=\"og:type\" content=\"article\" \/>\n<meta property=\"og:title\" content=\"Confira a agenda dos presidenci\u00e1veis nesta quinta-feira (3) - Fatos e Fotos News\" \/>\n<meta property=\"og:description\" content=\"Foto: Arte EBC A agenda dos presidenci\u00e1veis inclui entrevistas e sabatinas em ve\u00edculos de comunica\u00e7\u00e3o, encontros com lideran\u00e7as religiosas, visitas a institui\u00e7\u00f5es e obras sociais. Tamb\u00e9m est\u00e3o previstas panfletagem e apresenta\u00e7\u00e3o de programa eleitoral, al\u00e9m de atividades partid\u00e1rias. Clariana Bar\u00e3o (Democracia Crist\u00e3)\u00a0 Concede entrevista para o canal Leo Dias Edmilson Costa (PCB) Cumpre agenda da [&hellip;]\" \/>\n<meta property=\"og:url\" content=\"https:\/\/www.fatosefotosnews.com.br\/?p=158058\" \/>\n<meta property=\"og:site_name\" content=\"Fatos e Fotos News\" \/>\n<meta property=\"article:published_time\" content=\"2026-09-03T14:00:44+00:00\" \/>\n<meta property=\"og:image\" content=\"https:\/\/www.fatosefotosnews.com.br\/wp-content\/uploads\/2026\/09\/banner_agenda_-_1170x700.webp\" \/>\n\t<meta property=\"og:image:width\" content=\"1170\" \/>\n\t<meta property=\"og:image:height\" content=\"700\" \/>\n\t<meta property=\"og:image:type\" content=\"image\/webp\" \/>\n<meta name=\"author\" content=\"Mirela Portugal\" \/>\n<meta name=\"twitter:card\" content=\"summary_large_image\" \/>\n<meta name=\"twitter:label1\" content=\"Escrito por\" \/>\n\t<meta name=\"twitter:data1\" content=\"Mirela Portugal\" \/>\n\t<meta name=\"twitter:label2\" content=\"Est. tempo de leitura\" \/>\n\t<meta name=\"twitter:data2\" content=\"3 minutos\" \/>\n<script type=\"application\/ld+json\" class=\"yoast-schema-graph\">{\"@context\":\"https:\\\/\\\/schema.org\",\"@graph\":[{\"@type\":\"Article\",\"@id\":\"https:\\\/\\\/www.fatosefotosnews.com.br\\\/?p=158058#article\",\"isPartOf\":{\"@id\":\"https:\\\/\\\/www.fatosefotosnews.com.br\\\/?p=158058\"},\"author\":{\"name\":\"Mirela Portugal\",\"@id\":\"https:\\\/\\\/www.fatosefotosnews.com.br\\\/#\\\/schema\\\/person\\\/17b18da658f5277ed99382206a85602f\"},\"headline\":\"Confira a agenda dos presidenci\u00e1veis nesta quinta-feira (3)\",\"datePublished\":\"2026-09-03T14:00:44+00:00\",\"mainEntityOfPage\":{\"@id\":\"https:\\\/\\\/www.fatosefotosnews.com.br\\\/?p=158058\"},\"wordCount\":316,\"publisher\":{\"@id\":\"https:\\\/\\\/www.fatosefotosnews.com.br\\\/#organization\"},\"image\":{\"@id\":\"https:\\\/\\\/www.fatosefotosnews.com.br\\\/?p=158058#primaryimage\"},\"thumbnailUrl\":\"https:\\\/\\\/www.fatosefotosnews.com.br\\\/wp-content\\\/uploads\\\/2026\\\/09\\\/banner_agenda_-_1170x700.webp\",\"keywords\":[\"agenda\",\"confira\",\"feira\",\"nesta\",\"presidenciaveis\",\"quinta\"],\"articleSection\":[\"Elei\u00e7\u00f5es 2026\",\"Geral\"],\"inLanguage\":\"pt-BR\"},{\"@type\":\"WebPage\",\"@id\":\"https:\\\/\\\/www.fatosefotosnews.com.br\\\/?p=158058\",\"url\":\"https:\\\/\\\/www.fatosefotosnews.com.br\\\/?p=158058\",\"name\":\"Confira a agenda dos presidenci\u00e1veis nesta quinta-feira (3) - Fatos e Fotos News\",\"isPartOf\":{\"@id\":\"https:\\\/\\\/www.fatosefotosnews.com.br\\\/#website\"},\"primaryImageOfPage\":{\"@id\":\"https:\\\/\\\/www.fatosefotosnews.com.br\\\/?p=158058#primaryimage\"},\"image\":{\"@id\":\"https:\\\/\\\/www.fatosefotosnews.com.br\\\/?p=158058#primaryimage\"},\"thumbnailUrl\":\"https:\\\/\\\/www.fatosefotosnews.com.br\\\/wp-content\\\/uploads\\\/2026\\\/09\\\/banner_agenda_-_1170x700.webp\",\"datePublished\":\"2026-09-03T14:00:44+00:00\",\"breadcrumb\":{\"@id\":\"https:\\\/\\\/www.fatosefotosnews.com.br\\\/?p=158058#breadcrumb\"},\"inLanguage\":\"pt-BR\",\"potentialAction\":[{\"@type\":\"ReadAction\",\"target\":[\"https:\\\/\\\/www.fatosefotosnews.com.br\\\/?p=158058\"]}]},{\"@type\":\"ImageObject\",\"inLanguage\":\"pt-BR\",\"@id\":\"https:\\\/\\\/www.fatosefotosnews.com.br\\\/?p=158058#primaryimage\",\"url\":\"https:\\\/\\\/www.fatosefotosnews.com.br\\\/wp-content\\\/uploads\\\/2026\\\/09\\\/banner_agenda_-_1170x700.webp\",\"contentUrl\":\"https:\\\/\\\/www.fatosefotosnews.com.br\\\/wp-content\\\/uploads\\\/2026\\\/09\\\/banner_agenda_-_1170x700.webp\",\"width\":1170,\"height\":700},{\"@type\":\"BreadcrumbList\",\"@id\":\"https:\\\/\\\/www.fatosefotosnews.com.br\\\/?p=158058#breadcrumb\",\"itemListElement\":[{\"@type\":\"ListItem\",\"position\":1,\"name\":\"In\u00edcio\",\"item\":\"https:\\\/\\\/www.fatosefotosnews.com.br\\\/\"},{\"@type\":\"ListItem\",\"position\":2,\"name\":\"Confira a agenda dos presidenci\u00e1veis nesta quinta-feira (3)\"}]},{\"@type\":\"WebSite\",\"@id\":\"https:\\\/\\\/www.fatosefotosnews.com.br\\\/#website\",\"url\":\"https:\\\/\\\/www.fatosefotosnews.com.br\\\/\",\"name\":\"Fatos e Fotos News\",\"description\":\"Um site de noticial verdadeira e confi\u00e1veis.\",\"publisher\":{\"@id\":\"https:\\\/\\\/www.fatosefotosnews.com.br\\\/#organization\"},\"potentialAction\":[{\"@type\":\"SearchAction\",\"target\":{\"@type\":\"EntryPoint\",\"urlTemplate\":\"https:\\\/\\\/www.fatosefotosnews.com.br\\\/?s={search_term_string}\"},\"query-input\":{\"@type\":\"PropertyValueSpecification\",\"valueRequired\":true,\"valueName\":\"search_term_string\"}}],\"inLanguage\":\"pt-BR\"},{\"@type\":\"Organization\",\"@id\":\"https:\\\/\\\/www.fatosefotosnews.com.br\\\/#organization\",\"name\":\"Fatos e Fotos News\",\"url\":\"https:\\\/\\\/www.fatosefotosnews.com.br\\\/\",\"logo\":{\"@type\":\"ImageObject\",\"inLanguage\":\"pt-BR\",\"@id\":\"https:\\\/\\\/www.fatosefotosnews.com.br\\\/#\\\/schema\\\/logo\\\/image\\\/\",\"url\":\"https:\\\/\\\/www.fatosefotosnews.com.br\\\/wp-content\\\/uploads\\\/2023\\\/02\\\/Fatos-e-Fotos-news-logo.png\",\"contentUrl\":\"https:\\\/\\\/www.fatosefotosnews.com.br\\\/wp-content\\\/uploads\\\/2023\\\/02\\\/Fatos-e-Fotos-news-logo.png\",\"width\":300,\"height\":58,\"caption\":\"Fatos e Fotos News\"},\"image\":{\"@id\":\"https:\\\/\\\/www.fatosefotosnews.com.br\\\/#\\\/schema\\\/logo\\\/image\\\/\"}},{\"@type\":\"Person\",\"@id\":\"https:\\\/\\\/www.fatosefotosnews.com.br\\\/#\\\/schema\\\/person\\\/17b18da658f5277ed99382206a85602f\",\"name\":\"Mirela Portugal\",\"image\":{\"@type\":\"ImageObject\",\"inLanguage\":\"pt-BR\",\"@id\":\"https:\\\/\\\/secure.gravatar.com\\\/avatar\\\/2f92fb43fda38d1a46cf4a155e1c2951193d91d9bed3df97fce720eeb9595d08?s=96&d=mm&r=g\",\"url\":\"https:\\\/\\\/secure.gravatar.com\\\/avatar\\\/2f92fb43fda38d1a46cf4a155e1c2951193d91d9bed3df97fce720eeb9595d08?s=96&d=mm&r=g\",\"contentUrl\":\"https:\\\/\\\/secure.gravatar.com\\\/avatar\\\/2f92fb43fda38d1a46cf4a155e1c2951193d91d9bed3df97fce720eeb9595d08?s=96&d=mm&r=g\",\"caption\":\"Mirela Portugal\"},\"sameAs\":[\"http:\\\/\\\/fatosefotosnews.com.br\"],\"url\":\"https:\\\/\\\/www.fatosefotosnews.com.br\\\/?author=12\"}]}<\/script>\n<!-- \/ Yoast SEO plugin. -->","yoast_head_json":{"title":"Confira a agenda dos presidenci\u00e1veis nesta quinta-feira (3) - Fatos e Fotos News","robots":{"index":"index","follow":"follow","max-snippet":"max-snippet:-1","max-image-preview":"max-image-preview:large","max-video-preview":"max-video-preview:-1"},"canonical":"https:\/\/www.fatosefotosnews.com.br\/?p=158058","og_locale":"pt_BR","og_type":"article","og_title":"Confira a agenda dos presidenci\u00e1veis nesta quinta-feira (3) - Fatos e Fotos News","og_description":"Foto: Arte EBC A agenda dos presidenci\u00e1veis inclui entrevistas e sabatinas em ve\u00edculos de comunica\u00e7\u00e3o, encontros com lideran\u00e7as religiosas, visitas a institui\u00e7\u00f5es e obras sociais. Tamb\u00e9m est\u00e3o previstas panfletagem e apresenta\u00e7\u00e3o de programa eleitoral, al\u00e9m de atividades partid\u00e1rias. Clariana Bar\u00e3o (Democracia Crist\u00e3)\u00a0 Concede entrevista para o canal Leo Dias Edmilson Costa (PCB) Cumpre agenda da [&hellip;]","og_url":"https:\/\/www.fatosefotosnews.com.br\/?p=158058","og_site_name":"Fatos e Fotos News","article_published_time":"2026-09-03T14:00:44+00:00","og_image":[{"width":1170,"height":700,"url":"https:\/\/www.fatosefotosnews.com.br\/wp-content\/uploads\/2026\/09\/banner_agenda_-_1170x700.webp","type":"image\/webp"}],"author":"Mirela Portugal","twitter_card":"summary_large_image","twitter_misc":{"Escrito por":"Mirela Portugal","Est. tempo de leitura":"3 minutos"},"schema":{"@context":"https:\/\/schema.org","@graph":[{"@type":"Article","@id":"https:\/\/www.fatosefotosnews.com.br\/?p=158058#article","isPartOf":{"@id":"https:\/\/www.fatosefotosnews.com.br\/?p=158058"},"author":{"name":"Mirela Portugal","@id":"https:\/\/www.fatosefotosnews.com.br\/#\/schema\/person\/17b18da658f5277ed99382206a85602f"},"headline":"Confira a agenda dos presidenci\u00e1veis nesta quinta-feira (3)","datePublished":"2026-09-03T14:00:44+00:00","mainEntityOfPage":{"@id":"https:\/\/www.fatosefotosnews.com.br\/?p=158058"},"wordCount":316,"publisher":{"@id":"https:\/\/www.fatosefotosnews.com.br\/#organization"},"image":{"@id":"https:\/\/www.fatosefotosnews.com.br\/?p=158058#primaryimage"},"thumbnailUrl":"https:\/\/www.fatosefotosnews.com.br\/wp-content\/uploads\/2026\/09\/banner_agenda_-_1170x700.webp","keywords":["agenda","confira","feira","nesta","presidenciaveis","quinta"],"articleSection":["Elei\u00e7\u00f5es 2026","Geral"],"inLanguage":"pt-BR"},{"@type":"WebPage","@id":"https:\/\/www.fatosefotosnews.com.br\/?p=158058","url":"https:\/\/www.fatosefotosnews.com.br\/?p=158058","name":"Confira a agenda dos presidenci\u00e1veis nesta quinta-feira (3) - Fatos e Fotos News","isPartOf":{"@id":"https:\/\/www.fatosefotosnews.com.br\/#website"},"primaryImageOfPage":{"@id":"https:\/\/www.fatosefotosnews.com.br\/?p=158058#primaryimage"},"image":{"@id":"https:\/\/www.fatosefotosnews.com.br\/?p=158058#primaryimage"},"thumbnailUrl":"https:\/\/www.fatosefotosnews.com.br\/wp-content\/uploads\/2026\/09\/banner_agenda_-_1170x700.webp","datePublished":"2026-09-03T14:00:44+00:00","breadcrumb":{"@id":"https:\/\/www.fatosefotosnews.com.br\/?p=158058#breadcrumb"},"inLanguage":"pt-BR","potentialAction":[{"@type":"ReadAction","target":["https:\/\/www.fatosefotosnews.com.br\/?p=158058"]}]},{"@type":"ImageObject","inLanguage":"pt-BR","@id":"https:\/\/www.fatosefotosnews.com.br\/?p=158058#primaryimage","url":"https:\/\/www.fatosefotosnews.com.br\/wp-content\/uploads\/2026\/09\/banner_agenda_-_1170x700.webp","contentUrl":"https:\/\/www.fatosefotosnews.com.br\/wp-content\/uploads\/2026\/09\/banner_agenda_-_1170x700.webp","width":1170,"height":700},{"@type":"BreadcrumbList","@id":"https:\/\/www.fatosefotosnews.com.br\/?p=158058#breadcrumb","itemListElement":[{"@type":"ListItem","position":1,"name":"In\u00edcio","item":"https:\/\/www.fatosefotosnews.com.br\/"},{"@type":"ListItem","position":2,"name":"Confira a agenda dos presidenci\u00e1veis nesta quinta-feira (3)"}]},{"@type":"WebSite","@id":"https:\/\/www.fatosefotosnews.com.br\/#website","url":"https:\/\/www.fatosefotosnews.com.br\/","name":"Fatos e Fotos News","description":"Um site de noticial verdadeira e confi\u00e1veis.","publisher":{"@id":"https:\/\/www.fatosefotosnews.com.br\/#organization"},"potentialAction":[{"@type":"SearchAction","target":{"@type":"EntryPoint","urlTemplate":"https:\/\/www.fatosefotosnews.com.br\/?s={search_term_string}"},"query-input":{"@type":"PropertyValueSpecification","valueRequired":true,"valueName":"search_term_string"}}],"inLanguage":"pt-BR"},{"@type":"Organization","@id":"https:\/\/www.fatosefotosnews.com.br\/#organization","name":"Fatos e Fotos News","url":"https:\/\/www.fatosefotosnews.com.br\/","logo":{"@type":"ImageObject","inLanguage":"pt-BR","@id":"https:\/\/www.fatosefotosnews.com.br\/#\/schema\/logo\/image\/","url":"https:\/\/www.fatosefotosnews.com.br\/wp-content\/uploads\/2023\/02\/Fatos-e-Fotos-news-logo.png","contentUrl":"https:\/\/www.fatosefotosnews.com.br\/wp-content\/uploads\/2023\/02\/Fatos-e-Fotos-news-logo.png","width":300,"height":58,"caption":"Fatos e Fotos News"},"image":{"@id":"https:\/\/www.fatosefotosnews.com.br\/#\/schema\/logo\/image\/"}},{"@type":"Person","@id":"https:\/\/www.fatosefotosnews.com.br\/#\/schema\/person\/17b18da658f5277ed99382206a85602f","name":"Mirela Portugal","image":{"@type":"ImageObject","inLanguage":"pt-BR","@id":"https:\/\/secure.gravatar.com\/avatar\/2f92fb43fda38d1a46cf4a155e1c2951193d91d9bed3df97fce720eeb9595d08?s=96&d=mm&r=g","url":"https:\/\/secure.gravatar.com\/avatar\/2f92fb43fda38d1a46cf4a155e1c2951193d91d9bed3df97fce720eeb9595d08?s=96&d=mm&r=g","contentUrl":"https:\/\/secure.gravatar.com\/avatar\/2f92fb43fda38d1a46cf4a155e1c2951193d91d9bed3df97fce720eeb9595d08?s=96&d=mm&r=g","caption":"Mirela Portugal"},"sameAs":["http:\/\/fatosefotosnews.com.br"],"url":"https:\/\/www.fatosefotosnews.com.br\/?author=12"}]}},"jetpack_publicize_connections":[],"blog_post_layout_featured_media_urls":{"thumbnail":["https:\/\/www.fatosefotosnews.com.br\/wp-content\/uploads\/2026\/09\/banner_agenda_-_1170x700-150x150.webp",150,150,true],"full":["https:\/\/www.fatosefotosnews.com.br\/wp-content\/uploads\/2026\/09\/banner_agenda_-_1170x700.webp",1170,700,false]},"categories_names":{"29246":{"name":"Elei\u00e7\u00f5es 2026","link":"https:\/\/www.fatosefotosnews.com.br\/?cat=29246"},"167":{"name":"Geral","link":"https:\/\/www.fatosefotosnews.com.br\/?cat=167"}},"tags_names":{"3962":{"name":"agenda","link":"https:\/\/www.fatosefotosnews.com.br\/?tag=agenda"},"397":{"name":"confira","link":"https:\/\/www.fatosefotosnews.com.br\/?tag=confira"},"518":{"name":"feira","link":"https:\/\/www.fatosefotosnews.com.br\/?tag=feira"},"516":{"name":"nesta","link":"https:\/\/www.fatosefotosnews.com.br\/?tag=nesta"},"29270":{"name":"presidenciaveis","link":"https:\/\/www.fatosefotosnews.com.br\/?tag=presidenciaveis"},"1479":{"name":"quinta","link":"https:\/\/www.fatosefotosnews.com.br\/?tag=quinta"}},"comments_number":"0","wpmagazine_modules_lite_featured_media_urls":{"thumbnail":["https:\/\/www.fatosefotosnews.com.br\/wp-content\/uploads\/2026\/09\/banner_agenda_-_1170x700-150x150.webp",150,150,true],"cvmm-medium":["https:\/\/www.fatosefotosnews.com.br\/wp-content\/uploads\/2026\/09\/banner_agenda_-_1170x700-300x300.webp",300,300,true],"cvmm-medium-plus":["https:\/\/www.fatosefotosnews.com.br\/wp-content\/uploads\/2026\/09\/banner_agenda_-_1170x700-305x207.webp",305,207,true],"cvmm-portrait":["https:\/\/www.fatosefotosnews.com.br\/wp-content\/uploads\/2026\/09\/banner_agenda_-_1170x700-400x600.webp",400,600,true],"cvmm-medium-square":["https:\/\/www.fatosefotosnews.com.br\/wp-content\/uploads\/2026\/09\/banner_agenda_-_1170x700-600x600.webp",600,600,true],"cvmm-large":["https:\/\/www.fatosefotosnews.com.br\/wp-content\/uploads\/2026\/09\/banner_agenda_-_1170x700-1024x700.webp",1024,700,true],"cvmm-small":["https:\/\/www.fatosefotosnews.com.br\/wp-content\/uploads\/2026\/09\/banner_agenda_-_1170x700-130x95.webp",130,95,true],"full":["https:\/\/www.fatosefotosnews.com.br\/wp-content\/uploads\/2026\/09\/banner_agenda_-_1170x700.webp",1170,700,false]},"_links":{"self":[{"href":"https:\/\/www.fatosefotosnews.com.br\/index.php?rest_route=\/wp\/v2\/posts\/158058","targetHints":{"allow":["GET"]}}],"collection":[{"href":"https:\/\/www.fatosefotosnews.com.br\/index.php?rest_route=\/wp\/v2\/posts"}],"about":[{"href":"https:\/\/www.fatosefotosnews.com.br\/index.php?rest_route=\/wp\/v2\/types\/post"}],"author":[{"embeddable":true,"href":"https:\/\/www.fatosefotosnews.com.br\/index.php?rest_route=\/wp\/v2\/users\/12"}],"replies":[{"embeddable":true,"href":"https:\/\/www.fatosefotosnews.com.br\/index.php?rest_route=%2Fwp%2Fv2%2Fcomments&post=158058"}],"version-history":[{"count":1,"href":"https:\/\/www.fatosefotosnews.com.br\/index.php?rest_route=\/wp\/v2\/posts\/158058\/revisions"}],"predecessor-version":[{"id":158059,"href":"https:\/\/www.fatosefotosnews.com.br\/index.php?rest_route=\/wp\/v2\/posts\/158058\/revisions\/158059"}],"wp:featuredmedia":[{"embeddable":true,"href":"https:\/\/www.fatosefotosnews.com.br\/index.php?rest_route=\/wp\/v2\/media\/158060"}],"wp:attachment":[{"href":"https:\/\/www.fatosefotosnews.com.br\/index.php?rest_route=%2Fwp%2Fv2%2Fmedia&parent=158058"}],"wp:term":[{"taxonomy":"category","embeddable":true,"href":"https:\/\/www.fatosefotosnews.com.br\/index.php?rest_route=%2Fwp%2Fv2%2Fcategories&post=158058"},{"taxonomy":"post_tag","embeddable":true,"href":"https:\/\/www.fatosefotosnews.com.br\/index.php?rest_route=%2Fwp%2Fv2%2Ftags&post=158058"}],"curies":[{"name":"wp","href":"https:\/\/api.w.org\/{rel}","templated":true}]}}