{"id":158064,"date":"2026-09-03T11:30:30","date_gmt":"2026-09-03T14:30:30","guid":{"rendered":"https:\/\/www.fatosefotosnews.com.br\/?p=158064"},"modified":"2026-09-03T11:03:28","modified_gmt":"2026-09-03T14:03:28","slug":"em-5-anos-furto-de-fios-de-cobre-no-rio-deu-prejuizo-de-r-69-milhoes","status":"publish","type":"post","link":"https:\/\/www.fatosefotosnews.com.br\/?p=158064","title":{"rendered":"Em 5 anos, furto de fios de cobre no Rio deu preju\u00edzo de R$ 69 milh\u00f5es"},"content":{"rendered":"<p>Foto: Marcello Casal JrAg\u00eancia Brasil<\/p>\n<div id=\"block-tts-block-tts\" class=\"block block-tts\">\n<div class=\"content\">\n<div id=\"tts-container\" class=\"container-audio rel-position\">\n<div class=\"title abs-position\"><\/div>\n<\/div>\n<\/div>\n<\/div>\n<div class=\"conteudo-noticia\">\n<p>Opera\u00e7\u00e3o conjunta das\u00a0For\u00e7as de Seguran\u00e7a e a Prefeitura Municipal do Rio de Janeiro, com foco em ferros-velhos, busca reduzir furtos de fios de cobre na cidade, que provocaram preju\u00edzo superior a R$ 69 milh\u00f5es aos cofres p\u00fablicos municipais nos \u00faltimos cinco anos &#8211; entre 2021 e 2025.\u00a0<img decoding=\"async\" src=\"https:\/\/agenciabrasil.ebc.com.br\/ebc.png?id=1701418&amp;o=node\" \/><img decoding=\"async\" src=\"https:\/\/agenciabrasil.ebc.com.br\/ebc.gif?id=1701418&amp;o=node\" \/><\/p>\n<p>A primeira a\u00e7\u00e3o operacional do N\u00facleo Integrado de Combate a Furtos e Recepta\u00e7\u00e3o de Cabos e fia\u00e7\u00e3o de cobre foi realizada nessa quarta-feira (2).<\/p>\n<p><strong>A Companhia de Engenharia de Tr\u00e1fego (CET-Rio), respons\u00e1vel pela instala\u00e7\u00e3o dos sinais de tr\u00e2nsito na cidade, registrou furto de quase 500 quil\u00f4metros (km)\u00a0de cabos de sem\u00e1foro no Rio, gerando preju\u00edzo de R$ 27 milh\u00f5es.<\/strong><\/p>\n<p>A RioLuz, respons\u00e1vel pela ilumina\u00e7\u00e3o p\u00fablica, teve preju\u00edzo de R$ 42 milh\u00f5es, com mais de 1,8 km de cabos de cobre furtados da rede el\u00e9trica.<\/p>\n<p><strong>Os agentes p\u00fablicos estiveram na Rua Alzira Valdetaro, no bairro do Sampaio, zona norte, onde dois ferros-velhos foram desapropriados e ter\u00e3o a \u00e1rea usada no planejamento urbano para a instala\u00e7\u00e3o de pol\u00edticas p\u00fablicas mais eficientes, com foco na regulariza\u00e7\u00e3o ambiental e urban\u00edstica.<\/strong><\/p>\n<p><strong>A a\u00e7\u00e3o visa reduzir o furto de equipamentos, como material de cobre usado\u00a0nos sinais de tr\u00e2nsito, placas de sinaliza\u00e7\u00e3o e fia\u00e7\u00e3o da ilumina\u00e7\u00e3o e da rede el\u00e9trica, que provoca v\u00e1rios transtornos na capital.<\/strong><\/p>\n<blockquote><p>\u201cO combate tamb\u00e9m foca no receptador, para desestruturar essa cadeia log\u00edstica criminosa\u201d, disse o secret\u00e1rio municipal de Ordem P\u00fablica, Marcus Belchior.<\/p><\/blockquote>\n<p><strong>Os agentes tamb\u00e9m atuaram na Avenida Marechal Rondon, sob o Viaduto Armando Coelho de Freitas, no mesmo bairro, onde foi feita\u00a0a demoli\u00e7\u00e3o de uma estrutura que vinha sendo utilizada ilegalmente como ferro-velho.<\/strong><\/p>\n<blockquote><p>\u201cA regi\u00e3o do Grande M\u00e9ier vem sofrendo com o furto de cabos, problema que afeta n\u00e3o s\u00f3 o tr\u00e2nsito, mas toda a popula\u00e7\u00e3o. N\u00e3o h\u00e1 manuten\u00e7\u00e3o que d\u00ea jeito nisso enquanto ferros-velhos clandestinos estiverem abertos para recepta\u00e7\u00e3o ilegal.<\/p><\/blockquote>\n<p>Segundo o subprefeito da zona norte, Douglas Ara\u00fajo, essa rede criminosa causa preju\u00edzo de milh\u00f5es aos cofres p\u00fablicos anualmente\u201d.<\/p>\n<\/div>\n","protected":false},"excerpt":{"rendered":"<p>Foto: Marcello Casal JrAg\u00eancia Brasil Opera\u00e7\u00e3o conjunta das\u00a0For\u00e7as de Seguran\u00e7a e a Prefeitura Municipal do Rio de Janeiro, com foco em ferros-velhos, busca reduzir furtos de fios de cobre na cidade, que provocaram preju\u00edzo superior a R$ 69 milh\u00f5es aos cofres p\u00fablicos municipais nos \u00faltimos cinco anos &#8211; entre 2021 e 2025.\u00a0 A primeira a\u00e7\u00e3o [&hellip;]<\/p>\n","protected":false},"author":12,"featured_media":158066,"comment_status":"closed","ping_status":"open","sticky":false,"template":"","format":"standard","meta":{"_acf_changed":false,"_angie_page":false,"_monsterinsights_skip_tracking":false,"_themeisle_gutenberg_block_has_review":false,"page_builder":"","footnotes":"","jetpack_publicize_message":"","jetpack_publicize_feature_enabled":true,"jetpack_social_post_already_shared":true,"jetpack_social_options":{"image_generator_settings":{"template":"highway","default_image_id":0,"font":"","enabled":false},"version":2}},"categories":[167],"tags":[23914,2692,549],"class_list":["post-158064","post","type-post","status-publish","format-standard","has-post-thumbnail","hentry","category-geral","tag-cobre","tag-furto","tag-prejuizo"],"acf":[],"nelio_content":{"autoShareEndMode":"never","automationSources":{"useCustomSentences":false,"customSentences":[]},"efiAlt":"","efiUrl":"","followers":[12],"highlights":[],"isAutoShareEnabled":true,"networkImageIds":[],"permalinkQueryArgs":[],"series":[],"suggestedReferences":[]},"yoast_head":"<!-- This site is optimized with the Yoast SEO plugin v28.3 - https:\/\/yoast.com\/product\/yoast-seo-wordpress\/ -->\n<title>Em 5 anos, furto de fios de cobre no Rio deu preju\u00edzo de R$ 69 milh\u00f5es - Fatos e Fotos News<\/title>\n<meta name=\"robots\" content=\"index, follow, max-snippet:-1, max-image-preview:large, max-video-preview:-1\" \/>\n<link rel=\"canonical\" href=\"https:\/\/www.fatosefotosnews.com.br\/?p=158064\" \/>\n<meta property=\"og:locale\" content=\"pt_BR\" \/>\n<meta property=\"og:type\" content=\"article\" \/>\n<meta property=\"og:title\" content=\"Em 5 anos, furto de fios de cobre no Rio deu preju\u00edzo de R$ 69 milh\u00f5es - Fatos e Fotos News\" \/>\n<meta property=\"og:description\" content=\"Foto: Marcello Casal JrAg\u00eancia Brasil Opera\u00e7\u00e3o conjunta das\u00a0For\u00e7as de Seguran\u00e7a e a Prefeitura Municipal do Rio de Janeiro, com foco em ferros-velhos, busca reduzir furtos de fios de cobre na cidade, que provocaram preju\u00edzo superior a R$ 69 milh\u00f5es aos cofres p\u00fablicos municipais nos \u00faltimos cinco anos &#8211; entre 2021 e 2025.\u00a0 A primeira a\u00e7\u00e3o [&hellip;]\" \/>\n<meta property=\"og:url\" content=\"https:\/\/www.fatosefotosnews.com.br\/?p=158064\" \/>\n<meta property=\"og:site_name\" content=\"Fatos e Fotos News\" \/>\n<meta property=\"article:published_time\" content=\"2026-09-03T14:30:30+00:00\" \/>\n<meta property=\"og:image\" content=\"https:\/\/www.fatosefotosnews.com.br\/wp-content\/uploads\/2026\/09\/rede_eletrica_mcajr_abr2807221091.webp\" \/>\n\t<meta property=\"og:image:width\" content=\"1170\" \/>\n\t<meta property=\"og:image:height\" content=\"700\" \/>\n\t<meta property=\"og:image:type\" content=\"image\/webp\" \/>\n<meta name=\"author\" content=\"Mirela Portugal\" \/>\n<meta name=\"twitter:card\" content=\"summary_large_image\" \/>\n<meta name=\"twitter:label1\" content=\"Escrito por\" \/>\n\t<meta name=\"twitter:data1\" content=\"Mirela Portugal\" \/>\n\t<meta name=\"twitter:label2\" content=\"Est. tempo de leitura\" \/>\n\t<meta name=\"twitter:data2\" content=\"3 minutos\" \/>\n<script type=\"application\/ld+json\" class=\"yoast-schema-graph\">{\"@context\":\"https:\\\/\\\/schema.org\",\"@graph\":[{\"@type\":\"Article\",\"@id\":\"https:\\\/\\\/www.fatosefotosnews.com.br\\\/?p=158064#article\",\"isPartOf\":{\"@id\":\"https:\\\/\\\/www.fatosefotosnews.com.br\\\/?p=158064\"},\"author\":{\"name\":\"Mirela Portugal\",\"@id\":\"https:\\\/\\\/www.fatosefotosnews.com.br\\\/#\\\/schema\\\/person\\\/17b18da658f5277ed99382206a85602f\"},\"headline\":\"Em 5 anos, furto de fios de cobre no Rio deu preju\u00edzo de R$ 69 milh\u00f5es\",\"datePublished\":\"2026-09-03T14:30:30+00:00\",\"mainEntityOfPage\":{\"@id\":\"https:\\\/\\\/www.fatosefotosnews.com.br\\\/?p=158064\"},\"wordCount\":389,\"publisher\":{\"@id\":\"https:\\\/\\\/www.fatosefotosnews.com.br\\\/#organization\"},\"image\":{\"@id\":\"https:\\\/\\\/www.fatosefotosnews.com.br\\\/?p=158064#primaryimage\"},\"thumbnailUrl\":\"https:\\\/\\\/www.fatosefotosnews.com.br\\\/wp-content\\\/uploads\\\/2026\\\/09\\\/rede_eletrica_mcajr_abr2807221091.webp\",\"keywords\":[\"cobre\",\"furto\",\"prejuizo\"],\"articleSection\":[\"Geral\"],\"inLanguage\":\"pt-BR\"},{\"@type\":\"WebPage\",\"@id\":\"https:\\\/\\\/www.fatosefotosnews.com.br\\\/?p=158064\",\"url\":\"https:\\\/\\\/www.fatosefotosnews.com.br\\\/?p=158064\",\"name\":\"Em 5 anos, furto de fios de cobre no Rio deu preju\u00edzo de R$ 69 milh\u00f5es - Fatos e Fotos News\",\"isPartOf\":{\"@id\":\"https:\\\/\\\/www.fatosefotosnews.com.br\\\/#website\"},\"primaryImageOfPage\":{\"@id\":\"https:\\\/\\\/www.fatosefotosnews.com.br\\\/?p=158064#primaryimage\"},\"image\":{\"@id\":\"https:\\\/\\\/www.fatosefotosnews.com.br\\\/?p=158064#primaryimage\"},\"thumbnailUrl\":\"https:\\\/\\\/www.fatosefotosnews.com.br\\\/wp-content\\\/uploads\\\/2026\\\/09\\\/rede_eletrica_mcajr_abr2807221091.webp\",\"datePublished\":\"2026-09-03T14:30:30+00:00\",\"breadcrumb\":{\"@id\":\"https:\\\/\\\/www.fatosefotosnews.com.br\\\/?p=158064#breadcrumb\"},\"inLanguage\":\"pt-BR\",\"potentialAction\":[{\"@type\":\"ReadAction\",\"target\":[\"https:\\\/\\\/www.fatosefotosnews.com.br\\\/?p=158064\"]}]},{\"@type\":\"ImageObject\",\"inLanguage\":\"pt-BR\",\"@id\":\"https:\\\/\\\/www.fatosefotosnews.com.br\\\/?p=158064#primaryimage\",\"url\":\"https:\\\/\\\/www.fatosefotosnews.com.br\\\/wp-content\\\/uploads\\\/2026\\\/09\\\/rede_eletrica_mcajr_abr2807221091.webp\",\"contentUrl\":\"https:\\\/\\\/www.fatosefotosnews.com.br\\\/wp-content\\\/uploads\\\/2026\\\/09\\\/rede_eletrica_mcajr_abr2807221091.webp\",\"width\":1170,\"height\":700},{\"@type\":\"BreadcrumbList\",\"@id\":\"https:\\\/\\\/www.fatosefotosnews.com.br\\\/?p=158064#breadcrumb\",\"itemListElement\":[{\"@type\":\"ListItem\",\"position\":1,\"name\":\"In\u00edcio\",\"item\":\"https:\\\/\\\/www.fatosefotosnews.com.br\\\/\"},{\"@type\":\"ListItem\",\"position\":2,\"name\":\"Em 5 anos, furto de fios de cobre no Rio deu preju\u00edzo de R$ 69 milh\u00f5es\"}]},{\"@type\":\"WebSite\",\"@id\":\"https:\\\/\\\/www.fatosefotosnews.com.br\\\/#website\",\"url\":\"https:\\\/\\\/www.fatosefotosnews.com.br\\\/\",\"name\":\"Fatos e Fotos News\",\"description\":\"Um site de noticial verdadeira e confi\u00e1veis.\",\"publisher\":{\"@id\":\"https:\\\/\\\/www.fatosefotosnews.com.br\\\/#organization\"},\"potentialAction\":[{\"@type\":\"SearchAction\",\"target\":{\"@type\":\"EntryPoint\",\"urlTemplate\":\"https:\\\/\\\/www.fatosefotosnews.com.br\\\/?s={search_term_string}\"},\"query-input\":{\"@type\":\"PropertyValueSpecification\",\"valueRequired\":true,\"valueName\":\"search_term_string\"}}],\"inLanguage\":\"pt-BR\"},{\"@type\":\"Organization\",\"@id\":\"https:\\\/\\\/www.fatosefotosnews.com.br\\\/#organization\",\"name\":\"Fatos e Fotos News\",\"url\":\"https:\\\/\\\/www.fatosefotosnews.com.br\\\/\",\"logo\":{\"@type\":\"ImageObject\",\"inLanguage\":\"pt-BR\",\"@id\":\"https:\\\/\\\/www.fatosefotosnews.com.br\\\/#\\\/schema\\\/logo\\\/image\\\/\",\"url\":\"https:\\\/\\\/www.fatosefotosnews.com.br\\\/wp-content\\\/uploads\\\/2023\\\/02\\\/Fatos-e-Fotos-news-logo.png\",\"contentUrl\":\"https:\\\/\\\/www.fatosefotosnews.com.br\\\/wp-content\\\/uploads\\\/2023\\\/02\\\/Fatos-e-Fotos-news-logo.png\",\"width\":300,\"height\":58,\"caption\":\"Fatos e Fotos News\"},\"image\":{\"@id\":\"https:\\\/\\\/www.fatosefotosnews.com.br\\\/#\\\/schema\\\/logo\\\/image\\\/\"}},{\"@type\":\"Person\",\"@id\":\"https:\\\/\\\/www.fatosefotosnews.com.br\\\/#\\\/schema\\\/person\\\/17b18da658f5277ed99382206a85602f\",\"name\":\"Mirela Portugal\",\"image\":{\"@type\":\"ImageObject\",\"inLanguage\":\"pt-BR\",\"@id\":\"https:\\\/\\\/secure.gravatar.com\\\/avatar\\\/2f92fb43fda38d1a46cf4a155e1c2951193d91d9bed3df97fce720eeb9595d08?s=96&d=mm&r=g\",\"url\":\"https:\\\/\\\/secure.gravatar.com\\\/avatar\\\/2f92fb43fda38d1a46cf4a155e1c2951193d91d9bed3df97fce720eeb9595d08?s=96&d=mm&r=g\",\"contentUrl\":\"https:\\\/\\\/secure.gravatar.com\\\/avatar\\\/2f92fb43fda38d1a46cf4a155e1c2951193d91d9bed3df97fce720eeb9595d08?s=96&d=mm&r=g\",\"caption\":\"Mirela Portugal\"},\"sameAs\":[\"http:\\\/\\\/fatosefotosnews.com.br\"],\"url\":\"https:\\\/\\\/www.fatosefotosnews.com.br\\\/?author=12\"}]}<\/script>\n<!-- \/ Yoast SEO plugin. -->","yoast_head_json":{"title":"Em 5 anos, furto de fios de cobre no Rio deu preju\u00edzo de R$ 69 milh\u00f5es - Fatos e Fotos News","robots":{"index":"index","follow":"follow","max-snippet":"max-snippet:-1","max-image-preview":"max-image-preview:large","max-video-preview":"max-video-preview:-1"},"canonical":"https:\/\/www.fatosefotosnews.com.br\/?p=158064","og_locale":"pt_BR","og_type":"article","og_title":"Em 5 anos, furto de fios de cobre no Rio deu preju\u00edzo de R$ 69 milh\u00f5es - Fatos e Fotos News","og_description":"Foto: Marcello Casal JrAg\u00eancia Brasil Opera\u00e7\u00e3o conjunta das\u00a0For\u00e7as de Seguran\u00e7a e a Prefeitura Municipal do Rio de Janeiro, com foco em ferros-velhos, busca reduzir furtos de fios de cobre na cidade, que provocaram preju\u00edzo superior a R$ 69 milh\u00f5es aos cofres p\u00fablicos municipais nos \u00faltimos cinco anos &#8211; entre 2021 e 2025.\u00a0 A primeira a\u00e7\u00e3o [&hellip;]","og_url":"https:\/\/www.fatosefotosnews.com.br\/?p=158064","og_site_name":"Fatos e Fotos News","article_published_time":"2026-09-03T14:30:30+00:00","og_image":[{"width":1170,"height":700,"url":"https:\/\/www.fatosefotosnews.com.br\/wp-content\/uploads\/2026\/09\/rede_eletrica_mcajr_abr2807221091.webp","type":"image\/webp"}],"author":"Mirela Portugal","twitter_card":"summary_large_image","twitter_misc":{"Escrito por":"Mirela Portugal","Est. tempo de leitura":"3 minutos"},"schema":{"@context":"https:\/\/schema.org","@graph":[{"@type":"Article","@id":"https:\/\/www.fatosefotosnews.com.br\/?p=158064#article","isPartOf":{"@id":"https:\/\/www.fatosefotosnews.com.br\/?p=158064"},"author":{"name":"Mirela Portugal","@id":"https:\/\/www.fatosefotosnews.com.br\/#\/schema\/person\/17b18da658f5277ed99382206a85602f"},"headline":"Em 5 anos, furto de fios de cobre no Rio deu preju\u00edzo de R$ 69 milh\u00f5es","datePublished":"2026-09-03T14:30:30+00:00","mainEntityOfPage":{"@id":"https:\/\/www.fatosefotosnews.com.br\/?p=158064"},"wordCount":389,"publisher":{"@id":"https:\/\/www.fatosefotosnews.com.br\/#organization"},"image":{"@id":"https:\/\/www.fatosefotosnews.com.br\/?p=158064#primaryimage"},"thumbnailUrl":"https:\/\/www.fatosefotosnews.com.br\/wp-content\/uploads\/2026\/09\/rede_eletrica_mcajr_abr2807221091.webp","keywords":["cobre","furto","prejuizo"],"articleSection":["Geral"],"inLanguage":"pt-BR"},{"@type":"WebPage","@id":"https:\/\/www.fatosefotosnews.com.br\/?p=158064","url":"https:\/\/www.fatosefotosnews.com.br\/?p=158064","name":"Em 5 anos, furto de fios de cobre no Rio deu preju\u00edzo de R$ 69 milh\u00f5es - Fatos e Fotos News","isPartOf":{"@id":"https:\/\/www.fatosefotosnews.com.br\/#website"},"primaryImageOfPage":{"@id":"https:\/\/www.fatosefotosnews.com.br\/?p=158064#primaryimage"},"image":{"@id":"https:\/\/www.fatosefotosnews.com.br\/?p=158064#primaryimage"},"thumbnailUrl":"https:\/\/www.fatosefotosnews.com.br\/wp-content\/uploads\/2026\/09\/rede_eletrica_mcajr_abr2807221091.webp","datePublished":"2026-09-03T14:30:30+00:00","breadcrumb":{"@id":"https:\/\/www.fatosefotosnews.com.br\/?p=158064#breadcrumb"},"inLanguage":"pt-BR","potentialAction":[{"@type":"ReadAction","target":["https:\/\/www.fatosefotosnews.com.br\/?p=158064"]}]},{"@type":"ImageObject","inLanguage":"pt-BR","@id":"https:\/\/www.fatosefotosnews.com.br\/?p=158064#primaryimage","url":"https:\/\/www.fatosefotosnews.com.br\/wp-content\/uploads\/2026\/09\/rede_eletrica_mcajr_abr2807221091.webp","contentUrl":"https:\/\/www.fatosefotosnews.com.br\/wp-content\/uploads\/2026\/09\/rede_eletrica_mcajr_abr2807221091.webp","width":1170,"height":700},{"@type":"BreadcrumbList","@id":"https:\/\/www.fatosefotosnews.com.br\/?p=158064#breadcrumb","itemListElement":[{"@type":"ListItem","position":1,"name":"In\u00edcio","item":"https:\/\/www.fatosefotosnews.com.br\/"},{"@type":"ListItem","position":2,"name":"Em 5 anos, furto de fios de cobre no Rio deu preju\u00edzo de R$ 69 milh\u00f5es"}]},{"@type":"WebSite","@id":"https:\/\/www.fatosefotosnews.com.br\/#website","url":"https:\/\/www.fatosefotosnews.com.br\/","name":"Fatos e Fotos News","description":"Um site de noticial verdadeira e confi\u00e1veis.","publisher":{"@id":"https:\/\/www.fatosefotosnews.com.br\/#organization"},"potentialAction":[{"@type":"SearchAction","target":{"@type":"EntryPoint","urlTemplate":"https:\/\/www.fatosefotosnews.com.br\/?s={search_term_string}"},"query-input":{"@type":"PropertyValueSpecification","valueRequired":true,"valueName":"search_term_string"}}],"inLanguage":"pt-BR"},{"@type":"Organization","@id":"https:\/\/www.fatosefotosnews.com.br\/#organization","name":"Fatos e Fotos News","url":"https:\/\/www.fatosefotosnews.com.br\/","logo":{"@type":"ImageObject","inLanguage":"pt-BR","@id":"https:\/\/www.fatosefotosnews.com.br\/#\/schema\/logo\/image\/","url":"https:\/\/www.fatosefotosnews.com.br\/wp-content\/uploads\/2023\/02\/Fatos-e-Fotos-news-logo.png","contentUrl":"https:\/\/www.fatosefotosnews.com.br\/wp-content\/uploads\/2023\/02\/Fatos-e-Fotos-news-logo.png","width":300,"height":58,"caption":"Fatos e Fotos News"},"image":{"@id":"https:\/\/www.fatosefotosnews.com.br\/#\/schema\/logo\/image\/"}},{"@type":"Person","@id":"https:\/\/www.fatosefotosnews.com.br\/#\/schema\/person\/17b18da658f5277ed99382206a85602f","name":"Mirela Portugal","image":{"@type":"ImageObject","inLanguage":"pt-BR","@id":"https:\/\/secure.gravatar.com\/avatar\/2f92fb43fda38d1a46cf4a155e1c2951193d91d9bed3df97fce720eeb9595d08?s=96&d=mm&r=g","url":"https:\/\/secure.gravatar.com\/avatar\/2f92fb43fda38d1a46cf4a155e1c2951193d91d9bed3df97fce720eeb9595d08?s=96&d=mm&r=g","contentUrl":"https:\/\/secure.gravatar.com\/avatar\/2f92fb43fda38d1a46cf4a155e1c2951193d91d9bed3df97fce720eeb9595d08?s=96&d=mm&r=g","caption":"Mirela Portugal"},"sameAs":["http:\/\/fatosefotosnews.com.br"],"url":"https:\/\/www.fatosefotosnews.com.br\/?author=12"}]}},"jetpack_publicize_connections":[],"blog_post_layout_featured_media_urls":{"thumbnail":["https:\/\/www.fatosefotosnews.com.br\/wp-content\/uploads\/2026\/09\/rede_eletrica_mcajr_abr2807221091-150x150.webp",150,150,true],"full":["https:\/\/www.fatosefotosnews.com.br\/wp-content\/uploads\/2026\/09\/rede_eletrica_mcajr_abr2807221091.webp",1170,700,false]},"categories_names":{"167":{"name":"Geral","link":"https:\/\/www.fatosefotosnews.com.br\/?cat=167"}},"tags_names":{"23914":{"name":"cobre","link":"https:\/\/www.fatosefotosnews.com.br\/?tag=cobre"},"2692":{"name":"furto","link":"https:\/\/www.fatosefotosnews.com.br\/?tag=furto"},"549":{"name":"prejuizo","link":"https:\/\/www.fatosefotosnews.com.br\/?tag=prejuizo"}},"comments_number":"0","wpmagazine_modules_lite_featured_media_urls":{"thumbnail":["https:\/\/www.fatosefotosnews.com.br\/wp-content\/uploads\/2026\/09\/rede_eletrica_mcajr_abr2807221091-150x150.webp",150,150,true],"cvmm-medium":["https:\/\/www.fatosefotosnews.com.br\/wp-content\/uploads\/2026\/09\/rede_eletrica_mcajr_abr2807221091-300x300.webp",300,300,true],"cvmm-medium-plus":["https:\/\/www.fatosefotosnews.com.br\/wp-content\/uploads\/2026\/09\/rede_eletrica_mcajr_abr2807221091-305x207.webp",305,207,true],"cvmm-portrait":["https:\/\/www.fatosefotosnews.com.br\/wp-content\/uploads\/2026\/09\/rede_eletrica_mcajr_abr2807221091-400x600.webp",400,600,true],"cvmm-medium-square":["https:\/\/www.fatosefotosnews.com.br\/wp-content\/uploads\/2026\/09\/rede_eletrica_mcajr_abr2807221091-600x600.webp",600,600,true],"cvmm-large":["https:\/\/www.fatosefotosnews.com.br\/wp-content\/uploads\/2026\/09\/rede_eletrica_mcajr_abr2807221091-1024x700.webp",1024,700,true],"cvmm-small":["https:\/\/www.fatosefotosnews.com.br\/wp-content\/uploads\/2026\/09\/rede_eletrica_mcajr_abr2807221091-130x95.webp",130,95,true],"full":["https:\/\/www.fatosefotosnews.com.br\/wp-content\/uploads\/2026\/09\/rede_eletrica_mcajr_abr2807221091.webp",1170,700,false]},"_links":{"self":[{"href":"https:\/\/www.fatosefotosnews.com.br\/index.php?rest_route=\/wp\/v2\/posts\/158064","targetHints":{"allow":["GET"]}}],"collection":[{"href":"https:\/\/www.fatosefotosnews.com.br\/index.php?rest_route=\/wp\/v2\/posts"}],"about":[{"href":"https:\/\/www.fatosefotosnews.com.br\/index.php?rest_route=\/wp\/v2\/types\/post"}],"author":[{"embeddable":true,"href":"https:\/\/www.fatosefotosnews.com.br\/index.php?rest_route=\/wp\/v2\/users\/12"}],"replies":[{"embeddable":true,"href":"https:\/\/www.fatosefotosnews.com.br\/index.php?rest_route=%2Fwp%2Fv2%2Fcomments&post=158064"}],"version-history":[{"count":1,"href":"https:\/\/www.fatosefotosnews.com.br\/index.php?rest_route=\/wp\/v2\/posts\/158064\/revisions"}],"predecessor-version":[{"id":158065,"href":"https:\/\/www.fatosefotosnews.com.br\/index.php?rest_route=\/wp\/v2\/posts\/158064\/revisions\/158065"}],"wp:featuredmedia":[{"embeddable":true,"href":"https:\/\/www.fatosefotosnews.com.br\/index.php?rest_route=\/wp\/v2\/media\/158066"}],"wp:attachment":[{"href":"https:\/\/www.fatosefotosnews.com.br\/index.php?rest_route=%2Fwp%2Fv2%2Fmedia&parent=158064"}],"wp:term":[{"taxonomy":"category","embeddable":true,"href":"https:\/\/www.fatosefotosnews.com.br\/index.php?rest_route=%2Fwp%2Fv2%2Fcategories&post=158064"},{"taxonomy":"post_tag","embeddable":true,"href":"https:\/\/www.fatosefotosnews.com.br\/index.php?rest_route=%2Fwp%2Fv2%2Ftags&post=158064"}],"curies":[{"name":"wp","href":"https:\/\/api.w.org\/{rel}","templated":true}]}}