{"id":158068,"date":"2026-09-04T06:01:55","date_gmt":"2026-09-04T09:01:55","guid":{"rendered":"https:\/\/www.fatosefotosnews.com.br\/?p=158068"},"modified":"2026-09-03T21:13:48","modified_gmt":"2026-09-04T00:13:48","slug":"inpe-inicia-operacao-de-modelo-proprio-de-previsao-do-tempo","status":"publish","type":"post","link":"https:\/\/www.fatosefotosnews.com.br\/?p=158068","title":{"rendered":"Inpe inicia opera\u00e7\u00e3o de modelo pr\u00f3prio de previs\u00e3o do tempo"},"content":{"rendered":"<p>Foto: Paulo Pinto\/Ag\u00eancia Brasil<\/p>\n<div id=\"block-tts-block-tts\" class=\"block block-tts\">\n<div class=\"content\">\n<div id=\"tts-container\" class=\"container-audio rel-position\">\n<div class=\"title abs-position\"><\/div>\n<\/div>\n<\/div>\n<\/div>\n<div class=\"conteudo-noticia\">\n<p><strong>O Instituto Nacional de Pesquisas Espaciais (Inpe), unidade vinculada ao Minist\u00e9rio da Ci\u00eancia, Tecnologia e Inova\u00e7\u00e3o (MCTI),\u00a0 come\u00e7ou a\u00a0operar um\u00a0modelo computacional pr\u00f3prio de previs\u00e3o do tempo.\u00a0<\/strong><img decoding=\"async\" src=\"https:\/\/agenciabrasil.ebc.com.br\/ebc.png?id=1701501&amp;o=node\" \/><img decoding=\"async\" src=\"https:\/\/agenciabrasil.ebc.com.br\/ebc.gif?id=1701501&amp;o=node\" \/><\/p>\n<p>O Modelo para Previs\u00f5es de Oceano, Terra e Atmosfera (Monan), desenvolvido nos \u00faltimos tr\u00eas anos, est\u00e1 rodando no supercomputador Jaci, instalado no centro de dados do Inpe\u00a0em Cachoeira Paulista (SP).<\/p>\n<p><strong>Segundo o minist\u00e9rio, com o novo modelo, a acuidade das previs\u00f5es meteorol\u00f3gicas brasileiras passa agora a estar no mesmo patamar de precis\u00e3o de \u00f3rg\u00e3os de refer\u00eancia dos Estados Unidos e da Europa.<\/strong><\/p>\n<p>Um modelo de previs\u00e3o do tempo \u00e9 um programa computacional que simula o comportamento futuro da atmosfera utilizando equa\u00e7\u00f5es f\u00edsicas e dados coletados por sat\u00e9lites, radares e esta\u00e7\u00f5es meteorol\u00f3gicas. Quanto mais moderno o modelo e mais potente a estrutura de processamento, mais refinados e detalhados s\u00e3o os resultados obtidos.<\/p>\n<p>O modelo brasileiro opera com cobertura global e resolu\u00e7\u00e3o de dez quil\u00f4metros, com duas atualiza\u00e7\u00f5es di\u00e1rias.\u00a0<strong>Segundo o MCTI, o Monan gera previs\u00f5es do tempo altamente confi\u00e1veis com at\u00e9 11 dias de anteced\u00eancia.<\/strong><\/p>\n<p><strong>A pasta destaca que o novo modelo ir\u00e1 garantir alertas antecipados de desastres, aumentando a rapidez no monitoramento de tempestades, frentes frias e secas severas.<\/strong><\/p>\n<p><strong>O Monan dever\u00e1 tamb\u00e9m ajudar no planejamento de plantios e colheitas, mitigando os preju\u00edzos das oscila\u00e7\u00f5es do clima tropical; e gerar estimativas mais detalhadas do volume de chuvas nas bacias hidrogr\u00e1ficas.<\/strong><\/p>\n<p>&#8220;N\u00e3o estamos apenas trocando computadores ou atualizando softwares. Estamos garantindo que o Brasil tenha soberania sobre os seus pr\u00f3prios dados clim\u00e1ticos, utilizando um modelo concebido para as especificidades tropicais da Am\u00e9rica do Sul. Isso se traduz em decis\u00f5es p\u00fablicas mais r\u00e1pidas, prote\u00e7\u00e3o de vidas e apoio direto ao desenvolvimento econ\u00f4mico&#8221;, destacou a ministra da Ci\u00eancia, Tecnologia e Inova\u00e7\u00e3o, Luciana Santos.<\/p>\n<p>De acordo com o minist\u00e9rio, as etapas seguintes de desenvolvimento do sistema incluir\u00e3o um modelo regional para a Am\u00e9rica do Sul, capaz de captar o comportamento do tempo em recortes de apenas cinco quil\u00f4metros, al\u00e9m de ferramentas espec\u00edficas para previs\u00f5es de curt\u00edssimo prazo, chamadas de nowcasting e v\u00e1lidas para at\u00e9 seis horas.<\/p>\n<\/div>\n","protected":false},"excerpt":{"rendered":"<p>Foto: Paulo Pinto\/Ag\u00eancia Brasil O Instituto Nacional de Pesquisas Espaciais (Inpe), unidade vinculada ao Minist\u00e9rio da Ci\u00eancia, Tecnologia e Inova\u00e7\u00e3o (MCTI),\u00a0 come\u00e7ou a\u00a0operar um\u00a0modelo computacional pr\u00f3prio de previs\u00e3o do tempo.\u00a0 O Modelo para Previs\u00f5es de Oceano, Terra e Atmosfera (Monan), desenvolvido nos \u00faltimos tr\u00eas anos, est\u00e1 rodando no supercomputador Jaci, instalado no centro de dados [&hellip;]<\/p>\n","protected":false},"author":12,"featured_media":158076,"comment_status":"closed","ping_status":"open","sticky":false,"template":"","format":"standard","meta":{"_acf_changed":false,"_angie_page":false,"_monsterinsights_skip_tracking":false,"_themeisle_gutenberg_block_has_review":false,"page_builder":"","footnotes":"","jetpack_publicize_message":"","jetpack_publicize_feature_enabled":true,"jetpack_social_post_already_shared":true,"jetpack_social_options":{"image_generator_settings":{"template":"highway","default_image_id":0,"font":"","enabled":false},"version":2}},"categories":[168],"tags":[605,3469,526,527,750,528],"class_list":["post-158068","post","type-post","status-publish","format-standard","has-post-thumbnail","hentry","category-meio-ambiente","tag-inicia","tag-modelo","tag-opera","tag-previs","tag-proprio","tag-tempo"],"acf":[],"nelio_content":{"autoShareEndMode":"never","automationSources":{"useCustomSentences":false,"customSentences":[]},"efiAlt":"","efiUrl":"","followers":[12],"highlights":[],"isAutoShareEnabled":true,"networkImageIds":[],"permalinkQueryArgs":[],"series":[],"suggestedReferences":[]},"yoast_head":"<!-- This site is optimized with the Yoast SEO plugin v28.3 - https:\/\/yoast.com\/product\/yoast-seo-wordpress\/ -->\n<title>Inpe inicia opera\u00e7\u00e3o de modelo pr\u00f3prio de previs\u00e3o do tempo - Fatos e Fotos News<\/title>\n<meta name=\"robots\" content=\"index, follow, max-snippet:-1, max-image-preview:large, max-video-preview:-1\" \/>\n<link rel=\"canonical\" href=\"https:\/\/www.fatosefotosnews.com.br\/?p=158068\" \/>\n<meta property=\"og:locale\" content=\"pt_BR\" \/>\n<meta property=\"og:type\" content=\"article\" \/>\n<meta property=\"og:title\" content=\"Inpe inicia opera\u00e7\u00e3o de modelo pr\u00f3prio de previs\u00e3o do tempo - Fatos e Fotos News\" \/>\n<meta property=\"og:description\" content=\"Foto: Paulo Pinto\/Ag\u00eancia Brasil O Instituto Nacional de Pesquisas Espaciais (Inpe), unidade vinculada ao Minist\u00e9rio da Ci\u00eancia, Tecnologia e Inova\u00e7\u00e3o (MCTI),\u00a0 come\u00e7ou a\u00a0operar um\u00a0modelo computacional pr\u00f3prio de previs\u00e3o do tempo.\u00a0 O Modelo para Previs\u00f5es de Oceano, Terra e Atmosfera (Monan), desenvolvido nos \u00faltimos tr\u00eas anos, est\u00e1 rodando no supercomputador Jaci, instalado no centro de dados [&hellip;]\" \/>\n<meta property=\"og:url\" content=\"https:\/\/www.fatosefotosnews.com.br\/?p=158068\" \/>\n<meta property=\"og:site_name\" content=\"Fatos e Fotos News\" \/>\n<meta property=\"article:published_time\" content=\"2026-09-04T09:01:55+00:00\" \/>\n<meta property=\"og:image\" content=\"https:\/\/www.fatosefotosnews.com.br\/wp-content\/uploads\/2026\/09\/pint4623.webp\" \/>\n\t<meta property=\"og:image:width\" content=\"1170\" \/>\n\t<meta property=\"og:image:height\" content=\"700\" \/>\n\t<meta property=\"og:image:type\" content=\"image\/webp\" \/>\n<meta name=\"author\" content=\"Mirela Portugal\" \/>\n<meta name=\"twitter:card\" content=\"summary_large_image\" \/>\n<meta name=\"twitter:label1\" content=\"Escrito por\" \/>\n\t<meta name=\"twitter:data1\" content=\"Mirela Portugal\" \/>\n\t<meta name=\"twitter:label2\" content=\"Est. tempo de leitura\" \/>\n\t<meta name=\"twitter:data2\" content=\"3 minutos\" \/>\n<script type=\"application\/ld+json\" class=\"yoast-schema-graph\">{\"@context\":\"https:\\\/\\\/schema.org\",\"@graph\":[{\"@type\":\"Article\",\"@id\":\"https:\\\/\\\/www.fatosefotosnews.com.br\\\/?p=158068#article\",\"isPartOf\":{\"@id\":\"https:\\\/\\\/www.fatosefotosnews.com.br\\\/?p=158068\"},\"author\":{\"name\":\"Mirela Portugal\",\"@id\":\"https:\\\/\\\/www.fatosefotosnews.com.br\\\/#\\\/schema\\\/person\\\/17b18da658f5277ed99382206a85602f\"},\"headline\":\"Inpe inicia opera\u00e7\u00e3o de modelo pr\u00f3prio de previs\u00e3o do tempo\",\"datePublished\":\"2026-09-04T09:01:55+00:00\",\"mainEntityOfPage\":{\"@id\":\"https:\\\/\\\/www.fatosefotosnews.com.br\\\/?p=158068\"},\"wordCount\":410,\"publisher\":{\"@id\":\"https:\\\/\\\/www.fatosefotosnews.com.br\\\/#organization\"},\"image\":{\"@id\":\"https:\\\/\\\/www.fatosefotosnews.com.br\\\/?p=158068#primaryimage\"},\"thumbnailUrl\":\"https:\\\/\\\/www.fatosefotosnews.com.br\\\/wp-content\\\/uploads\\\/2026\\\/09\\\/pint4623.webp\",\"keywords\":[\"inicia\",\"modelo\",\"opera\",\"previs\",\"proprio\",\"tempo\"],\"articleSection\":[\"Meio Ambiente\"],\"inLanguage\":\"pt-BR\"},{\"@type\":\"WebPage\",\"@id\":\"https:\\\/\\\/www.fatosefotosnews.com.br\\\/?p=158068\",\"url\":\"https:\\\/\\\/www.fatosefotosnews.com.br\\\/?p=158068\",\"name\":\"Inpe inicia opera\u00e7\u00e3o de modelo pr\u00f3prio de previs\u00e3o do tempo - Fatos e Fotos News\",\"isPartOf\":{\"@id\":\"https:\\\/\\\/www.fatosefotosnews.com.br\\\/#website\"},\"primaryImageOfPage\":{\"@id\":\"https:\\\/\\\/www.fatosefotosnews.com.br\\\/?p=158068#primaryimage\"},\"image\":{\"@id\":\"https:\\\/\\\/www.fatosefotosnews.com.br\\\/?p=158068#primaryimage\"},\"thumbnailUrl\":\"https:\\\/\\\/www.fatosefotosnews.com.br\\\/wp-content\\\/uploads\\\/2026\\\/09\\\/pint4623.webp\",\"datePublished\":\"2026-09-04T09:01:55+00:00\",\"breadcrumb\":{\"@id\":\"https:\\\/\\\/www.fatosefotosnews.com.br\\\/?p=158068#breadcrumb\"},\"inLanguage\":\"pt-BR\",\"potentialAction\":[{\"@type\":\"ReadAction\",\"target\":[\"https:\\\/\\\/www.fatosefotosnews.com.br\\\/?p=158068\"]}]},{\"@type\":\"ImageObject\",\"inLanguage\":\"pt-BR\",\"@id\":\"https:\\\/\\\/www.fatosefotosnews.com.br\\\/?p=158068#primaryimage\",\"url\":\"https:\\\/\\\/www.fatosefotosnews.com.br\\\/wp-content\\\/uploads\\\/2026\\\/09\\\/pint4623.webp\",\"contentUrl\":\"https:\\\/\\\/www.fatosefotosnews.com.br\\\/wp-content\\\/uploads\\\/2026\\\/09\\\/pint4623.webp\",\"width\":1170,\"height\":700},{\"@type\":\"BreadcrumbList\",\"@id\":\"https:\\\/\\\/www.fatosefotosnews.com.br\\\/?p=158068#breadcrumb\",\"itemListElement\":[{\"@type\":\"ListItem\",\"position\":1,\"name\":\"In\u00edcio\",\"item\":\"https:\\\/\\\/www.fatosefotosnews.com.br\\\/\"},{\"@type\":\"ListItem\",\"position\":2,\"name\":\"Inpe inicia opera\u00e7\u00e3o de modelo pr\u00f3prio de previs\u00e3o do tempo\"}]},{\"@type\":\"WebSite\",\"@id\":\"https:\\\/\\\/www.fatosefotosnews.com.br\\\/#website\",\"url\":\"https:\\\/\\\/www.fatosefotosnews.com.br\\\/\",\"name\":\"Fatos e Fotos News\",\"description\":\"Um site de noticial verdadeira e confi\u00e1veis.\",\"publisher\":{\"@id\":\"https:\\\/\\\/www.fatosefotosnews.com.br\\\/#organization\"},\"potentialAction\":[{\"@type\":\"SearchAction\",\"target\":{\"@type\":\"EntryPoint\",\"urlTemplate\":\"https:\\\/\\\/www.fatosefotosnews.com.br\\\/?s={search_term_string}\"},\"query-input\":{\"@type\":\"PropertyValueSpecification\",\"valueRequired\":true,\"valueName\":\"search_term_string\"}}],\"inLanguage\":\"pt-BR\"},{\"@type\":\"Organization\",\"@id\":\"https:\\\/\\\/www.fatosefotosnews.com.br\\\/#organization\",\"name\":\"Fatos e Fotos News\",\"url\":\"https:\\\/\\\/www.fatosefotosnews.com.br\\\/\",\"logo\":{\"@type\":\"ImageObject\",\"inLanguage\":\"pt-BR\",\"@id\":\"https:\\\/\\\/www.fatosefotosnews.com.br\\\/#\\\/schema\\\/logo\\\/image\\\/\",\"url\":\"https:\\\/\\\/www.fatosefotosnews.com.br\\\/wp-content\\\/uploads\\\/2023\\\/02\\\/Fatos-e-Fotos-news-logo.png\",\"contentUrl\":\"https:\\\/\\\/www.fatosefotosnews.com.br\\\/wp-content\\\/uploads\\\/2023\\\/02\\\/Fatos-e-Fotos-news-logo.png\",\"width\":300,\"height\":58,\"caption\":\"Fatos e Fotos News\"},\"image\":{\"@id\":\"https:\\\/\\\/www.fatosefotosnews.com.br\\\/#\\\/schema\\\/logo\\\/image\\\/\"}},{\"@type\":\"Person\",\"@id\":\"https:\\\/\\\/www.fatosefotosnews.com.br\\\/#\\\/schema\\\/person\\\/17b18da658f5277ed99382206a85602f\",\"name\":\"Mirela Portugal\",\"image\":{\"@type\":\"ImageObject\",\"inLanguage\":\"pt-BR\",\"@id\":\"https:\\\/\\\/secure.gravatar.com\\\/avatar\\\/2f92fb43fda38d1a46cf4a155e1c2951193d91d9bed3df97fce720eeb9595d08?s=96&d=mm&r=g\",\"url\":\"https:\\\/\\\/secure.gravatar.com\\\/avatar\\\/2f92fb43fda38d1a46cf4a155e1c2951193d91d9bed3df97fce720eeb9595d08?s=96&d=mm&r=g\",\"contentUrl\":\"https:\\\/\\\/secure.gravatar.com\\\/avatar\\\/2f92fb43fda38d1a46cf4a155e1c2951193d91d9bed3df97fce720eeb9595d08?s=96&d=mm&r=g\",\"caption\":\"Mirela Portugal\"},\"sameAs\":[\"http:\\\/\\\/fatosefotosnews.com.br\"],\"url\":\"https:\\\/\\\/www.fatosefotosnews.com.br\\\/?author=12\"}]}<\/script>\n<!-- \/ Yoast SEO plugin. -->","yoast_head_json":{"title":"Inpe inicia opera\u00e7\u00e3o de modelo pr\u00f3prio de previs\u00e3o do tempo - Fatos e Fotos News","robots":{"index":"index","follow":"follow","max-snippet":"max-snippet:-1","max-image-preview":"max-image-preview:large","max-video-preview":"max-video-preview:-1"},"canonical":"https:\/\/www.fatosefotosnews.com.br\/?p=158068","og_locale":"pt_BR","og_type":"article","og_title":"Inpe inicia opera\u00e7\u00e3o de modelo pr\u00f3prio de previs\u00e3o do tempo - Fatos e Fotos News","og_description":"Foto: Paulo Pinto\/Ag\u00eancia Brasil O Instituto Nacional de Pesquisas Espaciais (Inpe), unidade vinculada ao Minist\u00e9rio da Ci\u00eancia, Tecnologia e Inova\u00e7\u00e3o (MCTI),\u00a0 come\u00e7ou a\u00a0operar um\u00a0modelo computacional pr\u00f3prio de previs\u00e3o do tempo.\u00a0 O Modelo para Previs\u00f5es de Oceano, Terra e Atmosfera (Monan), desenvolvido nos \u00faltimos tr\u00eas anos, est\u00e1 rodando no supercomputador Jaci, instalado no centro de dados [&hellip;]","og_url":"https:\/\/www.fatosefotosnews.com.br\/?p=158068","og_site_name":"Fatos e Fotos News","article_published_time":"2026-09-04T09:01:55+00:00","og_image":[{"width":1170,"height":700,"url":"https:\/\/www.fatosefotosnews.com.br\/wp-content\/uploads\/2026\/09\/pint4623.webp","type":"image\/webp"}],"author":"Mirela Portugal","twitter_card":"summary_large_image","twitter_misc":{"Escrito por":"Mirela Portugal","Est. tempo de leitura":"3 minutos"},"schema":{"@context":"https:\/\/schema.org","@graph":[{"@type":"Article","@id":"https:\/\/www.fatosefotosnews.com.br\/?p=158068#article","isPartOf":{"@id":"https:\/\/www.fatosefotosnews.com.br\/?p=158068"},"author":{"name":"Mirela Portugal","@id":"https:\/\/www.fatosefotosnews.com.br\/#\/schema\/person\/17b18da658f5277ed99382206a85602f"},"headline":"Inpe inicia opera\u00e7\u00e3o de modelo pr\u00f3prio de previs\u00e3o do tempo","datePublished":"2026-09-04T09:01:55+00:00","mainEntityOfPage":{"@id":"https:\/\/www.fatosefotosnews.com.br\/?p=158068"},"wordCount":410,"publisher":{"@id":"https:\/\/www.fatosefotosnews.com.br\/#organization"},"image":{"@id":"https:\/\/www.fatosefotosnews.com.br\/?p=158068#primaryimage"},"thumbnailUrl":"https:\/\/www.fatosefotosnews.com.br\/wp-content\/uploads\/2026\/09\/pint4623.webp","keywords":["inicia","modelo","opera","previs","proprio","tempo"],"articleSection":["Meio Ambiente"],"inLanguage":"pt-BR"},{"@type":"WebPage","@id":"https:\/\/www.fatosefotosnews.com.br\/?p=158068","url":"https:\/\/www.fatosefotosnews.com.br\/?p=158068","name":"Inpe inicia opera\u00e7\u00e3o de modelo pr\u00f3prio de previs\u00e3o do tempo - Fatos e Fotos News","isPartOf":{"@id":"https:\/\/www.fatosefotosnews.com.br\/#website"},"primaryImageOfPage":{"@id":"https:\/\/www.fatosefotosnews.com.br\/?p=158068#primaryimage"},"image":{"@id":"https:\/\/www.fatosefotosnews.com.br\/?p=158068#primaryimage"},"thumbnailUrl":"https:\/\/www.fatosefotosnews.com.br\/wp-content\/uploads\/2026\/09\/pint4623.webp","datePublished":"2026-09-04T09:01:55+00:00","breadcrumb":{"@id":"https:\/\/www.fatosefotosnews.com.br\/?p=158068#breadcrumb"},"inLanguage":"pt-BR","potentialAction":[{"@type":"ReadAction","target":["https:\/\/www.fatosefotosnews.com.br\/?p=158068"]}]},{"@type":"ImageObject","inLanguage":"pt-BR","@id":"https:\/\/www.fatosefotosnews.com.br\/?p=158068#primaryimage","url":"https:\/\/www.fatosefotosnews.com.br\/wp-content\/uploads\/2026\/09\/pint4623.webp","contentUrl":"https:\/\/www.fatosefotosnews.com.br\/wp-content\/uploads\/2026\/09\/pint4623.webp","width":1170,"height":700},{"@type":"BreadcrumbList","@id":"https:\/\/www.fatosefotosnews.com.br\/?p=158068#breadcrumb","itemListElement":[{"@type":"ListItem","position":1,"name":"In\u00edcio","item":"https:\/\/www.fatosefotosnews.com.br\/"},{"@type":"ListItem","position":2,"name":"Inpe inicia opera\u00e7\u00e3o de modelo pr\u00f3prio de previs\u00e3o do tempo"}]},{"@type":"WebSite","@id":"https:\/\/www.fatosefotosnews.com.br\/#website","url":"https:\/\/www.fatosefotosnews.com.br\/","name":"Fatos e Fotos News","description":"Um site de noticial verdadeira e confi\u00e1veis.","publisher":{"@id":"https:\/\/www.fatosefotosnews.com.br\/#organization"},"potentialAction":[{"@type":"SearchAction","target":{"@type":"EntryPoint","urlTemplate":"https:\/\/www.fatosefotosnews.com.br\/?s={search_term_string}"},"query-input":{"@type":"PropertyValueSpecification","valueRequired":true,"valueName":"search_term_string"}}],"inLanguage":"pt-BR"},{"@type":"Organization","@id":"https:\/\/www.fatosefotosnews.com.br\/#organization","name":"Fatos e Fotos News","url":"https:\/\/www.fatosefotosnews.com.br\/","logo":{"@type":"ImageObject","inLanguage":"pt-BR","@id":"https:\/\/www.fatosefotosnews.com.br\/#\/schema\/logo\/image\/","url":"https:\/\/www.fatosefotosnews.com.br\/wp-content\/uploads\/2023\/02\/Fatos-e-Fotos-news-logo.png","contentUrl":"https:\/\/www.fatosefotosnews.com.br\/wp-content\/uploads\/2023\/02\/Fatos-e-Fotos-news-logo.png","width":300,"height":58,"caption":"Fatos e Fotos News"},"image":{"@id":"https:\/\/www.fatosefotosnews.com.br\/#\/schema\/logo\/image\/"}},{"@type":"Person","@id":"https:\/\/www.fatosefotosnews.com.br\/#\/schema\/person\/17b18da658f5277ed99382206a85602f","name":"Mirela Portugal","image":{"@type":"ImageObject","inLanguage":"pt-BR","@id":"https:\/\/secure.gravatar.com\/avatar\/2f92fb43fda38d1a46cf4a155e1c2951193d91d9bed3df97fce720eeb9595d08?s=96&d=mm&r=g","url":"https:\/\/secure.gravatar.com\/avatar\/2f92fb43fda38d1a46cf4a155e1c2951193d91d9bed3df97fce720eeb9595d08?s=96&d=mm&r=g","contentUrl":"https:\/\/secure.gravatar.com\/avatar\/2f92fb43fda38d1a46cf4a155e1c2951193d91d9bed3df97fce720eeb9595d08?s=96&d=mm&r=g","caption":"Mirela Portugal"},"sameAs":["http:\/\/fatosefotosnews.com.br"],"url":"https:\/\/www.fatosefotosnews.com.br\/?author=12"}]}},"jetpack_publicize_connections":[],"blog_post_layout_featured_media_urls":{"thumbnail":["https:\/\/www.fatosefotosnews.com.br\/wp-content\/uploads\/2026\/09\/pint4623-150x150.webp",150,150,true],"full":["https:\/\/www.fatosefotosnews.com.br\/wp-content\/uploads\/2026\/09\/pint4623.webp",1170,700,false]},"categories_names":{"168":{"name":"Meio Ambiente","link":"https:\/\/www.fatosefotosnews.com.br\/?cat=168"}},"tags_names":{"605":{"name":"inicia","link":"https:\/\/www.fatosefotosnews.com.br\/?tag=inicia"},"3469":{"name":"modelo","link":"https:\/\/www.fatosefotosnews.com.br\/?tag=modelo"},"526":{"name":"opera","link":"https:\/\/www.fatosefotosnews.com.br\/?tag=opera"},"527":{"name":"previs","link":"https:\/\/www.fatosefotosnews.com.br\/?tag=previs"},"750":{"name":"proprio","link":"https:\/\/www.fatosefotosnews.com.br\/?tag=proprio"},"528":{"name":"tempo","link":"https:\/\/www.fatosefotosnews.com.br\/?tag=tempo"}},"comments_number":"0","wpmagazine_modules_lite_featured_media_urls":{"thumbnail":["https:\/\/www.fatosefotosnews.com.br\/wp-content\/uploads\/2026\/09\/pint4623-150x150.webp",150,150,true],"cvmm-medium":["https:\/\/www.fatosefotosnews.com.br\/wp-content\/uploads\/2026\/09\/pint4623-300x300.webp",300,300,true],"cvmm-medium-plus":["https:\/\/www.fatosefotosnews.com.br\/wp-content\/uploads\/2026\/09\/pint4623-305x207.webp",305,207,true],"cvmm-portrait":["https:\/\/www.fatosefotosnews.com.br\/wp-content\/uploads\/2026\/09\/pint4623-400x600.webp",400,600,true],"cvmm-medium-square":["https:\/\/www.fatosefotosnews.com.br\/wp-content\/uploads\/2026\/09\/pint4623-600x600.webp",600,600,true],"cvmm-large":["https:\/\/www.fatosefotosnews.com.br\/wp-content\/uploads\/2026\/09\/pint4623-1024x700.webp",1024,700,true],"cvmm-small":["https:\/\/www.fatosefotosnews.com.br\/wp-content\/uploads\/2026\/09\/pint4623-130x95.webp",130,95,true],"full":["https:\/\/www.fatosefotosnews.com.br\/wp-content\/uploads\/2026\/09\/pint4623.webp",1170,700,false]},"_links":{"self":[{"href":"https:\/\/www.fatosefotosnews.com.br\/index.php?rest_route=\/wp\/v2\/posts\/158068","targetHints":{"allow":["GET"]}}],"collection":[{"href":"https:\/\/www.fatosefotosnews.com.br\/index.php?rest_route=\/wp\/v2\/posts"}],"about":[{"href":"https:\/\/www.fatosefotosnews.com.br\/index.php?rest_route=\/wp\/v2\/types\/post"}],"author":[{"embeddable":true,"href":"https:\/\/www.fatosefotosnews.com.br\/index.php?rest_route=\/wp\/v2\/users\/12"}],"replies":[{"embeddable":true,"href":"https:\/\/www.fatosefotosnews.com.br\/index.php?rest_route=%2Fwp%2Fv2%2Fcomments&post=158068"}],"version-history":[{"count":1,"href":"https:\/\/www.fatosefotosnews.com.br\/index.php?rest_route=\/wp\/v2\/posts\/158068\/revisions"}],"predecessor-version":[{"id":158078,"href":"https:\/\/www.fatosefotosnews.com.br\/index.php?rest_route=\/wp\/v2\/posts\/158068\/revisions\/158078"}],"wp:featuredmedia":[{"embeddable":true,"href":"https:\/\/www.fatosefotosnews.com.br\/index.php?rest_route=\/wp\/v2\/media\/158076"}],"wp:attachment":[{"href":"https:\/\/www.fatosefotosnews.com.br\/index.php?rest_route=%2Fwp%2Fv2%2Fmedia&parent=158068"}],"wp:term":[{"taxonomy":"category","embeddable":true,"href":"https:\/\/www.fatosefotosnews.com.br\/index.php?rest_route=%2Fwp%2Fv2%2Fcategories&post=158068"},{"taxonomy":"post_tag","embeddable":true,"href":"https:\/\/www.fatosefotosnews.com.br\/index.php?rest_route=%2Fwp%2Fv2%2Ftags&post=158068"}],"curies":[{"name":"wp","href":"https:\/\/api.w.org\/{rel}","templated":true}]}}