{"id":158079,"date":"2026-09-04T06:30:34","date_gmt":"2026-09-04T09:30:34","guid":{"rendered":"https:\/\/www.fatosefotosnews.com.br\/?p=158079"},"modified":"2026-09-03T21:16:49","modified_gmt":"2026-09-04T00:16:49","slug":"professores-tem-8-mil-vagas-gratuitas-para-pos-graduacao","status":"publish","type":"post","link":"https:\/\/www.fatosefotosnews.com.br\/?p=158079","title":{"rendered":"Professores t\u00eam 8 mil vagas gratuitas para p\u00f3s-gradua\u00e7\u00e3o"},"content":{"rendered":"<p>Foto:\u00a0 Tomaz Silva\/Ag\u00eancia Brasil<\/p>\n<div id=\"block-tts-block-tts\" class=\"block block-tts\">\n<div class=\"content\">\n<div id=\"tts-container\" class=\"container-audio rel-position\">\n<div class=\"title abs-position\"><\/div>\n<\/div>\n<\/div>\n<\/div>\n<div class=\"conteudo-noticia\">\n<p><strong>Professores da\u00a0<a href=\"https:\/\/agenciabrasil.ebc.com.br\/tags\/educacao-basica\" target=\"_blank\" rel=\"noopener\">educa\u00e7\u00e3o b\u00e1sica<\/a>\u00a0da\u00a0rede\u00a0p\u00fablica\u00a0de todo o pa\u00eds t\u00eam \u00e0 disposi\u00e7\u00e3o mais de 8 mil vagas em cursos de p\u00f3s-gradua\u00e7\u00e3o presenciais e gratuitos.<\/strong><img decoding=\"async\" src=\"https:\/\/agenciabrasil.ebc.com.br\/ebc.png?id=1701495&amp;o=node\" \/><img decoding=\"async\" src=\"https:\/\/agenciabrasil.ebc.com.br\/ebc.gif?id=1701495&amp;o=node\" \/><\/p>\n<p>O\u00a0<a href=\"https:\/\/www.gov.br\/mec\/pt-br\" target=\"_blank\" rel=\"noopener\">Minist\u00e9rio da Educa\u00e7\u00e3o (MEC)<\/a>\u00a0e a Coordena\u00e7\u00e3o de Aperfei\u00e7oamento de Pessoal de N\u00edvel Superior (Capes) divulgaram, de forma unificada, nesta quarta-feira (3), os processos seletivos no\u00a0<a href=\"https:\/\/www.gov.br\/mec\/pt-br\/mais-professores\/portal-formacao\" target=\"_blank\" rel=\"noopener\">Portal\u202fForma\u00e7\u00e3o Mais Professores<\/a>.<\/p>\n<p>A divulga\u00e7\u00e3o nacional busca ampliar o alcance das informa\u00e7\u00f5es sobre cursos de\u202fp\u00f3s-gradua\u00e7\u00e3o\u202fdestinados a qualificar os professores em exerc\u00edcio na educa\u00e7\u00e3o b\u00e1sica p\u00fablica.<\/p>\n<h2>\u00c1reas dos cursos<\/h2>\n<p>Nos editais publicados principalmente de\u00a0agosto a\u00a0setembro, foram disponibilizadas cerca de 7 mil vagas de mestrado e doutorado\u202fnas seguintes \u00e1reas:<\/p>\n<ul>\n<li>244 em sociologia;<\/li>\n<li>480\u202fem\u202feduca\u00e7\u00e3o f\u00edsica;<\/li>\n<li>919 em\u202fletras;<\/li>\n<li>719 em\u202ff\u00edsica;<\/li>\n<li>385 em\u202fartes;<\/li>\n<li>324 em\u202ffilosofia;<\/li>\n<li>702 em hist\u00f3ria;<\/li>\n<li>181 em hist\u00f3ria;<\/li>\n<li>288 em\u202fqu\u00edmica;<\/li>\n<li>1.848 em\u202fmatem\u00e1tica;<\/li>\n<li>100 em matem\u00e1tica;<\/li>\n<li>572 em\u202fbiologia;<\/li>\n<li>130 em\u202feduca\u00e7\u00e3o tecnol\u00f3gica;<\/li>\n<li>75 em alfabetiza\u00e7\u00e3o.<\/li>\n<\/ul>\n<p><strong>O MEC comunica que, em breve, ser\u00e1 publicado um novo edital do Programa de Mestrado Profissional em Educa\u00e7\u00e3o Inclusiva em Rede Nacional (ProfEI) com a previs\u00e3o de oferta de\u202f700 vagas aos docentes.<\/strong><\/p>\n<p>Tamb\u00e9m est\u00e3o previstas oportunidades relacionadas \u00e0 educa\u00e7\u00e3o\u202fprofissional e tecnol\u00f3gica por meio do Programa de P\u00f3s-Gradua\u00e7\u00e3o em Educa\u00e7\u00e3o Profissional e Tecnol\u00f3gica (PROF-EPT)\u202fe\u202fdo Programa de P\u00f3s-Gradua\u00e7\u00e3o em Ci\u00eancia, Cultura e Educa\u00e7\u00e3o Digital (ProfEDigital), ainda sem n\u00famero\u202fde vagas.<\/p>\n<\/div>\n","protected":false},"excerpt":{"rendered":"<p>Foto:\u00a0 Tomaz Silva\/Ag\u00eancia Brasil Professores da\u00a0educa\u00e7\u00e3o b\u00e1sica\u00a0da\u00a0rede\u00a0p\u00fablica\u00a0de todo o pa\u00eds t\u00eam \u00e0 disposi\u00e7\u00e3o mais de 8 mil vagas em cursos de p\u00f3s-gradua\u00e7\u00e3o presenciais e gratuitos. O\u00a0Minist\u00e9rio da Educa\u00e7\u00e3o (MEC)\u00a0e a Coordena\u00e7\u00e3o de Aperfei\u00e7oamento de Pessoal de N\u00edvel Superior (Capes) divulgaram, de forma unificada, nesta quarta-feira (3), os processos seletivos no\u00a0Portal\u202fForma\u00e7\u00e3o Mais Professores. A divulga\u00e7\u00e3o nacional [&hellip;]<\/p>\n","protected":false},"author":12,"featured_media":158075,"comment_status":"closed","ping_status":"open","sticky":false,"template":"","format":"standard","meta":{"_acf_changed":false,"_angie_page":false,"_monsterinsights_skip_tracking":false,"_themeisle_gutenberg_block_has_review":false,"page_builder":"","footnotes":"","jetpack_publicize_message":"","jetpack_publicize_feature_enabled":true,"jetpack_social_post_already_shared":true,"jetpack_social_options":{"image_generator_settings":{"template":"highway","default_image_id":0,"font":"","enabled":false},"version":2}},"categories":[24902],"tags":[5028,4668,3440,1141],"class_list":["post-158079","post","type-post","status-publish","format-standard","has-post-thumbnail","hentry","category-educacao","tag-gradua","tag-gratuitas","tag-professores","tag-vagas"],"acf":[],"nelio_content":{"autoShareEndMode":"never","automationSources":{"useCustomSentences":false,"customSentences":[]},"efiAlt":"","efiUrl":"","followers":[12],"highlights":[],"isAutoShareEnabled":true,"networkImageIds":[],"permalinkQueryArgs":[],"series":[],"suggestedReferences":[]},"yoast_head":"<!-- This site is optimized with the Yoast SEO plugin v28.3 - https:\/\/yoast.com\/product\/yoast-seo-wordpress\/ -->\n<title>Professores t\u00eam 8 mil vagas gratuitas para p\u00f3s-gradua\u00e7\u00e3o - Fatos e Fotos News<\/title>\n<meta name=\"robots\" content=\"index, follow, max-snippet:-1, max-image-preview:large, max-video-preview:-1\" \/>\n<link rel=\"canonical\" href=\"https:\/\/www.fatosefotosnews.com.br\/?p=158079\" \/>\n<meta property=\"og:locale\" content=\"pt_BR\" \/>\n<meta property=\"og:type\" content=\"article\" \/>\n<meta property=\"og:title\" content=\"Professores t\u00eam 8 mil vagas gratuitas para p\u00f3s-gradua\u00e7\u00e3o - Fatos e Fotos News\" \/>\n<meta property=\"og:description\" content=\"Foto:\u00a0 Tomaz Silva\/Ag\u00eancia Brasil Professores da\u00a0educa\u00e7\u00e3o b\u00e1sica\u00a0da\u00a0rede\u00a0p\u00fablica\u00a0de todo o pa\u00eds t\u00eam \u00e0 disposi\u00e7\u00e3o mais de 8 mil vagas em cursos de p\u00f3s-gradua\u00e7\u00e3o presenciais e gratuitos. O\u00a0Minist\u00e9rio da Educa\u00e7\u00e3o (MEC)\u00a0e a Coordena\u00e7\u00e3o de Aperfei\u00e7oamento de Pessoal de N\u00edvel Superior (Capes) divulgaram, de forma unificada, nesta quarta-feira (3), os processos seletivos no\u00a0Portal\u202fForma\u00e7\u00e3o Mais Professores. A divulga\u00e7\u00e3o nacional [&hellip;]\" \/>\n<meta property=\"og:url\" content=\"https:\/\/www.fatosefotosnews.com.br\/?p=158079\" \/>\n<meta property=\"og:site_name\" content=\"Fatos e Fotos News\" \/>\n<meta property=\"article:published_time\" content=\"2026-09-04T09:30:34+00:00\" \/>\n<meta property=\"og:image\" content=\"https:\/\/www.fatosefotosnews.com.br\/wp-content\/uploads\/2026\/09\/toms0722.webp\" \/>\n\t<meta property=\"og:image:width\" content=\"1170\" \/>\n\t<meta property=\"og:image:height\" content=\"700\" \/>\n\t<meta property=\"og:image:type\" content=\"image\/webp\" \/>\n<meta name=\"author\" content=\"Mirela Portugal\" \/>\n<meta name=\"twitter:card\" content=\"summary_large_image\" \/>\n<meta name=\"twitter:label1\" content=\"Escrito por\" \/>\n\t<meta name=\"twitter:data1\" content=\"Mirela Portugal\" \/>\n\t<meta name=\"twitter:label2\" content=\"Est. tempo de leitura\" \/>\n\t<meta name=\"twitter:data2\" content=\"2 minutos\" \/>\n<script type=\"application\/ld+json\" class=\"yoast-schema-graph\">{\"@context\":\"https:\\\/\\\/schema.org\",\"@graph\":[{\"@type\":\"Article\",\"@id\":\"https:\\\/\\\/www.fatosefotosnews.com.br\\\/?p=158079#article\",\"isPartOf\":{\"@id\":\"https:\\\/\\\/www.fatosefotosnews.com.br\\\/?p=158079\"},\"author\":{\"name\":\"Mirela Portugal\",\"@id\":\"https:\\\/\\\/www.fatosefotosnews.com.br\\\/#\\\/schema\\\/person\\\/17b18da658f5277ed99382206a85602f\"},\"headline\":\"Professores t\u00eam 8 mil vagas gratuitas para p\u00f3s-gradua\u00e7\u00e3o\",\"datePublished\":\"2026-09-04T09:30:34+00:00\",\"mainEntityOfPage\":{\"@id\":\"https:\\\/\\\/www.fatosefotosnews.com.br\\\/?p=158079\"},\"wordCount\":266,\"publisher\":{\"@id\":\"https:\\\/\\\/www.fatosefotosnews.com.br\\\/#organization\"},\"image\":{\"@id\":\"https:\\\/\\\/www.fatosefotosnews.com.br\\\/?p=158079#primaryimage\"},\"thumbnailUrl\":\"https:\\\/\\\/www.fatosefotosnews.com.br\\\/wp-content\\\/uploads\\\/2026\\\/09\\\/toms0722.webp\",\"keywords\":[\"gradua\",\"gratuitas\",\"professores\",\"vagas\"],\"articleSection\":[\"Educa\u00e7\u00e3o\"],\"inLanguage\":\"pt-BR\"},{\"@type\":\"WebPage\",\"@id\":\"https:\\\/\\\/www.fatosefotosnews.com.br\\\/?p=158079\",\"url\":\"https:\\\/\\\/www.fatosefotosnews.com.br\\\/?p=158079\",\"name\":\"Professores t\u00eam 8 mil vagas gratuitas para p\u00f3s-gradua\u00e7\u00e3o - Fatos e Fotos News\",\"isPartOf\":{\"@id\":\"https:\\\/\\\/www.fatosefotosnews.com.br\\\/#website\"},\"primaryImageOfPage\":{\"@id\":\"https:\\\/\\\/www.fatosefotosnews.com.br\\\/?p=158079#primaryimage\"},\"image\":{\"@id\":\"https:\\\/\\\/www.fatosefotosnews.com.br\\\/?p=158079#primaryimage\"},\"thumbnailUrl\":\"https:\\\/\\\/www.fatosefotosnews.com.br\\\/wp-content\\\/uploads\\\/2026\\\/09\\\/toms0722.webp\",\"datePublished\":\"2026-09-04T09:30:34+00:00\",\"breadcrumb\":{\"@id\":\"https:\\\/\\\/www.fatosefotosnews.com.br\\\/?p=158079#breadcrumb\"},\"inLanguage\":\"pt-BR\",\"potentialAction\":[{\"@type\":\"ReadAction\",\"target\":[\"https:\\\/\\\/www.fatosefotosnews.com.br\\\/?p=158079\"]}]},{\"@type\":\"ImageObject\",\"inLanguage\":\"pt-BR\",\"@id\":\"https:\\\/\\\/www.fatosefotosnews.com.br\\\/?p=158079#primaryimage\",\"url\":\"https:\\\/\\\/www.fatosefotosnews.com.br\\\/wp-content\\\/uploads\\\/2026\\\/09\\\/toms0722.webp\",\"contentUrl\":\"https:\\\/\\\/www.fatosefotosnews.com.br\\\/wp-content\\\/uploads\\\/2026\\\/09\\\/toms0722.webp\",\"width\":1170,\"height\":700},{\"@type\":\"BreadcrumbList\",\"@id\":\"https:\\\/\\\/www.fatosefotosnews.com.br\\\/?p=158079#breadcrumb\",\"itemListElement\":[{\"@type\":\"ListItem\",\"position\":1,\"name\":\"In\u00edcio\",\"item\":\"https:\\\/\\\/www.fatosefotosnews.com.br\\\/\"},{\"@type\":\"ListItem\",\"position\":2,\"name\":\"Professores t\u00eam 8 mil vagas gratuitas para p\u00f3s-gradua\u00e7\u00e3o\"}]},{\"@type\":\"WebSite\",\"@id\":\"https:\\\/\\\/www.fatosefotosnews.com.br\\\/#website\",\"url\":\"https:\\\/\\\/www.fatosefotosnews.com.br\\\/\",\"name\":\"Fatos e Fotos News\",\"description\":\"Um site de noticial verdadeira e confi\u00e1veis.\",\"publisher\":{\"@id\":\"https:\\\/\\\/www.fatosefotosnews.com.br\\\/#organization\"},\"potentialAction\":[{\"@type\":\"SearchAction\",\"target\":{\"@type\":\"EntryPoint\",\"urlTemplate\":\"https:\\\/\\\/www.fatosefotosnews.com.br\\\/?s={search_term_string}\"},\"query-input\":{\"@type\":\"PropertyValueSpecification\",\"valueRequired\":true,\"valueName\":\"search_term_string\"}}],\"inLanguage\":\"pt-BR\"},{\"@type\":\"Organization\",\"@id\":\"https:\\\/\\\/www.fatosefotosnews.com.br\\\/#organization\",\"name\":\"Fatos e Fotos News\",\"url\":\"https:\\\/\\\/www.fatosefotosnews.com.br\\\/\",\"logo\":{\"@type\":\"ImageObject\",\"inLanguage\":\"pt-BR\",\"@id\":\"https:\\\/\\\/www.fatosefotosnews.com.br\\\/#\\\/schema\\\/logo\\\/image\\\/\",\"url\":\"https:\\\/\\\/www.fatosefotosnews.com.br\\\/wp-content\\\/uploads\\\/2023\\\/02\\\/Fatos-e-Fotos-news-logo.png\",\"contentUrl\":\"https:\\\/\\\/www.fatosefotosnews.com.br\\\/wp-content\\\/uploads\\\/2023\\\/02\\\/Fatos-e-Fotos-news-logo.png\",\"width\":300,\"height\":58,\"caption\":\"Fatos e Fotos News\"},\"image\":{\"@id\":\"https:\\\/\\\/www.fatosefotosnews.com.br\\\/#\\\/schema\\\/logo\\\/image\\\/\"}},{\"@type\":\"Person\",\"@id\":\"https:\\\/\\\/www.fatosefotosnews.com.br\\\/#\\\/schema\\\/person\\\/17b18da658f5277ed99382206a85602f\",\"name\":\"Mirela Portugal\",\"image\":{\"@type\":\"ImageObject\",\"inLanguage\":\"pt-BR\",\"@id\":\"https:\\\/\\\/secure.gravatar.com\\\/avatar\\\/2f92fb43fda38d1a46cf4a155e1c2951193d91d9bed3df97fce720eeb9595d08?s=96&d=mm&r=g\",\"url\":\"https:\\\/\\\/secure.gravatar.com\\\/avatar\\\/2f92fb43fda38d1a46cf4a155e1c2951193d91d9bed3df97fce720eeb9595d08?s=96&d=mm&r=g\",\"contentUrl\":\"https:\\\/\\\/secure.gravatar.com\\\/avatar\\\/2f92fb43fda38d1a46cf4a155e1c2951193d91d9bed3df97fce720eeb9595d08?s=96&d=mm&r=g\",\"caption\":\"Mirela Portugal\"},\"sameAs\":[\"http:\\\/\\\/fatosefotosnews.com.br\"],\"url\":\"https:\\\/\\\/www.fatosefotosnews.com.br\\\/?author=12\"}]}<\/script>\n<!-- \/ Yoast SEO plugin. -->","yoast_head_json":{"title":"Professores t\u00eam 8 mil vagas gratuitas para p\u00f3s-gradua\u00e7\u00e3o - Fatos e Fotos News","robots":{"index":"index","follow":"follow","max-snippet":"max-snippet:-1","max-image-preview":"max-image-preview:large","max-video-preview":"max-video-preview:-1"},"canonical":"https:\/\/www.fatosefotosnews.com.br\/?p=158079","og_locale":"pt_BR","og_type":"article","og_title":"Professores t\u00eam 8 mil vagas gratuitas para p\u00f3s-gradua\u00e7\u00e3o - Fatos e Fotos News","og_description":"Foto:\u00a0 Tomaz Silva\/Ag\u00eancia Brasil Professores da\u00a0educa\u00e7\u00e3o b\u00e1sica\u00a0da\u00a0rede\u00a0p\u00fablica\u00a0de todo o pa\u00eds t\u00eam \u00e0 disposi\u00e7\u00e3o mais de 8 mil vagas em cursos de p\u00f3s-gradua\u00e7\u00e3o presenciais e gratuitos. O\u00a0Minist\u00e9rio da Educa\u00e7\u00e3o (MEC)\u00a0e a Coordena\u00e7\u00e3o de Aperfei\u00e7oamento de Pessoal de N\u00edvel Superior (Capes) divulgaram, de forma unificada, nesta quarta-feira (3), os processos seletivos no\u00a0Portal\u202fForma\u00e7\u00e3o Mais Professores. A divulga\u00e7\u00e3o nacional [&hellip;]","og_url":"https:\/\/www.fatosefotosnews.com.br\/?p=158079","og_site_name":"Fatos e Fotos News","article_published_time":"2026-09-04T09:30:34+00:00","og_image":[{"width":1170,"height":700,"url":"https:\/\/www.fatosefotosnews.com.br\/wp-content\/uploads\/2026\/09\/toms0722.webp","type":"image\/webp"}],"author":"Mirela Portugal","twitter_card":"summary_large_image","twitter_misc":{"Escrito por":"Mirela Portugal","Est. tempo de leitura":"2 minutos"},"schema":{"@context":"https:\/\/schema.org","@graph":[{"@type":"Article","@id":"https:\/\/www.fatosefotosnews.com.br\/?p=158079#article","isPartOf":{"@id":"https:\/\/www.fatosefotosnews.com.br\/?p=158079"},"author":{"name":"Mirela Portugal","@id":"https:\/\/www.fatosefotosnews.com.br\/#\/schema\/person\/17b18da658f5277ed99382206a85602f"},"headline":"Professores t\u00eam 8 mil vagas gratuitas para p\u00f3s-gradua\u00e7\u00e3o","datePublished":"2026-09-04T09:30:34+00:00","mainEntityOfPage":{"@id":"https:\/\/www.fatosefotosnews.com.br\/?p=158079"},"wordCount":266,"publisher":{"@id":"https:\/\/www.fatosefotosnews.com.br\/#organization"},"image":{"@id":"https:\/\/www.fatosefotosnews.com.br\/?p=158079#primaryimage"},"thumbnailUrl":"https:\/\/www.fatosefotosnews.com.br\/wp-content\/uploads\/2026\/09\/toms0722.webp","keywords":["gradua","gratuitas","professores","vagas"],"articleSection":["Educa\u00e7\u00e3o"],"inLanguage":"pt-BR"},{"@type":"WebPage","@id":"https:\/\/www.fatosefotosnews.com.br\/?p=158079","url":"https:\/\/www.fatosefotosnews.com.br\/?p=158079","name":"Professores t\u00eam 8 mil vagas gratuitas para p\u00f3s-gradua\u00e7\u00e3o - Fatos e Fotos News","isPartOf":{"@id":"https:\/\/www.fatosefotosnews.com.br\/#website"},"primaryImageOfPage":{"@id":"https:\/\/www.fatosefotosnews.com.br\/?p=158079#primaryimage"},"image":{"@id":"https:\/\/www.fatosefotosnews.com.br\/?p=158079#primaryimage"},"thumbnailUrl":"https:\/\/www.fatosefotosnews.com.br\/wp-content\/uploads\/2026\/09\/toms0722.webp","datePublished":"2026-09-04T09:30:34+00:00","breadcrumb":{"@id":"https:\/\/www.fatosefotosnews.com.br\/?p=158079#breadcrumb"},"inLanguage":"pt-BR","potentialAction":[{"@type":"ReadAction","target":["https:\/\/www.fatosefotosnews.com.br\/?p=158079"]}]},{"@type":"ImageObject","inLanguage":"pt-BR","@id":"https:\/\/www.fatosefotosnews.com.br\/?p=158079#primaryimage","url":"https:\/\/www.fatosefotosnews.com.br\/wp-content\/uploads\/2026\/09\/toms0722.webp","contentUrl":"https:\/\/www.fatosefotosnews.com.br\/wp-content\/uploads\/2026\/09\/toms0722.webp","width":1170,"height":700},{"@type":"BreadcrumbList","@id":"https:\/\/www.fatosefotosnews.com.br\/?p=158079#breadcrumb","itemListElement":[{"@type":"ListItem","position":1,"name":"In\u00edcio","item":"https:\/\/www.fatosefotosnews.com.br\/"},{"@type":"ListItem","position":2,"name":"Professores t\u00eam 8 mil vagas gratuitas para p\u00f3s-gradua\u00e7\u00e3o"}]},{"@type":"WebSite","@id":"https:\/\/www.fatosefotosnews.com.br\/#website","url":"https:\/\/www.fatosefotosnews.com.br\/","name":"Fatos e Fotos News","description":"Um site de noticial verdadeira e confi\u00e1veis.","publisher":{"@id":"https:\/\/www.fatosefotosnews.com.br\/#organization"},"potentialAction":[{"@type":"SearchAction","target":{"@type":"EntryPoint","urlTemplate":"https:\/\/www.fatosefotosnews.com.br\/?s={search_term_string}"},"query-input":{"@type":"PropertyValueSpecification","valueRequired":true,"valueName":"search_term_string"}}],"inLanguage":"pt-BR"},{"@type":"Organization","@id":"https:\/\/www.fatosefotosnews.com.br\/#organization","name":"Fatos e Fotos News","url":"https:\/\/www.fatosefotosnews.com.br\/","logo":{"@type":"ImageObject","inLanguage":"pt-BR","@id":"https:\/\/www.fatosefotosnews.com.br\/#\/schema\/logo\/image\/","url":"https:\/\/www.fatosefotosnews.com.br\/wp-content\/uploads\/2023\/02\/Fatos-e-Fotos-news-logo.png","contentUrl":"https:\/\/www.fatosefotosnews.com.br\/wp-content\/uploads\/2023\/02\/Fatos-e-Fotos-news-logo.png","width":300,"height":58,"caption":"Fatos e Fotos News"},"image":{"@id":"https:\/\/www.fatosefotosnews.com.br\/#\/schema\/logo\/image\/"}},{"@type":"Person","@id":"https:\/\/www.fatosefotosnews.com.br\/#\/schema\/person\/17b18da658f5277ed99382206a85602f","name":"Mirela Portugal","image":{"@type":"ImageObject","inLanguage":"pt-BR","@id":"https:\/\/secure.gravatar.com\/avatar\/2f92fb43fda38d1a46cf4a155e1c2951193d91d9bed3df97fce720eeb9595d08?s=96&d=mm&r=g","url":"https:\/\/secure.gravatar.com\/avatar\/2f92fb43fda38d1a46cf4a155e1c2951193d91d9bed3df97fce720eeb9595d08?s=96&d=mm&r=g","contentUrl":"https:\/\/secure.gravatar.com\/avatar\/2f92fb43fda38d1a46cf4a155e1c2951193d91d9bed3df97fce720eeb9595d08?s=96&d=mm&r=g","caption":"Mirela Portugal"},"sameAs":["http:\/\/fatosefotosnews.com.br"],"url":"https:\/\/www.fatosefotosnews.com.br\/?author=12"}]}},"jetpack_publicize_connections":[],"blog_post_layout_featured_media_urls":{"thumbnail":["https:\/\/www.fatosefotosnews.com.br\/wp-content\/uploads\/2026\/09\/toms0722-150x150.webp",150,150,true],"full":["https:\/\/www.fatosefotosnews.com.br\/wp-content\/uploads\/2026\/09\/toms0722.webp",1170,700,false]},"categories_names":{"24902":{"name":"Educa\u00e7\u00e3o","link":"https:\/\/www.fatosefotosnews.com.br\/?cat=24902"}},"tags_names":{"5028":{"name":"gradua","link":"https:\/\/www.fatosefotosnews.com.br\/?tag=gradua"},"4668":{"name":"gratuitas","link":"https:\/\/www.fatosefotosnews.com.br\/?tag=gratuitas"},"3440":{"name":"professores","link":"https:\/\/www.fatosefotosnews.com.br\/?tag=professores"},"1141":{"name":"vagas","link":"https:\/\/www.fatosefotosnews.com.br\/?tag=vagas"}},"comments_number":"0","wpmagazine_modules_lite_featured_media_urls":{"thumbnail":["https:\/\/www.fatosefotosnews.com.br\/wp-content\/uploads\/2026\/09\/toms0722-150x150.webp",150,150,true],"cvmm-medium":["https:\/\/www.fatosefotosnews.com.br\/wp-content\/uploads\/2026\/09\/toms0722-300x300.webp",300,300,true],"cvmm-medium-plus":["https:\/\/www.fatosefotosnews.com.br\/wp-content\/uploads\/2026\/09\/toms0722-305x207.webp",305,207,true],"cvmm-portrait":["https:\/\/www.fatosefotosnews.com.br\/wp-content\/uploads\/2026\/09\/toms0722-400x600.webp",400,600,true],"cvmm-medium-square":["https:\/\/www.fatosefotosnews.com.br\/wp-content\/uploads\/2026\/09\/toms0722-600x600.webp",600,600,true],"cvmm-large":["https:\/\/www.fatosefotosnews.com.br\/wp-content\/uploads\/2026\/09\/toms0722-1024x700.webp",1024,700,true],"cvmm-small":["https:\/\/www.fatosefotosnews.com.br\/wp-content\/uploads\/2026\/09\/toms0722-130x95.webp",130,95,true],"full":["https:\/\/www.fatosefotosnews.com.br\/wp-content\/uploads\/2026\/09\/toms0722.webp",1170,700,false]},"_links":{"self":[{"href":"https:\/\/www.fatosefotosnews.com.br\/index.php?rest_route=\/wp\/v2\/posts\/158079","targetHints":{"allow":["GET"]}}],"collection":[{"href":"https:\/\/www.fatosefotosnews.com.br\/index.php?rest_route=\/wp\/v2\/posts"}],"about":[{"href":"https:\/\/www.fatosefotosnews.com.br\/index.php?rest_route=\/wp\/v2\/types\/post"}],"author":[{"embeddable":true,"href":"https:\/\/www.fatosefotosnews.com.br\/index.php?rest_route=\/wp\/v2\/users\/12"}],"replies":[{"embeddable":true,"href":"https:\/\/www.fatosefotosnews.com.br\/index.php?rest_route=%2Fwp%2Fv2%2Fcomments&post=158079"}],"version-history":[{"count":1,"href":"https:\/\/www.fatosefotosnews.com.br\/index.php?rest_route=\/wp\/v2\/posts\/158079\/revisions"}],"predecessor-version":[{"id":158080,"href":"https:\/\/www.fatosefotosnews.com.br\/index.php?rest_route=\/wp\/v2\/posts\/158079\/revisions\/158080"}],"wp:featuredmedia":[{"embeddable":true,"href":"https:\/\/www.fatosefotosnews.com.br\/index.php?rest_route=\/wp\/v2\/media\/158075"}],"wp:attachment":[{"href":"https:\/\/www.fatosefotosnews.com.br\/index.php?rest_route=%2Fwp%2Fv2%2Fmedia&parent=158079"}],"wp:term":[{"taxonomy":"category","embeddable":true,"href":"https:\/\/www.fatosefotosnews.com.br\/index.php?rest_route=%2Fwp%2Fv2%2Fcategories&post=158079"},{"taxonomy":"post_tag","embeddable":true,"href":"https:\/\/www.fatosefotosnews.com.br\/index.php?rest_route=%2Fwp%2Fv2%2Ftags&post=158079"}],"curies":[{"name":"wp","href":"https:\/\/api.w.org\/{rel}","templated":true}]}}