{"id":158098,"date":"2026-09-04T11:30:33","date_gmt":"2026-09-04T14:30:33","guid":{"rendered":"https:\/\/www.fatosefotosnews.com.br\/?p=158098"},"modified":"2026-09-04T11:16:44","modified_gmt":"2026-09-04T14:16:44","slug":"brasil-tem-2-milhoes-de-pessoas-que-trabalham-por-meio-de-aplicativos","status":"publish","type":"post","link":"https:\/\/www.fatosefotosnews.com.br\/?p=158098","title":{"rendered":"Brasil tem 2 milh\u00f5es de pessoas que trabalham por meio de aplicativos"},"content":{"rendered":"<p>Foto: Paulo Pinto\/Ag\u00eancia Brasil<\/p>\n<div id=\"block-tts-block-tts\" class=\"block block-tts\">\n<div class=\"content\">\n<div id=\"tts-container\" class=\"container-audio rel-position\">\n<div class=\"title abs-position\"><\/div>\n<\/div>\n<\/div>\n<\/div>\n<div class=\"conteudo-noticia\">\n<p><strong>Cerca de 2 milh\u00f5es de pessoas trabalharam por meio de aplicativos (apps) no pa\u00eds em 2025. A imensa maioria deles por conta pr\u00f3pria, com jornadas semanais mais longas que os demais ocupados no setor privado e ganhando menos por hora trabalhada.<\/strong><img decoding=\"async\" src=\"https:\/\/agenciabrasil.ebc.com.br\/ebc.png?id=1701478&amp;o=node\" \/><img decoding=\"async\" src=\"https:\/\/agenciabrasil.ebc.com.br\/ebc.gif?id=1701478&amp;o=node\" \/><\/p>\n<p>A constata\u00e7\u00e3o faz parte de uma edi\u00e7\u00e3o sobre trabalho por meio de plataformas digitais da Pesquisa Nacional por Amostra de Domic\u00edlios (Pnad) Cont\u00ednua, divulgada nesta sexta-feira (4) pelo Instituto Brasileiro de Geografia e Estat\u00edstica (<a href=\"https:\/\/www.ibge.gov.br\/\" target=\"_blank\" rel=\"noopener\">IBGE<\/a>).<\/p>\n<p>O IBGE buscou informa\u00e7\u00f5es de pessoas com 14 anos ou mais que utilizam os aplicativos para realizar servi\u00e7os de transporte e entregas.\u00a0<strong>O instituto classifica esses trabalhadores como \u201cplataformizados\u201d.<\/strong><\/p>\n<p><strong>A pesquisa revela que o contingente de 1,959 milh\u00e3o de trabalhadores por apps representavam 1,9% do total de ocupados no pa\u00eds.<\/strong><\/p>\n<p>Cerca de 1,2 milh\u00e3o de trabalhadores plataformizados utilizam apps de transporte de passageiros. Isso representa praticamente seis em cada dez plataformizados (58,9%).<\/p>\n<p>Desses, 1,1 milh\u00e3o utilizam as plataformas como Uber e 99, enquanto 232 mil utilizam apps de t\u00e1xi exclusivamente.<\/p>\n<p>Um em cada cinco (19,2%) dos plataformizados tinha ocupa\u00e7\u00e3o como entregadores de apps de comida, produtos, etc. Eram 376 mil pessoas que faziam entregas para plataformas como Rappi, iFood, Z\u00e9 Delivery, entre outros.<\/p>\n<p>O IBGE mapeou ainda a categoria apps de presta\u00e7\u00e3o de servi\u00e7os gerais ou profissionais, que inclui profiss\u00f5es como designers, tradutores e at\u00e9 telemedicina, quando o m\u00e9dico usa a plataforma digital para captar pacientes e realizar consultas, por exemplo. Em 2025 eram 313 mil pessoas nessa categoria (16% dos plataformizados).<\/p>\n<p>A Pnad revela que a atividade econ\u00f4mica classificada como transporte, armazenagem e correios \u00e9 a que tem maior participa\u00e7\u00e3o de plataformizados, 75%. Ou seja, de cada quatro trabalhadores desse setor, tr\u00eas utilizam os apps.<\/p>\n<h2>Aumento ao longo dos anos<\/h2>\n<p>O IBGE detalha que a Pnad sobre trabalho por plataforma ainda \u00e9 experimental, ou seja, em fase de teste e sob avalia\u00e7\u00e3o. O\u00a0<a href=\"https:\/\/agenciabrasil.ebc.com.br\/economia\/noticia\/2025-10\/numero-de-trabalhadores-por-aplicativo-cresce-25-e-chega-17-milhao\" target=\"_blank\" rel=\"noopener\">levantamento<\/a>\u00a0j\u00e1 foi realizado em 2022 e 2024.<\/p>\n<p>Diferentemente de 2025, as edi\u00e7\u00f5es anteriores buscaram informa\u00e7\u00e3o apenas dos trabalhadores que tinham os apps como ocupa\u00e7\u00e3o principal, ou seja, a pesquisa deixou de fora aquelas que usavam os aplicativos como renda complementar. Por isso, o n\u00famero de 2 milh\u00f5es de plataformizados em 2025 n\u00e3o pode ser comparado com anos anteriores.<\/p>\n<p>Ao se levar em considera\u00e7\u00e3o apenas os trabalhadores que tinham nos apps a ocupa\u00e7\u00e3o principal, o n\u00famero de 2025 chega a 1,8 milh\u00e3o. Esse dado pode ser comparado com as Pnad anteriores.<\/p>\n<p><strong>Trabalhadores que tinham os apps como ocupa\u00e7\u00e3o principal:<\/strong><\/p>\n<ul>\n<li><strong>2022:\u00a0<\/strong>1,3 milh\u00e3o<\/li>\n<li><strong>2024:<\/strong>\u00a01,7 milh\u00e3o<\/li>\n<li><strong>2025:<\/strong>\u00a01,8 milh\u00e3o<\/li>\n<\/ul>\n<p>Dessa forma, o n\u00famero representa um crescimento de 9,1% em um ano e 36,8% em tr\u00eas anos.<\/p>\n<p>Comparando apenas 2024 e 2025, o n\u00famero de entregadores de app cresceu 18,6%. Foi a \u00fanica ocupa\u00e7\u00e3o que teve varia\u00e7\u00e3o na casa de dois d\u00edgitos.<\/p>\n<h2>Motiva\u00e7\u00e3o<\/h2>\n<p><strong>Em 2025, de cada 100 pessoas que tinham nos apps a ocupa\u00e7\u00e3o principal, 84,4 eram do sexo masculino.<\/strong>\u00a0Em rela\u00e7\u00e3o \u00e0 idade, 47% tinham de 25 a 39 anos.<\/p>\n<p>Ao realizar as entrevistas, o IBGE procurou saber o motivo principal que levou as pessoas a trabalharem por meio das plataformas.<\/p>\n<p><strong>Especificamente entre os que atuam com apps de transporte (exceto t\u00e1xi) e entregadores, o motivo principal foi n\u00e3o conseguir encontrar outro trabalho.<\/strong>\u00a0As outra motiva\u00e7\u00f5es apontadas foram flexibilidade e<strong>\u00a0<\/strong>rendimento maior do que em outros trabalhos dispon\u00edveis.<\/p>\n<h2>Jornadas mais longas<\/h2>\n<p>Em 2025, o rendimento m\u00e9dio mensal do trabalho principal do plataformizados foi de R$ 3.147, mesmo patamar dos n\u00e3o plataformizados (R$ 3,148).<\/p>\n<p>Esses valores representaram aumento real (j\u00e1 descontada a infla\u00e7\u00e3o) de 4,1% para os n\u00e3o plataformizados e estabilidade para os plataformizados, que ganhavam R$ 3.151 em 2024.<\/p>\n<p>O IBGE explica que os valores s\u00e3o exatamente o que \u00e9 \u201cretirado\u201d pelos plataformizados, ou seja, o saldo ap\u00f3s o motorista pagar custos com gasolina para o carro, por exemplo.<\/p>\n<p><strong>Os trabalhadores por aplicativo tinham em 2025 jornada semanal de 44,7 horas, superior \u00e0 dos n\u00e3o plataformizados (39,3 horas). S\u00e3o 5,4 horas de diferen\u00e7a.<\/strong><\/p>\n<p><strong>O fato de as duas classes terem rendimentos no mesmo patamar e diferen\u00e7a na jornada faz com que o rendimento-hora m\u00e9dio do trabalhador de app seja menor.\u00a0<\/strong>Eles recebiam R$ 16,2 por hora, 12% menos que os n\u00e3o plataformizados (R$ 18,4\/hora).<\/p>\n<h2>Informalidade<\/h2>\n<p>A pesquisa mostra que os trabalhadores por app vivenciavam mais a informalidade e tinham menos cobertura previdenci\u00e1ria.<\/p>\n<p>Plataformizados:<\/p>\n<ul>\n<li>72,1% na informalidade<\/li>\n<li>34% com cobertura previdenci\u00e1ria<\/li>\n<\/ul>\n<p>N\u00e3o plataformizados:<\/p>\n<ul>\n<li>42,7% na informalidade<\/li>\n<li>63% com cobertura previdenci\u00e1ria<\/li>\n<\/ul>\n<p>O IBGE considera informais os empregados sem carteira assinada e aut\u00f4nomos sem CNPJ, por exemplo. S\u00e3o pessoas sem a garantia de direitos trabalhistas, como f\u00e9rias e 13\u00ba sal\u00e1rio.<\/p>\n<p>J\u00e1 ao contribuir para institutos de previd\u00eancia, o trabalhador adquire garantias, como aposentadoria, benef\u00edcio por incapacidade e pens\u00e3o por morte.<\/p>\n<p><strong>&gt;&gt; Leia tamb\u00e9m:<\/strong>\u00a0<a href=\"https:\/\/agenciabrasil.ebc.com.br\/economia\/noticia\/2026-09\/apenas-1-em-cada-5-motociclistas-de-app-tem-cobertura-previdenciaria\" target=\"_blank\" rel=\"noopener\">Apenas 1 em cada 5 motociclista de app tem cobertura previdenci\u00e1ria\u00a0<\/a><\/p>\n<h2>Conta pr\u00f3pria, mas dependente<\/h2>\n<p>&nbsp;<\/p>\n<div class=\"dnd-widget-wrapper context-cheio_8colunas type-image\">\n<div class=\"dnd-atom-rendered\"><img decoding=\"async\" title=\"Paulo Pinto\/Ag\u00eancia Brasil\" src=\"https:\/\/imagens.ebc.com.br\/uBK4IZVwAVblcbSNpLy4E6w82yc=\/754x0\/smart\/https:\/\/agenciabrasil.ebc.com.br\/sites\/default\/files\/thumbnails\/image\/2026\/04\/14\/_int3075.jpg.jpg?itok=ClON8HWH\" alt=\"S\u00e3o Paulo (SP), 14\/04\/2026 - Motoristas de aplicativos e motoboys de delivery fazem manifesta\u00e7\u00e3o contra o PL 152. \nFoto: Paulo Pinto\/Ag\u00eancia Brasil\" \/><\/div>\n<div class=\"dnd-caption-wrapper\">\n<div class=\"meta\">\u00a0Motoristas de aplicativos e motoboys de delivery &#8211;\u00a0<strong>Paulo Pinto\/Ag\u00eancia Brasil<\/strong><\/div>\n<\/div>\n<\/div>\n<p>Aproximadamente 1,6 mil de pessoas ocupadas por aplicativos se declararam trabalhadores por conta pr\u00f3pria. Essa marca representa 86,8% do total de plataformizados. Na economia como um todo, os conta pr\u00f3pria s\u00e3o 28,9% dos ocupados no setor privado.<\/p>\n<p>Apesar de trabalharem por iniciativa pr\u00f3pria, o IBGE ressalta que \u201ch\u00e1 evid\u00eancias de certo grau de depend\u00eancia da maior parte desses trabalhadores em rela\u00e7\u00e3o \u00e0s plataformas\u201d.<\/p>\n<p>Entre os que trabalham com apps de transporte de passageiros (exceto t\u00e1xis), 80,2% afirmam que o valor a ser recebido por cada tarefa depende totalmente das plataformas digitais.<\/p>\n<p>Entre os entregadores, 78,3% disseram que dependem totalmente. J\u00e1 65,9% responderam que o prazo para realiza\u00e7\u00e3o da tarefa depende dos apps, e 71,3% afirmaram que a forma de recebimento do pagamento \u00e9 decidida pela plataforma.<\/p>\n<p>O analista da pesquisa, Gustavo Geaquinto Fontes, aponta que esses trabalhadores t\u00eam uma situa\u00e7\u00e3o \u201cdiferente de um conta pr\u00f3pria tradicional\u201d.<\/p>\n<blockquote><p>\u201cApesar de essa pessoa n\u00e3o ter um v\u00ednculo formal com a plataforma, ele, na verdade, tem uma depend\u00eancia em v\u00e1rios aspectos em rela\u00e7\u00e3o \u00e0 empresa que controla a plataforma digital\u201d.<\/p><\/blockquote>\n<h2>Uberiza\u00e7\u00e3o<\/h2>\n<p>A divulga\u00e7\u00e3o do IBGE acontece cerca de uma semana depois de o\u00a0<a href=\"http:\/\/(https\/\/agenciabrasil.ebc.com.br\/justica\/noticia\/2026-08\/stf-adia-retomada-do-julgamento-sobre-uberizacao\" target=\"_blank\" rel=\"noopener\">Supremo Tribunal Federal (STF) adiar\u00a0<\/a>a retomada do julgamento sobre a chamada \u201cuberiza\u00e7\u00e3o\u201d.<\/p>\n<p>Representante de categorias que trabalham para aplicativos, como motoristas, buscam o reconhecimento de v\u00ednculo empregat\u00edcio com as plataformas digitais para evitar o que consideram precariza\u00e7\u00e3o do trabalho,\u00a0<a href=\"https:\/\/agenciabrasil.ebc.com.br\/justica\/noticia\/2025-10\/no-stf-plataformas-negam-vinculo-trabalhadores-alegam-precarizacao\" target=\"_blank\" rel=\"noopener\">alega\u00e7\u00e3o que as principais empresas do setor discordam<\/a>.<\/p>\n<p>Um parecer da Procuradoria-Geral da Rep\u00fablica (PGR) defende que o STF\u00a0<a href=\"https:\/\/agenciabrasil.ebc.com.br\/justica\/noticia\/2025-09\/pgr-e-contra-vinculo-trabalhista-entre-motoristas-e-aplicativos\" target=\"_blank\" rel=\"noopener\">n\u00e3o reconhe\u00e7a o v\u00ednculo<\/a>.<\/p>\n<\/div>\n","protected":false},"excerpt":{"rendered":"<p>Foto: Paulo Pinto\/Ag\u00eancia Brasil Cerca de 2 milh\u00f5es de pessoas trabalharam por meio de aplicativos (apps) no pa\u00eds em 2025. A imensa maioria deles por conta pr\u00f3pria, com jornadas semanais mais longas que os demais ocupados no setor privado e ganhando menos por hora trabalhada. A constata\u00e7\u00e3o faz parte de uma edi\u00e7\u00e3o sobre trabalho por [&hellip;]<\/p>\n","protected":false},"author":12,"featured_media":158095,"comment_status":"closed","ping_status":"open","sticky":false,"template":"","format":"standard","meta":{"_acf_changed":false,"_angie_page":false,"_monsterinsights_skip_tracking":false,"_themeisle_gutenberg_block_has_review":false,"page_builder":"","footnotes":"","jetpack_publicize_message":"","jetpack_publicize_feature_enabled":true,"jetpack_social_post_already_shared":true,"jetpack_social_options":{"image_generator_settings":{"template":"highway","default_image_id":0,"font":"","enabled":false},"version":2}},"categories":[24958],"tags":[4699,179,567,11580],"class_list":["post-158098","post","type-post","status-publish","format-standard","has-post-thumbnail","hentry","category-economia","tag-aplicativos","tag-brasil","tag-pessoas","tag-trabalham"],"acf":[],"nelio_content":{"autoShareEndMode":"never","automationSources":{"useCustomSentences":false,"customSentences":[]},"efiAlt":"","efiUrl":"","followers":[12],"highlights":[],"isAutoShareEnabled":true,"networkImageIds":[],"permalinkQueryArgs":[],"series":[],"suggestedReferences":[]},"yoast_head":"<!-- This site is optimized with the Yoast SEO plugin v28.3 - https:\/\/yoast.com\/product\/yoast-seo-wordpress\/ -->\n<title>Brasil tem 2 milh\u00f5es de pessoas que trabalham por meio de aplicativos - Fatos e Fotos News<\/title>\n<meta name=\"robots\" content=\"index, follow, max-snippet:-1, max-image-preview:large, max-video-preview:-1\" \/>\n<link rel=\"canonical\" href=\"https:\/\/www.fatosefotosnews.com.br\/?p=158098\" \/>\n<meta property=\"og:locale\" content=\"pt_BR\" \/>\n<meta property=\"og:type\" content=\"article\" \/>\n<meta property=\"og:title\" content=\"Brasil tem 2 milh\u00f5es de pessoas que trabalham por meio de aplicativos - Fatos e Fotos News\" \/>\n<meta property=\"og:description\" content=\"Foto: Paulo Pinto\/Ag\u00eancia Brasil Cerca de 2 milh\u00f5es de pessoas trabalharam por meio de aplicativos (apps) no pa\u00eds em 2025. A imensa maioria deles por conta pr\u00f3pria, com jornadas semanais mais longas que os demais ocupados no setor privado e ganhando menos por hora trabalhada. A constata\u00e7\u00e3o faz parte de uma edi\u00e7\u00e3o sobre trabalho por [&hellip;]\" \/>\n<meta property=\"og:url\" content=\"https:\/\/www.fatosefotosnews.com.br\/?p=158098\" \/>\n<meta property=\"og:site_name\" content=\"Fatos e Fotos News\" \/>\n<meta property=\"article:published_time\" content=\"2026-09-04T14:30:33+00:00\" \/>\n<meta property=\"og:image\" content=\"https:\/\/www.fatosefotosnews.com.br\/wp-content\/uploads\/2026\/09\/pint8161.webp\" \/>\n\t<meta property=\"og:image:width\" content=\"1170\" \/>\n\t<meta property=\"og:image:height\" content=\"700\" \/>\n\t<meta property=\"og:image:type\" content=\"image\/webp\" \/>\n<meta name=\"author\" content=\"Mirela Portugal\" \/>\n<meta name=\"twitter:card\" content=\"summary_large_image\" \/>\n<meta name=\"twitter:label1\" content=\"Escrito por\" \/>\n\t<meta name=\"twitter:data1\" content=\"Mirela Portugal\" \/>\n\t<meta name=\"twitter:label2\" content=\"Est. tempo de leitura\" \/>\n\t<meta name=\"twitter:data2\" content=\"7 minutos\" \/>\n<script type=\"application\/ld+json\" class=\"yoast-schema-graph\">{\"@context\":\"https:\\\/\\\/schema.org\",\"@graph\":[{\"@type\":\"Article\",\"@id\":\"https:\\\/\\\/www.fatosefotosnews.com.br\\\/?p=158098#article\",\"isPartOf\":{\"@id\":\"https:\\\/\\\/www.fatosefotosnews.com.br\\\/?p=158098\"},\"author\":{\"name\":\"Mirela Portugal\",\"@id\":\"https:\\\/\\\/www.fatosefotosnews.com.br\\\/#\\\/schema\\\/person\\\/17b18da658f5277ed99382206a85602f\"},\"headline\":\"Brasil tem 2 milh\u00f5es de pessoas que trabalham por meio de aplicativos\",\"datePublished\":\"2026-09-04T14:30:33+00:00\",\"mainEntityOfPage\":{\"@id\":\"https:\\\/\\\/www.fatosefotosnews.com.br\\\/?p=158098\"},\"wordCount\":1111,\"publisher\":{\"@id\":\"https:\\\/\\\/www.fatosefotosnews.com.br\\\/#organization\"},\"image\":{\"@id\":\"https:\\\/\\\/www.fatosefotosnews.com.br\\\/?p=158098#primaryimage\"},\"thumbnailUrl\":\"https:\\\/\\\/www.fatosefotosnews.com.br\\\/wp-content\\\/uploads\\\/2026\\\/09\\\/pint8161.webp\",\"keywords\":[\"aplicativos\",\"Brasil\",\"pessoas\",\"trabalham\"],\"articleSection\":[\"Economia\"],\"inLanguage\":\"pt-BR\"},{\"@type\":\"WebPage\",\"@id\":\"https:\\\/\\\/www.fatosefotosnews.com.br\\\/?p=158098\",\"url\":\"https:\\\/\\\/www.fatosefotosnews.com.br\\\/?p=158098\",\"name\":\"Brasil tem 2 milh\u00f5es de pessoas que trabalham por meio de aplicativos - Fatos e Fotos News\",\"isPartOf\":{\"@id\":\"https:\\\/\\\/www.fatosefotosnews.com.br\\\/#website\"},\"primaryImageOfPage\":{\"@id\":\"https:\\\/\\\/www.fatosefotosnews.com.br\\\/?p=158098#primaryimage\"},\"image\":{\"@id\":\"https:\\\/\\\/www.fatosefotosnews.com.br\\\/?p=158098#primaryimage\"},\"thumbnailUrl\":\"https:\\\/\\\/www.fatosefotosnews.com.br\\\/wp-content\\\/uploads\\\/2026\\\/09\\\/pint8161.webp\",\"datePublished\":\"2026-09-04T14:30:33+00:00\",\"breadcrumb\":{\"@id\":\"https:\\\/\\\/www.fatosefotosnews.com.br\\\/?p=158098#breadcrumb\"},\"inLanguage\":\"pt-BR\",\"potentialAction\":[{\"@type\":\"ReadAction\",\"target\":[\"https:\\\/\\\/www.fatosefotosnews.com.br\\\/?p=158098\"]}]},{\"@type\":\"ImageObject\",\"inLanguage\":\"pt-BR\",\"@id\":\"https:\\\/\\\/www.fatosefotosnews.com.br\\\/?p=158098#primaryimage\",\"url\":\"https:\\\/\\\/www.fatosefotosnews.com.br\\\/wp-content\\\/uploads\\\/2026\\\/09\\\/pint8161.webp\",\"contentUrl\":\"https:\\\/\\\/www.fatosefotosnews.com.br\\\/wp-content\\\/uploads\\\/2026\\\/09\\\/pint8161.webp\",\"width\":1170,\"height\":700},{\"@type\":\"BreadcrumbList\",\"@id\":\"https:\\\/\\\/www.fatosefotosnews.com.br\\\/?p=158098#breadcrumb\",\"itemListElement\":[{\"@type\":\"ListItem\",\"position\":1,\"name\":\"In\u00edcio\",\"item\":\"https:\\\/\\\/www.fatosefotosnews.com.br\\\/\"},{\"@type\":\"ListItem\",\"position\":2,\"name\":\"Brasil tem 2 milh\u00f5es de pessoas que trabalham por meio de aplicativos\"}]},{\"@type\":\"WebSite\",\"@id\":\"https:\\\/\\\/www.fatosefotosnews.com.br\\\/#website\",\"url\":\"https:\\\/\\\/www.fatosefotosnews.com.br\\\/\",\"name\":\"Fatos e Fotos News\",\"description\":\"Um site de noticial verdadeira e confi\u00e1veis.\",\"publisher\":{\"@id\":\"https:\\\/\\\/www.fatosefotosnews.com.br\\\/#organization\"},\"potentialAction\":[{\"@type\":\"SearchAction\",\"target\":{\"@type\":\"EntryPoint\",\"urlTemplate\":\"https:\\\/\\\/www.fatosefotosnews.com.br\\\/?s={search_term_string}\"},\"query-input\":{\"@type\":\"PropertyValueSpecification\",\"valueRequired\":true,\"valueName\":\"search_term_string\"}}],\"inLanguage\":\"pt-BR\"},{\"@type\":\"Organization\",\"@id\":\"https:\\\/\\\/www.fatosefotosnews.com.br\\\/#organization\",\"name\":\"Fatos e Fotos News\",\"url\":\"https:\\\/\\\/www.fatosefotosnews.com.br\\\/\",\"logo\":{\"@type\":\"ImageObject\",\"inLanguage\":\"pt-BR\",\"@id\":\"https:\\\/\\\/www.fatosefotosnews.com.br\\\/#\\\/schema\\\/logo\\\/image\\\/\",\"url\":\"https:\\\/\\\/www.fatosefotosnews.com.br\\\/wp-content\\\/uploads\\\/2023\\\/02\\\/Fatos-e-Fotos-news-logo.png\",\"contentUrl\":\"https:\\\/\\\/www.fatosefotosnews.com.br\\\/wp-content\\\/uploads\\\/2023\\\/02\\\/Fatos-e-Fotos-news-logo.png\",\"width\":300,\"height\":58,\"caption\":\"Fatos e Fotos News\"},\"image\":{\"@id\":\"https:\\\/\\\/www.fatosefotosnews.com.br\\\/#\\\/schema\\\/logo\\\/image\\\/\"}},{\"@type\":\"Person\",\"@id\":\"https:\\\/\\\/www.fatosefotosnews.com.br\\\/#\\\/schema\\\/person\\\/17b18da658f5277ed99382206a85602f\",\"name\":\"Mirela Portugal\",\"image\":{\"@type\":\"ImageObject\",\"inLanguage\":\"pt-BR\",\"@id\":\"https:\\\/\\\/secure.gravatar.com\\\/avatar\\\/2f92fb43fda38d1a46cf4a155e1c2951193d91d9bed3df97fce720eeb9595d08?s=96&d=mm&r=g\",\"url\":\"https:\\\/\\\/secure.gravatar.com\\\/avatar\\\/2f92fb43fda38d1a46cf4a155e1c2951193d91d9bed3df97fce720eeb9595d08?s=96&d=mm&r=g\",\"contentUrl\":\"https:\\\/\\\/secure.gravatar.com\\\/avatar\\\/2f92fb43fda38d1a46cf4a155e1c2951193d91d9bed3df97fce720eeb9595d08?s=96&d=mm&r=g\",\"caption\":\"Mirela Portugal\"},\"sameAs\":[\"http:\\\/\\\/fatosefotosnews.com.br\"],\"url\":\"https:\\\/\\\/www.fatosefotosnews.com.br\\\/?author=12\"}]}<\/script>\n<!-- \/ Yoast SEO plugin. -->","yoast_head_json":{"title":"Brasil tem 2 milh\u00f5es de pessoas que trabalham por meio de aplicativos - Fatos e Fotos News","robots":{"index":"index","follow":"follow","max-snippet":"max-snippet:-1","max-image-preview":"max-image-preview:large","max-video-preview":"max-video-preview:-1"},"canonical":"https:\/\/www.fatosefotosnews.com.br\/?p=158098","og_locale":"pt_BR","og_type":"article","og_title":"Brasil tem 2 milh\u00f5es de pessoas que trabalham por meio de aplicativos - Fatos e Fotos News","og_description":"Foto: Paulo Pinto\/Ag\u00eancia Brasil Cerca de 2 milh\u00f5es de pessoas trabalharam por meio de aplicativos (apps) no pa\u00eds em 2025. A imensa maioria deles por conta pr\u00f3pria, com jornadas semanais mais longas que os demais ocupados no setor privado e ganhando menos por hora trabalhada. A constata\u00e7\u00e3o faz parte de uma edi\u00e7\u00e3o sobre trabalho por [&hellip;]","og_url":"https:\/\/www.fatosefotosnews.com.br\/?p=158098","og_site_name":"Fatos e Fotos News","article_published_time":"2026-09-04T14:30:33+00:00","og_image":[{"width":1170,"height":700,"url":"https:\/\/www.fatosefotosnews.com.br\/wp-content\/uploads\/2026\/09\/pint8161.webp","type":"image\/webp"}],"author":"Mirela Portugal","twitter_card":"summary_large_image","twitter_misc":{"Escrito por":"Mirela Portugal","Est. tempo de leitura":"7 minutos"},"schema":{"@context":"https:\/\/schema.org","@graph":[{"@type":"Article","@id":"https:\/\/www.fatosefotosnews.com.br\/?p=158098#article","isPartOf":{"@id":"https:\/\/www.fatosefotosnews.com.br\/?p=158098"},"author":{"name":"Mirela Portugal","@id":"https:\/\/www.fatosefotosnews.com.br\/#\/schema\/person\/17b18da658f5277ed99382206a85602f"},"headline":"Brasil tem 2 milh\u00f5es de pessoas que trabalham por meio de aplicativos","datePublished":"2026-09-04T14:30:33+00:00","mainEntityOfPage":{"@id":"https:\/\/www.fatosefotosnews.com.br\/?p=158098"},"wordCount":1111,"publisher":{"@id":"https:\/\/www.fatosefotosnews.com.br\/#organization"},"image":{"@id":"https:\/\/www.fatosefotosnews.com.br\/?p=158098#primaryimage"},"thumbnailUrl":"https:\/\/www.fatosefotosnews.com.br\/wp-content\/uploads\/2026\/09\/pint8161.webp","keywords":["aplicativos","Brasil","pessoas","trabalham"],"articleSection":["Economia"],"inLanguage":"pt-BR"},{"@type":"WebPage","@id":"https:\/\/www.fatosefotosnews.com.br\/?p=158098","url":"https:\/\/www.fatosefotosnews.com.br\/?p=158098","name":"Brasil tem 2 milh\u00f5es de pessoas que trabalham por meio de aplicativos - Fatos e Fotos News","isPartOf":{"@id":"https:\/\/www.fatosefotosnews.com.br\/#website"},"primaryImageOfPage":{"@id":"https:\/\/www.fatosefotosnews.com.br\/?p=158098#primaryimage"},"image":{"@id":"https:\/\/www.fatosefotosnews.com.br\/?p=158098#primaryimage"},"thumbnailUrl":"https:\/\/www.fatosefotosnews.com.br\/wp-content\/uploads\/2026\/09\/pint8161.webp","datePublished":"2026-09-04T14:30:33+00:00","breadcrumb":{"@id":"https:\/\/www.fatosefotosnews.com.br\/?p=158098#breadcrumb"},"inLanguage":"pt-BR","potentialAction":[{"@type":"ReadAction","target":["https:\/\/www.fatosefotosnews.com.br\/?p=158098"]}]},{"@type":"ImageObject","inLanguage":"pt-BR","@id":"https:\/\/www.fatosefotosnews.com.br\/?p=158098#primaryimage","url":"https:\/\/www.fatosefotosnews.com.br\/wp-content\/uploads\/2026\/09\/pint8161.webp","contentUrl":"https:\/\/www.fatosefotosnews.com.br\/wp-content\/uploads\/2026\/09\/pint8161.webp","width":1170,"height":700},{"@type":"BreadcrumbList","@id":"https:\/\/www.fatosefotosnews.com.br\/?p=158098#breadcrumb","itemListElement":[{"@type":"ListItem","position":1,"name":"In\u00edcio","item":"https:\/\/www.fatosefotosnews.com.br\/"},{"@type":"ListItem","position":2,"name":"Brasil tem 2 milh\u00f5es de pessoas que trabalham por meio de aplicativos"}]},{"@type":"WebSite","@id":"https:\/\/www.fatosefotosnews.com.br\/#website","url":"https:\/\/www.fatosefotosnews.com.br\/","name":"Fatos e Fotos News","description":"Um site de noticial verdadeira e confi\u00e1veis.","publisher":{"@id":"https:\/\/www.fatosefotosnews.com.br\/#organization"},"potentialAction":[{"@type":"SearchAction","target":{"@type":"EntryPoint","urlTemplate":"https:\/\/www.fatosefotosnews.com.br\/?s={search_term_string}"},"query-input":{"@type":"PropertyValueSpecification","valueRequired":true,"valueName":"search_term_string"}}],"inLanguage":"pt-BR"},{"@type":"Organization","@id":"https:\/\/www.fatosefotosnews.com.br\/#organization","name":"Fatos e Fotos News","url":"https:\/\/www.fatosefotosnews.com.br\/","logo":{"@type":"ImageObject","inLanguage":"pt-BR","@id":"https:\/\/www.fatosefotosnews.com.br\/#\/schema\/logo\/image\/","url":"https:\/\/www.fatosefotosnews.com.br\/wp-content\/uploads\/2023\/02\/Fatos-e-Fotos-news-logo.png","contentUrl":"https:\/\/www.fatosefotosnews.com.br\/wp-content\/uploads\/2023\/02\/Fatos-e-Fotos-news-logo.png","width":300,"height":58,"caption":"Fatos e Fotos News"},"image":{"@id":"https:\/\/www.fatosefotosnews.com.br\/#\/schema\/logo\/image\/"}},{"@type":"Person","@id":"https:\/\/www.fatosefotosnews.com.br\/#\/schema\/person\/17b18da658f5277ed99382206a85602f","name":"Mirela Portugal","image":{"@type":"ImageObject","inLanguage":"pt-BR","@id":"https:\/\/secure.gravatar.com\/avatar\/2f92fb43fda38d1a46cf4a155e1c2951193d91d9bed3df97fce720eeb9595d08?s=96&d=mm&r=g","url":"https:\/\/secure.gravatar.com\/avatar\/2f92fb43fda38d1a46cf4a155e1c2951193d91d9bed3df97fce720eeb9595d08?s=96&d=mm&r=g","contentUrl":"https:\/\/secure.gravatar.com\/avatar\/2f92fb43fda38d1a46cf4a155e1c2951193d91d9bed3df97fce720eeb9595d08?s=96&d=mm&r=g","caption":"Mirela Portugal"},"sameAs":["http:\/\/fatosefotosnews.com.br"],"url":"https:\/\/www.fatosefotosnews.com.br\/?author=12"}]}},"jetpack_publicize_connections":[],"blog_post_layout_featured_media_urls":{"thumbnail":["https:\/\/www.fatosefotosnews.com.br\/wp-content\/uploads\/2026\/09\/pint8161-150x150.webp",150,150,true],"full":["https:\/\/www.fatosefotosnews.com.br\/wp-content\/uploads\/2026\/09\/pint8161.webp",1170,700,false]},"categories_names":{"24958":{"name":"Economia","link":"https:\/\/www.fatosefotosnews.com.br\/?cat=24958"}},"tags_names":{"4699":{"name":"aplicativos","link":"https:\/\/www.fatosefotosnews.com.br\/?tag=aplicativos"},"179":{"name":"Brasil","link":"https:\/\/www.fatosefotosnews.com.br\/?tag=brasil"},"567":{"name":"pessoas","link":"https:\/\/www.fatosefotosnews.com.br\/?tag=pessoas"},"11580":{"name":"trabalham","link":"https:\/\/www.fatosefotosnews.com.br\/?tag=trabalham"}},"comments_number":"0","wpmagazine_modules_lite_featured_media_urls":{"thumbnail":["https:\/\/www.fatosefotosnews.com.br\/wp-content\/uploads\/2026\/09\/pint8161-150x150.webp",150,150,true],"cvmm-medium":["https:\/\/www.fatosefotosnews.com.br\/wp-content\/uploads\/2026\/09\/pint8161-300x300.webp",300,300,true],"cvmm-medium-plus":["https:\/\/www.fatosefotosnews.com.br\/wp-content\/uploads\/2026\/09\/pint8161-305x207.webp",305,207,true],"cvmm-portrait":["https:\/\/www.fatosefotosnews.com.br\/wp-content\/uploads\/2026\/09\/pint8161-400x600.webp",400,600,true],"cvmm-medium-square":["https:\/\/www.fatosefotosnews.com.br\/wp-content\/uploads\/2026\/09\/pint8161-600x600.webp",600,600,true],"cvmm-large":["https:\/\/www.fatosefotosnews.com.br\/wp-content\/uploads\/2026\/09\/pint8161-1024x700.webp",1024,700,true],"cvmm-small":["https:\/\/www.fatosefotosnews.com.br\/wp-content\/uploads\/2026\/09\/pint8161-130x95.webp",130,95,true],"full":["https:\/\/www.fatosefotosnews.com.br\/wp-content\/uploads\/2026\/09\/pint8161.webp",1170,700,false]},"_links":{"self":[{"href":"https:\/\/www.fatosefotosnews.com.br\/index.php?rest_route=\/wp\/v2\/posts\/158098","targetHints":{"allow":["GET"]}}],"collection":[{"href":"https:\/\/www.fatosefotosnews.com.br\/index.php?rest_route=\/wp\/v2\/posts"}],"about":[{"href":"https:\/\/www.fatosefotosnews.com.br\/index.php?rest_route=\/wp\/v2\/types\/post"}],"author":[{"embeddable":true,"href":"https:\/\/www.fatosefotosnews.com.br\/index.php?rest_route=\/wp\/v2\/users\/12"}],"replies":[{"embeddable":true,"href":"https:\/\/www.fatosefotosnews.com.br\/index.php?rest_route=%2Fwp%2Fv2%2Fcomments&post=158098"}],"version-history":[{"count":1,"href":"https:\/\/www.fatosefotosnews.com.br\/index.php?rest_route=\/wp\/v2\/posts\/158098\/revisions"}],"predecessor-version":[{"id":158099,"href":"https:\/\/www.fatosefotosnews.com.br\/index.php?rest_route=\/wp\/v2\/posts\/158098\/revisions\/158099"}],"wp:featuredmedia":[{"embeddable":true,"href":"https:\/\/www.fatosefotosnews.com.br\/index.php?rest_route=\/wp\/v2\/media\/158095"}],"wp:attachment":[{"href":"https:\/\/www.fatosefotosnews.com.br\/index.php?rest_route=%2Fwp%2Fv2%2Fmedia&parent=158098"}],"wp:term":[{"taxonomy":"category","embeddable":true,"href":"https:\/\/www.fatosefotosnews.com.br\/index.php?rest_route=%2Fwp%2Fv2%2Fcategories&post=158098"},{"taxonomy":"post_tag","embeddable":true,"href":"https:\/\/www.fatosefotosnews.com.br\/index.php?rest_route=%2Fwp%2Fv2%2Ftags&post=158098"}],"curies":[{"name":"wp","href":"https:\/\/api.w.org\/{rel}","templated":true}]}}