{"id":158100,"date":"2026-09-04T11:45:00","date_gmt":"2026-09-04T14:45:00","guid":{"rendered":"https:\/\/www.fatosefotosnews.com.br\/?p=158100"},"modified":"2026-09-04T11:17:52","modified_gmt":"2026-09-04T14:17:52","slug":"trens-e-metro-terao-operacao-especial-durante-o-rock-in-rio","status":"publish","type":"post","link":"https:\/\/www.fatosefotosnews.com.br\/?p=158100","title":{"rendered":"Trens e metr\u00f4 ter\u00e3o opera\u00e7\u00e3o especial durante o Rock in Rio"},"content":{"rendered":"<p>Foto: Fernando Fraz\u00e3o\/Ag\u00eancia Brasil<\/p>\n<div id=\"block-tts-block-tts\" class=\"block block-tts\">\n<div class=\"content\">\n<div id=\"tts-container\" class=\"container-audio rel-position\">\n<div class=\"title abs-position\"><\/div>\n<\/div>\n<\/div>\n<\/div>\n<div class=\"conteudo-noticia\">\n<p>Os trens urbanos do Rio e a concession\u00e1ria Metr\u00f4Rio v\u00e3o funcionar 24 horas, com programa\u00e7\u00e3o especial para facilitar a ida e o retorno para casa dos passageiros que v\u00e3o participar da abertura do Rock in Rio, que tem in\u00edcio nesta sexta-feira (4).<img decoding=\"async\" src=\"https:\/\/agenciabrasil.ebc.com.br\/ebc.png?id=1701511&amp;o=node\" \/><img decoding=\"async\" src=\"https:\/\/agenciabrasil.ebc.com.br\/ebc.gif?id=1701511&amp;o=node\" \/><\/p>\n<p><strong>A Secretaria de Transporte e Mobilidade Urbana (Setram) orienta os passageiros que v\u00e3o ao Rock in Rio a planejarem com anteced\u00eancia seus deslocamentos. Durante os dias do festival, que ser\u00e1 realizado, entre os dias 4 e 7 de setembro e, na segunda fase, de 11 a 13 deste m\u00eas<\/strong><\/p>\n<h2>Trens<\/h2>\n<p><strong>Pela primeira vez, as esta\u00e7\u00f5es Central do Brasil, Madureira e Deodoro ficar\u00e3o abertas durante toda a madrugada, com viagens extras de hora em hora. A finalidade \u00e9 facilitar a integra\u00e7\u00e3o com o sistema do metr\u00f4 (Central do Brasil) e BRT (Deodoro e Madureira) que atendem aos moradores e visitantes da cidade.<\/strong><\/p>\n<p>Haver\u00e1 oferta de trens extras para o retorno do evento, com partidas de Deodoro com destino \u00e0 Central\u00a0e da Central do Brasil com destino a Santa Cruz, Japeri, Saracuruna e Belford Roxo. As viagens ser\u00e3o realizadas de hora em hora durante a madrugada.<\/p>\n<h2>Justi\u00e7a<\/h2>\n<p><strong>O Tribunal de Justi\u00e7a do Rio estar\u00e1 presente em todos os dias do Rock in Rio para garantir o acesso \u00e0 Justi\u00e7a e assegurar os direitos do p\u00fablico. A expectativa \u00e9 de que cerca de 100 mil pessoas passem pela Cidade do Rock diariamente.<\/strong><\/p>\n<p>O Juizado Especial do Torcedor e dos Grandes Eventos funcionar\u00e1 durante todo o festival, oferecendo atendimento ao p\u00fablico para situa\u00e7\u00f5es como furto de celular, problemas relacionados a ingressos, conflitos com a organiza\u00e7\u00e3o do evento, quest\u00f5es de consumo e casos de viol\u00eancia.<\/p>\n<p><strong>O posto de atendimento ficar\u00e1 instalado na Arena Carioca 1, junto aos demais \u00f3rg\u00e3os p\u00fablicos, e funcionar\u00e1 das 14h at\u00e9 o encerramento das atividades do dia. O espa\u00e7o contar\u00e1 ainda com \u00e1rea de acolhimento destinada a v\u00edtimas de viol\u00eancia de g\u00eanero.<\/strong><\/p>\n<p>Nos casos de pris\u00e3o em flagrante, as audi\u00eancias de cust\u00f3dia ser\u00e3o realizadas no pr\u00f3prio posto do juizado. A equipe contar\u00e1 diariamente com dois magistrados, um em cada turno, al\u00e9m de um juiz coordenador.<\/p>\n<\/div>\n","protected":false},"excerpt":{"rendered":"<p>Foto: Fernando Fraz\u00e3o\/Ag\u00eancia Brasil Os trens urbanos do Rio e a concession\u00e1ria Metr\u00f4Rio v\u00e3o funcionar 24 horas, com programa\u00e7\u00e3o especial para facilitar a ida e o retorno para casa dos passageiros que v\u00e3o participar da abertura do Rock in Rio, que tem in\u00edcio nesta sexta-feira (4). A Secretaria de Transporte e Mobilidade Urbana (Setram) orienta [&hellip;]<\/p>\n","protected":false},"author":12,"featured_media":158094,"comment_status":"closed","ping_status":"open","sticky":false,"template":"","format":"standard","meta":{"_acf_changed":false,"_angie_page":false,"_monsterinsights_skip_tracking":false,"_themeisle_gutenberg_block_has_review":false,"page_builder":"","footnotes":"","jetpack_publicize_message":"","jetpack_publicize_feature_enabled":true,"jetpack_social_post_already_shared":true,"jetpack_social_options":{"image_generator_settings":{"template":"highway","default_image_id":0,"font":"","enabled":false},"version":2}},"categories":[25439],"tags":[928,1659,403,526,3014],"class_list":["post-158100","post","type-post","status-publish","format-standard","has-post-thumbnail","hentry","category-rio-de-janeiro","tag-durante","tag-especial","tag-metro","tag-opera","tag-trens"],"acf":[],"nelio_content":{"autoShareEndMode":"never","automationSources":{"useCustomSentences":false,"customSentences":[]},"efiAlt":"","efiUrl":"","followers":[12],"highlights":[],"isAutoShareEnabled":true,"networkImageIds":[],"permalinkQueryArgs":[],"series":[],"suggestedReferences":[]},"yoast_head":"<!-- This site is optimized with the Yoast SEO plugin v28.3 - https:\/\/yoast.com\/product\/yoast-seo-wordpress\/ -->\n<title>Trens e metr\u00f4 ter\u00e3o opera\u00e7\u00e3o especial durante o Rock in Rio - Fatos e Fotos News<\/title>\n<meta name=\"robots\" content=\"index, follow, max-snippet:-1, max-image-preview:large, max-video-preview:-1\" \/>\n<link rel=\"canonical\" href=\"https:\/\/www.fatosefotosnews.com.br\/?p=158100\" \/>\n<meta property=\"og:locale\" content=\"pt_BR\" \/>\n<meta property=\"og:type\" content=\"article\" \/>\n<meta property=\"og:title\" content=\"Trens e metr\u00f4 ter\u00e3o opera\u00e7\u00e3o especial durante o Rock in Rio - Fatos e Fotos News\" \/>\n<meta property=\"og:description\" content=\"Foto: Fernando Fraz\u00e3o\/Ag\u00eancia Brasil Os trens urbanos do Rio e a concession\u00e1ria Metr\u00f4Rio v\u00e3o funcionar 24 horas, com programa\u00e7\u00e3o especial para facilitar a ida e o retorno para casa dos passageiros que v\u00e3o participar da abertura do Rock in Rio, que tem in\u00edcio nesta sexta-feira (4). A Secretaria de Transporte e Mobilidade Urbana (Setram) orienta [&hellip;]\" \/>\n<meta property=\"og:url\" content=\"https:\/\/www.fatosefotosnews.com.br\/?p=158100\" \/>\n<meta property=\"og:site_name\" content=\"Fatos e Fotos News\" \/>\n<meta property=\"article:published_time\" content=\"2026-09-04T14:45:00+00:00\" \/>\n<meta property=\"og:image\" content=\"https:\/\/www.fatosefotosnews.com.br\/wp-content\/uploads\/2026\/09\/ffraz_abr_290420193989.webp\" \/>\n\t<meta property=\"og:image:width\" content=\"1170\" \/>\n\t<meta property=\"og:image:height\" content=\"700\" \/>\n\t<meta property=\"og:image:type\" content=\"image\/webp\" \/>\n<meta name=\"author\" content=\"Mirela Portugal\" \/>\n<meta name=\"twitter:card\" content=\"summary_large_image\" \/>\n<meta name=\"twitter:label1\" content=\"Escrito por\" \/>\n\t<meta name=\"twitter:data1\" content=\"Mirela Portugal\" \/>\n\t<meta name=\"twitter:label2\" content=\"Est. tempo de leitura\" \/>\n\t<meta name=\"twitter:data2\" content=\"3 minutos\" \/>\n<script type=\"application\/ld+json\" class=\"yoast-schema-graph\">{\"@context\":\"https:\\\/\\\/schema.org\",\"@graph\":[{\"@type\":\"Article\",\"@id\":\"https:\\\/\\\/www.fatosefotosnews.com.br\\\/?p=158100#article\",\"isPartOf\":{\"@id\":\"https:\\\/\\\/www.fatosefotosnews.com.br\\\/?p=158100\"},\"author\":{\"name\":\"Mirela Portugal\",\"@id\":\"https:\\\/\\\/www.fatosefotosnews.com.br\\\/#\\\/schema\\\/person\\\/17b18da658f5277ed99382206a85602f\"},\"headline\":\"Trens e metr\u00f4 ter\u00e3o opera\u00e7\u00e3o especial durante o Rock in Rio\",\"datePublished\":\"2026-09-04T14:45:00+00:00\",\"mainEntityOfPage\":{\"@id\":\"https:\\\/\\\/www.fatosefotosnews.com.br\\\/?p=158100\"},\"wordCount\":389,\"publisher\":{\"@id\":\"https:\\\/\\\/www.fatosefotosnews.com.br\\\/#organization\"},\"image\":{\"@id\":\"https:\\\/\\\/www.fatosefotosnews.com.br\\\/?p=158100#primaryimage\"},\"thumbnailUrl\":\"https:\\\/\\\/www.fatosefotosnews.com.br\\\/wp-content\\\/uploads\\\/2026\\\/09\\\/ffraz_abr_290420193989.webp\",\"keywords\":[\"durante\",\"especial\",\"metro\",\"opera\",\"trens\"],\"articleSection\":[\"Rio de Janeiro\"],\"inLanguage\":\"pt-BR\"},{\"@type\":\"WebPage\",\"@id\":\"https:\\\/\\\/www.fatosefotosnews.com.br\\\/?p=158100\",\"url\":\"https:\\\/\\\/www.fatosefotosnews.com.br\\\/?p=158100\",\"name\":\"Trens e metr\u00f4 ter\u00e3o opera\u00e7\u00e3o especial durante o Rock in Rio - Fatos e Fotos News\",\"isPartOf\":{\"@id\":\"https:\\\/\\\/www.fatosefotosnews.com.br\\\/#website\"},\"primaryImageOfPage\":{\"@id\":\"https:\\\/\\\/www.fatosefotosnews.com.br\\\/?p=158100#primaryimage\"},\"image\":{\"@id\":\"https:\\\/\\\/www.fatosefotosnews.com.br\\\/?p=158100#primaryimage\"},\"thumbnailUrl\":\"https:\\\/\\\/www.fatosefotosnews.com.br\\\/wp-content\\\/uploads\\\/2026\\\/09\\\/ffraz_abr_290420193989.webp\",\"datePublished\":\"2026-09-04T14:45:00+00:00\",\"breadcrumb\":{\"@id\":\"https:\\\/\\\/www.fatosefotosnews.com.br\\\/?p=158100#breadcrumb\"},\"inLanguage\":\"pt-BR\",\"potentialAction\":[{\"@type\":\"ReadAction\",\"target\":[\"https:\\\/\\\/www.fatosefotosnews.com.br\\\/?p=158100\"]}]},{\"@type\":\"ImageObject\",\"inLanguage\":\"pt-BR\",\"@id\":\"https:\\\/\\\/www.fatosefotosnews.com.br\\\/?p=158100#primaryimage\",\"url\":\"https:\\\/\\\/www.fatosefotosnews.com.br\\\/wp-content\\\/uploads\\\/2026\\\/09\\\/ffraz_abr_290420193989.webp\",\"contentUrl\":\"https:\\\/\\\/www.fatosefotosnews.com.br\\\/wp-content\\\/uploads\\\/2026\\\/09\\\/ffraz_abr_290420193989.webp\",\"width\":1170,\"height\":700},{\"@type\":\"BreadcrumbList\",\"@id\":\"https:\\\/\\\/www.fatosefotosnews.com.br\\\/?p=158100#breadcrumb\",\"itemListElement\":[{\"@type\":\"ListItem\",\"position\":1,\"name\":\"In\u00edcio\",\"item\":\"https:\\\/\\\/www.fatosefotosnews.com.br\\\/\"},{\"@type\":\"ListItem\",\"position\":2,\"name\":\"Trens e metr\u00f4 ter\u00e3o opera\u00e7\u00e3o especial durante o Rock in Rio\"}]},{\"@type\":\"WebSite\",\"@id\":\"https:\\\/\\\/www.fatosefotosnews.com.br\\\/#website\",\"url\":\"https:\\\/\\\/www.fatosefotosnews.com.br\\\/\",\"name\":\"Fatos e Fotos News\",\"description\":\"Um site de noticial verdadeira e confi\u00e1veis.\",\"publisher\":{\"@id\":\"https:\\\/\\\/www.fatosefotosnews.com.br\\\/#organization\"},\"potentialAction\":[{\"@type\":\"SearchAction\",\"target\":{\"@type\":\"EntryPoint\",\"urlTemplate\":\"https:\\\/\\\/www.fatosefotosnews.com.br\\\/?s={search_term_string}\"},\"query-input\":{\"@type\":\"PropertyValueSpecification\",\"valueRequired\":true,\"valueName\":\"search_term_string\"}}],\"inLanguage\":\"pt-BR\"},{\"@type\":\"Organization\",\"@id\":\"https:\\\/\\\/www.fatosefotosnews.com.br\\\/#organization\",\"name\":\"Fatos e Fotos News\",\"url\":\"https:\\\/\\\/www.fatosefotosnews.com.br\\\/\",\"logo\":{\"@type\":\"ImageObject\",\"inLanguage\":\"pt-BR\",\"@id\":\"https:\\\/\\\/www.fatosefotosnews.com.br\\\/#\\\/schema\\\/logo\\\/image\\\/\",\"url\":\"https:\\\/\\\/www.fatosefotosnews.com.br\\\/wp-content\\\/uploads\\\/2023\\\/02\\\/Fatos-e-Fotos-news-logo.png\",\"contentUrl\":\"https:\\\/\\\/www.fatosefotosnews.com.br\\\/wp-content\\\/uploads\\\/2023\\\/02\\\/Fatos-e-Fotos-news-logo.png\",\"width\":300,\"height\":58,\"caption\":\"Fatos e Fotos News\"},\"image\":{\"@id\":\"https:\\\/\\\/www.fatosefotosnews.com.br\\\/#\\\/schema\\\/logo\\\/image\\\/\"}},{\"@type\":\"Person\",\"@id\":\"https:\\\/\\\/www.fatosefotosnews.com.br\\\/#\\\/schema\\\/person\\\/17b18da658f5277ed99382206a85602f\",\"name\":\"Mirela Portugal\",\"image\":{\"@type\":\"ImageObject\",\"inLanguage\":\"pt-BR\",\"@id\":\"https:\\\/\\\/secure.gravatar.com\\\/avatar\\\/2f92fb43fda38d1a46cf4a155e1c2951193d91d9bed3df97fce720eeb9595d08?s=96&d=mm&r=g\",\"url\":\"https:\\\/\\\/secure.gravatar.com\\\/avatar\\\/2f92fb43fda38d1a46cf4a155e1c2951193d91d9bed3df97fce720eeb9595d08?s=96&d=mm&r=g\",\"contentUrl\":\"https:\\\/\\\/secure.gravatar.com\\\/avatar\\\/2f92fb43fda38d1a46cf4a155e1c2951193d91d9bed3df97fce720eeb9595d08?s=96&d=mm&r=g\",\"caption\":\"Mirela Portugal\"},\"sameAs\":[\"http:\\\/\\\/fatosefotosnews.com.br\"],\"url\":\"https:\\\/\\\/www.fatosefotosnews.com.br\\\/?author=12\"}]}<\/script>\n<!-- \/ Yoast SEO plugin. -->","yoast_head_json":{"title":"Trens e metr\u00f4 ter\u00e3o opera\u00e7\u00e3o especial durante o Rock in Rio - Fatos e Fotos News","robots":{"index":"index","follow":"follow","max-snippet":"max-snippet:-1","max-image-preview":"max-image-preview:large","max-video-preview":"max-video-preview:-1"},"canonical":"https:\/\/www.fatosefotosnews.com.br\/?p=158100","og_locale":"pt_BR","og_type":"article","og_title":"Trens e metr\u00f4 ter\u00e3o opera\u00e7\u00e3o especial durante o Rock in Rio - Fatos e Fotos News","og_description":"Foto: Fernando Fraz\u00e3o\/Ag\u00eancia Brasil Os trens urbanos do Rio e a concession\u00e1ria Metr\u00f4Rio v\u00e3o funcionar 24 horas, com programa\u00e7\u00e3o especial para facilitar a ida e o retorno para casa dos passageiros que v\u00e3o participar da abertura do Rock in Rio, que tem in\u00edcio nesta sexta-feira (4). A Secretaria de Transporte e Mobilidade Urbana (Setram) orienta [&hellip;]","og_url":"https:\/\/www.fatosefotosnews.com.br\/?p=158100","og_site_name":"Fatos e Fotos News","article_published_time":"2026-09-04T14:45:00+00:00","og_image":[{"width":1170,"height":700,"url":"https:\/\/www.fatosefotosnews.com.br\/wp-content\/uploads\/2026\/09\/ffraz_abr_290420193989.webp","type":"image\/webp"}],"author":"Mirela Portugal","twitter_card":"summary_large_image","twitter_misc":{"Escrito por":"Mirela Portugal","Est. tempo de leitura":"3 minutos"},"schema":{"@context":"https:\/\/schema.org","@graph":[{"@type":"Article","@id":"https:\/\/www.fatosefotosnews.com.br\/?p=158100#article","isPartOf":{"@id":"https:\/\/www.fatosefotosnews.com.br\/?p=158100"},"author":{"name":"Mirela Portugal","@id":"https:\/\/www.fatosefotosnews.com.br\/#\/schema\/person\/17b18da658f5277ed99382206a85602f"},"headline":"Trens e metr\u00f4 ter\u00e3o opera\u00e7\u00e3o especial durante o Rock in Rio","datePublished":"2026-09-04T14:45:00+00:00","mainEntityOfPage":{"@id":"https:\/\/www.fatosefotosnews.com.br\/?p=158100"},"wordCount":389,"publisher":{"@id":"https:\/\/www.fatosefotosnews.com.br\/#organization"},"image":{"@id":"https:\/\/www.fatosefotosnews.com.br\/?p=158100#primaryimage"},"thumbnailUrl":"https:\/\/www.fatosefotosnews.com.br\/wp-content\/uploads\/2026\/09\/ffraz_abr_290420193989.webp","keywords":["durante","especial","metro","opera","trens"],"articleSection":["Rio de Janeiro"],"inLanguage":"pt-BR"},{"@type":"WebPage","@id":"https:\/\/www.fatosefotosnews.com.br\/?p=158100","url":"https:\/\/www.fatosefotosnews.com.br\/?p=158100","name":"Trens e metr\u00f4 ter\u00e3o opera\u00e7\u00e3o especial durante o Rock in Rio - Fatos e Fotos News","isPartOf":{"@id":"https:\/\/www.fatosefotosnews.com.br\/#website"},"primaryImageOfPage":{"@id":"https:\/\/www.fatosefotosnews.com.br\/?p=158100#primaryimage"},"image":{"@id":"https:\/\/www.fatosefotosnews.com.br\/?p=158100#primaryimage"},"thumbnailUrl":"https:\/\/www.fatosefotosnews.com.br\/wp-content\/uploads\/2026\/09\/ffraz_abr_290420193989.webp","datePublished":"2026-09-04T14:45:00+00:00","breadcrumb":{"@id":"https:\/\/www.fatosefotosnews.com.br\/?p=158100#breadcrumb"},"inLanguage":"pt-BR","potentialAction":[{"@type":"ReadAction","target":["https:\/\/www.fatosefotosnews.com.br\/?p=158100"]}]},{"@type":"ImageObject","inLanguage":"pt-BR","@id":"https:\/\/www.fatosefotosnews.com.br\/?p=158100#primaryimage","url":"https:\/\/www.fatosefotosnews.com.br\/wp-content\/uploads\/2026\/09\/ffraz_abr_290420193989.webp","contentUrl":"https:\/\/www.fatosefotosnews.com.br\/wp-content\/uploads\/2026\/09\/ffraz_abr_290420193989.webp","width":1170,"height":700},{"@type":"BreadcrumbList","@id":"https:\/\/www.fatosefotosnews.com.br\/?p=158100#breadcrumb","itemListElement":[{"@type":"ListItem","position":1,"name":"In\u00edcio","item":"https:\/\/www.fatosefotosnews.com.br\/"},{"@type":"ListItem","position":2,"name":"Trens e metr\u00f4 ter\u00e3o opera\u00e7\u00e3o especial durante o Rock in Rio"}]},{"@type":"WebSite","@id":"https:\/\/www.fatosefotosnews.com.br\/#website","url":"https:\/\/www.fatosefotosnews.com.br\/","name":"Fatos e Fotos News","description":"Um site de noticial verdadeira e confi\u00e1veis.","publisher":{"@id":"https:\/\/www.fatosefotosnews.com.br\/#organization"},"potentialAction":[{"@type":"SearchAction","target":{"@type":"EntryPoint","urlTemplate":"https:\/\/www.fatosefotosnews.com.br\/?s={search_term_string}"},"query-input":{"@type":"PropertyValueSpecification","valueRequired":true,"valueName":"search_term_string"}}],"inLanguage":"pt-BR"},{"@type":"Organization","@id":"https:\/\/www.fatosefotosnews.com.br\/#organization","name":"Fatos e Fotos News","url":"https:\/\/www.fatosefotosnews.com.br\/","logo":{"@type":"ImageObject","inLanguage":"pt-BR","@id":"https:\/\/www.fatosefotosnews.com.br\/#\/schema\/logo\/image\/","url":"https:\/\/www.fatosefotosnews.com.br\/wp-content\/uploads\/2023\/02\/Fatos-e-Fotos-news-logo.png","contentUrl":"https:\/\/www.fatosefotosnews.com.br\/wp-content\/uploads\/2023\/02\/Fatos-e-Fotos-news-logo.png","width":300,"height":58,"caption":"Fatos e Fotos News"},"image":{"@id":"https:\/\/www.fatosefotosnews.com.br\/#\/schema\/logo\/image\/"}},{"@type":"Person","@id":"https:\/\/www.fatosefotosnews.com.br\/#\/schema\/person\/17b18da658f5277ed99382206a85602f","name":"Mirela Portugal","image":{"@type":"ImageObject","inLanguage":"pt-BR","@id":"https:\/\/secure.gravatar.com\/avatar\/2f92fb43fda38d1a46cf4a155e1c2951193d91d9bed3df97fce720eeb9595d08?s=96&d=mm&r=g","url":"https:\/\/secure.gravatar.com\/avatar\/2f92fb43fda38d1a46cf4a155e1c2951193d91d9bed3df97fce720eeb9595d08?s=96&d=mm&r=g","contentUrl":"https:\/\/secure.gravatar.com\/avatar\/2f92fb43fda38d1a46cf4a155e1c2951193d91d9bed3df97fce720eeb9595d08?s=96&d=mm&r=g","caption":"Mirela Portugal"},"sameAs":["http:\/\/fatosefotosnews.com.br"],"url":"https:\/\/www.fatosefotosnews.com.br\/?author=12"}]}},"jetpack_publicize_connections":[],"blog_post_layout_featured_media_urls":{"thumbnail":["https:\/\/www.fatosefotosnews.com.br\/wp-content\/uploads\/2026\/09\/ffraz_abr_290420193989-150x150.webp",150,150,true],"full":["https:\/\/www.fatosefotosnews.com.br\/wp-content\/uploads\/2026\/09\/ffraz_abr_290420193989.webp",1170,700,false]},"categories_names":{"25439":{"name":"Rio de Janeiro","link":"https:\/\/www.fatosefotosnews.com.br\/?cat=25439"}},"tags_names":{"928":{"name":"durante","link":"https:\/\/www.fatosefotosnews.com.br\/?tag=durante"},"1659":{"name":"especial","link":"https:\/\/www.fatosefotosnews.com.br\/?tag=especial"},"403":{"name":"metro","link":"https:\/\/www.fatosefotosnews.com.br\/?tag=metro"},"526":{"name":"opera","link":"https:\/\/www.fatosefotosnews.com.br\/?tag=opera"},"3014":{"name":"trens","link":"https:\/\/www.fatosefotosnews.com.br\/?tag=trens"}},"comments_number":"0","wpmagazine_modules_lite_featured_media_urls":{"thumbnail":["https:\/\/www.fatosefotosnews.com.br\/wp-content\/uploads\/2026\/09\/ffraz_abr_290420193989-150x150.webp",150,150,true],"cvmm-medium":["https:\/\/www.fatosefotosnews.com.br\/wp-content\/uploads\/2026\/09\/ffraz_abr_290420193989-300x300.webp",300,300,true],"cvmm-medium-plus":["https:\/\/www.fatosefotosnews.com.br\/wp-content\/uploads\/2026\/09\/ffraz_abr_290420193989-305x207.webp",305,207,true],"cvmm-portrait":["https:\/\/www.fatosefotosnews.com.br\/wp-content\/uploads\/2026\/09\/ffraz_abr_290420193989-400x600.webp",400,600,true],"cvmm-medium-square":["https:\/\/www.fatosefotosnews.com.br\/wp-content\/uploads\/2026\/09\/ffraz_abr_290420193989-600x600.webp",600,600,true],"cvmm-large":["https:\/\/www.fatosefotosnews.com.br\/wp-content\/uploads\/2026\/09\/ffraz_abr_290420193989-1024x700.webp",1024,700,true],"cvmm-small":["https:\/\/www.fatosefotosnews.com.br\/wp-content\/uploads\/2026\/09\/ffraz_abr_290420193989-130x95.webp",130,95,true],"full":["https:\/\/www.fatosefotosnews.com.br\/wp-content\/uploads\/2026\/09\/ffraz_abr_290420193989.webp",1170,700,false]},"_links":{"self":[{"href":"https:\/\/www.fatosefotosnews.com.br\/index.php?rest_route=\/wp\/v2\/posts\/158100","targetHints":{"allow":["GET"]}}],"collection":[{"href":"https:\/\/www.fatosefotosnews.com.br\/index.php?rest_route=\/wp\/v2\/posts"}],"about":[{"href":"https:\/\/www.fatosefotosnews.com.br\/index.php?rest_route=\/wp\/v2\/types\/post"}],"author":[{"embeddable":true,"href":"https:\/\/www.fatosefotosnews.com.br\/index.php?rest_route=\/wp\/v2\/users\/12"}],"replies":[{"embeddable":true,"href":"https:\/\/www.fatosefotosnews.com.br\/index.php?rest_route=%2Fwp%2Fv2%2Fcomments&post=158100"}],"version-history":[{"count":1,"href":"https:\/\/www.fatosefotosnews.com.br\/index.php?rest_route=\/wp\/v2\/posts\/158100\/revisions"}],"predecessor-version":[{"id":158101,"href":"https:\/\/www.fatosefotosnews.com.br\/index.php?rest_route=\/wp\/v2\/posts\/158100\/revisions\/158101"}],"wp:featuredmedia":[{"embeddable":true,"href":"https:\/\/www.fatosefotosnews.com.br\/index.php?rest_route=\/wp\/v2\/media\/158094"}],"wp:attachment":[{"href":"https:\/\/www.fatosefotosnews.com.br\/index.php?rest_route=%2Fwp%2Fv2%2Fmedia&parent=158100"}],"wp:term":[{"taxonomy":"category","embeddable":true,"href":"https:\/\/www.fatosefotosnews.com.br\/index.php?rest_route=%2Fwp%2Fv2%2Fcategories&post=158100"},{"taxonomy":"post_tag","embeddable":true,"href":"https:\/\/www.fatosefotosnews.com.br\/index.php?rest_route=%2Fwp%2Fv2%2Ftags&post=158100"}],"curies":[{"name":"wp","href":"https:\/\/api.w.org\/{rel}","templated":true}]}}