{"id":158141,"date":"2026-09-06T13:45:31","date_gmt":"2026-09-06T16:45:31","guid":{"rendered":"https:\/\/www.fatosefotosnews.com.br\/?p=158141"},"modified":"2026-09-06T12:51:41","modified_gmt":"2026-09-06T15:51:41","slug":"justica-condena-pais-a-indenizar-filho-expulso-por-orientacao-sexual","status":"publish","type":"post","link":"https:\/\/www.fatosefotosnews.com.br\/?p=158141","title":{"rendered":"Justi\u00e7a condena pais a indenizar filho expulso por orienta\u00e7\u00e3o sexual"},"content":{"rendered":"<p>Foto: Rafa Neddermeyer\/Ag\u00eancia Brasil<\/p>\n<div id=\"block-tts-block-tts\" class=\"block block-tts\">\n<div class=\"content\">\n<div id=\"tts-container\" class=\"container-audio rel-position\">\n<div class=\"title abs-position\"><\/div>\n<\/div>\n<\/div>\n<\/div>\n<div class=\"conteudo-noticia\">\n<p><strong>A Justi\u00e7a de Santa Catarina condenou os pais de um adolescente por abandono afetivo, depois de ele revelar sua orienta\u00e7\u00e3o sexual. Eles ter\u00e3o de pagar uma indeniza\u00e7\u00e3o de R$ 100 mil por danos morais.\u00a0\u00a0<\/strong><img decoding=\"async\" src=\"https:\/\/agenciabrasil.ebc.com.br\/ebc.png?id=1701651&amp;o=node\" \/><img decoding=\"async\" src=\"https:\/\/agenciabrasil.ebc.com.br\/ebc.gif?id=1701651&amp;o=node\" \/><\/p>\n<p><strong>O jovem foi amea\u00e7ado e expulso de casa, tendo sua vida privada exposta pelo pai nas redes sociais.<\/strong><\/p>\n<p>Segundo o Minist\u00e9rio P\u00fablico (MP) catarinense,\u00a0o Conselho Tutelar interferiu\u00a0e acolheu\u00a0o jovem em agosto de 2025. Em seguida, o\u00a0MP obteve liminar que determinou\u00a0a retirada dos conte\u00fados discriminat\u00f3rios postados pelo pai da v\u00edtima e estabeleceu\u00a0uma\u00a0multa di\u00e1ria de R$ 2 mil, caso voltasse a veicul\u00e1-los.<\/p>\n<p>Uma per\u00edcia psicol\u00f3gica, realizada enquanto a a\u00e7\u00e3o do MP tramitava, apontou\u00a0para a\u00a0<strong>exist\u00eancia de pr\u00e1ticas autorit\u00e1rias, neglig\u00eancia afetiva, viol\u00eancia psicol\u00f3gica e rejei\u00e7\u00e3o relacionada \u00e0 orienta\u00e7\u00e3o do jovem em sua casa<\/strong>. O laudo destacou sentimentos de abandono e inseguran\u00e7a afetiva como consequ\u00eancias do tratamento dado pelos pais a ele.<\/p>\n<p>O promotor Tito Gabriel Cosato Barreiro, da 1\u00aa Promotoria de Justi\u00e7a da Comarca de Jaguaruna, afirmou no processo que \u201ca responsabiliza\u00e7\u00e3o reconhecida pela Justi\u00e7a n\u00e3o decorre da aus\u00eancia de amor, algo que n\u00e3o pode ser exigido pelo Estado, mas do descumprimento dos deveres jur\u00eddicos de cuidado, prote\u00e7\u00e3o e acolhimento impostos aos pais.<\/p>\n<p>Conforme acrescentou, todo jovem tem o direito a prote\u00e7\u00e3o e a respeito assegurado pela Constitui\u00e7\u00e3o Federal e pelo Estatuto da Crian\u00e7a e do Adolescente (ECA).<\/p>\n<p>Diversas organiza\u00e7\u00f5es n\u00e3o governamentais elaboram anualmente\u00a0<a href=\"https:\/\/www.fundobrasil.org.br\/blog\/as-dificuldades-enfrentadas-pelas-pessoas-lgbtqia\/\" target=\"_blank\" rel=\"noopener\">relat\u00f3rios que documentam como o preconceito atinge a vida de membros da comunidade LGBTQIA+<\/a>.<\/p>\n<p>Segundo o\u00a0Grupo Gay da Bahia, em 2023, foram registrados o\u00a0homic\u00eddio de 204 e\u00a020 suic\u00eddios.\u00a0Estima-se que os n\u00fameros podem ser superiores, j\u00e1 que a maioria dos casos \u00e9 conhecida por meio dos ve\u00edculos de comunica\u00e7\u00e3o.<\/p>\n<p>A Associa\u00e7\u00e3o Brasileira de L\u00e9sbicas, Gays, Bissexuais, Travestis, Transexuais e Intersexos (ABGLT), em colabora\u00e7\u00e3o interinstitucional,\u00a0<a href=\"https:\/\/www.abglt.org\/observatorio\" target=\"_blank\" rel=\"noopener\">identificou, de janeiro a mar\u00e7o de 2026, 50 casos de viol\u00eancia, sendo 30 (60%)\u00a0motivados por LGBTIfobia<\/a>. Quanto aos outros 20 (40%), n\u00e3o h\u00e1 confirma\u00e7\u00e3o que sejam\u00a0atrelados a esse tipo de \u00f3dio, devido \u00e0 falta de informa\u00e7\u00f5es.<\/p>\n<p>Em 2019, o Supremo Tribunal Federal (STF)<a href=\"https:\/\/agenciabrasil.ebc.com.br\/geral\/noticia\/2019-06\/supremo-decide-criminalizar-homofobia-como-forma-de-racismo\" target=\"_blank\" rel=\"noopener\">\u00a0equiparou a homofobia e transfobia ao crime\u00a0de racismo<\/a>,\u00a0por conta da inexist\u00eancia de uma lei espec\u00edfica definida pelo Congresso Nacional. Em 2023, a Corte\u00a0<a href=\"https:\/\/portal.stf.jus.br\/noticias\/verNoticiaDetalhe.asp?idConteudo=512663\" target=\"_blank\" rel=\"noopener\">igualou ofensas contra os LGBTQIA+ a inj\u00faria racial<\/a>.<\/p>\n<\/div>\n","protected":false},"excerpt":{"rendered":"<p>Foto: Rafa Neddermeyer\/Ag\u00eancia Brasil A Justi\u00e7a de Santa Catarina condenou os pais de um adolescente por abandono afetivo, depois de ele revelar sua orienta\u00e7\u00e3o sexual. Eles ter\u00e3o de pagar uma indeniza\u00e7\u00e3o de R$ 100 mil por danos morais.\u00a0\u00a0 O jovem foi amea\u00e7ado e expulso de casa, tendo sua vida privada exposta pelo pai nas redes [&hellip;]<\/p>\n","protected":false},"author":12,"featured_media":158128,"comment_status":"closed","ping_status":"open","sticky":false,"template":"","format":"standard","meta":{"_acf_changed":false,"_angie_page":false,"_monsterinsights_skip_tracking":false,"_themeisle_gutenberg_block_has_review":false,"page_builder":"","footnotes":"","jetpack_publicize_message":"","jetpack_publicize_feature_enabled":true,"jetpack_social_post_already_shared":true,"jetpack_social_options":{"image_generator_settings":{"template":"highway","default_image_id":0,"font":"","enabled":false},"version":2}},"categories":[25236],"tags":[1058,3029,2153,3281,1513,5497,712],"class_list":["post-158141","post","type-post","status-publish","format-standard","has-post-thumbnail","hentry","category-direitos-humanos","tag-condena","tag-expulso","tag-filho","tag-indenizar","tag-justi","tag-orienta","tag-sexual"],"acf":[],"nelio_content":{"autoShareEndMode":"never","automationSources":{"useCustomSentences":false,"customSentences":[]},"efiAlt":"","efiUrl":"","followers":[12],"highlights":[],"isAutoShareEnabled":true,"networkImageIds":[],"permalinkQueryArgs":[],"series":[],"suggestedReferences":[]},"yoast_head":"<!-- This site is optimized with the Yoast SEO plugin v28.3 - https:\/\/yoast.com\/product\/yoast-seo-wordpress\/ -->\n<title>Justi\u00e7a condena pais a indenizar filho expulso por orienta\u00e7\u00e3o sexual - Fatos e Fotos News<\/title>\n<meta name=\"robots\" content=\"index, follow, max-snippet:-1, max-image-preview:large, max-video-preview:-1\" \/>\n<link rel=\"canonical\" href=\"https:\/\/www.fatosefotosnews.com.br\/?p=158141\" \/>\n<meta property=\"og:locale\" content=\"pt_BR\" \/>\n<meta property=\"og:type\" content=\"article\" \/>\n<meta property=\"og:title\" content=\"Justi\u00e7a condena pais a indenizar filho expulso por orienta\u00e7\u00e3o sexual - Fatos e Fotos News\" \/>\n<meta property=\"og:description\" content=\"Foto: Rafa Neddermeyer\/Ag\u00eancia Brasil A Justi\u00e7a de Santa Catarina condenou os pais de um adolescente por abandono afetivo, depois de ele revelar sua orienta\u00e7\u00e3o sexual. Eles ter\u00e3o de pagar uma indeniza\u00e7\u00e3o de R$ 100 mil por danos morais.\u00a0\u00a0 O jovem foi amea\u00e7ado e expulso de casa, tendo sua vida privada exposta pelo pai nas redes [&hellip;]\" \/>\n<meta property=\"og:url\" content=\"https:\/\/www.fatosefotosnews.com.br\/?p=158141\" \/>\n<meta property=\"og:site_name\" content=\"Fatos e Fotos News\" \/>\n<meta property=\"article:published_time\" content=\"2026-09-06T16:45:31+00:00\" \/>\n<meta property=\"og:image\" content=\"https:\/\/www.fatosefotosnews.com.br\/wp-content\/uploads\/2026\/09\/raf2320-2.jpg\" \/>\n\t<meta property=\"og:image:width\" content=\"1170\" \/>\n\t<meta property=\"og:image:height\" content=\"700\" \/>\n\t<meta property=\"og:image:type\" content=\"image\/jpeg\" \/>\n<meta name=\"author\" content=\"Mirela Portugal\" \/>\n<meta name=\"twitter:card\" content=\"summary_large_image\" \/>\n<meta name=\"twitter:label1\" content=\"Escrito por\" \/>\n\t<meta name=\"twitter:data1\" content=\"Mirela Portugal\" \/>\n\t<meta name=\"twitter:label2\" content=\"Est. tempo de leitura\" \/>\n\t<meta name=\"twitter:data2\" content=\"3 minutos\" \/>\n<script type=\"application\/ld+json\" class=\"yoast-schema-graph\">{\"@context\":\"https:\\\/\\\/schema.org\",\"@graph\":[{\"@type\":\"Article\",\"@id\":\"https:\\\/\\\/www.fatosefotosnews.com.br\\\/?p=158141#article\",\"isPartOf\":{\"@id\":\"https:\\\/\\\/www.fatosefotosnews.com.br\\\/?p=158141\"},\"author\":{\"name\":\"Mirela Portugal\",\"@id\":\"https:\\\/\\\/www.fatosefotosnews.com.br\\\/#\\\/schema\\\/person\\\/17b18da658f5277ed99382206a85602f\"},\"headline\":\"Justi\u00e7a condena pais a indenizar filho expulso por orienta\u00e7\u00e3o sexual\",\"datePublished\":\"2026-09-06T16:45:31+00:00\",\"mainEntityOfPage\":{\"@id\":\"https:\\\/\\\/www.fatosefotosnews.com.br\\\/?p=158141\"},\"wordCount\":433,\"publisher\":{\"@id\":\"https:\\\/\\\/www.fatosefotosnews.com.br\\\/#organization\"},\"image\":{\"@id\":\"https:\\\/\\\/www.fatosefotosnews.com.br\\\/?p=158141#primaryimage\"},\"thumbnailUrl\":\"https:\\\/\\\/www.fatosefotosnews.com.br\\\/wp-content\\\/uploads\\\/2026\\\/09\\\/raf2320-2.jpg\",\"keywords\":[\"condena\",\"expulso\",\"filho\",\"indenizar\",\"justi\",\"orienta\",\"sexual\"],\"articleSection\":[\"Direitos Humanos\"],\"inLanguage\":\"pt-BR\"},{\"@type\":\"WebPage\",\"@id\":\"https:\\\/\\\/www.fatosefotosnews.com.br\\\/?p=158141\",\"url\":\"https:\\\/\\\/www.fatosefotosnews.com.br\\\/?p=158141\",\"name\":\"Justi\u00e7a condena pais a indenizar filho expulso por orienta\u00e7\u00e3o sexual - Fatos e Fotos News\",\"isPartOf\":{\"@id\":\"https:\\\/\\\/www.fatosefotosnews.com.br\\\/#website\"},\"primaryImageOfPage\":{\"@id\":\"https:\\\/\\\/www.fatosefotosnews.com.br\\\/?p=158141#primaryimage\"},\"image\":{\"@id\":\"https:\\\/\\\/www.fatosefotosnews.com.br\\\/?p=158141#primaryimage\"},\"thumbnailUrl\":\"https:\\\/\\\/www.fatosefotosnews.com.br\\\/wp-content\\\/uploads\\\/2026\\\/09\\\/raf2320-2.jpg\",\"datePublished\":\"2026-09-06T16:45:31+00:00\",\"breadcrumb\":{\"@id\":\"https:\\\/\\\/www.fatosefotosnews.com.br\\\/?p=158141#breadcrumb\"},\"inLanguage\":\"pt-BR\",\"potentialAction\":[{\"@type\":\"ReadAction\",\"target\":[\"https:\\\/\\\/www.fatosefotosnews.com.br\\\/?p=158141\"]}]},{\"@type\":\"ImageObject\",\"inLanguage\":\"pt-BR\",\"@id\":\"https:\\\/\\\/www.fatosefotosnews.com.br\\\/?p=158141#primaryimage\",\"url\":\"https:\\\/\\\/www.fatosefotosnews.com.br\\\/wp-content\\\/uploads\\\/2026\\\/09\\\/raf2320-2.jpg\",\"contentUrl\":\"https:\\\/\\\/www.fatosefotosnews.com.br\\\/wp-content\\\/uploads\\\/2026\\\/09\\\/raf2320-2.jpg\",\"width\":1170,\"height\":700},{\"@type\":\"BreadcrumbList\",\"@id\":\"https:\\\/\\\/www.fatosefotosnews.com.br\\\/?p=158141#breadcrumb\",\"itemListElement\":[{\"@type\":\"ListItem\",\"position\":1,\"name\":\"In\u00edcio\",\"item\":\"https:\\\/\\\/www.fatosefotosnews.com.br\\\/\"},{\"@type\":\"ListItem\",\"position\":2,\"name\":\"Justi\u00e7a condena pais a indenizar filho expulso por orienta\u00e7\u00e3o sexual\"}]},{\"@type\":\"WebSite\",\"@id\":\"https:\\\/\\\/www.fatosefotosnews.com.br\\\/#website\",\"url\":\"https:\\\/\\\/www.fatosefotosnews.com.br\\\/\",\"name\":\"Fatos e Fotos News\",\"description\":\"Um site de noticial verdadeira e confi\u00e1veis.\",\"publisher\":{\"@id\":\"https:\\\/\\\/www.fatosefotosnews.com.br\\\/#organization\"},\"potentialAction\":[{\"@type\":\"SearchAction\",\"target\":{\"@type\":\"EntryPoint\",\"urlTemplate\":\"https:\\\/\\\/www.fatosefotosnews.com.br\\\/?s={search_term_string}\"},\"query-input\":{\"@type\":\"PropertyValueSpecification\",\"valueRequired\":true,\"valueName\":\"search_term_string\"}}],\"inLanguage\":\"pt-BR\"},{\"@type\":\"Organization\",\"@id\":\"https:\\\/\\\/www.fatosefotosnews.com.br\\\/#organization\",\"name\":\"Fatos e Fotos News\",\"url\":\"https:\\\/\\\/www.fatosefotosnews.com.br\\\/\",\"logo\":{\"@type\":\"ImageObject\",\"inLanguage\":\"pt-BR\",\"@id\":\"https:\\\/\\\/www.fatosefotosnews.com.br\\\/#\\\/schema\\\/logo\\\/image\\\/\",\"url\":\"https:\\\/\\\/www.fatosefotosnews.com.br\\\/wp-content\\\/uploads\\\/2023\\\/02\\\/Fatos-e-Fotos-news-logo.png\",\"contentUrl\":\"https:\\\/\\\/www.fatosefotosnews.com.br\\\/wp-content\\\/uploads\\\/2023\\\/02\\\/Fatos-e-Fotos-news-logo.png\",\"width\":300,\"height\":58,\"caption\":\"Fatos e Fotos News\"},\"image\":{\"@id\":\"https:\\\/\\\/www.fatosefotosnews.com.br\\\/#\\\/schema\\\/logo\\\/image\\\/\"}},{\"@type\":\"Person\",\"@id\":\"https:\\\/\\\/www.fatosefotosnews.com.br\\\/#\\\/schema\\\/person\\\/17b18da658f5277ed99382206a85602f\",\"name\":\"Mirela Portugal\",\"image\":{\"@type\":\"ImageObject\",\"inLanguage\":\"pt-BR\",\"@id\":\"https:\\\/\\\/secure.gravatar.com\\\/avatar\\\/2f92fb43fda38d1a46cf4a155e1c2951193d91d9bed3df97fce720eeb9595d08?s=96&d=mm&r=g\",\"url\":\"https:\\\/\\\/secure.gravatar.com\\\/avatar\\\/2f92fb43fda38d1a46cf4a155e1c2951193d91d9bed3df97fce720eeb9595d08?s=96&d=mm&r=g\",\"contentUrl\":\"https:\\\/\\\/secure.gravatar.com\\\/avatar\\\/2f92fb43fda38d1a46cf4a155e1c2951193d91d9bed3df97fce720eeb9595d08?s=96&d=mm&r=g\",\"caption\":\"Mirela Portugal\"},\"sameAs\":[\"http:\\\/\\\/fatosefotosnews.com.br\"],\"url\":\"https:\\\/\\\/www.fatosefotosnews.com.br\\\/?author=12\"}]}<\/script>\n<!-- \/ Yoast SEO plugin. -->","yoast_head_json":{"title":"Justi\u00e7a condena pais a indenizar filho expulso por orienta\u00e7\u00e3o sexual - Fatos e Fotos News","robots":{"index":"index","follow":"follow","max-snippet":"max-snippet:-1","max-image-preview":"max-image-preview:large","max-video-preview":"max-video-preview:-1"},"canonical":"https:\/\/www.fatosefotosnews.com.br\/?p=158141","og_locale":"pt_BR","og_type":"article","og_title":"Justi\u00e7a condena pais a indenizar filho expulso por orienta\u00e7\u00e3o sexual - Fatos e Fotos News","og_description":"Foto: Rafa Neddermeyer\/Ag\u00eancia Brasil A Justi\u00e7a de Santa Catarina condenou os pais de um adolescente por abandono afetivo, depois de ele revelar sua orienta\u00e7\u00e3o sexual. Eles ter\u00e3o de pagar uma indeniza\u00e7\u00e3o de R$ 100 mil por danos morais.\u00a0\u00a0 O jovem foi amea\u00e7ado e expulso de casa, tendo sua vida privada exposta pelo pai nas redes [&hellip;]","og_url":"https:\/\/www.fatosefotosnews.com.br\/?p=158141","og_site_name":"Fatos e Fotos News","article_published_time":"2026-09-06T16:45:31+00:00","og_image":[{"width":1170,"height":700,"url":"https:\/\/www.fatosefotosnews.com.br\/wp-content\/uploads\/2026\/09\/raf2320-2.jpg","type":"image\/jpeg"}],"author":"Mirela Portugal","twitter_card":"summary_large_image","twitter_misc":{"Escrito por":"Mirela Portugal","Est. tempo de leitura":"3 minutos"},"schema":{"@context":"https:\/\/schema.org","@graph":[{"@type":"Article","@id":"https:\/\/www.fatosefotosnews.com.br\/?p=158141#article","isPartOf":{"@id":"https:\/\/www.fatosefotosnews.com.br\/?p=158141"},"author":{"name":"Mirela Portugal","@id":"https:\/\/www.fatosefotosnews.com.br\/#\/schema\/person\/17b18da658f5277ed99382206a85602f"},"headline":"Justi\u00e7a condena pais a indenizar filho expulso por orienta\u00e7\u00e3o sexual","datePublished":"2026-09-06T16:45:31+00:00","mainEntityOfPage":{"@id":"https:\/\/www.fatosefotosnews.com.br\/?p=158141"},"wordCount":433,"publisher":{"@id":"https:\/\/www.fatosefotosnews.com.br\/#organization"},"image":{"@id":"https:\/\/www.fatosefotosnews.com.br\/?p=158141#primaryimage"},"thumbnailUrl":"https:\/\/www.fatosefotosnews.com.br\/wp-content\/uploads\/2026\/09\/raf2320-2.jpg","keywords":["condena","expulso","filho","indenizar","justi","orienta","sexual"],"articleSection":["Direitos Humanos"],"inLanguage":"pt-BR"},{"@type":"WebPage","@id":"https:\/\/www.fatosefotosnews.com.br\/?p=158141","url":"https:\/\/www.fatosefotosnews.com.br\/?p=158141","name":"Justi\u00e7a condena pais a indenizar filho expulso por orienta\u00e7\u00e3o sexual - Fatos e Fotos News","isPartOf":{"@id":"https:\/\/www.fatosefotosnews.com.br\/#website"},"primaryImageOfPage":{"@id":"https:\/\/www.fatosefotosnews.com.br\/?p=158141#primaryimage"},"image":{"@id":"https:\/\/www.fatosefotosnews.com.br\/?p=158141#primaryimage"},"thumbnailUrl":"https:\/\/www.fatosefotosnews.com.br\/wp-content\/uploads\/2026\/09\/raf2320-2.jpg","datePublished":"2026-09-06T16:45:31+00:00","breadcrumb":{"@id":"https:\/\/www.fatosefotosnews.com.br\/?p=158141#breadcrumb"},"inLanguage":"pt-BR","potentialAction":[{"@type":"ReadAction","target":["https:\/\/www.fatosefotosnews.com.br\/?p=158141"]}]},{"@type":"ImageObject","inLanguage":"pt-BR","@id":"https:\/\/www.fatosefotosnews.com.br\/?p=158141#primaryimage","url":"https:\/\/www.fatosefotosnews.com.br\/wp-content\/uploads\/2026\/09\/raf2320-2.jpg","contentUrl":"https:\/\/www.fatosefotosnews.com.br\/wp-content\/uploads\/2026\/09\/raf2320-2.jpg","width":1170,"height":700},{"@type":"BreadcrumbList","@id":"https:\/\/www.fatosefotosnews.com.br\/?p=158141#breadcrumb","itemListElement":[{"@type":"ListItem","position":1,"name":"In\u00edcio","item":"https:\/\/www.fatosefotosnews.com.br\/"},{"@type":"ListItem","position":2,"name":"Justi\u00e7a condena pais a indenizar filho expulso por orienta\u00e7\u00e3o sexual"}]},{"@type":"WebSite","@id":"https:\/\/www.fatosefotosnews.com.br\/#website","url":"https:\/\/www.fatosefotosnews.com.br\/","name":"Fatos e Fotos News","description":"Um site de noticial verdadeira e confi\u00e1veis.","publisher":{"@id":"https:\/\/www.fatosefotosnews.com.br\/#organization"},"potentialAction":[{"@type":"SearchAction","target":{"@type":"EntryPoint","urlTemplate":"https:\/\/www.fatosefotosnews.com.br\/?s={search_term_string}"},"query-input":{"@type":"PropertyValueSpecification","valueRequired":true,"valueName":"search_term_string"}}],"inLanguage":"pt-BR"},{"@type":"Organization","@id":"https:\/\/www.fatosefotosnews.com.br\/#organization","name":"Fatos e Fotos News","url":"https:\/\/www.fatosefotosnews.com.br\/","logo":{"@type":"ImageObject","inLanguage":"pt-BR","@id":"https:\/\/www.fatosefotosnews.com.br\/#\/schema\/logo\/image\/","url":"https:\/\/www.fatosefotosnews.com.br\/wp-content\/uploads\/2023\/02\/Fatos-e-Fotos-news-logo.png","contentUrl":"https:\/\/www.fatosefotosnews.com.br\/wp-content\/uploads\/2023\/02\/Fatos-e-Fotos-news-logo.png","width":300,"height":58,"caption":"Fatos e Fotos News"},"image":{"@id":"https:\/\/www.fatosefotosnews.com.br\/#\/schema\/logo\/image\/"}},{"@type":"Person","@id":"https:\/\/www.fatosefotosnews.com.br\/#\/schema\/person\/17b18da658f5277ed99382206a85602f","name":"Mirela Portugal","image":{"@type":"ImageObject","inLanguage":"pt-BR","@id":"https:\/\/secure.gravatar.com\/avatar\/2f92fb43fda38d1a46cf4a155e1c2951193d91d9bed3df97fce720eeb9595d08?s=96&d=mm&r=g","url":"https:\/\/secure.gravatar.com\/avatar\/2f92fb43fda38d1a46cf4a155e1c2951193d91d9bed3df97fce720eeb9595d08?s=96&d=mm&r=g","contentUrl":"https:\/\/secure.gravatar.com\/avatar\/2f92fb43fda38d1a46cf4a155e1c2951193d91d9bed3df97fce720eeb9595d08?s=96&d=mm&r=g","caption":"Mirela Portugal"},"sameAs":["http:\/\/fatosefotosnews.com.br"],"url":"https:\/\/www.fatosefotosnews.com.br\/?author=12"}]}},"jetpack_publicize_connections":[],"blog_post_layout_featured_media_urls":{"thumbnail":["https:\/\/www.fatosefotosnews.com.br\/wp-content\/uploads\/2026\/09\/raf2320-2-150x150.jpg",150,150,true],"full":["https:\/\/www.fatosefotosnews.com.br\/wp-content\/uploads\/2026\/09\/raf2320-2.jpg",1170,700,false]},"categories_names":{"25236":{"name":"Direitos Humanos","link":"https:\/\/www.fatosefotosnews.com.br\/?cat=25236"}},"tags_names":{"1058":{"name":"condena","link":"https:\/\/www.fatosefotosnews.com.br\/?tag=condena"},"3029":{"name":"expulso","link":"https:\/\/www.fatosefotosnews.com.br\/?tag=expulso"},"2153":{"name":"filho","link":"https:\/\/www.fatosefotosnews.com.br\/?tag=filho"},"3281":{"name":"indenizar","link":"https:\/\/www.fatosefotosnews.com.br\/?tag=indenizar"},"1513":{"name":"justi","link":"https:\/\/www.fatosefotosnews.com.br\/?tag=justi"},"5497":{"name":"orienta","link":"https:\/\/www.fatosefotosnews.com.br\/?tag=orienta"},"712":{"name":"sexual","link":"https:\/\/www.fatosefotosnews.com.br\/?tag=sexual"}},"comments_number":"0","wpmagazine_modules_lite_featured_media_urls":{"thumbnail":["https:\/\/www.fatosefotosnews.com.br\/wp-content\/uploads\/2026\/09\/raf2320-2-150x150.jpg",150,150,true],"cvmm-medium":["https:\/\/www.fatosefotosnews.com.br\/wp-content\/uploads\/2026\/09\/raf2320-2-300x300.jpg",300,300,true],"cvmm-medium-plus":["https:\/\/www.fatosefotosnews.com.br\/wp-content\/uploads\/2026\/09\/raf2320-2-305x207.jpg",305,207,true],"cvmm-portrait":["https:\/\/www.fatosefotosnews.com.br\/wp-content\/uploads\/2026\/09\/raf2320-2-400x600.jpg",400,600,true],"cvmm-medium-square":["https:\/\/www.fatosefotosnews.com.br\/wp-content\/uploads\/2026\/09\/raf2320-2-600x600.jpg",600,600,true],"cvmm-large":["https:\/\/www.fatosefotosnews.com.br\/wp-content\/uploads\/2026\/09\/raf2320-2-1024x700.jpg",1024,700,true],"cvmm-small":["https:\/\/www.fatosefotosnews.com.br\/wp-content\/uploads\/2026\/09\/raf2320-2-130x95.jpg",130,95,true],"full":["https:\/\/www.fatosefotosnews.com.br\/wp-content\/uploads\/2026\/09\/raf2320-2.jpg",1170,700,false]},"_links":{"self":[{"href":"https:\/\/www.fatosefotosnews.com.br\/index.php?rest_route=\/wp\/v2\/posts\/158141","targetHints":{"allow":["GET"]}}],"collection":[{"href":"https:\/\/www.fatosefotosnews.com.br\/index.php?rest_route=\/wp\/v2\/posts"}],"about":[{"href":"https:\/\/www.fatosefotosnews.com.br\/index.php?rest_route=\/wp\/v2\/types\/post"}],"author":[{"embeddable":true,"href":"https:\/\/www.fatosefotosnews.com.br\/index.php?rest_route=\/wp\/v2\/users\/12"}],"replies":[{"embeddable":true,"href":"https:\/\/www.fatosefotosnews.com.br\/index.php?rest_route=%2Fwp%2Fv2%2Fcomments&post=158141"}],"version-history":[{"count":1,"href":"https:\/\/www.fatosefotosnews.com.br\/index.php?rest_route=\/wp\/v2\/posts\/158141\/revisions"}],"predecessor-version":[{"id":158142,"href":"https:\/\/www.fatosefotosnews.com.br\/index.php?rest_route=\/wp\/v2\/posts\/158141\/revisions\/158142"}],"wp:featuredmedia":[{"embeddable":true,"href":"https:\/\/www.fatosefotosnews.com.br\/index.php?rest_route=\/wp\/v2\/media\/158128"}],"wp:attachment":[{"href":"https:\/\/www.fatosefotosnews.com.br\/index.php?rest_route=%2Fwp%2Fv2%2Fmedia&parent=158141"}],"wp:term":[{"taxonomy":"category","embeddable":true,"href":"https:\/\/www.fatosefotosnews.com.br\/index.php?rest_route=%2Fwp%2Fv2%2Fcategories&post=158141"},{"taxonomy":"post_tag","embeddable":true,"href":"https:\/\/www.fatosefotosnews.com.br\/index.php?rest_route=%2Fwp%2Fv2%2Ftags&post=158141"}],"curies":[{"name":"wp","href":"https:\/\/api.w.org\/{rel}","templated":true}]}}