{"id":20784,"date":"2023-02-27T19:07:23","date_gmt":"2023-02-27T22:07:23","guid":{"rendered":"https:\/\/www.fatosefotosnews.com.br\/moraes-prorroga-por-60-dias-inquerito-que-investiga-torres-e-ibaneis\/"},"modified":"2023-02-27T19:07:23","modified_gmt":"2023-02-27T22:07:23","slug":"moraes-prorroga-por-60-dias-inquerito-que-investiga-torres-e-ibaneis","status":"publish","type":"post","link":"https:\/\/www.fatosefotosnews.com.br\/?p=20784","title":{"rendered":"Moraes prorroga por 60 dias inqu\u00e9rito que investiga Torres e Ibaneis"},"content":{"rendered":"<p><meta name=\"robots\" content=\"noindex\"><mreta name=\"googlebot\" content=\"noindex\"><\/p>\n<div class=\"Noticia_Foto fato\">\n<figure class=\"foto-legenda\">\n<div class=\"foto-legenda-img\"> <img fetchpriority=\"high\" decoding=\"async\" src=\"https:\/\/i0.statig.com.br\/bancodeimagens\/5m\/mj\/cz\/5mmjczs4c1e187cauw1xi36vs.jpg\" width=\"906\" height=\"509\" alt=\"Ministro Alexandre de Moraes durante sess\u00e3o plen\u00e1ria do STF\" title=\"Ministro Alexandre de Moraes durante sess\u00e3o plen\u00e1ria do STF\"> <\/div><figcaption class=\"foto-legenda-citacao\"> <cite>Nelson Jr.\/SCO\/STF &#8211; 02.12.2021<\/cite> <\/p>\n<div class=\"foto-legenda-citacao-text\">Ministro Alexandre de Moraes durante sess\u00e3o plen\u00e1ria do STF<\/div>\n<\/figcaption><\/figure>\n<\/p>\n<\/div>\n<p>O ministro do Supremo Tribunal Federal (STF) Alexandre de Moraes prorrogou por mais 60 dias o inqu\u00e9rito que investiga a suposta omiss\u00e3o de autoridades na <a href=\"https:\/\/ultimosegundo.ig.com.br\/brasil\/2023-01-08\/manifestantes-bolsonaristas-invasao-congresso-nacional.html\" data-mce-href=\"https:\/\/ultimosegundo.ig.com.br\/brasil\/2023-01-08\/manifestantes-bolsonaristas-invasao-congresso-nacional.html\">invas\u00e3o aos pr\u00e9dios dos Tr\u00eas Poderes, em Bras\u00edlia, em 8 de janeiro<\/a> . A decis\u00e3o atende a um pedido da Pol\u00edcia Federal.<\/p>\n<p>No pedido, a <strong>PF<\/strong> listou sete pend\u00eancias para a conclus\u00e3o das investiga\u00e7\u00f5es, como a an\u00e1lise dos protocolos de a\u00e7\u00f5es da Pol\u00edcia Militar do DF (PMDF) referentes aos atos. O objetivo \u00e9 verificar se houve quebra de padr\u00e3o na atua\u00e7\u00e3o da corpora\u00e7\u00e3o no dia das manifesta\u00e7\u00f5es.<\/p>\n<p>Conforme a PF, tamb\u00e9m est\u00e3o pendentes as imagens das c\u00e2meras de seguran\u00e7a da sede do governo do <strong>Distrito Federal<\/strong> entre os dias 1\u00ba e 20 de janeiro.<\/p>\n<p>\u201cNeste caso, a autoridade policial apontou a pend\u00eancia de 7 (sete) dilig\u00eancias, sem preju\u00edzo de outras que venham a ser determinadas, especialmente no que diz respeito \u00e0 an\u00e1lise dos materiais apreendidos. Assim, considerando a necessidade de prosseguimento das investiga\u00e7\u00f5es, com a realiza\u00e7\u00e3o das dilig\u00eancias ainda pendentes, h\u00e1 necessidade de prorroga\u00e7\u00e3o do presente inqu\u00e9rito\u201d,\u00a0afirmou Moraes.<\/p>\n<p>Entre as autoridades investigadas por suposta omiss\u00e3o est\u00e3o o\u00a0 <a href=\"https:\/\/ultimosegundo.ig.com.br\/brasil\/2023-01-21\/afastado-do-df--ibaneis-rocha-entregara-celular-a-pf-na-segunda.html\" data-mce-href=\"https:\/\/ultimosegundo.ig.com.br\/brasil\/2023-01-21\/afastado-do-df--ibaneis-rocha-entregara-celular-a-pf-na-segunda.html\">governador Ibaneis Rocha (MDB)<\/a> e o <a href=\"https:\/\/ultimosegundo.ig.com.br\/politica\/2023-02-25\/anderson-torres-multado-ibama-criacao-ilegal-de-aves.html\" data-mce-href=\"https:\/\/ultimosegundo.ig.com.br\/politica\/2023-02-25\/anderson-torres-multado-ibama-criacao-ilegal-de-aves.html\">ex-secret\u00e1rio\u00a0de Seguran\u00e7a P\u00fablica do Distrito Federal Anderson Torres<\/a> .\u00a0<\/p>\n<div>\n<aside class=\"leiaTambem-container\">\n<h3>Leia tamb\u00e9m<\/h3>\n<ul>\n<li> <a href=\"https:\/\/ultimosegundo.ig.com.br\/politica\/2023-02-27\/lula-foto-oficial-presidente.html\" title=\"Lula divulga nova foto oficial como presidente da Rep\u00fablica\" target=\"_self\" rel=\"noopener\">Lula divulga nova foto oficial como presidente da Rep\u00fablica<\/a> <\/li>\n<li> <a href=\"https:\/\/ultimosegundo.ig.com.br\/mundo\/2023-02-27\/russia-nega-fim-conflito-ucrania-acordo-de-paz-china.html\" title=\"Kremlin diz n\u00e3o ver espa\u00e7o para fim do conflito com a Ucr\u00e2nia\" target=\"_self\" rel=\"noopener\">Kremlin diz n\u00e3o ver espa\u00e7o para fim do conflito com a Ucr\u00e2nia<\/a> <\/li>\n<li> <a href=\"https:\/\/ultimosegundo.ig.com.br\/politica\/2023-02-27\/lula-liberacao-militares-seguranca-bolsonaro.html\" title=\"Lula libera seguran\u00e7as para Bolsonaro em evento nos Estados Unidos\" target=\"_self\" rel=\"noopener\">Lula libera seguran\u00e7as para Bolsonaro em evento nos Estados Unidos<\/a> <\/li>\n<\/ul>\n<\/aside>\n<\/div>\n<p class=\"\"> <strong>Torres<\/strong> \u00e9 suspeito de ter facilitado os <strong>atos golpistas<\/strong> . At\u00e9 o fim de 2022, ele era ministro da Justi\u00e7a do governo do ex-presidente Jair Bolsonaro (PL). O ex-secret\u00e1rio est\u00e1\u00a0 <a href=\"https:\/\/ultimosegundo.ig.com.br\/brasil\/2023-01-14\/anderson-torres-preso-pf-brasilia.html\" data-mce-href=\"https:\/\/ultimosegundo.ig.com.br\/brasil\/2023-01-14\/anderson-torres-preso-pf-brasilia.html\">preso desde 14 de janeiro<\/a> \u00a0devido aos ataques aos pr\u00e9dios dos <strong>Tr\u00eas Poderes<\/strong> , em <strong>Bras\u00edlia<\/strong> .<\/p>\n<p> <strong>Ibaneis<\/strong> , por outro lado, foi afastado do cargo ap\u00f3s o epis\u00f3dio, pelo prazo de 90 dias.<\/p>\n<p>Na ocasi\u00e3o, <a href=\"https:\/\/ultimosegundo.ig.com.br\/brasil\/2023-01-08\/manifestantes-bolsonaristas-invasao-congresso-nacional.html\" data-mce-href=\"https:\/\/ultimosegundo.ig.com.br\/brasil\/2023-01-08\/manifestantes-bolsonaristas-invasao-congresso-nacional.html\">v\u00e2ndalos invadiram o\u00a0Congresso Nacional, o Planalto e o STF<\/a> . Instala\u00e7\u00f5es foram quebradas, c\u00e2meras de seguran\u00e7a arrancadas e destru\u00eddas e a fia\u00e7\u00e3o foi exposta.<\/p>\n<p>Os invasores destru\u00edram, inclusive, <a href=\"https:\/\/ultimosegundo.ig.com.br\/2023-01-09\/vandalos-destruiram-obra-de-di-cavalcanti-estimada-em-r--8-milhoes.html\" data-mce-href=\"https:\/\/ultimosegundo.ig.com.br\/2023-01-09\/vandalos-destruiram-obra-de-di-cavalcanti-estimada-em-r--8-milhoes.html\">parte importante do acervo art\u00edstico e arquitet\u00f4nico ali reunido e que &#8220;representa um cap\u00edtulo importante da hist\u00f3ria nacional&#8221;<\/a> , conforme nota emitida hoje pelo Pal\u00e1cio do Planalto.<\/p>\n<p>Entre no\u00a0 <strong> <a href=\"https:\/\/t.me\/iGUltimoSegundo\" data-mce-href=\"https:\/\/t.me\/iGUltimoSegundo\">canal do \u00daltimo Segundo no\u00a0Telegram<\/a> <\/strong> e veja as principais not\u00edcias do dia no Brasil e no Mundo. \u00a0Siga tamb\u00e9m o\u00a0 <a href=\"https:\/\/t.me\/portalig\" data-mce-href=\"https:\/\/t.me\/portalig\">perfil geral do Portal iG.<\/a> <\/p>\n<p id=\"infocoweb_fonte\" class=\"infocoweb_fonte\">Fonte: <a target=\"_blank\" href=\"http:\/\/ultimosegundo.ig.com.br\/politica\/2023-02-27\/moraes-prorroga-inquerito-investiga-torres-ibaneis-atos-brasilia.html#ba311814-4947-4e8f-904b-546b25cf0e21\" rel=\"noopener\">IG Pol\u00edtica<\/a><\/p>\n","protected":false},"excerpt":{"rendered":"<p>Nelson Jr.\/SCO\/STF &#8211; 02.12.2021 Ministro Alexandre de Moraes durante sess\u00e3o plen\u00e1ria do STF O ministro do Supremo Tribunal Federal (STF) Alexandre de Moraes prorrogou por mais 60 dias o inqu\u00e9rito que investiga a suposta omiss\u00e3o de autoridades na invas\u00e3o aos pr\u00e9dios dos Tr\u00eas Poderes, em Bras\u00edlia, em 8 de janeiro . A decis\u00e3o atende a [&hellip;]<\/p>\n","protected":false},"author":5,"featured_media":20785,"comment_status":"open","ping_status":"open","sticky":false,"template":"","format":"standard","meta":{"_acf_changed":false,"_angie_page":false,"_monsterinsights_skip_tracking":false,"_themeisle_gutenberg_block_has_review":false,"page_builder":"","footnotes":"","jetpack_publicize_message":"","jetpack_publicize_feature_enabled":true,"jetpack_social_post_already_shared":false,"jetpack_social_options":{"image_generator_settings":{"template":"highway","default_image_id":0,"font":"","enabled":false},"version":2}},"categories":[2],"tags":[1052,1640,839,1023,2670,2332],"class_list":["post-20784","post","type-post","status-publish","format-standard","has-post-thumbnail","hentry","category-politica","tag-ibaneis","tag-inquerito","tag-investiga","tag-moraes","tag-prorroga","tag-torres"],"acf":[],"nelio_content":{"autoShareEndMode":"never","automationSources":{"useCustomSentences":false,"customSentences":[]},"efiAlt":"","efiUrl":"","followers":[],"highlights":[],"isAutoShareEnabled":true,"networkImageIds":[],"permalinkQueryArgs":[],"series":[],"suggestedReferences":[]},"yoast_head":"<!-- This site is optimized with the Yoast SEO plugin v28.3 - https:\/\/yoast.com\/product\/yoast-seo-wordpress\/ -->\n<title>Moraes prorroga por 60 dias inqu\u00e9rito que investiga Torres e Ibaneis<\/title>\n<meta name=\"description\" content=\"Moraes prorroga por 60 dias inqu\u00e9rito que investiga Torres e Ibaneis\" \/>\n<meta name=\"robots\" content=\"index, follow, max-snippet:-1, max-image-preview:large, max-video-preview:-1\" \/>\n<link rel=\"canonical\" href=\"https:\/\/www.fatosefotosnews.com.br\/?p=20784\" \/>\n<meta property=\"og:locale\" content=\"pt_BR\" \/>\n<meta property=\"og:type\" content=\"article\" \/>\n<meta property=\"og:title\" content=\"Moraes prorroga por 60 dias inqu\u00e9rito que investiga Torres e Ibaneis\" \/>\n<meta property=\"og:description\" content=\"Moraes prorroga por 60 dias inqu\u00e9rito que investiga Torres e Ibaneis\" \/>\n<meta property=\"og:url\" content=\"https:\/\/www.fatosefotosnews.com.br\/?p=20784\" \/>\n<meta property=\"og:site_name\" content=\"Fatos e Fotos News\" \/>\n<meta property=\"article:published_time\" content=\"2023-02-27T22:07:23+00:00\" \/>\n<meta property=\"og:image\" content=\"https:\/\/www.fatosefotosnews.com.br\/wp-content\/uploads\/2023\/02\/2848d7524aef4721f4829543cf5387d4.jpeg\" \/>\n\t<meta property=\"og:image:width\" content=\"1024\" \/>\n\t<meta property=\"og:image:height\" content=\"575\" \/>\n\t<meta property=\"og:image:type\" content=\"image\/jpeg\" \/>\n<meta name=\"author\" content=\"Da Reda\u00e7\u00e3o\" \/>\n<meta name=\"twitter:card\" content=\"summary_large_image\" \/>\n<meta name=\"twitter:label1\" content=\"Escrito por\" \/>\n\t<meta name=\"twitter:data1\" content=\"Da Reda\u00e7\u00e3o\" \/>\n\t<meta name=\"twitter:label2\" content=\"Est. tempo de leitura\" \/>\n\t<meta name=\"twitter:data2\" content=\"99 minutos\" \/>\n<script type=\"application\/ld+json\" class=\"yoast-schema-graph\">{\"@context\":\"https:\\\/\\\/schema.org\",\"@graph\":[{\"@type\":\"Article\",\"@id\":\"https:\\\/\\\/www.fatosefotosnews.com.br\\\/?p=20784#article\",\"isPartOf\":{\"@id\":\"https:\\\/\\\/www.fatosefotosnews.com.br\\\/?p=20784\"},\"author\":{\"name\":\"Da Reda\u00e7\u00e3o\",\"@id\":\"https:\\\/\\\/www.fatosefotosnews.com.br\\\/#\\\/schema\\\/person\\\/3b80f81d08670fb1f6690e07eb8b5dc6\"},\"headline\":\"Moraes prorroga por 60 dias inqu\u00e9rito que investiga Torres e Ibaneis\",\"datePublished\":\"2023-02-27T22:07:23+00:00\",\"mainEntityOfPage\":{\"@id\":\"https:\\\/\\\/www.fatosefotosnews.com.br\\\/?p=20784\"},\"wordCount\":458,\"commentCount\":0,\"publisher\":{\"@id\":\"https:\\\/\\\/www.fatosefotosnews.com.br\\\/#organization\"},\"image\":{\"@id\":\"https:\\\/\\\/www.fatosefotosnews.com.br\\\/?p=20784#primaryimage\"},\"thumbnailUrl\":\"https:\\\/\\\/www.fatosefotosnews.com.br\\\/wp-content\\\/uploads\\\/2023\\\/02\\\/2848d7524aef4721f4829543cf5387d4.jpeg\",\"keywords\":[\"ibaneis\",\"inquerito\",\"investiga\",\"moraes\",\"prorroga\",\"torres\"],\"articleSection\":[\"Pol\u00edtica\"],\"inLanguage\":\"pt-BR\",\"potentialAction\":[{\"@type\":\"CommentAction\",\"name\":\"Comment\",\"target\":[\"https:\\\/\\\/www.fatosefotosnews.com.br\\\/?p=20784#respond\"]}]},{\"@type\":\"WebPage\",\"@id\":\"https:\\\/\\\/www.fatosefotosnews.com.br\\\/?p=20784\",\"url\":\"https:\\\/\\\/www.fatosefotosnews.com.br\\\/?p=20784\",\"name\":\"Moraes prorroga por 60 dias inqu\u00e9rito que investiga Torres e Ibaneis\",\"isPartOf\":{\"@id\":\"https:\\\/\\\/www.fatosefotosnews.com.br\\\/#website\"},\"primaryImageOfPage\":{\"@id\":\"https:\\\/\\\/www.fatosefotosnews.com.br\\\/?p=20784#primaryimage\"},\"image\":{\"@id\":\"https:\\\/\\\/www.fatosefotosnews.com.br\\\/?p=20784#primaryimage\"},\"thumbnailUrl\":\"https:\\\/\\\/www.fatosefotosnews.com.br\\\/wp-content\\\/uploads\\\/2023\\\/02\\\/2848d7524aef4721f4829543cf5387d4.jpeg\",\"datePublished\":\"2023-02-27T22:07:23+00:00\",\"description\":\"Moraes prorroga por 60 dias inqu\u00e9rito que investiga Torres e Ibaneis\",\"breadcrumb\":{\"@id\":\"https:\\\/\\\/www.fatosefotosnews.com.br\\\/?p=20784#breadcrumb\"},\"inLanguage\":\"pt-BR\",\"potentialAction\":[{\"@type\":\"ReadAction\",\"target\":[\"https:\\\/\\\/www.fatosefotosnews.com.br\\\/?p=20784\"]}]},{\"@type\":\"ImageObject\",\"inLanguage\":\"pt-BR\",\"@id\":\"https:\\\/\\\/www.fatosefotosnews.com.br\\\/?p=20784#primaryimage\",\"url\":\"https:\\\/\\\/www.fatosefotosnews.com.br\\\/wp-content\\\/uploads\\\/2023\\\/02\\\/2848d7524aef4721f4829543cf5387d4.jpeg\",\"contentUrl\":\"https:\\\/\\\/www.fatosefotosnews.com.br\\\/wp-content\\\/uploads\\\/2023\\\/02\\\/2848d7524aef4721f4829543cf5387d4.jpeg\",\"width\":1024,\"height\":575},{\"@type\":\"BreadcrumbList\",\"@id\":\"https:\\\/\\\/www.fatosefotosnews.com.br\\\/?p=20784#breadcrumb\",\"itemListElement\":[{\"@type\":\"ListItem\",\"position\":1,\"name\":\"In\u00edcio\",\"item\":\"https:\\\/\\\/www.fatosefotosnews.com.br\\\/\"},{\"@type\":\"ListItem\",\"position\":2,\"name\":\"Moraes prorroga por 60 dias inqu\u00e9rito que investiga Torres e Ibaneis\"}]},{\"@type\":\"WebSite\",\"@id\":\"https:\\\/\\\/www.fatosefotosnews.com.br\\\/#website\",\"url\":\"https:\\\/\\\/www.fatosefotosnews.com.br\\\/\",\"name\":\"Fatos e Fotos News\",\"description\":\"Um site de noticial verdadeira e confi\u00e1veis.\",\"publisher\":{\"@id\":\"https:\\\/\\\/www.fatosefotosnews.com.br\\\/#organization\"},\"potentialAction\":[{\"@type\":\"SearchAction\",\"target\":{\"@type\":\"EntryPoint\",\"urlTemplate\":\"https:\\\/\\\/www.fatosefotosnews.com.br\\\/?s={search_term_string}\"},\"query-input\":{\"@type\":\"PropertyValueSpecification\",\"valueRequired\":true,\"valueName\":\"search_term_string\"}}],\"inLanguage\":\"pt-BR\"},{\"@type\":\"Organization\",\"@id\":\"https:\\\/\\\/www.fatosefotosnews.com.br\\\/#organization\",\"name\":\"Fatos e Fotos News\",\"url\":\"https:\\\/\\\/www.fatosefotosnews.com.br\\\/\",\"logo\":{\"@type\":\"ImageObject\",\"inLanguage\":\"pt-BR\",\"@id\":\"https:\\\/\\\/www.fatosefotosnews.com.br\\\/#\\\/schema\\\/logo\\\/image\\\/\",\"url\":\"https:\\\/\\\/www.fatosefotosnews.com.br\\\/wp-content\\\/uploads\\\/2023\\\/02\\\/Fatos-e-Fotos-news-logo.png\",\"contentUrl\":\"https:\\\/\\\/www.fatosefotosnews.com.br\\\/wp-content\\\/uploads\\\/2023\\\/02\\\/Fatos-e-Fotos-news-logo.png\",\"width\":300,\"height\":58,\"caption\":\"Fatos e Fotos News\"},\"image\":{\"@id\":\"https:\\\/\\\/www.fatosefotosnews.com.br\\\/#\\\/schema\\\/logo\\\/image\\\/\"}},{\"@type\":\"Person\",\"@id\":\"https:\\\/\\\/www.fatosefotosnews.com.br\\\/#\\\/schema\\\/person\\\/3b80f81d08670fb1f6690e07eb8b5dc6\",\"name\":\"Da Reda\u00e7\u00e3o\",\"image\":{\"@type\":\"ImageObject\",\"inLanguage\":\"pt-BR\",\"@id\":\"https:\\\/\\\/secure.gravatar.com\\\/avatar\\\/696d39935a657bf0fc95044dbc9f912520430a0eb6dd46c85dd97eb6483b249b?s=96&d=mm&r=g\",\"url\":\"https:\\\/\\\/secure.gravatar.com\\\/avatar\\\/696d39935a657bf0fc95044dbc9f912520430a0eb6dd46c85dd97eb6483b249b?s=96&d=mm&r=g\",\"contentUrl\":\"https:\\\/\\\/secure.gravatar.com\\\/avatar\\\/696d39935a657bf0fc95044dbc9f912520430a0eb6dd46c85dd97eb6483b249b?s=96&d=mm&r=g\",\"caption\":\"Da Reda\u00e7\u00e3o\"},\"url\":\"https:\\\/\\\/www.fatosefotosnews.com.br\\\/?author=5\"}]}<\/script>\n<!-- \/ Yoast SEO plugin. -->","yoast_head_json":{"title":"Moraes prorroga por 60 dias inqu\u00e9rito que investiga Torres e Ibaneis","description":"Moraes prorroga por 60 dias inqu\u00e9rito que investiga Torres e Ibaneis","robots":{"index":"index","follow":"follow","max-snippet":"max-snippet:-1","max-image-preview":"max-image-preview:large","max-video-preview":"max-video-preview:-1"},"canonical":"https:\/\/www.fatosefotosnews.com.br\/?p=20784","og_locale":"pt_BR","og_type":"article","og_title":"Moraes prorroga por 60 dias inqu\u00e9rito que investiga Torres e Ibaneis","og_description":"Moraes prorroga por 60 dias inqu\u00e9rito que investiga Torres e Ibaneis","og_url":"https:\/\/www.fatosefotosnews.com.br\/?p=20784","og_site_name":"Fatos e Fotos News","article_published_time":"2023-02-27T22:07:23+00:00","og_image":[{"width":1024,"height":575,"url":"https:\/\/www.fatosefotosnews.com.br\/wp-content\/uploads\/2023\/02\/2848d7524aef4721f4829543cf5387d4.jpeg","type":"image\/jpeg"}],"author":"Da Reda\u00e7\u00e3o","twitter_card":"summary_large_image","twitter_misc":{"Escrito por":"Da Reda\u00e7\u00e3o","Est. tempo de leitura":"99 minutos"},"schema":{"@context":"https:\/\/schema.org","@graph":[{"@type":"Article","@id":"https:\/\/www.fatosefotosnews.com.br\/?p=20784#article","isPartOf":{"@id":"https:\/\/www.fatosefotosnews.com.br\/?p=20784"},"author":{"name":"Da Reda\u00e7\u00e3o","@id":"https:\/\/www.fatosefotosnews.com.br\/#\/schema\/person\/3b80f81d08670fb1f6690e07eb8b5dc6"},"headline":"Moraes prorroga por 60 dias inqu\u00e9rito que investiga Torres e Ibaneis","datePublished":"2023-02-27T22:07:23+00:00","mainEntityOfPage":{"@id":"https:\/\/www.fatosefotosnews.com.br\/?p=20784"},"wordCount":458,"commentCount":0,"publisher":{"@id":"https:\/\/www.fatosefotosnews.com.br\/#organization"},"image":{"@id":"https:\/\/www.fatosefotosnews.com.br\/?p=20784#primaryimage"},"thumbnailUrl":"https:\/\/www.fatosefotosnews.com.br\/wp-content\/uploads\/2023\/02\/2848d7524aef4721f4829543cf5387d4.jpeg","keywords":["ibaneis","inquerito","investiga","moraes","prorroga","torres"],"articleSection":["Pol\u00edtica"],"inLanguage":"pt-BR","potentialAction":[{"@type":"CommentAction","name":"Comment","target":["https:\/\/www.fatosefotosnews.com.br\/?p=20784#respond"]}]},{"@type":"WebPage","@id":"https:\/\/www.fatosefotosnews.com.br\/?p=20784","url":"https:\/\/www.fatosefotosnews.com.br\/?p=20784","name":"Moraes prorroga por 60 dias inqu\u00e9rito que investiga Torres e Ibaneis","isPartOf":{"@id":"https:\/\/www.fatosefotosnews.com.br\/#website"},"primaryImageOfPage":{"@id":"https:\/\/www.fatosefotosnews.com.br\/?p=20784#primaryimage"},"image":{"@id":"https:\/\/www.fatosefotosnews.com.br\/?p=20784#primaryimage"},"thumbnailUrl":"https:\/\/www.fatosefotosnews.com.br\/wp-content\/uploads\/2023\/02\/2848d7524aef4721f4829543cf5387d4.jpeg","datePublished":"2023-02-27T22:07:23+00:00","description":"Moraes prorroga por 60 dias inqu\u00e9rito que investiga Torres e Ibaneis","breadcrumb":{"@id":"https:\/\/www.fatosefotosnews.com.br\/?p=20784#breadcrumb"},"inLanguage":"pt-BR","potentialAction":[{"@type":"ReadAction","target":["https:\/\/www.fatosefotosnews.com.br\/?p=20784"]}]},{"@type":"ImageObject","inLanguage":"pt-BR","@id":"https:\/\/www.fatosefotosnews.com.br\/?p=20784#primaryimage","url":"https:\/\/www.fatosefotosnews.com.br\/wp-content\/uploads\/2023\/02\/2848d7524aef4721f4829543cf5387d4.jpeg","contentUrl":"https:\/\/www.fatosefotosnews.com.br\/wp-content\/uploads\/2023\/02\/2848d7524aef4721f4829543cf5387d4.jpeg","width":1024,"height":575},{"@type":"BreadcrumbList","@id":"https:\/\/www.fatosefotosnews.com.br\/?p=20784#breadcrumb","itemListElement":[{"@type":"ListItem","position":1,"name":"In\u00edcio","item":"https:\/\/www.fatosefotosnews.com.br\/"},{"@type":"ListItem","position":2,"name":"Moraes prorroga por 60 dias inqu\u00e9rito que investiga Torres e Ibaneis"}]},{"@type":"WebSite","@id":"https:\/\/www.fatosefotosnews.com.br\/#website","url":"https:\/\/www.fatosefotosnews.com.br\/","name":"Fatos e Fotos News","description":"Um site de noticial verdadeira e confi\u00e1veis.","publisher":{"@id":"https:\/\/www.fatosefotosnews.com.br\/#organization"},"potentialAction":[{"@type":"SearchAction","target":{"@type":"EntryPoint","urlTemplate":"https:\/\/www.fatosefotosnews.com.br\/?s={search_term_string}"},"query-input":{"@type":"PropertyValueSpecification","valueRequired":true,"valueName":"search_term_string"}}],"inLanguage":"pt-BR"},{"@type":"Organization","@id":"https:\/\/www.fatosefotosnews.com.br\/#organization","name":"Fatos e Fotos News","url":"https:\/\/www.fatosefotosnews.com.br\/","logo":{"@type":"ImageObject","inLanguage":"pt-BR","@id":"https:\/\/www.fatosefotosnews.com.br\/#\/schema\/logo\/image\/","url":"https:\/\/www.fatosefotosnews.com.br\/wp-content\/uploads\/2023\/02\/Fatos-e-Fotos-news-logo.png","contentUrl":"https:\/\/www.fatosefotosnews.com.br\/wp-content\/uploads\/2023\/02\/Fatos-e-Fotos-news-logo.png","width":300,"height":58,"caption":"Fatos e Fotos News"},"image":{"@id":"https:\/\/www.fatosefotosnews.com.br\/#\/schema\/logo\/image\/"}},{"@type":"Person","@id":"https:\/\/www.fatosefotosnews.com.br\/#\/schema\/person\/3b80f81d08670fb1f6690e07eb8b5dc6","name":"Da Reda\u00e7\u00e3o","image":{"@type":"ImageObject","inLanguage":"pt-BR","@id":"https:\/\/secure.gravatar.com\/avatar\/696d39935a657bf0fc95044dbc9f912520430a0eb6dd46c85dd97eb6483b249b?s=96&d=mm&r=g","url":"https:\/\/secure.gravatar.com\/avatar\/696d39935a657bf0fc95044dbc9f912520430a0eb6dd46c85dd97eb6483b249b?s=96&d=mm&r=g","contentUrl":"https:\/\/secure.gravatar.com\/avatar\/696d39935a657bf0fc95044dbc9f912520430a0eb6dd46c85dd97eb6483b249b?s=96&d=mm&r=g","caption":"Da Reda\u00e7\u00e3o"},"url":"https:\/\/www.fatosefotosnews.com.br\/?author=5"}]}},"jetpack_publicize_connections":[],"blog_post_layout_featured_media_urls":{"thumbnail":["https:\/\/www.fatosefotosnews.com.br\/wp-content\/uploads\/2023\/02\/2848d7524aef4721f4829543cf5387d4-150x150.jpeg",150,150,true],"full":["https:\/\/www.fatosefotosnews.com.br\/wp-content\/uploads\/2023\/02\/2848d7524aef4721f4829543cf5387d4.jpeg",1024,575,false]},"categories_names":{"2":{"name":"Pol\u00edtica","link":"https:\/\/www.fatosefotosnews.com.br\/?cat=2"}},"tags_names":{"1052":{"name":"ibaneis","link":"https:\/\/www.fatosefotosnews.com.br\/?tag=ibaneis"},"1640":{"name":"inquerito","link":"https:\/\/www.fatosefotosnews.com.br\/?tag=inquerito"},"839":{"name":"investiga","link":"https:\/\/www.fatosefotosnews.com.br\/?tag=investiga"},"1023":{"name":"moraes","link":"https:\/\/www.fatosefotosnews.com.br\/?tag=moraes"},"2670":{"name":"prorroga","link":"https:\/\/www.fatosefotosnews.com.br\/?tag=prorroga"},"2332":{"name":"torres","link":"https:\/\/www.fatosefotosnews.com.br\/?tag=torres"}},"comments_number":"0","wpmagazine_modules_lite_featured_media_urls":{"thumbnail":["https:\/\/www.fatosefotosnews.com.br\/wp-content\/uploads\/2023\/02\/2848d7524aef4721f4829543cf5387d4-150x150.jpeg",150,150,true],"cvmm-medium":["https:\/\/www.fatosefotosnews.com.br\/wp-content\/uploads\/2023\/02\/2848d7524aef4721f4829543cf5387d4-300x300.jpeg",300,300,true],"cvmm-medium-plus":["https:\/\/www.fatosefotosnews.com.br\/wp-content\/uploads\/2023\/02\/2848d7524aef4721f4829543cf5387d4-305x207.jpeg",305,207,true],"cvmm-portrait":["https:\/\/www.fatosefotosnews.com.br\/wp-content\/uploads\/2023\/02\/2848d7524aef4721f4829543cf5387d4-400x575.jpeg",400,575,true],"cvmm-medium-square":["https:\/\/www.fatosefotosnews.com.br\/wp-content\/uploads\/2023\/02\/2848d7524aef4721f4829543cf5387d4-600x575.jpeg",600,575,true],"cvmm-large":["https:\/\/www.fatosefotosnews.com.br\/wp-content\/uploads\/2023\/02\/2848d7524aef4721f4829543cf5387d4.jpeg",1024,575,false],"cvmm-small":["https:\/\/www.fatosefotosnews.com.br\/wp-content\/uploads\/2023\/02\/2848d7524aef4721f4829543cf5387d4-130x95.jpeg",130,95,true],"full":["https:\/\/www.fatosefotosnews.com.br\/wp-content\/uploads\/2023\/02\/2848d7524aef4721f4829543cf5387d4.jpeg",1024,575,false]},"_links":{"self":[{"href":"https:\/\/www.fatosefotosnews.com.br\/index.php?rest_route=\/wp\/v2\/posts\/20784","targetHints":{"allow":["GET"]}}],"collection":[{"href":"https:\/\/www.fatosefotosnews.com.br\/index.php?rest_route=\/wp\/v2\/posts"}],"about":[{"href":"https:\/\/www.fatosefotosnews.com.br\/index.php?rest_route=\/wp\/v2\/types\/post"}],"author":[{"embeddable":true,"href":"https:\/\/www.fatosefotosnews.com.br\/index.php?rest_route=\/wp\/v2\/users\/5"}],"replies":[{"embeddable":true,"href":"https:\/\/www.fatosefotosnews.com.br\/index.php?rest_route=%2Fwp%2Fv2%2Fcomments&post=20784"}],"version-history":[{"count":0,"href":"https:\/\/www.fatosefotosnews.com.br\/index.php?rest_route=\/wp\/v2\/posts\/20784\/revisions"}],"wp:featuredmedia":[{"embeddable":true,"href":"https:\/\/www.fatosefotosnews.com.br\/index.php?rest_route=\/wp\/v2\/media\/20785"}],"wp:attachment":[{"href":"https:\/\/www.fatosefotosnews.com.br\/index.php?rest_route=%2Fwp%2Fv2%2Fmedia&parent=20784"}],"wp:term":[{"taxonomy":"category","embeddable":true,"href":"https:\/\/www.fatosefotosnews.com.br\/index.php?rest_route=%2Fwp%2Fv2%2Fcategories&post=20784"},{"taxonomy":"post_tag","embeddable":true,"href":"https:\/\/www.fatosefotosnews.com.br\/index.php?rest_route=%2Fwp%2Fv2%2Ftags&post=20784"}],"curies":[{"name":"wp","href":"https:\/\/api.w.org\/{rel}","templated":true}]}}