{"id":21156,"date":"2023-03-01T14:16:04","date_gmt":"2023-03-01T17:16:04","guid":{"rendered":"https:\/\/www.fatosefotosnews.com.br\/governo-apresentara-pl-sobre-igualdade-salarial-entre-homem-e-mulher\/"},"modified":"2023-03-01T14:16:04","modified_gmt":"2023-03-01T17:16:04","slug":"governo-apresentara-pl-sobre-igualdade-salarial-entre-homem-e-mulher","status":"publish","type":"post","link":"https:\/\/www.fatosefotosnews.com.br\/?p=21156","title":{"rendered":"Governo apresentar\u00e1 PL sobre igualdade salarial entre homem e mulher"},"content":{"rendered":"<div class=\"post-item-wrap\">\n<p>A ministra do Planejamento e Or\u00e7amento, Simone Tebet, confirmou nesta quarta-feira (1\u00ba) que o governo apresentar\u00e1 um projeto de lei (PL) para garantir a igualdade de sal\u00e1rio entre homens e mulheres no Brasil. Ontem (28), o presidente Luiz In\u00e1cio Lula da Silva adiantou que a medida ser\u00e1 anunciada no pr\u00f3ximo dia 8 de mar\u00e7o, em celebra\u00e7\u00e3o ao Dia Internacional da Mulher.<img decoding=\"async\" src=\"https:\/\/agenciabrasil.ebc.com.br\/ebc.png?id=1513487&#038;o=node\" style=\"width:1px;height:1px\"><img decoding=\"async\" src=\"https:\/\/agenciabrasil.ebc.com.br\/ebc.gif?id=1513487&#038;o=node\" style=\"width:1px;height:1px\"><\/p>\n<p>O projeto ainda est\u00e1 em constru\u00e7\u00e3o, mas deve mexer na Consolida\u00e7\u00e3o das Leis do Trabalho (CLT) e, a partir da aprova\u00e7\u00e3o, a lei ter\u00e1 efeito imediato. A ministra explicou que a reforma trabalhista, aprovada em 2018, inseriu um dispositivo que estabelece multa para empresas que pagarem sal\u00e1rios diferentes para homens e mulheres que exer\u00e7am a mesma fun\u00e7\u00e3o, mas segundo ela, a multa \u00e9 t\u00e3o pequena, que acaba estimulando a desigualdade.<\/p>\n<p>\u201cN\u00f3s temos que mudar essa lei da reforma trabalhista para colocar uma multa maior, para n\u00e3o valer a pena tratar de forma desigual homens e mulheres\u201d, disse ap\u00f3s evento, no Pal\u00e1cio do Planalto, para abertura do m\u00eas da mulher. \u201cA lei \u00e9 o primeiro passo, mas n\u00f3s sabemos que a discrimina\u00e7\u00e3o ela \u00e9 cultural, ela \u00e9 estrutural, e depois, a m\u00e9dio prazo, par e passo com pol\u00edticas p\u00fablicas, com divulga\u00e7\u00e3o atrav\u00e9s da m\u00eddia, n\u00f3s conseguiremos alcan\u00e7ar essa igualdade salarial que \u00e9 a base para que a mulher tenha igualdade de direitos\u201d, argumentou.<\/p>\n<p>Em 2021, o Pal\u00e1cio do Planalto, na gest\u00e3o de Jair Bolsonaro, chegou a devolver ao Congresso um projeto de lei, que estava pronto para san\u00e7\u00e3o, que aumentava essa multa no valor correspondente a cinco vezes a diferen\u00e7a salarial paga pelo empregador. O projeto, ent\u00e3o, ficou parado na C\u00e2mara dos Deputados.<\/p>\n<p>Segundo Tebet, estudos do Banco Mundial e de organismos internacionais apontam que \u00e9 poss\u00edvel erradicar a mis\u00e9ria no mundo apenas igualando sal\u00e1rio entre homens e mulheres nos mercados de trabalho. \u201cVoc\u00ea aumenta o PIB [Produto Interno Bruto, soma das riquezas de um pa\u00eds] com essa igualdade salarial porque voc\u00ea redistribui a renda e a receita. A mulher quando recebe sal\u00e1rio, sabemos, n\u00f3s colocamos praticamente 100% desse sal\u00e1rio na conta da fam\u00edlia, fazemos girar a economia naquilo que mais precisa: comida na mesa, um sapato [roupas] pra crian\u00e7a, material escolar, prote\u00e7\u00e3o dos nossos filhos e das nossas fam\u00edlias\u201d, afirmou.<\/p>\n<h2>Empoderamento<\/h2>\n<p>A convite da primeira-dama, Janja Lula Silva, e da ministra das Mulheres, Cida Gon\u00e7alves, o evento, no Pal\u00e1cio do Planalto, reuniu as ministras do governo e as presidentas do Banco do Brasil, Tarciana Medeiros, e da Caixa Econ\u00f4mica Federal, Rita Serrano. Na ocasi\u00e3o, foi apresentada a marca da campanha do governo federal para o 8 de Mar\u00e7o.<\/p>\n<p>Segundo Cida, devem ser anunciadas na semana que vem a\u00e7\u00f5es transversais de mais de 30 minist\u00e9rios, pol\u00edticas p\u00fablicas que alcan\u00e7am a pauta das mulheres em diversas \u00e1reas. \u201cPorque somos n\u00f3s mulheres que estamos abaixo da linha da pobreza, principalmente mulheres negras que estamos passando fome, somos m\u00e3e solos, somos mortas e temos nossos corpos violados todos os dias\u201d, afirmou.<\/p>\n<p>Durante sua fala no encontro, a primeira-dama Janja destacou que diminuir o feminic\u00eddio, assim como acabar com a fome s\u00e3o \u201cobsess\u00f5es\u201d do presidente Lula.<\/p>\n<p>Para Cida Gon\u00e7anlves, o governo do presidente Lula est\u00e1 fortalecendo a democracia com a amplia\u00e7\u00e3o dos espa\u00e7os de poder para as mulheres. Na composi\u00e7\u00e3o do seu minist\u00e9rio, o presidente nomeou o recorde de 11 mulheres ministras, al\u00e9m das presidentas da Caixa e do Banco do Brasil.<\/p>\n<p>A presidenta do Banco do Brasil, Tarciana Medeiros, \u00e9 a primeira mulher a assumir o comando do banco, em toda sua hist\u00f3ria, e, segundo ela, isso n\u00e3o deve ficar apenas no simbolismo.<\/p>\n<p>\u201cQuando uma mulher vem, ela traz outras. No Conselho Diretor temos mais tr\u00eas mulheres, somos oito [diretores] no total, ent\u00e3o estamos no caminho da equidade. Esse \u00e9 o primeiro passo, estamos compondo as diretorias e traremos mais mulheres\u201d, disse. \u201cTodas as pol\u00edticas p\u00fablicas para as mulheres elas s\u00e3o estruturantes, esse lugar j\u00e1 \u00e9 nosso e nunca mais deixar\u00e1 de ser. E essa vis\u00e3o do presidente [Lula] traz a materialidade da diversidade\u201d, completou.<\/p>\n<p>Para a ministra da Ci\u00eancia e Tecnologia e Inova\u00e7\u00e3o, Luciana Santos, a supera\u00e7\u00e3o da desigualdade passa pela eleva\u00e7\u00e3o do n\u00edvel de consci\u00eancia da opress\u00e3o, no caso \u00e0s mulheres, e pela vontade pol\u00edtica do Estado. No campo da ci\u00eancia e da pesquisa, segundo ela, os an\u00fancios que ser\u00e3o feitos no pr\u00f3ximo dia 8 v\u00e3o no sentido de garantir o acesso, a ascens\u00e3o, a perman\u00eancia e a valoriza\u00e7\u00e3o do papel das mulheres nessa \u00e1rea.<\/p>\n<p>\u00c9 preciso ainda, para Luciana, dar visibilidade \u00e0 hist\u00f3ria de mulheres para inspirar as meninas cientistas. Ela citou Alves Marques que, em 1945, tornou-se a primeira mulher a concluir o curso de engenharia no estado do Paran\u00e1 e a primeira engenheira negra do Brasil; e, mais recentemente, a <a href=\"https:\/\/agenciabrasil.ebc.com.br\/geral\/noticia\/2020-11\/pesquisadora-brasileira-integra-grupo-da-onu-de-divulgacao-cientifica\" target=\"_blank\" rel=\"noopener\">cientista brasileira<\/a> Jaqueline Goes de Jesus, uma mulher negra, foi uma das respons\u00e1veis pelo sequenciamento gen\u00e9tico do novo coronav\u00edrus dos primeiros casos de covid-19 na Am\u00e9rica Latina.<\/p>\n<h2>Repara\u00e7\u00e3o<\/h2>\n<p>Tamb\u00e9m em celebra\u00e7\u00e3o o m\u00eas do Dia Internacional da Mulher, a Articula\u00e7\u00e3o de Organiza\u00e7\u00f5es de Mulheres Negras Brasileiras e a Rede de Mulheres Negras do Nordeste lan\u00e7aram hoje a 5\u00aa edi\u00e7\u00e3o do Mar\u00e7o de Lutas, um movimento que, este ano, traz o tema da repara\u00e7\u00e3o como mote central de reflex\u00f5es.<\/p>\n<p>\u201cMulheres negras s\u00e3o o maior grupo demogr\u00e1fico do pa\u00eds e t\u00ea-las ocupando os piores <em>rankings<\/em> sociais \u00e9 o retrato de um Brasil que ainda insiste em n\u00e3o querer discutir os efeitos do racismo enquanto motor da na\u00e7\u00e3o, Estado e sociedade\u201d, diz o comunicado das entidades.<\/p>\n<p>Para os organizadores do movimento, \u00e9 preciso \u201cjogar luzes sobre o longo per\u00edodo escravista\u201d do Brasil que \u201cajuda a entender a realidade de desigualdades e opress\u00f5es contra a popula\u00e7\u00e3o negra em geral, e contra as mulheres negras em particular \u2013 visto que assim como o racismo, o sexismo e as viol\u00eancias de g\u00eanero s\u00e3o igualmente fruto do colonialismo\u201d.<\/p>\n<p>\u201cNesse sentido, \u00e9 importante expandir o di\u00e1logo sobre pol\u00edticas de repara\u00e7\u00e3o no Brasil, \u00faltimo pa\u00eds do mundo a abolir o regime escravagista. Uma aboli\u00e7\u00e3o falsa, incompleta, sem oferecer meios para pessoas negras libertas constru\u00edrem vida digna, adotando na ci\u00eancia e na legisla\u00e7\u00e3o que imperou em quase todo s\u00e9culo 20, teses eugenistas que defendiam e acreditavam que n\u00e3o chegar\u00edamos vivos at\u00e9 aqui, e hoje, o Brasil seria um pa\u00eds branco\u201d, diz o documento.<\/p>\n<\/p>\n<\/div>\n<p class=\"alt-font font-italic my-2 small text-info\">                                                 Edi\u00e7\u00e3o:   Val\u00e9ria Aguiar                    <\/p>\n<p id=\"infocoweb_fonte\" class=\"infocoweb_fonte\">Fonte: <a target=\"_blank\" href=\"http:\/\/agenciabrasil.ebc.com.br\/economia\/noticia\/2023-03\/governo-apresentara-pl-sobre-igualdade-salarial-entre-homem-e-mulher#647f67a7-5921-41b1-b3a3-897c579bda52\" rel=\"noopener\">EBC Economia<\/a><\/p>\n","protected":false},"excerpt":{"rendered":"<p>A ministra do Planejamento e Or\u00e7amento, Simone Tebet, confirmou nesta quarta-feira (1\u00ba) que o governo apresentar\u00e1 um projeto de lei (PL) para garantir a igualdade de sal\u00e1rio entre homens e mulheres no Brasil. Ontem (28), o presidente Luiz In\u00e1cio Lula da Silva adiantou que a medida ser\u00e1 anunciada no pr\u00f3ximo dia 8 de mar\u00e7o, em [&hellip;]<\/p>\n","protected":false},"author":5,"featured_media":21157,"comment_status":"open","ping_status":"open","sticky":false,"template":"","format":"standard","meta":{"_acf_changed":false,"_angie_page":false,"_monsterinsights_skip_tracking":false,"_themeisle_gutenberg_block_has_review":false,"page_builder":"","footnotes":"","jetpack_publicize_message":"","jetpack_publicize_feature_enabled":true,"jetpack_social_post_already_shared":false,"jetpack_social_options":{"image_generator_settings":{"template":"highway","default_image_id":0,"font":"","enabled":false},"version":2}},"categories":[167],"tags":[3004,423,663,1572,2731,686,587],"class_list":["post-21156","post","type-post","status-publish","format-standard","has-post-thumbnail","hentry","category-geral","tag-apresentara","tag-entre","tag-governo","tag-homem","tag-igualdade","tag-salarial","tag-sobre"],"acf":[],"nelio_content":{"autoShareEndMode":"never","automationSources":{"useCustomSentences":false,"customSentences":[]},"efiAlt":"","efiUrl":"","followers":[],"highlights":[],"isAutoShareEnabled":true,"networkImageIds":[],"permalinkQueryArgs":[],"series":[],"suggestedReferences":[]},"yoast_head":"<!-- This site is optimized with the Yoast SEO plugin v28.3 - https:\/\/yoast.com\/product\/yoast-seo-wordpress\/ -->\n<title>Governo apresentar\u00e1 PL sobre igualdade salarial entre homem e mulher<\/title>\n<meta name=\"description\" content=\"Governo apresentar\u00e1 PL sobre igualdade salarial entre homem e mulher\" \/>\n<meta name=\"robots\" content=\"index, follow, max-snippet:-1, max-image-preview:large, max-video-preview:-1\" \/>\n<link rel=\"canonical\" href=\"https:\/\/www.fatosefotosnews.com.br\/?p=21156\" \/>\n<meta property=\"og:locale\" content=\"pt_BR\" \/>\n<meta property=\"og:type\" content=\"article\" \/>\n<meta property=\"og:title\" content=\"Governo apresentar\u00e1 PL sobre igualdade salarial entre homem e mulher\" \/>\n<meta property=\"og:description\" content=\"Governo apresentar\u00e1 PL sobre igualdade salarial entre homem e mulher\" \/>\n<meta property=\"og:url\" content=\"https:\/\/www.fatosefotosnews.com.br\/?p=21156\" \/>\n<meta property=\"og:site_name\" content=\"Fatos e Fotos News\" \/>\n<meta property=\"article:published_time\" content=\"2023-03-01T17:16:04+00:00\" \/>\n<meta property=\"og:image\" content=\"https:\/\/www.fatosefotosnews.com.br\/wp-content\/uploads\/2023\/03\/d030d7bf0e23560d5372f6d4bb25e82a.jpeg\" \/>\n\t<meta property=\"og:image:width\" content=\"1024\" \/>\n\t<meta property=\"og:image:height\" content=\"512\" \/>\n\t<meta property=\"og:image:type\" content=\"image\/jpeg\" \/>\n<meta name=\"author\" content=\"Da Reda\u00e7\u00e3o\" \/>\n<meta name=\"twitter:card\" content=\"summary_large_image\" \/>\n<meta name=\"twitter:label1\" content=\"Escrito por\" \/>\n\t<meta name=\"twitter:data1\" content=\"Da Reda\u00e7\u00e3o\" \/>\n\t<meta name=\"twitter:label2\" content=\"Est. tempo de leitura\" \/>\n\t<meta name=\"twitter:data2\" content=\"99 minutos\" \/>\n<script type=\"application\/ld+json\" class=\"yoast-schema-graph\">{\"@context\":\"https:\\\/\\\/schema.org\",\"@graph\":[{\"@type\":\"Article\",\"@id\":\"https:\\\/\\\/www.fatosefotosnews.com.br\\\/?p=21156#article\",\"isPartOf\":{\"@id\":\"https:\\\/\\\/www.fatosefotosnews.com.br\\\/?p=21156\"},\"author\":{\"name\":\"Da Reda\u00e7\u00e3o\",\"@id\":\"https:\\\/\\\/www.fatosefotosnews.com.br\\\/#\\\/schema\\\/person\\\/3b80f81d08670fb1f6690e07eb8b5dc6\"},\"headline\":\"Governo apresentar\u00e1 PL sobre igualdade salarial entre homem e mulher\",\"datePublished\":\"2023-03-01T17:16:04+00:00\",\"mainEntityOfPage\":{\"@id\":\"https:\\\/\\\/www.fatosefotosnews.com.br\\\/?p=21156\"},\"wordCount\":1155,\"commentCount\":0,\"publisher\":{\"@id\":\"https:\\\/\\\/www.fatosefotosnews.com.br\\\/#organization\"},\"image\":{\"@id\":\"https:\\\/\\\/www.fatosefotosnews.com.br\\\/?p=21156#primaryimage\"},\"thumbnailUrl\":\"https:\\\/\\\/www.fatosefotosnews.com.br\\\/wp-content\\\/uploads\\\/2023\\\/03\\\/d030d7bf0e23560d5372f6d4bb25e82a.jpeg\",\"keywords\":[\"apresentara\",\"entre\",\"governo\",\"homem\",\"igualdade\",\"salarial\",\"sobre\"],\"articleSection\":[\"Geral\"],\"inLanguage\":\"pt-BR\",\"potentialAction\":[{\"@type\":\"CommentAction\",\"name\":\"Comment\",\"target\":[\"https:\\\/\\\/www.fatosefotosnews.com.br\\\/?p=21156#respond\"]}]},{\"@type\":\"WebPage\",\"@id\":\"https:\\\/\\\/www.fatosefotosnews.com.br\\\/?p=21156\",\"url\":\"https:\\\/\\\/www.fatosefotosnews.com.br\\\/?p=21156\",\"name\":\"Governo apresentar\u00e1 PL sobre igualdade salarial entre homem e mulher\",\"isPartOf\":{\"@id\":\"https:\\\/\\\/www.fatosefotosnews.com.br\\\/#website\"},\"primaryImageOfPage\":{\"@id\":\"https:\\\/\\\/www.fatosefotosnews.com.br\\\/?p=21156#primaryimage\"},\"image\":{\"@id\":\"https:\\\/\\\/www.fatosefotosnews.com.br\\\/?p=21156#primaryimage\"},\"thumbnailUrl\":\"https:\\\/\\\/www.fatosefotosnews.com.br\\\/wp-content\\\/uploads\\\/2023\\\/03\\\/d030d7bf0e23560d5372f6d4bb25e82a.jpeg\",\"datePublished\":\"2023-03-01T17:16:04+00:00\",\"description\":\"Governo apresentar\u00e1 PL sobre igualdade salarial entre homem e mulher\",\"breadcrumb\":{\"@id\":\"https:\\\/\\\/www.fatosefotosnews.com.br\\\/?p=21156#breadcrumb\"},\"inLanguage\":\"pt-BR\",\"potentialAction\":[{\"@type\":\"ReadAction\",\"target\":[\"https:\\\/\\\/www.fatosefotosnews.com.br\\\/?p=21156\"]}]},{\"@type\":\"ImageObject\",\"inLanguage\":\"pt-BR\",\"@id\":\"https:\\\/\\\/www.fatosefotosnews.com.br\\\/?p=21156#primaryimage\",\"url\":\"https:\\\/\\\/www.fatosefotosnews.com.br\\\/wp-content\\\/uploads\\\/2023\\\/03\\\/d030d7bf0e23560d5372f6d4bb25e82a.jpeg\",\"contentUrl\":\"https:\\\/\\\/www.fatosefotosnews.com.br\\\/wp-content\\\/uploads\\\/2023\\\/03\\\/d030d7bf0e23560d5372f6d4bb25e82a.jpeg\",\"width\":1024,\"height\":512,\"caption\":\"\u00a9 Ant\u00f4nio Cruz\\\/Agencia\"},{\"@type\":\"BreadcrumbList\",\"@id\":\"https:\\\/\\\/www.fatosefotosnews.com.br\\\/?p=21156#breadcrumb\",\"itemListElement\":[{\"@type\":\"ListItem\",\"position\":1,\"name\":\"In\u00edcio\",\"item\":\"https:\\\/\\\/www.fatosefotosnews.com.br\\\/\"},{\"@type\":\"ListItem\",\"position\":2,\"name\":\"Governo apresentar\u00e1 PL sobre igualdade salarial entre homem e mulher\"}]},{\"@type\":\"WebSite\",\"@id\":\"https:\\\/\\\/www.fatosefotosnews.com.br\\\/#website\",\"url\":\"https:\\\/\\\/www.fatosefotosnews.com.br\\\/\",\"name\":\"Fatos e Fotos News\",\"description\":\"Um site de noticial verdadeira e confi\u00e1veis.\",\"publisher\":{\"@id\":\"https:\\\/\\\/www.fatosefotosnews.com.br\\\/#organization\"},\"potentialAction\":[{\"@type\":\"SearchAction\",\"target\":{\"@type\":\"EntryPoint\",\"urlTemplate\":\"https:\\\/\\\/www.fatosefotosnews.com.br\\\/?s={search_term_string}\"},\"query-input\":{\"@type\":\"PropertyValueSpecification\",\"valueRequired\":true,\"valueName\":\"search_term_string\"}}],\"inLanguage\":\"pt-BR\"},{\"@type\":\"Organization\",\"@id\":\"https:\\\/\\\/www.fatosefotosnews.com.br\\\/#organization\",\"name\":\"Fatos e Fotos News\",\"url\":\"https:\\\/\\\/www.fatosefotosnews.com.br\\\/\",\"logo\":{\"@type\":\"ImageObject\",\"inLanguage\":\"pt-BR\",\"@id\":\"https:\\\/\\\/www.fatosefotosnews.com.br\\\/#\\\/schema\\\/logo\\\/image\\\/\",\"url\":\"https:\\\/\\\/www.fatosefotosnews.com.br\\\/wp-content\\\/uploads\\\/2023\\\/02\\\/Fatos-e-Fotos-news-logo.png\",\"contentUrl\":\"https:\\\/\\\/www.fatosefotosnews.com.br\\\/wp-content\\\/uploads\\\/2023\\\/02\\\/Fatos-e-Fotos-news-logo.png\",\"width\":300,\"height\":58,\"caption\":\"Fatos e Fotos News\"},\"image\":{\"@id\":\"https:\\\/\\\/www.fatosefotosnews.com.br\\\/#\\\/schema\\\/logo\\\/image\\\/\"}},{\"@type\":\"Person\",\"@id\":\"https:\\\/\\\/www.fatosefotosnews.com.br\\\/#\\\/schema\\\/person\\\/3b80f81d08670fb1f6690e07eb8b5dc6\",\"name\":\"Da Reda\u00e7\u00e3o\",\"image\":{\"@type\":\"ImageObject\",\"inLanguage\":\"pt-BR\",\"@id\":\"https:\\\/\\\/secure.gravatar.com\\\/avatar\\\/696d39935a657bf0fc95044dbc9f912520430a0eb6dd46c85dd97eb6483b249b?s=96&d=mm&r=g\",\"url\":\"https:\\\/\\\/secure.gravatar.com\\\/avatar\\\/696d39935a657bf0fc95044dbc9f912520430a0eb6dd46c85dd97eb6483b249b?s=96&d=mm&r=g\",\"contentUrl\":\"https:\\\/\\\/secure.gravatar.com\\\/avatar\\\/696d39935a657bf0fc95044dbc9f912520430a0eb6dd46c85dd97eb6483b249b?s=96&d=mm&r=g\",\"caption\":\"Da Reda\u00e7\u00e3o\"},\"url\":\"https:\\\/\\\/www.fatosefotosnews.com.br\\\/?author=5\"}]}<\/script>\n<!-- \/ Yoast SEO plugin. -->","yoast_head_json":{"title":"Governo apresentar\u00e1 PL sobre igualdade salarial entre homem e mulher","description":"Governo apresentar\u00e1 PL sobre igualdade salarial entre homem e mulher","robots":{"index":"index","follow":"follow","max-snippet":"max-snippet:-1","max-image-preview":"max-image-preview:large","max-video-preview":"max-video-preview:-1"},"canonical":"https:\/\/www.fatosefotosnews.com.br\/?p=21156","og_locale":"pt_BR","og_type":"article","og_title":"Governo apresentar\u00e1 PL sobre igualdade salarial entre homem e mulher","og_description":"Governo apresentar\u00e1 PL sobre igualdade salarial entre homem e mulher","og_url":"https:\/\/www.fatosefotosnews.com.br\/?p=21156","og_site_name":"Fatos e Fotos News","article_published_time":"2023-03-01T17:16:04+00:00","og_image":[{"width":1024,"height":512,"url":"https:\/\/www.fatosefotosnews.com.br\/wp-content\/uploads\/2023\/03\/d030d7bf0e23560d5372f6d4bb25e82a.jpeg","type":"image\/jpeg"}],"author":"Da Reda\u00e7\u00e3o","twitter_card":"summary_large_image","twitter_misc":{"Escrito por":"Da Reda\u00e7\u00e3o","Est. tempo de leitura":"99 minutos"},"schema":{"@context":"https:\/\/schema.org","@graph":[{"@type":"Article","@id":"https:\/\/www.fatosefotosnews.com.br\/?p=21156#article","isPartOf":{"@id":"https:\/\/www.fatosefotosnews.com.br\/?p=21156"},"author":{"name":"Da Reda\u00e7\u00e3o","@id":"https:\/\/www.fatosefotosnews.com.br\/#\/schema\/person\/3b80f81d08670fb1f6690e07eb8b5dc6"},"headline":"Governo apresentar\u00e1 PL sobre igualdade salarial entre homem e mulher","datePublished":"2023-03-01T17:16:04+00:00","mainEntityOfPage":{"@id":"https:\/\/www.fatosefotosnews.com.br\/?p=21156"},"wordCount":1155,"commentCount":0,"publisher":{"@id":"https:\/\/www.fatosefotosnews.com.br\/#organization"},"image":{"@id":"https:\/\/www.fatosefotosnews.com.br\/?p=21156#primaryimage"},"thumbnailUrl":"https:\/\/www.fatosefotosnews.com.br\/wp-content\/uploads\/2023\/03\/d030d7bf0e23560d5372f6d4bb25e82a.jpeg","keywords":["apresentara","entre","governo","homem","igualdade","salarial","sobre"],"articleSection":["Geral"],"inLanguage":"pt-BR","potentialAction":[{"@type":"CommentAction","name":"Comment","target":["https:\/\/www.fatosefotosnews.com.br\/?p=21156#respond"]}]},{"@type":"WebPage","@id":"https:\/\/www.fatosefotosnews.com.br\/?p=21156","url":"https:\/\/www.fatosefotosnews.com.br\/?p=21156","name":"Governo apresentar\u00e1 PL sobre igualdade salarial entre homem e mulher","isPartOf":{"@id":"https:\/\/www.fatosefotosnews.com.br\/#website"},"primaryImageOfPage":{"@id":"https:\/\/www.fatosefotosnews.com.br\/?p=21156#primaryimage"},"image":{"@id":"https:\/\/www.fatosefotosnews.com.br\/?p=21156#primaryimage"},"thumbnailUrl":"https:\/\/www.fatosefotosnews.com.br\/wp-content\/uploads\/2023\/03\/d030d7bf0e23560d5372f6d4bb25e82a.jpeg","datePublished":"2023-03-01T17:16:04+00:00","description":"Governo apresentar\u00e1 PL sobre igualdade salarial entre homem e mulher","breadcrumb":{"@id":"https:\/\/www.fatosefotosnews.com.br\/?p=21156#breadcrumb"},"inLanguage":"pt-BR","potentialAction":[{"@type":"ReadAction","target":["https:\/\/www.fatosefotosnews.com.br\/?p=21156"]}]},{"@type":"ImageObject","inLanguage":"pt-BR","@id":"https:\/\/www.fatosefotosnews.com.br\/?p=21156#primaryimage","url":"https:\/\/www.fatosefotosnews.com.br\/wp-content\/uploads\/2023\/03\/d030d7bf0e23560d5372f6d4bb25e82a.jpeg","contentUrl":"https:\/\/www.fatosefotosnews.com.br\/wp-content\/uploads\/2023\/03\/d030d7bf0e23560d5372f6d4bb25e82a.jpeg","width":1024,"height":512,"caption":"\u00a9 Ant\u00f4nio Cruz\/Agencia"},{"@type":"BreadcrumbList","@id":"https:\/\/www.fatosefotosnews.com.br\/?p=21156#breadcrumb","itemListElement":[{"@type":"ListItem","position":1,"name":"In\u00edcio","item":"https:\/\/www.fatosefotosnews.com.br\/"},{"@type":"ListItem","position":2,"name":"Governo apresentar\u00e1 PL sobre igualdade salarial entre homem e mulher"}]},{"@type":"WebSite","@id":"https:\/\/www.fatosefotosnews.com.br\/#website","url":"https:\/\/www.fatosefotosnews.com.br\/","name":"Fatos e Fotos News","description":"Um site de noticial verdadeira e confi\u00e1veis.","publisher":{"@id":"https:\/\/www.fatosefotosnews.com.br\/#organization"},"potentialAction":[{"@type":"SearchAction","target":{"@type":"EntryPoint","urlTemplate":"https:\/\/www.fatosefotosnews.com.br\/?s={search_term_string}"},"query-input":{"@type":"PropertyValueSpecification","valueRequired":true,"valueName":"search_term_string"}}],"inLanguage":"pt-BR"},{"@type":"Organization","@id":"https:\/\/www.fatosefotosnews.com.br\/#organization","name":"Fatos e Fotos News","url":"https:\/\/www.fatosefotosnews.com.br\/","logo":{"@type":"ImageObject","inLanguage":"pt-BR","@id":"https:\/\/www.fatosefotosnews.com.br\/#\/schema\/logo\/image\/","url":"https:\/\/www.fatosefotosnews.com.br\/wp-content\/uploads\/2023\/02\/Fatos-e-Fotos-news-logo.png","contentUrl":"https:\/\/www.fatosefotosnews.com.br\/wp-content\/uploads\/2023\/02\/Fatos-e-Fotos-news-logo.png","width":300,"height":58,"caption":"Fatos e Fotos News"},"image":{"@id":"https:\/\/www.fatosefotosnews.com.br\/#\/schema\/logo\/image\/"}},{"@type":"Person","@id":"https:\/\/www.fatosefotosnews.com.br\/#\/schema\/person\/3b80f81d08670fb1f6690e07eb8b5dc6","name":"Da Reda\u00e7\u00e3o","image":{"@type":"ImageObject","inLanguage":"pt-BR","@id":"https:\/\/secure.gravatar.com\/avatar\/696d39935a657bf0fc95044dbc9f912520430a0eb6dd46c85dd97eb6483b249b?s=96&d=mm&r=g","url":"https:\/\/secure.gravatar.com\/avatar\/696d39935a657bf0fc95044dbc9f912520430a0eb6dd46c85dd97eb6483b249b?s=96&d=mm&r=g","contentUrl":"https:\/\/secure.gravatar.com\/avatar\/696d39935a657bf0fc95044dbc9f912520430a0eb6dd46c85dd97eb6483b249b?s=96&d=mm&r=g","caption":"Da Reda\u00e7\u00e3o"},"url":"https:\/\/www.fatosefotosnews.com.br\/?author=5"}]}},"jetpack_publicize_connections":[],"blog_post_layout_featured_media_urls":{"thumbnail":["https:\/\/www.fatosefotosnews.com.br\/wp-content\/uploads\/2023\/03\/d030d7bf0e23560d5372f6d4bb25e82a-150x150.jpeg",150,150,true],"full":["https:\/\/www.fatosefotosnews.com.br\/wp-content\/uploads\/2023\/03\/d030d7bf0e23560d5372f6d4bb25e82a.jpeg",1024,512,false]},"categories_names":{"167":{"name":"Geral","link":"https:\/\/www.fatosefotosnews.com.br\/?cat=167"}},"tags_names":{"3004":{"name":"apresentara","link":"https:\/\/www.fatosefotosnews.com.br\/?tag=apresentara"},"423":{"name":"entre","link":"https:\/\/www.fatosefotosnews.com.br\/?tag=entre"},"663":{"name":"governo","link":"https:\/\/www.fatosefotosnews.com.br\/?tag=governo"},"1572":{"name":"homem","link":"https:\/\/www.fatosefotosnews.com.br\/?tag=homem"},"2731":{"name":"igualdade","link":"https:\/\/www.fatosefotosnews.com.br\/?tag=igualdade"},"686":{"name":"salarial","link":"https:\/\/www.fatosefotosnews.com.br\/?tag=salarial"},"587":{"name":"sobre","link":"https:\/\/www.fatosefotosnews.com.br\/?tag=sobre"}},"comments_number":"0","wpmagazine_modules_lite_featured_media_urls":{"thumbnail":["https:\/\/www.fatosefotosnews.com.br\/wp-content\/uploads\/2023\/03\/d030d7bf0e23560d5372f6d4bb25e82a-150x150.jpeg",150,150,true],"cvmm-medium":["https:\/\/www.fatosefotosnews.com.br\/wp-content\/uploads\/2023\/03\/d030d7bf0e23560d5372f6d4bb25e82a-300x300.jpeg",300,300,true],"cvmm-medium-plus":["https:\/\/www.fatosefotosnews.com.br\/wp-content\/uploads\/2023\/03\/d030d7bf0e23560d5372f6d4bb25e82a-305x207.jpeg",305,207,true],"cvmm-portrait":["https:\/\/www.fatosefotosnews.com.br\/wp-content\/uploads\/2023\/03\/d030d7bf0e23560d5372f6d4bb25e82a-400x512.jpeg",400,512,true],"cvmm-medium-square":["https:\/\/www.fatosefotosnews.com.br\/wp-content\/uploads\/2023\/03\/d030d7bf0e23560d5372f6d4bb25e82a-600x512.jpeg",600,512,true],"cvmm-large":["https:\/\/www.fatosefotosnews.com.br\/wp-content\/uploads\/2023\/03\/d030d7bf0e23560d5372f6d4bb25e82a.jpeg",1024,512,false],"cvmm-small":["https:\/\/www.fatosefotosnews.com.br\/wp-content\/uploads\/2023\/03\/d030d7bf0e23560d5372f6d4bb25e82a-130x95.jpeg",130,95,true],"full":["https:\/\/www.fatosefotosnews.com.br\/wp-content\/uploads\/2023\/03\/d030d7bf0e23560d5372f6d4bb25e82a.jpeg",1024,512,false]},"_links":{"self":[{"href":"https:\/\/www.fatosefotosnews.com.br\/index.php?rest_route=\/wp\/v2\/posts\/21156","targetHints":{"allow":["GET"]}}],"collection":[{"href":"https:\/\/www.fatosefotosnews.com.br\/index.php?rest_route=\/wp\/v2\/posts"}],"about":[{"href":"https:\/\/www.fatosefotosnews.com.br\/index.php?rest_route=\/wp\/v2\/types\/post"}],"author":[{"embeddable":true,"href":"https:\/\/www.fatosefotosnews.com.br\/index.php?rest_route=\/wp\/v2\/users\/5"}],"replies":[{"embeddable":true,"href":"https:\/\/www.fatosefotosnews.com.br\/index.php?rest_route=%2Fwp%2Fv2%2Fcomments&post=21156"}],"version-history":[{"count":0,"href":"https:\/\/www.fatosefotosnews.com.br\/index.php?rest_route=\/wp\/v2\/posts\/21156\/revisions"}],"wp:featuredmedia":[{"embeddable":true,"href":"https:\/\/www.fatosefotosnews.com.br\/index.php?rest_route=\/wp\/v2\/media\/21157"}],"wp:attachment":[{"href":"https:\/\/www.fatosefotosnews.com.br\/index.php?rest_route=%2Fwp%2Fv2%2Fmedia&parent=21156"}],"wp:term":[{"taxonomy":"category","embeddable":true,"href":"https:\/\/www.fatosefotosnews.com.br\/index.php?rest_route=%2Fwp%2Fv2%2Fcategories&post=21156"},{"taxonomy":"post_tag","embeddable":true,"href":"https:\/\/www.fatosefotosnews.com.br\/index.php?rest_route=%2Fwp%2Fv2%2Ftags&post=21156"}],"curies":[{"name":"wp","href":"https:\/\/api.w.org\/{rel}","templated":true}]}}