{"id":22232,"date":"2023-03-08T08:45:27","date_gmt":"2023-03-08T11:45:27","guid":{"rendered":"https:\/\/www.fatosefotosnews.com.br\/uniao-pagou-r-134-bilhao-de-dividas-de-estados-em-fevereiro\/"},"modified":"2023-03-08T08:45:27","modified_gmt":"2023-03-08T11:45:27","slug":"uniao-pagou-r-134-bilhao-de-dividas-de-estados-em-fevereiro","status":"publish","type":"post","link":"https:\/\/www.fatosefotosnews.com.br\/?p=22232","title":{"rendered":"Uni\u00e3o pagou R$ 1,34 bilh\u00e3o de d\u00edvidas de estados em fevereiro"},"content":{"rendered":"<div class=\"post-item-wrap\">\n<p>O Tesouro Nacional pagou, em fevereiro, R$ 1,341 bilh\u00e3o em d\u00edvidas atrasadas de estados. Desse total, a maior parte, R$ 847,66 milh\u00f5es, \u00e9 relativa a atrasos de pagamento de Minas Gerais. Em seguida, vieram\u00a0d\u00e9bitos de R$ 193,42 milh\u00f5es do estado do Rio\u00a0de Janeiro\u00a0e de R$ 76,74 milh\u00f5es de Goi\u00e1s.<img decoding=\"async\" src=\"https:\/\/agenciabrasil.ebc.com.br\/ebc.png?id=1514805&#038;o=node\" style=\"width:1px;height:1px\"><img decoding=\"async\" src=\"https:\/\/agenciabrasil.ebc.com.br\/ebc.gif?id=1514805&#038;o=node\" style=\"width:1px;height:1px\"><\/p>\n<p>A Uni\u00e3o tamb\u00e9m cobriu d\u00edvidas dos seguintes estados: R$ 61,3 milh\u00f5es do Rio Grande do Sul, R$ 44,71 do Maranh\u00e3o, R$ 44,26 do Piau\u00ed, R$ 41,38 de Pernambuco e R$ 31,54 do Esp\u00edrito Santo.<\/p>\n<p>Os dados est\u00e3o no Relat\u00f3rio de Garantias Honradas pela Uni\u00e3o em Opera\u00e7\u00f5es de Cr\u00e9dito, divulgado nessa\u00a0ter\u00e7a-feira (7) pela Secretaria do Tesouro Nacional. As garantias s\u00e3o executadas pelo governo federal quando um estado ou munic\u00edpio ficar inadimplente em alguma opera\u00e7\u00e3o de cr\u00e9dito. Nesse caso, o Tesouro cobre o calote, mas ret\u00e9m repasses da Uni\u00e3o para o ente devedor at\u00e9 quitar a diferen\u00e7a, cobrando multa e juros.<\/p>\n<p>Nos dois primeiros meses do ano, a Uni\u00e3o quitou R$ 2,249 bilh\u00f5es de d\u00edvidas em atraso de entes subnacionais. Desse total, R$ 1,036 bilh\u00e3o coube a Minas Gerais, R$ 372,04 milh\u00f5es ao Maranh\u00e3o, R$ 300,43 ao Rio\u00a0de Janeiro, R$ 164,38 milh\u00f5es ao Piau\u00ed e R$ 155,03 milh\u00f5es a Goi\u00e1s.<\/p>\n<h2>Diminui\u00e7\u00e3o<\/h2>\n<p>O n\u00famero de estados com d\u00edvidas em atraso cobertas pelo Tesouro aumentou de sete, em janeiro, para oito em fevereiro, com a inclus\u00e3o do Esp\u00edrito Santo, que n\u00e3o fazia parte da lista. Em 2022, al\u00e9m dos estados acima, tiveram garantias honradas pela Uni\u00e3o Alagoas e Rio Grande do Norte.<\/p>\n<p>Em rela\u00e7\u00e3o aos munic\u00edpios, o Tesouro n\u00e3o cobriu d\u00e9bitos atrasados de prefeituras neste ano. No ano passado, a Uni\u00e3o honrou R$ 32,06 milh\u00f5es de garantias da Prefeitura de Taubat\u00e9 (SP).<\/p>\n<p>As garantias honradas pelo Tesouro s\u00e3o descontadas dos repasses da Uni\u00e3o aos entes federados \u2013 como receitas dos fundos de participa\u00e7\u00e3o e Imposto sobre Circula\u00e7\u00e3o de Mercadorias e Servi\u00e7os (ICMS), entre outros. Sobre as obriga\u00e7\u00f5es em atraso incidem juros, mora e outros custos operacionais referentes ao per\u00edodo entre o vencimento da d\u00edvida e a efetiva honra dos valores pela Uni\u00e3o.<\/p>\n<h2>Regime de Recupera\u00e7\u00e3o Fiscal<\/h2>\n<p>Nos \u00faltimos anos, decis\u00f5es do Supremo Tribunal Federal (STF) impediram a execu\u00e7\u00e3o das contragarantias de v\u00e1rios estados em dificuldade financeira. Posteriormente, a corte mediou negocia\u00e7\u00f5es para a inclus\u00e3o ou a continuidade de governos estaduais no regime de recupera\u00e7\u00e3o fiscal (RRF), que prev\u00ea o parcelamento e o escalonamento das d\u00edvidas com a Uni\u00e3o em troca de um plano de ajuste de gastos. Nos \u00faltimos anos, Goi\u00e1s, Rio\u00a0de Janeiro\u00a0e Rio Grande do Sul fecharam acordos com o governo federal.<\/p>\n<p>No in\u00edcio da pandemia de covid-19, a corte concedeu liminar para suspender a execu\u00e7\u00e3o de garantias em diversos estados. Algumas contragarantias de Minas Gerais tamb\u00e9m n\u00e3o foram executadas por causa de liminares concedidas pelo STF.<\/p>\n<p>Com a ades\u00e3o do estado do Rio\u00a0de Janeiro\u00a0ao RRF\u00a0no fim de 2017, o estado p\u00f4de contratar novas opera\u00e7\u00f5es de cr\u00e9dito com garantia da Uni\u00e3o, mesmo estando inadimplente. No fim de 2020, o ministro Luiz Fux, do STF concedeu liminar mantendo o Rio\u00a0de Janeiro\u00a0no <a href=\"https:\/\/agenciabrasil.ebc.com.br\/justica\/noticia\/2020-12\/stf-mantem-rio-de-janeiro-em-regime-de-recuperacao-fiscal\" target=\"_blank\" rel=\"noopener\">regime de recupera\u00e7\u00e3o fiscal<\/a>. Em\u00a0junho do ano passado, o estado, em <a href=\"https:\/\/agenciabrasil.ebc.com.br\/geral\/noticia\/2022-06\/rio-fecha-acordo-com-uniao-sobre-plano-de-recuperacao-fiscal\" target=\"_blank\" rel=\"noopener\">acordo mediado pelo STF<\/a>, concluiu as negocia\u00e7\u00f5es com a Uni\u00e3o para continuar no RRF.<\/p>\n<p>Tamb\u00e9m em junho de 2022, o <a href=\"https:\/\/agenciabrasil.ebc.com.br\/economia\/noticia\/2022-06\/plano-de-recuperacao-fiscal-do-rio-grande-do-sul-e-homologado\" target=\"_blank\" rel=\"noopener\">Rio Grande do Sul<\/a> fechou acordo com a Uni\u00e3o e teve o plano de recupera\u00e7\u00e3o fiscal homologado. O plano permite que o estado volte a pagar, de forma escalonada, a d\u00edvida da Uni\u00e3o, cujo pagamento estava suspenso por liminar do Supremo Tribunal Federal desde julho de 2017. Em troca, o governo ga\u00facho dever\u00e1 executar um programa de ajuste fiscal que prev\u00ea desestatiza\u00e7\u00f5es e reformas para reduzir os gastos locais.<\/p>\n<p>Em maio de 2020, o STF autorizou o governo goiano a aderir ao pacote de recupera\u00e7\u00e3o fiscal em troca da ado\u00e7\u00e3o de um teto de gastos estadual. Em dezembro de 2021, <a href=\"https:\/\/agenciabrasil.ebc.com.br\/politica\/noticia\/2021-12\/presidente-assina-adesao-de-goias-plano-de-recuperacao-fisca\" target=\"_blank\" rel=\"noopener\">Goi\u00e1s assinou a ades\u00e3o<\/a> ao RRF, que permite a suspens\u00e3o do pagamento de d\u00edvidas com a Uni\u00e3o em troca de um plano de ajuste de gastos.<\/p>\n<p>O \u00fanico estado endividado que n\u00e3o aderiu\u00a0ao RRF \u00e9 <a href=\"https:\/\/agenciabrasil.ebc.com.br\/economia\/noticia\/2022-07\/tesouro-nacional-autoriza-adesao-de-mg-regime-de-recuperacao-fiscal\" target=\"_blank\" rel=\"noopener\">Minas Gerais<\/a>. Em julho do ano passado, o ministro Nunes Marques, do STF, concedeu liminar que permite ao estado negociar um plano de ajuste com a Uni\u00e3o sem o aval da Assembleia Legislativa. No mesmo m\u00eas, o Tesouro Nacional publicou uma portaria\u00a0autorizando o governo mineiro a elaborar proposta que oficialize o ingresso no programa.<\/p>\n<\/p>\n<\/div>\n<p class=\"alt-font font-italic my-2 small text-info\">                                                 Edi\u00e7\u00e3o:   Gra\u00e7a Adjuto                    <\/p>\n<p id=\"infocoweb_fonte\" class=\"infocoweb_fonte\">Fonte: <a target=\"_blank\" href=\"http:\/\/agenciabrasil.ebc.com.br\/economia\/noticia\/2023-03\/uniao-pagou-r-134-bilhao-de-dividas-de-estados-em-fevereiro#24646ade-ae69-405f-98d5-086eb5d952ff\" rel=\"noopener\">EBC Economia<\/a><\/p>\n","protected":false},"excerpt":{"rendered":"<p>O Tesouro Nacional pagou, em fevereiro, R$ 1,341 bilh\u00e3o em d\u00edvidas atrasadas de estados. Desse total, a maior parte, R$ 847,66 milh\u00f5es, \u00e9 relativa a atrasos de pagamento de Minas Gerais. Em seguida, vieram\u00a0d\u00e9bitos de R$ 193,42 milh\u00f5es do estado do Rio\u00a0de Janeiro\u00a0e de R$ 76,74 milh\u00f5es de Goi\u00e1s. A Uni\u00e3o tamb\u00e9m cobriu d\u00edvidas dos [&hellip;]<\/p>\n","protected":false},"author":5,"featured_media":22233,"comment_status":"open","ping_status":"open","sticky":false,"template":"","format":"standard","meta":{"_acf_changed":false,"_angie_page":false,"_monsterinsights_skip_tracking":false,"_themeisle_gutenberg_block_has_review":false,"page_builder":"","footnotes":"","jetpack_publicize_message":"","jetpack_publicize_feature_enabled":true,"jetpack_social_post_already_shared":false,"jetpack_social_options":{"image_generator_settings":{"template":"highway","default_image_id":0,"font":"","enabled":false},"version":2}},"categories":[167],"tags":[3058,771,583,3881],"class_list":["post-22232","post","type-post","status-publish","format-standard","has-post-thumbnail","hentry","category-geral","tag-dividas","tag-estados","tag-fevereiro","tag-pagou"],"acf":[],"nelio_content":{"autoShareEndMode":"never","automationSources":{"useCustomSentences":false,"customSentences":[]},"efiAlt":"","efiUrl":"","followers":[],"highlights":[],"isAutoShareEnabled":true,"networkImageIds":[],"permalinkQueryArgs":[],"series":[],"suggestedReferences":[]},"yoast_head":"<!-- This site is optimized with the Yoast SEO plugin v28.3 - https:\/\/yoast.com\/product\/yoast-seo-wordpress\/ -->\n<title>Uni\u00e3o pagou R$ 1,34 bilh\u00e3o de d\u00edvidas de estados em fevereiro<\/title>\n<meta name=\"description\" content=\"Uni\u00e3o pagou R$ 1,34 bilh\u00e3o de d\u00edvidas de estados em fevereiro\" \/>\n<meta name=\"robots\" content=\"index, follow, max-snippet:-1, max-image-preview:large, max-video-preview:-1\" \/>\n<link rel=\"canonical\" href=\"https:\/\/www.fatosefotosnews.com.br\/?p=22232\" \/>\n<meta property=\"og:locale\" content=\"pt_BR\" \/>\n<meta property=\"og:type\" content=\"article\" \/>\n<meta property=\"og:title\" content=\"Uni\u00e3o pagou R$ 1,34 bilh\u00e3o de d\u00edvidas de estados em fevereiro\" \/>\n<meta property=\"og:description\" content=\"Uni\u00e3o pagou R$ 1,34 bilh\u00e3o de d\u00edvidas de estados em fevereiro\" \/>\n<meta property=\"og:url\" content=\"https:\/\/www.fatosefotosnews.com.br\/?p=22232\" \/>\n<meta property=\"og:site_name\" content=\"Fatos e Fotos News\" \/>\n<meta property=\"article:published_time\" content=\"2023-03-08T11:45:27+00:00\" \/>\n<meta property=\"og:image\" content=\"https:\/\/www.fatosefotosnews.com.br\/wp-content\/uploads\/2023\/03\/8a0cf8fac4fa4743c1fc2a725ec1bf66.jpeg\" \/>\n\t<meta property=\"og:image:width\" content=\"1024\" \/>\n\t<meta property=\"og:image:height\" content=\"512\" \/>\n\t<meta property=\"og:image:type\" content=\"image\/jpeg\" \/>\n<meta name=\"author\" content=\"Da Reda\u00e7\u00e3o\" \/>\n<meta name=\"twitter:card\" content=\"summary_large_image\" \/>\n<meta name=\"twitter:label1\" content=\"Escrito por\" \/>\n\t<meta name=\"twitter:data1\" content=\"Da Reda\u00e7\u00e3o\" \/>\n\t<meta name=\"twitter:label2\" content=\"Est. tempo de leitura\" \/>\n\t<meta name=\"twitter:data2\" content=\"99 minutos\" \/>\n<script type=\"application\/ld+json\" class=\"yoast-schema-graph\">{\"@context\":\"https:\\\/\\\/schema.org\",\"@graph\":[{\"@type\":\"Article\",\"@id\":\"https:\\\/\\\/www.fatosefotosnews.com.br\\\/?p=22232#article\",\"isPartOf\":{\"@id\":\"https:\\\/\\\/www.fatosefotosnews.com.br\\\/?p=22232\"},\"author\":{\"name\":\"Da Reda\u00e7\u00e3o\",\"@id\":\"https:\\\/\\\/www.fatosefotosnews.com.br\\\/#\\\/schema\\\/person\\\/3b80f81d08670fb1f6690e07eb8b5dc6\"},\"headline\":\"Uni\u00e3o pagou R$ 1,34 bilh\u00e3o de d\u00edvidas de estados em fevereiro\",\"datePublished\":\"2023-03-08T11:45:27+00:00\",\"mainEntityOfPage\":{\"@id\":\"https:\\\/\\\/www.fatosefotosnews.com.br\\\/?p=22232\"},\"wordCount\":822,\"commentCount\":0,\"publisher\":{\"@id\":\"https:\\\/\\\/www.fatosefotosnews.com.br\\\/#organization\"},\"image\":{\"@id\":\"https:\\\/\\\/www.fatosefotosnews.com.br\\\/?p=22232#primaryimage\"},\"thumbnailUrl\":\"https:\\\/\\\/www.fatosefotosnews.com.br\\\/wp-content\\\/uploads\\\/2023\\\/03\\\/8a0cf8fac4fa4743c1fc2a725ec1bf66.jpeg\",\"keywords\":[\"dividas\",\"estados\",\"fevereiro\",\"pagou\"],\"articleSection\":[\"Geral\"],\"inLanguage\":\"pt-BR\",\"potentialAction\":[{\"@type\":\"CommentAction\",\"name\":\"Comment\",\"target\":[\"https:\\\/\\\/www.fatosefotosnews.com.br\\\/?p=22232#respond\"]}]},{\"@type\":\"WebPage\",\"@id\":\"https:\\\/\\\/www.fatosefotosnews.com.br\\\/?p=22232\",\"url\":\"https:\\\/\\\/www.fatosefotosnews.com.br\\\/?p=22232\",\"name\":\"Uni\u00e3o pagou R$ 1,34 bilh\u00e3o de d\u00edvidas de estados em fevereiro\",\"isPartOf\":{\"@id\":\"https:\\\/\\\/www.fatosefotosnews.com.br\\\/#website\"},\"primaryImageOfPage\":{\"@id\":\"https:\\\/\\\/www.fatosefotosnews.com.br\\\/?p=22232#primaryimage\"},\"image\":{\"@id\":\"https:\\\/\\\/www.fatosefotosnews.com.br\\\/?p=22232#primaryimage\"},\"thumbnailUrl\":\"https:\\\/\\\/www.fatosefotosnews.com.br\\\/wp-content\\\/uploads\\\/2023\\\/03\\\/8a0cf8fac4fa4743c1fc2a725ec1bf66.jpeg\",\"datePublished\":\"2023-03-08T11:45:27+00:00\",\"description\":\"Uni\u00e3o pagou R$ 1,34 bilh\u00e3o de d\u00edvidas de estados em fevereiro\",\"breadcrumb\":{\"@id\":\"https:\\\/\\\/www.fatosefotosnews.com.br\\\/?p=22232#breadcrumb\"},\"inLanguage\":\"pt-BR\",\"potentialAction\":[{\"@type\":\"ReadAction\",\"target\":[\"https:\\\/\\\/www.fatosefotosnews.com.br\\\/?p=22232\"]}]},{\"@type\":\"ImageObject\",\"inLanguage\":\"pt-BR\",\"@id\":\"https:\\\/\\\/www.fatosefotosnews.com.br\\\/?p=22232#primaryimage\",\"url\":\"https:\\\/\\\/www.fatosefotosnews.com.br\\\/wp-content\\\/uploads\\\/2023\\\/03\\\/8a0cf8fac4fa4743c1fc2a725ec1bf66.jpeg\",\"contentUrl\":\"https:\\\/\\\/www.fatosefotosnews.com.br\\\/wp-content\\\/uploads\\\/2023\\\/03\\\/8a0cf8fac4fa4743c1fc2a725ec1bf66.jpeg\",\"width\":1024,\"height\":512,\"caption\":\"\u00a9 Jos\u00e9 Cruz\\\/Ag\u00eancia\"},{\"@type\":\"BreadcrumbList\",\"@id\":\"https:\\\/\\\/www.fatosefotosnews.com.br\\\/?p=22232#breadcrumb\",\"itemListElement\":[{\"@type\":\"ListItem\",\"position\":1,\"name\":\"In\u00edcio\",\"item\":\"https:\\\/\\\/www.fatosefotosnews.com.br\\\/\"},{\"@type\":\"ListItem\",\"position\":2,\"name\":\"Uni\u00e3o pagou R$ 1,34 bilh\u00e3o de d\u00edvidas de estados em fevereiro\"}]},{\"@type\":\"WebSite\",\"@id\":\"https:\\\/\\\/www.fatosefotosnews.com.br\\\/#website\",\"url\":\"https:\\\/\\\/www.fatosefotosnews.com.br\\\/\",\"name\":\"Fatos e Fotos News\",\"description\":\"Um site de noticial verdadeira e confi\u00e1veis.\",\"publisher\":{\"@id\":\"https:\\\/\\\/www.fatosefotosnews.com.br\\\/#organization\"},\"potentialAction\":[{\"@type\":\"SearchAction\",\"target\":{\"@type\":\"EntryPoint\",\"urlTemplate\":\"https:\\\/\\\/www.fatosefotosnews.com.br\\\/?s={search_term_string}\"},\"query-input\":{\"@type\":\"PropertyValueSpecification\",\"valueRequired\":true,\"valueName\":\"search_term_string\"}}],\"inLanguage\":\"pt-BR\"},{\"@type\":\"Organization\",\"@id\":\"https:\\\/\\\/www.fatosefotosnews.com.br\\\/#organization\",\"name\":\"Fatos e Fotos News\",\"url\":\"https:\\\/\\\/www.fatosefotosnews.com.br\\\/\",\"logo\":{\"@type\":\"ImageObject\",\"inLanguage\":\"pt-BR\",\"@id\":\"https:\\\/\\\/www.fatosefotosnews.com.br\\\/#\\\/schema\\\/logo\\\/image\\\/\",\"url\":\"https:\\\/\\\/www.fatosefotosnews.com.br\\\/wp-content\\\/uploads\\\/2023\\\/02\\\/Fatos-e-Fotos-news-logo.png\",\"contentUrl\":\"https:\\\/\\\/www.fatosefotosnews.com.br\\\/wp-content\\\/uploads\\\/2023\\\/02\\\/Fatos-e-Fotos-news-logo.png\",\"width\":300,\"height\":58,\"caption\":\"Fatos e Fotos News\"},\"image\":{\"@id\":\"https:\\\/\\\/www.fatosefotosnews.com.br\\\/#\\\/schema\\\/logo\\\/image\\\/\"}},{\"@type\":\"Person\",\"@id\":\"https:\\\/\\\/www.fatosefotosnews.com.br\\\/#\\\/schema\\\/person\\\/3b80f81d08670fb1f6690e07eb8b5dc6\",\"name\":\"Da Reda\u00e7\u00e3o\",\"image\":{\"@type\":\"ImageObject\",\"inLanguage\":\"pt-BR\",\"@id\":\"https:\\\/\\\/secure.gravatar.com\\\/avatar\\\/696d39935a657bf0fc95044dbc9f912520430a0eb6dd46c85dd97eb6483b249b?s=96&d=mm&r=g\",\"url\":\"https:\\\/\\\/secure.gravatar.com\\\/avatar\\\/696d39935a657bf0fc95044dbc9f912520430a0eb6dd46c85dd97eb6483b249b?s=96&d=mm&r=g\",\"contentUrl\":\"https:\\\/\\\/secure.gravatar.com\\\/avatar\\\/696d39935a657bf0fc95044dbc9f912520430a0eb6dd46c85dd97eb6483b249b?s=96&d=mm&r=g\",\"caption\":\"Da Reda\u00e7\u00e3o\"},\"url\":\"https:\\\/\\\/www.fatosefotosnews.com.br\\\/?author=5\"}]}<\/script>\n<!-- \/ Yoast SEO plugin. -->","yoast_head_json":{"title":"Uni\u00e3o pagou R$ 1,34 bilh\u00e3o de d\u00edvidas de estados em fevereiro","description":"Uni\u00e3o pagou R$ 1,34 bilh\u00e3o de d\u00edvidas de estados em fevereiro","robots":{"index":"index","follow":"follow","max-snippet":"max-snippet:-1","max-image-preview":"max-image-preview:large","max-video-preview":"max-video-preview:-1"},"canonical":"https:\/\/www.fatosefotosnews.com.br\/?p=22232","og_locale":"pt_BR","og_type":"article","og_title":"Uni\u00e3o pagou R$ 1,34 bilh\u00e3o de d\u00edvidas de estados em fevereiro","og_description":"Uni\u00e3o pagou R$ 1,34 bilh\u00e3o de d\u00edvidas de estados em fevereiro","og_url":"https:\/\/www.fatosefotosnews.com.br\/?p=22232","og_site_name":"Fatos e Fotos News","article_published_time":"2023-03-08T11:45:27+00:00","og_image":[{"width":1024,"height":512,"url":"https:\/\/www.fatosefotosnews.com.br\/wp-content\/uploads\/2023\/03\/8a0cf8fac4fa4743c1fc2a725ec1bf66.jpeg","type":"image\/jpeg"}],"author":"Da Reda\u00e7\u00e3o","twitter_card":"summary_large_image","twitter_misc":{"Escrito por":"Da Reda\u00e7\u00e3o","Est. tempo de leitura":"99 minutos"},"schema":{"@context":"https:\/\/schema.org","@graph":[{"@type":"Article","@id":"https:\/\/www.fatosefotosnews.com.br\/?p=22232#article","isPartOf":{"@id":"https:\/\/www.fatosefotosnews.com.br\/?p=22232"},"author":{"name":"Da Reda\u00e7\u00e3o","@id":"https:\/\/www.fatosefotosnews.com.br\/#\/schema\/person\/3b80f81d08670fb1f6690e07eb8b5dc6"},"headline":"Uni\u00e3o pagou R$ 1,34 bilh\u00e3o de d\u00edvidas de estados em fevereiro","datePublished":"2023-03-08T11:45:27+00:00","mainEntityOfPage":{"@id":"https:\/\/www.fatosefotosnews.com.br\/?p=22232"},"wordCount":822,"commentCount":0,"publisher":{"@id":"https:\/\/www.fatosefotosnews.com.br\/#organization"},"image":{"@id":"https:\/\/www.fatosefotosnews.com.br\/?p=22232#primaryimage"},"thumbnailUrl":"https:\/\/www.fatosefotosnews.com.br\/wp-content\/uploads\/2023\/03\/8a0cf8fac4fa4743c1fc2a725ec1bf66.jpeg","keywords":["dividas","estados","fevereiro","pagou"],"articleSection":["Geral"],"inLanguage":"pt-BR","potentialAction":[{"@type":"CommentAction","name":"Comment","target":["https:\/\/www.fatosefotosnews.com.br\/?p=22232#respond"]}]},{"@type":"WebPage","@id":"https:\/\/www.fatosefotosnews.com.br\/?p=22232","url":"https:\/\/www.fatosefotosnews.com.br\/?p=22232","name":"Uni\u00e3o pagou R$ 1,34 bilh\u00e3o de d\u00edvidas de estados em fevereiro","isPartOf":{"@id":"https:\/\/www.fatosefotosnews.com.br\/#website"},"primaryImageOfPage":{"@id":"https:\/\/www.fatosefotosnews.com.br\/?p=22232#primaryimage"},"image":{"@id":"https:\/\/www.fatosefotosnews.com.br\/?p=22232#primaryimage"},"thumbnailUrl":"https:\/\/www.fatosefotosnews.com.br\/wp-content\/uploads\/2023\/03\/8a0cf8fac4fa4743c1fc2a725ec1bf66.jpeg","datePublished":"2023-03-08T11:45:27+00:00","description":"Uni\u00e3o pagou R$ 1,34 bilh\u00e3o de d\u00edvidas de estados em fevereiro","breadcrumb":{"@id":"https:\/\/www.fatosefotosnews.com.br\/?p=22232#breadcrumb"},"inLanguage":"pt-BR","potentialAction":[{"@type":"ReadAction","target":["https:\/\/www.fatosefotosnews.com.br\/?p=22232"]}]},{"@type":"ImageObject","inLanguage":"pt-BR","@id":"https:\/\/www.fatosefotosnews.com.br\/?p=22232#primaryimage","url":"https:\/\/www.fatosefotosnews.com.br\/wp-content\/uploads\/2023\/03\/8a0cf8fac4fa4743c1fc2a725ec1bf66.jpeg","contentUrl":"https:\/\/www.fatosefotosnews.com.br\/wp-content\/uploads\/2023\/03\/8a0cf8fac4fa4743c1fc2a725ec1bf66.jpeg","width":1024,"height":512,"caption":"\u00a9 Jos\u00e9 Cruz\/Ag\u00eancia"},{"@type":"BreadcrumbList","@id":"https:\/\/www.fatosefotosnews.com.br\/?p=22232#breadcrumb","itemListElement":[{"@type":"ListItem","position":1,"name":"In\u00edcio","item":"https:\/\/www.fatosefotosnews.com.br\/"},{"@type":"ListItem","position":2,"name":"Uni\u00e3o pagou R$ 1,34 bilh\u00e3o de d\u00edvidas de estados em fevereiro"}]},{"@type":"WebSite","@id":"https:\/\/www.fatosefotosnews.com.br\/#website","url":"https:\/\/www.fatosefotosnews.com.br\/","name":"Fatos e Fotos News","description":"Um site de noticial verdadeira e confi\u00e1veis.","publisher":{"@id":"https:\/\/www.fatosefotosnews.com.br\/#organization"},"potentialAction":[{"@type":"SearchAction","target":{"@type":"EntryPoint","urlTemplate":"https:\/\/www.fatosefotosnews.com.br\/?s={search_term_string}"},"query-input":{"@type":"PropertyValueSpecification","valueRequired":true,"valueName":"search_term_string"}}],"inLanguage":"pt-BR"},{"@type":"Organization","@id":"https:\/\/www.fatosefotosnews.com.br\/#organization","name":"Fatos e Fotos News","url":"https:\/\/www.fatosefotosnews.com.br\/","logo":{"@type":"ImageObject","inLanguage":"pt-BR","@id":"https:\/\/www.fatosefotosnews.com.br\/#\/schema\/logo\/image\/","url":"https:\/\/www.fatosefotosnews.com.br\/wp-content\/uploads\/2023\/02\/Fatos-e-Fotos-news-logo.png","contentUrl":"https:\/\/www.fatosefotosnews.com.br\/wp-content\/uploads\/2023\/02\/Fatos-e-Fotos-news-logo.png","width":300,"height":58,"caption":"Fatos e Fotos News"},"image":{"@id":"https:\/\/www.fatosefotosnews.com.br\/#\/schema\/logo\/image\/"}},{"@type":"Person","@id":"https:\/\/www.fatosefotosnews.com.br\/#\/schema\/person\/3b80f81d08670fb1f6690e07eb8b5dc6","name":"Da Reda\u00e7\u00e3o","image":{"@type":"ImageObject","inLanguage":"pt-BR","@id":"https:\/\/secure.gravatar.com\/avatar\/696d39935a657bf0fc95044dbc9f912520430a0eb6dd46c85dd97eb6483b249b?s=96&d=mm&r=g","url":"https:\/\/secure.gravatar.com\/avatar\/696d39935a657bf0fc95044dbc9f912520430a0eb6dd46c85dd97eb6483b249b?s=96&d=mm&r=g","contentUrl":"https:\/\/secure.gravatar.com\/avatar\/696d39935a657bf0fc95044dbc9f912520430a0eb6dd46c85dd97eb6483b249b?s=96&d=mm&r=g","caption":"Da Reda\u00e7\u00e3o"},"url":"https:\/\/www.fatosefotosnews.com.br\/?author=5"}]}},"jetpack_publicize_connections":[],"blog_post_layout_featured_media_urls":{"thumbnail":["https:\/\/www.fatosefotosnews.com.br\/wp-content\/uploads\/2023\/03\/8a0cf8fac4fa4743c1fc2a725ec1bf66-150x150.jpeg",150,150,true],"full":["https:\/\/www.fatosefotosnews.com.br\/wp-content\/uploads\/2023\/03\/8a0cf8fac4fa4743c1fc2a725ec1bf66.jpeg",1024,512,false]},"categories_names":{"167":{"name":"Geral","link":"https:\/\/www.fatosefotosnews.com.br\/?cat=167"}},"tags_names":{"3058":{"name":"dividas","link":"https:\/\/www.fatosefotosnews.com.br\/?tag=dividas"},"771":{"name":"estados","link":"https:\/\/www.fatosefotosnews.com.br\/?tag=estados"},"583":{"name":"fevereiro","link":"https:\/\/www.fatosefotosnews.com.br\/?tag=fevereiro"},"3881":{"name":"pagou","link":"https:\/\/www.fatosefotosnews.com.br\/?tag=pagou"}},"comments_number":"0","wpmagazine_modules_lite_featured_media_urls":{"thumbnail":["https:\/\/www.fatosefotosnews.com.br\/wp-content\/uploads\/2023\/03\/8a0cf8fac4fa4743c1fc2a725ec1bf66-150x150.jpeg",150,150,true],"cvmm-medium":["https:\/\/www.fatosefotosnews.com.br\/wp-content\/uploads\/2023\/03\/8a0cf8fac4fa4743c1fc2a725ec1bf66-300x300.jpeg",300,300,true],"cvmm-medium-plus":["https:\/\/www.fatosefotosnews.com.br\/wp-content\/uploads\/2023\/03\/8a0cf8fac4fa4743c1fc2a725ec1bf66-305x207.jpeg",305,207,true],"cvmm-portrait":["https:\/\/www.fatosefotosnews.com.br\/wp-content\/uploads\/2023\/03\/8a0cf8fac4fa4743c1fc2a725ec1bf66-400x512.jpeg",400,512,true],"cvmm-medium-square":["https:\/\/www.fatosefotosnews.com.br\/wp-content\/uploads\/2023\/03\/8a0cf8fac4fa4743c1fc2a725ec1bf66-600x512.jpeg",600,512,true],"cvmm-large":["https:\/\/www.fatosefotosnews.com.br\/wp-content\/uploads\/2023\/03\/8a0cf8fac4fa4743c1fc2a725ec1bf66.jpeg",1024,512,false],"cvmm-small":["https:\/\/www.fatosefotosnews.com.br\/wp-content\/uploads\/2023\/03\/8a0cf8fac4fa4743c1fc2a725ec1bf66-130x95.jpeg",130,95,true],"full":["https:\/\/www.fatosefotosnews.com.br\/wp-content\/uploads\/2023\/03\/8a0cf8fac4fa4743c1fc2a725ec1bf66.jpeg",1024,512,false]},"_links":{"self":[{"href":"https:\/\/www.fatosefotosnews.com.br\/index.php?rest_route=\/wp\/v2\/posts\/22232","targetHints":{"allow":["GET"]}}],"collection":[{"href":"https:\/\/www.fatosefotosnews.com.br\/index.php?rest_route=\/wp\/v2\/posts"}],"about":[{"href":"https:\/\/www.fatosefotosnews.com.br\/index.php?rest_route=\/wp\/v2\/types\/post"}],"author":[{"embeddable":true,"href":"https:\/\/www.fatosefotosnews.com.br\/index.php?rest_route=\/wp\/v2\/users\/5"}],"replies":[{"embeddable":true,"href":"https:\/\/www.fatosefotosnews.com.br\/index.php?rest_route=%2Fwp%2Fv2%2Fcomments&post=22232"}],"version-history":[{"count":0,"href":"https:\/\/www.fatosefotosnews.com.br\/index.php?rest_route=\/wp\/v2\/posts\/22232\/revisions"}],"wp:featuredmedia":[{"embeddable":true,"href":"https:\/\/www.fatosefotosnews.com.br\/index.php?rest_route=\/wp\/v2\/media\/22233"}],"wp:attachment":[{"href":"https:\/\/www.fatosefotosnews.com.br\/index.php?rest_route=%2Fwp%2Fv2%2Fmedia&parent=22232"}],"wp:term":[{"taxonomy":"category","embeddable":true,"href":"https:\/\/www.fatosefotosnews.com.br\/index.php?rest_route=%2Fwp%2Fv2%2Fcategories&post=22232"},{"taxonomy":"post_tag","embeddable":true,"href":"https:\/\/www.fatosefotosnews.com.br\/index.php?rest_route=%2Fwp%2Fv2%2Ftags&post=22232"}],"curies":[{"name":"wp","href":"https:\/\/api.w.org\/{rel}","templated":true}]}}