{"id":22308,"date":"2023-03-08T13:50:24","date_gmt":"2023-03-08T16:50:24","guid":{"rendered":"https:\/\/www.fatosefotosnews.com.br\/?p=22308"},"modified":"2023-03-08T13:50:26","modified_gmt":"2023-03-08T16:50:26","slug":"conheca-os-principais-pontos-da-agenda-lgpd-para-2023-2024","status":"publish","type":"post","link":"https:\/\/www.fatosefotosnews.com.br\/?p=22308","title":{"rendered":"Conhe\u00e7a os principais pontos da agenda LGPD para 2023-2024"},"content":{"rendered":"\n<h3 class=\"wp-block-heading\">Autoridade Nacional de Prote\u00e7\u00e3o de Dados estabelece agenda LGPD para bi\u00eanio e especialistas listam principais pontos de aten\u00e7\u00e3o<\/h3>\n\n\n\n<p class=\"wp-block-paragraph\">Ilustra\u00e7\u00e3o\/Embratel<a href=\"javascript:void(0)\"><\/a><\/p>\n\n\n\n<p class=\"wp-block-paragraph\">A aplica\u00e7\u00e3o da\u00a0<strong>LGPD<\/strong>\u00a0(Lei Geral de Prote\u00e7\u00e3o de Dados) tem uma agenda regulat\u00f3ria definida para aplica\u00e7\u00e3o no bi\u00eanio 2023-24, e \u00e9 importante entender o mecanismo.\u00a0<a rel=\"noreferrer noopener\" href=\"https:\/\/www.lgpdbrasil.com.br\/agenda-regulatoria-da-anpd-2023-2024-conheca-os-pontos-em-debate\/\" target=\"_blank\">De acordo com o site LGPD Brasil<\/a>, a primeira informa\u00e7\u00e3o envolve a Autoridade Nacional de Prote\u00e7\u00e3o de Dados (ANPD), \u00f3rg\u00e3o do governo federal que possui as fun\u00e7\u00f5es de fiscalizar, auxiliar as institui\u00e7\u00f5es e punir quem n\u00e3o atende ao que determina a LGPD. <\/p>\n\n\n\n<p class=\"wp-block-paragraph\">A ANPD tamb\u00e9m \u00e9 respons\u00e1vel por entender os assuntos em debate para a pr\u00f3xima agenda regulat\u00f3ria, usando consultas p\u00fablicas. Outra fun\u00e7\u00e3o \u00e9 a de realizar a divulga\u00e7\u00e3o da regulamenta\u00e7\u00e3o do novo ano.<\/p>\n\n\n\n<p class=\"wp-block-paragraph\">O segundo ponto a se entender \u00e9 a pr\u00f3pria agenda regulat\u00f3ria, que come\u00e7a a partir do levantamento dos temas em consulta p\u00fablica, que ser\u00e3o tratados por resolu\u00e7\u00e3o, guias de boas pr\u00e1ticas ou portaria, ap\u00f3s a avalia\u00e7\u00e3o da ANPD, que foca em dez mat\u00e9rias. Os temas, por sua vez, tamb\u00e9m recebem uma prioriza\u00e7\u00e3o, que funciona assim:&nbsp;<\/p>\n\n\n\n<ul class=\"wp-block-list\">\n<li>fase 1 (que pode ter o processo regulat\u00f3rio realizado em at\u00e9 1 ano)<\/li>\n\n\n\n<li>fase 2 (que pode ter o processo regulat\u00f3rio realizado em at\u00e9 1 ano e 6 meses)&nbsp;<\/li>\n\n\n\n<li>fase 3 (que pode ter o processo regulat\u00f3rio realizado em at\u00e9 2 anos).<\/li>\n<\/ul>\n\n\n\n<p class=\"wp-block-paragraph\">Fonte: Embratel<\/p>\n","protected":false},"excerpt":{"rendered":"<p>Autoridade Nacional de Prote\u00e7\u00e3o de Dados estabelece agenda LGPD para bi\u00eanio e especialistas listam principais pontos de aten\u00e7\u00e3o<\/p>\n","protected":false},"author":1,"featured_media":22329,"comment_status":"open","ping_status":"open","sticky":false,"template":"","format":"standard","meta":{"_acf_changed":false,"_angie_page":false,"_monsterinsights_skip_tracking":false,"_themeisle_gutenberg_block_has_review":false,"page_builder":"","footnotes":"","jetpack_publicize_message":"","jetpack_publicize_feature_enabled":true,"jetpack_social_post_already_shared":false,"jetpack_social_options":{"image_generator_settings":{"template":"highway","default_image_id":0,"font":"","enabled":false},"version":2}},"categories":[167],"tags":[1016,3960,3958,1890,3959,3957,2063,3716,3961],"class_list":["post-22308","post","type-post","status-publish","format-standard","has-post-thumbnail","hentry","category-geral","tag-advogados","tag-agenda-lgpd","tag-anpd","tag-empresas","tag-lei-geral-de-protecao-de-dados","tag-lgpd","tag-oab","tag-prefeituras","tag-seguranca-juridica"],"acf":[],"nelio_content":{"autoShareEndMode":"never","automationSources":{"useCustomSentences":false,"customSentences":[]},"efiAlt":"","efiUrl":"","followers":[],"highlights":[],"isAutoShareEnabled":true,"networkImageIds":[],"permalinkQueryArgs":[],"series":[],"suggestedReferences":[]},"yoast_head":"<!-- This site is optimized with the Yoast SEO plugin v28.3 - https:\/\/yoast.com\/product\/yoast-seo-wordpress\/ -->\n<title>Conhe\u00e7a os principais pontos da agenda LGPD para 2023-2024 - Fatos e Fotos News<\/title>\n<meta name=\"robots\" content=\"index, follow, max-snippet:-1, max-image-preview:large, max-video-preview:-1\" \/>\n<link rel=\"canonical\" href=\"https:\/\/www.fatosefotosnews.com.br\/?p=22308\" \/>\n<meta property=\"og:locale\" content=\"pt_BR\" \/>\n<meta property=\"og:type\" content=\"article\" \/>\n<meta property=\"og:title\" content=\"Conhe\u00e7a os principais pontos da agenda LGPD para 2023-2024 - Fatos e Fotos News\" \/>\n<meta property=\"og:description\" content=\"Autoridade Nacional de Prote\u00e7\u00e3o de Dados estabelece agenda LGPD para bi\u00eanio e especialistas listam principais pontos de aten\u00e7\u00e3o\" \/>\n<meta property=\"og:url\" content=\"https:\/\/www.fatosefotosnews.com.br\/?p=22308\" \/>\n<meta property=\"og:site_name\" content=\"Fatos e Fotos News\" \/>\n<meta property=\"article:published_time\" content=\"2023-03-08T16:50:24+00:00\" \/>\n<meta property=\"article:modified_time\" content=\"2023-03-08T16:50:26+00:00\" \/>\n<meta property=\"og:image\" content=\"https:\/\/www.fatosefotosnews.com.br\/wp-content\/uploads\/2023\/03\/lgpd-1-753x425-1.jpeg\" \/>\n\t<meta property=\"og:image:width\" content=\"753\" \/>\n\t<meta property=\"og:image:height\" content=\"425\" \/>\n\t<meta property=\"og:image:type\" content=\"image\/jpeg\" \/>\n<meta name=\"author\" content=\"fatosefotosnews\" \/>\n<meta name=\"twitter:card\" content=\"summary_large_image\" \/>\n<meta name=\"twitter:label1\" content=\"Escrito por\" \/>\n\t<meta name=\"twitter:data1\" content=\"fatosefotosnews\" \/>\n\t<meta name=\"twitter:label2\" content=\"Est. tempo de leitura\" \/>\n\t<meta name=\"twitter:data2\" content=\"1 minuto\" \/>\n<script type=\"application\/ld+json\" class=\"yoast-schema-graph\">{\"@context\":\"https:\\\/\\\/schema.org\",\"@graph\":[{\"@type\":\"Article\",\"@id\":\"https:\\\/\\\/www.fatosefotosnews.com.br\\\/?p=22308#article\",\"isPartOf\":{\"@id\":\"https:\\\/\\\/www.fatosefotosnews.com.br\\\/?p=22308\"},\"author\":{\"name\":\"fatosefotosnews\",\"@id\":\"https:\\\/\\\/www.fatosefotosnews.com.br\\\/#\\\/schema\\\/person\\\/70ccaf82072edcbc921e1c3ca2259803\"},\"headline\":\"Conhe\u00e7a os principais pontos da agenda LGPD para 2023-2024\",\"datePublished\":\"2023-03-08T16:50:24+00:00\",\"dateModified\":\"2023-03-08T16:50:26+00:00\",\"mainEntityOfPage\":{\"@id\":\"https:\\\/\\\/www.fatosefotosnews.com.br\\\/?p=22308\"},\"wordCount\":258,\"commentCount\":0,\"publisher\":{\"@id\":\"https:\\\/\\\/www.fatosefotosnews.com.br\\\/#organization\"},\"image\":{\"@id\":\"https:\\\/\\\/www.fatosefotosnews.com.br\\\/?p=22308#primaryimage\"},\"thumbnailUrl\":\"https:\\\/\\\/www.fatosefotosnews.com.br\\\/wp-content\\\/uploads\\\/2023\\\/03\\\/lgpd-1-753x425-1.jpeg\",\"keywords\":[\"advogados\",\"Agenda LGPD\",\"ANPD\",\"empresas\",\"Lei Geral de Prote\u00e7\u00e3o de Dados\",\"LGPD\",\"OAB\",\"Prefeituras\",\"Seguran\u00e7a Jur\u00eddica\"],\"articleSection\":[\"Geral\"],\"inLanguage\":\"pt-BR\",\"potentialAction\":[{\"@type\":\"CommentAction\",\"name\":\"Comment\",\"target\":[\"https:\\\/\\\/www.fatosefotosnews.com.br\\\/?p=22308#respond\"]}]},{\"@type\":\"WebPage\",\"@id\":\"https:\\\/\\\/www.fatosefotosnews.com.br\\\/?p=22308\",\"url\":\"https:\\\/\\\/www.fatosefotosnews.com.br\\\/?p=22308\",\"name\":\"Conhe\u00e7a os principais pontos da agenda LGPD para 2023-2024 - Fatos e Fotos News\",\"isPartOf\":{\"@id\":\"https:\\\/\\\/www.fatosefotosnews.com.br\\\/#website\"},\"primaryImageOfPage\":{\"@id\":\"https:\\\/\\\/www.fatosefotosnews.com.br\\\/?p=22308#primaryimage\"},\"image\":{\"@id\":\"https:\\\/\\\/www.fatosefotosnews.com.br\\\/?p=22308#primaryimage\"},\"thumbnailUrl\":\"https:\\\/\\\/www.fatosefotosnews.com.br\\\/wp-content\\\/uploads\\\/2023\\\/03\\\/lgpd-1-753x425-1.jpeg\",\"datePublished\":\"2023-03-08T16:50:24+00:00\",\"dateModified\":\"2023-03-08T16:50:26+00:00\",\"breadcrumb\":{\"@id\":\"https:\\\/\\\/www.fatosefotosnews.com.br\\\/?p=22308#breadcrumb\"},\"inLanguage\":\"pt-BR\",\"potentialAction\":[{\"@type\":\"ReadAction\",\"target\":[\"https:\\\/\\\/www.fatosefotosnews.com.br\\\/?p=22308\"]}]},{\"@type\":\"ImageObject\",\"inLanguage\":\"pt-BR\",\"@id\":\"https:\\\/\\\/www.fatosefotosnews.com.br\\\/?p=22308#primaryimage\",\"url\":\"https:\\\/\\\/www.fatosefotosnews.com.br\\\/wp-content\\\/uploads\\\/2023\\\/03\\\/lgpd-1-753x425-1.jpeg\",\"contentUrl\":\"https:\\\/\\\/www.fatosefotosnews.com.br\\\/wp-content\\\/uploads\\\/2023\\\/03\\\/lgpd-1-753x425-1.jpeg\",\"width\":753,\"height\":425},{\"@type\":\"BreadcrumbList\",\"@id\":\"https:\\\/\\\/www.fatosefotosnews.com.br\\\/?p=22308#breadcrumb\",\"itemListElement\":[{\"@type\":\"ListItem\",\"position\":1,\"name\":\"In\u00edcio\",\"item\":\"https:\\\/\\\/www.fatosefotosnews.com.br\\\/\"},{\"@type\":\"ListItem\",\"position\":2,\"name\":\"Conhe\u00e7a os principais pontos da agenda LGPD para 2023-2024\"}]},{\"@type\":\"WebSite\",\"@id\":\"https:\\\/\\\/www.fatosefotosnews.com.br\\\/#website\",\"url\":\"https:\\\/\\\/www.fatosefotosnews.com.br\\\/\",\"name\":\"Fatos e Fotos News\",\"description\":\"Um site de noticial verdadeira e confi\u00e1veis.\",\"publisher\":{\"@id\":\"https:\\\/\\\/www.fatosefotosnews.com.br\\\/#organization\"},\"potentialAction\":[{\"@type\":\"SearchAction\",\"target\":{\"@type\":\"EntryPoint\",\"urlTemplate\":\"https:\\\/\\\/www.fatosefotosnews.com.br\\\/?s={search_term_string}\"},\"query-input\":{\"@type\":\"PropertyValueSpecification\",\"valueRequired\":true,\"valueName\":\"search_term_string\"}}],\"inLanguage\":\"pt-BR\"},{\"@type\":\"Organization\",\"@id\":\"https:\\\/\\\/www.fatosefotosnews.com.br\\\/#organization\",\"name\":\"Fatos e Fotos News\",\"url\":\"https:\\\/\\\/www.fatosefotosnews.com.br\\\/\",\"logo\":{\"@type\":\"ImageObject\",\"inLanguage\":\"pt-BR\",\"@id\":\"https:\\\/\\\/www.fatosefotosnews.com.br\\\/#\\\/schema\\\/logo\\\/image\\\/\",\"url\":\"https:\\\/\\\/www.fatosefotosnews.com.br\\\/wp-content\\\/uploads\\\/2023\\\/02\\\/Fatos-e-Fotos-news-logo.png\",\"contentUrl\":\"https:\\\/\\\/www.fatosefotosnews.com.br\\\/wp-content\\\/uploads\\\/2023\\\/02\\\/Fatos-e-Fotos-news-logo.png\",\"width\":300,\"height\":58,\"caption\":\"Fatos e Fotos News\"},\"image\":{\"@id\":\"https:\\\/\\\/www.fatosefotosnews.com.br\\\/#\\\/schema\\\/logo\\\/image\\\/\"}},{\"@type\":\"Person\",\"@id\":\"https:\\\/\\\/www.fatosefotosnews.com.br\\\/#\\\/schema\\\/person\\\/70ccaf82072edcbc921e1c3ca2259803\",\"name\":\"fatosefotosnews\",\"image\":{\"@type\":\"ImageObject\",\"inLanguage\":\"pt-BR\",\"@id\":\"https:\\\/\\\/secure.gravatar.com\\\/avatar\\\/b347acc00c2543eadf2855e28bb74049205ff50092da0cb7bc50f2652c752f81?s=96&d=mm&r=g\",\"url\":\"https:\\\/\\\/secure.gravatar.com\\\/avatar\\\/b347acc00c2543eadf2855e28bb74049205ff50092da0cb7bc50f2652c752f81?s=96&d=mm&r=g\",\"contentUrl\":\"https:\\\/\\\/secure.gravatar.com\\\/avatar\\\/b347acc00c2543eadf2855e28bb74049205ff50092da0cb7bc50f2652c752f81?s=96&d=mm&r=g\",\"caption\":\"fatosefotosnews\"},\"sameAs\":[\"http:\\\/\\\/www.fatosefotosnews.com.br\"],\"url\":\"https:\\\/\\\/www.fatosefotosnews.com.br\\\/?author=1\"}]}<\/script>\n<!-- \/ Yoast SEO plugin. -->","yoast_head_json":{"title":"Conhe\u00e7a os principais pontos da agenda LGPD para 2023-2024 - Fatos e Fotos News","robots":{"index":"index","follow":"follow","max-snippet":"max-snippet:-1","max-image-preview":"max-image-preview:large","max-video-preview":"max-video-preview:-1"},"canonical":"https:\/\/www.fatosefotosnews.com.br\/?p=22308","og_locale":"pt_BR","og_type":"article","og_title":"Conhe\u00e7a os principais pontos da agenda LGPD para 2023-2024 - Fatos e Fotos News","og_description":"Autoridade Nacional de Prote\u00e7\u00e3o de Dados estabelece agenda LGPD para bi\u00eanio e especialistas listam principais pontos de aten\u00e7\u00e3o","og_url":"https:\/\/www.fatosefotosnews.com.br\/?p=22308","og_site_name":"Fatos e Fotos News","article_published_time":"2023-03-08T16:50:24+00:00","article_modified_time":"2023-03-08T16:50:26+00:00","og_image":[{"width":753,"height":425,"url":"https:\/\/www.fatosefotosnews.com.br\/wp-content\/uploads\/2023\/03\/lgpd-1-753x425-1.jpeg","type":"image\/jpeg"}],"author":"fatosefotosnews","twitter_card":"summary_large_image","twitter_misc":{"Escrito por":"fatosefotosnews","Est. tempo de leitura":"1 minuto"},"schema":{"@context":"https:\/\/schema.org","@graph":[{"@type":"Article","@id":"https:\/\/www.fatosefotosnews.com.br\/?p=22308#article","isPartOf":{"@id":"https:\/\/www.fatosefotosnews.com.br\/?p=22308"},"author":{"name":"fatosefotosnews","@id":"https:\/\/www.fatosefotosnews.com.br\/#\/schema\/person\/70ccaf82072edcbc921e1c3ca2259803"},"headline":"Conhe\u00e7a os principais pontos da agenda LGPD para 2023-2024","datePublished":"2023-03-08T16:50:24+00:00","dateModified":"2023-03-08T16:50:26+00:00","mainEntityOfPage":{"@id":"https:\/\/www.fatosefotosnews.com.br\/?p=22308"},"wordCount":258,"commentCount":0,"publisher":{"@id":"https:\/\/www.fatosefotosnews.com.br\/#organization"},"image":{"@id":"https:\/\/www.fatosefotosnews.com.br\/?p=22308#primaryimage"},"thumbnailUrl":"https:\/\/www.fatosefotosnews.com.br\/wp-content\/uploads\/2023\/03\/lgpd-1-753x425-1.jpeg","keywords":["advogados","Agenda LGPD","ANPD","empresas","Lei Geral de Prote\u00e7\u00e3o de Dados","LGPD","OAB","Prefeituras","Seguran\u00e7a Jur\u00eddica"],"articleSection":["Geral"],"inLanguage":"pt-BR","potentialAction":[{"@type":"CommentAction","name":"Comment","target":["https:\/\/www.fatosefotosnews.com.br\/?p=22308#respond"]}]},{"@type":"WebPage","@id":"https:\/\/www.fatosefotosnews.com.br\/?p=22308","url":"https:\/\/www.fatosefotosnews.com.br\/?p=22308","name":"Conhe\u00e7a os principais pontos da agenda LGPD para 2023-2024 - Fatos e Fotos News","isPartOf":{"@id":"https:\/\/www.fatosefotosnews.com.br\/#website"},"primaryImageOfPage":{"@id":"https:\/\/www.fatosefotosnews.com.br\/?p=22308#primaryimage"},"image":{"@id":"https:\/\/www.fatosefotosnews.com.br\/?p=22308#primaryimage"},"thumbnailUrl":"https:\/\/www.fatosefotosnews.com.br\/wp-content\/uploads\/2023\/03\/lgpd-1-753x425-1.jpeg","datePublished":"2023-03-08T16:50:24+00:00","dateModified":"2023-03-08T16:50:26+00:00","breadcrumb":{"@id":"https:\/\/www.fatosefotosnews.com.br\/?p=22308#breadcrumb"},"inLanguage":"pt-BR","potentialAction":[{"@type":"ReadAction","target":["https:\/\/www.fatosefotosnews.com.br\/?p=22308"]}]},{"@type":"ImageObject","inLanguage":"pt-BR","@id":"https:\/\/www.fatosefotosnews.com.br\/?p=22308#primaryimage","url":"https:\/\/www.fatosefotosnews.com.br\/wp-content\/uploads\/2023\/03\/lgpd-1-753x425-1.jpeg","contentUrl":"https:\/\/www.fatosefotosnews.com.br\/wp-content\/uploads\/2023\/03\/lgpd-1-753x425-1.jpeg","width":753,"height":425},{"@type":"BreadcrumbList","@id":"https:\/\/www.fatosefotosnews.com.br\/?p=22308#breadcrumb","itemListElement":[{"@type":"ListItem","position":1,"name":"In\u00edcio","item":"https:\/\/www.fatosefotosnews.com.br\/"},{"@type":"ListItem","position":2,"name":"Conhe\u00e7a os principais pontos da agenda LGPD para 2023-2024"}]},{"@type":"WebSite","@id":"https:\/\/www.fatosefotosnews.com.br\/#website","url":"https:\/\/www.fatosefotosnews.com.br\/","name":"Fatos e Fotos News","description":"Um site de noticial verdadeira e confi\u00e1veis.","publisher":{"@id":"https:\/\/www.fatosefotosnews.com.br\/#organization"},"potentialAction":[{"@type":"SearchAction","target":{"@type":"EntryPoint","urlTemplate":"https:\/\/www.fatosefotosnews.com.br\/?s={search_term_string}"},"query-input":{"@type":"PropertyValueSpecification","valueRequired":true,"valueName":"search_term_string"}}],"inLanguage":"pt-BR"},{"@type":"Organization","@id":"https:\/\/www.fatosefotosnews.com.br\/#organization","name":"Fatos e Fotos News","url":"https:\/\/www.fatosefotosnews.com.br\/","logo":{"@type":"ImageObject","inLanguage":"pt-BR","@id":"https:\/\/www.fatosefotosnews.com.br\/#\/schema\/logo\/image\/","url":"https:\/\/www.fatosefotosnews.com.br\/wp-content\/uploads\/2023\/02\/Fatos-e-Fotos-news-logo.png","contentUrl":"https:\/\/www.fatosefotosnews.com.br\/wp-content\/uploads\/2023\/02\/Fatos-e-Fotos-news-logo.png","width":300,"height":58,"caption":"Fatos e Fotos News"},"image":{"@id":"https:\/\/www.fatosefotosnews.com.br\/#\/schema\/logo\/image\/"}},{"@type":"Person","@id":"https:\/\/www.fatosefotosnews.com.br\/#\/schema\/person\/70ccaf82072edcbc921e1c3ca2259803","name":"fatosefotosnews","image":{"@type":"ImageObject","inLanguage":"pt-BR","@id":"https:\/\/secure.gravatar.com\/avatar\/b347acc00c2543eadf2855e28bb74049205ff50092da0cb7bc50f2652c752f81?s=96&d=mm&r=g","url":"https:\/\/secure.gravatar.com\/avatar\/b347acc00c2543eadf2855e28bb74049205ff50092da0cb7bc50f2652c752f81?s=96&d=mm&r=g","contentUrl":"https:\/\/secure.gravatar.com\/avatar\/b347acc00c2543eadf2855e28bb74049205ff50092da0cb7bc50f2652c752f81?s=96&d=mm&r=g","caption":"fatosefotosnews"},"sameAs":["http:\/\/www.fatosefotosnews.com.br"],"url":"https:\/\/www.fatosefotosnews.com.br\/?author=1"}]}},"jetpack_publicize_connections":[],"blog_post_layout_featured_media_urls":{"thumbnail":["https:\/\/www.fatosefotosnews.com.br\/wp-content\/uploads\/2023\/03\/lgpd-1-753x425-1-150x150.jpeg",150,150,true],"full":["https:\/\/www.fatosefotosnews.com.br\/wp-content\/uploads\/2023\/03\/lgpd-1-753x425-1.jpeg",753,425,false]},"categories_names":{"167":{"name":"Geral","link":"https:\/\/www.fatosefotosnews.com.br\/?cat=167"}},"tags_names":{"1016":{"name":"advogados","link":"https:\/\/www.fatosefotosnews.com.br\/?tag=advogados"},"3960":{"name":"Agenda LGPD","link":"https:\/\/www.fatosefotosnews.com.br\/?tag=agenda-lgpd"},"3958":{"name":"ANPD","link":"https:\/\/www.fatosefotosnews.com.br\/?tag=anpd"},"1890":{"name":"empresas","link":"https:\/\/www.fatosefotosnews.com.br\/?tag=empresas"},"3959":{"name":"Lei Geral de Prote\u00e7\u00e3o de Dados","link":"https:\/\/www.fatosefotosnews.com.br\/?tag=lei-geral-de-protecao-de-dados"},"3957":{"name":"LGPD","link":"https:\/\/www.fatosefotosnews.com.br\/?tag=lgpd"},"2063":{"name":"OAB","link":"https:\/\/www.fatosefotosnews.com.br\/?tag=oab"},"3716":{"name":"Prefeituras","link":"https:\/\/www.fatosefotosnews.com.br\/?tag=prefeituras"},"3961":{"name":"Seguran\u00e7a Jur\u00eddica","link":"https:\/\/www.fatosefotosnews.com.br\/?tag=seguranca-juridica"}},"comments_number":"0","wpmagazine_modules_lite_featured_media_urls":{"thumbnail":["https:\/\/www.fatosefotosnews.com.br\/wp-content\/uploads\/2023\/03\/lgpd-1-753x425-1-150x150.jpeg",150,150,true],"cvmm-medium":["https:\/\/www.fatosefotosnews.com.br\/wp-content\/uploads\/2023\/03\/lgpd-1-753x425-1-300x300.jpeg",300,300,true],"cvmm-medium-plus":["https:\/\/www.fatosefotosnews.com.br\/wp-content\/uploads\/2023\/03\/lgpd-1-753x425-1-305x207.jpeg",305,207,true],"cvmm-portrait":["https:\/\/www.fatosefotosnews.com.br\/wp-content\/uploads\/2023\/03\/lgpd-1-753x425-1-400x425.jpeg",400,425,true],"cvmm-medium-square":["https:\/\/www.fatosefotosnews.com.br\/wp-content\/uploads\/2023\/03\/lgpd-1-753x425-1-600x425.jpeg",600,425,true],"cvmm-large":["https:\/\/www.fatosefotosnews.com.br\/wp-content\/uploads\/2023\/03\/lgpd-1-753x425-1.jpeg",753,425,false],"cvmm-small":["https:\/\/www.fatosefotosnews.com.br\/wp-content\/uploads\/2023\/03\/lgpd-1-753x425-1-130x95.jpeg",130,95,true],"full":["https:\/\/www.fatosefotosnews.com.br\/wp-content\/uploads\/2023\/03\/lgpd-1-753x425-1.jpeg",753,425,false]},"_links":{"self":[{"href":"https:\/\/www.fatosefotosnews.com.br\/index.php?rest_route=\/wp\/v2\/posts\/22308","targetHints":{"allow":["GET"]}}],"collection":[{"href":"https:\/\/www.fatosefotosnews.com.br\/index.php?rest_route=\/wp\/v2\/posts"}],"about":[{"href":"https:\/\/www.fatosefotosnews.com.br\/index.php?rest_route=\/wp\/v2\/types\/post"}],"author":[{"embeddable":true,"href":"https:\/\/www.fatosefotosnews.com.br\/index.php?rest_route=\/wp\/v2\/users\/1"}],"replies":[{"embeddable":true,"href":"https:\/\/www.fatosefotosnews.com.br\/index.php?rest_route=%2Fwp%2Fv2%2Fcomments&post=22308"}],"version-history":[{"count":1,"href":"https:\/\/www.fatosefotosnews.com.br\/index.php?rest_route=\/wp\/v2\/posts\/22308\/revisions"}],"predecessor-version":[{"id":22330,"href":"https:\/\/www.fatosefotosnews.com.br\/index.php?rest_route=\/wp\/v2\/posts\/22308\/revisions\/22330"}],"wp:featuredmedia":[{"embeddable":true,"href":"https:\/\/www.fatosefotosnews.com.br\/index.php?rest_route=\/wp\/v2\/media\/22329"}],"wp:attachment":[{"href":"https:\/\/www.fatosefotosnews.com.br\/index.php?rest_route=%2Fwp%2Fv2%2Fmedia&parent=22308"}],"wp:term":[{"taxonomy":"category","embeddable":true,"href":"https:\/\/www.fatosefotosnews.com.br\/index.php?rest_route=%2Fwp%2Fv2%2Fcategories&post=22308"},{"taxonomy":"post_tag","embeddable":true,"href":"https:\/\/www.fatosefotosnews.com.br\/index.php?rest_route=%2Fwp%2Fv2%2Ftags&post=22308"}],"curies":[{"name":"wp","href":"https:\/\/api.w.org\/{rel}","templated":true}]}}