{"id":22707,"date":"2023-03-10T15:16:27","date_gmt":"2023-03-10T18:16:27","guid":{"rendered":"https:\/\/www.fatosefotosnews.com.br\/eduardo-cunha-tera-que-devolver-seis-carros-de-luxo-a-justica\/"},"modified":"2023-03-10T15:16:27","modified_gmt":"2023-03-10T18:16:27","slug":"eduardo-cunha-tera-que-devolver-seis-carros-de-luxo-a-justica","status":"publish","type":"post","link":"https:\/\/www.fatosefotosnews.com.br\/?p=22707","title":{"rendered":"Eduardo Cunha ter\u00e1 que devolver seis carros de luxo \u00e0 Justi\u00e7a"},"content":{"rendered":"<p><meta name=\"robots\" content=\"noindex\"><mreta name=\"googlebot\" content=\"noindex\"><\/p>\n<div class=\"Noticia_Foto fato\">\n<figure class=\"foto-legenda\">\n<div class=\"foto-legenda-img\"> <img fetchpriority=\"high\" decoding=\"async\" src=\"https:\/\/i0.statig.com.br\/bancodeimagens\/4c\/9d\/cc\/4c9dccwa95ssz7j0ttsbpvlrp.jpg\" width=\"906\" height=\"509\" alt=\"Ex-deputado federal Eduardo Cunha\" title=\"Ex-deputado federal Eduardo Cunha\"> <\/div><figcaption class=\"foto-legenda-citacao\"> <cite>Ag\u00eancia Brasil<\/cite> <\/p>\n<div class=\"foto-legenda-citacao-text\">Ex-deputado federal Eduardo Cunha<\/div>\n<\/figcaption><\/figure>\n<\/p>\n<\/div>\n<p>Segundo decis\u00e3o do\u00a0novo juiz da Lava Jato Eduardo Appio, da 13.\u00aa Vara Federal Criminal de Curitiba, o\u00a0 <a href=\"https:\/\/ultimosegundo.ig.com.br\/politica\/2022-09-14\/candidatura-eduardo-cunha-aprovada-tse.html\" data-mce-href=\"https:\/\/ultimosegundo.ig.com.br\/politica\/2022-09-14\/candidatura-eduardo-cunha-aprovada-tse.html\">ex-presidente da C\u00e2mara Eduardo Cunha<\/a> vai precisar entregar seis carros de luxo \u00e0 Justi\u00e7a. <strong>Cunha<\/strong> teve o mandato cassado e foi preso h\u00e1 sete anos em decorr\u00eancia da <strong>Opera\u00e7\u00e3o\u00a0Lava Jato<\/strong> .<\/p>\n<p>A frota do ex-deputado inclui: dois Porsche Cayenne, um Ford Fusion, um Ford Edge, um Hyundai Tucson e um Passat Variant Turbo. Os <strong>autom\u00f3veis de luxo<\/strong> est\u00e3o registrados em nome da empresa &#8216;Jesus.com&#8217; e devem ser entregues em at\u00e9 cinco dias \u00fateis.<\/p>\n<p>&#8220;Revogo, por conseguinte, o respeit\u00e1vel despacho judicial deste Ju\u00edzo Federal (nos autos de pedido de pris\u00e3o preventiva de <strong>Eduardo Cunha<\/strong> 5052211-66.2016.4.04.7000 &#8211; decis\u00e3o do evento 03 do ent\u00e3o juiz federal <a href=\"https:\/\/ultimosegundo.ig.com.br\/politica\/2022-12-15\/justica-recusa-pedido-pt-moro.html\" data-mce-href=\"https:\/\/ultimosegundo.ig.com.br\/politica\/2022-12-15\/justica-recusa-pedido-pt-moro.html\">S\u00e9rgio Moro<\/a> ) o qual havia autorizado que o acusado Eduardo Cunha (e seus familiares) ficassem na posse dos ve\u00edculos de luxo&#8221;,\u00a0afirmou Appio na decis\u00e3o.<\/p>\n<h2 class=\"\">Veja os carros:<\/h2>\n<div id=\"galleria\" class=\"galleria gd12\" data-render-gallery=\"true\"> <a> <\/p>\n<div id=\"img\"> <img decoding=\"async\" loading=\"lazy\" alt=\"Foto: Divulga\u00e7\u00e3o\" src=\"https:\/\/i0.statig.com.br\/bancodeimagens\/imgalta\/er\/1p\/rv\/er1prvznd2yrwafbrsq36kwd4.jpg\"> <\/div>\n<p> <\/a> <a> <\/p>\n<div id=\"img\"> <img decoding=\"async\" loading=\"lazy\" alt=\"Foto: Samuel Pantuzo\" src=\"https:\/\/i0.statig.com.br\/bancodeimagens\/imgalta\/0w\/r9\/2z\/0wr92zu9fz8bv4gw045fkfeaw.jpg\"> <\/div>\n<p> <\/a> <a> <\/p>\n<div id=\"img\"> <img decoding=\"async\" loading=\"lazy\" alt=\"Foto: Divulga\u00e7\u00e3o\" src=\"https:\/\/i0.statig.com.br\/bancodeimagens\/imgalta\/89\/or\/f9\/89orf94f4g36uahn9kvvftr0g.jpg\"> <\/div>\n<p> <\/a> <a> <\/p>\n<div id=\"img\"> <img decoding=\"async\" loading=\"lazy\" alt=\"Foto: Divulga\u00e7\u00e3o\" src=\"https:\/\/i0.statig.com.br\/bancodeimagens\/imgalta\/aw\/dy\/8s\/awdy8sj081icywn5q9flg3t8j.jpg\"> <\/div>\n<p> <\/a> <a> <\/p>\n<div id=\"img\"> <img decoding=\"async\" loading=\"lazy\" alt=\"Foto: Divulga\u00e7\u00e3o\" src=\"https:\/\/i0.statig.com.br\/bancodeimagens\/imgalta\/97\/w4\/w9\/97w4w9q14dizg4u76vxrzhn59.jpg\"> <\/div>\n<p> <\/a> <\/div>\n<p class=\"\">Em outubro de 2016, ao ser preso preventivamente em decorr\u00eancia da <a href=\"https:\/\/ultimosegundo.ig.com.br\/politica\/2022-12-19\/lewandowski-tranca-acao-lava-jato-alckmin.html\" data-mce-href=\"https:\/\/ultimosegundo.ig.com.br\/politica\/2022-12-19\/lewandowski-tranca-acao-lava-jato-alckmin.html\">Opera\u00e7\u00e3o Lava Jato<\/a> , o Minist\u00e9rio P\u00fablico Federal pediu a apreens\u00e3o de oito ve\u00edculos do ent\u00e3o deputado, pela segunda vez. \u00c0 \u00e9poca, os <strong>bens<\/strong> somavam mais de R$ 1 milh\u00e3o.<\/p>\n<p>Entre os modelos, alguns s\u00e3o da marca <strong>Porsche<\/strong> , avaliados em mais de R$ 300 mil cada. O <a href=\"https:\/\/ultimosegundo.ig.com.br\/2023-01-25\/pl-acusa-sergio-moro-pl-de-desviar-de-dinheiro-de-campanha.html\" data-mce-href=\"https:\/\/ultimosegundo.ig.com.br\/2023-01-25\/pl-acusa-sergio-moro-pl-de-desviar-de-dinheiro-de-campanha.html\">juiz Sergio Moro<\/a> , por\u00e9m, determinou que os carros ficassem somente bloqueados, ou seja, dessa forma n\u00e3o poderiam ser vendidos, mas continuariam sob posse da fam\u00edlia Cunha.<\/p>\n<p>Os procuradores justificaram o pedido de apreens\u00e3o dos carros dizendo que poderiam ser &#8220;produtos de crime&#8221;.<\/p>\n<div>\n<aside class=\"leiaTambem-container\">\n<h3>Leia tamb\u00e9m<\/h3>\n<ul>\n<li> <a href=\"https:\/\/ultimosegundo.ig.com.br\/politica\/2023-02-01\/eduardo-cunha-congresso.html\" title=\"Cunha volta \u00e0 C\u00e2mara e assiste \u00e0 posse da filha\" target=\"_self\" rel=\"noopener\">Cunha volta \u00e0 C\u00e2mara e assiste \u00e0 posse da filha<\/a> <\/li>\n<li> <a href=\"https:\/\/ultimosegundo.ig.com.br\/politica\/2023-01-05\/zeca-dirceu-lider-camara.html\" title=\"Zeca Dirceu fecha acordo e ser\u00e1 l\u00edder do PT na C\u00e2mara\" target=\"_self\" rel=\"noopener\">Zeca Dirceu fecha acordo e ser\u00e1 l\u00edder do PT na C\u00e2mara<\/a> <\/li>\n<li> <a href=\"https:\/\/ultimosegundo.ig.com.br\/politica\/2022-09-14\/candidatura-eduardo-cunha-aprovada-tse.html\" title=\"Candidatura de Eduardo Cunha \u00e9 aprovada pelo TRE-SP\" target=\"_self\" rel=\"noopener\">Candidatura de Eduardo Cunha \u00e9 aprovada pelo TRE-SP<\/a> <\/li>\n<\/ul>\n<\/aside>\n<\/div>\n<p>&#8220;Vale frisar que, embora <a href=\"https:\/\/ultimosegundo.ig.com.br\/politica\/2022-09-14\/candidatura-eduardo-cunha-aprovada-tse.html\" data-mce-href=\"https:\/\/ultimosegundo.ig.com.br\/politica\/2022-09-14\/candidatura-eduardo-cunha-aprovada-tse.html\"> Eduardo Cunha<\/a> j\u00e1 tenha sido objeto de busca e apreens\u00e3o por ordem do Supremo Tribunal Federal, a repeti\u00e7\u00e3o da dilig\u00eancia \u00e9 pertinente, tendo em conta que o elemento &#8216;surpresa&#8217; da segunda busca e apreens\u00e3o pode torn\u00e1-la mais efetiva&#8221;,\u00a0afirmou o documento.<\/p>\n<p>&#8220;Al\u00e9m disso, no presente momento, a medida visa arrecadar dinheiro em esp\u00e9cie e poss\u00edveis objetos adquiridos com produto do crime, como autom\u00f3veis, joias, artigos de luxo.&#8221;<\/p>\n<p>Em junho do mesmo ano, Cunha teve os bens bloqueados dentro de a\u00e7\u00e3o de improbidade apresentada pela Lava Jato.<\/p>\n<p>Entre no\u00a0 <strong> <a href=\"https:\/\/t.me\/iGUltimoSegundo\" data-mce-href=\"https:\/\/t.me\/iGUltimoSegundo\">canal do \u00daltimo Segundo no\u00a0Telegram<\/a> <\/strong> e veja as principais not\u00edcias do dia no Brasil e no Mundo. \u00a0Siga tamb\u00e9m o\u00a0 <a href=\"https:\/\/t.me\/portalig\" data-mce-href=\"https:\/\/t.me\/portalig\">perfil geral do Portal iG.<\/a> <\/p>\n<p id=\"infocoweb_fonte\" class=\"infocoweb_fonte\">Fonte: <a target=\"_blank\" href=\"http:\/\/ultimosegundo.ig.com.br\/politica\/2023-03-10\/eduardo-cunha-carros-luxo-justica.html#2ebe02ce-ef2a-4826-a483-ea96d475ae98\" rel=\"noopener\">IG Pol\u00edtica<\/a><\/p>\n","protected":false},"excerpt":{"rendered":"<p>Ag\u00eancia Brasil Ex-deputado federal Eduardo Cunha Segundo decis\u00e3o do\u00a0novo juiz da Lava Jato Eduardo Appio, da 13.\u00aa Vara Federal Criminal de Curitiba, o\u00a0 ex-presidente da C\u00e2mara Eduardo Cunha vai precisar entregar seis carros de luxo \u00e0 Justi\u00e7a. Cunha teve o mandato cassado e foi preso h\u00e1 sete anos em decorr\u00eancia da Opera\u00e7\u00e3o\u00a0Lava Jato . A [&hellip;]<\/p>\n","protected":false},"author":5,"featured_media":22708,"comment_status":"open","ping_status":"open","sticky":false,"template":"","format":"standard","meta":{"_acf_changed":false,"_angie_page":false,"_monsterinsights_skip_tracking":false,"_themeisle_gutenberg_block_has_review":false,"page_builder":"","footnotes":"","jetpack_publicize_message":"","jetpack_publicize_feature_enabled":true,"jetpack_social_post_already_shared":false,"jetpack_social_options":{"image_generator_settings":{"template":"highway","default_image_id":0,"font":"","enabled":false},"version":2}},"categories":[2],"tags":[690,4238,3938,874,1513],"class_list":["post-22707","post","type-post","status-publish","format-standard","has-post-thumbnail","hentry","category-politica","tag-carros","tag-cunha","tag-devolver","tag-eduardo","tag-justi"],"acf":[],"nelio_content":{"autoShareEndMode":"never","automationSources":{"useCustomSentences":false,"customSentences":[]},"efiAlt":"","efiUrl":"","followers":[],"highlights":[],"isAutoShareEnabled":true,"networkImageIds":[],"permalinkQueryArgs":[],"series":[],"suggestedReferences":[]},"yoast_head":"<!-- This site is optimized with the Yoast SEO plugin v28.3 - https:\/\/yoast.com\/product\/yoast-seo-wordpress\/ -->\n<title>Eduardo Cunha ter\u00e1 que devolver seis carros de luxo \u00e0 Justi\u00e7a<\/title>\n<meta name=\"description\" content=\"Eduardo Cunha ter\u00e1 que devolver seis carros de luxo \u00e0 Justi\u00e7a\" \/>\n<meta name=\"robots\" content=\"index, follow, max-snippet:-1, max-image-preview:large, max-video-preview:-1\" \/>\n<link rel=\"canonical\" href=\"https:\/\/www.fatosefotosnews.com.br\/?p=22707\" \/>\n<meta property=\"og:locale\" content=\"pt_BR\" \/>\n<meta property=\"og:type\" content=\"article\" \/>\n<meta property=\"og:title\" content=\"Eduardo Cunha ter\u00e1 que devolver seis carros de luxo \u00e0 Justi\u00e7a\" \/>\n<meta property=\"og:description\" content=\"Eduardo Cunha ter\u00e1 que devolver seis carros de luxo \u00e0 Justi\u00e7a\" \/>\n<meta property=\"og:url\" content=\"https:\/\/www.fatosefotosnews.com.br\/?p=22707\" \/>\n<meta property=\"og:site_name\" content=\"Fatos e Fotos News\" \/>\n<meta property=\"article:published_time\" content=\"2023-03-10T18:16:27+00:00\" \/>\n<meta property=\"og:image\" content=\"https:\/\/www.fatosefotosnews.com.br\/wp-content\/uploads\/2023\/03\/4a747ddf11754d2d7c2fd0b1ff600609.jpeg\" \/>\n\t<meta property=\"og:image:width\" content=\"1024\" \/>\n\t<meta property=\"og:image:height\" content=\"575\" \/>\n\t<meta property=\"og:image:type\" content=\"image\/jpeg\" \/>\n<meta name=\"author\" content=\"Da Reda\u00e7\u00e3o\" \/>\n<meta name=\"twitter:card\" content=\"summary_large_image\" \/>\n<meta name=\"twitter:label1\" content=\"Escrito por\" \/>\n\t<meta name=\"twitter:data1\" content=\"Da Reda\u00e7\u00e3o\" \/>\n\t<meta name=\"twitter:label2\" content=\"Est. tempo de leitura\" \/>\n\t<meta name=\"twitter:data2\" content=\"99 minutos\" \/>\n<script type=\"application\/ld+json\" class=\"yoast-schema-graph\">{\"@context\":\"https:\\\/\\\/schema.org\",\"@graph\":[{\"@type\":\"Article\",\"@id\":\"https:\\\/\\\/www.fatosefotosnews.com.br\\\/?p=22707#article\",\"isPartOf\":{\"@id\":\"https:\\\/\\\/www.fatosefotosnews.com.br\\\/?p=22707\"},\"author\":{\"name\":\"Da Reda\u00e7\u00e3o\",\"@id\":\"https:\\\/\\\/www.fatosefotosnews.com.br\\\/#\\\/schema\\\/person\\\/3b80f81d08670fb1f6690e07eb8b5dc6\"},\"headline\":\"Eduardo Cunha ter\u00e1 que devolver seis carros de luxo \u00e0 Justi\u00e7a\",\"datePublished\":\"2023-03-10T18:16:27+00:00\",\"mainEntityOfPage\":{\"@id\":\"https:\\\/\\\/www.fatosefotosnews.com.br\\\/?p=22707\"},\"wordCount\":453,\"commentCount\":0,\"publisher\":{\"@id\":\"https:\\\/\\\/www.fatosefotosnews.com.br\\\/#organization\"},\"image\":{\"@id\":\"https:\\\/\\\/www.fatosefotosnews.com.br\\\/?p=22707#primaryimage\"},\"thumbnailUrl\":\"https:\\\/\\\/www.fatosefotosnews.com.br\\\/wp-content\\\/uploads\\\/2023\\\/03\\\/4a747ddf11754d2d7c2fd0b1ff600609.jpeg\",\"keywords\":[\"carros\",\"cunha\",\"devolver\",\"eduardo\",\"justi\"],\"articleSection\":[\"Pol\u00edtica\"],\"inLanguage\":\"pt-BR\",\"potentialAction\":[{\"@type\":\"CommentAction\",\"name\":\"Comment\",\"target\":[\"https:\\\/\\\/www.fatosefotosnews.com.br\\\/?p=22707#respond\"]}]},{\"@type\":\"WebPage\",\"@id\":\"https:\\\/\\\/www.fatosefotosnews.com.br\\\/?p=22707\",\"url\":\"https:\\\/\\\/www.fatosefotosnews.com.br\\\/?p=22707\",\"name\":\"Eduardo Cunha ter\u00e1 que devolver seis carros de luxo \u00e0 Justi\u00e7a\",\"isPartOf\":{\"@id\":\"https:\\\/\\\/www.fatosefotosnews.com.br\\\/#website\"},\"primaryImageOfPage\":{\"@id\":\"https:\\\/\\\/www.fatosefotosnews.com.br\\\/?p=22707#primaryimage\"},\"image\":{\"@id\":\"https:\\\/\\\/www.fatosefotosnews.com.br\\\/?p=22707#primaryimage\"},\"thumbnailUrl\":\"https:\\\/\\\/www.fatosefotosnews.com.br\\\/wp-content\\\/uploads\\\/2023\\\/03\\\/4a747ddf11754d2d7c2fd0b1ff600609.jpeg\",\"datePublished\":\"2023-03-10T18:16:27+00:00\",\"description\":\"Eduardo Cunha ter\u00e1 que devolver seis carros de luxo \u00e0 Justi\u00e7a\",\"breadcrumb\":{\"@id\":\"https:\\\/\\\/www.fatosefotosnews.com.br\\\/?p=22707#breadcrumb\"},\"inLanguage\":\"pt-BR\",\"potentialAction\":[{\"@type\":\"ReadAction\",\"target\":[\"https:\\\/\\\/www.fatosefotosnews.com.br\\\/?p=22707\"]}]},{\"@type\":\"ImageObject\",\"inLanguage\":\"pt-BR\",\"@id\":\"https:\\\/\\\/www.fatosefotosnews.com.br\\\/?p=22707#primaryimage\",\"url\":\"https:\\\/\\\/www.fatosefotosnews.com.br\\\/wp-content\\\/uploads\\\/2023\\\/03\\\/4a747ddf11754d2d7c2fd0b1ff600609.jpeg\",\"contentUrl\":\"https:\\\/\\\/www.fatosefotosnews.com.br\\\/wp-content\\\/uploads\\\/2023\\\/03\\\/4a747ddf11754d2d7c2fd0b1ff600609.jpeg\",\"width\":1024,\"height\":575},{\"@type\":\"BreadcrumbList\",\"@id\":\"https:\\\/\\\/www.fatosefotosnews.com.br\\\/?p=22707#breadcrumb\",\"itemListElement\":[{\"@type\":\"ListItem\",\"position\":1,\"name\":\"In\u00edcio\",\"item\":\"https:\\\/\\\/www.fatosefotosnews.com.br\\\/\"},{\"@type\":\"ListItem\",\"position\":2,\"name\":\"Eduardo Cunha ter\u00e1 que devolver seis carros de luxo \u00e0 Justi\u00e7a\"}]},{\"@type\":\"WebSite\",\"@id\":\"https:\\\/\\\/www.fatosefotosnews.com.br\\\/#website\",\"url\":\"https:\\\/\\\/www.fatosefotosnews.com.br\\\/\",\"name\":\"Fatos e Fotos News\",\"description\":\"Um site de noticial verdadeira e confi\u00e1veis.\",\"publisher\":{\"@id\":\"https:\\\/\\\/www.fatosefotosnews.com.br\\\/#organization\"},\"potentialAction\":[{\"@type\":\"SearchAction\",\"target\":{\"@type\":\"EntryPoint\",\"urlTemplate\":\"https:\\\/\\\/www.fatosefotosnews.com.br\\\/?s={search_term_string}\"},\"query-input\":{\"@type\":\"PropertyValueSpecification\",\"valueRequired\":true,\"valueName\":\"search_term_string\"}}],\"inLanguage\":\"pt-BR\"},{\"@type\":\"Organization\",\"@id\":\"https:\\\/\\\/www.fatosefotosnews.com.br\\\/#organization\",\"name\":\"Fatos e Fotos News\",\"url\":\"https:\\\/\\\/www.fatosefotosnews.com.br\\\/\",\"logo\":{\"@type\":\"ImageObject\",\"inLanguage\":\"pt-BR\",\"@id\":\"https:\\\/\\\/www.fatosefotosnews.com.br\\\/#\\\/schema\\\/logo\\\/image\\\/\",\"url\":\"https:\\\/\\\/www.fatosefotosnews.com.br\\\/wp-content\\\/uploads\\\/2023\\\/02\\\/Fatos-e-Fotos-news-logo.png\",\"contentUrl\":\"https:\\\/\\\/www.fatosefotosnews.com.br\\\/wp-content\\\/uploads\\\/2023\\\/02\\\/Fatos-e-Fotos-news-logo.png\",\"width\":300,\"height\":58,\"caption\":\"Fatos e Fotos News\"},\"image\":{\"@id\":\"https:\\\/\\\/www.fatosefotosnews.com.br\\\/#\\\/schema\\\/logo\\\/image\\\/\"}},{\"@type\":\"Person\",\"@id\":\"https:\\\/\\\/www.fatosefotosnews.com.br\\\/#\\\/schema\\\/person\\\/3b80f81d08670fb1f6690e07eb8b5dc6\",\"name\":\"Da Reda\u00e7\u00e3o\",\"image\":{\"@type\":\"ImageObject\",\"inLanguage\":\"pt-BR\",\"@id\":\"https:\\\/\\\/secure.gravatar.com\\\/avatar\\\/696d39935a657bf0fc95044dbc9f912520430a0eb6dd46c85dd97eb6483b249b?s=96&d=mm&r=g\",\"url\":\"https:\\\/\\\/secure.gravatar.com\\\/avatar\\\/696d39935a657bf0fc95044dbc9f912520430a0eb6dd46c85dd97eb6483b249b?s=96&d=mm&r=g\",\"contentUrl\":\"https:\\\/\\\/secure.gravatar.com\\\/avatar\\\/696d39935a657bf0fc95044dbc9f912520430a0eb6dd46c85dd97eb6483b249b?s=96&d=mm&r=g\",\"caption\":\"Da Reda\u00e7\u00e3o\"},\"url\":\"https:\\\/\\\/www.fatosefotosnews.com.br\\\/?author=5\"}]}<\/script>\n<!-- \/ Yoast SEO plugin. -->","yoast_head_json":{"title":"Eduardo Cunha ter\u00e1 que devolver seis carros de luxo \u00e0 Justi\u00e7a","description":"Eduardo Cunha ter\u00e1 que devolver seis carros de luxo \u00e0 Justi\u00e7a","robots":{"index":"index","follow":"follow","max-snippet":"max-snippet:-1","max-image-preview":"max-image-preview:large","max-video-preview":"max-video-preview:-1"},"canonical":"https:\/\/www.fatosefotosnews.com.br\/?p=22707","og_locale":"pt_BR","og_type":"article","og_title":"Eduardo Cunha ter\u00e1 que devolver seis carros de luxo \u00e0 Justi\u00e7a","og_description":"Eduardo Cunha ter\u00e1 que devolver seis carros de luxo \u00e0 Justi\u00e7a","og_url":"https:\/\/www.fatosefotosnews.com.br\/?p=22707","og_site_name":"Fatos e Fotos News","article_published_time":"2023-03-10T18:16:27+00:00","og_image":[{"width":1024,"height":575,"url":"https:\/\/www.fatosefotosnews.com.br\/wp-content\/uploads\/2023\/03\/4a747ddf11754d2d7c2fd0b1ff600609.jpeg","type":"image\/jpeg"}],"author":"Da Reda\u00e7\u00e3o","twitter_card":"summary_large_image","twitter_misc":{"Escrito por":"Da Reda\u00e7\u00e3o","Est. tempo de leitura":"99 minutos"},"schema":{"@context":"https:\/\/schema.org","@graph":[{"@type":"Article","@id":"https:\/\/www.fatosefotosnews.com.br\/?p=22707#article","isPartOf":{"@id":"https:\/\/www.fatosefotosnews.com.br\/?p=22707"},"author":{"name":"Da Reda\u00e7\u00e3o","@id":"https:\/\/www.fatosefotosnews.com.br\/#\/schema\/person\/3b80f81d08670fb1f6690e07eb8b5dc6"},"headline":"Eduardo Cunha ter\u00e1 que devolver seis carros de luxo \u00e0 Justi\u00e7a","datePublished":"2023-03-10T18:16:27+00:00","mainEntityOfPage":{"@id":"https:\/\/www.fatosefotosnews.com.br\/?p=22707"},"wordCount":453,"commentCount":0,"publisher":{"@id":"https:\/\/www.fatosefotosnews.com.br\/#organization"},"image":{"@id":"https:\/\/www.fatosefotosnews.com.br\/?p=22707#primaryimage"},"thumbnailUrl":"https:\/\/www.fatosefotosnews.com.br\/wp-content\/uploads\/2023\/03\/4a747ddf11754d2d7c2fd0b1ff600609.jpeg","keywords":["carros","cunha","devolver","eduardo","justi"],"articleSection":["Pol\u00edtica"],"inLanguage":"pt-BR","potentialAction":[{"@type":"CommentAction","name":"Comment","target":["https:\/\/www.fatosefotosnews.com.br\/?p=22707#respond"]}]},{"@type":"WebPage","@id":"https:\/\/www.fatosefotosnews.com.br\/?p=22707","url":"https:\/\/www.fatosefotosnews.com.br\/?p=22707","name":"Eduardo Cunha ter\u00e1 que devolver seis carros de luxo \u00e0 Justi\u00e7a","isPartOf":{"@id":"https:\/\/www.fatosefotosnews.com.br\/#website"},"primaryImageOfPage":{"@id":"https:\/\/www.fatosefotosnews.com.br\/?p=22707#primaryimage"},"image":{"@id":"https:\/\/www.fatosefotosnews.com.br\/?p=22707#primaryimage"},"thumbnailUrl":"https:\/\/www.fatosefotosnews.com.br\/wp-content\/uploads\/2023\/03\/4a747ddf11754d2d7c2fd0b1ff600609.jpeg","datePublished":"2023-03-10T18:16:27+00:00","description":"Eduardo Cunha ter\u00e1 que devolver seis carros de luxo \u00e0 Justi\u00e7a","breadcrumb":{"@id":"https:\/\/www.fatosefotosnews.com.br\/?p=22707#breadcrumb"},"inLanguage":"pt-BR","potentialAction":[{"@type":"ReadAction","target":["https:\/\/www.fatosefotosnews.com.br\/?p=22707"]}]},{"@type":"ImageObject","inLanguage":"pt-BR","@id":"https:\/\/www.fatosefotosnews.com.br\/?p=22707#primaryimage","url":"https:\/\/www.fatosefotosnews.com.br\/wp-content\/uploads\/2023\/03\/4a747ddf11754d2d7c2fd0b1ff600609.jpeg","contentUrl":"https:\/\/www.fatosefotosnews.com.br\/wp-content\/uploads\/2023\/03\/4a747ddf11754d2d7c2fd0b1ff600609.jpeg","width":1024,"height":575},{"@type":"BreadcrumbList","@id":"https:\/\/www.fatosefotosnews.com.br\/?p=22707#breadcrumb","itemListElement":[{"@type":"ListItem","position":1,"name":"In\u00edcio","item":"https:\/\/www.fatosefotosnews.com.br\/"},{"@type":"ListItem","position":2,"name":"Eduardo Cunha ter\u00e1 que devolver seis carros de luxo \u00e0 Justi\u00e7a"}]},{"@type":"WebSite","@id":"https:\/\/www.fatosefotosnews.com.br\/#website","url":"https:\/\/www.fatosefotosnews.com.br\/","name":"Fatos e Fotos News","description":"Um site de noticial verdadeira e confi\u00e1veis.","publisher":{"@id":"https:\/\/www.fatosefotosnews.com.br\/#organization"},"potentialAction":[{"@type":"SearchAction","target":{"@type":"EntryPoint","urlTemplate":"https:\/\/www.fatosefotosnews.com.br\/?s={search_term_string}"},"query-input":{"@type":"PropertyValueSpecification","valueRequired":true,"valueName":"search_term_string"}}],"inLanguage":"pt-BR"},{"@type":"Organization","@id":"https:\/\/www.fatosefotosnews.com.br\/#organization","name":"Fatos e Fotos News","url":"https:\/\/www.fatosefotosnews.com.br\/","logo":{"@type":"ImageObject","inLanguage":"pt-BR","@id":"https:\/\/www.fatosefotosnews.com.br\/#\/schema\/logo\/image\/","url":"https:\/\/www.fatosefotosnews.com.br\/wp-content\/uploads\/2023\/02\/Fatos-e-Fotos-news-logo.png","contentUrl":"https:\/\/www.fatosefotosnews.com.br\/wp-content\/uploads\/2023\/02\/Fatos-e-Fotos-news-logo.png","width":300,"height":58,"caption":"Fatos e Fotos News"},"image":{"@id":"https:\/\/www.fatosefotosnews.com.br\/#\/schema\/logo\/image\/"}},{"@type":"Person","@id":"https:\/\/www.fatosefotosnews.com.br\/#\/schema\/person\/3b80f81d08670fb1f6690e07eb8b5dc6","name":"Da Reda\u00e7\u00e3o","image":{"@type":"ImageObject","inLanguage":"pt-BR","@id":"https:\/\/secure.gravatar.com\/avatar\/696d39935a657bf0fc95044dbc9f912520430a0eb6dd46c85dd97eb6483b249b?s=96&d=mm&r=g","url":"https:\/\/secure.gravatar.com\/avatar\/696d39935a657bf0fc95044dbc9f912520430a0eb6dd46c85dd97eb6483b249b?s=96&d=mm&r=g","contentUrl":"https:\/\/secure.gravatar.com\/avatar\/696d39935a657bf0fc95044dbc9f912520430a0eb6dd46c85dd97eb6483b249b?s=96&d=mm&r=g","caption":"Da Reda\u00e7\u00e3o"},"url":"https:\/\/www.fatosefotosnews.com.br\/?author=5"}]}},"jetpack_publicize_connections":[],"blog_post_layout_featured_media_urls":{"thumbnail":["https:\/\/www.fatosefotosnews.com.br\/wp-content\/uploads\/2023\/03\/4a747ddf11754d2d7c2fd0b1ff600609-150x150.jpeg",150,150,true],"full":["https:\/\/www.fatosefotosnews.com.br\/wp-content\/uploads\/2023\/03\/4a747ddf11754d2d7c2fd0b1ff600609.jpeg",1024,575,false]},"categories_names":{"2":{"name":"Pol\u00edtica","link":"https:\/\/www.fatosefotosnews.com.br\/?cat=2"}},"tags_names":{"690":{"name":"carros","link":"https:\/\/www.fatosefotosnews.com.br\/?tag=carros"},"4238":{"name":"cunha","link":"https:\/\/www.fatosefotosnews.com.br\/?tag=cunha"},"3938":{"name":"devolver","link":"https:\/\/www.fatosefotosnews.com.br\/?tag=devolver"},"874":{"name":"eduardo","link":"https:\/\/www.fatosefotosnews.com.br\/?tag=eduardo"},"1513":{"name":"justi","link":"https:\/\/www.fatosefotosnews.com.br\/?tag=justi"}},"comments_number":"0","wpmagazine_modules_lite_featured_media_urls":{"thumbnail":["https:\/\/www.fatosefotosnews.com.br\/wp-content\/uploads\/2023\/03\/4a747ddf11754d2d7c2fd0b1ff600609-150x150.jpeg",150,150,true],"cvmm-medium":["https:\/\/www.fatosefotosnews.com.br\/wp-content\/uploads\/2023\/03\/4a747ddf11754d2d7c2fd0b1ff600609-300x300.jpeg",300,300,true],"cvmm-medium-plus":["https:\/\/www.fatosefotosnews.com.br\/wp-content\/uploads\/2023\/03\/4a747ddf11754d2d7c2fd0b1ff600609-305x207.jpeg",305,207,true],"cvmm-portrait":["https:\/\/www.fatosefotosnews.com.br\/wp-content\/uploads\/2023\/03\/4a747ddf11754d2d7c2fd0b1ff600609-400x575.jpeg",400,575,true],"cvmm-medium-square":["https:\/\/www.fatosefotosnews.com.br\/wp-content\/uploads\/2023\/03\/4a747ddf11754d2d7c2fd0b1ff600609-600x575.jpeg",600,575,true],"cvmm-large":["https:\/\/www.fatosefotosnews.com.br\/wp-content\/uploads\/2023\/03\/4a747ddf11754d2d7c2fd0b1ff600609.jpeg",1024,575,false],"cvmm-small":["https:\/\/www.fatosefotosnews.com.br\/wp-content\/uploads\/2023\/03\/4a747ddf11754d2d7c2fd0b1ff600609-130x95.jpeg",130,95,true],"full":["https:\/\/www.fatosefotosnews.com.br\/wp-content\/uploads\/2023\/03\/4a747ddf11754d2d7c2fd0b1ff600609.jpeg",1024,575,false]},"_links":{"self":[{"href":"https:\/\/www.fatosefotosnews.com.br\/index.php?rest_route=\/wp\/v2\/posts\/22707","targetHints":{"allow":["GET"]}}],"collection":[{"href":"https:\/\/www.fatosefotosnews.com.br\/index.php?rest_route=\/wp\/v2\/posts"}],"about":[{"href":"https:\/\/www.fatosefotosnews.com.br\/index.php?rest_route=\/wp\/v2\/types\/post"}],"author":[{"embeddable":true,"href":"https:\/\/www.fatosefotosnews.com.br\/index.php?rest_route=\/wp\/v2\/users\/5"}],"replies":[{"embeddable":true,"href":"https:\/\/www.fatosefotosnews.com.br\/index.php?rest_route=%2Fwp%2Fv2%2Fcomments&post=22707"}],"version-history":[{"count":0,"href":"https:\/\/www.fatosefotosnews.com.br\/index.php?rest_route=\/wp\/v2\/posts\/22707\/revisions"}],"wp:featuredmedia":[{"embeddable":true,"href":"https:\/\/www.fatosefotosnews.com.br\/index.php?rest_route=\/wp\/v2\/media\/22708"}],"wp:attachment":[{"href":"https:\/\/www.fatosefotosnews.com.br\/index.php?rest_route=%2Fwp%2Fv2%2Fmedia&parent=22707"}],"wp:term":[{"taxonomy":"category","embeddable":true,"href":"https:\/\/www.fatosefotosnews.com.br\/index.php?rest_route=%2Fwp%2Fv2%2Fcategories&post=22707"},{"taxonomy":"post_tag","embeddable":true,"href":"https:\/\/www.fatosefotosnews.com.br\/index.php?rest_route=%2Fwp%2Fv2%2Ftags&post=22707"}],"curies":[{"name":"wp","href":"https:\/\/api.w.org\/{rel}","templated":true}]}}